{"id":64517,"date":"2021-09-01T03:52:28","date_gmt":"2021-09-01T08:52:28","guid":{"rendered":"https:\/\/akunq.net\/tr\/?p=64517"},"modified":"2021-09-01T03:52:28","modified_gmt":"2021-09-01T08:52:28","slug":"cezaevinde-kurtce-sarki-soylemek-suc-sayildi-aralarinda-leyla-guvenin-de-bulundugu-kadin-tutuklular-hakkinda-sorusturma-baslatildi","status":"publish","type":"post","link":"https:\/\/akunq.net\/tr\/?p=64517","title":{"rendered":"Cezaevinde K\u00fcrt\u00e7e \u015fark\u0131 s\u00f6ylemek su\u00e7 say\u0131ld\u0131: Aralar\u0131nda Leyla G\u00fcven\u2019in de bulundu\u011fu kad\u0131n tutuklular hakk\u0131nda soru\u015fturma ba\u015flat\u0131ld\u0131"},"content":{"rendered":"<p><img loading=\"lazy\" decoding=\"async\" class=\"aligncenter size-medium wp-image-64518\" src=\"https:\/\/akunq.net\/tr\/wp-content\/uploads\/2021\/09\/Elaz\u0131\u011f-Cezaevi-360x242.jpg\" alt=\"\" width=\"360\" height=\"242\" srcset=\"https:\/\/akunq.net\/tr\/wp-content\/uploads\/sites\/6\/2021\/09\/Elaz\u0131\u011f-Cezaevi-360x242.jpg 360w, https:\/\/akunq.net\/tr\/wp-content\/uploads\/sites\/6\/2021\/09\/Elaz\u0131\u011f-Cezaevi-560x377.jpg 560w, https:\/\/akunq.net\/tr\/wp-content\/uploads\/sites\/6\/2021\/09\/Elaz\u0131\u011f-Cezaevi-260x175.jpg 260w, https:\/\/akunq.net\/tr\/wp-content\/uploads\/sites\/6\/2021\/09\/Elaz\u0131\u011f-Cezaevi-160x108.jpg 160w, https:\/\/akunq.net\/tr\/wp-content\/uploads\/sites\/6\/2021\/09\/Elaz\u0131\u011f-Cezaevi.jpg 750w\" sizes=\"auto, (max-width: 360px) 100vw, 360px\" \/><\/p>\n<p><em><strong>Elaz\u0131\u011f (Kharberd \/ Harput- &#8216;Akunq&#8217; web sitesi ) Cezaevi\u2019nde aralar\u0131nda Demokratik Toplum Kongresi E\u015fba\u015fkan\u0131 Leyla G\u00fcven\u2019in de bulundu\u011fu 9 kad\u0131n tutuklu hakk\u0131nda K\u00fcrt\u00e7e \u015fark\u0131 s\u00f6yledikleri gerek\u00e7esiyle soru\u015fturma ba\u015flat\u0131ld\u0131.<\/strong><\/em><\/p>\n<p><span id=\"more-241631\"><\/span>Cumhuriyet tarihinden beri K\u00fcrt\u00e7e \u00fczerinde uygulanan sans\u00fcr ve inkar politikalar\u0131 s\u00fcr\u00fcyor. Son olarak, Elaz\u0131\u011f Kad\u0131n Kapal\u0131 Cezaevi\u2019nde skandal bir karara imza at\u0131ld\u0131.<\/p>\n<p>Elaz\u0131\u011f Kad\u0131n Kapal\u0131 Cezaevi\u2019nde aralar\u0131nda Demokratik Toplum Kongresi (DTK) E\u015fba\u015fkan\u0131 Leyla G\u00fcven, Halklar\u0131n Demokratik Partisi (HDP) Diyarbak\u0131r \u0130l E\u015fba\u015fkan\u0131 H\u00fclya Al\u00f6kmen Uyan\u0131k ve Ezilenlerin Sosyalist Partisi (ESP) Genel Ba\u015fkan Yard\u0131mc\u0131s\u0131 Fethiye Ok \u00c7i\u00e7ek\u2019in de bulundu\u011fu 9 kad\u0131n tutuklu hakk\u0131nda disiplin soru\u015fturmas\u0131 ba\u015flat\u0131ld\u0131.<\/p>\n<p>Jinnews\u2019te yer alan habere g\u00f6re, Elaz\u0131\u011f Ceza \u0130nfaz M\u00fcd\u00fcrl\u00fc\u011f\u00fc taraf\u0131ndan 15 A\u011fustos g\u00fcn\u00fc yapt\u0131klar\u0131 etkinlik gerek\u00e7esiyle ba\u015flat\u0131lan soru\u015fturma kapsam\u0131nda haz\u0131rlanan tutanakta, kad\u0131n tutuklular\u0131n s\u00f6yledikleri K\u00fcrt\u00e7e \u015fark\u0131lar ve s\u00f6zler \u201canla\u015f\u0131lmayan bir dilde s\u00f6zl\u00fc halay \u00e7ektikleri\u201d, \u201canla\u015f\u0131lmayan dilde mar\u015f okuduklar\u0131\u201d \u015feklinde yaz\u0131ld\u0131.<\/p>\n<p><strong>Anla\u015f\u0131lmayan dil<\/strong><\/p>\n<p>Leyla G\u00fcven\u2019in kendilerine tebli\u011f edilen ve avukat\u0131 arac\u0131l\u0131\u011f\u0131yla iletti\u011fi 16 A\u011fustos 2021 tarihli tutanakta \u015fu ifadeler yer ald\u0131:<\/p>\n<blockquote><p>&#8220;H\u00fclya Al\u00f6kmen Uyan\u0131k, Beritan Anahtar, Emine Erkan, Nuray \u00c7elik, Dicle Bozan, Fethiye Ok \u00c7i\u00e7ek, Leyla G\u00fcven, Mihriban \u015eorli, Remziye Ya\u015far, Ceza \u0130nfaz Kurumumuzda 15.08.2021 tarihi saat 19,30\u2019da Sol \u00dcst D Bloktan gelen sesler \u00fczerine g\u00f6revli memurlar taraf\u0131ndan blok kap\u0131lar\u0131na gelindi\u011fi, ko\u011fu\u015fta bulunan h\u00fck\u00fcml\u00fc\/tutuklular\u0131n z\u0131lg\u0131t \u00e7ekerek anla\u015f\u0131lmayan bir dilde s\u00f6zl\u00fc halay \u00e7ektikleri, \u2018gerilla ve Apo\u2019 sloganlar\u0131 att\u0131klar\u0131, \u2018Yanar\u0131z alev alev, da\u011flar\u0131n kokusundan, bilmeyenler bilsin bizi, duymayanlar duysun bizi\u2019 s\u00f6zleriyle mar\u015f okuduklar\u0131n\u0131n tespit edildi\u011fi, saat 19.45\u2019te Kurum s\u0131ral\u0131 amirlerin bilgisi dahilinde Covid-19, g\u00fcvenlik ve asayi\u015f tedbirleri al\u0131narak Sa\u011f \u00dcst Blo\u011fa gidilerek s\u00f6zl\u00fc uyar\u0131da bulunuldu\u011fu ancak s\u00f6zl\u00fc ve davran\u0131\u015fsal eylemlerinin devam etmesi \u00fczerine Kurum M\u00fcd\u00fcr\u00fcn\u00fcn bilgilendirildi\u011fi, Kurum M\u00fcd\u00fcr\u00fcn\u00fcn kuruma intikal etti\u011fi, sloganlar\u0131 ve z\u0131lg\u0131tlar\u0131n y\u00fckselerek devam etmesi, Alt Sa\u011f Blok tekli odalar\u0131n (B-15,B-14, B-13,B-11,B-10) da olaylara dahil olmas\u0131 \u00fczerine saat 19.59\u2019da Kurum M\u00fcd\u00fcr\u00fc, Vardiya Sorumlusu Ba\u015fmemuru ve g\u00f6revli \u0130nfaz Koruma memurlar\u0131 ile birlikte Sol \u00dcst D Blo\u011fa girildi\u011fi ve odada bulunan t\u00fcm h\u00fck\u00fcml\u00fc\/tutuklular\u0131n g\u00fcr\u00fclt\u00fcl\u00fc bir \u015fekilde halay \u00e7ektikleri ve anla\u015f\u0131lmayan bir dilde mar\u015f okuduklar\u0131n\u0131n g\u00f6r\u00fcld\u00fc\u011f\u00fc belirtilerek iddialar\u0131n tespiti i\u00e7in hakk\u0131n\u0131zda disiplin soru\u015fturmas\u0131 ba\u015flat\u0131lm\u0131\u015ft\u0131r. Bu husustaki savunmalar\u0131n\u0131z\u0131 tebli\u011f tarihinden 3 g\u00fcn i\u00e7inde nedenleriyle birlikte yaz\u0131l\u0131 veya s\u00f6zl\u00fc vermeniz gerekmektedir. Belirtilen s\u00fcre i\u00e7inde savunman\u0131z\u0131 vermedi\u011finiz takdirde bu hakk\u0131n\u0131zdan vazge\u00e7mi\u015f say\u0131laca\u011f\u0131n\u0131z hususu tebli\u011f olunur.&#8221;<\/p>\n<p><em><strong>https:\/\/gazetekarinca.com\/2021\/08\/cezaevinde-skandal-karar-kurtceye-anlasilmayan-dil-denildi-aralarinda-leyla-guvenin-de-bulundugu-tutuklular-hakkinda-sorusturma-baslattildi\/\u00a0<\/strong><\/em><\/p><\/blockquote>\n","protected":false},"excerpt":{"rendered":"<p>Elaz\u0131\u011f (Kharberd \/ Harput- &#8216;Akunq&#8217; web sitesi ) Cezaevi\u2019nde aralar\u0131nda Demokratik Toplum Kongresi E\u015fba\u015fkan\u0131 Leyla G\u00fcven\u2019in de bulundu\u011fu 9 kad\u0131n tutuklu hakk\u0131nda K\u00fcrt\u00e7e \u015fark\u0131 s\u00f6yledikleri gerek\u00e7esiyle soru\u015fturma ba\u015flat\u0131ld\u0131. Cumhuriyet tarihinden beri K\u00fcrt\u00e7e \u00fczerinde uygulanan sans\u00fcr ve inkar politikalar\u0131 s\u00fcr\u00fcyor. Son olarak, Elaz\u0131\u011f Kad\u0131n Kapal\u0131 Cezaevi\u2019nde skandal bir karara imza at\u0131ld\u0131. Elaz\u0131\u011f Kad\u0131n Kapal\u0131 Cezaevi\u2019nde aralar\u0131nda [&hellip;]<\/p>\n","protected":false},"author":7,"featured_media":64518,"comment_status":"open","ping_status":"open","sticky":false,"template":"","format":"standard","meta":{"footnotes":""},"categories":[1,53],"tags":[],"class_list":["post-64517","post","type-post","status-publish","format-standard","has-post-thumbnail","hentry","category-haberler","category-turkiyede-azinliklar"],"yoast_head":"<!-- This site is optimized with the Yoast SEO plugin v27.4 - https:\/\/yoast.com\/product\/yoast-seo-wordpress\/ -->\n<title>Cezaevinde K\u00fcrt\u00e7e \u015fark\u0131 s\u00f6ylemek su\u00e7 say\u0131ld\u0131: Aralar\u0131nda Leyla G\u00fcven\u2019in de bulundu\u011fu kad\u0131n tutuklular hakk\u0131nda soru\u015fturma ba\u015flat\u0131ld\u0131 - Bati Ermenistan Ve Bati Ermenileri Sorunlari Ara\u015ftirmalar Merkezi<\/title>\n<meta name=\"robots\" content=\"index, follow, max-snippet:-1, max-image-preview:large, max-video-preview:-1\" \/>\n<link rel=\"canonical\" href=\"https:\/\/akunq.net\/tr\/?p=64517\" \/>\n<meta property=\"og:locale\" content=\"en_US\" \/>\n<meta property=\"og:type\" content=\"article\" \/>\n<meta property=\"og:title\" content=\"Cezaevinde K\u00fcrt\u00e7e \u015fark\u0131 s\u00f6ylemek su\u00e7 say\u0131ld\u0131: Aralar\u0131nda Leyla G\u00fcven\u2019in de bulundu\u011fu kad\u0131n tutuklular hakk\u0131nda soru\u015fturma ba\u015flat\u0131ld\u0131 - Bati Ermenistan Ve Bati Ermenileri Sorunlari Ara\u015ftirmalar Merkezi\" \/>\n<meta property=\"og:description\" content=\"Elaz\u0131\u011f (Kharberd \/ Harput- &#8216;Akunq&#8217; web sitesi ) Cezaevi\u2019nde aralar\u0131nda Demokratik Toplum Kongresi E\u015fba\u015fkan\u0131 Leyla G\u00fcven\u2019in de bulundu\u011fu 9 kad\u0131n tutuklu hakk\u0131nda K\u00fcrt\u00e7e \u015fark\u0131 s\u00f6yledikleri gerek\u00e7esiyle soru\u015fturma ba\u015flat\u0131ld\u0131. Cumhuriyet tarihinden beri K\u00fcrt\u00e7e \u00fczerinde uygulanan sans\u00fcr ve inkar politikalar\u0131 s\u00fcr\u00fcyor. Son olarak, Elaz\u0131\u011f Kad\u0131n Kapal\u0131 Cezaevi\u2019nde skandal bir karara imza at\u0131ld\u0131. Elaz\u0131\u011f Kad\u0131n Kapal\u0131 Cezaevi\u2019nde aralar\u0131nda [&hellip;]\" \/>\n<meta property=\"og:url\" content=\"https:\/\/akunq.net\/tr\/?p=64517\" \/>\n<meta property=\"og:site_name\" content=\"Bati Ermenistan Ve Bati Ermenileri Sorunlari Ara\u015ftirmalar Merkezi\" \/>\n<meta property=\"article:published_time\" content=\"2021-09-01T08:52:28+00:00\" \/>\n<meta property=\"og:image\" content=\"https:\/\/akunq.net\/tr\/wp-content\/uploads\/sites\/6\/2021\/09\/Elaz\u0131\u011f-Cezaevi.jpg\" \/>\n\t<meta property=\"og:image:width\" content=\"750\" \/>\n\t<meta property=\"og:image:height\" content=\"505\" \/>\n\t<meta property=\"og:image:type\" content=\"image\/jpeg\" \/>\n<meta name=\"author\" content=\"admin\" \/>\n<meta name=\"twitter:card\" content=\"summary_large_image\" \/>\n<meta name=\"twitter:label1\" content=\"Written by\" \/>\n\t<meta name=\"twitter:data1\" content=\"admin\" \/>\n\t<meta name=\"twitter:label2\" content=\"Est. reading time\" \/>\n\t<meta name=\"twitter:data2\" content=\"3 minutes\" \/>\n<script type=\"application\/ld+json\" class=\"yoast-schema-graph\">{\"@context\":\"https:\\\/\\\/schema.org\",\"@graph\":[{\"@type\":\"Article\",\"@id\":\"https:\\\/\\\/akunq.net\\\/tr\\\/?p=64517#article\",\"isPartOf\":{\"@id\":\"https:\\\/\\\/akunq.net\\\/tr\\\/?p=64517\"},\"author\":{\"name\":\"admin\",\"@id\":\"https:\\\/\\\/akunq.net\\\/tr\\\/#\\\/schema\\\/person\\\/096f1d38a12cce57fb855b485ed24c9e\"},\"headline\":\"Cezaevinde K\u00fcrt\u00e7e \u015fark\u0131 s\u00f6ylemek su\u00e7 say\u0131ld\u0131: Aralar\u0131nda Leyla G\u00fcven\u2019in de bulundu\u011fu kad\u0131n tutuklular hakk\u0131nda soru\u015fturma ba\u015flat\u0131ld\u0131\",\"datePublished\":\"2021-09-01T08:52:28+00:00\",\"mainEntityOfPage\":{\"@id\":\"https:\\\/\\\/akunq.net\\\/tr\\\/?p=64517\"},\"wordCount\":554,\"commentCount\":0,\"image\":{\"@id\":\"https:\\\/\\\/akunq.net\\\/tr\\\/?p=64517#primaryimage\"},\"thumbnailUrl\":\"https:\\\/\\\/akunq.net\\\/tr\\\/wp-content\\\/uploads\\\/sites\\\/6\\\/2021\\\/09\\\/Elaz\u0131\u011f-Cezaevi.jpg\",\"articleSection\":[\"Haberler\",\"T\u00fcrkiye\u2019de Az\u0131nl\u0131klar\"],\"inLanguage\":\"en-US\",\"potentialAction\":[{\"@type\":\"CommentAction\",\"name\":\"Comment\",\"target\":[\"https:\\\/\\\/akunq.net\\\/tr\\\/?p=64517#respond\"]}]},{\"@type\":\"WebPage\",\"@id\":\"https:\\\/\\\/akunq.net\\\/tr\\\/?p=64517\",\"url\":\"https:\\\/\\\/akunq.net\\\/tr\\\/?p=64517\",\"name\":\"Cezaevinde K\u00fcrt\u00e7e \u015fark\u0131 s\u00f6ylemek su\u00e7 say\u0131ld\u0131: Aralar\u0131nda Leyla G\u00fcven\u2019in de bulundu\u011fu kad\u0131n tutuklular hakk\u0131nda soru\u015fturma ba\u015flat\u0131ld\u0131 - Bati Ermenistan Ve Bati Ermenileri Sorunlari Ara\u015ftirmalar Merkezi\",\"isPartOf\":{\"@id\":\"https:\\\/\\\/akunq.net\\\/tr\\\/#website\"},\"primaryImageOfPage\":{\"@id\":\"https:\\\/\\\/akunq.net\\\/tr\\\/?p=64517#primaryimage\"},\"image\":{\"@id\":\"https:\\\/\\\/akunq.net\\\/tr\\\/?p=64517#primaryimage\"},\"thumbnailUrl\":\"https:\\\/\\\/akunq.net\\\/tr\\\/wp-content\\\/uploads\\\/sites\\\/6\\\/2021\\\/09\\\/Elaz\u0131\u011f-Cezaevi.jpg\",\"datePublished\":\"2021-09-01T08:52:28+00:00\",\"author\":{\"@id\":\"https:\\\/\\\/akunq.net\\\/tr\\\/#\\\/schema\\\/person\\\/096f1d38a12cce57fb855b485ed24c9e\"},\"breadcrumb\":{\"@id\":\"https:\\\/\\\/akunq.net\\\/tr\\\/?p=64517#breadcrumb\"},\"inLanguage\":\"en-US\",\"potentialAction\":[{\"@type\":\"ReadAction\",\"target\":[\"https:\\\/\\\/akunq.net\\\/tr\\\/?p=64517\"]}]},{\"@type\":\"ImageObject\",\"inLanguage\":\"en-US\",\"@id\":\"https:\\\/\\\/akunq.net\\\/tr\\\/?p=64517#primaryimage\",\"url\":\"https:\\\/\\\/akunq.net\\\/tr\\\/wp-content\\\/uploads\\\/sites\\\/6\\\/2021\\\/09\\\/Elaz\u0131\u011f-Cezaevi.jpg\",\"contentUrl\":\"https:\\\/\\\/akunq.net\\\/tr\\\/wp-content\\\/uploads\\\/sites\\\/6\\\/2021\\\/09\\\/Elaz\u0131\u011f-Cezaevi.jpg\",\"width\":750,\"height\":505},{\"@type\":\"BreadcrumbList\",\"@id\":\"https:\\\/\\\/akunq.net\\\/tr\\\/?p=64517#breadcrumb\",\"itemListElement\":[{\"@type\":\"ListItem\",\"position\":1,\"name\":\"Home\",\"item\":\"https:\\\/\\\/akunq.net\\\/tr\"},{\"@type\":\"ListItem\",\"position\":2,\"name\":\"Cezaevinde K\u00fcrt\u00e7e \u015fark\u0131 s\u00f6ylemek su\u00e7 say\u0131ld\u0131: Aralar\u0131nda Leyla G\u00fcven\u2019in de bulundu\u011fu kad\u0131n tutuklular hakk\u0131nda soru\u015fturma ba\u015flat\u0131ld\u0131\"}]},{\"@type\":\"WebSite\",\"@id\":\"https:\\\/\\\/akunq.net\\\/tr\\\/#website\",\"url\":\"https:\\\/\\\/akunq.net\\\/tr\\\/\",\"name\":\"Bati Ermenistan Ve Bati Ermenileri Sorunlari Ara\u015ftirmalar Merkezi\",\"description\":\"\",\"potentialAction\":[{\"@type\":\"SearchAction\",\"target\":{\"@type\":\"EntryPoint\",\"urlTemplate\":\"https:\\\/\\\/akunq.net\\\/tr\\\/?s={search_term_string}\"},\"query-input\":{\"@type\":\"PropertyValueSpecification\",\"valueRequired\":true,\"valueName\":\"search_term_string\"}}],\"inLanguage\":\"en-US\"},{\"@type\":\"Person\",\"@id\":\"https:\\\/\\\/akunq.net\\\/tr\\\/#\\\/schema\\\/person\\\/096f1d38a12cce57fb855b485ed24c9e\",\"name\":\"admin\",\"url\":\"https:\\\/\\\/akunq.net\\\/tr\\\/?author=7\"}]}<\/script>\n<!-- \/ Yoast SEO plugin. -->","yoast_head_json":{"title":"Cezaevinde K\u00fcrt\u00e7e \u015fark\u0131 s\u00f6ylemek su\u00e7 say\u0131ld\u0131: Aralar\u0131nda Leyla G\u00fcven\u2019in de bulundu\u011fu kad\u0131n tutuklular hakk\u0131nda soru\u015fturma ba\u015flat\u0131ld\u0131 - Bati Ermenistan Ve Bati Ermenileri Sorunlari Ara\u015ftirmalar Merkezi","robots":{"index":"index","follow":"follow","max-snippet":"max-snippet:-1","max-image-preview":"max-image-preview:large","max-video-preview":"max-video-preview:-1"},"canonical":"https:\/\/akunq.net\/tr\/?p=64517","og_locale":"en_US","og_type":"article","og_title":"Cezaevinde K\u00fcrt\u00e7e \u015fark\u0131 s\u00f6ylemek su\u00e7 say\u0131ld\u0131: Aralar\u0131nda Leyla G\u00fcven\u2019in de bulundu\u011fu kad\u0131n tutuklular hakk\u0131nda soru\u015fturma ba\u015flat\u0131ld\u0131 - Bati Ermenistan Ve Bati Ermenileri Sorunlari Ara\u015ftirmalar Merkezi","og_description":"Elaz\u0131\u011f (Kharberd \/ Harput- &#8216;Akunq&#8217; web sitesi ) Cezaevi\u2019nde aralar\u0131nda Demokratik Toplum Kongresi E\u015fba\u015fkan\u0131 Leyla G\u00fcven\u2019in de bulundu\u011fu 9 kad\u0131n tutuklu hakk\u0131nda K\u00fcrt\u00e7e \u015fark\u0131 s\u00f6yledikleri gerek\u00e7esiyle soru\u015fturma ba\u015flat\u0131ld\u0131. Cumhuriyet tarihinden beri K\u00fcrt\u00e7e \u00fczerinde uygulanan sans\u00fcr ve inkar politikalar\u0131 s\u00fcr\u00fcyor. Son olarak, Elaz\u0131\u011f Kad\u0131n Kapal\u0131 Cezaevi\u2019nde skandal bir karara imza at\u0131ld\u0131. Elaz\u0131\u011f Kad\u0131n Kapal\u0131 Cezaevi\u2019nde aralar\u0131nda [&hellip;]","og_url":"https:\/\/akunq.net\/tr\/?p=64517","og_site_name":"Bati Ermenistan Ve Bati Ermenileri Sorunlari Ara\u015ftirmalar Merkezi","article_published_time":"2021-09-01T08:52:28+00:00","og_image":[{"width":750,"height":505,"url":"https:\/\/akunq.net\/tr\/wp-content\/uploads\/sites\/6\/2021\/09\/Elaz\u0131\u011f-Cezaevi.jpg","type":"image\/jpeg"}],"author":"admin","twitter_card":"summary_large_image","twitter_misc":{"Written by":"admin","Est. reading time":"3 minutes"},"schema":{"@context":"https:\/\/schema.org","@graph":[{"@type":"Article","@id":"https:\/\/akunq.net\/tr\/?p=64517#article","isPartOf":{"@id":"https:\/\/akunq.net\/tr\/?p=64517"},"author":{"name":"admin","@id":"https:\/\/akunq.net\/tr\/#\/schema\/person\/096f1d38a12cce57fb855b485ed24c9e"},"headline":"Cezaevinde K\u00fcrt\u00e7e \u015fark\u0131 s\u00f6ylemek su\u00e7 say\u0131ld\u0131: Aralar\u0131nda Leyla G\u00fcven\u2019in de bulundu\u011fu kad\u0131n tutuklular hakk\u0131nda soru\u015fturma ba\u015flat\u0131ld\u0131","datePublished":"2021-09-01T08:52:28+00:00","mainEntityOfPage":{"@id":"https:\/\/akunq.net\/tr\/?p=64517"},"wordCount":554,"commentCount":0,"image":{"@id":"https:\/\/akunq.net\/tr\/?p=64517#primaryimage"},"thumbnailUrl":"https:\/\/akunq.net\/tr\/wp-content\/uploads\/sites\/6\/2021\/09\/Elaz\u0131\u011f-Cezaevi.jpg","articleSection":["Haberler","T\u00fcrkiye\u2019de Az\u0131nl\u0131klar"],"inLanguage":"en-US","potentialAction":[{"@type":"CommentAction","name":"Comment","target":["https:\/\/akunq.net\/tr\/?p=64517#respond"]}]},{"@type":"WebPage","@id":"https:\/\/akunq.net\/tr\/?p=64517","url":"https:\/\/akunq.net\/tr\/?p=64517","name":"Cezaevinde K\u00fcrt\u00e7e \u015fark\u0131 s\u00f6ylemek su\u00e7 say\u0131ld\u0131: Aralar\u0131nda Leyla G\u00fcven\u2019in de bulundu\u011fu kad\u0131n tutuklular hakk\u0131nda soru\u015fturma ba\u015flat\u0131ld\u0131 - Bati Ermenistan Ve Bati Ermenileri Sorunlari Ara\u015ftirmalar Merkezi","isPartOf":{"@id":"https:\/\/akunq.net\/tr\/#website"},"primaryImageOfPage":{"@id":"https:\/\/akunq.net\/tr\/?p=64517#primaryimage"},"image":{"@id":"https:\/\/akunq.net\/tr\/?p=64517#primaryimage"},"thumbnailUrl":"https:\/\/akunq.net\/tr\/wp-content\/uploads\/sites\/6\/2021\/09\/Elaz\u0131\u011f-Cezaevi.jpg","datePublished":"2021-09-01T08:52:28+00:00","author":{"@id":"https:\/\/akunq.net\/tr\/#\/schema\/person\/096f1d38a12cce57fb855b485ed24c9e"},"breadcrumb":{"@id":"https:\/\/akunq.net\/tr\/?p=64517#breadcrumb"},"inLanguage":"en-US","potentialAction":[{"@type":"ReadAction","target":["https:\/\/akunq.net\/tr\/?p=64517"]}]},{"@type":"ImageObject","inLanguage":"en-US","@id":"https:\/\/akunq.net\/tr\/?p=64517#primaryimage","url":"https:\/\/akunq.net\/tr\/wp-content\/uploads\/sites\/6\/2021\/09\/Elaz\u0131\u011f-Cezaevi.jpg","contentUrl":"https:\/\/akunq.net\/tr\/wp-content\/uploads\/sites\/6\/2021\/09\/Elaz\u0131\u011f-Cezaevi.jpg","width":750,"height":505},{"@type":"BreadcrumbList","@id":"https:\/\/akunq.net\/tr\/?p=64517#breadcrumb","itemListElement":[{"@type":"ListItem","position":1,"name":"Home","item":"https:\/\/akunq.net\/tr"},{"@type":"ListItem","position":2,"name":"Cezaevinde K\u00fcrt\u00e7e \u015fark\u0131 s\u00f6ylemek su\u00e7 say\u0131ld\u0131: Aralar\u0131nda Leyla G\u00fcven\u2019in de bulundu\u011fu kad\u0131n tutuklular hakk\u0131nda soru\u015fturma ba\u015flat\u0131ld\u0131"}]},{"@type":"WebSite","@id":"https:\/\/akunq.net\/tr\/#website","url":"https:\/\/akunq.net\/tr\/","name":"Bati Ermenistan Ve Bati Ermenileri Sorunlari Ara\u015ftirmalar Merkezi","description":"","potentialAction":[{"@type":"SearchAction","target":{"@type":"EntryPoint","urlTemplate":"https:\/\/akunq.net\/tr\/?s={search_term_string}"},"query-input":{"@type":"PropertyValueSpecification","valueRequired":true,"valueName":"search_term_string"}}],"inLanguage":"en-US"},{"@type":"Person","@id":"https:\/\/akunq.net\/tr\/#\/schema\/person\/096f1d38a12cce57fb855b485ed24c9e","name":"admin","url":"https:\/\/akunq.net\/tr\/?author=7"}]}},"_links":{"self":[{"href":"https:\/\/akunq.net\/tr\/index.php?rest_route=\/wp\/v2\/posts\/64517","targetHints":{"allow":["GET"]}}],"collection":[{"href":"https:\/\/akunq.net\/tr\/index.php?rest_route=\/wp\/v2\/posts"}],"about":[{"href":"https:\/\/akunq.net\/tr\/index.php?rest_route=\/wp\/v2\/types\/post"}],"author":[{"embeddable":true,"href":"https:\/\/akunq.net\/tr\/index.php?rest_route=\/wp\/v2\/users\/7"}],"replies":[{"embeddable":true,"href":"https:\/\/akunq.net\/tr\/index.php?rest_route=%2Fwp%2Fv2%2Fcomments&post=64517"}],"version-history":[{"count":1,"href":"https:\/\/akunq.net\/tr\/index.php?rest_route=\/wp\/v2\/posts\/64517\/revisions"}],"predecessor-version":[{"id":64519,"href":"https:\/\/akunq.net\/tr\/index.php?rest_route=\/wp\/v2\/posts\/64517\/revisions\/64519"}],"wp:featuredmedia":[{"embeddable":true,"href":"https:\/\/akunq.net\/tr\/index.php?rest_route=\/wp\/v2\/media\/64518"}],"wp:attachment":[{"href":"https:\/\/akunq.net\/tr\/index.php?rest_route=%2Fwp%2Fv2%2Fmedia&parent=64517"}],"wp:term":[{"taxonomy":"category","embeddable":true,"href":"https:\/\/akunq.net\/tr\/index.php?rest_route=%2Fwp%2Fv2%2Fcategories&post=64517"},{"taxonomy":"post_tag","embeddable":true,"href":"https:\/\/akunq.net\/tr\/index.php?rest_route=%2Fwp%2Fv2%2Ftags&post=64517"}],"curies":[{"name":"wp","href":"https:\/\/api.w.org\/{rel}","templated":true}]}}