{"id":64508,"date":"2021-09-01T02:47:01","date_gmt":"2021-09-01T07:47:01","guid":{"rendered":"https:\/\/akunq.net\/tr\/?p=64508"},"modified":"2021-09-01T02:47:01","modified_gmt":"2021-09-01T07:47:01","slug":"uluslararasi-hrant-dink-odulleri-15-eylulde-dagitiliyor","status":"publish","type":"post","link":"https:\/\/akunq.net\/tr\/?p=64508","title":{"rendered":"Uluslararas\u0131 Hrant Dink \u00d6d\u00fclleri 15 Eyl\u00fcl&#8217;de da\u011f\u0131t\u0131l\u0131yor"},"content":{"rendered":"<p><img loading=\"lazy\" decoding=\"async\" class=\"aligncenter size-medium wp-image-64509\" src=\"https:\/\/akunq.net\/tr\/wp-content\/uploads\/2021\/09\/Hrant-Dink-360x172.jpg\" alt=\"\" width=\"360\" height=\"172\" srcset=\"https:\/\/akunq.net\/tr\/wp-content\/uploads\/sites\/6\/2021\/09\/Hrant-Dink-360x172.jpg 360w, https:\/\/akunq.net\/tr\/wp-content\/uploads\/sites\/6\/2021\/09\/Hrant-Dink-560x268.jpg 560w, https:\/\/akunq.net\/tr\/wp-content\/uploads\/sites\/6\/2021\/09\/Hrant-Dink-260x124.jpg 260w, https:\/\/akunq.net\/tr\/wp-content\/uploads\/sites\/6\/2021\/09\/Hrant-Dink-160x77.jpg 160w, https:\/\/akunq.net\/tr\/wp-content\/uploads\/sites\/6\/2021\/09\/Hrant-Dink.jpg 702w\" sizes=\"auto, (max-width: 360px) 100vw, 360px\" \/><\/p>\n<p><em><strong>Uluslararas\u0131 Hrant Dink \u00d6d\u00fcl\u00fc her y\u0131l oldu\u011fu gibi, bu y\u0131l da Hrant Dink\u2019in do\u011fum g\u00fcn\u00fc olan 15 Eyl\u00fcl\u2019de 13. kez verilecek. T\u00f6ren internetten yay\u0131nlanacak.<\/strong><\/em><\/p>\n<p>Ge\u00e7en y\u0131l pandemi nedeniyle sadece internet \u00fczerinden yay\u0131nlanan t\u00f6ren i\u00e7in bu y\u0131l da mevcut ko\u015fullar nedeniyle ayn\u0131 y\u00f6ntem izleniyor.<\/p>\n<p>\u00c7evrimi\u00e7i t\u00f6ren, Hrant Dink Vakf\u0131\u2019n\u0131n sosyal medya hesaplar\u0131nda (YouTube, Facebook, Twitter, Instagram) ve vakf\u0131n websitesinde yay\u0131nlanacak. \u00d6d\u00fcl sahipleri t\u00f6ren s\u0131ras\u0131nda a\u00e7\u0131klanacak.<\/p>\n<p>\u00d6d\u00fcl her y\u0131l, ayr\u0131mc\u0131l\u0131ktan, \u0131rk\u00e7\u0131l\u0131ktan, \u015fiddetten ar\u0131nm\u0131\u015f, daha \u00f6zg\u00fcr ve adil bir d\u00fcnya i\u00e7in \u00e7al\u0131\u015fan, bu idealler u\u011fruna bireysel risk alan, ezber bozan, bar\u0131\u015f\u0131n dilini kullanan ve bunlar\u0131 yaparken de insanlara m\u00fccadeleye devam etme yolunda ilham ve umut veren; T\u00fcrkiye ve T\u00fcrkiye d\u0131\u015f\u0131ndan olmak \u00fczere iki ki\u015fi, kurum ya da organizasyona\u00a0<a href=\"https:\/\/youtu.be\/Xsx53avWTM8\">veriliyor<\/a>.<\/p>\n<p>2021 y\u0131l\u0131nda insan haklar\u0131 alan\u0131nda yap\u0131lan \u00e7al\u0131\u015fmalara \u0131\u015f\u0131k tutan konu\u015fmalar\u0131n, m\u00fczik performanslar\u0131 ve \u00f6d\u00fcl sahiplerinin konu\u015fmalar\u0131n\u0131n yer alaca\u011f\u0131 \u00f6d\u00fcl t\u00f6reni, 15 Eyl\u00fcl 2021, \u00c7ar\u015famba ak\u015fam\u0131 saat 20:00\u2019da ba\u015flayacak.<\/p>\n<p>Ayn\u0131 zamanda, T\u00fcrkiye\u2019de ve d\u00fcnyan\u0131n d\u00f6rt bir yan\u0131nda y\u0131l boyunca, yapt\u0131klar\u0131yla insan haklar\u0131, cinsiyet\u00e7ilik kar\u015f\u0131 m\u00fccadele, \u0131rk\u00e7\u0131l\u0131k kar\u015f\u0131t\u0131 m\u00fccadele, iklim krizi gibi pek \u00e7ok konuda insana, insanl\u0131\u011fa \u2018\u0131\u015f\u0131k\u2019 tutan ki\u015fi ve kurumlar 2021 y\u0131l\u0131n\u0131n \u2018I\u015f\u0131klar\u2019\u0131 olarak tan\u0131t\u0131lacaklar.<\/p>\n<p>Geceye dair t\u00fcm detaylar vakf\u0131n, Facebook, Twitter ve Instagram hesaplar\u0131nda, #HrantDink\u00d6d\u00fcl\u00fc, #Umudu\u00c7o\u011falt, #Dayan\u0131\u015fmaG\u00fc\u00e7lendirir; #HrantDinkAward, #BuildHope, #StrongerTogether; #\u0540\u0580\u0561\u0576\u0564\u054f\u056b\u0576\u0584\u0544\u0580\u0581\u0561\u0576\u0561\u056f, #\u0562\u0561\u0566\u0574\u0561\u057a\u0561\u057f\u056f\u0567\u0575\u0578\u0575\u057d\u0568, #\u0566\u0585\u0580\u0561\u056f\u0581\u0578\u0582\u0569\u056b\u0582\u0576\u0568\u0578\u0582\u056a\u0567 hashtag\u2019leriyle payla\u015f\u0131lacak.<\/p>\n<p><em><strong>http:\/\/www.agos.com.tr\/tr\/yazi\/26114\/uluslararasi-hrant-dink-odulleri-15-eylul-de-dagitiliyor\u00a0<\/strong><\/em><\/p>\n","protected":false},"excerpt":{"rendered":"<p>Uluslararas\u0131 Hrant Dink \u00d6d\u00fcl\u00fc her y\u0131l oldu\u011fu gibi, bu y\u0131l da Hrant Dink\u2019in do\u011fum g\u00fcn\u00fc olan 15 Eyl\u00fcl\u2019de 13. kez verilecek. T\u00f6ren internetten yay\u0131nlanacak. Ge\u00e7en y\u0131l pandemi nedeniyle sadece internet \u00fczerinden yay\u0131nlanan t\u00f6ren i\u00e7in bu y\u0131l da mevcut ko\u015fullar nedeniyle ayn\u0131 y\u00f6ntem izleniyor. \u00c7evrimi\u00e7i t\u00f6ren, Hrant Dink Vakf\u0131\u2019n\u0131n sosyal medya hesaplar\u0131nda (YouTube, Facebook, Twitter, Instagram) [&hellip;]<\/p>\n","protected":false},"author":7,"featured_media":64509,"comment_status":"open","ping_status":"open","sticky":false,"template":"","format":"standard","meta":{"footnotes":""},"categories":[1],"tags":[],"class_list":["post-64508","post","type-post","status-publish","format-standard","has-post-thumbnail","hentry","category-haberler"],"yoast_head":"<!-- This site is optimized with the Yoast SEO plugin v27.4 - https:\/\/yoast.com\/product\/yoast-seo-wordpress\/ -->\n<title>Uluslararas\u0131 Hrant Dink \u00d6d\u00fclleri 15 Eyl\u00fcl&#039;de da\u011f\u0131t\u0131l\u0131yor - Bati Ermenistan Ve Bati Ermenileri Sorunlari Ara\u015ftirmalar Merkezi<\/title>\n<meta name=\"robots\" content=\"index, follow, max-snippet:-1, max-image-preview:large, max-video-preview:-1\" \/>\n<link rel=\"canonical\" href=\"https:\/\/akunq.net\/tr\/?p=64508\" \/>\n<meta property=\"og:locale\" content=\"en_US\" \/>\n<meta property=\"og:type\" content=\"article\" \/>\n<meta property=\"og:title\" content=\"Uluslararas\u0131 Hrant Dink \u00d6d\u00fclleri 15 Eyl\u00fcl&#039;de da\u011f\u0131t\u0131l\u0131yor - Bati Ermenistan Ve Bati Ermenileri Sorunlari Ara\u015ftirmalar Merkezi\" \/>\n<meta property=\"og:description\" content=\"Uluslararas\u0131 Hrant Dink \u00d6d\u00fcl\u00fc her y\u0131l oldu\u011fu gibi, bu y\u0131l da Hrant Dink\u2019in do\u011fum g\u00fcn\u00fc olan 15 Eyl\u00fcl\u2019de 13. kez verilecek. T\u00f6ren internetten yay\u0131nlanacak. Ge\u00e7en y\u0131l pandemi nedeniyle sadece internet \u00fczerinden yay\u0131nlanan t\u00f6ren i\u00e7in bu y\u0131l da mevcut ko\u015fullar nedeniyle ayn\u0131 y\u00f6ntem izleniyor. \u00c7evrimi\u00e7i t\u00f6ren, Hrant Dink Vakf\u0131\u2019n\u0131n sosyal medya hesaplar\u0131nda (YouTube, Facebook, Twitter, Instagram) [&hellip;]\" \/>\n<meta property=\"og:url\" content=\"https:\/\/akunq.net\/tr\/?p=64508\" \/>\n<meta property=\"og:site_name\" content=\"Bati Ermenistan Ve Bati Ermenileri Sorunlari Ara\u015ftirmalar Merkezi\" \/>\n<meta property=\"article:published_time\" content=\"2021-09-01T07:47:01+00:00\" \/>\n<meta property=\"og:image\" content=\"https:\/\/akunq.net\/tr\/wp-content\/uploads\/sites\/6\/2021\/09\/Hrant-Dink.jpg\" \/>\n\t<meta property=\"og:image:width\" content=\"702\" \/>\n\t<meta property=\"og:image:height\" content=\"336\" \/>\n\t<meta property=\"og:image:type\" content=\"image\/jpeg\" \/>\n<meta name=\"author\" content=\"admin\" \/>\n<meta name=\"twitter:card\" content=\"summary_large_image\" \/>\n<meta name=\"twitter:label1\" content=\"Written by\" \/>\n\t<meta name=\"twitter:data1\" content=\"admin\" \/>\n\t<meta name=\"twitter:label2\" content=\"Est. reading time\" \/>\n\t<meta name=\"twitter:data2\" content=\"2 minutes\" \/>\n<script type=\"application\/ld+json\" class=\"yoast-schema-graph\">{\"@context\":\"https:\\\/\\\/schema.org\",\"@graph\":[{\"@type\":\"Article\",\"@id\":\"https:\\\/\\\/akunq.net\\\/tr\\\/?p=64508#article\",\"isPartOf\":{\"@id\":\"https:\\\/\\\/akunq.net\\\/tr\\\/?p=64508\"},\"author\":{\"name\":\"admin\",\"@id\":\"https:\\\/\\\/akunq.net\\\/tr\\\/#\\\/schema\\\/person\\\/096f1d38a12cce57fb855b485ed24c9e\"},\"headline\":\"Uluslararas\u0131 Hrant Dink \u00d6d\u00fclleri 15 Eyl\u00fcl&#8217;de da\u011f\u0131t\u0131l\u0131yor\",\"datePublished\":\"2021-09-01T07:47:01+00:00\",\"mainEntityOfPage\":{\"@id\":\"https:\\\/\\\/akunq.net\\\/tr\\\/?p=64508\"},\"wordCount\":315,\"commentCount\":0,\"image\":{\"@id\":\"https:\\\/\\\/akunq.net\\\/tr\\\/?p=64508#primaryimage\"},\"thumbnailUrl\":\"https:\\\/\\\/akunq.net\\\/tr\\\/wp-content\\\/uploads\\\/sites\\\/6\\\/2021\\\/09\\\/Hrant-Dink.jpg\",\"articleSection\":[\"Haberler\"],\"inLanguage\":\"en-US\",\"potentialAction\":[{\"@type\":\"CommentAction\",\"name\":\"Comment\",\"target\":[\"https:\\\/\\\/akunq.net\\\/tr\\\/?p=64508#respond\"]}]},{\"@type\":\"WebPage\",\"@id\":\"https:\\\/\\\/akunq.net\\\/tr\\\/?p=64508\",\"url\":\"https:\\\/\\\/akunq.net\\\/tr\\\/?p=64508\",\"name\":\"Uluslararas\u0131 Hrant Dink \u00d6d\u00fclleri 15 Eyl\u00fcl'de da\u011f\u0131t\u0131l\u0131yor - Bati Ermenistan Ve Bati Ermenileri Sorunlari Ara\u015ftirmalar Merkezi\",\"isPartOf\":{\"@id\":\"https:\\\/\\\/akunq.net\\\/tr\\\/#website\"},\"primaryImageOfPage\":{\"@id\":\"https:\\\/\\\/akunq.net\\\/tr\\\/?p=64508#primaryimage\"},\"image\":{\"@id\":\"https:\\\/\\\/akunq.net\\\/tr\\\/?p=64508#primaryimage\"},\"thumbnailUrl\":\"https:\\\/\\\/akunq.net\\\/tr\\\/wp-content\\\/uploads\\\/sites\\\/6\\\/2021\\\/09\\\/Hrant-Dink.jpg\",\"datePublished\":\"2021-09-01T07:47:01+00:00\",\"author\":{\"@id\":\"https:\\\/\\\/akunq.net\\\/tr\\\/#\\\/schema\\\/person\\\/096f1d38a12cce57fb855b485ed24c9e\"},\"breadcrumb\":{\"@id\":\"https:\\\/\\\/akunq.net\\\/tr\\\/?p=64508#breadcrumb\"},\"inLanguage\":\"en-US\",\"potentialAction\":[{\"@type\":\"ReadAction\",\"target\":[\"https:\\\/\\\/akunq.net\\\/tr\\\/?p=64508\"]}]},{\"@type\":\"ImageObject\",\"inLanguage\":\"en-US\",\"@id\":\"https:\\\/\\\/akunq.net\\\/tr\\\/?p=64508#primaryimage\",\"url\":\"https:\\\/\\\/akunq.net\\\/tr\\\/wp-content\\\/uploads\\\/sites\\\/6\\\/2021\\\/09\\\/Hrant-Dink.jpg\",\"contentUrl\":\"https:\\\/\\\/akunq.net\\\/tr\\\/wp-content\\\/uploads\\\/sites\\\/6\\\/2021\\\/09\\\/Hrant-Dink.jpg\",\"width\":702,\"height\":336},{\"@type\":\"BreadcrumbList\",\"@id\":\"https:\\\/\\\/akunq.net\\\/tr\\\/?p=64508#breadcrumb\",\"itemListElement\":[{\"@type\":\"ListItem\",\"position\":1,\"name\":\"Home\",\"item\":\"https:\\\/\\\/akunq.net\\\/tr\"},{\"@type\":\"ListItem\",\"position\":2,\"name\":\"Uluslararas\u0131 Hrant Dink \u00d6d\u00fclleri 15 Eyl\u00fcl&#8217;de da\u011f\u0131t\u0131l\u0131yor\"}]},{\"@type\":\"WebSite\",\"@id\":\"https:\\\/\\\/akunq.net\\\/tr\\\/#website\",\"url\":\"https:\\\/\\\/akunq.net\\\/tr\\\/\",\"name\":\"Bati Ermenistan Ve Bati Ermenileri Sorunlari Ara\u015ftirmalar Merkezi\",\"description\":\"\",\"potentialAction\":[{\"@type\":\"SearchAction\",\"target\":{\"@type\":\"EntryPoint\",\"urlTemplate\":\"https:\\\/\\\/akunq.net\\\/tr\\\/?s={search_term_string}\"},\"query-input\":{\"@type\":\"PropertyValueSpecification\",\"valueRequired\":true,\"valueName\":\"search_term_string\"}}],\"inLanguage\":\"en-US\"},{\"@type\":\"Person\",\"@id\":\"https:\\\/\\\/akunq.net\\\/tr\\\/#\\\/schema\\\/person\\\/096f1d38a12cce57fb855b485ed24c9e\",\"name\":\"admin\",\"url\":\"https:\\\/\\\/akunq.net\\\/tr\\\/?author=7\"}]}<\/script>\n<!-- \/ Yoast SEO plugin. -->","yoast_head_json":{"title":"Uluslararas\u0131 Hrant Dink \u00d6d\u00fclleri 15 Eyl\u00fcl'de da\u011f\u0131t\u0131l\u0131yor - Bati Ermenistan Ve Bati Ermenileri Sorunlari Ara\u015ftirmalar Merkezi","robots":{"index":"index","follow":"follow","max-snippet":"max-snippet:-1","max-image-preview":"max-image-preview:large","max-video-preview":"max-video-preview:-1"},"canonical":"https:\/\/akunq.net\/tr\/?p=64508","og_locale":"en_US","og_type":"article","og_title":"Uluslararas\u0131 Hrant Dink \u00d6d\u00fclleri 15 Eyl\u00fcl'de da\u011f\u0131t\u0131l\u0131yor - Bati Ermenistan Ve Bati Ermenileri Sorunlari Ara\u015ftirmalar Merkezi","og_description":"Uluslararas\u0131 Hrant Dink \u00d6d\u00fcl\u00fc her y\u0131l oldu\u011fu gibi, bu y\u0131l da Hrant Dink\u2019in do\u011fum g\u00fcn\u00fc olan 15 Eyl\u00fcl\u2019de 13. kez verilecek. T\u00f6ren internetten yay\u0131nlanacak. Ge\u00e7en y\u0131l pandemi nedeniyle sadece internet \u00fczerinden yay\u0131nlanan t\u00f6ren i\u00e7in bu y\u0131l da mevcut ko\u015fullar nedeniyle ayn\u0131 y\u00f6ntem izleniyor. \u00c7evrimi\u00e7i t\u00f6ren, Hrant Dink Vakf\u0131\u2019n\u0131n sosyal medya hesaplar\u0131nda (YouTube, Facebook, Twitter, Instagram) [&hellip;]","og_url":"https:\/\/akunq.net\/tr\/?p=64508","og_site_name":"Bati Ermenistan Ve Bati Ermenileri Sorunlari Ara\u015ftirmalar Merkezi","article_published_time":"2021-09-01T07:47:01+00:00","og_image":[{"width":702,"height":336,"url":"https:\/\/akunq.net\/tr\/wp-content\/uploads\/sites\/6\/2021\/09\/Hrant-Dink.jpg","type":"image\/jpeg"}],"author":"admin","twitter_card":"summary_large_image","twitter_misc":{"Written by":"admin","Est. reading time":"2 minutes"},"schema":{"@context":"https:\/\/schema.org","@graph":[{"@type":"Article","@id":"https:\/\/akunq.net\/tr\/?p=64508#article","isPartOf":{"@id":"https:\/\/akunq.net\/tr\/?p=64508"},"author":{"name":"admin","@id":"https:\/\/akunq.net\/tr\/#\/schema\/person\/096f1d38a12cce57fb855b485ed24c9e"},"headline":"Uluslararas\u0131 Hrant Dink \u00d6d\u00fclleri 15 Eyl\u00fcl&#8217;de da\u011f\u0131t\u0131l\u0131yor","datePublished":"2021-09-01T07:47:01+00:00","mainEntityOfPage":{"@id":"https:\/\/akunq.net\/tr\/?p=64508"},"wordCount":315,"commentCount":0,"image":{"@id":"https:\/\/akunq.net\/tr\/?p=64508#primaryimage"},"thumbnailUrl":"https:\/\/akunq.net\/tr\/wp-content\/uploads\/sites\/6\/2021\/09\/Hrant-Dink.jpg","articleSection":["Haberler"],"inLanguage":"en-US","potentialAction":[{"@type":"CommentAction","name":"Comment","target":["https:\/\/akunq.net\/tr\/?p=64508#respond"]}]},{"@type":"WebPage","@id":"https:\/\/akunq.net\/tr\/?p=64508","url":"https:\/\/akunq.net\/tr\/?p=64508","name":"Uluslararas\u0131 Hrant Dink \u00d6d\u00fclleri 15 Eyl\u00fcl'de da\u011f\u0131t\u0131l\u0131yor - Bati Ermenistan Ve Bati Ermenileri Sorunlari Ara\u015ftirmalar Merkezi","isPartOf":{"@id":"https:\/\/akunq.net\/tr\/#website"},"primaryImageOfPage":{"@id":"https:\/\/akunq.net\/tr\/?p=64508#primaryimage"},"image":{"@id":"https:\/\/akunq.net\/tr\/?p=64508#primaryimage"},"thumbnailUrl":"https:\/\/akunq.net\/tr\/wp-content\/uploads\/sites\/6\/2021\/09\/Hrant-Dink.jpg","datePublished":"2021-09-01T07:47:01+00:00","author":{"@id":"https:\/\/akunq.net\/tr\/#\/schema\/person\/096f1d38a12cce57fb855b485ed24c9e"},"breadcrumb":{"@id":"https:\/\/akunq.net\/tr\/?p=64508#breadcrumb"},"inLanguage":"en-US","potentialAction":[{"@type":"ReadAction","target":["https:\/\/akunq.net\/tr\/?p=64508"]}]},{"@type":"ImageObject","inLanguage":"en-US","@id":"https:\/\/akunq.net\/tr\/?p=64508#primaryimage","url":"https:\/\/akunq.net\/tr\/wp-content\/uploads\/sites\/6\/2021\/09\/Hrant-Dink.jpg","contentUrl":"https:\/\/akunq.net\/tr\/wp-content\/uploads\/sites\/6\/2021\/09\/Hrant-Dink.jpg","width":702,"height":336},{"@type":"BreadcrumbList","@id":"https:\/\/akunq.net\/tr\/?p=64508#breadcrumb","itemListElement":[{"@type":"ListItem","position":1,"name":"Home","item":"https:\/\/akunq.net\/tr"},{"@type":"ListItem","position":2,"name":"Uluslararas\u0131 Hrant Dink \u00d6d\u00fclleri 15 Eyl\u00fcl&#8217;de da\u011f\u0131t\u0131l\u0131yor"}]},{"@type":"WebSite","@id":"https:\/\/akunq.net\/tr\/#website","url":"https:\/\/akunq.net\/tr\/","name":"Bati Ermenistan Ve Bati Ermenileri Sorunlari Ara\u015ftirmalar Merkezi","description":"","potentialAction":[{"@type":"SearchAction","target":{"@type":"EntryPoint","urlTemplate":"https:\/\/akunq.net\/tr\/?s={search_term_string}"},"query-input":{"@type":"PropertyValueSpecification","valueRequired":true,"valueName":"search_term_string"}}],"inLanguage":"en-US"},{"@type":"Person","@id":"https:\/\/akunq.net\/tr\/#\/schema\/person\/096f1d38a12cce57fb855b485ed24c9e","name":"admin","url":"https:\/\/akunq.net\/tr\/?author=7"}]}},"_links":{"self":[{"href":"https:\/\/akunq.net\/tr\/index.php?rest_route=\/wp\/v2\/posts\/64508","targetHints":{"allow":["GET"]}}],"collection":[{"href":"https:\/\/akunq.net\/tr\/index.php?rest_route=\/wp\/v2\/posts"}],"about":[{"href":"https:\/\/akunq.net\/tr\/index.php?rest_route=\/wp\/v2\/types\/post"}],"author":[{"embeddable":true,"href":"https:\/\/akunq.net\/tr\/index.php?rest_route=\/wp\/v2\/users\/7"}],"replies":[{"embeddable":true,"href":"https:\/\/akunq.net\/tr\/index.php?rest_route=%2Fwp%2Fv2%2Fcomments&post=64508"}],"version-history":[{"count":1,"href":"https:\/\/akunq.net\/tr\/index.php?rest_route=\/wp\/v2\/posts\/64508\/revisions"}],"predecessor-version":[{"id":64510,"href":"https:\/\/akunq.net\/tr\/index.php?rest_route=\/wp\/v2\/posts\/64508\/revisions\/64510"}],"wp:featuredmedia":[{"embeddable":true,"href":"https:\/\/akunq.net\/tr\/index.php?rest_route=\/wp\/v2\/media\/64509"}],"wp:attachment":[{"href":"https:\/\/akunq.net\/tr\/index.php?rest_route=%2Fwp%2Fv2%2Fmedia&parent=64508"}],"wp:term":[{"taxonomy":"category","embeddable":true,"href":"https:\/\/akunq.net\/tr\/index.php?rest_route=%2Fwp%2Fv2%2Fcategories&post=64508"},{"taxonomy":"post_tag","embeddable":true,"href":"https:\/\/akunq.net\/tr\/index.php?rest_route=%2Fwp%2Fv2%2Ftags&post=64508"}],"curies":[{"name":"wp","href":"https:\/\/api.w.org\/{rel}","templated":true}]}}