{"id":64505,"date":"2021-09-01T02:30:42","date_gmt":"2021-09-01T07:30:42","guid":{"rendered":"https:\/\/akunq.net\/tr\/?p=64505"},"modified":"2021-09-01T02:30:42","modified_gmt":"2021-09-01T07:30:42","slug":"ermeni-devrimci-federasyonu-ermeni-ulusal-komitesi-artsakh-ofisi-faaliyete-baslayacak","status":"publish","type":"post","link":"https:\/\/akunq.net\/tr\/?p=64505","title":{"rendered":"Ermeni Devrimci Federasyonu Ermeni Ulusal Komitesi Artsakh Ofisi faaliyete ba\u015flayacak"},"content":{"rendered":"<p><img loading=\"lazy\" decoding=\"async\" class=\"aligncenter size-medium wp-image-64506\" src=\"https:\/\/akunq.net\/tr\/wp-content\/uploads\/2021\/09\/Artsakh-360x202.jpg\" alt=\"\" width=\"360\" height=\"202\" srcset=\"https:\/\/akunq.net\/tr\/wp-content\/uploads\/sites\/6\/2021\/09\/Artsakh-360x202.jpg 360w, https:\/\/akunq.net\/tr\/wp-content\/uploads\/sites\/6\/2021\/09\/Artsakh-768x431.jpg 768w, https:\/\/akunq.net\/tr\/wp-content\/uploads\/sites\/6\/2021\/09\/Artsakh-560x314.jpg 560w, https:\/\/akunq.net\/tr\/wp-content\/uploads\/sites\/6\/2021\/09\/Artsakh-260x146.jpg 260w, https:\/\/akunq.net\/tr\/wp-content\/uploads\/sites\/6\/2021\/09\/Artsakh-160x90.jpg 160w, https:\/\/akunq.net\/tr\/wp-content\/uploads\/sites\/6\/2021\/09\/Artsakh.jpg 790w\" sizes=\"auto, (max-width: 360px) 100vw, 360px\" \/><\/p>\n<p><em><strong>Ermeni Devrimci Federasyonu B\u00fcrosu karar\u0131 ile 44 g\u00fcnl\u00fck sava\u015f\u0131n ard\u0131ndan Artsakh&#8217;ta meydana gelen insani, psikolojik ve g\u00fcvenlik zorluklar\u0131 dikkate al\u0131narak, Ermeni Ulusal Komitesi\u2019nin d\u00fcnya a\u011f\u0131 b\u00fcnyesinde Ermeni Ulusal Komitesi Artsakh Ofisi a\u00e7\u0131lacak.<\/strong><\/em><\/p>\n<p>Konu ile ilgili Ermeni Devrimci Federasyonu B\u00fcrosu Merkez Ofisi a\u00e7\u0131klamada bulundu.<\/p>\n<p>A\u00e7\u0131klamada, \u201dErmeni Ulusal Komitesi Artsakh Ofisi\u2019nin kurulmas\u0131; Artsakh halk\u0131n\u0131n haklar\u0131n\u0131n korunmas\u0131, Artsakh Cumhuriyeti&#8217;nin tan\u0131nmas\u0131, sava\u015f\u0131n sonu\u00e7lar\u0131n\u0131n ortadan kald\u0131r\u0131lmas\u0131 ve Artsakh&#8217;\u0131n yeniden in\u015fa edilmesinin Ermeni Devrimci Federasyonu Ermeni Ulusal Komitesi\u2019nin d\u00fcnya a\u011f\u0131n\u0131n faaliyetinin temel unsurlar\u0131 ve siyasi \u00f6ncelikleri olmaya devam etti\u011fine dair a\u00e7\u0131k bir siyasi mesajd\u0131r.\u201d ifadeleri kullan\u0131ld\u0131.<\/p>\n<p><em><strong>https:\/\/www.ermenihaber.am\/tr\/news\/2021\/08\/31\/Ermeni-Devrimci-Federasyonu-Artsakh\/214362\u00a0<\/strong><\/em><\/p>\n","protected":false},"excerpt":{"rendered":"<p>Ermeni Devrimci Federasyonu B\u00fcrosu karar\u0131 ile 44 g\u00fcnl\u00fck sava\u015f\u0131n ard\u0131ndan Artsakh&#8217;ta meydana gelen insani, psikolojik ve g\u00fcvenlik zorluklar\u0131 dikkate al\u0131narak, Ermeni Ulusal Komitesi\u2019nin d\u00fcnya a\u011f\u0131 b\u00fcnyesinde Ermeni Ulusal Komitesi Artsakh Ofisi a\u00e7\u0131lacak. Konu ile ilgili Ermeni Devrimci Federasyonu B\u00fcrosu Merkez Ofisi a\u00e7\u0131klamada bulundu. A\u00e7\u0131klamada, \u201dErmeni Ulusal Komitesi Artsakh Ofisi\u2019nin kurulmas\u0131; Artsakh halk\u0131n\u0131n haklar\u0131n\u0131n korunmas\u0131, Artsakh [&hellip;]<\/p>\n","protected":false},"author":7,"featured_media":64506,"comment_status":"open","ping_status":"open","sticky":false,"template":"","format":"standard","meta":{"footnotes":""},"categories":[1],"tags":[],"class_list":["post-64505","post","type-post","status-publish","format-standard","has-post-thumbnail","hentry","category-haberler"],"yoast_head":"<!-- This site is optimized with the Yoast SEO plugin v27.4 - https:\/\/yoast.com\/product\/yoast-seo-wordpress\/ -->\n<title>Ermeni Devrimci Federasyonu Ermeni Ulusal Komitesi Artsakh Ofisi faaliyete ba\u015flayacak - Bati Ermenistan Ve Bati Ermenileri Sorunlari Ara\u015ftirmalar Merkezi<\/title>\n<meta name=\"robots\" content=\"index, follow, max-snippet:-1, max-image-preview:large, max-video-preview:-1\" \/>\n<link rel=\"canonical\" href=\"https:\/\/akunq.net\/tr\/?p=64505\" \/>\n<meta property=\"og:locale\" content=\"en_US\" \/>\n<meta property=\"og:type\" content=\"article\" \/>\n<meta property=\"og:title\" content=\"Ermeni Devrimci Federasyonu Ermeni Ulusal Komitesi Artsakh Ofisi faaliyete ba\u015flayacak - Bati Ermenistan Ve Bati Ermenileri Sorunlari Ara\u015ftirmalar Merkezi\" \/>\n<meta property=\"og:description\" content=\"Ermeni Devrimci Federasyonu B\u00fcrosu karar\u0131 ile 44 g\u00fcnl\u00fck sava\u015f\u0131n ard\u0131ndan Artsakh&#8217;ta meydana gelen insani, psikolojik ve g\u00fcvenlik zorluklar\u0131 dikkate al\u0131narak, Ermeni Ulusal Komitesi\u2019nin d\u00fcnya a\u011f\u0131 b\u00fcnyesinde Ermeni Ulusal Komitesi Artsakh Ofisi a\u00e7\u0131lacak. Konu ile ilgili Ermeni Devrimci Federasyonu B\u00fcrosu Merkez Ofisi a\u00e7\u0131klamada bulundu. A\u00e7\u0131klamada, \u201dErmeni Ulusal Komitesi Artsakh Ofisi\u2019nin kurulmas\u0131; Artsakh halk\u0131n\u0131n haklar\u0131n\u0131n korunmas\u0131, Artsakh [&hellip;]\" \/>\n<meta property=\"og:url\" content=\"https:\/\/akunq.net\/tr\/?p=64505\" \/>\n<meta property=\"og:site_name\" content=\"Bati Ermenistan Ve Bati Ermenileri Sorunlari Ara\u015ftirmalar Merkezi\" \/>\n<meta property=\"article:published_time\" content=\"2021-09-01T07:30:42+00:00\" \/>\n<meta property=\"og:image\" content=\"https:\/\/akunq.net\/tr\/wp-content\/uploads\/sites\/6\/2021\/09\/Artsakh.jpg\" \/>\n\t<meta property=\"og:image:width\" content=\"790\" \/>\n\t<meta property=\"og:image:height\" content=\"443\" \/>\n\t<meta property=\"og:image:type\" content=\"image\/jpeg\" \/>\n<meta name=\"author\" content=\"admin\" \/>\n<meta name=\"twitter:card\" content=\"summary_large_image\" \/>\n<meta name=\"twitter:label1\" content=\"Written by\" \/>\n\t<meta name=\"twitter:data1\" content=\"admin\" \/>\n\t<meta name=\"twitter:label2\" content=\"Est. reading time\" \/>\n\t<meta name=\"twitter:data2\" content=\"1 minute\" \/>\n<script type=\"application\/ld+json\" class=\"yoast-schema-graph\">{\"@context\":\"https:\\\/\\\/schema.org\",\"@graph\":[{\"@type\":\"Article\",\"@id\":\"https:\\\/\\\/akunq.net\\\/tr\\\/?p=64505#article\",\"isPartOf\":{\"@id\":\"https:\\\/\\\/akunq.net\\\/tr\\\/?p=64505\"},\"author\":{\"name\":\"admin\",\"@id\":\"https:\\\/\\\/akunq.net\\\/tr\\\/#\\\/schema\\\/person\\\/096f1d38a12cce57fb855b485ed24c9e\"},\"headline\":\"Ermeni Devrimci Federasyonu Ermeni Ulusal Komitesi Artsakh Ofisi faaliyete ba\u015flayacak\",\"datePublished\":\"2021-09-01T07:30:42+00:00\",\"mainEntityOfPage\":{\"@id\":\"https:\\\/\\\/akunq.net\\\/tr\\\/?p=64505\"},\"wordCount\":143,\"commentCount\":0,\"image\":{\"@id\":\"https:\\\/\\\/akunq.net\\\/tr\\\/?p=64505#primaryimage\"},\"thumbnailUrl\":\"https:\\\/\\\/akunq.net\\\/tr\\\/wp-content\\\/uploads\\\/sites\\\/6\\\/2021\\\/09\\\/Artsakh.jpg\",\"articleSection\":[\"Haberler\"],\"inLanguage\":\"en-US\",\"potentialAction\":[{\"@type\":\"CommentAction\",\"name\":\"Comment\",\"target\":[\"https:\\\/\\\/akunq.net\\\/tr\\\/?p=64505#respond\"]}]},{\"@type\":\"WebPage\",\"@id\":\"https:\\\/\\\/akunq.net\\\/tr\\\/?p=64505\",\"url\":\"https:\\\/\\\/akunq.net\\\/tr\\\/?p=64505\",\"name\":\"Ermeni Devrimci Federasyonu Ermeni Ulusal Komitesi Artsakh Ofisi faaliyete ba\u015flayacak - Bati Ermenistan Ve Bati Ermenileri Sorunlari Ara\u015ftirmalar Merkezi\",\"isPartOf\":{\"@id\":\"https:\\\/\\\/akunq.net\\\/tr\\\/#website\"},\"primaryImageOfPage\":{\"@id\":\"https:\\\/\\\/akunq.net\\\/tr\\\/?p=64505#primaryimage\"},\"image\":{\"@id\":\"https:\\\/\\\/akunq.net\\\/tr\\\/?p=64505#primaryimage\"},\"thumbnailUrl\":\"https:\\\/\\\/akunq.net\\\/tr\\\/wp-content\\\/uploads\\\/sites\\\/6\\\/2021\\\/09\\\/Artsakh.jpg\",\"datePublished\":\"2021-09-01T07:30:42+00:00\",\"author\":{\"@id\":\"https:\\\/\\\/akunq.net\\\/tr\\\/#\\\/schema\\\/person\\\/096f1d38a12cce57fb855b485ed24c9e\"},\"breadcrumb\":{\"@id\":\"https:\\\/\\\/akunq.net\\\/tr\\\/?p=64505#breadcrumb\"},\"inLanguage\":\"en-US\",\"potentialAction\":[{\"@type\":\"ReadAction\",\"target\":[\"https:\\\/\\\/akunq.net\\\/tr\\\/?p=64505\"]}]},{\"@type\":\"ImageObject\",\"inLanguage\":\"en-US\",\"@id\":\"https:\\\/\\\/akunq.net\\\/tr\\\/?p=64505#primaryimage\",\"url\":\"https:\\\/\\\/akunq.net\\\/tr\\\/wp-content\\\/uploads\\\/sites\\\/6\\\/2021\\\/09\\\/Artsakh.jpg\",\"contentUrl\":\"https:\\\/\\\/akunq.net\\\/tr\\\/wp-content\\\/uploads\\\/sites\\\/6\\\/2021\\\/09\\\/Artsakh.jpg\",\"width\":790,\"height\":443},{\"@type\":\"BreadcrumbList\",\"@id\":\"https:\\\/\\\/akunq.net\\\/tr\\\/?p=64505#breadcrumb\",\"itemListElement\":[{\"@type\":\"ListItem\",\"position\":1,\"name\":\"Home\",\"item\":\"https:\\\/\\\/akunq.net\\\/tr\"},{\"@type\":\"ListItem\",\"position\":2,\"name\":\"Ermeni Devrimci Federasyonu Ermeni Ulusal Komitesi Artsakh Ofisi faaliyete ba\u015flayacak\"}]},{\"@type\":\"WebSite\",\"@id\":\"https:\\\/\\\/akunq.net\\\/tr\\\/#website\",\"url\":\"https:\\\/\\\/akunq.net\\\/tr\\\/\",\"name\":\"Bati Ermenistan Ve Bati Ermenileri Sorunlari Ara\u015ftirmalar Merkezi\",\"description\":\"\",\"potentialAction\":[{\"@type\":\"SearchAction\",\"target\":{\"@type\":\"EntryPoint\",\"urlTemplate\":\"https:\\\/\\\/akunq.net\\\/tr\\\/?s={search_term_string}\"},\"query-input\":{\"@type\":\"PropertyValueSpecification\",\"valueRequired\":true,\"valueName\":\"search_term_string\"}}],\"inLanguage\":\"en-US\"},{\"@type\":\"Person\",\"@id\":\"https:\\\/\\\/akunq.net\\\/tr\\\/#\\\/schema\\\/person\\\/096f1d38a12cce57fb855b485ed24c9e\",\"name\":\"admin\",\"url\":\"https:\\\/\\\/akunq.net\\\/tr\\\/?author=7\"}]}<\/script>\n<!-- \/ Yoast SEO plugin. -->","yoast_head_json":{"title":"Ermeni Devrimci Federasyonu Ermeni Ulusal Komitesi Artsakh Ofisi faaliyete ba\u015flayacak - Bati Ermenistan Ve Bati Ermenileri Sorunlari Ara\u015ftirmalar Merkezi","robots":{"index":"index","follow":"follow","max-snippet":"max-snippet:-1","max-image-preview":"max-image-preview:large","max-video-preview":"max-video-preview:-1"},"canonical":"https:\/\/akunq.net\/tr\/?p=64505","og_locale":"en_US","og_type":"article","og_title":"Ermeni Devrimci Federasyonu Ermeni Ulusal Komitesi Artsakh Ofisi faaliyete ba\u015flayacak - Bati Ermenistan Ve Bati Ermenileri Sorunlari Ara\u015ftirmalar Merkezi","og_description":"Ermeni Devrimci Federasyonu B\u00fcrosu karar\u0131 ile 44 g\u00fcnl\u00fck sava\u015f\u0131n ard\u0131ndan Artsakh&#8217;ta meydana gelen insani, psikolojik ve g\u00fcvenlik zorluklar\u0131 dikkate al\u0131narak, Ermeni Ulusal Komitesi\u2019nin d\u00fcnya a\u011f\u0131 b\u00fcnyesinde Ermeni Ulusal Komitesi Artsakh Ofisi a\u00e7\u0131lacak. Konu ile ilgili Ermeni Devrimci Federasyonu B\u00fcrosu Merkez Ofisi a\u00e7\u0131klamada bulundu. A\u00e7\u0131klamada, \u201dErmeni Ulusal Komitesi Artsakh Ofisi\u2019nin kurulmas\u0131; Artsakh halk\u0131n\u0131n haklar\u0131n\u0131n korunmas\u0131, Artsakh [&hellip;]","og_url":"https:\/\/akunq.net\/tr\/?p=64505","og_site_name":"Bati Ermenistan Ve Bati Ermenileri Sorunlari Ara\u015ftirmalar Merkezi","article_published_time":"2021-09-01T07:30:42+00:00","og_image":[{"width":790,"height":443,"url":"https:\/\/akunq.net\/tr\/wp-content\/uploads\/sites\/6\/2021\/09\/Artsakh.jpg","type":"image\/jpeg"}],"author":"admin","twitter_card":"summary_large_image","twitter_misc":{"Written by":"admin","Est. reading time":"1 minute"},"schema":{"@context":"https:\/\/schema.org","@graph":[{"@type":"Article","@id":"https:\/\/akunq.net\/tr\/?p=64505#article","isPartOf":{"@id":"https:\/\/akunq.net\/tr\/?p=64505"},"author":{"name":"admin","@id":"https:\/\/akunq.net\/tr\/#\/schema\/person\/096f1d38a12cce57fb855b485ed24c9e"},"headline":"Ermeni Devrimci Federasyonu Ermeni Ulusal Komitesi Artsakh Ofisi faaliyete ba\u015flayacak","datePublished":"2021-09-01T07:30:42+00:00","mainEntityOfPage":{"@id":"https:\/\/akunq.net\/tr\/?p=64505"},"wordCount":143,"commentCount":0,"image":{"@id":"https:\/\/akunq.net\/tr\/?p=64505#primaryimage"},"thumbnailUrl":"https:\/\/akunq.net\/tr\/wp-content\/uploads\/sites\/6\/2021\/09\/Artsakh.jpg","articleSection":["Haberler"],"inLanguage":"en-US","potentialAction":[{"@type":"CommentAction","name":"Comment","target":["https:\/\/akunq.net\/tr\/?p=64505#respond"]}]},{"@type":"WebPage","@id":"https:\/\/akunq.net\/tr\/?p=64505","url":"https:\/\/akunq.net\/tr\/?p=64505","name":"Ermeni Devrimci Federasyonu Ermeni Ulusal Komitesi Artsakh Ofisi faaliyete ba\u015flayacak - Bati Ermenistan Ve Bati Ermenileri Sorunlari Ara\u015ftirmalar Merkezi","isPartOf":{"@id":"https:\/\/akunq.net\/tr\/#website"},"primaryImageOfPage":{"@id":"https:\/\/akunq.net\/tr\/?p=64505#primaryimage"},"image":{"@id":"https:\/\/akunq.net\/tr\/?p=64505#primaryimage"},"thumbnailUrl":"https:\/\/akunq.net\/tr\/wp-content\/uploads\/sites\/6\/2021\/09\/Artsakh.jpg","datePublished":"2021-09-01T07:30:42+00:00","author":{"@id":"https:\/\/akunq.net\/tr\/#\/schema\/person\/096f1d38a12cce57fb855b485ed24c9e"},"breadcrumb":{"@id":"https:\/\/akunq.net\/tr\/?p=64505#breadcrumb"},"inLanguage":"en-US","potentialAction":[{"@type":"ReadAction","target":["https:\/\/akunq.net\/tr\/?p=64505"]}]},{"@type":"ImageObject","inLanguage":"en-US","@id":"https:\/\/akunq.net\/tr\/?p=64505#primaryimage","url":"https:\/\/akunq.net\/tr\/wp-content\/uploads\/sites\/6\/2021\/09\/Artsakh.jpg","contentUrl":"https:\/\/akunq.net\/tr\/wp-content\/uploads\/sites\/6\/2021\/09\/Artsakh.jpg","width":790,"height":443},{"@type":"BreadcrumbList","@id":"https:\/\/akunq.net\/tr\/?p=64505#breadcrumb","itemListElement":[{"@type":"ListItem","position":1,"name":"Home","item":"https:\/\/akunq.net\/tr"},{"@type":"ListItem","position":2,"name":"Ermeni Devrimci Federasyonu Ermeni Ulusal Komitesi Artsakh Ofisi faaliyete ba\u015flayacak"}]},{"@type":"WebSite","@id":"https:\/\/akunq.net\/tr\/#website","url":"https:\/\/akunq.net\/tr\/","name":"Bati Ermenistan Ve Bati Ermenileri Sorunlari Ara\u015ftirmalar Merkezi","description":"","potentialAction":[{"@type":"SearchAction","target":{"@type":"EntryPoint","urlTemplate":"https:\/\/akunq.net\/tr\/?s={search_term_string}"},"query-input":{"@type":"PropertyValueSpecification","valueRequired":true,"valueName":"search_term_string"}}],"inLanguage":"en-US"},{"@type":"Person","@id":"https:\/\/akunq.net\/tr\/#\/schema\/person\/096f1d38a12cce57fb855b485ed24c9e","name":"admin","url":"https:\/\/akunq.net\/tr\/?author=7"}]}},"_links":{"self":[{"href":"https:\/\/akunq.net\/tr\/index.php?rest_route=\/wp\/v2\/posts\/64505","targetHints":{"allow":["GET"]}}],"collection":[{"href":"https:\/\/akunq.net\/tr\/index.php?rest_route=\/wp\/v2\/posts"}],"about":[{"href":"https:\/\/akunq.net\/tr\/index.php?rest_route=\/wp\/v2\/types\/post"}],"author":[{"embeddable":true,"href":"https:\/\/akunq.net\/tr\/index.php?rest_route=\/wp\/v2\/users\/7"}],"replies":[{"embeddable":true,"href":"https:\/\/akunq.net\/tr\/index.php?rest_route=%2Fwp%2Fv2%2Fcomments&post=64505"}],"version-history":[{"count":1,"href":"https:\/\/akunq.net\/tr\/index.php?rest_route=\/wp\/v2\/posts\/64505\/revisions"}],"predecessor-version":[{"id":64507,"href":"https:\/\/akunq.net\/tr\/index.php?rest_route=\/wp\/v2\/posts\/64505\/revisions\/64507"}],"wp:featuredmedia":[{"embeddable":true,"href":"https:\/\/akunq.net\/tr\/index.php?rest_route=\/wp\/v2\/media\/64506"}],"wp:attachment":[{"href":"https:\/\/akunq.net\/tr\/index.php?rest_route=%2Fwp%2Fv2%2Fmedia&parent=64505"}],"wp:term":[{"taxonomy":"category","embeddable":true,"href":"https:\/\/akunq.net\/tr\/index.php?rest_route=%2Fwp%2Fv2%2Fcategories&post=64505"},{"taxonomy":"post_tag","embeddable":true,"href":"https:\/\/akunq.net\/tr\/index.php?rest_route=%2Fwp%2Fv2%2Ftags&post=64505"}],"curies":[{"name":"wp","href":"https:\/\/api.w.org\/{rel}","templated":true}]}}