{"id":64501,"date":"2021-08-31T02:57:15","date_gmt":"2021-08-31T07:57:15","guid":{"rendered":"https:\/\/akunq.net\/tr\/?p=64501"},"modified":"2021-08-31T02:57:15","modified_gmt":"2021-08-31T07:57:15","slug":"iste-anadolunun-sira-disi-muzeleri","status":"publish","type":"post","link":"https:\/\/akunq.net\/tr\/?p=64501","title":{"rendered":"\u0130\u015fte Anadolu\u2019nun s\u0131ra d\u0131\u015f\u0131 m\u00fczeleri"},"content":{"rendered":"<h3><img loading=\"lazy\" decoding=\"async\" class=\"aligncenter size-medium wp-image-64502\" src=\"https:\/\/akunq.net\/tr\/wp-content\/uploads\/2021\/08\/Anadolu\u2019nun-m\u00fczeleri-360x203.jpg\" alt=\"\" width=\"360\" height=\"203\" srcset=\"https:\/\/akunq.net\/tr\/wp-content\/uploads\/sites\/6\/2021\/08\/Anadolu\u2019nun-m\u00fczeleri-360x203.jpg 360w, https:\/\/akunq.net\/tr\/wp-content\/uploads\/sites\/6\/2021\/08\/Anadolu\u2019nun-m\u00fczeleri-768x432.jpg 768w, https:\/\/akunq.net\/tr\/wp-content\/uploads\/sites\/6\/2021\/08\/Anadolu\u2019nun-m\u00fczeleri-1536x864.jpg 1536w, https:\/\/akunq.net\/tr\/wp-content\/uploads\/sites\/6\/2021\/08\/Anadolu\u2019nun-m\u00fczeleri-560x315.jpg 560w, https:\/\/akunq.net\/tr\/wp-content\/uploads\/sites\/6\/2021\/08\/Anadolu\u2019nun-m\u00fczeleri-260x146.jpg 260w, https:\/\/akunq.net\/tr\/wp-content\/uploads\/sites\/6\/2021\/08\/Anadolu\u2019nun-m\u00fczeleri-160x90.jpg 160w, https:\/\/akunq.net\/tr\/wp-content\/uploads\/sites\/6\/2021\/08\/Anadolu\u2019nun-m\u00fczeleri.jpg 1600w\" sizes=\"auto, (max-width: 360px) 100vw, 360px\" \/><\/h3>\n<h3><strong>Anadolu\u2019nun s\u0131ra d\u0131\u015f\u0131 m\u00fczeleri<\/strong><\/h3>\n<figure class=\"wp-block-image\"><img decoding=\"async\" src=\"https:\/\/i1.wp.com\/media-cdn.t24.com.tr\/media\/library\/2021\/08\/1630149702900-h.jpg?ssl=1\" alt=\"\u0130\u015fte Bahar Ak\u0131nc\u0131\u2019n\u0131n Oksijen gazetesinde haz\u0131rlad\u0131\u011f\u0131 \u201cAnadolu\u2019nun s\u0131ra d\u0131\u015f\u0131 m\u00fczeleri\u201d listesi...\" data-recalc-dims=\"1\" \/><\/figure>\n<h3>\u0130\u015fte Bahar Ak\u0131nc\u0131\u2019n\u0131n Oksijen gazetesinde haz\u0131rlad\u0131\u011f\u0131 \u201cAnadolu\u2019nun s\u0131ra d\u0131\u015f\u0131 m\u00fczeleri\u201d listesi\u2026<\/h3>\n<figure class=\"wp-block-image\"><img decoding=\"async\" src=\"https:\/\/i2.wp.com\/media-cdn.t24.com.tr\/media\/library\/2021\/08\/1630148790360-img-8221-edit-dpp.JPG?ssl=1\" alt=\"Taksiyarhis Rahmi Ko\u00e7 An\u0131t M\u00fczesi \" data-recalc-dims=\"1\" \/><\/figure>\n<h3>Taksiyarhis Rahmi Ko\u00e7 An\u0131t M\u00fczesi<\/h3>\n<p><img decoding=\"async\" src=\"https:\/\/i2.wp.com\/media-cdn.t24.com.tr\/media\/library\/2021\/08\/1630148791375-taksiyarhis-cunda-ayvalik.jpg?ssl=1\" alt=\"Taksiyarhis Rahmi Ko\u00e7 An\u0131t M\u00fczesi | Ayval\u0131k\u2019\u0131n ilk \u00f6zel m\u00fczesi olarak 2014 y\u0131l\u0131nda ziyarete a\u00e7\u0131ld\u0131. Ayval\u0131k\u2019\u0131n ilk kilisesi olan Taksiyarhis, 15. y\u00fczy\u0131lda k\u00fc\u00e7\u00fck bir ibadethane olarak in\u015fa edilmi\u015f. Bazilika tipinde, tek kubbeli ve dikd\u00f6rtgen planl\u0131 yap\u0131, d\u00f6nem mimarisine egemen olan neoklasik \u00fcslupta. Bah\u00e7esinden girdi\u011finiz anda bina, binaya girdi\u011finiz andan itibaren de renkleri, \u0131\u015f\u0131\u011f\u0131, kubbesi, kalem i\u015f\u00e7ili\u011fi ve Rahmi Ko\u00e7 \u00f6zel koleksiyonu insan\u0131 adeta b\u00fcy\u00fcl\u00fcyor. M\u00fczede \u0130stanbul ve Ankara\u2019daki Rahmi M. Ko\u00e7 m\u00fczelerinin envanterleri temel al\u0131narak teneke oyuncaklardan buharl\u0131 mekanik modellere, bebek arabalar\u0131ndan zaman \u00f6l\u00e7\u00fcm aletlerine uzanan geni\u015f bir koleksiyon sergileniyor. \" data-recalc-dims=\"1\" \/><\/p>\n<h3>Taksiyarhis Rahmi Ko\u00e7 An\u0131t M\u00fczesi | Ayval\u0131k\u2019\u0131n ilk \u00f6zel m\u00fczesi olarak 2014 y\u0131l\u0131nda ziyarete a\u00e7\u0131ld\u0131. Ayval\u0131k\u2019\u0131n ilk kilisesi olan Taksiyarhis, 15. y\u00fczy\u0131lda k\u00fc\u00e7\u00fck bir ibadethane olarak in\u015fa edilmi\u015f. Bazilika tipinde, tek kubbeli ve dikd\u00f6rtgen planl\u0131 yap\u0131, d\u00f6nem mimarisine egemen olan neoklasik \u00fcslupta. Bah\u00e7esinden girdi\u011finiz anda bina, binaya girdi\u011finiz andan itibaren de renkleri, \u0131\u015f\u0131\u011f\u0131, kubbesi, kalem i\u015f\u00e7ili\u011fi ve Rahmi Ko\u00e7 \u00f6zel koleksiyonu insan\u0131 adeta b\u00fcy\u00fcl\u00fcyor. M\u00fczede \u0130stanbul ve Ankara\u2019daki Rahmi M. Ko\u00e7 m\u00fczelerinin envanterleri temel al\u0131narak teneke oyuncaklardan buharl\u0131 mekanik modellere, bebek arabalar\u0131ndan zaman \u00f6l\u00e7\u00fcm aletlerine uzanan geni\u015f bir koleksiyon sergileniyor.<\/h3>\n<figure class=\"wp-block-image\"><img decoding=\"async\" src=\"https:\/\/i1.wp.com\/media-cdn.t24.com.tr\/media\/library\/2021\/08\/1630148831889-cunda-adasi-scaled.jpg?ssl=1\" alt=\"Cunda\u2019dan\u2026 Arnavut kald\u0131r\u0131ml\u0131 sokaklar\u0131n\u0131 kar\u0131\u015f kar\u0131\u015f dola\u015fmadan \u00c7ifte kavrulmu\u015f lokma tatl\u0131s\u0131 yemeden, Ta\u015f Kahve\u2019de bol k\u00f6p\u00fckl\u00fc T\u00fcrk kahvesi i\u00e7meden, Ayval\u0131k tostu, buzlu badem, papalina yemeden, Karadeniz Pastanesi\u2019nin sak\u0131zl\u0131 kurabiyesini tatmadan, Herhangi bir buti\u011fe girip zeytinya\u011f\u0131 almadan Kesebir Mandras\u0131\u2019ndan cevizli saganaki peyniri almadan, Tekne turu ile adan\u0131n gizli koylar\u0131n\u0131 g\u00f6rmeden, Adan\u0131n arka taraf\u0131ndaki Pateri\u00e7a\u2019da denize girmeden ve k\u00f6yleri g\u00f6rmeden Sevim Necdet Kent kitapl\u0131\u011f\u0131n\u0131 g\u00f6rmeden d\u00f6nmeyin. \" data-recalc-dims=\"1\" \/><\/figure>\n<h3>Cunda\u2019dan\u2026 Arnavut kald\u0131r\u0131ml\u0131 sokaklar\u0131n\u0131 kar\u0131\u015f kar\u0131\u015f dola\u015fmadan \u00c7ifte kavrulmu\u015f lokma tatl\u0131s\u0131 yemeden, Ta\u015f Kahve\u2019de bol k\u00f6p\u00fckl\u00fc T\u00fcrk kahvesi i\u00e7meden, Ayval\u0131k tostu, buzlu badem, papalina yemeden, Karadeniz Pastanesi\u2019nin sak\u0131zl\u0131 kurabiyesini tatmadan, Herhangi bir buti\u011fe girip zeytinya\u011f\u0131 almadan Kesebir Mandras\u0131\u2019ndan cevizli saganaki peyniri almadan, Tekne turu ile adan\u0131n gizli koylar\u0131n\u0131 g\u00f6rmeden, Adan\u0131n arka taraf\u0131ndaki Pateri\u00e7a\u2019da denize girmeden ve k\u00f6yleri g\u00f6rmeden Sevim Necdet Kent kitapl\u0131\u011f\u0131n\u0131 g\u00f6rmeden d\u00f6nmeyin.<\/h3>\n<figure class=\"wp-block-image\"><img decoding=\"async\" src=\"https:\/\/i1.wp.com\/media-cdn.t24.com.tr\/media\/library\/2021\/08\/1630148854407-maxresdefault.jpg?ssl=1\" alt=\"Baks\u0131 M\u00fczesi \" data-recalc-dims=\"1\" \/><\/figure>\n<h3>Baks\u0131 M\u00fczesi<\/h3>\n<p><img decoding=\"async\" src=\"https:\/\/i1.wp.com\/media-cdn.t24.com.tr\/media\/library\/2021\/08\/1630148858264-4.jpg?ssl=1\" alt=\"\u015eehirden 45 kilometre uzakta yer alan Bayraktar K\u00f6y\u00fc\u2019nde do\u011fan sanat\u00e7\u0131-akademisyen Prof. Dr. H\u00fcsamettin Ko\u00e7an, k\u00fc\u00e7\u00fckl\u00fc\u011f\u00fcnde babas\u0131n\u0131n i\u015ften d\u00f6n\u00fc\u015f\u00fcn\u00fc bekledi\u011fi \u00c7oruh Vadisi manzaral\u0131 tepeye kurdu\u011fu m\u00fczeye, k\u00f6y\u00fcn eski ad\u0131n\u0131 vererek Baks\u0131 demi\u015f. Ba\u015fta sanat\u00e7\u0131lar ve tasar\u0131mc\u0131lar olmak \u00fczere bir\u00e7ok g\u00f6n\u00fcll\u00fcn\u00fcn katk\u0131s\u0131yla y\u0131llar i\u00e7inde adeta bir toplumsal sanat projesi \u00e7\u0131kar\u0131lm\u0131\u015f ortaya. Sergi salonlar\u0131, depo m\u00fcze, at\u00f6lyeler, konferans salonu, k\u00fct\u00fcphane ve konukevi ile 68 d\u00f6n\u00fcml\u00fck bir araziye yay\u0131lan Baks\u0131, giderek b\u00fcy\u00fcyen \u00e7a\u011fda\u015f sanat koleksiyonuyla an\u0131lsa da geleneksel sanatlara ait \u00f6nemli bir varl\u0131\u011fa da sahip. Ziyaret: Pazartesi hari\u00e7 10.00-12:30 ve 13:30-19.00 aras\u0131. Bilet: Tam: 15 TL \u2013 \u00d6\u011frenci: 6 TL. www.baksi.org \" data-recalc-dims=\"1\" \/><\/p>\n<h3>\u015eehirden 45 kilometre uzakta yer alan Bayraktar K\u00f6y\u00fc\u2019nde do\u011fan sanat\u00e7\u0131-akademisyen Prof. Dr. H\u00fcsamettin Ko\u00e7an, k\u00fc\u00e7\u00fckl\u00fc\u011f\u00fcnde babas\u0131n\u0131n i\u015ften d\u00f6n\u00fc\u015f\u00fcn\u00fc bekledi\u011fi \u00c7oruh Vadisi manzaral\u0131 tepeye kurdu\u011fu m\u00fczeye, k\u00f6y\u00fcn eski ad\u0131n\u0131 vererek Baks\u0131 demi\u015f. Ba\u015fta sanat\u00e7\u0131lar ve tasar\u0131mc\u0131lar olmak \u00fczere bir\u00e7ok g\u00f6n\u00fcll\u00fcn\u00fcn katk\u0131s\u0131yla y\u0131llar i\u00e7inde adeta bir toplumsal sanat projesi \u00e7\u0131kar\u0131lm\u0131\u015f ortaya. Sergi salonlar\u0131, depo m\u00fcze, at\u00f6lyeler, konferans salonu, k\u00fct\u00fcphane ve konukevi ile 68 d\u00f6n\u00fcml\u00fck bir araziye yay\u0131lan Baks\u0131, giderek b\u00fcy\u00fcyen \u00e7a\u011fda\u015f sanat koleksiyonuyla an\u0131lsa da geleneksel sanatlara ait \u00f6nemli bir varl\u0131\u011fa da sahip. Ziyaret: Pazartesi hari\u00e7 10.00-12:30 ve 13:30-19.00 aras\u0131. Bilet: Tam: 15 TL \u2013 \u00d6\u011frenci: 6 TL. www.baksi.org<\/h3>\n<figure class=\"wp-block-image\"><img decoding=\"async\" src=\"https:\/\/i0.wp.com\/media-cdn.t24.com.tr\/media\/library\/2021\/08\/1630148884539-983252.jpg?ssl=1\" alt=\"Bayburt\u2019tan; 20 May\u0131s-5 Haziran aras\u0131 K\u0131rkp\u0131nar k\u00f6y\u00fcnde doktor y\u0131lanlar\u0131 g\u00f6rmeden, Ayd\u0131ntepe Yeralt\u0131 \u015eehri\u2019ni, Bayburt Kalesi\u2019ni, \u00c7\u0131ma\u011f\u0131l Ma\u011faras\u0131\u2019n\u0131, Sar\u0131kayalar \u015eelalesi\u2019ni, \u015eehit Osman T\u00fcrbesi\u2019ni, Ulu Cami\u2019yi, Y\u0131lanl\u0131 K\u00f6y\u00fc, Kenan Yavuz Kona\u011f\u0131 ve K\u00fclt\u00fcr Evi\u2019ni g\u00f6rmeden, \u00c7oruh\u2019ta rafting, Kop Da\u011f\u0131\u2019nda kayak, Aslan Da\u011f\u0131\u2019nda piknik yapmadan d\u00f6nmeyin.\" data-recalc-dims=\"1\" \/><\/figure>\n<h3>Bayburt\u2019tan; 20 May\u0131s-5 Haziran aras\u0131 K\u0131rkp\u0131nar k\u00f6y\u00fcnde doktor y\u0131lanlar\u0131 g\u00f6rmeden, Ayd\u0131ntepe Yeralt\u0131 \u015eehri\u2019ni, Bayburt Kalesi\u2019ni, \u00c7\u0131ma\u011f\u0131l Ma\u011faras\u0131\u2019n\u0131, Sar\u0131kayalar \u015eelalesi\u2019ni, \u015eehit Osman T\u00fcrbesi\u2019ni, Ulu Cami\u2019yi, Y\u0131lanl\u0131 K\u00f6y\u00fc, Kenan Yavuz Kona\u011f\u0131 ve K\u00fclt\u00fcr Evi\u2019ni g\u00f6rmeden, \u00c7oruh\u2019ta rafting, Kop Da\u011f\u0131\u2019nda kayak, Aslan Da\u011f\u0131\u2019nda piknik yapmadan d\u00f6nmeyin.<\/h3>\n<figure class=\"wp-block-image\"><img decoding=\"async\" src=\"https:\/\/i0.wp.com\/media-cdn.t24.com.tr\/media\/library\/2021\/08\/1630148910460-zeugma-mozaik-muzesi-1-milyon-misafiri-agirladi-1611829833-5451.jpg?ssl=1\" alt=\"Zeugma Mozaik M\u00fczesi \" data-recalc-dims=\"1\" \/><\/figure>\n<h3>Zeugma Mozaik M\u00fczesi<\/h3>\n<p><img decoding=\"async\" src=\"https:\/\/i1.wp.com\/media-cdn.t24.com.tr\/media\/library\/2021\/08\/1630148925529-1585833388-zeugma-mozaik-muzesi.jpg?ssl=1\" alt=\"Zeugma Mozaik M\u00fczesi | 30 bin metrekarelik devasa bir alan \u00fczerine kurulu m\u00fczede  tarihi bu denli ba\u015far\u0131 ile uyand\u0131rmak hem zor, hem de iddial\u0131 bir i\u015f. M\u00fczeye girerken Zeugma Antik Kenti\u2019ndeki bir tap\u0131na\u011fa ait oldu\u011fu d\u00fc\u015f\u00fcn\u00fclen Athena heykeli kar\u015f\u0131l\u0131yor sizi. Bu ayn\u0131 zamanda i\u00e7eride mozaikten daha fazlas\u0131n\u0131n oldu\u011funun da ilk habercisi. Gezerken, en alt kattaki Roma hamamlar\u0131ndan ba\u015flay\u0131p tepedeki evlere do\u011fru yava\u015f\u00e7a t\u0131rmand\u0131\u011f\u0131n\u0131z\u0131 hissedeceksiniz. Mozaikler kullan\u0131lan renklerin \u00e7e\u015fitlili\u011fi ve tesseralar\u0131n k\u00fc\u00e7\u00fckl\u00fc\u011f\u00fc nedeniyle arkeolojik a\u00e7\u0131dan \u00e7ok de\u011ferli kabul ediliyor. Eserler ait olduklar\u0131 villalar canland\u0131r\u0131larak sergilenmi\u015f. M\u00fczeyi d\u00fcnyaya tan\u0131tan ba\u015fyap\u0131ta \u201cZeugmal\u0131 \u00c7ingene K\u0131z\u201d ad\u0131 tak\u0131lm\u0131\u015f. Asl\u0131nda kim oldu\u011fu, cinsiyeti gibi detaylar \u00fczerine tart\u0131\u015fmalar hala s\u00fcr\u00fcyor. M\u00fczenin ba\u015fyap\u0131tlar\u0131ndan biri olarak kabul g\u00f6ren Mars heykelinin g\u00f6zleri alt\u0131n ve g\u00fcm\u00fc\u015ften yap\u0131lm\u0131\u015f. Ziyaret: Hafta i\u00e7i her g\u00fcn 8.30-19.00 Bilet: 40 TL. M\u00fcze kart ile \u00fccretsiz. www.muze.org.tr \" data-recalc-dims=\"1\" \/><\/p>\n<h3>Zeugma Mozaik M\u00fczesi | 30 bin metrekarelik devasa bir alan \u00fczerine kurulu m\u00fczede tarihi bu denli ba\u015far\u0131 ile uyand\u0131rmak hem zor, hem de iddial\u0131 bir i\u015f. M\u00fczeye girerken Zeugma Antik Kenti\u2019ndeki bir tap\u0131na\u011fa ait oldu\u011fu d\u00fc\u015f\u00fcn\u00fclen Athena heykeli kar\u015f\u0131l\u0131yor sizi. Bu ayn\u0131 zamanda i\u00e7eride mozaikten daha fazlas\u0131n\u0131n oldu\u011funun da ilk habercisi. Gezerken, en alt kattaki Roma hamamlar\u0131ndan ba\u015flay\u0131p tepedeki evlere do\u011fru yava\u015f\u00e7a t\u0131rmand\u0131\u011f\u0131n\u0131z\u0131 hissedeceksiniz. Mozaikler kullan\u0131lan renklerin \u00e7e\u015fitlili\u011fi ve tesseralar\u0131n k\u00fc\u00e7\u00fckl\u00fc\u011f\u00fc nedeniyle arkeolojik a\u00e7\u0131dan \u00e7ok de\u011ferli kabul ediliyor. Eserler ait olduklar\u0131 villalar canland\u0131r\u0131larak sergilenmi\u015f. M\u00fczeyi d\u00fcnyaya tan\u0131tan ba\u015fyap\u0131ta \u201cZeugmal\u0131 \u00c7ingene K\u0131z\u201d ad\u0131 tak\u0131lm\u0131\u015f. Asl\u0131nda kim oldu\u011fu, cinsiyeti gibi detaylar \u00fczerine tart\u0131\u015fmalar hala s\u00fcr\u00fcyor. M\u00fczenin ba\u015fyap\u0131tlar\u0131ndan biri olarak kabul g\u00f6ren Mars heykelinin g\u00f6zleri alt\u0131n ve g\u00fcm\u00fc\u015ften yap\u0131lm\u0131\u015f. Ziyaret: Hafta i\u00e7i her g\u00fcn 8.30-19.00 Bilet: 40 TL. M\u00fcze kart ile \u00fccretsiz. www.muze.org.tr<\/h3>\n<figure class=\"wp-block-image\"><img decoding=\"async\" src=\"https:\/\/i0.wp.com\/media-cdn.t24.com.tr\/media\/library\/2021\/08\/1630148940790-thumbs-b-c-6-c-8-fe-69-f-977-f-168-f-733617337-eb-2-cf-71.jpg?ssl=1\" alt=\"Gaziantep\u2019ten; Emine G\u00f6\u011f\u00fc\u015f Mutfak Sanatlar\u0131 M\u00fczesi\u2019ni g\u00f6rmeden, Zeugma M\u00fczesi\u2019nin arka soka\u011f\u0131ndaki Halil Usta\u2019da k\u00fc\u015fleme yemeden, Metanet\u2019te beyran a\u015f\u0131 i\u00e7meden, Katmerci Zekeriya\u2019n\u0131n katmerlerini tatmadan, Zeki \u0130nal\u2019\u0131n \u015f\u00f6biyetine yeti\u015fmeden (\u00f6\u011fle saatleri bitiyor), Bak\u0131rc\u0131lar \u00c7ar\u015f\u0131s\u0131\u2019n\u0131 gezmeden, Nefis bir ak\u015fam yeme\u011fi yemeden d\u00f6nmeyin.\" data-recalc-dims=\"1\" \/><\/figure>\n<h3>Gaziantep\u2019ten; Emine G\u00f6\u011f\u00fc\u015f Mutfak Sanatlar\u0131 M\u00fczesi\u2019ni g\u00f6rmeden, Zeugma M\u00fczesi\u2019nin arka soka\u011f\u0131ndaki Halil Usta\u2019da k\u00fc\u015fleme yemeden, Metanet\u2019te beyran a\u015f\u0131 i\u00e7meden, Katmerci Zekeriya\u2019n\u0131n katmerlerini tatmadan, Zeki \u0130nal\u2019\u0131n \u015f\u00f6biyetine yeti\u015fmeden (\u00f6\u011fle saatleri bitiyor), Bak\u0131rc\u0131lar \u00c7ar\u015f\u0131s\u0131\u2019n\u0131 gezmeden, Nefis bir ak\u015fam yeme\u011fi yemeden d\u00f6nmeyin.<\/h3>\n<figure class=\"wp-block-image\"><img decoding=\"async\" src=\"https:\/\/i1.wp.com\/media-cdn.t24.com.tr\/media\/library\/2021\/08\/1630148960885-130418.jpg?ssl=1\" alt=\"Troya M\u00fczesi \" data-recalc-dims=\"1\" \/><\/figure>\n<h3>Troya M\u00fczesi<\/h3>\n<p><img decoding=\"async\" src=\"https:\/\/i2.wp.com\/media-cdn.t24.com.tr\/media\/library\/2021\/08\/1630148975654-troya-6-16-9-1621025495-880-x-495.jpg?ssl=1\" alt=\"Troya M\u00fczesi | T\u00fcrkiye\u2019nin nispeten yeni a\u00e7\u0131lan en m\u00fcthi\u015f m\u00fczelerinden biri. Troya Y\u0131l\u0131 olan 2018\u2019de ziyarete a\u00e7\u0131ld\u0131. \u00d6ncesinde  132 projenin kat\u0131ld\u0131\u011f\u0131 mimari yar\u0131\u015fma yap\u0131ld\u0131 ve birinci olan eserin yap\u0131m\u0131 sekiz y\u0131l s\u00fcrd\u00fc. Sergi yap\u0131s\u0131n\u0131 saran rampalarla yukar\u0131 \u00e7\u0131kmaya ba\u015flad\u0131\u011f\u0131n\u0131zda, cephedeki yar\u0131klardan co\u011frafya, tarlalar ve Troya kal\u0131nt\u0131lar\u0131n\u0131 g\u00f6rebilirsiniz. \u00c7at\u0131ya ula\u015ft\u0131\u011f\u0131n\u0131zda ise dev bir seyir teras\u0131 sizi bekler. M\u00fczede, Homeros\u2019un \u0130lyada Destan\u0131 ile tarihe ge\u00e7mi\u015f Troas B\u00f6lgesi\u2019nde iz b\u0131rakan Troia ve k\u00fclt\u00fcrlerinin ya\u015fam\u0131 ve arkeolojik tarihi, kaz\u0131lardan \u00e7\u0131kan eserler arac\u0131l\u0131\u011f\u0131yla anlat\u0131l\u0131yor. S\u0131rf, Troya M\u00fczesini g\u00f6rmek i\u00e7in bile \u00c7anakkale\u2019ye yola \u00e7\u0131kmaya de\u011fer.  Ziyaret: 09:00 \u2013 17:30 Haftan\u0131n her g\u00fcn\u00fc \u2013 Bilet: 60 TL \/ M\u00fcze Kart ile \u00fccretsiz.\" data-recalc-dims=\"1\" \/><\/p>\n<h3>Troya M\u00fczesi | T\u00fcrkiye\u2019nin nispeten yeni a\u00e7\u0131lan en m\u00fcthi\u015f m\u00fczelerinden biri. Troya Y\u0131l\u0131 olan 2018\u2019de ziyarete a\u00e7\u0131ld\u0131. \u00d6ncesinde 132 projenin kat\u0131ld\u0131\u011f\u0131 mimari yar\u0131\u015fma yap\u0131ld\u0131 ve birinci olan eserin yap\u0131m\u0131 sekiz y\u0131l s\u00fcrd\u00fc. Sergi yap\u0131s\u0131n\u0131 saran rampalarla yukar\u0131 \u00e7\u0131kmaya ba\u015flad\u0131\u011f\u0131n\u0131zda, cephedeki yar\u0131klardan co\u011frafya, tarlalar ve Troya kal\u0131nt\u0131lar\u0131n\u0131 g\u00f6rebilirsiniz. \u00c7at\u0131ya ula\u015ft\u0131\u011f\u0131n\u0131zda ise dev bir seyir teras\u0131 sizi bekler. M\u00fczede, Homeros\u2019un \u0130lyada Destan\u0131 ile tarihe ge\u00e7mi\u015f Troas B\u00f6lgesi\u2019nde iz b\u0131rakan Troia ve k\u00fclt\u00fcrlerinin ya\u015fam\u0131 ve arkeolojik tarihi, kaz\u0131lardan \u00e7\u0131kan eserler arac\u0131l\u0131\u011f\u0131yla anlat\u0131l\u0131yor. S\u0131rf, Troya M\u00fczesini g\u00f6rmek i\u00e7in bile \u00c7anakkale\u2019ye yola \u00e7\u0131kmaya de\u011fer. Ziyaret: 09:00 \u2013 17:30 Haftan\u0131n her g\u00fcn\u00fc \u2013 Bilet: 60 TL \/ M\u00fcze Kart ile \u00fccretsiz.<\/h3>\n<figure class=\"wp-block-image\"><img decoding=\"async\" src=\"https:\/\/i1.wp.com\/media-cdn.t24.com.tr\/media\/library\/2021\/08\/1630148994678-truva-canakkale-gezilecek-yerler.png?ssl=1\" alt=\"\u00c7anakkale\u2019den; Gelibolu Yar\u0131madas\u0131\u2019ndaki \u015fehitlikleri ziyaret etmeden, Merkezdeki \u00c7imenlik Kalesi\u2019ne, Arkeoloji M\u00fczesi\u2019ne ve Aynal\u0131 \u00c7ar\u015f\u0131\u2019ya u\u011framadan, Assos\u2019da Athena Tap\u0131na\u011f\u0131\u2019n\u0131 ve H\u00fcdavendigar Camii\u2019ni g\u00f6rmeden, Kazda\u011flar\u0131\u2019n\u0131 gezmeden, G\u00f6k\u00e7eada\u2019da \u00e7amur banyosu yapmadan, peynir kayal\u0131klar\u0131n\u0131, Marmaros \u015eelalesini g\u00f6rmeden, Bozcaada\u2019n\u0131n muhte\u015fem plajlar\u0131nda y\u00fczmeden, Peynir helvas\u0131 yemeden d\u00f6nmeyin.\" data-recalc-dims=\"1\" \/><\/figure>\n<h3>\u00c7anakkale\u2019den; Gelibolu Yar\u0131madas\u0131\u2019ndaki \u015fehitlikleri ziyaret etmeden, Merkezdeki \u00c7imenlik Kalesi\u2019ne, Arkeoloji M\u00fczesi\u2019ne ve Aynal\u0131 \u00c7ar\u015f\u0131\u2019ya u\u011framadan, Assos\u2019da Athena Tap\u0131na\u011f\u0131\u2019n\u0131 ve H\u00fcdavendigar Camii\u2019ni g\u00f6rmeden, Kazda\u011flar\u0131\u2019n\u0131 gezmeden, G\u00f6k\u00e7eada\u2019da \u00e7amur banyosu yapmadan, peynir kayal\u0131klar\u0131n\u0131, Marmaros \u015eelalesini g\u00f6rmeden, Bozcaada\u2019n\u0131n muhte\u015fem plajlar\u0131nda y\u00fczmeden, Peynir helvas\u0131 yemeden d\u00f6nmeyin.<\/h3>\n<figure class=\"wp-block-image\"><img decoding=\"async\" src=\"https:\/\/i1.wp.com\/media-cdn.t24.com.tr\/media\/library\/2021\/08\/1630149019463-sanliurfa-daki-muzeler-pazartesi-gunleri-de-acik-olacak.jpg?ssl=1\" alt=\"\u015eanl\u0131urfa Arkeoloji M\u00fczesi \" data-recalc-dims=\"1\" \/><\/figure>\n<h3>\u015eanl\u0131urfa Arkeoloji M\u00fczesi<\/h3>\n<p><img decoding=\"async\" src=\"https:\/\/i2.wp.com\/media-cdn.t24.com.tr\/media\/library\/2021\/08\/1630149027726-sanliurfa-muzesi-giris-ucreti.jpg?ssl=1\" alt=\"\u015eanl\u0131urfa Arkeoloji M\u00fczesi | Tam\u0131 tam\u0131na 74 bin eser var bu m\u00fczede. B\u00fcy\u00fck b\u00f6l\u00fcm\u00fc kaz\u0131lardan \u00e7\u0131kar\u0131lm\u0131\u015f bir k\u0131sm\u0131n\u0131 da y\u00f6re halk\u0131 tesad\u00fcfen bulup ba\u011f\u0131\u015flam\u0131\u015f. T\u00fcrkiye\u2019nin en b\u00fcy\u00fck be\u015finci m\u00fczesi. Giri\u015f kat\u0131ndaki ilk salon Asur, Babil ve Hitit \u00e7a\u011flar\u0131na ait ta\u015f eserlere ayr\u0131lm\u0131\u015f. Neolitik, Kalkolitik, Eski Tun\u00e7 d\u00f6nemlerine ait \u00e7ok \u00f6nemli buluntular sergileniyor. Etnografik eserler b\u00f6l\u00fcm\u00fcnde ise y\u00f6renin \u00f6zelliklerini ta\u015f\u0131yan giysiler, g\u00fcm\u00fc\u015f ve bronz tak\u0131lar, el sanatlar\u0131ndan \u00f6rnekler, oymal\u0131 kitabeli ah\u015fap kap\u0131lar ve pencere kanatlar\u0131 ile el yazmas\u0131 Kuran-\u0131 Kerim\u2019ler yer al\u0131yor. M\u00fcze bah\u00e7esindeki te\u015fhir alan\u0131nda ise hayvan tasvirlerinin yer ald\u0131\u011f\u0131 bir mozaik havuzu bulunuyor. \" data-recalc-dims=\"1\" \/><\/p>\n<h3>\u015eanl\u0131urfa Arkeoloji M\u00fczesi | Tam\u0131 tam\u0131na 74 bin eser var bu m\u00fczede. B\u00fcy\u00fck b\u00f6l\u00fcm\u00fc kaz\u0131lardan \u00e7\u0131kar\u0131lm\u0131\u015f bir k\u0131sm\u0131n\u0131 da y\u00f6re halk\u0131 tesad\u00fcfen bulup ba\u011f\u0131\u015flam\u0131\u015f. T\u00fcrkiye\u2019nin en b\u00fcy\u00fck be\u015finci m\u00fczesi. Giri\u015f kat\u0131ndaki ilk salon Asur, Babil ve Hitit \u00e7a\u011flar\u0131na ait ta\u015f eserlere ayr\u0131lm\u0131\u015f. Neolitik, Kalkolitik, Eski Tun\u00e7 d\u00f6nemlerine ait \u00e7ok \u00f6nemli buluntular sergileniyor. Etnografik eserler b\u00f6l\u00fcm\u00fcnde ise y\u00f6renin \u00f6zelliklerini ta\u015f\u0131yan giysiler, g\u00fcm\u00fc\u015f ve bronz tak\u0131lar, el sanatlar\u0131ndan \u00f6rnekler, oymal\u0131 kitabeli ah\u015fap kap\u0131lar ve pencere kanatlar\u0131 ile el yazmas\u0131 Kuran-\u0131 Kerim\u2019ler yer al\u0131yor. M\u00fcze bah\u00e7esindeki te\u015fhir alan\u0131nda ise hayvan tasvirlerinin yer ald\u0131\u011f\u0131 bir mozaik havuzu bulunuyor.<\/h3>\n<figure class=\"wp-block-image\"><img decoding=\"async\" src=\"https:\/\/i1.wp.com\/media-cdn.t24.com.tr\/media\/library\/2021\/08\/1630149082721-d-1-a-254-a-0641-d-7-d-3-c-7132-ba-5-aa-4-ceb-8-ce.jpg?ssl=1\" alt=\"\u015eanl\u0131urfa\u2019dan; G\u00f6beklitepe\u2019ye bir g\u00fcn\u00fcn\u00fcz\u00fc ay\u0131rmadan, Eyy\u00fcp Peygamber Makam\u0131 ve camisini g\u00f6rmeden, Bal\u0131kl\u0131g\u00f6l ve \u00e7evresini ziyaret etmeden, G\u00fcmr\u00fck Han\u0131\u2019nda kahve i\u00e7meden ve al\u0131\u015fveri\u015f etmeden, Aynzeliha G\u00f6l\u00fc\u2019n\u00fc g\u00f6rmeden, Tarihi \u015fehir Halfeti\u2019de boydan boya tekne turu yapmadan, Tarihi Harran evlerini g\u00f6rmeden d\u00f6nmeyin. \" data-recalc-dims=\"1\" \/><\/figure>\n<h3>\u015eanl\u0131urfa\u2019dan; G\u00f6beklitepe\u2019ye bir g\u00fcn\u00fcn\u00fcz\u00fc ay\u0131rmadan, Eyy\u00fcp Peygamber Makam\u0131 ve camisini g\u00f6rmeden, Bal\u0131kl\u0131g\u00f6l ve \u00e7evresini ziyaret etmeden, G\u00fcmr\u00fck Han\u0131\u2019nda kahve i\u00e7meden ve al\u0131\u015fveri\u015f etmeden, Aynzeliha G\u00f6l\u00fc\u2019n\u00fc g\u00f6rmeden, Tarihi \u015fehir Halfeti\u2019de boydan boya tekne turu yapmadan, Tarihi Harran evlerini g\u00f6rmeden d\u00f6nmeyin.<\/h3>\n<figure class=\"wp-block-image\"><img decoding=\"async\" src=\"https:\/\/i0.wp.com\/media-cdn.t24.com.tr\/media\/library\/2021\/08\/1630149106845-hqdefault.jpg?ssl=1\" alt=\"Bodrum Sualt\u0131 Arkeoloji M\u00fczesi \" data-recalc-dims=\"1\" \/><\/figure>\n<h3>Bodrum Sualt\u0131 Arkeoloji M\u00fczesi<\/h3>\n<figure class=\"wp-block-image\"><img decoding=\"async\" src=\"https:\/\/i0.wp.com\/media-cdn.t24.com.tr\/media\/library\/2021\/08\/1630149120772-bodrum-su-alti-arkeoloji-muzesi.jpg?ssl=1\" alt=\"Bodrum Sualt\u0131 Arkeoloji M\u00fczesi | Bodrum Kalesi, \u201cSt. Jean \u015e\u00f6valyeleri\u2019nin Kalesi\u201d olarak 1406-1523 y\u0131llar\u0131nda yap\u0131lm\u0131\u015f.  Kalenin i\u00e7inde yer alan ve \u00a8Ya\u015fayan M\u00fcze\u00a8 tarz\u0131n\u0131n ba\u015far\u0131l\u0131 \u00f6rneklerinden olan Bodrum Sualt\u0131 Arkeoloji M\u00fczesi\u2019nin \u00fclkemizde bir benzeri daha yok. Eski d\u00fcnyan\u0131n 7 harikas\u0131ndan biri olan ve Yunan mimarisiyle M\u0131s\u0131r piramitlerini birle\u015ftirerek yepyeni bir tarz ortaya \u00e7\u0131karan Karya Kral\u0131 Mausolos\u2019un an\u0131t mezar\u0131ndan kalanlarla \u00f6n\u00fcne kaz\u0131lan hendekler nedeniyle B\u00fcy\u00fck \u0130skender\u2019in a\u015famad\u0131\u011f\u0131 kap\u0131 olarak da bilinen Halikarnassos \u015fehrinin giri\u015f kap\u0131lar\u0131ndan biri olan Myndos Kap\u0131s\u0131\u2019n\u0131n g\u00fcn\u00fcm\u00fcze ula\u015fabilen hali de m\u00fczede sergileniyor.\" data-recalc-dims=\"1\" \/><\/figure>\n<h3>Bodrum Sualt\u0131 Arkeoloji M\u00fczesi | Bodrum Kalesi, \u201cSt. Jean \u015e\u00f6valyeleri\u2019nin Kalesi\u201d olarak 1406-1523 y\u0131llar\u0131nda yap\u0131lm\u0131\u015f. Kalenin i\u00e7inde yer alan ve \u00a8Ya\u015fayan M\u00fcze\u00a8 tarz\u0131n\u0131n ba\u015far\u0131l\u0131 \u00f6rneklerinden olan Bodrum Sualt\u0131 Arkeoloji M\u00fczesi\u2019nin \u00fclkemizde bir benzeri daha yok. Eski d\u00fcnyan\u0131n 7 harikas\u0131ndan biri olan ve Yunan mimarisiyle M\u0131s\u0131r piramitlerini birle\u015ftirerek yepyeni bir tarz ortaya \u00e7\u0131karan Karya Kral\u0131 Mausolos\u2019un an\u0131t mezar\u0131ndan kalanlarla \u00f6n\u00fcne kaz\u0131lan hendekler nedeniyle B\u00fcy\u00fck \u0130skender\u2019in a\u015famad\u0131\u011f\u0131 kap\u0131 olarak da bilinen Halikarnassos \u015fehrinin giri\u015f kap\u0131lar\u0131ndan biri olan Myndos Kap\u0131s\u0131\u2019n\u0131n g\u00fcn\u00fcm\u00fcze ula\u015fabilen hali de m\u00fczede sergileniyor.<\/h3>\n<figure class=\"wp-block-image\"><img decoding=\"async\" src=\"https:\/\/i0.wp.com\/media-cdn.t24.com.tr\/media\/library\/2021\/08\/1630149149704-bodrum-01.jpg?ssl=1\" alt=\"Bodrum\u2019dan; Yel De\u011firmenleri\u2019ne \u00e7\u0131kmadan, Kuytu Bah\u00e7e\u2019de kahvalt\u0131 etmeden, G\u00fcm\u00fc\u015fl\u00fck Limon ya da Tel Dolap\u2019ta g\u00fcn\u00fc bat\u0131rmadan, Marina Yat Kul\u00fcp\u2019te canl\u0131 m\u00fczik dinlemeden, \u015eahane koylar\u0131 ke\u015ffetmeden d\u00f6nmeyin. \" data-recalc-dims=\"1\" \/><\/figure>\n<h3>Bodrum\u2019dan; Yel De\u011firmenleri\u2019ne \u00e7\u0131kmadan, Kuytu Bah\u00e7e\u2019de kahvalt\u0131 etmeden, G\u00fcm\u00fc\u015fl\u00fck Limon ya da Tel Dolap\u2019ta g\u00fcn\u00fc bat\u0131rmadan, Marina Yat Kul\u00fcp\u2019te canl\u0131 m\u00fczik dinlemeden, \u015eahane koylar\u0131 ke\u015ffetmeden d\u00f6nmeyin.<\/h3>\n<figure class=\"wp-block-image\"><img decoding=\"async\" src=\"https:\/\/i1.wp.com\/media-cdn.t24.com.tr\/media\/library\/2021\/08\/1630149168651-odunpazari-modern-muze-9.jpg?ssl=1\" alt=\"OMM Modern M\u00fcze \" data-recalc-dims=\"1\" \/><\/figure>\n<h3>OMM Modern M\u00fcze<\/h3>\n<figure class=\"wp-block-image\"><img decoding=\"async\" src=\"https:\/\/i0.wp.com\/media-cdn.t24.com.tr\/media\/library\/2021\/08\/1630149181554-5-f-6-b-157918-c-7730768-a-39-b-96.jpg?ssl=1\" alt=\"OMM Modern M\u00fcze | M\u00fcze binas\u0131, d\u00fcnyaca \u00fcnl\u00fc Japon mimarl\u0131k ofisi Kengo Kuma and Associates taraf\u0131ndan yap\u0131lm\u0131\u015f. Geleneksel Odunpazar\u0131 evlerinin modern bir yorumu. 4 bin 500 metrekarelik m\u00fczede, farkl\u0131 b\u00fcy\u00fckl\u00fcklerde sergileme alanlar\u0131, kafeler, m\u00fcze d\u00fckk\u00e2n ve at\u00f6lyeler var.  M\u00fczede kurucusu Erol Tabanca\u2019n\u0131n 15 y\u0131ldan fazla s\u00fcredir biriktirdi\u011fi koleksiyonunu, 1950\u2019lerden g\u00fcn\u00fcm\u00fcze T\u00fcrkiye\u2019den ve d\u00fcnyadan \u00e7ok \u00f6nemli sanat\u00e7\u0131lar\u0131n eserlerini g\u00f6rmeniz m\u00fcmk\u00fcn. Burhan Do\u011fan\u00e7ay, Erol Akyava\u015f, Haluk Akak\u00e7e, Taner Ceylan, \u0130nci Eviner, Peter Zimmerman, Julian Opie, Sarah Morris, eserleri sergilenen isimlerden yaln\u0131zca birka\u00e7\u0131. Ziyaret: Pazartesi hari\u00e7 10.00-18.00 aras\u0131, \u00e7ar\u015fambalar\u0131 20.00\u2019ye dek a\u00e7\u0131k. Bilet: Tam: 20 TL \u0130ndirimli: 15 TL.\" data-recalc-dims=\"1\" \/><\/figure>\n<h3>OMM Modern M\u00fcze | M\u00fcze binas\u0131, d\u00fcnyaca \u00fcnl\u00fc Japon mimarl\u0131k ofisi Kengo Kuma and Associates taraf\u0131ndan yap\u0131lm\u0131\u015f. Geleneksel Odunpazar\u0131 evlerinin modern bir yorumu. 4 bin 500 metrekarelik m\u00fczede, farkl\u0131 b\u00fcy\u00fckl\u00fcklerde sergileme alanlar\u0131, kafeler, m\u00fcze d\u00fckk\u00e2n ve at\u00f6lyeler var. M\u00fczede kurucusu Erol Tabanca\u2019n\u0131n 15 y\u0131ldan fazla s\u00fcredir biriktirdi\u011fi koleksiyonunu, 1950\u2019lerden g\u00fcn\u00fcm\u00fcze T\u00fcrkiye\u2019den ve d\u00fcnyadan \u00e7ok \u00f6nemli sanat\u00e7\u0131lar\u0131n eserlerini g\u00f6rmeniz m\u00fcmk\u00fcn. Burhan Do\u011fan\u00e7ay, Erol Akyava\u015f, Haluk Akak\u00e7e, Taner Ceylan, \u0130nci Eviner, Peter Zimmerman, Julian Opie, Sarah Morris, eserleri sergilenen isimlerden yaln\u0131zca birka\u00e7\u0131. Ziyaret: Pazartesi hari\u00e7 10.00-18.00 aras\u0131, \u00e7ar\u015fambalar\u0131 20.00\u2019ye dek a\u00e7\u0131k. Bilet: Tam: 20 TL \u0130ndirimli: 15 TL.<\/h3>\n<figure class=\"wp-block-image\"><img decoding=\"async\" src=\"https:\/\/i0.wp.com\/media-cdn.t24.com.tr\/media\/library\/2021\/08\/1630149199733-31-u-5-oe-s-kt-es-ko-0-n-hk-pk-az-a.jpg?ssl=1\" alt=\"Eski\u015fehir\u2019den; Friglerin en g\u00f6rkemli an\u0131t\u0131 Yaz\u0131l\u0131kaya Midas An\u0131t\u0131\u2019n\u0131 g\u00f6rmeden, Han\u2019daki yeralt\u0131 \u015fehrini ke\u015ffetmeden, Sivrihisar\u2019da Ulu Cami\u2019deki ah\u015fap i\u015f\u00e7ili\u011fini, Alem\u015fah K\u00fcmbeti\u2019ndeki Sel\u00e7uklu sanat\u0131n\u0131  g\u00f6rmeden, Karikat\u00fcr, Cam Sanatlar\u0131, Bal Mumu M\u00fczesi, Havac\u0131l\u0131k m\u00fczelerini gezmeden, Odunpazar\u0131 Evleri\u2019nde tarihi koklamadan, Gondol nostaljisi ya\u015famadan, L\u00fcleta\u015f\u0131, Sorkun \u00e7\u00f6mle\u011fi almadan d\u00f6nmeyin.\" data-recalc-dims=\"1\" \/><\/figure>\n<h3>Eski\u015fehir\u2019den; Friglerin en g\u00f6rkemli an\u0131t\u0131 Yaz\u0131l\u0131kaya Midas An\u0131t\u0131\u2019n\u0131 g\u00f6rmeden, Han\u2019daki yeralt\u0131 \u015fehrini ke\u015ffetmeden, Sivrihisar\u2019da Ulu Cami\u2019deki ah\u015fap i\u015f\u00e7ili\u011fini, Alem\u015fah K\u00fcmbeti\u2019ndeki Sel\u00e7uklu sanat\u0131n\u0131 g\u00f6rmeden, Karikat\u00fcr, Cam Sanatlar\u0131, Bal Mumu M\u00fczesi, Havac\u0131l\u0131k m\u00fczelerini gezmeden, Odunpazar\u0131 Evleri\u2019nde tarihi koklamadan, Gondol nostaljisi ya\u015famadan, L\u00fcleta\u015f\u0131, Sorkun \u00e7\u00f6mle\u011fi almadan d\u00f6nmeyin.<\/h3>\n<p><em><strong><a href=\"https:\/\/t24.com.tr\/foto-haber\/iste-anadolu-nun-sira-disi-muzeleri,12886\/7\">https:\/\/t24.com.tr\/foto-haber\/iste-anadolu-nun-sira-disi-muzeleri,12886\/7<\/a><\/strong><\/em><\/p>\n","protected":false},"excerpt":{"rendered":"<p>Anadolu\u2019nun s\u0131ra d\u0131\u015f\u0131 m\u00fczeleri \u0130\u015fte Bahar Ak\u0131nc\u0131\u2019n\u0131n Oksijen gazetesinde haz\u0131rlad\u0131\u011f\u0131 \u201cAnadolu\u2019nun s\u0131ra d\u0131\u015f\u0131 m\u00fczeleri\u201d listesi\u2026 Taksiyarhis Rahmi Ko\u00e7 An\u0131t M\u00fczesi Taksiyarhis Rahmi Ko\u00e7 An\u0131t M\u00fczesi | Ayval\u0131k\u2019\u0131n ilk \u00f6zel m\u00fczesi olarak 2014 y\u0131l\u0131nda ziyarete a\u00e7\u0131ld\u0131. Ayval\u0131k\u2019\u0131n ilk kilisesi olan Taksiyarhis, 15. y\u00fczy\u0131lda k\u00fc\u00e7\u00fck bir ibadethane olarak in\u015fa edilmi\u015f. Bazilika tipinde, tek kubbeli ve dikd\u00f6rtgen planl\u0131 [&hellip;]<\/p>\n","protected":false},"author":7,"featured_media":64502,"comment_status":"open","ping_status":"open","sticky":false,"template":"","format":"standard","meta":{"footnotes":""},"categories":[1],"tags":[],"class_list":["post-64501","post","type-post","status-publish","format-standard","has-post-thumbnail","hentry","category-haberler"],"yoast_head":"<!-- This site is optimized with the Yoast SEO plugin v27.4 - https:\/\/yoast.com\/product\/yoast-seo-wordpress\/ -->\n<title>\u0130\u015fte Anadolu\u2019nun s\u0131ra d\u0131\u015f\u0131 m\u00fczeleri - Bati Ermenistan Ve Bati Ermenileri Sorunlari Ara\u015ftirmalar Merkezi<\/title>\n<meta name=\"robots\" content=\"index, follow, max-snippet:-1, max-image-preview:large, max-video-preview:-1\" \/>\n<link rel=\"canonical\" href=\"https:\/\/akunq.net\/tr\/?p=64501\" \/>\n<meta property=\"og:locale\" content=\"en_US\" \/>\n<meta property=\"og:type\" content=\"article\" \/>\n<meta property=\"og:title\" content=\"\u0130\u015fte Anadolu\u2019nun s\u0131ra d\u0131\u015f\u0131 m\u00fczeleri - Bati Ermenistan Ve Bati Ermenileri Sorunlari Ara\u015ftirmalar Merkezi\" \/>\n<meta property=\"og:description\" content=\"Anadolu\u2019nun s\u0131ra d\u0131\u015f\u0131 m\u00fczeleri \u0130\u015fte Bahar Ak\u0131nc\u0131\u2019n\u0131n Oksijen gazetesinde haz\u0131rlad\u0131\u011f\u0131 \u201cAnadolu\u2019nun s\u0131ra d\u0131\u015f\u0131 m\u00fczeleri\u201d listesi\u2026 Taksiyarhis Rahmi Ko\u00e7 An\u0131t M\u00fczesi Taksiyarhis Rahmi Ko\u00e7 An\u0131t M\u00fczesi | Ayval\u0131k\u2019\u0131n ilk \u00f6zel m\u00fczesi olarak 2014 y\u0131l\u0131nda ziyarete a\u00e7\u0131ld\u0131. Ayval\u0131k\u2019\u0131n ilk kilisesi olan Taksiyarhis, 15. y\u00fczy\u0131lda k\u00fc\u00e7\u00fck bir ibadethane olarak in\u015fa edilmi\u015f. Bazilika tipinde, tek kubbeli ve dikd\u00f6rtgen planl\u0131 [&hellip;]\" \/>\n<meta property=\"og:url\" content=\"https:\/\/akunq.net\/tr\/?p=64501\" \/>\n<meta property=\"og:site_name\" content=\"Bati Ermenistan Ve Bati Ermenileri Sorunlari Ara\u015ftirmalar Merkezi\" \/>\n<meta property=\"article:published_time\" content=\"2021-08-31T07:57:15+00:00\" \/>\n<meta property=\"og:image\" content=\"https:\/\/akunq.net\/tr\/wp-content\/uploads\/sites\/6\/2021\/08\/Anadolu\u2019nun-m\u00fczeleri.jpg\" \/>\n\t<meta property=\"og:image:width\" content=\"1600\" \/>\n\t<meta property=\"og:image:height\" content=\"900\" \/>\n\t<meta property=\"og:image:type\" content=\"image\/jpeg\" \/>\n<meta name=\"author\" content=\"admin\" \/>\n<meta name=\"twitter:card\" content=\"summary_large_image\" \/>\n<meta name=\"twitter:label1\" content=\"Written by\" \/>\n\t<meta name=\"twitter:data1\" content=\"admin\" \/>\n\t<meta name=\"twitter:label2\" content=\"Est. reading time\" \/>\n\t<meta name=\"twitter:data2\" content=\"8 minutes\" \/>\n<script type=\"application\/ld+json\" class=\"yoast-schema-graph\">{\"@context\":\"https:\\\/\\\/schema.org\",\"@graph\":[{\"@type\":\"Article\",\"@id\":\"https:\\\/\\\/akunq.net\\\/tr\\\/?p=64501#article\",\"isPartOf\":{\"@id\":\"https:\\\/\\\/akunq.net\\\/tr\\\/?p=64501\"},\"author\":{\"name\":\"admin\",\"@id\":\"https:\\\/\\\/akunq.net\\\/tr\\\/#\\\/schema\\\/person\\\/096f1d38a12cce57fb855b485ed24c9e\"},\"headline\":\"\u0130\u015fte Anadolu\u2019nun s\u0131ra d\u0131\u015f\u0131 m\u00fczeleri\",\"datePublished\":\"2021-08-31T07:57:15+00:00\",\"mainEntityOfPage\":{\"@id\":\"https:\\\/\\\/akunq.net\\\/tr\\\/?p=64501\"},\"wordCount\":1519,\"commentCount\":0,\"image\":{\"@id\":\"https:\\\/\\\/akunq.net\\\/tr\\\/?p=64501#primaryimage\"},\"thumbnailUrl\":\"https:\\\/\\\/akunq.net\\\/tr\\\/wp-content\\\/uploads\\\/sites\\\/6\\\/2021\\\/08\\\/Anadolu\u2019nun-m\u00fczeleri.jpg\",\"articleSection\":[\"Haberler\"],\"inLanguage\":\"en-US\",\"potentialAction\":[{\"@type\":\"CommentAction\",\"name\":\"Comment\",\"target\":[\"https:\\\/\\\/akunq.net\\\/tr\\\/?p=64501#respond\"]}]},{\"@type\":\"WebPage\",\"@id\":\"https:\\\/\\\/akunq.net\\\/tr\\\/?p=64501\",\"url\":\"https:\\\/\\\/akunq.net\\\/tr\\\/?p=64501\",\"name\":\"\u0130\u015fte Anadolu\u2019nun s\u0131ra d\u0131\u015f\u0131 m\u00fczeleri - Bati Ermenistan Ve Bati Ermenileri Sorunlari Ara\u015ftirmalar Merkezi\",\"isPartOf\":{\"@id\":\"https:\\\/\\\/akunq.net\\\/tr\\\/#website\"},\"primaryImageOfPage\":{\"@id\":\"https:\\\/\\\/akunq.net\\\/tr\\\/?p=64501#primaryimage\"},\"image\":{\"@id\":\"https:\\\/\\\/akunq.net\\\/tr\\\/?p=64501#primaryimage\"},\"thumbnailUrl\":\"https:\\\/\\\/akunq.net\\\/tr\\\/wp-content\\\/uploads\\\/sites\\\/6\\\/2021\\\/08\\\/Anadolu\u2019nun-m\u00fczeleri.jpg\",\"datePublished\":\"2021-08-31T07:57:15+00:00\",\"author\":{\"@id\":\"https:\\\/\\\/akunq.net\\\/tr\\\/#\\\/schema\\\/person\\\/096f1d38a12cce57fb855b485ed24c9e\"},\"breadcrumb\":{\"@id\":\"https:\\\/\\\/akunq.net\\\/tr\\\/?p=64501#breadcrumb\"},\"inLanguage\":\"en-US\",\"potentialAction\":[{\"@type\":\"ReadAction\",\"target\":[\"https:\\\/\\\/akunq.net\\\/tr\\\/?p=64501\"]}]},{\"@type\":\"ImageObject\",\"inLanguage\":\"en-US\",\"@id\":\"https:\\\/\\\/akunq.net\\\/tr\\\/?p=64501#primaryimage\",\"url\":\"https:\\\/\\\/akunq.net\\\/tr\\\/wp-content\\\/uploads\\\/sites\\\/6\\\/2021\\\/08\\\/Anadolu\u2019nun-m\u00fczeleri.jpg\",\"contentUrl\":\"https:\\\/\\\/akunq.net\\\/tr\\\/wp-content\\\/uploads\\\/sites\\\/6\\\/2021\\\/08\\\/Anadolu\u2019nun-m\u00fczeleri.jpg\",\"width\":1600,\"height\":900},{\"@type\":\"BreadcrumbList\",\"@id\":\"https:\\\/\\\/akunq.net\\\/tr\\\/?p=64501#breadcrumb\",\"itemListElement\":[{\"@type\":\"ListItem\",\"position\":1,\"name\":\"Home\",\"item\":\"https:\\\/\\\/akunq.net\\\/tr\"},{\"@type\":\"ListItem\",\"position\":2,\"name\":\"\u0130\u015fte Anadolu\u2019nun s\u0131ra d\u0131\u015f\u0131 m\u00fczeleri\"}]},{\"@type\":\"WebSite\",\"@id\":\"https:\\\/\\\/akunq.net\\\/tr\\\/#website\",\"url\":\"https:\\\/\\\/akunq.net\\\/tr\\\/\",\"name\":\"Bati Ermenistan Ve Bati Ermenileri Sorunlari Ara\u015ftirmalar Merkezi\",\"description\":\"\",\"potentialAction\":[{\"@type\":\"SearchAction\",\"target\":{\"@type\":\"EntryPoint\",\"urlTemplate\":\"https:\\\/\\\/akunq.net\\\/tr\\\/?s={search_term_string}\"},\"query-input\":{\"@type\":\"PropertyValueSpecification\",\"valueRequired\":true,\"valueName\":\"search_term_string\"}}],\"inLanguage\":\"en-US\"},{\"@type\":\"Person\",\"@id\":\"https:\\\/\\\/akunq.net\\\/tr\\\/#\\\/schema\\\/person\\\/096f1d38a12cce57fb855b485ed24c9e\",\"name\":\"admin\",\"url\":\"https:\\\/\\\/akunq.net\\\/tr\\\/?author=7\"}]}<\/script>\n<!-- \/ Yoast SEO plugin. -->","yoast_head_json":{"title":"\u0130\u015fte Anadolu\u2019nun s\u0131ra d\u0131\u015f\u0131 m\u00fczeleri - Bati Ermenistan Ve Bati Ermenileri Sorunlari Ara\u015ftirmalar Merkezi","robots":{"index":"index","follow":"follow","max-snippet":"max-snippet:-1","max-image-preview":"max-image-preview:large","max-video-preview":"max-video-preview:-1"},"canonical":"https:\/\/akunq.net\/tr\/?p=64501","og_locale":"en_US","og_type":"article","og_title":"\u0130\u015fte Anadolu\u2019nun s\u0131ra d\u0131\u015f\u0131 m\u00fczeleri - Bati Ermenistan Ve Bati Ermenileri Sorunlari Ara\u015ftirmalar Merkezi","og_description":"Anadolu\u2019nun s\u0131ra d\u0131\u015f\u0131 m\u00fczeleri \u0130\u015fte Bahar Ak\u0131nc\u0131\u2019n\u0131n Oksijen gazetesinde haz\u0131rlad\u0131\u011f\u0131 \u201cAnadolu\u2019nun s\u0131ra d\u0131\u015f\u0131 m\u00fczeleri\u201d listesi\u2026 Taksiyarhis Rahmi Ko\u00e7 An\u0131t M\u00fczesi Taksiyarhis Rahmi Ko\u00e7 An\u0131t M\u00fczesi | Ayval\u0131k\u2019\u0131n ilk \u00f6zel m\u00fczesi olarak 2014 y\u0131l\u0131nda ziyarete a\u00e7\u0131ld\u0131. Ayval\u0131k\u2019\u0131n ilk kilisesi olan Taksiyarhis, 15. y\u00fczy\u0131lda k\u00fc\u00e7\u00fck bir ibadethane olarak in\u015fa edilmi\u015f. Bazilika tipinde, tek kubbeli ve dikd\u00f6rtgen planl\u0131 [&hellip;]","og_url":"https:\/\/akunq.net\/tr\/?p=64501","og_site_name":"Bati Ermenistan Ve Bati Ermenileri Sorunlari Ara\u015ftirmalar Merkezi","article_published_time":"2021-08-31T07:57:15+00:00","og_image":[{"width":1600,"height":900,"url":"https:\/\/akunq.net\/tr\/wp-content\/uploads\/sites\/6\/2021\/08\/Anadolu\u2019nun-m\u00fczeleri.jpg","type":"image\/jpeg"}],"author":"admin","twitter_card":"summary_large_image","twitter_misc":{"Written by":"admin","Est. reading time":"8 minutes"},"schema":{"@context":"https:\/\/schema.org","@graph":[{"@type":"Article","@id":"https:\/\/akunq.net\/tr\/?p=64501#article","isPartOf":{"@id":"https:\/\/akunq.net\/tr\/?p=64501"},"author":{"name":"admin","@id":"https:\/\/akunq.net\/tr\/#\/schema\/person\/096f1d38a12cce57fb855b485ed24c9e"},"headline":"\u0130\u015fte Anadolu\u2019nun s\u0131ra d\u0131\u015f\u0131 m\u00fczeleri","datePublished":"2021-08-31T07:57:15+00:00","mainEntityOfPage":{"@id":"https:\/\/akunq.net\/tr\/?p=64501"},"wordCount":1519,"commentCount":0,"image":{"@id":"https:\/\/akunq.net\/tr\/?p=64501#primaryimage"},"thumbnailUrl":"https:\/\/akunq.net\/tr\/wp-content\/uploads\/sites\/6\/2021\/08\/Anadolu\u2019nun-m\u00fczeleri.jpg","articleSection":["Haberler"],"inLanguage":"en-US","potentialAction":[{"@type":"CommentAction","name":"Comment","target":["https:\/\/akunq.net\/tr\/?p=64501#respond"]}]},{"@type":"WebPage","@id":"https:\/\/akunq.net\/tr\/?p=64501","url":"https:\/\/akunq.net\/tr\/?p=64501","name":"\u0130\u015fte Anadolu\u2019nun s\u0131ra d\u0131\u015f\u0131 m\u00fczeleri - Bati Ermenistan Ve Bati Ermenileri Sorunlari Ara\u015ftirmalar Merkezi","isPartOf":{"@id":"https:\/\/akunq.net\/tr\/#website"},"primaryImageOfPage":{"@id":"https:\/\/akunq.net\/tr\/?p=64501#primaryimage"},"image":{"@id":"https:\/\/akunq.net\/tr\/?p=64501#primaryimage"},"thumbnailUrl":"https:\/\/akunq.net\/tr\/wp-content\/uploads\/sites\/6\/2021\/08\/Anadolu\u2019nun-m\u00fczeleri.jpg","datePublished":"2021-08-31T07:57:15+00:00","author":{"@id":"https:\/\/akunq.net\/tr\/#\/schema\/person\/096f1d38a12cce57fb855b485ed24c9e"},"breadcrumb":{"@id":"https:\/\/akunq.net\/tr\/?p=64501#breadcrumb"},"inLanguage":"en-US","potentialAction":[{"@type":"ReadAction","target":["https:\/\/akunq.net\/tr\/?p=64501"]}]},{"@type":"ImageObject","inLanguage":"en-US","@id":"https:\/\/akunq.net\/tr\/?p=64501#primaryimage","url":"https:\/\/akunq.net\/tr\/wp-content\/uploads\/sites\/6\/2021\/08\/Anadolu\u2019nun-m\u00fczeleri.jpg","contentUrl":"https:\/\/akunq.net\/tr\/wp-content\/uploads\/sites\/6\/2021\/08\/Anadolu\u2019nun-m\u00fczeleri.jpg","width":1600,"height":900},{"@type":"BreadcrumbList","@id":"https:\/\/akunq.net\/tr\/?p=64501#breadcrumb","itemListElement":[{"@type":"ListItem","position":1,"name":"Home","item":"https:\/\/akunq.net\/tr"},{"@type":"ListItem","position":2,"name":"\u0130\u015fte Anadolu\u2019nun s\u0131ra d\u0131\u015f\u0131 m\u00fczeleri"}]},{"@type":"WebSite","@id":"https:\/\/akunq.net\/tr\/#website","url":"https:\/\/akunq.net\/tr\/","name":"Bati Ermenistan Ve Bati Ermenileri Sorunlari Ara\u015ftirmalar Merkezi","description":"","potentialAction":[{"@type":"SearchAction","target":{"@type":"EntryPoint","urlTemplate":"https:\/\/akunq.net\/tr\/?s={search_term_string}"},"query-input":{"@type":"PropertyValueSpecification","valueRequired":true,"valueName":"search_term_string"}}],"inLanguage":"en-US"},{"@type":"Person","@id":"https:\/\/akunq.net\/tr\/#\/schema\/person\/096f1d38a12cce57fb855b485ed24c9e","name":"admin","url":"https:\/\/akunq.net\/tr\/?author=7"}]}},"_links":{"self":[{"href":"https:\/\/akunq.net\/tr\/index.php?rest_route=\/wp\/v2\/posts\/64501","targetHints":{"allow":["GET"]}}],"collection":[{"href":"https:\/\/akunq.net\/tr\/index.php?rest_route=\/wp\/v2\/posts"}],"about":[{"href":"https:\/\/akunq.net\/tr\/index.php?rest_route=\/wp\/v2\/types\/post"}],"author":[{"embeddable":true,"href":"https:\/\/akunq.net\/tr\/index.php?rest_route=\/wp\/v2\/users\/7"}],"replies":[{"embeddable":true,"href":"https:\/\/akunq.net\/tr\/index.php?rest_route=%2Fwp%2Fv2%2Fcomments&post=64501"}],"version-history":[{"count":1,"href":"https:\/\/akunq.net\/tr\/index.php?rest_route=\/wp\/v2\/posts\/64501\/revisions"}],"predecessor-version":[{"id":64503,"href":"https:\/\/akunq.net\/tr\/index.php?rest_route=\/wp\/v2\/posts\/64501\/revisions\/64503"}],"wp:featuredmedia":[{"embeddable":true,"href":"https:\/\/akunq.net\/tr\/index.php?rest_route=\/wp\/v2\/media\/64502"}],"wp:attachment":[{"href":"https:\/\/akunq.net\/tr\/index.php?rest_route=%2Fwp%2Fv2%2Fmedia&parent=64501"}],"wp:term":[{"taxonomy":"category","embeddable":true,"href":"https:\/\/akunq.net\/tr\/index.php?rest_route=%2Fwp%2Fv2%2Fcategories&post=64501"},{"taxonomy":"post_tag","embeddable":true,"href":"https:\/\/akunq.net\/tr\/index.php?rest_route=%2Fwp%2Fv2%2Ftags&post=64501"}],"curies":[{"name":"wp","href":"https:\/\/api.w.org\/{rel}","templated":true}]}}