{"id":64495,"date":"2021-08-31T01:58:28","date_gmt":"2021-08-31T06:58:28","guid":{"rendered":"https:\/\/akunq.net\/tr\/?p=64495"},"modified":"2021-08-31T01:58:28","modified_gmt":"2021-08-31T06:58:28","slug":"patrik-bartholomeosun-cevre-icin-dua-gunu-vesilesi-ile-yayinladigi-mesaj","status":"publish","type":"post","link":"https:\/\/akunq.net\/tr\/?p=64495","title":{"rendered":"Patrik Bartholomeos\u2019un \u00c7evre \u0130\u00e7in Dua G\u00fcn\u00fc Vesilesi \u0130le Yay\u0131nlad\u0131\u011f\u0131 Mesaj"},"content":{"rendered":"<p><img loading=\"lazy\" decoding=\"async\" class=\"aligncenter size-medium wp-image-64496\" src=\"https:\/\/akunq.net\/tr\/wp-content\/uploads\/2021\/08\/Bartholomeos-360x203.jpeg\" alt=\"\" width=\"360\" height=\"203\" srcset=\"https:\/\/akunq.net\/tr\/wp-content\/uploads\/sites\/6\/2021\/08\/Bartholomeos-360x203.jpeg 360w, https:\/\/akunq.net\/tr\/wp-content\/uploads\/sites\/6\/2021\/08\/Bartholomeos-768x432.jpeg 768w, https:\/\/akunq.net\/tr\/wp-content\/uploads\/sites\/6\/2021\/08\/Bartholomeos-1536x864.jpeg 1536w, https:\/\/akunq.net\/tr\/wp-content\/uploads\/sites\/6\/2021\/08\/Bartholomeos-560x315.jpeg 560w, https:\/\/akunq.net\/tr\/wp-content\/uploads\/sites\/6\/2021\/08\/Bartholomeos-260x146.jpeg 260w, https:\/\/akunq.net\/tr\/wp-content\/uploads\/sites\/6\/2021\/08\/Bartholomeos-160x90.jpeg 160w, https:\/\/akunq.net\/tr\/wp-content\/uploads\/sites\/6\/2021\/08\/Bartholomeos.jpeg 1760w\" sizes=\"auto, (max-width: 360px) 100vw, 360px\" \/><\/p>\n<p><strong>+ BARTHOLOMEOS<\/strong><\/p>\n<p><strong>B\u00dcT\u00dcN K\u0130L\u0130SE TOPLULU\u011eUNA, T\u00dcM YARADILI\u015eIN YARADANI, RAB\u2019B\u0130M\u0130Z, TANRI\u2019MIZ ve KURTARICIMIZ \u0130SA MES\u0130H\u2019TEN L\u00dcT\u00dbF, ESENL\u0130K VE MERHAMET OLSUN<\/strong><\/p>\n<p><em>\u00c7ok k\u0131ymetli karde\u015flerimiz ve Rab\u2019de sevgili evlatlar\u0131m\u0131z,\u00a0<\/em><\/p>\n<p>\u00c7evre i\u00e7in du\u00e2n\u0131n resm\u00ee g\u00fcn\u00fc olan \u0130ndiktos yortusu, bu sene insanl\u0131\u011f\u0131 iklim de\u011fi\u015fikli\u011finden \u00f6t\u00fcr\u00fc son derece \u015fiddetli do\u011fal afetler; t\u00fcm gezegende ya\u015fanan sel ve yang\u0131n fel\u00e2ketleri, korona pandemisi ve onun sosyal ve ekonomik sonu\u00e7lar\u0131yla kar\u015f\u0131 kar\u015f\u0131ya b\u0131rak\u0131yor.<\/p>\n<p>Seyahatlere getirilen k\u0131s\u0131tlamalar ve sanayii alan\u0131ndaki s\u0131n\u0131rlamalar, at\u0131k ve zararl\u0131 gaz sal\u0131n\u0131m\u0131n\u0131 azaltm\u0131\u015ft\u0131r. Bu da d\u00fcnyadaki her \u015feyin birbiriyle etkile\u015fim i\u00e7inde oldu\u011funa, hayat\u0131n t\u00fcm boyutlar\u0131n\u0131n birbirine her zaman ba\u011fl\u0131 ve ba\u011flant\u0131l\u0131 oldu\u011funa dair bir kan\u0131t te\u015fkil ediyor. Ayn\u0131 zamanda, bir kez daha Ek\u00fcmenik Patrikli\u011fin, Kilise\u2019nin lit\u00fcrjik gelene\u011finin ve il\u00e2hiyat\u0131n\u0131n bir uzant\u0131s\u0131 olan ekolojik giri\u015fimlerinin, bilimin bulgular\u0131yla ve uzmanlar\u0131n do\u011fal hayat\u0131n b\u00fct\u00fcnl\u00fc\u011f\u00fcn\u00fc korumak ad\u0131na sundu\u011fu \u00f6nerileri ile ne kadar uyumlu oldu\u011fu anla\u015f\u0131lm\u0131\u015ft\u0131r.<\/p>\n<p>Sa\u011fl\u0131k krizinin olumsuz sonu\u00e7lar\u0131n\u0131n h\u0131zl\u0131 bir \u015fekilde a\u015f\u0131labilmesi ve t\u00fcm d\u00fcnyadaki devletlerin semav\u00ee bir ayd\u0131nlanmaya n\u00e2il olabilmesi i\u00e7in du\u00e2 ediyoruz. \u00d6yle ki, ekonomizme (her t\u00fcr faaliyetten maddi menfaat g\u00fctme durumu) veya pandemi \u00f6ncesi ekonominin ilkelerine, do\u011fal kaynaklardan onlar\u0131 yok edecek \u015fekilde yararlanmaya ve a\u015f\u0131r\u0131 t\u00fcketim \/ \u00fcretim hayat\u0131na geri d\u00f6nmemeleri ya da bu do\u011frultuda \u0131srarc\u0131 olmamalar\u0131 i\u00e7in telkin ediyoruz. Bizim de samimi dile\u011fimiz, covid-19 a\u015f\u0131s\u0131n\u0131n g\u00fcya tehlikeli oldu\u011funa dair bilimsellikten uzak g\u00f6r\u00fc\u015flerin yay\u0131lmas\u0131n\u0131n, uzmanlar\u0131n u\u011frad\u0131\u011f\u0131 iftiralar\u0131n ve hastal\u0131\u011f\u0131n ciddiyetinin i\u00e7i bo\u015f tezlerle k\u00fc\u00e7\u00fcmsenmesinin son bulmas\u0131d\u0131r. Maalesef ki iklim de\u011fi\u015fikli\u011fi, onun sebepleri ve getirdi\u011fi y\u0131k\u0131c\u0131 sonu\u00e7lar hakk\u0131nda da benzer tutumlar sergileniyor. Oysa, hakikat bamba\u015fkad\u0131r. Onun kar\u015f\u0131s\u0131nda da mesuliyet, i\u015fbirli\u011fi, ortak hareket ve ortak vizyon elzemdir.<\/p>\n<p>G\u00fcn\u00fcm\u00fczde insan neslinin aleyhinde ger\u00e7ekle\u015fen t\u00fcm bu olaylara bilerek duyars\u0131z kalmak d\u00fc\u015f\u00fcn\u00fclemez. Ma\u011fdur durumdaki karde\u015flerimizi ve \u201d\u00e7ok iyi\u201d olan (Yarat\u0131l\u0131\u015f 1:31) k\u00e2inat\u0131 umursamamak Yaradan\u2019a hakarettir ve O\u2019nun emirlerini hi\u00e7e saymakt\u0131r. Nerede ki yarad\u0131l\u0131\u015fa kar\u015f\u0131 sayg\u0131 ve \u201cAllah\u2019\u0131n \u00e7ok sevdi\u011fi\u201d insana kar\u015f\u0131 pratikte sevgi g\u00f6sterilir, orada O bizzat mevcuttur.<\/p>\n<p>Kutsal ve B\u00fcy\u00fck Sinod\u2019dan (Girit 2016) sonra Ek\u00fcmenik Patriklik, bu Sinod\u2019un kararlar\u0131 ve ruhuyla hemfikir olacak \u015fekilde, Ortodoks Kilisesi\u2019nin g\u00fcn\u00fcm\u00fcz d\u00fcnyas\u0131ndaki tan\u0131kl\u0131\u011f\u0131na, sosyal sorumluluklar\u0131na ve inanc\u0131m\u0131z\u0131n bu alandaki etkilerine dair bir metin haz\u0131rlamas\u0131 i\u00e7in ilahiyat\u00e7\u0131 bilim insanlar\u0131ndan olu\u015fan bir heyet belirledi. Patrikli\u011fimizin San Sinod Meclisi taraf\u0131ndan da onaylanarak yay\u0131nlanmas\u0131 onaylanan ve \u201cD\u00fcnyadaki ya\u015fam ad\u0131na. Ortodoks Kilisesi\u2019nde sosyal k\u00fclt\u00fcre anlay\u0131\u015f\u0131\u201d ba\u015fl\u0131\u011f\u0131n\u0131 ta\u015f\u0131yan bu metinde, \u015fu isabetli a\u00e7\u0131klamalar mevcut: \u201cKilise, imanl\u0131lar\u0131n, bilimin getirdikleri kar\u015f\u0131s\u0131nda m\u00fcte\u015fekkir olmalar\u0131n\u0131 ve hatta bu bulgular\u0131, onlar\u0131 d\u00fcnyaya ve tarihe bak\u0131\u015f a\u00e7\u0131lar\u0131n\u0131 yeniden g\u00f6zden ge\u00e7irmeye y\u00f6neltse bile, kabul etmelerini te\u015fvik ediyor. Bilimselli\u011fe duyulan arzu, Allah\u2019\u0131n gizeminde daha da derinle\u015fmeye duyulan arzuyla ayn\u0131 kayna\u011fa sahiptir\u201d (SS 71).<\/p>\n<p>Mesih\u2019in Aziz B\u00fcy\u00fck Kilisesi, do\u011fal hayat\u0131n korunmas\u0131n\u0131n ve karde\u015flerimiz ad\u0131na icra edilen hay\u0131rseverlik ve dayan\u0131\u015fman\u0131n birbirinden asla ayr\u0131lmayan bir b\u00fct\u00fcn oldu\u011funu daima vurguluyor. \u00c7evre dostu davran\u0131\u015f kadar insan \u015fahs\u0131n\u0131n sahip oldu\u011fu kutsall\u0131\u011f\u0131 tan\u0131mak da \u201cAyin sonras\u0131 ayin\u201d, Kilisemizin ibadet (lit\u00fcrjik) ya\u015fam\u0131n\u0131n en \u00f6nemli boyutlar\u0131ndand\u0131r. Kilise hayat\u0131, yarad\u0131l\u0131\u015fa fiilen duyulan sayg\u0131y\u0131, yard\u0131mla\u015fma ile be\u015fer\u00ee medeniyetin vuku buldu\u011fu yeri ve \u00fcslubu te\u015fkil eder.<\/p>\n<p>Pek de\u011ferli karde\u015fler ve \u00e7ok sevgili evlatlar,<\/p>\n<p>Ge\u00e7ti\u011fimiz bu zor s\u00fcre\u00e7te, pandeminin \u00f6n\u00fcne ge\u00e7ilmesi i\u00e7in \u00f6nlemler almak, Kilise\u2019nin en \u00f6ncelikli sorumluluklar\u0131ndan biridir. Her bireyin korona a\u015f\u0131s\u0131na ula\u015f\u0131m\u0131n\u0131 desteklemek de mutlak ahl\u00e2ki \u00f6devimizdir. \u00d6zellikle de daha yoksul halklara bu imk\u00e2n\u0131n sa\u011flanmas\u0131n\u0131n ta\u015f\u0131d\u0131\u011f\u0131 \u00f6nem, Rab\u2019bin \u201cSize do\u011frusunu s\u00f6yleyeyim, bu en basit karde\u015flerimden biri i\u00e7in yapt\u0131\u011f\u0131n\u0131z\u0131, benim i\u00e7in yapm\u0131\u015f oldunuz\u201d (Matta 25, 40) s\u00f6z\u00fcnden de anla\u015f\u0131lmaktad\u0131r. \u201cMesih\u2019in bizi sevdi\u011fi gibi\u201d (Efesliler 5,2) biz de birbirimizi sevmeliyiz. Yarad\u0131l\u0131\u015f\u0131n \u201cruh\u00e2nileri\u201d olmal\u0131y\u0131z, onu koruyarak, \u015fefkatle ve dikkatle i\u015fleyerek, ilah\u00ee l\u00fctfun bu \u00e7ok de\u011ferli arma\u011fan\u0131n\u0131 \u015f\u00fckranla her \u015feyin Yaradan\u0131\u2019na sunarak.<\/p>\n<p>S\u00f6zlerimizi bitirirken, hepinize m\u00fcbarek, sa\u011fl\u0131kl\u0131 ve verimli bir yeni Kilise y\u0131l\u0131 diliyorum. Pek kutlu (Pammakaristos) Meryem Ana\u2019n\u0131n \u015fefaatleriyle, Rab\u2019bimiz ve Kurtar\u0131c\u0131m\u0131z \u0130sa Mesih\u2019in l\u00fctfu ve merhameti hepinizin \u00fczerine olsun. \u0130zzet ve kudret ebediyen O\u2019na aittir. Amin!<\/p>\n<p><em>1 Eyl\u00fcl 2021<\/em><\/p>\n<p><em>Hepinizin Y\u00fcce Allah\u2019a hararetli du\u00e2c\u0131s\u0131 olan Patrik Bartholomeos<\/em><\/p>\n<p><em><strong>https:\/\/www.facebook.com\/ecumenicalpatriarchate\/\u00a0\u00a0<\/strong><\/em><\/p>\n","protected":false},"excerpt":{"rendered":"<p>+ BARTHOLOMEOS B\u00dcT\u00dcN K\u0130L\u0130SE TOPLULU\u011eUNA, T\u00dcM YARADILI\u015eIN YARADANI, RAB\u2019B\u0130M\u0130Z, TANRI\u2019MIZ ve KURTARICIMIZ \u0130SA MES\u0130H\u2019TEN L\u00dcT\u00dbF, ESENL\u0130K VE MERHAMET OLSUN \u00c7ok k\u0131ymetli karde\u015flerimiz ve Rab\u2019de sevgili evlatlar\u0131m\u0131z,\u00a0 \u00c7evre i\u00e7in du\u00e2n\u0131n resm\u00ee g\u00fcn\u00fc olan \u0130ndiktos yortusu, bu sene insanl\u0131\u011f\u0131 iklim de\u011fi\u015fikli\u011finden \u00f6t\u00fcr\u00fc son derece \u015fiddetli do\u011fal afetler; t\u00fcm gezegende ya\u015fanan sel ve yang\u0131n fel\u00e2ketleri, korona pandemisi ve [&hellip;]<\/p>\n","protected":false},"author":7,"featured_media":64496,"comment_status":"open","ping_status":"open","sticky":false,"template":"","format":"standard","meta":{"footnotes":""},"categories":[1],"tags":[],"class_list":["post-64495","post","type-post","status-publish","format-standard","has-post-thumbnail","hentry","category-haberler"],"yoast_head":"<!-- This site is optimized with the Yoast SEO plugin v27.4 - https:\/\/yoast.com\/product\/yoast-seo-wordpress\/ -->\n<title>Patrik Bartholomeos\u2019un \u00c7evre \u0130\u00e7in Dua G\u00fcn\u00fc Vesilesi \u0130le Yay\u0131nlad\u0131\u011f\u0131 Mesaj - Bati Ermenistan Ve Bati Ermenileri Sorunlari Ara\u015ftirmalar Merkezi<\/title>\n<meta name=\"robots\" content=\"index, follow, max-snippet:-1, max-image-preview:large, max-video-preview:-1\" \/>\n<link rel=\"canonical\" href=\"https:\/\/akunq.net\/tr\/?p=64495\" \/>\n<meta property=\"og:locale\" content=\"en_US\" \/>\n<meta property=\"og:type\" content=\"article\" \/>\n<meta property=\"og:title\" content=\"Patrik Bartholomeos\u2019un \u00c7evre \u0130\u00e7in Dua G\u00fcn\u00fc Vesilesi \u0130le Yay\u0131nlad\u0131\u011f\u0131 Mesaj - Bati Ermenistan Ve Bati Ermenileri Sorunlari Ara\u015ftirmalar Merkezi\" \/>\n<meta property=\"og:description\" content=\"+ BARTHOLOMEOS B\u00dcT\u00dcN K\u0130L\u0130SE TOPLULU\u011eUNA, T\u00dcM YARADILI\u015eIN YARADANI, RAB\u2019B\u0130M\u0130Z, TANRI\u2019MIZ ve KURTARICIMIZ \u0130SA MES\u0130H\u2019TEN L\u00dcT\u00dbF, ESENL\u0130K VE MERHAMET OLSUN \u00c7ok k\u0131ymetli karde\u015flerimiz ve Rab\u2019de sevgili evlatlar\u0131m\u0131z,\u00a0 \u00c7evre i\u00e7in du\u00e2n\u0131n resm\u00ee g\u00fcn\u00fc olan \u0130ndiktos yortusu, bu sene insanl\u0131\u011f\u0131 iklim de\u011fi\u015fikli\u011finden \u00f6t\u00fcr\u00fc son derece \u015fiddetli do\u011fal afetler; t\u00fcm gezegende ya\u015fanan sel ve yang\u0131n fel\u00e2ketleri, korona pandemisi ve [&hellip;]\" \/>\n<meta property=\"og:url\" content=\"https:\/\/akunq.net\/tr\/?p=64495\" \/>\n<meta property=\"og:site_name\" content=\"Bati Ermenistan Ve Bati Ermenileri Sorunlari Ara\u015ftirmalar Merkezi\" \/>\n<meta property=\"article:published_time\" content=\"2021-08-31T06:58:28+00:00\" \/>\n<meta property=\"og:image\" content=\"https:\/\/akunq.net\/tr\/wp-content\/uploads\/sites\/6\/2021\/08\/Bartholomeos.jpeg\" \/>\n\t<meta property=\"og:image:width\" content=\"1760\" \/>\n\t<meta property=\"og:image:height\" content=\"990\" \/>\n\t<meta property=\"og:image:type\" content=\"image\/jpeg\" \/>\n<meta name=\"author\" content=\"admin\" \/>\n<meta name=\"twitter:card\" content=\"summary_large_image\" \/>\n<meta name=\"twitter:label1\" content=\"Written by\" \/>\n\t<meta name=\"twitter:data1\" content=\"admin\" \/>\n\t<meta name=\"twitter:label2\" content=\"Est. reading time\" \/>\n\t<meta name=\"twitter:data2\" content=\"5 minutes\" \/>\n<script type=\"application\/ld+json\" class=\"yoast-schema-graph\">{\"@context\":\"https:\\\/\\\/schema.org\",\"@graph\":[{\"@type\":\"Article\",\"@id\":\"https:\\\/\\\/akunq.net\\\/tr\\\/?p=64495#article\",\"isPartOf\":{\"@id\":\"https:\\\/\\\/akunq.net\\\/tr\\\/?p=64495\"},\"author\":{\"name\":\"admin\",\"@id\":\"https:\\\/\\\/akunq.net\\\/tr\\\/#\\\/schema\\\/person\\\/096f1d38a12cce57fb855b485ed24c9e\"},\"headline\":\"Patrik Bartholomeos\u2019un \u00c7evre \u0130\u00e7in Dua G\u00fcn\u00fc Vesilesi \u0130le Yay\u0131nlad\u0131\u011f\u0131 Mesaj\",\"datePublished\":\"2021-08-31T06:58:28+00:00\",\"mainEntityOfPage\":{\"@id\":\"https:\\\/\\\/akunq.net\\\/tr\\\/?p=64495\"},\"wordCount\":928,\"commentCount\":0,\"image\":{\"@id\":\"https:\\\/\\\/akunq.net\\\/tr\\\/?p=64495#primaryimage\"},\"thumbnailUrl\":\"https:\\\/\\\/akunq.net\\\/tr\\\/wp-content\\\/uploads\\\/sites\\\/6\\\/2021\\\/08\\\/Bartholomeos.jpeg\",\"articleSection\":[\"Haberler\"],\"inLanguage\":\"en-US\",\"potentialAction\":[{\"@type\":\"CommentAction\",\"name\":\"Comment\",\"target\":[\"https:\\\/\\\/akunq.net\\\/tr\\\/?p=64495#respond\"]}]},{\"@type\":\"WebPage\",\"@id\":\"https:\\\/\\\/akunq.net\\\/tr\\\/?p=64495\",\"url\":\"https:\\\/\\\/akunq.net\\\/tr\\\/?p=64495\",\"name\":\"Patrik Bartholomeos\u2019un \u00c7evre \u0130\u00e7in Dua G\u00fcn\u00fc Vesilesi \u0130le Yay\u0131nlad\u0131\u011f\u0131 Mesaj - Bati Ermenistan Ve Bati Ermenileri Sorunlari Ara\u015ftirmalar Merkezi\",\"isPartOf\":{\"@id\":\"https:\\\/\\\/akunq.net\\\/tr\\\/#website\"},\"primaryImageOfPage\":{\"@id\":\"https:\\\/\\\/akunq.net\\\/tr\\\/?p=64495#primaryimage\"},\"image\":{\"@id\":\"https:\\\/\\\/akunq.net\\\/tr\\\/?p=64495#primaryimage\"},\"thumbnailUrl\":\"https:\\\/\\\/akunq.net\\\/tr\\\/wp-content\\\/uploads\\\/sites\\\/6\\\/2021\\\/08\\\/Bartholomeos.jpeg\",\"datePublished\":\"2021-08-31T06:58:28+00:00\",\"author\":{\"@id\":\"https:\\\/\\\/akunq.net\\\/tr\\\/#\\\/schema\\\/person\\\/096f1d38a12cce57fb855b485ed24c9e\"},\"breadcrumb\":{\"@id\":\"https:\\\/\\\/akunq.net\\\/tr\\\/?p=64495#breadcrumb\"},\"inLanguage\":\"en-US\",\"potentialAction\":[{\"@type\":\"ReadAction\",\"target\":[\"https:\\\/\\\/akunq.net\\\/tr\\\/?p=64495\"]}]},{\"@type\":\"ImageObject\",\"inLanguage\":\"en-US\",\"@id\":\"https:\\\/\\\/akunq.net\\\/tr\\\/?p=64495#primaryimage\",\"url\":\"https:\\\/\\\/akunq.net\\\/tr\\\/wp-content\\\/uploads\\\/sites\\\/6\\\/2021\\\/08\\\/Bartholomeos.jpeg\",\"contentUrl\":\"https:\\\/\\\/akunq.net\\\/tr\\\/wp-content\\\/uploads\\\/sites\\\/6\\\/2021\\\/08\\\/Bartholomeos.jpeg\",\"width\":1760,\"height\":990},{\"@type\":\"BreadcrumbList\",\"@id\":\"https:\\\/\\\/akunq.net\\\/tr\\\/?p=64495#breadcrumb\",\"itemListElement\":[{\"@type\":\"ListItem\",\"position\":1,\"name\":\"Home\",\"item\":\"https:\\\/\\\/akunq.net\\\/tr\"},{\"@type\":\"ListItem\",\"position\":2,\"name\":\"Patrik Bartholomeos\u2019un \u00c7evre \u0130\u00e7in Dua G\u00fcn\u00fc Vesilesi \u0130le Yay\u0131nlad\u0131\u011f\u0131 Mesaj\"}]},{\"@type\":\"WebSite\",\"@id\":\"https:\\\/\\\/akunq.net\\\/tr\\\/#website\",\"url\":\"https:\\\/\\\/akunq.net\\\/tr\\\/\",\"name\":\"Bati Ermenistan Ve Bati Ermenileri Sorunlari Ara\u015ftirmalar Merkezi\",\"description\":\"\",\"potentialAction\":[{\"@type\":\"SearchAction\",\"target\":{\"@type\":\"EntryPoint\",\"urlTemplate\":\"https:\\\/\\\/akunq.net\\\/tr\\\/?s={search_term_string}\"},\"query-input\":{\"@type\":\"PropertyValueSpecification\",\"valueRequired\":true,\"valueName\":\"search_term_string\"}}],\"inLanguage\":\"en-US\"},{\"@type\":\"Person\",\"@id\":\"https:\\\/\\\/akunq.net\\\/tr\\\/#\\\/schema\\\/person\\\/096f1d38a12cce57fb855b485ed24c9e\",\"name\":\"admin\",\"url\":\"https:\\\/\\\/akunq.net\\\/tr\\\/?author=7\"}]}<\/script>\n<!-- \/ Yoast SEO plugin. -->","yoast_head_json":{"title":"Patrik Bartholomeos\u2019un \u00c7evre \u0130\u00e7in Dua G\u00fcn\u00fc Vesilesi \u0130le Yay\u0131nlad\u0131\u011f\u0131 Mesaj - Bati Ermenistan Ve Bati Ermenileri Sorunlari Ara\u015ftirmalar Merkezi","robots":{"index":"index","follow":"follow","max-snippet":"max-snippet:-1","max-image-preview":"max-image-preview:large","max-video-preview":"max-video-preview:-1"},"canonical":"https:\/\/akunq.net\/tr\/?p=64495","og_locale":"en_US","og_type":"article","og_title":"Patrik Bartholomeos\u2019un \u00c7evre \u0130\u00e7in Dua G\u00fcn\u00fc Vesilesi \u0130le Yay\u0131nlad\u0131\u011f\u0131 Mesaj - Bati Ermenistan Ve Bati Ermenileri Sorunlari Ara\u015ftirmalar Merkezi","og_description":"+ BARTHOLOMEOS B\u00dcT\u00dcN K\u0130L\u0130SE TOPLULU\u011eUNA, T\u00dcM YARADILI\u015eIN YARADANI, RAB\u2019B\u0130M\u0130Z, TANRI\u2019MIZ ve KURTARICIMIZ \u0130SA MES\u0130H\u2019TEN L\u00dcT\u00dbF, ESENL\u0130K VE MERHAMET OLSUN \u00c7ok k\u0131ymetli karde\u015flerimiz ve Rab\u2019de sevgili evlatlar\u0131m\u0131z,\u00a0 \u00c7evre i\u00e7in du\u00e2n\u0131n resm\u00ee g\u00fcn\u00fc olan \u0130ndiktos yortusu, bu sene insanl\u0131\u011f\u0131 iklim de\u011fi\u015fikli\u011finden \u00f6t\u00fcr\u00fc son derece \u015fiddetli do\u011fal afetler; t\u00fcm gezegende ya\u015fanan sel ve yang\u0131n fel\u00e2ketleri, korona pandemisi ve [&hellip;]","og_url":"https:\/\/akunq.net\/tr\/?p=64495","og_site_name":"Bati Ermenistan Ve Bati Ermenileri Sorunlari Ara\u015ftirmalar Merkezi","article_published_time":"2021-08-31T06:58:28+00:00","og_image":[{"width":1760,"height":990,"url":"https:\/\/akunq.net\/tr\/wp-content\/uploads\/sites\/6\/2021\/08\/Bartholomeos.jpeg","type":"image\/jpeg"}],"author":"admin","twitter_card":"summary_large_image","twitter_misc":{"Written by":"admin","Est. reading time":"5 minutes"},"schema":{"@context":"https:\/\/schema.org","@graph":[{"@type":"Article","@id":"https:\/\/akunq.net\/tr\/?p=64495#article","isPartOf":{"@id":"https:\/\/akunq.net\/tr\/?p=64495"},"author":{"name":"admin","@id":"https:\/\/akunq.net\/tr\/#\/schema\/person\/096f1d38a12cce57fb855b485ed24c9e"},"headline":"Patrik Bartholomeos\u2019un \u00c7evre \u0130\u00e7in Dua G\u00fcn\u00fc Vesilesi \u0130le Yay\u0131nlad\u0131\u011f\u0131 Mesaj","datePublished":"2021-08-31T06:58:28+00:00","mainEntityOfPage":{"@id":"https:\/\/akunq.net\/tr\/?p=64495"},"wordCount":928,"commentCount":0,"image":{"@id":"https:\/\/akunq.net\/tr\/?p=64495#primaryimage"},"thumbnailUrl":"https:\/\/akunq.net\/tr\/wp-content\/uploads\/sites\/6\/2021\/08\/Bartholomeos.jpeg","articleSection":["Haberler"],"inLanguage":"en-US","potentialAction":[{"@type":"CommentAction","name":"Comment","target":["https:\/\/akunq.net\/tr\/?p=64495#respond"]}]},{"@type":"WebPage","@id":"https:\/\/akunq.net\/tr\/?p=64495","url":"https:\/\/akunq.net\/tr\/?p=64495","name":"Patrik Bartholomeos\u2019un \u00c7evre \u0130\u00e7in Dua G\u00fcn\u00fc Vesilesi \u0130le Yay\u0131nlad\u0131\u011f\u0131 Mesaj - Bati Ermenistan Ve Bati Ermenileri Sorunlari Ara\u015ftirmalar Merkezi","isPartOf":{"@id":"https:\/\/akunq.net\/tr\/#website"},"primaryImageOfPage":{"@id":"https:\/\/akunq.net\/tr\/?p=64495#primaryimage"},"image":{"@id":"https:\/\/akunq.net\/tr\/?p=64495#primaryimage"},"thumbnailUrl":"https:\/\/akunq.net\/tr\/wp-content\/uploads\/sites\/6\/2021\/08\/Bartholomeos.jpeg","datePublished":"2021-08-31T06:58:28+00:00","author":{"@id":"https:\/\/akunq.net\/tr\/#\/schema\/person\/096f1d38a12cce57fb855b485ed24c9e"},"breadcrumb":{"@id":"https:\/\/akunq.net\/tr\/?p=64495#breadcrumb"},"inLanguage":"en-US","potentialAction":[{"@type":"ReadAction","target":["https:\/\/akunq.net\/tr\/?p=64495"]}]},{"@type":"ImageObject","inLanguage":"en-US","@id":"https:\/\/akunq.net\/tr\/?p=64495#primaryimage","url":"https:\/\/akunq.net\/tr\/wp-content\/uploads\/sites\/6\/2021\/08\/Bartholomeos.jpeg","contentUrl":"https:\/\/akunq.net\/tr\/wp-content\/uploads\/sites\/6\/2021\/08\/Bartholomeos.jpeg","width":1760,"height":990},{"@type":"BreadcrumbList","@id":"https:\/\/akunq.net\/tr\/?p=64495#breadcrumb","itemListElement":[{"@type":"ListItem","position":1,"name":"Home","item":"https:\/\/akunq.net\/tr"},{"@type":"ListItem","position":2,"name":"Patrik Bartholomeos\u2019un \u00c7evre \u0130\u00e7in Dua G\u00fcn\u00fc Vesilesi \u0130le Yay\u0131nlad\u0131\u011f\u0131 Mesaj"}]},{"@type":"WebSite","@id":"https:\/\/akunq.net\/tr\/#website","url":"https:\/\/akunq.net\/tr\/","name":"Bati Ermenistan Ve Bati Ermenileri Sorunlari Ara\u015ftirmalar Merkezi","description":"","potentialAction":[{"@type":"SearchAction","target":{"@type":"EntryPoint","urlTemplate":"https:\/\/akunq.net\/tr\/?s={search_term_string}"},"query-input":{"@type":"PropertyValueSpecification","valueRequired":true,"valueName":"search_term_string"}}],"inLanguage":"en-US"},{"@type":"Person","@id":"https:\/\/akunq.net\/tr\/#\/schema\/person\/096f1d38a12cce57fb855b485ed24c9e","name":"admin","url":"https:\/\/akunq.net\/tr\/?author=7"}]}},"_links":{"self":[{"href":"https:\/\/akunq.net\/tr\/index.php?rest_route=\/wp\/v2\/posts\/64495","targetHints":{"allow":["GET"]}}],"collection":[{"href":"https:\/\/akunq.net\/tr\/index.php?rest_route=\/wp\/v2\/posts"}],"about":[{"href":"https:\/\/akunq.net\/tr\/index.php?rest_route=\/wp\/v2\/types\/post"}],"author":[{"embeddable":true,"href":"https:\/\/akunq.net\/tr\/index.php?rest_route=\/wp\/v2\/users\/7"}],"replies":[{"embeddable":true,"href":"https:\/\/akunq.net\/tr\/index.php?rest_route=%2Fwp%2Fv2%2Fcomments&post=64495"}],"version-history":[{"count":1,"href":"https:\/\/akunq.net\/tr\/index.php?rest_route=\/wp\/v2\/posts\/64495\/revisions"}],"predecessor-version":[{"id":64497,"href":"https:\/\/akunq.net\/tr\/index.php?rest_route=\/wp\/v2\/posts\/64495\/revisions\/64497"}],"wp:featuredmedia":[{"embeddable":true,"href":"https:\/\/akunq.net\/tr\/index.php?rest_route=\/wp\/v2\/media\/64496"}],"wp:attachment":[{"href":"https:\/\/akunq.net\/tr\/index.php?rest_route=%2Fwp%2Fv2%2Fmedia&parent=64495"}],"wp:term":[{"taxonomy":"category","embeddable":true,"href":"https:\/\/akunq.net\/tr\/index.php?rest_route=%2Fwp%2Fv2%2Fcategories&post=64495"},{"taxonomy":"post_tag","embeddable":true,"href":"https:\/\/akunq.net\/tr\/index.php?rest_route=%2Fwp%2Fv2%2Ftags&post=64495"}],"curies":[{"name":"wp","href":"https:\/\/api.w.org\/{rel}","templated":true}]}}