{"id":64487,"date":"2021-08-31T01:37:10","date_gmt":"2021-08-31T06:37:10","guid":{"rendered":"https:\/\/akunq.net\/tr\/?p=64487"},"modified":"2021-08-31T01:37:10","modified_gmt":"2021-08-31T06:37:10","slug":"kafkaslardan-anadoluya-ilk-giris-kapisi-olan-anideki-kazi-turizme-ivme-kazandiracak","status":"publish","type":"post","link":"https:\/\/akunq.net\/tr\/?p=64487","title":{"rendered":"Kafkaslardan Anadolu\u2019ya ilk giri\u015f kap\u0131s\u0131 olan Ani\u2019deki kaz\u0131, turizme ivme kazand\u0131racak"},"content":{"rendered":"<p><img loading=\"lazy\" decoding=\"async\" class=\"aligncenter size-medium wp-image-64488\" src=\"https:\/\/akunq.net\/tr\/wp-content\/uploads\/2021\/08\/Ani-2-360x240.jpg\" alt=\"\" width=\"360\" height=\"240\" srcset=\"https:\/\/akunq.net\/tr\/wp-content\/uploads\/sites\/6\/2021\/08\/Ani-2-360x240.jpg 360w, https:\/\/akunq.net\/tr\/wp-content\/uploads\/sites\/6\/2021\/08\/Ani-2-560x374.jpg 560w, https:\/\/akunq.net\/tr\/wp-content\/uploads\/sites\/6\/2021\/08\/Ani-2-260x173.jpg 260w, https:\/\/akunq.net\/tr\/wp-content\/uploads\/sites\/6\/2021\/08\/Ani-2-160x107.jpg 160w, https:\/\/akunq.net\/tr\/wp-content\/uploads\/sites\/6\/2021\/08\/Ani-2.jpg 640w\" sizes=\"auto, (max-width: 360px) 100vw, 360px\" \/><\/p>\n<p><em><strong>Kafkaslar\u2019dan Anadolu\u2019ya (<\/strong><\/em><em><strong>Bat\u0131 Ermenistan\u2019a-\u2018Akunq\u2019 web sitesi<\/strong><\/em><em><strong>) ilk giri\u015f kap\u0131s\u0131 olma \u00f6zelli\u011fi ta\u015f\u0131yan, 11. ile 12. y\u00fczy\u0131la ait <a href=\"https:\/\/www.haberler.com\/islam\/\">\u0130slam<\/a>\u00a0mimarisi eserlerini b\u00fcnyesinde bar\u0131nd\u0131ran ve 2016\u2019da UNESCO taraf\u0131ndan D\u00fcnya Miras\u0131 Listesi\u2019ne dahil edilen\u00a0<a href=\"https:\/\/www.haberler.com\/kars\/\">Kars&#8217;<\/a>taki Ani \u00d6ren Yeri\u2019nde yap\u0131lan kaz\u0131 \u00e7al\u0131\u015fmalar\u0131yla b\u00f6lgenin\u00a0<a href=\"https:\/\/www.haberler.com\/turizm\/\">turizm<\/a>\u00a0potansiyelinin art\u0131r\u0131lmas\u0131 hedefleniyor.<\/strong><\/em><\/p>\n<p>Tarihte Saka T\u00fcrkleri, Sasaniler, Bagratl\u0131 <em>(Ermeni-&#8216;Akunq&#8217; web sitesi)<\/em> Krall\u0131\u011f\u0131, Bizansl\u0131lar, \u015eeddat O\u011fullar\u0131 Beyli\u011fi, An\u0131 G\u00fcrc\u00fc Atabeyleri, Harzem\u015fah Devleti, \u0130lhanl\u0131lar, Sel\u00e7uklular, Karakoyunlular, Akkoyunlular, Osmanl\u0131 Devleti ile k\u0131sa bir s\u00fcre Ruslar\u0131n h\u00fck\u00fcm s\u00fcrd\u00fc\u011f\u00fc Ani \u00d6ren Yeri\u2019nde ba\u015flat\u0131lan kaz\u0131 \u00e7al\u0131\u015fmas\u0131 devam ediyor.<\/p>\n<p>Tarihte \u201cBinbir kiliseli kent\u201d, \u201c40 kap\u0131l\u0131 kent\u201d, \u201c100.000 n\u00fcfuslu kent\u201d, \u201cMedeniyetler Be\u015fi\u011fi\u201d olarak an\u0131lan ve 2016\u2019da UNESCO D\u00fcnya Miras Listesi\u2019ne al\u0131nan Ani, 16 A\u011fustos 1064\u2019te Sultan Alparslan taraf\u0131ndan fethedildi.<\/p>\n<p><img loading=\"lazy\" decoding=\"async\" class=\"aligncenter size-medium wp-image-64489\" src=\"https:\/\/akunq.net\/tr\/wp-content\/uploads\/2021\/08\/Ani-1-1-360x203.jpg\" alt=\"\" width=\"360\" height=\"203\" srcset=\"https:\/\/akunq.net\/tr\/wp-content\/uploads\/sites\/6\/2021\/08\/Ani-1-1-360x203.jpg 360w, https:\/\/akunq.net\/tr\/wp-content\/uploads\/sites\/6\/2021\/08\/Ani-1-1-560x315.jpg 560w, https:\/\/akunq.net\/tr\/wp-content\/uploads\/sites\/6\/2021\/08\/Ani-1-1-260x146.jpg 260w, https:\/\/akunq.net\/tr\/wp-content\/uploads\/sites\/6\/2021\/08\/Ani-1-1-160x90.jpg 160w, https:\/\/akunq.net\/tr\/wp-content\/uploads\/sites\/6\/2021\/08\/Ani-1-1.jpg 640w\" sizes=\"auto, (max-width: 360px) 100vw, 360px\" \/><\/p>\n<p>Kuruldu\u011fu g\u00fcnden bu yana 23 medeniyete ev sahipli\u011fi yapan, aralar\u0131nda her biri farkl\u0131 bir g\u00fczellik ve tarihi de\u011ferdeki cami, kilise, katedral gibi dini yap\u0131lar\u0131n yan\u0131 s\u0131ra paha bi\u00e7ilmez di\u011fer tarihi yap\u0131lar\u0131 ve k\u00fclt\u00fcrel hazineleri b\u00fcnyesinde bar\u0131nd\u0131ran Ani, Kafkaslar\u2019dan Anadolu\u2019ya <em> (<\/em><em>Bat\u0131 Ermenistan\u2019a-\u2018Akunq\u2019 web sitesi<\/em><em>) <\/em> ilk giri\u015f kap\u0131s\u0131 olma \u00f6zelli\u011fiyle ayr\u0131 bir \u00f6nem arz ediyor.<\/p>\n<p>35 ki\u015filik kaz\u0131 ekibi \u00e7al\u0131\u015fma yap\u0131yor.<\/p>\n<p>Surlar, cami, katedral, saray, kiliseler, manast\u0131rlar, ate\u015fgede, hamam, k\u00f6pr\u00fc ve bir b\u00f6l\u00fcm\u00fc y\u0131k\u0131lm\u0131\u015f kapal\u0131 pasajdan olu\u015fan yakla\u015f\u0131k 25 kadar \u00f6nemli yap\u0131n\u0131n ayakta kald\u0131\u011f\u0131 Ani\u2019de bu eserlerin etraflar\u0131nda 35 ki\u015filik kaz\u0131 ekibi \u00e7al\u0131\u015fma yap\u0131yor.<\/p>\n<p>Kafkas \u00dcniversitesi Fen-Edebiyat Fak\u00fcltesi Sanat Tarihi B\u00f6l\u00fcm Ba\u015fkan\u0131 ve Ani \u00d6ren Yeri Kaz\u0131 Ba\u015fkan\u0131 Dr. \u00d6\u011fretim \u00dcyesi Muhammet Arslan, AA muhabirine, Ani \u00d6ren Yerindeki kaz\u0131lar\u0131n Cumhurba\u015fkanl\u0131\u011f\u0131 kararl\u0131 kaz\u0131 stat\u00fcs\u00fcne eri\u015fti\u011fini s\u00f6yledi.<\/p>\n<p><img loading=\"lazy\" decoding=\"async\" class=\"aligncenter size-medium wp-image-64490\" src=\"https:\/\/akunq.net\/tr\/wp-content\/uploads\/2021\/08\/Ani-3-360x203.jpg\" alt=\"\" width=\"360\" height=\"203\" srcset=\"https:\/\/akunq.net\/tr\/wp-content\/uploads\/sites\/6\/2021\/08\/Ani-3-360x203.jpg 360w, https:\/\/akunq.net\/tr\/wp-content\/uploads\/sites\/6\/2021\/08\/Ani-3-560x315.jpg 560w, https:\/\/akunq.net\/tr\/wp-content\/uploads\/sites\/6\/2021\/08\/Ani-3-260x146.jpg 260w, https:\/\/akunq.net\/tr\/wp-content\/uploads\/sites\/6\/2021\/08\/Ani-3-160x90.jpg 160w, https:\/\/akunq.net\/tr\/wp-content\/uploads\/sites\/6\/2021\/08\/Ani-3.jpg 640w\" sizes=\"auto, (max-width: 360px) 100vw, 360px\" \/><\/p>\n<p>Arslan, Ani \u00d6ren Yeri\u2019ndeki kaz\u0131 \u00e7al\u0131\u015fmalar\u0131n\u0131 12 \u00fcniversiteden olu\u015fan bir ekiple yapt\u0131klar\u0131n\u0131 ifade ederek, \u201cKaz\u0131 \u00e7al\u0131\u015fmalar\u0131 farkl\u0131 alanlarda devam etmekte, bu \u00e7al\u0131\u015fmalar Sel\u00e7uklu \u00e7ar\u015f\u0131s\u0131, Sel\u00e7uklu konaklar\u0131, Sel\u00e7uklu b\u00fcy\u00fck hamam\u0131 ve bunun d\u0131\u015f\u0131nda da mezarl\u0131k alan\u0131nda devam ediyor.\u201d dedi.<\/p>\n<p>Kaz\u0131 \u00e7al\u0131\u015fmalar\u0131n\u0131n yan\u0131 s\u0131ra bulunan eserlerin korunmas\u0131 i\u00e7in de \u00e7al\u0131\u015fma yapt\u0131klar\u0131n\u0131 anlatan Arslan, \u201c\u00d6zellikle Sel\u00e7uklu \u00e7ar\u015f\u0131nda konservasyon \u00e7al\u0131\u015fmas\u0131na ba\u015flanm\u0131\u015f bulunmaktay\u0131z. Bunun yan\u0131 s\u0131ra g\u00fcn y\u00fcz\u00fcne \u00e7\u0131kard\u0131\u011f\u0131m\u0131z eserlerin konservasyonlar\u0131na y\u00f6nelik birtak\u0131m \u00e7al\u0131\u015fmalar ger\u00e7ekle\u015ftirmekteyiz.\u201d diye konu\u015ftu.<\/p>\n<p>Arslan, Ani \u00d6ren Yeri\u2019nin UNESCO\u2019ya al\u0131nmas\u0131yla birlikte turizmde \u00f6nemli bir art\u0131\u015f h\u0131z\u0131 yakalad\u0131\u011f\u0131n\u0131 dile getirerek, \u201cAni Orta\u00e7a\u011f\u2019\u0131n<em> (Ermenistan&#8217;\u0131n-&#8216;Akunq&#8217; web sitesi)<\/em> en \u00f6nemli kentlerinden birisi ve buras\u0131 ayn\u0131 zamanda UNESCO D\u00fcnya Miras\u0131 kesin listesinde bulunan bir alan. Buran\u0131n turizm potansiyeli olduk\u00e7a y\u00fcksek. Biz bu potansiyeli a\u00e7\u0131\u011fa \u00e7\u0131karmak, daha da ileriye g\u00f6t\u00fcrmek ve bu potansiyele ivme kazand\u0131rabilmek i\u00e7in kaz\u0131 \u00e7al\u0131\u015fmalar\u0131m\u0131z\u0131 s\u00fcrd\u00fcr\u00fcyoruz. Hem kaz\u0131lar\u0131m\u0131z hem de restorasyon \u00e7al\u0131\u015fmalar\u0131yla birlikte asl\u0131nda bir turizm altl\u0131\u011f\u0131 olu\u015facak ve kentteki turizm potansiyelinin geli\u015fmesine katk\u0131da bulunacak.\u201d ifadelerini kulland\u0131.<\/p>\n<p><em><strong>Kaynak: Anadolu Ajans\u0131 \/\u00a0<a href=\"https:\/\/www.haberler.com\/editor-haberleri\/cuneyt-celik\/\">C\u00fcneyt \u00c7elik<\/a><\/strong><\/em><\/p>\n<p><em><strong><a href=\"https:\/\/www.haberler.com\/son-dakika-haber-kafkaslardan-anadolu-ya-ilk-giris-kapisi-olan-ani-14363094-haberi\/\">https:\/\/www.haberler.com\/son-dakika-haber-kafkaslardan-anadolu-ya-ilk-giris-kapisi-olan-ani-14363094-haberi\/<\/a>\u00a0<\/strong><\/em><\/p>\n","protected":false},"excerpt":{"rendered":"<p>Kafkaslar\u2019dan Anadolu\u2019ya (Bat\u0131 Ermenistan\u2019a-\u2018Akunq\u2019 web sitesi) ilk giri\u015f kap\u0131s\u0131 olma \u00f6zelli\u011fi ta\u015f\u0131yan, 11. ile 12. y\u00fczy\u0131la ait \u0130slam\u00a0mimarisi eserlerini b\u00fcnyesinde bar\u0131nd\u0131ran ve 2016\u2019da UNESCO taraf\u0131ndan D\u00fcnya Miras\u0131 Listesi\u2019ne dahil edilen\u00a0Kars&#8217;taki Ani \u00d6ren Yeri\u2019nde yap\u0131lan kaz\u0131 \u00e7al\u0131\u015fmalar\u0131yla b\u00f6lgenin\u00a0turizm\u00a0potansiyelinin art\u0131r\u0131lmas\u0131 hedefleniyor. Tarihte Saka T\u00fcrkleri, Sasaniler, Bagratl\u0131 (Ermeni-&#8216;Akunq&#8217; web sitesi) Krall\u0131\u011f\u0131, Bizansl\u0131lar, \u015eeddat O\u011fullar\u0131 Beyli\u011fi, An\u0131 G\u00fcrc\u00fc Atabeyleri, [&hellip;]<\/p>\n","protected":false},"author":7,"featured_media":64490,"comment_status":"open","ping_status":"open","sticky":false,"template":"","format":"standard","meta":{"footnotes":""},"categories":[22,1],"tags":[],"class_list":["post-64487","post","type-post","status-publish","format-standard","has-post-thumbnail","hentry","category-gunumuzde-bati-ermenistan","category-haberler"],"yoast_head":"<!-- This site is optimized with the Yoast SEO plugin v27.4 - https:\/\/yoast.com\/product\/yoast-seo-wordpress\/ -->\n<title>Kafkaslardan Anadolu\u2019ya ilk giri\u015f kap\u0131s\u0131 olan Ani\u2019deki kaz\u0131, turizme ivme kazand\u0131racak - Bati Ermenistan Ve Bati Ermenileri Sorunlari Ara\u015ftirmalar Merkezi<\/title>\n<meta name=\"robots\" content=\"index, follow, max-snippet:-1, max-image-preview:large, max-video-preview:-1\" \/>\n<link rel=\"canonical\" href=\"https:\/\/akunq.net\/tr\/?p=64487\" \/>\n<meta property=\"og:locale\" content=\"en_US\" \/>\n<meta property=\"og:type\" content=\"article\" \/>\n<meta property=\"og:title\" content=\"Kafkaslardan Anadolu\u2019ya ilk giri\u015f kap\u0131s\u0131 olan Ani\u2019deki kaz\u0131, turizme ivme kazand\u0131racak - Bati Ermenistan Ve Bati Ermenileri Sorunlari Ara\u015ftirmalar Merkezi\" \/>\n<meta property=\"og:description\" content=\"Kafkaslar\u2019dan Anadolu\u2019ya (Bat\u0131 Ermenistan\u2019a-\u2018Akunq\u2019 web sitesi) ilk giri\u015f kap\u0131s\u0131 olma \u00f6zelli\u011fi ta\u015f\u0131yan, 11. ile 12. y\u00fczy\u0131la ait \u0130slam\u00a0mimarisi eserlerini b\u00fcnyesinde bar\u0131nd\u0131ran ve 2016\u2019da UNESCO taraf\u0131ndan D\u00fcnya Miras\u0131 Listesi\u2019ne dahil edilen\u00a0Kars&#8217;taki Ani \u00d6ren Yeri\u2019nde yap\u0131lan kaz\u0131 \u00e7al\u0131\u015fmalar\u0131yla b\u00f6lgenin\u00a0turizm\u00a0potansiyelinin art\u0131r\u0131lmas\u0131 hedefleniyor. Tarihte Saka T\u00fcrkleri, Sasaniler, Bagratl\u0131 (Ermeni-&#8216;Akunq&#8217; web sitesi) Krall\u0131\u011f\u0131, Bizansl\u0131lar, \u015eeddat O\u011fullar\u0131 Beyli\u011fi, An\u0131 G\u00fcrc\u00fc Atabeyleri, [&hellip;]\" \/>\n<meta property=\"og:url\" content=\"https:\/\/akunq.net\/tr\/?p=64487\" \/>\n<meta property=\"og:site_name\" content=\"Bati Ermenistan Ve Bati Ermenileri Sorunlari Ara\u015ftirmalar Merkezi\" \/>\n<meta property=\"article:published_time\" content=\"2021-08-31T06:37:10+00:00\" \/>\n<meta property=\"og:image\" content=\"https:\/\/akunq.net\/tr\/wp-content\/uploads\/sites\/6\/2021\/08\/Ani-3.jpg\" \/>\n\t<meta property=\"og:image:width\" content=\"640\" \/>\n\t<meta property=\"og:image:height\" content=\"360\" \/>\n\t<meta property=\"og:image:type\" content=\"image\/jpeg\" \/>\n<meta name=\"author\" content=\"admin\" \/>\n<meta name=\"twitter:card\" content=\"summary_large_image\" \/>\n<meta name=\"twitter:label1\" content=\"Written by\" \/>\n\t<meta name=\"twitter:data1\" content=\"admin\" \/>\n\t<meta name=\"twitter:label2\" content=\"Est. reading time\" \/>\n\t<meta name=\"twitter:data2\" content=\"3 minutes\" \/>\n<script type=\"application\/ld+json\" class=\"yoast-schema-graph\">{\"@context\":\"https:\\\/\\\/schema.org\",\"@graph\":[{\"@type\":\"Article\",\"@id\":\"https:\\\/\\\/akunq.net\\\/tr\\\/?p=64487#article\",\"isPartOf\":{\"@id\":\"https:\\\/\\\/akunq.net\\\/tr\\\/?p=64487\"},\"author\":{\"name\":\"admin\",\"@id\":\"https:\\\/\\\/akunq.net\\\/tr\\\/#\\\/schema\\\/person\\\/096f1d38a12cce57fb855b485ed24c9e\"},\"headline\":\"Kafkaslardan Anadolu\u2019ya ilk giri\u015f kap\u0131s\u0131 olan Ani\u2019deki kaz\u0131, turizme ivme kazand\u0131racak\",\"datePublished\":\"2021-08-31T06:37:10+00:00\",\"mainEntityOfPage\":{\"@id\":\"https:\\\/\\\/akunq.net\\\/tr\\\/?p=64487\"},\"wordCount\":585,\"commentCount\":0,\"image\":{\"@id\":\"https:\\\/\\\/akunq.net\\\/tr\\\/?p=64487#primaryimage\"},\"thumbnailUrl\":\"https:\\\/\\\/akunq.net\\\/tr\\\/wp-content\\\/uploads\\\/sites\\\/6\\\/2021\\\/08\\\/Ani-3.jpg\",\"articleSection\":[\"G\u00fcn\u00fcm\u00fczde Bat\u0131 Ermenistan\",\"Haberler\"],\"inLanguage\":\"en-US\",\"potentialAction\":[{\"@type\":\"CommentAction\",\"name\":\"Comment\",\"target\":[\"https:\\\/\\\/akunq.net\\\/tr\\\/?p=64487#respond\"]}]},{\"@type\":\"WebPage\",\"@id\":\"https:\\\/\\\/akunq.net\\\/tr\\\/?p=64487\",\"url\":\"https:\\\/\\\/akunq.net\\\/tr\\\/?p=64487\",\"name\":\"Kafkaslardan Anadolu\u2019ya ilk giri\u015f kap\u0131s\u0131 olan Ani\u2019deki kaz\u0131, turizme ivme kazand\u0131racak - Bati Ermenistan Ve Bati Ermenileri Sorunlari Ara\u015ftirmalar Merkezi\",\"isPartOf\":{\"@id\":\"https:\\\/\\\/akunq.net\\\/tr\\\/#website\"},\"primaryImageOfPage\":{\"@id\":\"https:\\\/\\\/akunq.net\\\/tr\\\/?p=64487#primaryimage\"},\"image\":{\"@id\":\"https:\\\/\\\/akunq.net\\\/tr\\\/?p=64487#primaryimage\"},\"thumbnailUrl\":\"https:\\\/\\\/akunq.net\\\/tr\\\/wp-content\\\/uploads\\\/sites\\\/6\\\/2021\\\/08\\\/Ani-3.jpg\",\"datePublished\":\"2021-08-31T06:37:10+00:00\",\"author\":{\"@id\":\"https:\\\/\\\/akunq.net\\\/tr\\\/#\\\/schema\\\/person\\\/096f1d38a12cce57fb855b485ed24c9e\"},\"breadcrumb\":{\"@id\":\"https:\\\/\\\/akunq.net\\\/tr\\\/?p=64487#breadcrumb\"},\"inLanguage\":\"en-US\",\"potentialAction\":[{\"@type\":\"ReadAction\",\"target\":[\"https:\\\/\\\/akunq.net\\\/tr\\\/?p=64487\"]}]},{\"@type\":\"ImageObject\",\"inLanguage\":\"en-US\",\"@id\":\"https:\\\/\\\/akunq.net\\\/tr\\\/?p=64487#primaryimage\",\"url\":\"https:\\\/\\\/akunq.net\\\/tr\\\/wp-content\\\/uploads\\\/sites\\\/6\\\/2021\\\/08\\\/Ani-3.jpg\",\"contentUrl\":\"https:\\\/\\\/akunq.net\\\/tr\\\/wp-content\\\/uploads\\\/sites\\\/6\\\/2021\\\/08\\\/Ani-3.jpg\",\"width\":640,\"height\":360},{\"@type\":\"BreadcrumbList\",\"@id\":\"https:\\\/\\\/akunq.net\\\/tr\\\/?p=64487#breadcrumb\",\"itemListElement\":[{\"@type\":\"ListItem\",\"position\":1,\"name\":\"Home\",\"item\":\"https:\\\/\\\/akunq.net\\\/tr\"},{\"@type\":\"ListItem\",\"position\":2,\"name\":\"Kafkaslardan Anadolu\u2019ya ilk giri\u015f kap\u0131s\u0131 olan Ani\u2019deki kaz\u0131, turizme ivme kazand\u0131racak\"}]},{\"@type\":\"WebSite\",\"@id\":\"https:\\\/\\\/akunq.net\\\/tr\\\/#website\",\"url\":\"https:\\\/\\\/akunq.net\\\/tr\\\/\",\"name\":\"Bati Ermenistan Ve Bati Ermenileri Sorunlari Ara\u015ftirmalar Merkezi\",\"description\":\"\",\"potentialAction\":[{\"@type\":\"SearchAction\",\"target\":{\"@type\":\"EntryPoint\",\"urlTemplate\":\"https:\\\/\\\/akunq.net\\\/tr\\\/?s={search_term_string}\"},\"query-input\":{\"@type\":\"PropertyValueSpecification\",\"valueRequired\":true,\"valueName\":\"search_term_string\"}}],\"inLanguage\":\"en-US\"},{\"@type\":\"Person\",\"@id\":\"https:\\\/\\\/akunq.net\\\/tr\\\/#\\\/schema\\\/person\\\/096f1d38a12cce57fb855b485ed24c9e\",\"name\":\"admin\",\"url\":\"https:\\\/\\\/akunq.net\\\/tr\\\/?author=7\"}]}<\/script>\n<!-- \/ Yoast SEO plugin. -->","yoast_head_json":{"title":"Kafkaslardan Anadolu\u2019ya ilk giri\u015f kap\u0131s\u0131 olan Ani\u2019deki kaz\u0131, turizme ivme kazand\u0131racak - Bati Ermenistan Ve Bati Ermenileri Sorunlari Ara\u015ftirmalar Merkezi","robots":{"index":"index","follow":"follow","max-snippet":"max-snippet:-1","max-image-preview":"max-image-preview:large","max-video-preview":"max-video-preview:-1"},"canonical":"https:\/\/akunq.net\/tr\/?p=64487","og_locale":"en_US","og_type":"article","og_title":"Kafkaslardan Anadolu\u2019ya ilk giri\u015f kap\u0131s\u0131 olan Ani\u2019deki kaz\u0131, turizme ivme kazand\u0131racak - Bati Ermenistan Ve Bati Ermenileri Sorunlari Ara\u015ftirmalar Merkezi","og_description":"Kafkaslar\u2019dan Anadolu\u2019ya (Bat\u0131 Ermenistan\u2019a-\u2018Akunq\u2019 web sitesi) ilk giri\u015f kap\u0131s\u0131 olma \u00f6zelli\u011fi ta\u015f\u0131yan, 11. ile 12. y\u00fczy\u0131la ait \u0130slam\u00a0mimarisi eserlerini b\u00fcnyesinde bar\u0131nd\u0131ran ve 2016\u2019da UNESCO taraf\u0131ndan D\u00fcnya Miras\u0131 Listesi\u2019ne dahil edilen\u00a0Kars&#8217;taki Ani \u00d6ren Yeri\u2019nde yap\u0131lan kaz\u0131 \u00e7al\u0131\u015fmalar\u0131yla b\u00f6lgenin\u00a0turizm\u00a0potansiyelinin art\u0131r\u0131lmas\u0131 hedefleniyor. Tarihte Saka T\u00fcrkleri, Sasaniler, Bagratl\u0131 (Ermeni-&#8216;Akunq&#8217; web sitesi) Krall\u0131\u011f\u0131, Bizansl\u0131lar, \u015eeddat O\u011fullar\u0131 Beyli\u011fi, An\u0131 G\u00fcrc\u00fc Atabeyleri, [&hellip;]","og_url":"https:\/\/akunq.net\/tr\/?p=64487","og_site_name":"Bati Ermenistan Ve Bati Ermenileri Sorunlari Ara\u015ftirmalar Merkezi","article_published_time":"2021-08-31T06:37:10+00:00","og_image":[{"width":640,"height":360,"url":"https:\/\/akunq.net\/tr\/wp-content\/uploads\/sites\/6\/2021\/08\/Ani-3.jpg","type":"image\/jpeg"}],"author":"admin","twitter_card":"summary_large_image","twitter_misc":{"Written by":"admin","Est. reading time":"3 minutes"},"schema":{"@context":"https:\/\/schema.org","@graph":[{"@type":"Article","@id":"https:\/\/akunq.net\/tr\/?p=64487#article","isPartOf":{"@id":"https:\/\/akunq.net\/tr\/?p=64487"},"author":{"name":"admin","@id":"https:\/\/akunq.net\/tr\/#\/schema\/person\/096f1d38a12cce57fb855b485ed24c9e"},"headline":"Kafkaslardan Anadolu\u2019ya ilk giri\u015f kap\u0131s\u0131 olan Ani\u2019deki kaz\u0131, turizme ivme kazand\u0131racak","datePublished":"2021-08-31T06:37:10+00:00","mainEntityOfPage":{"@id":"https:\/\/akunq.net\/tr\/?p=64487"},"wordCount":585,"commentCount":0,"image":{"@id":"https:\/\/akunq.net\/tr\/?p=64487#primaryimage"},"thumbnailUrl":"https:\/\/akunq.net\/tr\/wp-content\/uploads\/sites\/6\/2021\/08\/Ani-3.jpg","articleSection":["G\u00fcn\u00fcm\u00fczde Bat\u0131 Ermenistan","Haberler"],"inLanguage":"en-US","potentialAction":[{"@type":"CommentAction","name":"Comment","target":["https:\/\/akunq.net\/tr\/?p=64487#respond"]}]},{"@type":"WebPage","@id":"https:\/\/akunq.net\/tr\/?p=64487","url":"https:\/\/akunq.net\/tr\/?p=64487","name":"Kafkaslardan Anadolu\u2019ya ilk giri\u015f kap\u0131s\u0131 olan Ani\u2019deki kaz\u0131, turizme ivme kazand\u0131racak - Bati Ermenistan Ve Bati Ermenileri Sorunlari Ara\u015ftirmalar Merkezi","isPartOf":{"@id":"https:\/\/akunq.net\/tr\/#website"},"primaryImageOfPage":{"@id":"https:\/\/akunq.net\/tr\/?p=64487#primaryimage"},"image":{"@id":"https:\/\/akunq.net\/tr\/?p=64487#primaryimage"},"thumbnailUrl":"https:\/\/akunq.net\/tr\/wp-content\/uploads\/sites\/6\/2021\/08\/Ani-3.jpg","datePublished":"2021-08-31T06:37:10+00:00","author":{"@id":"https:\/\/akunq.net\/tr\/#\/schema\/person\/096f1d38a12cce57fb855b485ed24c9e"},"breadcrumb":{"@id":"https:\/\/akunq.net\/tr\/?p=64487#breadcrumb"},"inLanguage":"en-US","potentialAction":[{"@type":"ReadAction","target":["https:\/\/akunq.net\/tr\/?p=64487"]}]},{"@type":"ImageObject","inLanguage":"en-US","@id":"https:\/\/akunq.net\/tr\/?p=64487#primaryimage","url":"https:\/\/akunq.net\/tr\/wp-content\/uploads\/sites\/6\/2021\/08\/Ani-3.jpg","contentUrl":"https:\/\/akunq.net\/tr\/wp-content\/uploads\/sites\/6\/2021\/08\/Ani-3.jpg","width":640,"height":360},{"@type":"BreadcrumbList","@id":"https:\/\/akunq.net\/tr\/?p=64487#breadcrumb","itemListElement":[{"@type":"ListItem","position":1,"name":"Home","item":"https:\/\/akunq.net\/tr"},{"@type":"ListItem","position":2,"name":"Kafkaslardan Anadolu\u2019ya ilk giri\u015f kap\u0131s\u0131 olan Ani\u2019deki kaz\u0131, turizme ivme kazand\u0131racak"}]},{"@type":"WebSite","@id":"https:\/\/akunq.net\/tr\/#website","url":"https:\/\/akunq.net\/tr\/","name":"Bati Ermenistan Ve Bati Ermenileri Sorunlari Ara\u015ftirmalar Merkezi","description":"","potentialAction":[{"@type":"SearchAction","target":{"@type":"EntryPoint","urlTemplate":"https:\/\/akunq.net\/tr\/?s={search_term_string}"},"query-input":{"@type":"PropertyValueSpecification","valueRequired":true,"valueName":"search_term_string"}}],"inLanguage":"en-US"},{"@type":"Person","@id":"https:\/\/akunq.net\/tr\/#\/schema\/person\/096f1d38a12cce57fb855b485ed24c9e","name":"admin","url":"https:\/\/akunq.net\/tr\/?author=7"}]}},"_links":{"self":[{"href":"https:\/\/akunq.net\/tr\/index.php?rest_route=\/wp\/v2\/posts\/64487","targetHints":{"allow":["GET"]}}],"collection":[{"href":"https:\/\/akunq.net\/tr\/index.php?rest_route=\/wp\/v2\/posts"}],"about":[{"href":"https:\/\/akunq.net\/tr\/index.php?rest_route=\/wp\/v2\/types\/post"}],"author":[{"embeddable":true,"href":"https:\/\/akunq.net\/tr\/index.php?rest_route=\/wp\/v2\/users\/7"}],"replies":[{"embeddable":true,"href":"https:\/\/akunq.net\/tr\/index.php?rest_route=%2Fwp%2Fv2%2Fcomments&post=64487"}],"version-history":[{"count":1,"href":"https:\/\/akunq.net\/tr\/index.php?rest_route=\/wp\/v2\/posts\/64487\/revisions"}],"predecessor-version":[{"id":64491,"href":"https:\/\/akunq.net\/tr\/index.php?rest_route=\/wp\/v2\/posts\/64487\/revisions\/64491"}],"wp:featuredmedia":[{"embeddable":true,"href":"https:\/\/akunq.net\/tr\/index.php?rest_route=\/wp\/v2\/media\/64490"}],"wp:attachment":[{"href":"https:\/\/akunq.net\/tr\/index.php?rest_route=%2Fwp%2Fv2%2Fmedia&parent=64487"}],"wp:term":[{"taxonomy":"category","embeddable":true,"href":"https:\/\/akunq.net\/tr\/index.php?rest_route=%2Fwp%2Fv2%2Fcategories&post=64487"},{"taxonomy":"post_tag","embeddable":true,"href":"https:\/\/akunq.net\/tr\/index.php?rest_route=%2Fwp%2Fv2%2Ftags&post=64487"}],"curies":[{"name":"wp","href":"https:\/\/api.w.org\/{rel}","templated":true}]}}