{"id":64480,"date":"2021-08-30T05:39:37","date_gmt":"2021-08-30T10:39:37","guid":{"rendered":"https:\/\/akunq.net\/tr\/?p=64480"},"modified":"2021-08-30T05:39:37","modified_gmt":"2021-08-30T10:39:37","slug":"bir-vandalizm-oykusu-ermeni-mezarliklari-ve-kiliseleri","status":"publish","type":"post","link":"https:\/\/akunq.net\/tr\/?p=64480","title":{"rendered":"Bir \u2018vandalizm\u2019 \u00f6yk\u00fcs\u00fc: Ermeni mezarl\u0131klar\u0131 ve kiliseleri"},"content":{"rendered":"<p><img loading=\"lazy\" decoding=\"async\" class=\"aligncenter size-medium wp-image-64481\" src=\"https:\/\/akunq.net\/tr\/wp-content\/uploads\/2021\/08\/Ermeni-kilisesi-360x180.png\" alt=\"\" width=\"360\" height=\"180\" srcset=\"https:\/\/akunq.net\/tr\/wp-content\/uploads\/sites\/6\/2021\/08\/Ermeni-kilisesi-360x180.png 360w, https:\/\/akunq.net\/tr\/wp-content\/uploads\/sites\/6\/2021\/08\/Ermeni-kilisesi-560x280.png 560w, https:\/\/akunq.net\/tr\/wp-content\/uploads\/sites\/6\/2021\/08\/Ermeni-kilisesi-260x130.png 260w, https:\/\/akunq.net\/tr\/wp-content\/uploads\/sites\/6\/2021\/08\/Ermeni-kilisesi-160x80.png 160w, https:\/\/akunq.net\/tr\/wp-content\/uploads\/sites\/6\/2021\/08\/Ermeni-kilisesi.png 750w\" sizes=\"auto, (max-width: 360px) 100vw, 360px\" \/><\/p>\n<p><em><strong>Ermenilerden miras kalan yap\u0131lar her ge\u00e7en g\u00fcn keyfice tahrip ediliyor. Yetkililer, tarih\u00ee mezarl\u0131klar\u0131 ve kiliseleri kaderine terk ediyor.\u00a0<\/strong><\/em><\/p>\n<p>Van\u2019\u0131n Tu\u015fba il\u00e7esinde Ermeni mezarl\u0131\u011f\u0131n\u0131n i\u015f makineleriyle tahrip edilmesi, mezar ta\u015flar\u0131n\u0131n ve kemiklerin ortaya sa\u00e7\u0131lmas\u0131yla birlikte \u201cfarkl\u0131 inan\u00e7lara\u201d sayg\u0131 yeniden tart\u0131\u015f\u0131lmaya ba\u015fland\u0131. Ortak ya\u015fam yerine \u201ctek tip ya\u015fam\u0131\u201d dayatan akl\u0131n, k\u00fclt\u00fcrel yap\u0131lar\u0131 da hedef ald\u0131\u011f\u0131 bir kez daha a\u00e7\u0131kl\u0131k kazand\u0131.<\/p>\n<p><strong>\u2018G\u00dcNE\u015eL\u0130 VE YET\u0130M HAYASTAN\u2019<\/strong><\/p>\n<p>K\u00fc\u00e7\u00fck Asya\u2019n\u0131n otokton bir halk\u0131, binlerce y\u0131ld\u0131r ya\u015fad\u0131\u011f\u0131 mek\u00e2ndan kopar\u0131ld\u0131. Mallar\u0131na el koyuldu, g\u00f6\u00e7 yollar\u0131nda tecav\u00fcze u\u011frad\u0131, k\u00f6lele\u015ftirildi ve nehirlere at\u0131ld\u0131. G\u00f6\u00e7 ettirildi\u011fi yerlerde kitlesel k\u0131y\u0131mlara maruz kald\u0131. Geriye sadece \u201cmetruk\u201d inan\u00e7 merkezleri ve mezarl\u0131klar kald\u0131. Ermenice tabiriyle Hayastan adeta yetim kald\u0131. Bazen Ermeni \u015fair Ye\u011fi\u015fe \u00c7arents\u2019in \u015fu dizelerini duyar gibi oluyoruz: \u00a0\u201cYaram\u0131zdan s\u0131zan kanlar y\u00fcre\u011fimi yaksa bile \/ G\u00fcne\u015fli ve yetim y\u00e2rim: Hayastan\u2019a vurgunum ben.\u201d<\/p>\n<p><strong>M\u0130TOLOJ\u0130K KENT VAN<\/strong><\/p>\n<p>Bir as\u0131r \u00f6nce d\u00f6nemin devlet ricalinin deyimiyle \u201cizale-i v\u00fccuda (bedenin ortadan kald\u0131r\u0131lmas\u0131)\u201d u\u011frayan Ermeni halk\u0131, \u015fimdilerde \u201cizale-i \u00e2s\u00e2ra (yap\u0131lar\u0131n ortadan kald\u0131r\u0131lmas\u0131)\u201d maruz kal\u0131yor. 2017 y\u0131l\u0131nda Van\u2019\u0131n Edremit il\u00e7esinde kayy\u0131m taraf\u0131ndan tarih\u00ee h\u00f6y\u00fc\u011f\u00fcn ve Ermeni mezarl\u0131\u011f\u0131n\u0131n \u00fczerinde \u201ctuvalet\u201d yap\u0131ld\u0131\u011f\u0131na tan\u0131k olmu\u015ftuk. Birka\u00e7 g\u00fcn \u00f6nce ise Tu\u015fba\u2019n\u0131n Lezk (Kalecik) Mahallesi\u2019nde Ermeni mezarl\u0131\u011f\u0131n\u0131n i\u015f makineleriyle tahrip edildi\u011fine tan\u0131kl\u0131k ettik. Van\u2019\u0131n Ermeni mitolojisi a\u00e7\u0131s\u0131ndan nerdeyse kutsal bir mek\u00e2n oldu\u011fu mal\u00fbm. Ermeni halk\u0131n\u0131n destans\u0131 kahraman\u0131 Hayk\u2019\u0131n Babil Kral\u0131 Bel ile yapt\u0131\u011f\u0131 sava\u015f\u0131n sirayet etti\u011fi yerlerden biridir Van. Bu mukaddes topra\u011fa az da olsa bir \u201ctahamm\u00fcl\u201d bekleniyordu. Ermeni halk\u0131n\u0131n \u00f6l\u00fclerine dahi tahamm\u00fcl etmeyen bir \u201chikmet-i h\u00fck\u00fcmet\u201d, acaba ortak bir ya\u015fam in\u015fa edebilir mi?<\/p>\n<p><strong>PANT\u00dcRK\u0130ST REFLEKSLER<\/strong><\/p>\n<p>Van\u2019daki manzaran\u0131n bir benzeri daha \u00f6nce Azerbaycan Culfa\u2019da bulunan Ermeni mezarl\u0131\u011f\u0131n\u0131n ba\u015f\u0131na da geldi. Mezarl\u0131k, tepkilere ra\u011fmen bir \u201cat\u0131\u015f poligonuna\u201d \u00e7evrildi. \u00a0Ad\u0131na hastal\u0131kl\u0131 Pant\u00fcrkist refleks mi denir, yoksa kronikle\u015fmi\u015f Ermeni fobisi mi denir? Ger\u00e7ek \u015fu ki \u00fclserli kafalar, ku\u015flara konan k\u00f6t\u00fc huylu bir kene gibi K\u00fc\u00e7\u00fck Asya\u2019n\u0131n k\u00fclt\u00fcrel miras\u0131n\u0131 yok ediyorlar.<\/p>\n<p><strong>\u2018SODOM\u2019 MUAMELES\u0130<\/strong><\/p>\n<p>Bir ba\u015fka \u00f6yk\u00fc de \u0130stanbul\u2019da Surp Agop Mezarl\u0131\u011f\u0131 ve Kilisesi\u2019nin arazisiyle ilgili. Rober Kopta\u015f, bu konuyu Yesayan Salonu\u2019nda Tamar Nalc\u0131 ve Emre Can Da\u011fl\u0131o\u011flu ile enine boyuna konu\u015fmu\u015ftu. K\u00fc\u00e7\u00fcc\u00fck bir t\u00fcrbeyi dahi koruma alt\u0131na alan, onaran ve halk\u0131 dualara davet eden \u201cho\u015fg\u00f6r\u00fc bezirg\u00e2nlar\u0131\u201d, \u0130stanbul\u2019un g\u00f6be\u011finde tarih\u00ee bir mek\u00e2na \u201cSodom\u201d \u015fehri muamelesi yapt\u0131lar ve yapmaya devam ediyorlar.<\/p>\n<p><strong>DEVLET KEMAN \u00c7ALIYOR, HALK DANS ED\u0130YOR<\/strong><\/p>\n<p>Peki, y\u00f6netici erk b\u00f6yle bir yol izlerken K\u00fc\u00e7\u00fck Asya \u201cmilleti\u201d ne yap\u0131yor? Panorama \u00e7ok da i\u00e7 a\u00e7\u0131c\u0131 de\u011fil. Memleketin her cenah\u0131nda \u00f6zellikle kiliselerle ilgili sonu gelmez bir vandalizme tan\u0131k oluyoruz. Asianews adl\u0131 haber sitesi bu konuyu son g\u00fcnlerde i\u015fliyor. Mesela Urfa Germu\u015f\u2019ta Surp Asdvadzadzin Kilisesi\u2019nde \u201cbarbek\u00fc partisi\u201d verildi. Defineciler tayfas\u0131, Kayseri Surp Toros Kilisesi\u2019ni kaz\u0131p duvarlar\u0131na sprey boyayla yaz\u0131 yazd\u0131. Kalem kullanmas\u0131n\u0131 dahi bilmeyen g\u00fcruh, kutsal bir mek\u00e2n\u0131n ikonalarla s\u00fcsl\u00fc duvar\u0131n\u0131 okul tahtas\u0131na \u00e7evirebiliyor. Hatta Bursa\u2019da bir kilisenin motel veya m\u00fcze yap\u0131lmak \u00fczere sat\u0131\u015fa \u00e7\u0131kar\u0131ld\u0131\u011f\u0131 g\u00f6r\u00fcld\u00fc. D\u00fc\u015f\u00fcnebiliyor musunuz Kel Yahya gidip II. Beyaz\u0131t Camii\u2019ni sat\u0131n alacak ve motel yap\u0131lmas\u0131 i\u00e7in internetten sat\u0131\u015fa \u00e7\u0131karacak? T\u00fcm Ortado\u011fu\u2019yu alabora edecek bir ilan olurdu herhalde. Fakat kilise, g\u00f6n\u00fcl rahatl\u0131\u011f\u0131yla \u201cpazarlanabiliyor.\u201d On binlerce y\u0131l \u00f6nce Shanidar Ma\u011faras\u0131\u2019nda ya\u015fam\u0131\u015f bir Neandertal dahi bizden merhametliydi. Maalesef devletin tepesinde keman \u00e7al\u0131nd\u0131\u011f\u0131nda halk da dans ediyor.<\/p>\n<p><em><strong>\u0130smet Konak \/ MA\u00a0<\/strong><\/em><\/p>\n<p><em><strong><a href=\"https:\/\/politikahaber.org\/bir-vandalizm-oykusu-ermeni-mezarliklari-ve-kiliseleri\/\">https:\/\/politikahaber.org\/bir-vandalizm-oykusu-ermeni-mezarliklari-ve-kiliseleri\/<\/a>\u00a0<\/strong><\/em><\/p>\n","protected":false},"excerpt":{"rendered":"<p>Ermenilerden miras kalan yap\u0131lar her ge\u00e7en g\u00fcn keyfice tahrip ediliyor. Yetkililer, tarih\u00ee mezarl\u0131klar\u0131 ve kiliseleri kaderine terk ediyor.\u00a0 Van\u2019\u0131n Tu\u015fba il\u00e7esinde Ermeni mezarl\u0131\u011f\u0131n\u0131n i\u015f makineleriyle tahrip edilmesi, mezar ta\u015flar\u0131n\u0131n ve kemiklerin ortaya sa\u00e7\u0131lmas\u0131yla birlikte \u201cfarkl\u0131 inan\u00e7lara\u201d sayg\u0131 yeniden tart\u0131\u015f\u0131lmaya ba\u015fland\u0131. Ortak ya\u015fam yerine \u201ctek tip ya\u015fam\u0131\u201d dayatan akl\u0131n, k\u00fclt\u00fcrel yap\u0131lar\u0131 da hedef ald\u0131\u011f\u0131 bir kez [&hellip;]<\/p>\n","protected":false},"author":7,"featured_media":64481,"comment_status":"open","ping_status":"open","sticky":false,"template":"","format":"standard","meta":{"footnotes":""},"categories":[22,1],"tags":[],"class_list":["post-64480","post","type-post","status-publish","format-standard","has-post-thumbnail","hentry","category-gunumuzde-bati-ermenistan","category-haberler"],"yoast_head":"<!-- This site is optimized with the Yoast SEO plugin v27.4 - https:\/\/yoast.com\/product\/yoast-seo-wordpress\/ -->\n<title>Bir \u2018vandalizm\u2019 \u00f6yk\u00fcs\u00fc: Ermeni mezarl\u0131klar\u0131 ve kiliseleri - Bati Ermenistan Ve Bati Ermenileri Sorunlari Ara\u015ftirmalar Merkezi<\/title>\n<meta name=\"robots\" content=\"index, follow, max-snippet:-1, max-image-preview:large, max-video-preview:-1\" \/>\n<link rel=\"canonical\" href=\"https:\/\/akunq.net\/tr\/?p=64480\" \/>\n<meta property=\"og:locale\" content=\"en_US\" \/>\n<meta property=\"og:type\" content=\"article\" \/>\n<meta property=\"og:title\" content=\"Bir \u2018vandalizm\u2019 \u00f6yk\u00fcs\u00fc: Ermeni mezarl\u0131klar\u0131 ve kiliseleri - Bati Ermenistan Ve Bati Ermenileri Sorunlari Ara\u015ftirmalar Merkezi\" \/>\n<meta property=\"og:description\" content=\"Ermenilerden miras kalan yap\u0131lar her ge\u00e7en g\u00fcn keyfice tahrip ediliyor. Yetkililer, tarih\u00ee mezarl\u0131klar\u0131 ve kiliseleri kaderine terk ediyor.\u00a0 Van\u2019\u0131n Tu\u015fba il\u00e7esinde Ermeni mezarl\u0131\u011f\u0131n\u0131n i\u015f makineleriyle tahrip edilmesi, mezar ta\u015flar\u0131n\u0131n ve kemiklerin ortaya sa\u00e7\u0131lmas\u0131yla birlikte \u201cfarkl\u0131 inan\u00e7lara\u201d sayg\u0131 yeniden tart\u0131\u015f\u0131lmaya ba\u015fland\u0131. Ortak ya\u015fam yerine \u201ctek tip ya\u015fam\u0131\u201d dayatan akl\u0131n, k\u00fclt\u00fcrel yap\u0131lar\u0131 da hedef ald\u0131\u011f\u0131 bir kez [&hellip;]\" \/>\n<meta property=\"og:url\" content=\"https:\/\/akunq.net\/tr\/?p=64480\" \/>\n<meta property=\"og:site_name\" content=\"Bati Ermenistan Ve Bati Ermenileri Sorunlari Ara\u015ftirmalar Merkezi\" \/>\n<meta property=\"article:published_time\" content=\"2021-08-30T10:39:37+00:00\" \/>\n<meta property=\"og:image\" content=\"https:\/\/akunq.net\/tr\/wp-content\/uploads\/sites\/6\/2021\/08\/Ermeni-kilisesi.png\" \/>\n\t<meta property=\"og:image:width\" content=\"750\" \/>\n\t<meta property=\"og:image:height\" content=\"375\" \/>\n\t<meta property=\"og:image:type\" content=\"image\/png\" \/>\n<meta name=\"author\" content=\"admin\" \/>\n<meta name=\"twitter:card\" content=\"summary_large_image\" \/>\n<meta name=\"twitter:label1\" content=\"Written by\" \/>\n\t<meta name=\"twitter:data1\" content=\"admin\" \/>\n\t<meta name=\"twitter:label2\" content=\"Est. reading time\" \/>\n\t<meta name=\"twitter:data2\" content=\"4 minutes\" \/>\n<script type=\"application\/ld+json\" class=\"yoast-schema-graph\">{\"@context\":\"https:\\\/\\\/schema.org\",\"@graph\":[{\"@type\":\"Article\",\"@id\":\"https:\\\/\\\/akunq.net\\\/tr\\\/?p=64480#article\",\"isPartOf\":{\"@id\":\"https:\\\/\\\/akunq.net\\\/tr\\\/?p=64480\"},\"author\":{\"name\":\"admin\",\"@id\":\"https:\\\/\\\/akunq.net\\\/tr\\\/#\\\/schema\\\/person\\\/096f1d38a12cce57fb855b485ed24c9e\"},\"headline\":\"Bir \u2018vandalizm\u2019 \u00f6yk\u00fcs\u00fc: Ermeni mezarl\u0131klar\u0131 ve kiliseleri\",\"datePublished\":\"2021-08-30T10:39:37+00:00\",\"mainEntityOfPage\":{\"@id\":\"https:\\\/\\\/akunq.net\\\/tr\\\/?p=64480\"},\"wordCount\":716,\"commentCount\":0,\"image\":{\"@id\":\"https:\\\/\\\/akunq.net\\\/tr\\\/?p=64480#primaryimage\"},\"thumbnailUrl\":\"https:\\\/\\\/akunq.net\\\/tr\\\/wp-content\\\/uploads\\\/sites\\\/6\\\/2021\\\/08\\\/Ermeni-kilisesi.png\",\"articleSection\":[\"G\u00fcn\u00fcm\u00fczde Bat\u0131 Ermenistan\",\"Haberler\"],\"inLanguage\":\"en-US\",\"potentialAction\":[{\"@type\":\"CommentAction\",\"name\":\"Comment\",\"target\":[\"https:\\\/\\\/akunq.net\\\/tr\\\/?p=64480#respond\"]}]},{\"@type\":\"WebPage\",\"@id\":\"https:\\\/\\\/akunq.net\\\/tr\\\/?p=64480\",\"url\":\"https:\\\/\\\/akunq.net\\\/tr\\\/?p=64480\",\"name\":\"Bir \u2018vandalizm\u2019 \u00f6yk\u00fcs\u00fc: Ermeni mezarl\u0131klar\u0131 ve kiliseleri - Bati Ermenistan Ve Bati Ermenileri Sorunlari Ara\u015ftirmalar Merkezi\",\"isPartOf\":{\"@id\":\"https:\\\/\\\/akunq.net\\\/tr\\\/#website\"},\"primaryImageOfPage\":{\"@id\":\"https:\\\/\\\/akunq.net\\\/tr\\\/?p=64480#primaryimage\"},\"image\":{\"@id\":\"https:\\\/\\\/akunq.net\\\/tr\\\/?p=64480#primaryimage\"},\"thumbnailUrl\":\"https:\\\/\\\/akunq.net\\\/tr\\\/wp-content\\\/uploads\\\/sites\\\/6\\\/2021\\\/08\\\/Ermeni-kilisesi.png\",\"datePublished\":\"2021-08-30T10:39:37+00:00\",\"author\":{\"@id\":\"https:\\\/\\\/akunq.net\\\/tr\\\/#\\\/schema\\\/person\\\/096f1d38a12cce57fb855b485ed24c9e\"},\"breadcrumb\":{\"@id\":\"https:\\\/\\\/akunq.net\\\/tr\\\/?p=64480#breadcrumb\"},\"inLanguage\":\"en-US\",\"potentialAction\":[{\"@type\":\"ReadAction\",\"target\":[\"https:\\\/\\\/akunq.net\\\/tr\\\/?p=64480\"]}]},{\"@type\":\"ImageObject\",\"inLanguage\":\"en-US\",\"@id\":\"https:\\\/\\\/akunq.net\\\/tr\\\/?p=64480#primaryimage\",\"url\":\"https:\\\/\\\/akunq.net\\\/tr\\\/wp-content\\\/uploads\\\/sites\\\/6\\\/2021\\\/08\\\/Ermeni-kilisesi.png\",\"contentUrl\":\"https:\\\/\\\/akunq.net\\\/tr\\\/wp-content\\\/uploads\\\/sites\\\/6\\\/2021\\\/08\\\/Ermeni-kilisesi.png\",\"width\":750,\"height\":375},{\"@type\":\"BreadcrumbList\",\"@id\":\"https:\\\/\\\/akunq.net\\\/tr\\\/?p=64480#breadcrumb\",\"itemListElement\":[{\"@type\":\"ListItem\",\"position\":1,\"name\":\"Home\",\"item\":\"https:\\\/\\\/akunq.net\\\/tr\"},{\"@type\":\"ListItem\",\"position\":2,\"name\":\"Bir \u2018vandalizm\u2019 \u00f6yk\u00fcs\u00fc: Ermeni mezarl\u0131klar\u0131 ve kiliseleri\"}]},{\"@type\":\"WebSite\",\"@id\":\"https:\\\/\\\/akunq.net\\\/tr\\\/#website\",\"url\":\"https:\\\/\\\/akunq.net\\\/tr\\\/\",\"name\":\"Bati Ermenistan Ve Bati Ermenileri Sorunlari Ara\u015ftirmalar Merkezi\",\"description\":\"\",\"potentialAction\":[{\"@type\":\"SearchAction\",\"target\":{\"@type\":\"EntryPoint\",\"urlTemplate\":\"https:\\\/\\\/akunq.net\\\/tr\\\/?s={search_term_string}\"},\"query-input\":{\"@type\":\"PropertyValueSpecification\",\"valueRequired\":true,\"valueName\":\"search_term_string\"}}],\"inLanguage\":\"en-US\"},{\"@type\":\"Person\",\"@id\":\"https:\\\/\\\/akunq.net\\\/tr\\\/#\\\/schema\\\/person\\\/096f1d38a12cce57fb855b485ed24c9e\",\"name\":\"admin\",\"url\":\"https:\\\/\\\/akunq.net\\\/tr\\\/?author=7\"}]}<\/script>\n<!-- \/ Yoast SEO plugin. -->","yoast_head_json":{"title":"Bir \u2018vandalizm\u2019 \u00f6yk\u00fcs\u00fc: Ermeni mezarl\u0131klar\u0131 ve kiliseleri - Bati Ermenistan Ve Bati Ermenileri Sorunlari Ara\u015ftirmalar Merkezi","robots":{"index":"index","follow":"follow","max-snippet":"max-snippet:-1","max-image-preview":"max-image-preview:large","max-video-preview":"max-video-preview:-1"},"canonical":"https:\/\/akunq.net\/tr\/?p=64480","og_locale":"en_US","og_type":"article","og_title":"Bir \u2018vandalizm\u2019 \u00f6yk\u00fcs\u00fc: Ermeni mezarl\u0131klar\u0131 ve kiliseleri - Bati Ermenistan Ve Bati Ermenileri Sorunlari Ara\u015ftirmalar Merkezi","og_description":"Ermenilerden miras kalan yap\u0131lar her ge\u00e7en g\u00fcn keyfice tahrip ediliyor. Yetkililer, tarih\u00ee mezarl\u0131klar\u0131 ve kiliseleri kaderine terk ediyor.\u00a0 Van\u2019\u0131n Tu\u015fba il\u00e7esinde Ermeni mezarl\u0131\u011f\u0131n\u0131n i\u015f makineleriyle tahrip edilmesi, mezar ta\u015flar\u0131n\u0131n ve kemiklerin ortaya sa\u00e7\u0131lmas\u0131yla birlikte \u201cfarkl\u0131 inan\u00e7lara\u201d sayg\u0131 yeniden tart\u0131\u015f\u0131lmaya ba\u015fland\u0131. Ortak ya\u015fam yerine \u201ctek tip ya\u015fam\u0131\u201d dayatan akl\u0131n, k\u00fclt\u00fcrel yap\u0131lar\u0131 da hedef ald\u0131\u011f\u0131 bir kez [&hellip;]","og_url":"https:\/\/akunq.net\/tr\/?p=64480","og_site_name":"Bati Ermenistan Ve Bati Ermenileri Sorunlari Ara\u015ftirmalar Merkezi","article_published_time":"2021-08-30T10:39:37+00:00","og_image":[{"width":750,"height":375,"url":"https:\/\/akunq.net\/tr\/wp-content\/uploads\/sites\/6\/2021\/08\/Ermeni-kilisesi.png","type":"image\/png"}],"author":"admin","twitter_card":"summary_large_image","twitter_misc":{"Written by":"admin","Est. reading time":"4 minutes"},"schema":{"@context":"https:\/\/schema.org","@graph":[{"@type":"Article","@id":"https:\/\/akunq.net\/tr\/?p=64480#article","isPartOf":{"@id":"https:\/\/akunq.net\/tr\/?p=64480"},"author":{"name":"admin","@id":"https:\/\/akunq.net\/tr\/#\/schema\/person\/096f1d38a12cce57fb855b485ed24c9e"},"headline":"Bir \u2018vandalizm\u2019 \u00f6yk\u00fcs\u00fc: Ermeni mezarl\u0131klar\u0131 ve kiliseleri","datePublished":"2021-08-30T10:39:37+00:00","mainEntityOfPage":{"@id":"https:\/\/akunq.net\/tr\/?p=64480"},"wordCount":716,"commentCount":0,"image":{"@id":"https:\/\/akunq.net\/tr\/?p=64480#primaryimage"},"thumbnailUrl":"https:\/\/akunq.net\/tr\/wp-content\/uploads\/sites\/6\/2021\/08\/Ermeni-kilisesi.png","articleSection":["G\u00fcn\u00fcm\u00fczde Bat\u0131 Ermenistan","Haberler"],"inLanguage":"en-US","potentialAction":[{"@type":"CommentAction","name":"Comment","target":["https:\/\/akunq.net\/tr\/?p=64480#respond"]}]},{"@type":"WebPage","@id":"https:\/\/akunq.net\/tr\/?p=64480","url":"https:\/\/akunq.net\/tr\/?p=64480","name":"Bir \u2018vandalizm\u2019 \u00f6yk\u00fcs\u00fc: Ermeni mezarl\u0131klar\u0131 ve kiliseleri - Bati Ermenistan Ve Bati Ermenileri Sorunlari Ara\u015ftirmalar Merkezi","isPartOf":{"@id":"https:\/\/akunq.net\/tr\/#website"},"primaryImageOfPage":{"@id":"https:\/\/akunq.net\/tr\/?p=64480#primaryimage"},"image":{"@id":"https:\/\/akunq.net\/tr\/?p=64480#primaryimage"},"thumbnailUrl":"https:\/\/akunq.net\/tr\/wp-content\/uploads\/sites\/6\/2021\/08\/Ermeni-kilisesi.png","datePublished":"2021-08-30T10:39:37+00:00","author":{"@id":"https:\/\/akunq.net\/tr\/#\/schema\/person\/096f1d38a12cce57fb855b485ed24c9e"},"breadcrumb":{"@id":"https:\/\/akunq.net\/tr\/?p=64480#breadcrumb"},"inLanguage":"en-US","potentialAction":[{"@type":"ReadAction","target":["https:\/\/akunq.net\/tr\/?p=64480"]}]},{"@type":"ImageObject","inLanguage":"en-US","@id":"https:\/\/akunq.net\/tr\/?p=64480#primaryimage","url":"https:\/\/akunq.net\/tr\/wp-content\/uploads\/sites\/6\/2021\/08\/Ermeni-kilisesi.png","contentUrl":"https:\/\/akunq.net\/tr\/wp-content\/uploads\/sites\/6\/2021\/08\/Ermeni-kilisesi.png","width":750,"height":375},{"@type":"BreadcrumbList","@id":"https:\/\/akunq.net\/tr\/?p=64480#breadcrumb","itemListElement":[{"@type":"ListItem","position":1,"name":"Home","item":"https:\/\/akunq.net\/tr"},{"@type":"ListItem","position":2,"name":"Bir \u2018vandalizm\u2019 \u00f6yk\u00fcs\u00fc: Ermeni mezarl\u0131klar\u0131 ve kiliseleri"}]},{"@type":"WebSite","@id":"https:\/\/akunq.net\/tr\/#website","url":"https:\/\/akunq.net\/tr\/","name":"Bati Ermenistan Ve Bati Ermenileri Sorunlari Ara\u015ftirmalar Merkezi","description":"","potentialAction":[{"@type":"SearchAction","target":{"@type":"EntryPoint","urlTemplate":"https:\/\/akunq.net\/tr\/?s={search_term_string}"},"query-input":{"@type":"PropertyValueSpecification","valueRequired":true,"valueName":"search_term_string"}}],"inLanguage":"en-US"},{"@type":"Person","@id":"https:\/\/akunq.net\/tr\/#\/schema\/person\/096f1d38a12cce57fb855b485ed24c9e","name":"admin","url":"https:\/\/akunq.net\/tr\/?author=7"}]}},"_links":{"self":[{"href":"https:\/\/akunq.net\/tr\/index.php?rest_route=\/wp\/v2\/posts\/64480","targetHints":{"allow":["GET"]}}],"collection":[{"href":"https:\/\/akunq.net\/tr\/index.php?rest_route=\/wp\/v2\/posts"}],"about":[{"href":"https:\/\/akunq.net\/tr\/index.php?rest_route=\/wp\/v2\/types\/post"}],"author":[{"embeddable":true,"href":"https:\/\/akunq.net\/tr\/index.php?rest_route=\/wp\/v2\/users\/7"}],"replies":[{"embeddable":true,"href":"https:\/\/akunq.net\/tr\/index.php?rest_route=%2Fwp%2Fv2%2Fcomments&post=64480"}],"version-history":[{"count":1,"href":"https:\/\/akunq.net\/tr\/index.php?rest_route=\/wp\/v2\/posts\/64480\/revisions"}],"predecessor-version":[{"id":64482,"href":"https:\/\/akunq.net\/tr\/index.php?rest_route=\/wp\/v2\/posts\/64480\/revisions\/64482"}],"wp:featuredmedia":[{"embeddable":true,"href":"https:\/\/akunq.net\/tr\/index.php?rest_route=\/wp\/v2\/media\/64481"}],"wp:attachment":[{"href":"https:\/\/akunq.net\/tr\/index.php?rest_route=%2Fwp%2Fv2%2Fmedia&parent=64480"}],"wp:term":[{"taxonomy":"category","embeddable":true,"href":"https:\/\/akunq.net\/tr\/index.php?rest_route=%2Fwp%2Fv2%2Fcategories&post=64480"},{"taxonomy":"post_tag","embeddable":true,"href":"https:\/\/akunq.net\/tr\/index.php?rest_route=%2Fwp%2Fv2%2Ftags&post=64480"}],"curies":[{"name":"wp","href":"https:\/\/api.w.org\/{rel}","templated":true}]}}