{"id":64476,"date":"2021-08-30T04:11:30","date_gmt":"2021-08-30T09:11:30","guid":{"rendered":"https:\/\/akunq.net\/tr\/?p=64476"},"modified":"2021-08-30T04:11:30","modified_gmt":"2021-08-30T09:11:30","slug":"malatya-ermeni-cemaati-uyelerine-takdir-beratimiz","status":"publish","type":"post","link":"https:\/\/akunq.net\/tr\/?p=64476","title":{"rendered":"Malatya Ermeni cemaati \u00fcyelerine takdir berat\u0131m\u0131z"},"content":{"rendered":"<p><img loading=\"lazy\" decoding=\"async\" class=\"aligncenter size-medium wp-image-64477\" src=\"https:\/\/akunq.net\/tr\/wp-content\/uploads\/2021\/08\/SAHAK-II-360x240.jpeg\" alt=\"\" width=\"360\" height=\"240\" srcset=\"https:\/\/akunq.net\/tr\/wp-content\/uploads\/sites\/6\/2021\/08\/SAHAK-II-360x240.jpeg 360w, https:\/\/akunq.net\/tr\/wp-content\/uploads\/sites\/6\/2021\/08\/SAHAK-II-768x512.jpeg 768w, https:\/\/akunq.net\/tr\/wp-content\/uploads\/sites\/6\/2021\/08\/SAHAK-II-560x373.jpeg 560w, https:\/\/akunq.net\/tr\/wp-content\/uploads\/sites\/6\/2021\/08\/SAHAK-II-260x173.jpeg 260w, https:\/\/akunq.net\/tr\/wp-content\/uploads\/sites\/6\/2021\/08\/SAHAK-II-160x107.jpeg 160w, https:\/\/akunq.net\/tr\/wp-content\/uploads\/sites\/6\/2021\/08\/SAHAK-II.jpeg 960w\" sizes=\"auto, (max-width: 360px) 100vw, 360px\" \/><\/p>\n<p><em><strong>Tamamlanan k\u00f6kl\u00fc yenileme \u00e7al\u0131\u015fmalar\u0131 sonras\u0131nda, Tanr\u0131\u2019n\u0131n g\u00f6rkemine sunulmu\u015f bir mabedin yeniden hizmete adanmas\u0131, bizler i\u00e7in ruhani bir sevin\u00e7 ve memnuniyet kayna\u011f\u0131d\u0131r.<\/strong><\/em><\/p>\n<p>Kutsal \u00dc\u00e7l\u00fck\u2019\u00fcn ismine adanm\u0131\u015f olan bu mabet y\u00fcz y\u0131l\u0131 ge\u00e7kin bir s\u00fcredir bak\u0131ms\u0131z halde bulunmaktayd\u0131. Bizlerin bug\u00fcn ya\u015fad\u0131\u011f\u0131 sevinci bir\u00e7oklar\u0131 tadamadan bu hayattan uzakla\u015ft\u0131lar ve \u015fu anda Rab\u2019de uyuyorlar. Dolay\u0131s\u0131yla, bu mutluluk verici ve sevindirici an\u0131 her \u015feyden \u00f6nce duan\u0131n g\u00fcc\u00fcne bor\u00e7luyuz. Eminiz ki, bir\u00e7oklar\u0131 bu dua evinin yenilenmesi i\u00e7in Tanr\u0131\u2019ya dualar\u0131n\u0131 sundular. Bir\u00e7oklar\u0131, atalar\u0131ndan miras ald\u0131klar\u0131 inan\u00e7 do\u011frultusunda, bu kutsal mabedin \u00e7at\u0131s\u0131 alt\u0131nda yeniden dua edebilmeleri i\u00e7in Tanr\u0131\u2019ya yakard\u0131lar. Bir\u00e7oklar\u0131, kalplerinin derinliklerinden ta\u015fan imanla, \u00fcmitle ve sevgiyle sunduklar\u0131 dilekler ve isteklerle g\u00f6kleri sarst\u0131lar. Ve bug\u00fcn, imanl\u0131lar\u0131n kalplerinden ta\u015fan dualara verilen cevap sonras\u0131nda, Kutsal Kitap\u2019\u0131n s\u00f6zleriyle sevinmeye davet ediliyoruz: \u201cBug\u00fcn RAB\u2019bin yaratt\u0131\u011f\u0131 g\u00fcnd\u00fcr, Onun i\u00e7in sevinip co\u015fal\u0131m\u201d (Mezmur 118:24). Bug\u00fcn bu tarihi kilise i\u00e7erisinde Surp Badarak sunuluyor ve Rab\u2019de uyuyan eski Malatyal\u0131 karde\u015flerimizin ruhlar\u0131 da bu Kutsal Sofra etraf\u0131nda bir araya geldiklerine inan\u0131yoruz.<\/p>\n<p>Bug\u00fcn imanl\u0131lar, birbirlerini selaml\u0131yor ve \u201cBana: \u201cRAB\u2019bin evine gidelim\u201d dendik\u00e7e sevinirim\u201d (Mezmur 122:1) diyorlar.<\/p>\n<p>Tanr\u0131\u2019ya hamt olsun ki, tarihi Malatya kentinin gurur kaynaklar\u0131ndan olan bu mabedin ho\u015f bir g\u00f6r\u00fcn\u00fcme kavu\u015fmas\u0131 i\u00e7in, devletimiz olumlu yakla\u015f\u0131m\u0131yla her t\u00fcrl\u00fc giri\u015fimi ger\u00e7ekle\u015ftirdi. Yerel y\u00f6netimler de kendi katk\u0131lar\u0131n\u0131 sundular ve bizler bug\u00fcn \u00fclkemiz T\u00fcrkiye\u2019nin esenli\u011fi i\u00e7in Tanr\u0131\u2019ya dualar\u0131m\u0131z\u0131 sunuyoruz. Cemaatimiz ad\u0131na herkese te\u015fekk\u00fcr ederken, \u00fclke bekas\u0131 i\u00e7in y\u00fcr\u00fctecekleri \u00e7al\u0131\u015fmalarda kendilerine ba\u015far\u0131lar diliyoruz.<\/p>\n<p>Bu sevin\u00e7li vesileyle, pederane takdislerimizi \u00f6zellikle Malatya\u2019da ya\u015famaya devam eden cemaatimiz \u00fcyelerine sunuyoruz. Onlar, Rab \u0130sa Mesih\u2019in \u201c\u00d6yleyse Sezar\u2019\u0131n hakk\u0131n\u0131 Sezar\u2019a, Tanr\u0131\u2019n\u0131n hakk\u0131n\u0131 da Tanr\u0131\u2019ya verin\u201d (Luka 20:25) s\u00f6z\u00fcne sad\u0131k kalarak, Hristiyan inanc\u0131n\u0131 ya\u015famaya ve ya\u015fatmaya devam etmektedirler. Onlar, Malatya\u2019da \u00e7al\u0131\u015fmakta ve ya\u015famakta, onurlu ve sad\u0131k vatanda\u015flar olarak, kom\u015fular\u0131yla bir arada ya\u015famay\u0131 sa\u011flam diyalog esaslar\u0131 \u00fczerine temellendirmi\u015flerdir. Onlar\u0131n bu duru\u015fu, halk\u0131m\u0131z\u0131n yap\u0131c\u0131 \u00f6zelli\u011fini sergilemektedir. \u015eehrin Ermeni Mezarl\u0131\u011f\u0131\u2019na ve S. Harutyun Son Dua Evi\u2019ne kar\u015f\u0131 g\u00f6stermi\u015f olduklar\u0131 ilgi ve alakay\u0131 takdirle kar\u015f\u0131l\u0131yoruz. \u00d6zellikle, bu k\u00fc\u00e7\u00fck dua evinde Ermeni Kilisesi\u2019nin ilahisinin ve duas\u0131n\u0131n ya\u015famas\u0131n\u0131 takdir ediyoruz.<\/p>\n<p>Kendi do\u011fduklar\u0131 \u015fehirden uzak olmalar\u0131na ra\u011fmen, do\u011fduklar\u0131 \u015fehrin geleneklerini ya\u015fatan ve kendi \u015fehirleriyle ruhani ve k\u00fclt\u00fcrel ba\u011f\u0131 hi\u00e7 koparmayan cemaatimizin Malatyal\u0131 \u00fcyelerini de takdis ediyoruz. Bu vesileyle \u0130stanbul\u2019da faaliyetlerini s\u00fcrd\u00fcren ve kilisenin yenileme \u00e7al\u0131\u015fmalar\u0131n\u0131n tamamlanmas\u0131nda eme\u011fi ve katk\u0131s\u0131 olan Malatya HAYDER y\u00f6neticilerini ve \u00fcyelerini de takdir ediyoruz.<\/p>\n<p>Son olarak, sa\u011fl\u0131kl\u0131 diyalog \u00e7er\u00e7evesinde bu g\u00fczel \u00e7al\u0131\u015fman\u0131n ba\u015far\u0131yla ta\u00e7lanmas\u0131nda eme\u011fi ge\u00e7en herkese takdir ve tebriklerimizi sunar\u0131z. Tanr\u0131 hepsini bereketlesin.<\/p>\n<p>Tanr\u0131\u2019n\u0131n sevgisi, bereketi ve inayeti sizlerle ve hepimizle olsun. Amen.<\/p>\n<p>Pederane sevgimle ve takdislerimle,<\/p>\n<p><em>+ SAHAK II.<\/em><\/p>\n<p><em>T\u00dcRK\u0130YE ERMEN\u0130LER\u0130 PATR\u0130\u011e\u0130<\/em><\/p>\n<p><em>23 A\u011fustos 2021\u00a0<\/em><\/p>\n<p><em>\u0531.11\/12810<\/em><\/p>\n<p><em><strong><a href=\"https:\/\/www.facebook.com\/TRArmenianPatriarchate\/\">https:\/\/www.facebook.com\/TRArmenianPatriarchate\/<\/a> <\/strong><\/em><\/p>\n","protected":false},"excerpt":{"rendered":"<p>Tamamlanan k\u00f6kl\u00fc yenileme \u00e7al\u0131\u015fmalar\u0131 sonras\u0131nda, Tanr\u0131\u2019n\u0131n g\u00f6rkemine sunulmu\u015f bir mabedin yeniden hizmete adanmas\u0131, bizler i\u00e7in ruhani bir sevin\u00e7 ve memnuniyet kayna\u011f\u0131d\u0131r. Kutsal \u00dc\u00e7l\u00fck\u2019\u00fcn ismine adanm\u0131\u015f olan bu mabet y\u00fcz y\u0131l\u0131 ge\u00e7kin bir s\u00fcredir bak\u0131ms\u0131z halde bulunmaktayd\u0131. Bizlerin bug\u00fcn ya\u015fad\u0131\u011f\u0131 sevinci bir\u00e7oklar\u0131 tadamadan bu hayattan uzakla\u015ft\u0131lar ve \u015fu anda Rab\u2019de uyuyorlar. Dolay\u0131s\u0131yla, bu mutluluk verici ve [&hellip;]<\/p>\n","protected":false},"author":7,"featured_media":64477,"comment_status":"open","ping_status":"open","sticky":false,"template":"","format":"standard","meta":{"footnotes":""},"categories":[1],"tags":[],"class_list":["post-64476","post","type-post","status-publish","format-standard","has-post-thumbnail","hentry","category-haberler"],"yoast_head":"<!-- This site is optimized with the Yoast SEO plugin v27.4 - https:\/\/yoast.com\/product\/yoast-seo-wordpress\/ -->\n<title>Malatya Ermeni cemaati \u00fcyelerine takdir berat\u0131m\u0131z - Bati Ermenistan Ve Bati Ermenileri Sorunlari Ara\u015ftirmalar Merkezi<\/title>\n<meta name=\"robots\" content=\"index, follow, max-snippet:-1, max-image-preview:large, max-video-preview:-1\" \/>\n<link rel=\"canonical\" href=\"https:\/\/akunq.net\/tr\/?p=64476\" \/>\n<meta property=\"og:locale\" content=\"en_US\" \/>\n<meta property=\"og:type\" content=\"article\" \/>\n<meta property=\"og:title\" content=\"Malatya Ermeni cemaati \u00fcyelerine takdir berat\u0131m\u0131z - Bati Ermenistan Ve Bati Ermenileri Sorunlari Ara\u015ftirmalar Merkezi\" \/>\n<meta property=\"og:description\" content=\"Tamamlanan k\u00f6kl\u00fc yenileme \u00e7al\u0131\u015fmalar\u0131 sonras\u0131nda, Tanr\u0131\u2019n\u0131n g\u00f6rkemine sunulmu\u015f bir mabedin yeniden hizmete adanmas\u0131, bizler i\u00e7in ruhani bir sevin\u00e7 ve memnuniyet kayna\u011f\u0131d\u0131r. Kutsal \u00dc\u00e7l\u00fck\u2019\u00fcn ismine adanm\u0131\u015f olan bu mabet y\u00fcz y\u0131l\u0131 ge\u00e7kin bir s\u00fcredir bak\u0131ms\u0131z halde bulunmaktayd\u0131. Bizlerin bug\u00fcn ya\u015fad\u0131\u011f\u0131 sevinci bir\u00e7oklar\u0131 tadamadan bu hayattan uzakla\u015ft\u0131lar ve \u015fu anda Rab\u2019de uyuyorlar. Dolay\u0131s\u0131yla, bu mutluluk verici ve [&hellip;]\" \/>\n<meta property=\"og:url\" content=\"https:\/\/akunq.net\/tr\/?p=64476\" \/>\n<meta property=\"og:site_name\" content=\"Bati Ermenistan Ve Bati Ermenileri Sorunlari Ara\u015ftirmalar Merkezi\" \/>\n<meta property=\"article:published_time\" content=\"2021-08-30T09:11:30+00:00\" \/>\n<meta property=\"og:image\" content=\"https:\/\/akunq.net\/tr\/wp-content\/uploads\/sites\/6\/2021\/08\/SAHAK-II.jpeg\" \/>\n\t<meta property=\"og:image:width\" content=\"960\" \/>\n\t<meta property=\"og:image:height\" content=\"640\" \/>\n\t<meta property=\"og:image:type\" content=\"image\/jpeg\" \/>\n<meta name=\"author\" content=\"admin\" \/>\n<meta name=\"twitter:card\" content=\"summary_large_image\" \/>\n<meta name=\"twitter:label1\" content=\"Written by\" \/>\n\t<meta name=\"twitter:data1\" content=\"admin\" \/>\n\t<meta name=\"twitter:label2\" content=\"Est. reading time\" \/>\n\t<meta name=\"twitter:data2\" content=\"3 minutes\" \/>\n<script type=\"application\/ld+json\" class=\"yoast-schema-graph\">{\"@context\":\"https:\\\/\\\/schema.org\",\"@graph\":[{\"@type\":\"Article\",\"@id\":\"https:\\\/\\\/akunq.net\\\/tr\\\/?p=64476#article\",\"isPartOf\":{\"@id\":\"https:\\\/\\\/akunq.net\\\/tr\\\/?p=64476\"},\"author\":{\"name\":\"admin\",\"@id\":\"https:\\\/\\\/akunq.net\\\/tr\\\/#\\\/schema\\\/person\\\/096f1d38a12cce57fb855b485ed24c9e\"},\"headline\":\"Malatya Ermeni cemaati \u00fcyelerine takdir berat\u0131m\u0131z\",\"datePublished\":\"2021-08-30T09:11:30+00:00\",\"mainEntityOfPage\":{\"@id\":\"https:\\\/\\\/akunq.net\\\/tr\\\/?p=64476\"},\"wordCount\":597,\"commentCount\":0,\"image\":{\"@id\":\"https:\\\/\\\/akunq.net\\\/tr\\\/?p=64476#primaryimage\"},\"thumbnailUrl\":\"https:\\\/\\\/akunq.net\\\/tr\\\/wp-content\\\/uploads\\\/sites\\\/6\\\/2021\\\/08\\\/SAHAK-II.jpeg\",\"articleSection\":[\"Haberler\"],\"inLanguage\":\"en-US\",\"potentialAction\":[{\"@type\":\"CommentAction\",\"name\":\"Comment\",\"target\":[\"https:\\\/\\\/akunq.net\\\/tr\\\/?p=64476#respond\"]}]},{\"@type\":\"WebPage\",\"@id\":\"https:\\\/\\\/akunq.net\\\/tr\\\/?p=64476\",\"url\":\"https:\\\/\\\/akunq.net\\\/tr\\\/?p=64476\",\"name\":\"Malatya Ermeni cemaati \u00fcyelerine takdir berat\u0131m\u0131z - Bati Ermenistan Ve Bati Ermenileri Sorunlari Ara\u015ftirmalar Merkezi\",\"isPartOf\":{\"@id\":\"https:\\\/\\\/akunq.net\\\/tr\\\/#website\"},\"primaryImageOfPage\":{\"@id\":\"https:\\\/\\\/akunq.net\\\/tr\\\/?p=64476#primaryimage\"},\"image\":{\"@id\":\"https:\\\/\\\/akunq.net\\\/tr\\\/?p=64476#primaryimage\"},\"thumbnailUrl\":\"https:\\\/\\\/akunq.net\\\/tr\\\/wp-content\\\/uploads\\\/sites\\\/6\\\/2021\\\/08\\\/SAHAK-II.jpeg\",\"datePublished\":\"2021-08-30T09:11:30+00:00\",\"author\":{\"@id\":\"https:\\\/\\\/akunq.net\\\/tr\\\/#\\\/schema\\\/person\\\/096f1d38a12cce57fb855b485ed24c9e\"},\"breadcrumb\":{\"@id\":\"https:\\\/\\\/akunq.net\\\/tr\\\/?p=64476#breadcrumb\"},\"inLanguage\":\"en-US\",\"potentialAction\":[{\"@type\":\"ReadAction\",\"target\":[\"https:\\\/\\\/akunq.net\\\/tr\\\/?p=64476\"]}]},{\"@type\":\"ImageObject\",\"inLanguage\":\"en-US\",\"@id\":\"https:\\\/\\\/akunq.net\\\/tr\\\/?p=64476#primaryimage\",\"url\":\"https:\\\/\\\/akunq.net\\\/tr\\\/wp-content\\\/uploads\\\/sites\\\/6\\\/2021\\\/08\\\/SAHAK-II.jpeg\",\"contentUrl\":\"https:\\\/\\\/akunq.net\\\/tr\\\/wp-content\\\/uploads\\\/sites\\\/6\\\/2021\\\/08\\\/SAHAK-II.jpeg\",\"width\":960,\"height\":640},{\"@type\":\"BreadcrumbList\",\"@id\":\"https:\\\/\\\/akunq.net\\\/tr\\\/?p=64476#breadcrumb\",\"itemListElement\":[{\"@type\":\"ListItem\",\"position\":1,\"name\":\"Home\",\"item\":\"https:\\\/\\\/akunq.net\\\/tr\"},{\"@type\":\"ListItem\",\"position\":2,\"name\":\"Malatya Ermeni cemaati \u00fcyelerine takdir berat\u0131m\u0131z\"}]},{\"@type\":\"WebSite\",\"@id\":\"https:\\\/\\\/akunq.net\\\/tr\\\/#website\",\"url\":\"https:\\\/\\\/akunq.net\\\/tr\\\/\",\"name\":\"Bati Ermenistan Ve Bati Ermenileri Sorunlari Ara\u015ftirmalar Merkezi\",\"description\":\"\",\"potentialAction\":[{\"@type\":\"SearchAction\",\"target\":{\"@type\":\"EntryPoint\",\"urlTemplate\":\"https:\\\/\\\/akunq.net\\\/tr\\\/?s={search_term_string}\"},\"query-input\":{\"@type\":\"PropertyValueSpecification\",\"valueRequired\":true,\"valueName\":\"search_term_string\"}}],\"inLanguage\":\"en-US\"},{\"@type\":\"Person\",\"@id\":\"https:\\\/\\\/akunq.net\\\/tr\\\/#\\\/schema\\\/person\\\/096f1d38a12cce57fb855b485ed24c9e\",\"name\":\"admin\",\"url\":\"https:\\\/\\\/akunq.net\\\/tr\\\/?author=7\"}]}<\/script>\n<!-- \/ Yoast SEO plugin. -->","yoast_head_json":{"title":"Malatya Ermeni cemaati \u00fcyelerine takdir berat\u0131m\u0131z - Bati Ermenistan Ve Bati Ermenileri Sorunlari Ara\u015ftirmalar Merkezi","robots":{"index":"index","follow":"follow","max-snippet":"max-snippet:-1","max-image-preview":"max-image-preview:large","max-video-preview":"max-video-preview:-1"},"canonical":"https:\/\/akunq.net\/tr\/?p=64476","og_locale":"en_US","og_type":"article","og_title":"Malatya Ermeni cemaati \u00fcyelerine takdir berat\u0131m\u0131z - Bati Ermenistan Ve Bati Ermenileri Sorunlari Ara\u015ftirmalar Merkezi","og_description":"Tamamlanan k\u00f6kl\u00fc yenileme \u00e7al\u0131\u015fmalar\u0131 sonras\u0131nda, Tanr\u0131\u2019n\u0131n g\u00f6rkemine sunulmu\u015f bir mabedin yeniden hizmete adanmas\u0131, bizler i\u00e7in ruhani bir sevin\u00e7 ve memnuniyet kayna\u011f\u0131d\u0131r. Kutsal \u00dc\u00e7l\u00fck\u2019\u00fcn ismine adanm\u0131\u015f olan bu mabet y\u00fcz y\u0131l\u0131 ge\u00e7kin bir s\u00fcredir bak\u0131ms\u0131z halde bulunmaktayd\u0131. Bizlerin bug\u00fcn ya\u015fad\u0131\u011f\u0131 sevinci bir\u00e7oklar\u0131 tadamadan bu hayattan uzakla\u015ft\u0131lar ve \u015fu anda Rab\u2019de uyuyorlar. Dolay\u0131s\u0131yla, bu mutluluk verici ve [&hellip;]","og_url":"https:\/\/akunq.net\/tr\/?p=64476","og_site_name":"Bati Ermenistan Ve Bati Ermenileri Sorunlari Ara\u015ftirmalar Merkezi","article_published_time":"2021-08-30T09:11:30+00:00","og_image":[{"width":960,"height":640,"url":"https:\/\/akunq.net\/tr\/wp-content\/uploads\/sites\/6\/2021\/08\/SAHAK-II.jpeg","type":"image\/jpeg"}],"author":"admin","twitter_card":"summary_large_image","twitter_misc":{"Written by":"admin","Est. reading time":"3 minutes"},"schema":{"@context":"https:\/\/schema.org","@graph":[{"@type":"Article","@id":"https:\/\/akunq.net\/tr\/?p=64476#article","isPartOf":{"@id":"https:\/\/akunq.net\/tr\/?p=64476"},"author":{"name":"admin","@id":"https:\/\/akunq.net\/tr\/#\/schema\/person\/096f1d38a12cce57fb855b485ed24c9e"},"headline":"Malatya Ermeni cemaati \u00fcyelerine takdir berat\u0131m\u0131z","datePublished":"2021-08-30T09:11:30+00:00","mainEntityOfPage":{"@id":"https:\/\/akunq.net\/tr\/?p=64476"},"wordCount":597,"commentCount":0,"image":{"@id":"https:\/\/akunq.net\/tr\/?p=64476#primaryimage"},"thumbnailUrl":"https:\/\/akunq.net\/tr\/wp-content\/uploads\/sites\/6\/2021\/08\/SAHAK-II.jpeg","articleSection":["Haberler"],"inLanguage":"en-US","potentialAction":[{"@type":"CommentAction","name":"Comment","target":["https:\/\/akunq.net\/tr\/?p=64476#respond"]}]},{"@type":"WebPage","@id":"https:\/\/akunq.net\/tr\/?p=64476","url":"https:\/\/akunq.net\/tr\/?p=64476","name":"Malatya Ermeni cemaati \u00fcyelerine takdir berat\u0131m\u0131z - Bati Ermenistan Ve Bati Ermenileri Sorunlari Ara\u015ftirmalar Merkezi","isPartOf":{"@id":"https:\/\/akunq.net\/tr\/#website"},"primaryImageOfPage":{"@id":"https:\/\/akunq.net\/tr\/?p=64476#primaryimage"},"image":{"@id":"https:\/\/akunq.net\/tr\/?p=64476#primaryimage"},"thumbnailUrl":"https:\/\/akunq.net\/tr\/wp-content\/uploads\/sites\/6\/2021\/08\/SAHAK-II.jpeg","datePublished":"2021-08-30T09:11:30+00:00","author":{"@id":"https:\/\/akunq.net\/tr\/#\/schema\/person\/096f1d38a12cce57fb855b485ed24c9e"},"breadcrumb":{"@id":"https:\/\/akunq.net\/tr\/?p=64476#breadcrumb"},"inLanguage":"en-US","potentialAction":[{"@type":"ReadAction","target":["https:\/\/akunq.net\/tr\/?p=64476"]}]},{"@type":"ImageObject","inLanguage":"en-US","@id":"https:\/\/akunq.net\/tr\/?p=64476#primaryimage","url":"https:\/\/akunq.net\/tr\/wp-content\/uploads\/sites\/6\/2021\/08\/SAHAK-II.jpeg","contentUrl":"https:\/\/akunq.net\/tr\/wp-content\/uploads\/sites\/6\/2021\/08\/SAHAK-II.jpeg","width":960,"height":640},{"@type":"BreadcrumbList","@id":"https:\/\/akunq.net\/tr\/?p=64476#breadcrumb","itemListElement":[{"@type":"ListItem","position":1,"name":"Home","item":"https:\/\/akunq.net\/tr"},{"@type":"ListItem","position":2,"name":"Malatya Ermeni cemaati \u00fcyelerine takdir berat\u0131m\u0131z"}]},{"@type":"WebSite","@id":"https:\/\/akunq.net\/tr\/#website","url":"https:\/\/akunq.net\/tr\/","name":"Bati Ermenistan Ve Bati Ermenileri Sorunlari Ara\u015ftirmalar Merkezi","description":"","potentialAction":[{"@type":"SearchAction","target":{"@type":"EntryPoint","urlTemplate":"https:\/\/akunq.net\/tr\/?s={search_term_string}"},"query-input":{"@type":"PropertyValueSpecification","valueRequired":true,"valueName":"search_term_string"}}],"inLanguage":"en-US"},{"@type":"Person","@id":"https:\/\/akunq.net\/tr\/#\/schema\/person\/096f1d38a12cce57fb855b485ed24c9e","name":"admin","url":"https:\/\/akunq.net\/tr\/?author=7"}]}},"_links":{"self":[{"href":"https:\/\/akunq.net\/tr\/index.php?rest_route=\/wp\/v2\/posts\/64476","targetHints":{"allow":["GET"]}}],"collection":[{"href":"https:\/\/akunq.net\/tr\/index.php?rest_route=\/wp\/v2\/posts"}],"about":[{"href":"https:\/\/akunq.net\/tr\/index.php?rest_route=\/wp\/v2\/types\/post"}],"author":[{"embeddable":true,"href":"https:\/\/akunq.net\/tr\/index.php?rest_route=\/wp\/v2\/users\/7"}],"replies":[{"embeddable":true,"href":"https:\/\/akunq.net\/tr\/index.php?rest_route=%2Fwp%2Fv2%2Fcomments&post=64476"}],"version-history":[{"count":1,"href":"https:\/\/akunq.net\/tr\/index.php?rest_route=\/wp\/v2\/posts\/64476\/revisions"}],"predecessor-version":[{"id":64478,"href":"https:\/\/akunq.net\/tr\/index.php?rest_route=\/wp\/v2\/posts\/64476\/revisions\/64478"}],"wp:featuredmedia":[{"embeddable":true,"href":"https:\/\/akunq.net\/tr\/index.php?rest_route=\/wp\/v2\/media\/64477"}],"wp:attachment":[{"href":"https:\/\/akunq.net\/tr\/index.php?rest_route=%2Fwp%2Fv2%2Fmedia&parent=64476"}],"wp:term":[{"taxonomy":"category","embeddable":true,"href":"https:\/\/akunq.net\/tr\/index.php?rest_route=%2Fwp%2Fv2%2Fcategories&post=64476"},{"taxonomy":"post_tag","embeddable":true,"href":"https:\/\/akunq.net\/tr\/index.php?rest_route=%2Fwp%2Fv2%2Ftags&post=64476"}],"curies":[{"name":"wp","href":"https:\/\/api.w.org\/{rel}","templated":true}]}}