{"id":64473,"date":"2021-08-30T03:59:04","date_gmt":"2021-08-30T08:59:04","guid":{"rendered":"https:\/\/akunq.net\/tr\/?p=64473"},"modified":"2021-08-30T03:59:04","modified_gmt":"2021-08-30T08:59:04","slug":"asirlik-anit-yapi-ayaga-kaldiriliyor","status":"publish","type":"post","link":"https:\/\/akunq.net\/tr\/?p=64473","title":{"rendered":"As\u0131rl\u0131k an\u0131t yap\u0131 aya\u011fa kald\u0131r\u0131l\u0131yor"},"content":{"rendered":"<p><strong><img loading=\"lazy\" decoding=\"async\" class=\"aligncenter size-medium wp-image-64474\" src=\"https:\/\/akunq.net\/tr\/wp-content\/uploads\/2021\/08\/Rum-Yetimhanesi-360x202.jpg\" alt=\"\" width=\"360\" height=\"202\" srcset=\"https:\/\/akunq.net\/tr\/wp-content\/uploads\/sites\/6\/2021\/08\/Rum-Yetimhanesi-360x202.jpg 360w, https:\/\/akunq.net\/tr\/wp-content\/uploads\/sites\/6\/2021\/08\/Rum-Yetimhanesi-560x314.jpg 560w, https:\/\/akunq.net\/tr\/wp-content\/uploads\/sites\/6\/2021\/08\/Rum-Yetimhanesi-260x146.jpg 260w, https:\/\/akunq.net\/tr\/wp-content\/uploads\/sites\/6\/2021\/08\/Rum-Yetimhanesi-160x90.jpg 160w, https:\/\/akunq.net\/tr\/wp-content\/uploads\/sites\/6\/2021\/08\/Rum-Yetimhanesi.jpg 731w\" sizes=\"auto, (max-width: 360px) 100vw, 360px\" \/><\/strong><\/p>\n<p><em><strong>Bir asr\u0131 geride b\u0131rakan tarihiyle B\u00fcy\u00fckada\u2019n\u0131n en \u00f6nemli sembollerinden olan d\u00fcnyan\u0131n ikinci b\u00fcy\u00fck ah\u015fap yap\u0131s\u0131; Rum Yetimhanesi i\u00e7in Bakanl\u0131k, \u0130BB ve Patrikhane harekete ge\u00e7ti\u2026 1964\u2019ten beri at\u0131l durumda olan an\u0131t yap\u0131t, restorasyonla eski ihti\u015fam\u0131na kavu\u015fturulacak. 6 binden fazla yetime yuva olan yap\u0131n\u0131n nas\u0131l kullan\u0131laca\u011f\u0131 ise daha sonra belirlenecek\u2026<\/strong><\/em><\/p>\n<p>G\u00fclden \u00c7oktan \u2013 \u0130stanbul \/ D\u00fcnyan\u0131n en b\u00fcy\u00fck ikinci ah\u015fap yap\u0131s\u0131 olan ve 57 y\u0131ld\u0131r hizmet vermeyen B\u00fcy\u00fckada Rum Yetimhanesi\u2019nde restorasyon \u00e7al\u0131\u015fmalar\u0131 \u00f6ncesinde son haz\u0131rl\u0131klar tamamland\u0131. Yap\u0131n\u0131n, restorasyon sonras\u0131 hangi fonksiyonda kullan\u0131laca\u011f\u0131 ise Eyl\u00fcl-Ekim aylar\u0131nda d\u00fczenlenecek \u00e7al\u0131\u015ftayda belirlenecek.<\/p>\n<p>Ah\u015fap mimarisiyle Avrupa\u2019n\u0131n en b\u00fcy\u00fck, d\u00fcnyan\u0131n ise ikinci b\u00fcy\u00fck binas\u0131 olan B\u00fcy\u00fckada Rum Yetimhanesi, 1898 y\u0131l\u0131nda Frans\u0131z Mimar Alexander Vallaury taraf\u0131ndan Prinkipo Palas Oteli olarak in\u015fa edildi. Otele ruhsat verilmemesi \u00fczerine 1900\u2019lerin ba\u015f\u0131nda bir Rum taraf\u0131ndan sat\u0131n al\u0131nan bina, yetimhane olarak kullan\u0131lmas\u0131 \u015fart\u0131yla Fener Rum Ortodoks Patrikhanesi\u2019ne ba\u011f\u0131\u015fland\u0131. 1964\u2019ten bu yana metruk olan ve \u00e7\u00f6kme riskiyle kar\u015f\u0131 kar\u015f\u0131ya olan tarihi yap\u0131 i\u00e7in restorasyon karar\u0131 verildi. \u0130stanbul B\u00fcy\u00fck\u015fehir Belediyesi (\u0130BB) i\u015ftiraki B\u0130MTA\u015e\u2019\u0131n y\u00fcr\u00fctt\u00fc\u011f\u00fc dijital belgeleme ve r\u00f6l\u00f6ve \u00e7al\u0131\u015fmalar\u0131 tamamland\u0131.<\/p>\n<p><strong>Yetimlere yuva oldu<\/strong><\/p>\n<p>Yakla\u015f\u0131k alt\u0131 bin Rum yetime yuva olan tarihi yap\u0131n\u0131n yeniden \u0130stanbul\u2019a kazand\u0131r\u0131lmas\u0131 i\u00e7in y\u00fcr\u00fct\u00fclen \u00e7al\u0131\u015fmalarla ilgili \u00f6nceki g\u00fcn bilgilendirme toplant\u0131s\u0131 d\u00fczenlendi. Toplant\u0131ya K\u00fclt\u00fcr ve Turizm Bakan Yard\u0131mc\u0131s\u0131 Ahmet Misbah Demircan, Fener Rum Patri\u011fi Bartholomeos, Adalar Belediye Ba\u015fkan\u0131 Erdem G\u00fcl, B\u0130MTA\u015e Genel M\u00fcd\u00fcr Yard\u0131mc\u0131s\u0131 Naz\u0131m Akkoyunlu, Europa Nostra T\u00fcrkiye Ba\u015fkan\u0131 Bur\u00e7in Alt\u0131nsay \u00d6zg\u00fcner, Adalar Vakf\u0131 Ba\u015fkan\u0131 Halim Buluto\u011flu ve proje koordinat\u00f6r\u00fc Laki Vingas kat\u0131ld\u0131.<\/p>\n<p>Tarihi yap\u0131n\u0131n \u00e7at\u0131s\u0131ndaki ve pencerelerindeki \u00e7\u00f6kme, k\u0131r\u0131k ve bak\u0131ms\u0131zl\u0131k y\u0131llarca kamuoyunun g\u00fcndemine gelmi\u015f, bu \u00f6nemli k\u00fclt\u00fcr varl\u0131\u011f\u0131n\u0131n korunmas\u0131 i\u00e7in bir\u00e7ok haber yap\u0131lm\u0131\u015ft\u0131.<\/p>\n<p><strong>\u2018Korumak vazifemiz\u2019<\/strong><\/p>\n<p>K\u00fclt\u00fcr ve Turizm Bakanl\u0131\u011f\u0131 olarak tarihi yap\u0131n\u0131n yeniden kazand\u0131r\u0131lmas\u0131 i\u00e7in her t\u00fcrl\u00fc deste\u011fi vereceklerini belirten Misbah Demircan, \u015funlar\u0131 s\u00f6yledi: \u201cK\u00fclt\u00fcr ve Turizm Bakanl\u0131\u011f\u0131 olarak bizim vazifemiz k\u00fclt\u00fcrel miras\u0131m\u0131z\u0131n korunmas\u0131n\u0131 sa\u011flamakt\u0131r. Bu sadece \u0130stanbul\u2019da de\u011fil b\u00fct\u00fcn T\u00fcrkiye\u2019de b\u00f6yle. Buras\u0131 birinci dereden tarihi bir eser. Hangi fonksiyonda kullan\u0131laca\u011f\u0131na dair de \u00e7al\u0131\u015ftay daveti yap\u0131l\u0131yor. De\u011ferli Patri\u011fimiz de o konuyla ilgili zihninde nas\u0131l yap\u0131laca\u011f\u0131 hususunda haz\u0131rl\u0131klar\u0131n\u0131 yapm\u0131\u015f. Bu s\u00fcre\u00e7te ba\u015f\u0131ndan beri Cumhurba\u015fkan\u0131\u2019m\u0131z\u0131n liderli\u011finde m\u00fclkiyeti \u00e7\u00f6z\u00fclm\u00fc\u015f ve belli bir yap\u0131m a\u015famas\u0131na gelmi\u015f. Burada yap\u0131lan i\u015f Bakanl\u0131\u011f\u0131n asli i\u015fidir. Bu s\u00fcre\u00e7te biz de \u00fczerimize d\u00fc\u015feni yapmaya ve aya\u011fa kald\u0131rma hususunda elimizden geleni g\u00f6stermeye gayret g\u00f6sterece\u011fiz.\u201d<\/p>\n<p><strong>\u201830 ki\u015filik ekip \u00e7al\u0131\u015ft\u0131\u2019<\/strong><\/p>\n<p>\u00d6n restorasyon projesinin y\u00fcr\u00fct\u00fcc\u00fcs\u00fc \u0130BB i\u015ftiraki B\u0130MTA\u015e A.\u015e Genel M\u00fcd\u00fcr Yard\u0131mc\u0131s\u0131 Naz\u0131m Akkoyunlu da binayla ilgili dijital belgeleme, drone ve lazer destekli \u00fc\u00e7 boyutlu \u00e7izimler haz\u0131rlanmas\u0131 ve r\u00f6l\u00f6ve gibi \u00e7al\u0131\u015fmalar\u0131n 30 ki\u015filik bir ekiple, 45 g\u00fcn sahada \u00e7al\u0131\u015farak tamamland\u0131\u011f\u0131n\u0131 s\u00f6yledi. Akkoyunlu, yetimhanenin \u00e7at\u0131s\u0131n\u0131n y\u00fczde 50\u2019sinin y\u0131k\u0131k ve tamam\u0131n\u0131n hasarl\u0131 oldu\u011funa dikkati \u00e7ekerek \u015fu bilgileri payla\u015ft\u0131:<\/p>\n<p>\u201cD\u00f6rd\u00fcnc\u00fc kat\u0131n y\u00fczde 60\u2019\u0131 \u00e7\u00f6km\u00fc\u015f, \u00fc\u00e7 ve d\u00f6rd\u00fcnc\u00fc kat d\u00f6\u015femelerinin y\u00fczde 40\u2019\u0131 k\u0131r\u0131kt\u0131r. Yap\u0131n\u0131n tamam\u0131nda d\u00f6\u015feme kiri\u015fleri y\u00fczde 60 ta\u015f\u0131y\u0131c\u0131l\u0131\u011f\u0131n\u0131 yitirmi\u015ftir. Yap\u0131n\u0131n bir y\u0131k\u0131m s\u00fcrecine girmemesi i\u00e7in koruyucu bir \u00f6rt\u00fc sistemi ve destek unsurlar\u0131 yerle\u015ftirilmelidir. KUDEB Konservasyon ve Restorasyon Laboratuvar\u0131 taraf\u0131ndan bina g\u00f6zlemsel olarak incelenmi\u015f ve numuneler al\u0131nm\u0131\u015ft\u0131r.\u201d<\/p>\n<p><strong>\u2018Yetimhane hepimizin ortak de\u011feri\u2019<\/strong><\/p>\n<p>Fener Rum Patri\u011fi Bartholomeos ise konu\u015fmas\u0131nda \u015funlar\u0131 kaydetti: \u201cMimari \u00f6zellikleriyle t\u00fcm d\u00fcnyaca bilinen bu bina, ayn\u0131 zamanda toplumsal dayan\u0131\u015fman\u0131n, ilerici e\u011fitimin, fedak\u00e2rl\u0131\u011f\u0131n ve \u015fefkatin abidesidir. Bug\u00fcn de son derece ihtiya\u00e7 duydu\u011fumuz bu manevi de\u011ferlerin somut ve tarihe mal olmu\u015f halidir. Yetimhanenin son y\u0131llarda ya\u015fad\u0131\u011f\u0131 ve hepimizi \u00fczen erime s\u00fcrecine dur demek vatanda\u015f bilinci olan herkesin vicdani g\u00f6revidir. \u00c7\u00fcnk\u00fc yetimhane hepimizin ortak de\u011feridir ve kaderi bizlerin sorumlulu\u011fundad\u0131r. Bu nedenle Patrikhanemiz, \u015fehrimizin ve insanl\u0131\u011f\u0131n \u00f6nemli bir de\u011feri olan yetimhaneyi t\u00fcm teknik ve ekonomik zorluklara ra\u011fmen yeniden aya\u011fa kald\u0131rmak hususundaki gayretini daha geni\u015f \u00e7evrelere yayarak, g\u00fc\u00e7lendirmeyi hedeflemektedir. Bu noktada devlet makamlar\u0131, belediyeler, sivil toplum kurulu\u015flar\u0131 ve t\u00fcm \u0130stanbul sevdal\u0131lar\u0131na ula\u015farak desteklerini almay\u0131 arzulamaktay\u0131z. Ancak b\u00f6yle kapsaml\u0131 bir elbirli\u011finden \u00e7\u0131kacak g\u00fc\u00e7 ile y\u0131llar\u0131n birikimi bu sorun \u00e7\u00f6z\u00fclebilir ve Yetimhane, \u015fehirlerin krali\u00e7esi olarak tarif edilen \u0130stanbul\u2019a kazand\u0131r\u0131labilir.\u201d<\/p>\n<p><strong>\u2018Zamana meydan okudu\u2019<\/strong><\/p>\n<p>Yetimhane Restorasyon Projesi Koordinat\u00f6r\u00fc Laki Vingas da yap\u0131n\u0131n bir\u00e7ok b\u00f6l\u00fcm\u00fcn\u00fcn ve \u00e7at\u0131s\u0131n\u0131n ciddi olarak tahribata u\u011framas\u0131na ra\u011fmen b\u00fct\u00fcnl\u00fc\u011f\u00fcn\u00fc koruyup ayakta kalmay\u0131 ba\u015fard\u0131\u011f\u0131n\u0131 ifade etti. Vingas \u00f6zetle \u015funlar\u0131 s\u00f6yledi: \u201cYetimhane, zamana, do\u011faya ve \u00e7evresel fakt\u00f6rlere direndi. \u00c7ok \u015f\u00fck\u00fcr ki, orijinal hali ve son teknoloji ile r\u00f6l\u00f6vesi \u00e7\u0131kar\u0131larak kay\u0131t alt\u0131na al\u0131nd\u0131 ve yar\u0131nlara bir an\u0131t eser olarak ta\u015f\u0131nmas\u0131n\u0131n \u00f6n\u00fcnde \u00f6nemli bir kap\u0131 a\u00e7\u0131ld\u0131. Europa Nostra T\u00fcrkiye\u2019nin giri\u015fimiyle, 2018 y\u0131l\u0131nda yetimhaneyi, Avrupa\u2019n\u0131n tehlike alt\u0131ndaki yedi k\u00fclt\u00fcrel miras alan\u0131ndan biri olarak ilan etti. Akabinde toplant\u0131lar, bulu\u015fmalar ve ziyaretler s\u00fcreci ba\u015flad\u0131. Dan\u0131\u015fma kurulu ve sekretarya olu\u015fturuldu. Logosu tasarland\u0131 ve se\u00e7ildi. Destek projelerine m\u00fcracaat edildi. Dijital belgeleme, r\u00f6l\u00f6ve \u00e7izimleri ve malzeme analizleri sonu\u00e7lanarak ilgili An\u0131tlar Kurulu\u2019na sunuldu. Restit\u00fcsyon \u00e7izimleri h\u0131zla devam ediyor.\u201d<\/p>\n<p><strong>\u00c7al\u0131\u015ftay yap\u0131lacak<\/strong><\/p>\n<p>Vingas, binan\u0131n fonksiyonunun belirlenmesi konusunda Eyl\u00fcl-Ekim aylar\u0131nda uzmanlar\u0131n kat\u0131laca\u011f\u0131 bir \u00e7al\u0131\u015ftay\u0131n d\u00fczenlenece\u011fini beltti. Vingas, konu\u015fmas\u0131n\u0131 \u015f\u00f6yle s\u00fcrd\u00fcrd\u00fc:<\/p>\n<p>\u201cBu bina ve temsil etti\u011fi t\u00fcm de\u011ferler Rum toplumunun bu topraklardaki zengin ge\u00e7mi\u015fine i\u015faret ediyor. K\u00fclt\u00fcrel aidiyetimiz ile vatanda\u015fl\u0131k aidiyetimizi birle\u015ftirerek \u00e7\u0131kt\u0131\u011f\u0131m\u0131z bu yolda toplumumuza ve payda\u015flar\u0131m\u0131za g\u00fcveniyoruz. B\u00fcy\u00fckada Rum Yetimhanesi\u2019nin hik\u00e2yesi, art\u0131k maziye kar\u0131\u015fm\u0131\u015f, nostaljik bir \u00f6yk\u00fc olmas\u0131n.\u201d<\/p>\n<p><em><strong>https:\/\/www.milliyet.com.tr\/gundem\/asirlik-anit-yapi-ayaga-kaldiriliyor-6585582\u00a0<\/strong><\/em><\/p>\n<p>&nbsp;<\/p>\n","protected":false},"excerpt":{"rendered":"<p>Bir asr\u0131 geride b\u0131rakan tarihiyle B\u00fcy\u00fckada\u2019n\u0131n en \u00f6nemli sembollerinden olan d\u00fcnyan\u0131n ikinci b\u00fcy\u00fck ah\u015fap yap\u0131s\u0131; Rum Yetimhanesi i\u00e7in Bakanl\u0131k, \u0130BB ve Patrikhane harekete ge\u00e7ti\u2026 1964\u2019ten beri at\u0131l durumda olan an\u0131t yap\u0131t, restorasyonla eski ihti\u015fam\u0131na kavu\u015fturulacak. 6 binden fazla yetime yuva olan yap\u0131n\u0131n nas\u0131l kullan\u0131laca\u011f\u0131 ise daha sonra belirlenecek\u2026 G\u00fclden \u00c7oktan \u2013 \u0130stanbul \/ D\u00fcnyan\u0131n en [&hellip;]<\/p>\n","protected":false},"author":7,"featured_media":64474,"comment_status":"open","ping_status":"open","sticky":false,"template":"","format":"standard","meta":{"footnotes":""},"categories":[1],"tags":[],"class_list":["post-64473","post","type-post","status-publish","format-standard","has-post-thumbnail","hentry","category-haberler"],"yoast_head":"<!-- This site is optimized with the Yoast SEO plugin v27.4 - https:\/\/yoast.com\/product\/yoast-seo-wordpress\/ -->\n<title>As\u0131rl\u0131k an\u0131t yap\u0131 aya\u011fa kald\u0131r\u0131l\u0131yor - Bati Ermenistan Ve Bati Ermenileri Sorunlari Ara\u015ftirmalar Merkezi<\/title>\n<meta name=\"robots\" content=\"index, follow, max-snippet:-1, max-image-preview:large, max-video-preview:-1\" \/>\n<link rel=\"canonical\" href=\"https:\/\/akunq.net\/tr\/?p=64473\" \/>\n<meta property=\"og:locale\" content=\"en_US\" \/>\n<meta property=\"og:type\" content=\"article\" \/>\n<meta property=\"og:title\" content=\"As\u0131rl\u0131k an\u0131t yap\u0131 aya\u011fa kald\u0131r\u0131l\u0131yor - Bati Ermenistan Ve Bati Ermenileri Sorunlari Ara\u015ftirmalar Merkezi\" \/>\n<meta property=\"og:description\" content=\"Bir asr\u0131 geride b\u0131rakan tarihiyle B\u00fcy\u00fckada\u2019n\u0131n en \u00f6nemli sembollerinden olan d\u00fcnyan\u0131n ikinci b\u00fcy\u00fck ah\u015fap yap\u0131s\u0131; Rum Yetimhanesi i\u00e7in Bakanl\u0131k, \u0130BB ve Patrikhane harekete ge\u00e7ti\u2026 1964\u2019ten beri at\u0131l durumda olan an\u0131t yap\u0131t, restorasyonla eski ihti\u015fam\u0131na kavu\u015fturulacak. 6 binden fazla yetime yuva olan yap\u0131n\u0131n nas\u0131l kullan\u0131laca\u011f\u0131 ise daha sonra belirlenecek\u2026 G\u00fclden \u00c7oktan \u2013 \u0130stanbul \/ D\u00fcnyan\u0131n en [&hellip;]\" \/>\n<meta property=\"og:url\" content=\"https:\/\/akunq.net\/tr\/?p=64473\" \/>\n<meta property=\"og:site_name\" content=\"Bati Ermenistan Ve Bati Ermenileri Sorunlari Ara\u015ftirmalar Merkezi\" \/>\n<meta property=\"article:published_time\" content=\"2021-08-30T08:59:04+00:00\" \/>\n<meta property=\"og:image\" content=\"https:\/\/akunq.net\/tr\/wp-content\/uploads\/sites\/6\/2021\/08\/Rum-Yetimhanesi.jpg\" \/>\n\t<meta property=\"og:image:width\" content=\"731\" \/>\n\t<meta property=\"og:image:height\" content=\"410\" \/>\n\t<meta property=\"og:image:type\" content=\"image\/jpeg\" \/>\n<meta name=\"author\" content=\"admin\" \/>\n<meta name=\"twitter:card\" content=\"summary_large_image\" \/>\n<meta name=\"twitter:label1\" content=\"Written by\" \/>\n\t<meta name=\"twitter:data1\" content=\"admin\" \/>\n\t<meta name=\"twitter:label2\" content=\"Est. reading time\" \/>\n\t<meta name=\"twitter:data2\" content=\"6 minutes\" \/>\n<script type=\"application\/ld+json\" class=\"yoast-schema-graph\">{\"@context\":\"https:\\\/\\\/schema.org\",\"@graph\":[{\"@type\":\"Article\",\"@id\":\"https:\\\/\\\/akunq.net\\\/tr\\\/?p=64473#article\",\"isPartOf\":{\"@id\":\"https:\\\/\\\/akunq.net\\\/tr\\\/?p=64473\"},\"author\":{\"name\":\"admin\",\"@id\":\"https:\\\/\\\/akunq.net\\\/tr\\\/#\\\/schema\\\/person\\\/096f1d38a12cce57fb855b485ed24c9e\"},\"headline\":\"As\u0131rl\u0131k an\u0131t yap\u0131 aya\u011fa kald\u0131r\u0131l\u0131yor\",\"datePublished\":\"2021-08-30T08:59:04+00:00\",\"mainEntityOfPage\":{\"@id\":\"https:\\\/\\\/akunq.net\\\/tr\\\/?p=64473\"},\"wordCount\":1192,\"commentCount\":0,\"image\":{\"@id\":\"https:\\\/\\\/akunq.net\\\/tr\\\/?p=64473#primaryimage\"},\"thumbnailUrl\":\"https:\\\/\\\/akunq.net\\\/tr\\\/wp-content\\\/uploads\\\/sites\\\/6\\\/2021\\\/08\\\/Rum-Yetimhanesi.jpg\",\"articleSection\":[\"Haberler\"],\"inLanguage\":\"en-US\",\"potentialAction\":[{\"@type\":\"CommentAction\",\"name\":\"Comment\",\"target\":[\"https:\\\/\\\/akunq.net\\\/tr\\\/?p=64473#respond\"]}]},{\"@type\":\"WebPage\",\"@id\":\"https:\\\/\\\/akunq.net\\\/tr\\\/?p=64473\",\"url\":\"https:\\\/\\\/akunq.net\\\/tr\\\/?p=64473\",\"name\":\"As\u0131rl\u0131k an\u0131t yap\u0131 aya\u011fa kald\u0131r\u0131l\u0131yor - Bati Ermenistan Ve Bati Ermenileri Sorunlari Ara\u015ftirmalar Merkezi\",\"isPartOf\":{\"@id\":\"https:\\\/\\\/akunq.net\\\/tr\\\/#website\"},\"primaryImageOfPage\":{\"@id\":\"https:\\\/\\\/akunq.net\\\/tr\\\/?p=64473#primaryimage\"},\"image\":{\"@id\":\"https:\\\/\\\/akunq.net\\\/tr\\\/?p=64473#primaryimage\"},\"thumbnailUrl\":\"https:\\\/\\\/akunq.net\\\/tr\\\/wp-content\\\/uploads\\\/sites\\\/6\\\/2021\\\/08\\\/Rum-Yetimhanesi.jpg\",\"datePublished\":\"2021-08-30T08:59:04+00:00\",\"author\":{\"@id\":\"https:\\\/\\\/akunq.net\\\/tr\\\/#\\\/schema\\\/person\\\/096f1d38a12cce57fb855b485ed24c9e\"},\"breadcrumb\":{\"@id\":\"https:\\\/\\\/akunq.net\\\/tr\\\/?p=64473#breadcrumb\"},\"inLanguage\":\"en-US\",\"potentialAction\":[{\"@type\":\"ReadAction\",\"target\":[\"https:\\\/\\\/akunq.net\\\/tr\\\/?p=64473\"]}]},{\"@type\":\"ImageObject\",\"inLanguage\":\"en-US\",\"@id\":\"https:\\\/\\\/akunq.net\\\/tr\\\/?p=64473#primaryimage\",\"url\":\"https:\\\/\\\/akunq.net\\\/tr\\\/wp-content\\\/uploads\\\/sites\\\/6\\\/2021\\\/08\\\/Rum-Yetimhanesi.jpg\",\"contentUrl\":\"https:\\\/\\\/akunq.net\\\/tr\\\/wp-content\\\/uploads\\\/sites\\\/6\\\/2021\\\/08\\\/Rum-Yetimhanesi.jpg\",\"width\":731,\"height\":410},{\"@type\":\"BreadcrumbList\",\"@id\":\"https:\\\/\\\/akunq.net\\\/tr\\\/?p=64473#breadcrumb\",\"itemListElement\":[{\"@type\":\"ListItem\",\"position\":1,\"name\":\"Home\",\"item\":\"https:\\\/\\\/akunq.net\\\/tr\"},{\"@type\":\"ListItem\",\"position\":2,\"name\":\"As\u0131rl\u0131k an\u0131t yap\u0131 aya\u011fa kald\u0131r\u0131l\u0131yor\"}]},{\"@type\":\"WebSite\",\"@id\":\"https:\\\/\\\/akunq.net\\\/tr\\\/#website\",\"url\":\"https:\\\/\\\/akunq.net\\\/tr\\\/\",\"name\":\"Bati Ermenistan Ve Bati Ermenileri Sorunlari Ara\u015ftirmalar Merkezi\",\"description\":\"\",\"potentialAction\":[{\"@type\":\"SearchAction\",\"target\":{\"@type\":\"EntryPoint\",\"urlTemplate\":\"https:\\\/\\\/akunq.net\\\/tr\\\/?s={search_term_string}\"},\"query-input\":{\"@type\":\"PropertyValueSpecification\",\"valueRequired\":true,\"valueName\":\"search_term_string\"}}],\"inLanguage\":\"en-US\"},{\"@type\":\"Person\",\"@id\":\"https:\\\/\\\/akunq.net\\\/tr\\\/#\\\/schema\\\/person\\\/096f1d38a12cce57fb855b485ed24c9e\",\"name\":\"admin\",\"url\":\"https:\\\/\\\/akunq.net\\\/tr\\\/?author=7\"}]}<\/script>\n<!-- \/ Yoast SEO plugin. -->","yoast_head_json":{"title":"As\u0131rl\u0131k an\u0131t yap\u0131 aya\u011fa kald\u0131r\u0131l\u0131yor - Bati Ermenistan Ve Bati Ermenileri Sorunlari Ara\u015ftirmalar Merkezi","robots":{"index":"index","follow":"follow","max-snippet":"max-snippet:-1","max-image-preview":"max-image-preview:large","max-video-preview":"max-video-preview:-1"},"canonical":"https:\/\/akunq.net\/tr\/?p=64473","og_locale":"en_US","og_type":"article","og_title":"As\u0131rl\u0131k an\u0131t yap\u0131 aya\u011fa kald\u0131r\u0131l\u0131yor - Bati Ermenistan Ve Bati Ermenileri Sorunlari Ara\u015ftirmalar Merkezi","og_description":"Bir asr\u0131 geride b\u0131rakan tarihiyle B\u00fcy\u00fckada\u2019n\u0131n en \u00f6nemli sembollerinden olan d\u00fcnyan\u0131n ikinci b\u00fcy\u00fck ah\u015fap yap\u0131s\u0131; Rum Yetimhanesi i\u00e7in Bakanl\u0131k, \u0130BB ve Patrikhane harekete ge\u00e7ti\u2026 1964\u2019ten beri at\u0131l durumda olan an\u0131t yap\u0131t, restorasyonla eski ihti\u015fam\u0131na kavu\u015fturulacak. 6 binden fazla yetime yuva olan yap\u0131n\u0131n nas\u0131l kullan\u0131laca\u011f\u0131 ise daha sonra belirlenecek\u2026 G\u00fclden \u00c7oktan \u2013 \u0130stanbul \/ D\u00fcnyan\u0131n en [&hellip;]","og_url":"https:\/\/akunq.net\/tr\/?p=64473","og_site_name":"Bati Ermenistan Ve Bati Ermenileri Sorunlari Ara\u015ftirmalar Merkezi","article_published_time":"2021-08-30T08:59:04+00:00","og_image":[{"width":731,"height":410,"url":"https:\/\/akunq.net\/tr\/wp-content\/uploads\/sites\/6\/2021\/08\/Rum-Yetimhanesi.jpg","type":"image\/jpeg"}],"author":"admin","twitter_card":"summary_large_image","twitter_misc":{"Written by":"admin","Est. reading time":"6 minutes"},"schema":{"@context":"https:\/\/schema.org","@graph":[{"@type":"Article","@id":"https:\/\/akunq.net\/tr\/?p=64473#article","isPartOf":{"@id":"https:\/\/akunq.net\/tr\/?p=64473"},"author":{"name":"admin","@id":"https:\/\/akunq.net\/tr\/#\/schema\/person\/096f1d38a12cce57fb855b485ed24c9e"},"headline":"As\u0131rl\u0131k an\u0131t yap\u0131 aya\u011fa kald\u0131r\u0131l\u0131yor","datePublished":"2021-08-30T08:59:04+00:00","mainEntityOfPage":{"@id":"https:\/\/akunq.net\/tr\/?p=64473"},"wordCount":1192,"commentCount":0,"image":{"@id":"https:\/\/akunq.net\/tr\/?p=64473#primaryimage"},"thumbnailUrl":"https:\/\/akunq.net\/tr\/wp-content\/uploads\/sites\/6\/2021\/08\/Rum-Yetimhanesi.jpg","articleSection":["Haberler"],"inLanguage":"en-US","potentialAction":[{"@type":"CommentAction","name":"Comment","target":["https:\/\/akunq.net\/tr\/?p=64473#respond"]}]},{"@type":"WebPage","@id":"https:\/\/akunq.net\/tr\/?p=64473","url":"https:\/\/akunq.net\/tr\/?p=64473","name":"As\u0131rl\u0131k an\u0131t yap\u0131 aya\u011fa kald\u0131r\u0131l\u0131yor - Bati Ermenistan Ve Bati Ermenileri Sorunlari Ara\u015ftirmalar Merkezi","isPartOf":{"@id":"https:\/\/akunq.net\/tr\/#website"},"primaryImageOfPage":{"@id":"https:\/\/akunq.net\/tr\/?p=64473#primaryimage"},"image":{"@id":"https:\/\/akunq.net\/tr\/?p=64473#primaryimage"},"thumbnailUrl":"https:\/\/akunq.net\/tr\/wp-content\/uploads\/sites\/6\/2021\/08\/Rum-Yetimhanesi.jpg","datePublished":"2021-08-30T08:59:04+00:00","author":{"@id":"https:\/\/akunq.net\/tr\/#\/schema\/person\/096f1d38a12cce57fb855b485ed24c9e"},"breadcrumb":{"@id":"https:\/\/akunq.net\/tr\/?p=64473#breadcrumb"},"inLanguage":"en-US","potentialAction":[{"@type":"ReadAction","target":["https:\/\/akunq.net\/tr\/?p=64473"]}]},{"@type":"ImageObject","inLanguage":"en-US","@id":"https:\/\/akunq.net\/tr\/?p=64473#primaryimage","url":"https:\/\/akunq.net\/tr\/wp-content\/uploads\/sites\/6\/2021\/08\/Rum-Yetimhanesi.jpg","contentUrl":"https:\/\/akunq.net\/tr\/wp-content\/uploads\/sites\/6\/2021\/08\/Rum-Yetimhanesi.jpg","width":731,"height":410},{"@type":"BreadcrumbList","@id":"https:\/\/akunq.net\/tr\/?p=64473#breadcrumb","itemListElement":[{"@type":"ListItem","position":1,"name":"Home","item":"https:\/\/akunq.net\/tr"},{"@type":"ListItem","position":2,"name":"As\u0131rl\u0131k an\u0131t yap\u0131 aya\u011fa kald\u0131r\u0131l\u0131yor"}]},{"@type":"WebSite","@id":"https:\/\/akunq.net\/tr\/#website","url":"https:\/\/akunq.net\/tr\/","name":"Bati Ermenistan Ve Bati Ermenileri Sorunlari Ara\u015ftirmalar Merkezi","description":"","potentialAction":[{"@type":"SearchAction","target":{"@type":"EntryPoint","urlTemplate":"https:\/\/akunq.net\/tr\/?s={search_term_string}"},"query-input":{"@type":"PropertyValueSpecification","valueRequired":true,"valueName":"search_term_string"}}],"inLanguage":"en-US"},{"@type":"Person","@id":"https:\/\/akunq.net\/tr\/#\/schema\/person\/096f1d38a12cce57fb855b485ed24c9e","name":"admin","url":"https:\/\/akunq.net\/tr\/?author=7"}]}},"_links":{"self":[{"href":"https:\/\/akunq.net\/tr\/index.php?rest_route=\/wp\/v2\/posts\/64473","targetHints":{"allow":["GET"]}}],"collection":[{"href":"https:\/\/akunq.net\/tr\/index.php?rest_route=\/wp\/v2\/posts"}],"about":[{"href":"https:\/\/akunq.net\/tr\/index.php?rest_route=\/wp\/v2\/types\/post"}],"author":[{"embeddable":true,"href":"https:\/\/akunq.net\/tr\/index.php?rest_route=\/wp\/v2\/users\/7"}],"replies":[{"embeddable":true,"href":"https:\/\/akunq.net\/tr\/index.php?rest_route=%2Fwp%2Fv2%2Fcomments&post=64473"}],"version-history":[{"count":1,"href":"https:\/\/akunq.net\/tr\/index.php?rest_route=\/wp\/v2\/posts\/64473\/revisions"}],"predecessor-version":[{"id":64475,"href":"https:\/\/akunq.net\/tr\/index.php?rest_route=\/wp\/v2\/posts\/64473\/revisions\/64475"}],"wp:featuredmedia":[{"embeddable":true,"href":"https:\/\/akunq.net\/tr\/index.php?rest_route=\/wp\/v2\/media\/64474"}],"wp:attachment":[{"href":"https:\/\/akunq.net\/tr\/index.php?rest_route=%2Fwp%2Fv2%2Fmedia&parent=64473"}],"wp:term":[{"taxonomy":"category","embeddable":true,"href":"https:\/\/akunq.net\/tr\/index.php?rest_route=%2Fwp%2Fv2%2Fcategories&post=64473"},{"taxonomy":"post_tag","embeddable":true,"href":"https:\/\/akunq.net\/tr\/index.php?rest_route=%2Fwp%2Fv2%2Ftags&post=64473"}],"curies":[{"name":"wp","href":"https:\/\/api.w.org\/{rel}","templated":true}]}}