{"id":64458,"date":"2021-08-30T01:24:33","date_gmt":"2021-08-30T06:24:33","guid":{"rendered":"https:\/\/akunq.net\/tr\/?p=64458"},"modified":"2021-08-30T01:24:33","modified_gmt":"2021-08-30T06:24:33","slug":"tarihi-uc-horan-ermeni-kilisesinde-106-yil-aradan-sonra-ilk-ayin","status":"publish","type":"post","link":"https:\/\/akunq.net\/tr\/?p=64458","title":{"rendered":"Tarihi \u00dc\u00e7 Horan Ermeni Kilisesi\u2019nde 106 y\u0131l aradan sonra ilk ayin"},"content":{"rendered":"<p><img loading=\"lazy\" decoding=\"async\" class=\"aligncenter size-medium wp-image-64459\" src=\"https:\/\/akunq.net\/tr\/wp-content\/uploads\/2021\/08\/\u00dc\u00e7-Horan-Ermeni-Kilisesi-360x240.jpg\" alt=\"\" width=\"360\" height=\"240\" srcset=\"https:\/\/akunq.net\/tr\/wp-content\/uploads\/sites\/6\/2021\/08\/\u00dc\u00e7-Horan-Ermeni-Kilisesi-360x240.jpg 360w, https:\/\/akunq.net\/tr\/wp-content\/uploads\/sites\/6\/2021\/08\/\u00dc\u00e7-Horan-Ermeni-Kilisesi-768x512.jpg 768w, https:\/\/akunq.net\/tr\/wp-content\/uploads\/sites\/6\/2021\/08\/\u00dc\u00e7-Horan-Ermeni-Kilisesi-1536x1024.jpg 1536w, https:\/\/akunq.net\/tr\/wp-content\/uploads\/sites\/6\/2021\/08\/\u00dc\u00e7-Horan-Ermeni-Kilisesi-560x373.jpg 560w, https:\/\/akunq.net\/tr\/wp-content\/uploads\/sites\/6\/2021\/08\/\u00dc\u00e7-Horan-Ermeni-Kilisesi-260x173.jpg 260w, https:\/\/akunq.net\/tr\/wp-content\/uploads\/sites\/6\/2021\/08\/\u00dc\u00e7-Horan-Ermeni-Kilisesi-160x107.jpg 160w, https:\/\/akunq.net\/tr\/wp-content\/uploads\/sites\/6\/2021\/08\/\u00dc\u00e7-Horan-Ermeni-Kilisesi.jpg 1772w\" sizes=\"auto, (max-width: 360px) 100vw, 360px\" \/><\/p>\n<p><em><strong>Restorasyonu tamamlanan tarihi \u00dc\u00e7 Horan Ermeni Kilisesi\u2019nde 106 y\u0131l aradan sonra ilk ayin yap\u0131ld\u0131.<\/strong><\/em><\/p>\n<p>Malatya\u2019da bulunan tarihi \u00dc\u00e7 Horan Ermeni Kilisesi\u2019nde (S. Yerrortutyun Kilisesi) 106 y\u0131l aradan sonra ilk ayin yap\u0131ld\u0131.<\/p>\n<p><img decoding=\"async\" src=\"https:\/\/www.ermenihaber.am\/files\/images\/240876199_1929417290551478_4412554825523985181_n.jpg\" alt=\"\" \/><\/p>\n<p>Restorasyonu tamamlanan kilise \u201cTa\u015fhoron K\u00fclt\u00fcr ve Sanat Merkezi\u201d olarak faaliyete ge\u00e7ecek. Hem kilise hem de k\u00fclt\u00fcr merkezi olarak hizmet verecek olan kilisede yap\u0131lan ilk ayine Patrik \u015eahak Ma\u015falyan, Ayinlerden Sorumlu M\u00fcd\u00fcr Ba\u015frahip Tatul Anu\u015fyan, Rahip Hovagim Seropyan, Peder Drtad Uzunyan, Antakya Kiliseleri Din G\u00f6revlisi Peder Avedis Taba\u015fyan, Peder \u015eirvan M\u00fcrzyan, Peder \u015eahen Ohanyan ve farkl\u0131 illerden gelen bir\u00e7ok misafir kat\u0131ld\u0131.<\/p>\n<p><img decoding=\"async\" src=\"https:\/\/www.ermenihaber.am\/files\/images\/240909689_1929417403884800_5588546975914292937_n.jpg\" alt=\"\" \/><\/p>\n<p>T\u00fcrkiye Ermenileri Patri\u011fi Sahak Ma\u015falyan, 100 y\u0131l sonra onar\u0131lan kilisenin vatanda\u015flar\u0131n ibadetine a\u00e7\u0131lmas\u0131n\u0131n kendilerini mutlu etti\u011fini belirterek, \u201cMutlulu\u011fumuz ve memnuniyetimizi payla\u015fmak isteriz. 100 y\u0131l sonra bir sanat ve k\u00fclt\u00fcr merkezi olarak onar\u0131lan Ta\u015fhoron Kilisesi ayn\u0131 zamanda Hristiyan vatanda\u015flar i\u00e7in ibadete de a\u00e7\u0131l\u0131yor. Elbette ki bu \u00fclke bar\u0131\u015f\u0131, birli\u011fi ve karde\u015fli\u011fi a\u00e7\u0131s\u0131ndan \u00e7ok \u00f6nemli bir mesaj olarak alg\u0131l\u0131yoruz bunu. Anadolu\u2019nun gitmeye y\u00fczmeye tutmu\u015f zenginliklerinin kazand\u0131r\u0131lmas\u0131 ve tekrar g\u00fcn \u0131\u015f\u0131\u011f\u0131na \u00e7\u0131kart\u0131lmas\u0131n\u0131n hepimiz i\u00e7in b\u00fcy\u00fck bir kazan\u00e7 oldu\u011funu belirtmek isterim. Hay\u0131rl\u0131, u\u011furlu olsun\u201d diye konu\u015ftu.<\/p>\n<p><img decoding=\"async\" src=\"https:\/\/www.ermenihaber.am\/files\/images\/240974876_1929417790551428_9213307042685140738_n.jpg\" alt=\"\" \/><\/p>\n<p>Patrik Ma\u015falyan \u00f6nderli\u011finde ger\u00e7ekle\u015fen ayinde Lusavori\u00e7 korosu ilahi seslendirdi. Yakla\u015f\u0131k 3 saat s\u00fcren ayin t\u00f6renine kat\u0131lanlar duygusal anlar da ya\u015fad\u0131.<\/p>\n<p>Ermeni halk\u0131 kilisede ayin, vaftiz ve d\u00fc\u011f\u00fcn gibi t\u00f6renlerini icra edebilecek.<\/p>\n<p><em><strong>https:\/\/www.ermenihaber.am\/tr\/news\/2021\/08\/30\/Tarihi-%C3%9C%C3%A7-Horan-Ermeni-Kilisesi-ayin\/214203\u00a0<\/strong><\/em><\/p>\n","protected":false},"excerpt":{"rendered":"<p>Restorasyonu tamamlanan tarihi \u00dc\u00e7 Horan Ermeni Kilisesi\u2019nde 106 y\u0131l aradan sonra ilk ayin yap\u0131ld\u0131. Malatya\u2019da bulunan tarihi \u00dc\u00e7 Horan Ermeni Kilisesi\u2019nde (S. Yerrortutyun Kilisesi) 106 y\u0131l aradan sonra ilk ayin yap\u0131ld\u0131. Restorasyonu tamamlanan kilise \u201cTa\u015fhoron K\u00fclt\u00fcr ve Sanat Merkezi\u201d olarak faaliyete ge\u00e7ecek. Hem kilise hem de k\u00fclt\u00fcr merkezi olarak hizmet verecek olan kilisede yap\u0131lan ilk [&hellip;]<\/p>\n","protected":false},"author":7,"featured_media":64459,"comment_status":"open","ping_status":"open","sticky":false,"template":"","format":"standard","meta":{"footnotes":""},"categories":[1],"tags":[],"class_list":["post-64458","post","type-post","status-publish","format-standard","has-post-thumbnail","hentry","category-haberler"],"yoast_head":"<!-- This site is optimized with the Yoast SEO plugin v27.4 - https:\/\/yoast.com\/product\/yoast-seo-wordpress\/ -->\n<title>Tarihi \u00dc\u00e7 Horan Ermeni Kilisesi\u2019nde 106 y\u0131l aradan sonra ilk ayin - Bati Ermenistan Ve Bati Ermenileri Sorunlari Ara\u015ftirmalar Merkezi<\/title>\n<meta name=\"robots\" content=\"index, follow, max-snippet:-1, max-image-preview:large, max-video-preview:-1\" \/>\n<link rel=\"canonical\" href=\"https:\/\/akunq.net\/tr\/?p=64458\" \/>\n<meta property=\"og:locale\" content=\"en_US\" \/>\n<meta property=\"og:type\" content=\"article\" \/>\n<meta property=\"og:title\" content=\"Tarihi \u00dc\u00e7 Horan Ermeni Kilisesi\u2019nde 106 y\u0131l aradan sonra ilk ayin - Bati Ermenistan Ve Bati Ermenileri Sorunlari Ara\u015ftirmalar Merkezi\" \/>\n<meta property=\"og:description\" content=\"Restorasyonu tamamlanan tarihi \u00dc\u00e7 Horan Ermeni Kilisesi\u2019nde 106 y\u0131l aradan sonra ilk ayin yap\u0131ld\u0131. Malatya\u2019da bulunan tarihi \u00dc\u00e7 Horan Ermeni Kilisesi\u2019nde (S. Yerrortutyun Kilisesi) 106 y\u0131l aradan sonra ilk ayin yap\u0131ld\u0131. Restorasyonu tamamlanan kilise \u201cTa\u015fhoron K\u00fclt\u00fcr ve Sanat Merkezi\u201d olarak faaliyete ge\u00e7ecek. Hem kilise hem de k\u00fclt\u00fcr merkezi olarak hizmet verecek olan kilisede yap\u0131lan ilk [&hellip;]\" \/>\n<meta property=\"og:url\" content=\"https:\/\/akunq.net\/tr\/?p=64458\" \/>\n<meta property=\"og:site_name\" content=\"Bati Ermenistan Ve Bati Ermenileri Sorunlari Ara\u015ftirmalar Merkezi\" \/>\n<meta property=\"article:published_time\" content=\"2021-08-30T06:24:33+00:00\" \/>\n<meta property=\"og:image\" content=\"https:\/\/akunq.net\/tr\/wp-content\/uploads\/sites\/6\/2021\/08\/\u00dc\u00e7-Horan-Ermeni-Kilisesi.jpg\" \/>\n\t<meta property=\"og:image:width\" content=\"1772\" \/>\n\t<meta property=\"og:image:height\" content=\"1181\" \/>\n\t<meta property=\"og:image:type\" content=\"image\/jpeg\" \/>\n<meta name=\"author\" content=\"admin\" \/>\n<meta name=\"twitter:card\" content=\"summary_large_image\" \/>\n<meta name=\"twitter:label1\" content=\"Written by\" \/>\n\t<meta name=\"twitter:data1\" content=\"admin\" \/>\n\t<meta name=\"twitter:label2\" content=\"Est. reading time\" \/>\n\t<meta name=\"twitter:data2\" content=\"1 minute\" \/>\n<script type=\"application\/ld+json\" class=\"yoast-schema-graph\">{\"@context\":\"https:\\\/\\\/schema.org\",\"@graph\":[{\"@type\":\"Article\",\"@id\":\"https:\\\/\\\/akunq.net\\\/tr\\\/?p=64458#article\",\"isPartOf\":{\"@id\":\"https:\\\/\\\/akunq.net\\\/tr\\\/?p=64458\"},\"author\":{\"name\":\"admin\",\"@id\":\"https:\\\/\\\/akunq.net\\\/tr\\\/#\\\/schema\\\/person\\\/096f1d38a12cce57fb855b485ed24c9e\"},\"headline\":\"Tarihi \u00dc\u00e7 Horan Ermeni Kilisesi\u2019nde 106 y\u0131l aradan sonra ilk ayin\",\"datePublished\":\"2021-08-30T06:24:33+00:00\",\"mainEntityOfPage\":{\"@id\":\"https:\\\/\\\/akunq.net\\\/tr\\\/?p=64458\"},\"wordCount\":299,\"commentCount\":0,\"image\":{\"@id\":\"https:\\\/\\\/akunq.net\\\/tr\\\/?p=64458#primaryimage\"},\"thumbnailUrl\":\"https:\\\/\\\/akunq.net\\\/tr\\\/wp-content\\\/uploads\\\/sites\\\/6\\\/2021\\\/08\\\/\u00dc\u00e7-Horan-Ermeni-Kilisesi.jpg\",\"articleSection\":[\"Haberler\"],\"inLanguage\":\"en-US\",\"potentialAction\":[{\"@type\":\"CommentAction\",\"name\":\"Comment\",\"target\":[\"https:\\\/\\\/akunq.net\\\/tr\\\/?p=64458#respond\"]}]},{\"@type\":\"WebPage\",\"@id\":\"https:\\\/\\\/akunq.net\\\/tr\\\/?p=64458\",\"url\":\"https:\\\/\\\/akunq.net\\\/tr\\\/?p=64458\",\"name\":\"Tarihi \u00dc\u00e7 Horan Ermeni Kilisesi\u2019nde 106 y\u0131l aradan sonra ilk ayin - Bati Ermenistan Ve Bati Ermenileri Sorunlari Ara\u015ftirmalar Merkezi\",\"isPartOf\":{\"@id\":\"https:\\\/\\\/akunq.net\\\/tr\\\/#website\"},\"primaryImageOfPage\":{\"@id\":\"https:\\\/\\\/akunq.net\\\/tr\\\/?p=64458#primaryimage\"},\"image\":{\"@id\":\"https:\\\/\\\/akunq.net\\\/tr\\\/?p=64458#primaryimage\"},\"thumbnailUrl\":\"https:\\\/\\\/akunq.net\\\/tr\\\/wp-content\\\/uploads\\\/sites\\\/6\\\/2021\\\/08\\\/\u00dc\u00e7-Horan-Ermeni-Kilisesi.jpg\",\"datePublished\":\"2021-08-30T06:24:33+00:00\",\"author\":{\"@id\":\"https:\\\/\\\/akunq.net\\\/tr\\\/#\\\/schema\\\/person\\\/096f1d38a12cce57fb855b485ed24c9e\"},\"breadcrumb\":{\"@id\":\"https:\\\/\\\/akunq.net\\\/tr\\\/?p=64458#breadcrumb\"},\"inLanguage\":\"en-US\",\"potentialAction\":[{\"@type\":\"ReadAction\",\"target\":[\"https:\\\/\\\/akunq.net\\\/tr\\\/?p=64458\"]}]},{\"@type\":\"ImageObject\",\"inLanguage\":\"en-US\",\"@id\":\"https:\\\/\\\/akunq.net\\\/tr\\\/?p=64458#primaryimage\",\"url\":\"https:\\\/\\\/akunq.net\\\/tr\\\/wp-content\\\/uploads\\\/sites\\\/6\\\/2021\\\/08\\\/\u00dc\u00e7-Horan-Ermeni-Kilisesi.jpg\",\"contentUrl\":\"https:\\\/\\\/akunq.net\\\/tr\\\/wp-content\\\/uploads\\\/sites\\\/6\\\/2021\\\/08\\\/\u00dc\u00e7-Horan-Ermeni-Kilisesi.jpg\",\"width\":1772,\"height\":1181},{\"@type\":\"BreadcrumbList\",\"@id\":\"https:\\\/\\\/akunq.net\\\/tr\\\/?p=64458#breadcrumb\",\"itemListElement\":[{\"@type\":\"ListItem\",\"position\":1,\"name\":\"Home\",\"item\":\"https:\\\/\\\/akunq.net\\\/tr\"},{\"@type\":\"ListItem\",\"position\":2,\"name\":\"Tarihi \u00dc\u00e7 Horan Ermeni Kilisesi\u2019nde 106 y\u0131l aradan sonra ilk ayin\"}]},{\"@type\":\"WebSite\",\"@id\":\"https:\\\/\\\/akunq.net\\\/tr\\\/#website\",\"url\":\"https:\\\/\\\/akunq.net\\\/tr\\\/\",\"name\":\"Bati Ermenistan Ve Bati Ermenileri Sorunlari Ara\u015ftirmalar Merkezi\",\"description\":\"\",\"potentialAction\":[{\"@type\":\"SearchAction\",\"target\":{\"@type\":\"EntryPoint\",\"urlTemplate\":\"https:\\\/\\\/akunq.net\\\/tr\\\/?s={search_term_string}\"},\"query-input\":{\"@type\":\"PropertyValueSpecification\",\"valueRequired\":true,\"valueName\":\"search_term_string\"}}],\"inLanguage\":\"en-US\"},{\"@type\":\"Person\",\"@id\":\"https:\\\/\\\/akunq.net\\\/tr\\\/#\\\/schema\\\/person\\\/096f1d38a12cce57fb855b485ed24c9e\",\"name\":\"admin\",\"url\":\"https:\\\/\\\/akunq.net\\\/tr\\\/?author=7\"}]}<\/script>\n<!-- \/ Yoast SEO plugin. -->","yoast_head_json":{"title":"Tarihi \u00dc\u00e7 Horan Ermeni Kilisesi\u2019nde 106 y\u0131l aradan sonra ilk ayin - Bati Ermenistan Ve Bati Ermenileri Sorunlari Ara\u015ftirmalar Merkezi","robots":{"index":"index","follow":"follow","max-snippet":"max-snippet:-1","max-image-preview":"max-image-preview:large","max-video-preview":"max-video-preview:-1"},"canonical":"https:\/\/akunq.net\/tr\/?p=64458","og_locale":"en_US","og_type":"article","og_title":"Tarihi \u00dc\u00e7 Horan Ermeni Kilisesi\u2019nde 106 y\u0131l aradan sonra ilk ayin - Bati Ermenistan Ve Bati Ermenileri Sorunlari Ara\u015ftirmalar Merkezi","og_description":"Restorasyonu tamamlanan tarihi \u00dc\u00e7 Horan Ermeni Kilisesi\u2019nde 106 y\u0131l aradan sonra ilk ayin yap\u0131ld\u0131. Malatya\u2019da bulunan tarihi \u00dc\u00e7 Horan Ermeni Kilisesi\u2019nde (S. Yerrortutyun Kilisesi) 106 y\u0131l aradan sonra ilk ayin yap\u0131ld\u0131. Restorasyonu tamamlanan kilise \u201cTa\u015fhoron K\u00fclt\u00fcr ve Sanat Merkezi\u201d olarak faaliyete ge\u00e7ecek. Hem kilise hem de k\u00fclt\u00fcr merkezi olarak hizmet verecek olan kilisede yap\u0131lan ilk [&hellip;]","og_url":"https:\/\/akunq.net\/tr\/?p=64458","og_site_name":"Bati Ermenistan Ve Bati Ermenileri Sorunlari Ara\u015ftirmalar Merkezi","article_published_time":"2021-08-30T06:24:33+00:00","og_image":[{"width":1772,"height":1181,"url":"https:\/\/akunq.net\/tr\/wp-content\/uploads\/sites\/6\/2021\/08\/\u00dc\u00e7-Horan-Ermeni-Kilisesi.jpg","type":"image\/jpeg"}],"author":"admin","twitter_card":"summary_large_image","twitter_misc":{"Written by":"admin","Est. reading time":"1 minute"},"schema":{"@context":"https:\/\/schema.org","@graph":[{"@type":"Article","@id":"https:\/\/akunq.net\/tr\/?p=64458#article","isPartOf":{"@id":"https:\/\/akunq.net\/tr\/?p=64458"},"author":{"name":"admin","@id":"https:\/\/akunq.net\/tr\/#\/schema\/person\/096f1d38a12cce57fb855b485ed24c9e"},"headline":"Tarihi \u00dc\u00e7 Horan Ermeni Kilisesi\u2019nde 106 y\u0131l aradan sonra ilk ayin","datePublished":"2021-08-30T06:24:33+00:00","mainEntityOfPage":{"@id":"https:\/\/akunq.net\/tr\/?p=64458"},"wordCount":299,"commentCount":0,"image":{"@id":"https:\/\/akunq.net\/tr\/?p=64458#primaryimage"},"thumbnailUrl":"https:\/\/akunq.net\/tr\/wp-content\/uploads\/sites\/6\/2021\/08\/\u00dc\u00e7-Horan-Ermeni-Kilisesi.jpg","articleSection":["Haberler"],"inLanguage":"en-US","potentialAction":[{"@type":"CommentAction","name":"Comment","target":["https:\/\/akunq.net\/tr\/?p=64458#respond"]}]},{"@type":"WebPage","@id":"https:\/\/akunq.net\/tr\/?p=64458","url":"https:\/\/akunq.net\/tr\/?p=64458","name":"Tarihi \u00dc\u00e7 Horan Ermeni Kilisesi\u2019nde 106 y\u0131l aradan sonra ilk ayin - Bati Ermenistan Ve Bati Ermenileri Sorunlari Ara\u015ftirmalar Merkezi","isPartOf":{"@id":"https:\/\/akunq.net\/tr\/#website"},"primaryImageOfPage":{"@id":"https:\/\/akunq.net\/tr\/?p=64458#primaryimage"},"image":{"@id":"https:\/\/akunq.net\/tr\/?p=64458#primaryimage"},"thumbnailUrl":"https:\/\/akunq.net\/tr\/wp-content\/uploads\/sites\/6\/2021\/08\/\u00dc\u00e7-Horan-Ermeni-Kilisesi.jpg","datePublished":"2021-08-30T06:24:33+00:00","author":{"@id":"https:\/\/akunq.net\/tr\/#\/schema\/person\/096f1d38a12cce57fb855b485ed24c9e"},"breadcrumb":{"@id":"https:\/\/akunq.net\/tr\/?p=64458#breadcrumb"},"inLanguage":"en-US","potentialAction":[{"@type":"ReadAction","target":["https:\/\/akunq.net\/tr\/?p=64458"]}]},{"@type":"ImageObject","inLanguage":"en-US","@id":"https:\/\/akunq.net\/tr\/?p=64458#primaryimage","url":"https:\/\/akunq.net\/tr\/wp-content\/uploads\/sites\/6\/2021\/08\/\u00dc\u00e7-Horan-Ermeni-Kilisesi.jpg","contentUrl":"https:\/\/akunq.net\/tr\/wp-content\/uploads\/sites\/6\/2021\/08\/\u00dc\u00e7-Horan-Ermeni-Kilisesi.jpg","width":1772,"height":1181},{"@type":"BreadcrumbList","@id":"https:\/\/akunq.net\/tr\/?p=64458#breadcrumb","itemListElement":[{"@type":"ListItem","position":1,"name":"Home","item":"https:\/\/akunq.net\/tr"},{"@type":"ListItem","position":2,"name":"Tarihi \u00dc\u00e7 Horan Ermeni Kilisesi\u2019nde 106 y\u0131l aradan sonra ilk ayin"}]},{"@type":"WebSite","@id":"https:\/\/akunq.net\/tr\/#website","url":"https:\/\/akunq.net\/tr\/","name":"Bati Ermenistan Ve Bati Ermenileri Sorunlari Ara\u015ftirmalar Merkezi","description":"","potentialAction":[{"@type":"SearchAction","target":{"@type":"EntryPoint","urlTemplate":"https:\/\/akunq.net\/tr\/?s={search_term_string}"},"query-input":{"@type":"PropertyValueSpecification","valueRequired":true,"valueName":"search_term_string"}}],"inLanguage":"en-US"},{"@type":"Person","@id":"https:\/\/akunq.net\/tr\/#\/schema\/person\/096f1d38a12cce57fb855b485ed24c9e","name":"admin","url":"https:\/\/akunq.net\/tr\/?author=7"}]}},"_links":{"self":[{"href":"https:\/\/akunq.net\/tr\/index.php?rest_route=\/wp\/v2\/posts\/64458","targetHints":{"allow":["GET"]}}],"collection":[{"href":"https:\/\/akunq.net\/tr\/index.php?rest_route=\/wp\/v2\/posts"}],"about":[{"href":"https:\/\/akunq.net\/tr\/index.php?rest_route=\/wp\/v2\/types\/post"}],"author":[{"embeddable":true,"href":"https:\/\/akunq.net\/tr\/index.php?rest_route=\/wp\/v2\/users\/7"}],"replies":[{"embeddable":true,"href":"https:\/\/akunq.net\/tr\/index.php?rest_route=%2Fwp%2Fv2%2Fcomments&post=64458"}],"version-history":[{"count":1,"href":"https:\/\/akunq.net\/tr\/index.php?rest_route=\/wp\/v2\/posts\/64458\/revisions"}],"predecessor-version":[{"id":64460,"href":"https:\/\/akunq.net\/tr\/index.php?rest_route=\/wp\/v2\/posts\/64458\/revisions\/64460"}],"wp:featuredmedia":[{"embeddable":true,"href":"https:\/\/akunq.net\/tr\/index.php?rest_route=\/wp\/v2\/media\/64459"}],"wp:attachment":[{"href":"https:\/\/akunq.net\/tr\/index.php?rest_route=%2Fwp%2Fv2%2Fmedia&parent=64458"}],"wp:term":[{"taxonomy":"category","embeddable":true,"href":"https:\/\/akunq.net\/tr\/index.php?rest_route=%2Fwp%2Fv2%2Fcategories&post=64458"},{"taxonomy":"post_tag","embeddable":true,"href":"https:\/\/akunq.net\/tr\/index.php?rest_route=%2Fwp%2Fv2%2Ftags&post=64458"}],"curies":[{"name":"wp","href":"https:\/\/api.w.org\/{rel}","templated":true}]}}