{"id":64450,"date":"2021-08-27T05:52:19","date_gmt":"2021-08-27T10:52:19","guid":{"rendered":"https:\/\/akunq.net\/tr\/?p=64450"},"modified":"2021-08-27T05:52:19","modified_gmt":"2021-08-27T10:52:19","slug":"patrik-hazretleri-malatyaya-ziyarette-bulunacak","status":"publish","type":"post","link":"https:\/\/akunq.net\/tr\/?p=64450","title":{"rendered":"Patrik Hazretleri Malatya&#8217;ya ziyarette bulunacak"},"content":{"rendered":"<p><img loading=\"lazy\" decoding=\"async\" class=\"aligncenter size-medium wp-image-64451\" src=\"https:\/\/akunq.net\/tr\/wp-content\/uploads\/2021\/08\/\u054a\u0531\u054f\u0550\u053b\u0531\u0550\u0554-\u0540\u0531\u0545\u0550-360x240.jpeg\" alt=\"\" width=\"360\" height=\"240\" srcset=\"https:\/\/akunq.net\/tr\/wp-content\/uploads\/sites\/6\/2021\/08\/\u054a\u0531\u054f\u0550\u053b\u0531\u0550\u0554-\u0540\u0531\u0545\u0550-360x240.jpeg 360w, https:\/\/akunq.net\/tr\/wp-content\/uploads\/sites\/6\/2021\/08\/\u054a\u0531\u054f\u0550\u053b\u0531\u0550\u0554-\u0540\u0531\u0545\u0550-768x512.jpeg 768w, https:\/\/akunq.net\/tr\/wp-content\/uploads\/sites\/6\/2021\/08\/\u054a\u0531\u054f\u0550\u053b\u0531\u0550\u0554-\u0540\u0531\u0545\u0550-1536x1024.jpeg 1536w, https:\/\/akunq.net\/tr\/wp-content\/uploads\/sites\/6\/2021\/08\/\u054a\u0531\u054f\u0550\u053b\u0531\u0550\u0554-\u0540\u0531\u0545\u0550-560x373.jpeg 560w, https:\/\/akunq.net\/tr\/wp-content\/uploads\/sites\/6\/2021\/08\/\u054a\u0531\u054f\u0550\u053b\u0531\u0550\u0554-\u0540\u0531\u0545\u0550-260x173.jpeg 260w, https:\/\/akunq.net\/tr\/wp-content\/uploads\/sites\/6\/2021\/08\/\u054a\u0531\u054f\u0550\u053b\u0531\u0550\u0554-\u0540\u0531\u0545\u0550-160x107.jpeg 160w, https:\/\/akunq.net\/tr\/wp-content\/uploads\/sites\/6\/2021\/08\/\u054a\u0531\u054f\u0550\u053b\u0531\u0550\u0554-\u0540\u0531\u0545\u0550.jpeg 1600w\" sizes=\"auto, (max-width: 360px) 100vw, 360px\" \/><\/p>\n<p><em><strong>Bu haftasonu, Malatya \u201cS. Yerrortutyun Kilisesi \u2013 Ta\u015fhoran K\u00fclt\u00fcr Merkezi\u201dnin resmi a\u00e7\u0131l\u0131\u015f t\u00f6renleri b\u00fcy\u00fck bir co\u015fkuyla ger\u00e7ekle\u015fecek. Dini t\u00f6renlere Kadasetli Patrik Sahak II. Hazretleri riyaset edecek. Patrik Hazretleri\u2019nin bu ziyareti ayn\u0131 zamanda kendilerinin Malatya\u2019ya verece\u011fi ilk Patriklik ziyareti olacak.<\/strong><\/em><\/p>\n<p>Patrik Hazretleri, 27 A\u011fustos 2021, Cuma, \u00f6\u011fleden sonra hava yoluyla Malatya\u2019ya seyahat edecek. Patrik Hazretleri\u2019nin maiyetinde Ayinlerden Sorumlu M\u00fcd\u00fcr Ba\u015frahip Tatul Anu\u015fyan, Rahip Hovagim Seropyan, Kd. Peder Drtad Uzunyan, Antakya Kiliseleri Din G\u00f6revlisi Peder Avedis Taba\u015fyan, Peder \u015eirvan M\u00fcrzyan ve Peder \u015eahen Ohanyan yer alacaklar. \u00d6te yandan, t\u00f6renlere kat\u0131lmak \u00fczere \u0130stanbul\u2019dan Malatya\u2019ya diyakonlar ve astdiyakonlar da hareket etmekte. Di\u011fer yandan, S. Badarak ilahilerini seslendirmek \u00fczere Lusavori\u00e7 Korosu da \u015fef Hagop Mamigonyan \u00f6nderli\u011finde Malatya\u2019ya seyahat edecek. Koronavir\u00fcs pandemi ko\u015fullar\u0131 olmas\u0131na ra\u011fmen, t\u00f6rene kat\u0131lmak \u00fczere \u00e7e\u015fitli \u015fehirlerden inananlar da Malatya\u2019ya seyahat edecekler.<\/p>\n<p>Cumartesi sabah\u0131, saat 09:00\u2019da, resmi erkan\u0131n da kat\u0131l\u0131mlar\u0131yla, kilise ve k\u00fclt\u00fcr merkezinin resmi a\u00e7\u0131l\u0131\u015f t\u00f6reni ger\u00e7ekle\u015fecek. Ayn\u0131 g\u00fcn saat 17:00\u2019de, Patrik Hazretleri\u2019nin riyasetinde kilisenin takdisi ger\u00e7ekle\u015fecek. Pazar sabah\u0131 ise, takdis edilen kilisede ilk Surp Badarak sunulacak. Patrik Hazretleri ziyareti s\u00fcresince resmi g\u00f6r\u00fc\u015fmelerde de bulunacak ve ayn\u0131 zamanda Malatya Ermeni Cemaati \u00fcyeleriyle bir araya gelerek onlara pederane takdislerini sunma f\u0131rsat\u0131n\u0131 da bulacak.<\/p>\n<p>\u00d6te yandan, ger\u00e7ekle\u015fecek t\u00fcm t\u00f6renler, Patrikli\u011fimizin sosyal medya sayfalar\u0131ndan canl\u0131 olarak yay\u0131nlanacakt\u0131r.<\/p>\n<p><em><strong><a href=\"https:\/\/www.facebook.com\/TRArmenianPatriarchate\/\">https:\/\/www.facebook.com\/TRArmenianPatriarchate\/<\/a>\u00a0<\/strong><\/em><\/p>\n<div class=\"sharedaddy sd-sharing-enabled\">\n<div class=\"robots-nocontent sd-block sd-social sd-social-icon-text sd-sharing\">\n<h3 class=\"sd-title\"><\/h3>\n<\/div>\n<\/div>\n","protected":false},"excerpt":{"rendered":"<p>Bu haftasonu, Malatya \u201cS. Yerrortutyun Kilisesi \u2013 Ta\u015fhoran K\u00fclt\u00fcr Merkezi\u201dnin resmi a\u00e7\u0131l\u0131\u015f t\u00f6renleri b\u00fcy\u00fck bir co\u015fkuyla ger\u00e7ekle\u015fecek. Dini t\u00f6renlere Kadasetli Patrik Sahak II. Hazretleri riyaset edecek. Patrik Hazretleri\u2019nin bu ziyareti ayn\u0131 zamanda kendilerinin Malatya\u2019ya verece\u011fi ilk Patriklik ziyareti olacak. Patrik Hazretleri, 27 A\u011fustos 2021, Cuma, \u00f6\u011fleden sonra hava yoluyla Malatya\u2019ya seyahat edecek. Patrik Hazretleri\u2019nin maiyetinde [&hellip;]<\/p>\n","protected":false},"author":7,"featured_media":64451,"comment_status":"open","ping_status":"open","sticky":false,"template":"","format":"standard","meta":{"footnotes":""},"categories":[22,1],"tags":[],"class_list":["post-64450","post","type-post","status-publish","format-standard","has-post-thumbnail","hentry","category-gunumuzde-bati-ermenistan","category-haberler"],"yoast_head":"<!-- This site is optimized with the Yoast SEO plugin v27.4 - https:\/\/yoast.com\/product\/yoast-seo-wordpress\/ -->\n<title>Patrik Hazretleri Malatya&#039;ya ziyarette bulunacak - Bati Ermenistan Ve Bati Ermenileri Sorunlari Ara\u015ftirmalar Merkezi<\/title>\n<meta name=\"robots\" content=\"index, follow, max-snippet:-1, max-image-preview:large, max-video-preview:-1\" \/>\n<link rel=\"canonical\" href=\"https:\/\/akunq.net\/tr\/?p=64450\" \/>\n<meta property=\"og:locale\" content=\"en_US\" \/>\n<meta property=\"og:type\" content=\"article\" \/>\n<meta property=\"og:title\" content=\"Patrik Hazretleri Malatya&#039;ya ziyarette bulunacak - Bati Ermenistan Ve Bati Ermenileri Sorunlari Ara\u015ftirmalar Merkezi\" \/>\n<meta property=\"og:description\" content=\"Bu haftasonu, Malatya \u201cS. Yerrortutyun Kilisesi \u2013 Ta\u015fhoran K\u00fclt\u00fcr Merkezi\u201dnin resmi a\u00e7\u0131l\u0131\u015f t\u00f6renleri b\u00fcy\u00fck bir co\u015fkuyla ger\u00e7ekle\u015fecek. Dini t\u00f6renlere Kadasetli Patrik Sahak II. Hazretleri riyaset edecek. Patrik Hazretleri\u2019nin bu ziyareti ayn\u0131 zamanda kendilerinin Malatya\u2019ya verece\u011fi ilk Patriklik ziyareti olacak. Patrik Hazretleri, 27 A\u011fustos 2021, Cuma, \u00f6\u011fleden sonra hava yoluyla Malatya\u2019ya seyahat edecek. Patrik Hazretleri\u2019nin maiyetinde [&hellip;]\" \/>\n<meta property=\"og:url\" content=\"https:\/\/akunq.net\/tr\/?p=64450\" \/>\n<meta property=\"og:site_name\" content=\"Bati Ermenistan Ve Bati Ermenileri Sorunlari Ara\u015ftirmalar Merkezi\" \/>\n<meta property=\"article:published_time\" content=\"2021-08-27T10:52:19+00:00\" \/>\n<meta property=\"og:image\" content=\"https:\/\/akunq.net\/tr\/wp-content\/uploads\/sites\/6\/2021\/08\/\u054a\u0531\u054f\u0550\u053b\u0531\u0550\u0554-\u0540\u0531\u0545\u0550.jpeg\" \/>\n\t<meta property=\"og:image:width\" content=\"1600\" \/>\n\t<meta property=\"og:image:height\" content=\"1067\" \/>\n\t<meta property=\"og:image:type\" content=\"image\/jpeg\" \/>\n<meta name=\"author\" content=\"admin\" \/>\n<meta name=\"twitter:card\" content=\"summary_large_image\" \/>\n<meta name=\"twitter:label1\" content=\"Written by\" \/>\n\t<meta name=\"twitter:data1\" content=\"admin\" \/>\n\t<meta name=\"twitter:label2\" content=\"Est. reading time\" \/>\n\t<meta name=\"twitter:data2\" content=\"1 minute\" \/>\n<script type=\"application\/ld+json\" class=\"yoast-schema-graph\">{\"@context\":\"https:\\\/\\\/schema.org\",\"@graph\":[{\"@type\":\"Article\",\"@id\":\"https:\\\/\\\/akunq.net\\\/tr\\\/?p=64450#article\",\"isPartOf\":{\"@id\":\"https:\\\/\\\/akunq.net\\\/tr\\\/?p=64450\"},\"author\":{\"name\":\"admin\",\"@id\":\"https:\\\/\\\/akunq.net\\\/tr\\\/#\\\/schema\\\/person\\\/096f1d38a12cce57fb855b485ed24c9e\"},\"headline\":\"Patrik Hazretleri Malatya&#8217;ya ziyarette bulunacak\",\"datePublished\":\"2021-08-27T10:52:19+00:00\",\"mainEntityOfPage\":{\"@id\":\"https:\\\/\\\/akunq.net\\\/tr\\\/?p=64450\"},\"wordCount\":276,\"commentCount\":0,\"image\":{\"@id\":\"https:\\\/\\\/akunq.net\\\/tr\\\/?p=64450#primaryimage\"},\"thumbnailUrl\":\"https:\\\/\\\/akunq.net\\\/tr\\\/wp-content\\\/uploads\\\/sites\\\/6\\\/2021\\\/08\\\/\u054a\u0531\u054f\u0550\u053b\u0531\u0550\u0554-\u0540\u0531\u0545\u0550.jpeg\",\"articleSection\":[\"G\u00fcn\u00fcm\u00fczde Bat\u0131 Ermenistan\",\"Haberler\"],\"inLanguage\":\"en-US\",\"potentialAction\":[{\"@type\":\"CommentAction\",\"name\":\"Comment\",\"target\":[\"https:\\\/\\\/akunq.net\\\/tr\\\/?p=64450#respond\"]}]},{\"@type\":\"WebPage\",\"@id\":\"https:\\\/\\\/akunq.net\\\/tr\\\/?p=64450\",\"url\":\"https:\\\/\\\/akunq.net\\\/tr\\\/?p=64450\",\"name\":\"Patrik Hazretleri Malatya'ya ziyarette bulunacak - Bati Ermenistan Ve Bati Ermenileri Sorunlari Ara\u015ftirmalar Merkezi\",\"isPartOf\":{\"@id\":\"https:\\\/\\\/akunq.net\\\/tr\\\/#website\"},\"primaryImageOfPage\":{\"@id\":\"https:\\\/\\\/akunq.net\\\/tr\\\/?p=64450#primaryimage\"},\"image\":{\"@id\":\"https:\\\/\\\/akunq.net\\\/tr\\\/?p=64450#primaryimage\"},\"thumbnailUrl\":\"https:\\\/\\\/akunq.net\\\/tr\\\/wp-content\\\/uploads\\\/sites\\\/6\\\/2021\\\/08\\\/\u054a\u0531\u054f\u0550\u053b\u0531\u0550\u0554-\u0540\u0531\u0545\u0550.jpeg\",\"datePublished\":\"2021-08-27T10:52:19+00:00\",\"author\":{\"@id\":\"https:\\\/\\\/akunq.net\\\/tr\\\/#\\\/schema\\\/person\\\/096f1d38a12cce57fb855b485ed24c9e\"},\"breadcrumb\":{\"@id\":\"https:\\\/\\\/akunq.net\\\/tr\\\/?p=64450#breadcrumb\"},\"inLanguage\":\"en-US\",\"potentialAction\":[{\"@type\":\"ReadAction\",\"target\":[\"https:\\\/\\\/akunq.net\\\/tr\\\/?p=64450\"]}]},{\"@type\":\"ImageObject\",\"inLanguage\":\"en-US\",\"@id\":\"https:\\\/\\\/akunq.net\\\/tr\\\/?p=64450#primaryimage\",\"url\":\"https:\\\/\\\/akunq.net\\\/tr\\\/wp-content\\\/uploads\\\/sites\\\/6\\\/2021\\\/08\\\/\u054a\u0531\u054f\u0550\u053b\u0531\u0550\u0554-\u0540\u0531\u0545\u0550.jpeg\",\"contentUrl\":\"https:\\\/\\\/akunq.net\\\/tr\\\/wp-content\\\/uploads\\\/sites\\\/6\\\/2021\\\/08\\\/\u054a\u0531\u054f\u0550\u053b\u0531\u0550\u0554-\u0540\u0531\u0545\u0550.jpeg\",\"width\":1600,\"height\":1067},{\"@type\":\"BreadcrumbList\",\"@id\":\"https:\\\/\\\/akunq.net\\\/tr\\\/?p=64450#breadcrumb\",\"itemListElement\":[{\"@type\":\"ListItem\",\"position\":1,\"name\":\"Home\",\"item\":\"https:\\\/\\\/akunq.net\\\/tr\"},{\"@type\":\"ListItem\",\"position\":2,\"name\":\"Patrik Hazretleri Malatya&#8217;ya ziyarette bulunacak\"}]},{\"@type\":\"WebSite\",\"@id\":\"https:\\\/\\\/akunq.net\\\/tr\\\/#website\",\"url\":\"https:\\\/\\\/akunq.net\\\/tr\\\/\",\"name\":\"Bati Ermenistan Ve Bati Ermenileri Sorunlari Ara\u015ftirmalar Merkezi\",\"description\":\"\",\"potentialAction\":[{\"@type\":\"SearchAction\",\"target\":{\"@type\":\"EntryPoint\",\"urlTemplate\":\"https:\\\/\\\/akunq.net\\\/tr\\\/?s={search_term_string}\"},\"query-input\":{\"@type\":\"PropertyValueSpecification\",\"valueRequired\":true,\"valueName\":\"search_term_string\"}}],\"inLanguage\":\"en-US\"},{\"@type\":\"Person\",\"@id\":\"https:\\\/\\\/akunq.net\\\/tr\\\/#\\\/schema\\\/person\\\/096f1d38a12cce57fb855b485ed24c9e\",\"name\":\"admin\",\"url\":\"https:\\\/\\\/akunq.net\\\/tr\\\/?author=7\"}]}<\/script>\n<!-- \/ Yoast SEO plugin. -->","yoast_head_json":{"title":"Patrik Hazretleri Malatya'ya ziyarette bulunacak - Bati Ermenistan Ve Bati Ermenileri Sorunlari Ara\u015ftirmalar Merkezi","robots":{"index":"index","follow":"follow","max-snippet":"max-snippet:-1","max-image-preview":"max-image-preview:large","max-video-preview":"max-video-preview:-1"},"canonical":"https:\/\/akunq.net\/tr\/?p=64450","og_locale":"en_US","og_type":"article","og_title":"Patrik Hazretleri Malatya'ya ziyarette bulunacak - Bati Ermenistan Ve Bati Ermenileri Sorunlari Ara\u015ftirmalar Merkezi","og_description":"Bu haftasonu, Malatya \u201cS. Yerrortutyun Kilisesi \u2013 Ta\u015fhoran K\u00fclt\u00fcr Merkezi\u201dnin resmi a\u00e7\u0131l\u0131\u015f t\u00f6renleri b\u00fcy\u00fck bir co\u015fkuyla ger\u00e7ekle\u015fecek. Dini t\u00f6renlere Kadasetli Patrik Sahak II. Hazretleri riyaset edecek. Patrik Hazretleri\u2019nin bu ziyareti ayn\u0131 zamanda kendilerinin Malatya\u2019ya verece\u011fi ilk Patriklik ziyareti olacak. Patrik Hazretleri, 27 A\u011fustos 2021, Cuma, \u00f6\u011fleden sonra hava yoluyla Malatya\u2019ya seyahat edecek. Patrik Hazretleri\u2019nin maiyetinde [&hellip;]","og_url":"https:\/\/akunq.net\/tr\/?p=64450","og_site_name":"Bati Ermenistan Ve Bati Ermenileri Sorunlari Ara\u015ftirmalar Merkezi","article_published_time":"2021-08-27T10:52:19+00:00","og_image":[{"width":1600,"height":1067,"url":"https:\/\/akunq.net\/tr\/wp-content\/uploads\/sites\/6\/2021\/08\/\u054a\u0531\u054f\u0550\u053b\u0531\u0550\u0554-\u0540\u0531\u0545\u0550.jpeg","type":"image\/jpeg"}],"author":"admin","twitter_card":"summary_large_image","twitter_misc":{"Written by":"admin","Est. reading time":"1 minute"},"schema":{"@context":"https:\/\/schema.org","@graph":[{"@type":"Article","@id":"https:\/\/akunq.net\/tr\/?p=64450#article","isPartOf":{"@id":"https:\/\/akunq.net\/tr\/?p=64450"},"author":{"name":"admin","@id":"https:\/\/akunq.net\/tr\/#\/schema\/person\/096f1d38a12cce57fb855b485ed24c9e"},"headline":"Patrik Hazretleri Malatya&#8217;ya ziyarette bulunacak","datePublished":"2021-08-27T10:52:19+00:00","mainEntityOfPage":{"@id":"https:\/\/akunq.net\/tr\/?p=64450"},"wordCount":276,"commentCount":0,"image":{"@id":"https:\/\/akunq.net\/tr\/?p=64450#primaryimage"},"thumbnailUrl":"https:\/\/akunq.net\/tr\/wp-content\/uploads\/sites\/6\/2021\/08\/\u054a\u0531\u054f\u0550\u053b\u0531\u0550\u0554-\u0540\u0531\u0545\u0550.jpeg","articleSection":["G\u00fcn\u00fcm\u00fczde Bat\u0131 Ermenistan","Haberler"],"inLanguage":"en-US","potentialAction":[{"@type":"CommentAction","name":"Comment","target":["https:\/\/akunq.net\/tr\/?p=64450#respond"]}]},{"@type":"WebPage","@id":"https:\/\/akunq.net\/tr\/?p=64450","url":"https:\/\/akunq.net\/tr\/?p=64450","name":"Patrik Hazretleri Malatya'ya ziyarette bulunacak - Bati Ermenistan Ve Bati Ermenileri Sorunlari Ara\u015ftirmalar Merkezi","isPartOf":{"@id":"https:\/\/akunq.net\/tr\/#website"},"primaryImageOfPage":{"@id":"https:\/\/akunq.net\/tr\/?p=64450#primaryimage"},"image":{"@id":"https:\/\/akunq.net\/tr\/?p=64450#primaryimage"},"thumbnailUrl":"https:\/\/akunq.net\/tr\/wp-content\/uploads\/sites\/6\/2021\/08\/\u054a\u0531\u054f\u0550\u053b\u0531\u0550\u0554-\u0540\u0531\u0545\u0550.jpeg","datePublished":"2021-08-27T10:52:19+00:00","author":{"@id":"https:\/\/akunq.net\/tr\/#\/schema\/person\/096f1d38a12cce57fb855b485ed24c9e"},"breadcrumb":{"@id":"https:\/\/akunq.net\/tr\/?p=64450#breadcrumb"},"inLanguage":"en-US","potentialAction":[{"@type":"ReadAction","target":["https:\/\/akunq.net\/tr\/?p=64450"]}]},{"@type":"ImageObject","inLanguage":"en-US","@id":"https:\/\/akunq.net\/tr\/?p=64450#primaryimage","url":"https:\/\/akunq.net\/tr\/wp-content\/uploads\/sites\/6\/2021\/08\/\u054a\u0531\u054f\u0550\u053b\u0531\u0550\u0554-\u0540\u0531\u0545\u0550.jpeg","contentUrl":"https:\/\/akunq.net\/tr\/wp-content\/uploads\/sites\/6\/2021\/08\/\u054a\u0531\u054f\u0550\u053b\u0531\u0550\u0554-\u0540\u0531\u0545\u0550.jpeg","width":1600,"height":1067},{"@type":"BreadcrumbList","@id":"https:\/\/akunq.net\/tr\/?p=64450#breadcrumb","itemListElement":[{"@type":"ListItem","position":1,"name":"Home","item":"https:\/\/akunq.net\/tr"},{"@type":"ListItem","position":2,"name":"Patrik Hazretleri Malatya&#8217;ya ziyarette bulunacak"}]},{"@type":"WebSite","@id":"https:\/\/akunq.net\/tr\/#website","url":"https:\/\/akunq.net\/tr\/","name":"Bati Ermenistan Ve Bati Ermenileri Sorunlari Ara\u015ftirmalar Merkezi","description":"","potentialAction":[{"@type":"SearchAction","target":{"@type":"EntryPoint","urlTemplate":"https:\/\/akunq.net\/tr\/?s={search_term_string}"},"query-input":{"@type":"PropertyValueSpecification","valueRequired":true,"valueName":"search_term_string"}}],"inLanguage":"en-US"},{"@type":"Person","@id":"https:\/\/akunq.net\/tr\/#\/schema\/person\/096f1d38a12cce57fb855b485ed24c9e","name":"admin","url":"https:\/\/akunq.net\/tr\/?author=7"}]}},"_links":{"self":[{"href":"https:\/\/akunq.net\/tr\/index.php?rest_route=\/wp\/v2\/posts\/64450","targetHints":{"allow":["GET"]}}],"collection":[{"href":"https:\/\/akunq.net\/tr\/index.php?rest_route=\/wp\/v2\/posts"}],"about":[{"href":"https:\/\/akunq.net\/tr\/index.php?rest_route=\/wp\/v2\/types\/post"}],"author":[{"embeddable":true,"href":"https:\/\/akunq.net\/tr\/index.php?rest_route=\/wp\/v2\/users\/7"}],"replies":[{"embeddable":true,"href":"https:\/\/akunq.net\/tr\/index.php?rest_route=%2Fwp%2Fv2%2Fcomments&post=64450"}],"version-history":[{"count":1,"href":"https:\/\/akunq.net\/tr\/index.php?rest_route=\/wp\/v2\/posts\/64450\/revisions"}],"predecessor-version":[{"id":64452,"href":"https:\/\/akunq.net\/tr\/index.php?rest_route=\/wp\/v2\/posts\/64450\/revisions\/64452"}],"wp:featuredmedia":[{"embeddable":true,"href":"https:\/\/akunq.net\/tr\/index.php?rest_route=\/wp\/v2\/media\/64451"}],"wp:attachment":[{"href":"https:\/\/akunq.net\/tr\/index.php?rest_route=%2Fwp%2Fv2%2Fmedia&parent=64450"}],"wp:term":[{"taxonomy":"category","embeddable":true,"href":"https:\/\/akunq.net\/tr\/index.php?rest_route=%2Fwp%2Fv2%2Fcategories&post=64450"},{"taxonomy":"post_tag","embeddable":true,"href":"https:\/\/akunq.net\/tr\/index.php?rest_route=%2Fwp%2Fv2%2Ftags&post=64450"}],"curies":[{"name":"wp","href":"https:\/\/api.w.org\/{rel}","templated":true}]}}