{"id":64447,"date":"2021-08-27T05:45:03","date_gmt":"2021-08-27T10:45:03","guid":{"rendered":"https:\/\/akunq.net\/tr\/?p=64447"},"modified":"2021-08-27T05:45:03","modified_gmt":"2021-08-27T10:45:03","slug":"bilinmeyen-bir-dil-degil-kurt-dili","status":"publish","type":"post","link":"https:\/\/akunq.net\/tr\/?p=64447","title":{"rendered":"Bilinmeyen Bir Dil De\u011fil; K\u00fcrt Dili\u2026"},"content":{"rendered":"<p><img loading=\"lazy\" decoding=\"async\" class=\"aligncenter size-medium wp-image-64448\" src=\"https:\/\/akunq.net\/tr\/wp-content\/uploads\/2021\/08\/\u0534\u056b\u0561\u0580\u0562\u0565\u0584\u056b\u0580\u056b-\u0583\u0561\u057d\u057f\u0561\u0562\u0561\u0576\u0576\u0565\u0580\u056b-\u057a\u0561\u056c\u0561\u057f-360x226.jpg\" alt=\"\" width=\"360\" height=\"226\" srcset=\"https:\/\/akunq.net\/tr\/wp-content\/uploads\/sites\/6\/2021\/08\/\u0534\u056b\u0561\u0580\u0562\u0565\u0584\u056b\u0580\u056b-\u0583\u0561\u057d\u057f\u0561\u0562\u0561\u0576\u0576\u0565\u0580\u056b-\u057a\u0561\u056c\u0561\u057f-360x226.jpg 360w, https:\/\/akunq.net\/tr\/wp-content\/uploads\/sites\/6\/2021\/08\/\u0534\u056b\u0561\u0580\u0562\u0565\u0584\u056b\u0580\u056b-\u0583\u0561\u057d\u057f\u0561\u0562\u0561\u0576\u0576\u0565\u0580\u056b-\u057a\u0561\u056c\u0561\u057f-560x351.jpg 560w, https:\/\/akunq.net\/tr\/wp-content\/uploads\/sites\/6\/2021\/08\/\u0534\u056b\u0561\u0580\u0562\u0565\u0584\u056b\u0580\u056b-\u0583\u0561\u057d\u057f\u0561\u0562\u0561\u0576\u0576\u0565\u0580\u056b-\u057a\u0561\u056c\u0561\u057f-260x163.jpg 260w, https:\/\/akunq.net\/tr\/wp-content\/uploads\/sites\/6\/2021\/08\/\u0534\u056b\u0561\u0580\u0562\u0565\u0584\u056b\u0580\u056b-\u0583\u0561\u057d\u057f\u0561\u0562\u0561\u0576\u0576\u0565\u0580\u056b-\u057a\u0561\u056c\u0561\u057f-160x100.jpg 160w, https:\/\/akunq.net\/tr\/wp-content\/uploads\/sites\/6\/2021\/08\/\u0534\u056b\u0561\u0580\u0562\u0565\u0584\u056b\u0580\u056b-\u0583\u0561\u057d\u057f\u0561\u0562\u0561\u0576\u0576\u0565\u0580\u056b-\u057a\u0561\u056c\u0561\u057f.jpg 752w\" sizes=\"auto, (max-width: 360px) 100vw, 360px\" \/><\/p>\n<p><em><strong>Uzun y\u0131llar K\u00fcrt Dilinin kullan\u0131m\u0131\u00a0 ve \u00a0K\u00fcrt K\u00fclt\u00fcr\u00fcne y\u00f6nelik sistematik bir inkar ve asimilasyon politikalar\u0131ndan sonra, \u00f6zellikle\u00a0 \u00e7\u00f6z\u00fcm s\u00fcreci ile birlikte kamusal alanda K\u00fcrt\u00e7e\u2019nin kullan\u0131m\u0131 \u00f6n\u00fcndeki engellemelerden k\u0131smende olsa vazge\u00e7ilmi\u015ftir. Yeterli g\u00f6r\u00fclmemekle birlikte, ana dilde savunma hakk\u0131na y\u00f6nelik yasal d\u00fczenlemenin yap\u0131lm\u0131\u015f olmas\u0131, ba\u015fta Mardin Artuklu \u00dcniversitesi olmak \u00fczere bir k\u0131s\u0131m \u00fcniversitelerde K\u00fcrt Dili ve Edebiyat\u0131 B\u00f6l\u00fcm\u00fcn\u00fcn ve \u00a0TRT\u2019de K\u00fcrt\u00e7e yay\u0131n yapan bir kanal\u0131n a\u00e7\u0131lmas\u0131 gibi k\u0131smi m\u00fcspet geli\u015fmeler ya\u015fanm\u0131\u015ft\u0131r.<\/strong><\/em><\/p>\n<p>Son y\u0131llarda, K\u00fcrt Dilinin kamusal hizmetlerde kullan\u0131m\u0131n\u0131n yasal mevzuata ba\u011flanmas\u0131 gereklili\u011fi ve\u00a0 ana dilde e\u011fitim hakk\u0131na y\u00f6nelik talep ve tart\u0131\u015fmalar y\u00fcr\u00fct\u00fcl\u00fcrken, Elaz\u0131\u011f Kad\u0131n Kapal\u0131 Cezaevi\u2019nde bulunan tutuklu ve h\u00fck\u00fcml\u00fclerin, K\u00fcrt\u00e7e \u015fark\u0131 e\u015fli\u011finde halay \u00e7ekmi\u015f olmalar\u0131 nedeniyle, sadece T\u00fcrkiye\u2019de yakla\u015f\u0131k 25 milyon insan\u0131n ana dili olan K\u00fcrt diline ili\u015fkin kamusal makamlar\u0131n \u201cbilinmeyen ve anla\u015f\u0131lmayan bir dil\u201d \u015feklindeki tan\u0131mlaman\u0131n yap\u0131larak soru\u015fturmaya konu edilmesi, yine bir TV program\u0131nda K\u00fcrt dilini kullanmaktan kaynakl\u0131\u00a0 engellemelerin ve ayr\u0131mc\u0131 yorumlar\u0131n kabul\u00fc m\u00fcmk\u00fcn de\u011fildir. Bu ve benzeri uygulamalar ge\u00e7mi\u015fteki yasak\u00e7\u0131 anlay\u0131\u015f\u0131n, inkar ve asimilasyon uygulamalar\u0131n\u0131n maalesef devam etti\u011fini g\u00f6stermektedir.<\/p>\n<p>Daha \u00f6nce Mahkeme ve TBMM tutanaklar\u0131nda,\u00a0 K\u00fcrt diline ili\u015fkin \u201cbilinmeyen dil\u201d gibi tan\u0131mlamalar\u0131n yap\u0131ld\u0131\u011f\u0131 herkesin malumudur. \u00dclkemizde yakla\u015f\u0131k 25 milyon insan\u0131n ana dili olan ve D\u00fcnyan\u0131n en zengin dillerinden biri olan K\u00fcrt diline ili\u015fkin kamusal alanda bu ve benzeri tan\u0131mlamalar\u0131n yap\u0131lmas\u0131, hakl\u0131 olarak toplumda b\u00fcy\u00fck bir rahats\u0131zl\u0131\u011fa ve tepkiye \u00a0yol a\u00e7maktad\u0131r. Diyarbak\u0131r Barosu olarak, K\u00fcrt diline y\u00f6nelik bahse konu bu tan\u0131mlamalar\u0131 ve uygulamalar\u0131 k\u0131n\u0131yoruz. K\u00fcrt Dilinin varl\u0131\u011f\u0131n\u0131 korumas\u0131 ve geli\u015fiminin sa\u011flanmas\u0131 \u00f6n\u00fcndeki kamusal alandaki keyfi uygulamalara son verilmesini, bu ve benzeri uygulamalarda sorumlulu\u011fu bulunanlar hakk\u0131nda \u00a0gerekli adli ve\u00a0 idari soru\u015fturmalar\u0131n ba\u015flat\u0131lmas\u0131n\u0131 ve etkin bir \u015fekilde y\u00fcr\u00fct\u00fclmesini talep ediyoruz.<\/p>\n<p>Diyarbak\u0131r Barosu olarak s\u00fcrecin takip\u00e7isi olaca\u011f\u0131m\u0131z\u0131 kamuoyuyla sayg\u0131yla payla\u015f\u0131yoruz.<\/p>\n<p><em><strong>https:\/\/www.diyarbakirbarosu.org.tr\/haberler\/bilinmeyen-bir-dil-degil-kurt-dili\u00a0<\/strong><\/em><\/p>\n","protected":false},"excerpt":{"rendered":"<p>Uzun y\u0131llar K\u00fcrt Dilinin kullan\u0131m\u0131\u00a0 ve \u00a0K\u00fcrt K\u00fclt\u00fcr\u00fcne y\u00f6nelik sistematik bir inkar ve asimilasyon politikalar\u0131ndan sonra, \u00f6zellikle\u00a0 \u00e7\u00f6z\u00fcm s\u00fcreci ile birlikte kamusal alanda K\u00fcrt\u00e7e\u2019nin kullan\u0131m\u0131 \u00f6n\u00fcndeki engellemelerden k\u0131smende olsa vazge\u00e7ilmi\u015ftir. Yeterli g\u00f6r\u00fclmemekle birlikte, ana dilde savunma hakk\u0131na y\u00f6nelik yasal d\u00fczenlemenin yap\u0131lm\u0131\u015f olmas\u0131, ba\u015fta Mardin Artuklu \u00dcniversitesi olmak \u00fczere bir k\u0131s\u0131m \u00fcniversitelerde K\u00fcrt Dili ve Edebiyat\u0131 [&hellip;]<\/p>\n","protected":false},"author":7,"featured_media":64448,"comment_status":"open","ping_status":"open","sticky":false,"template":"","format":"standard","meta":{"footnotes":""},"categories":[1,53],"tags":[],"class_list":["post-64447","post","type-post","status-publish","format-standard","has-post-thumbnail","hentry","category-haberler","category-turkiyede-azinliklar"],"yoast_head":"<!-- This site is optimized with the Yoast SEO plugin v27.4 - https:\/\/yoast.com\/product\/yoast-seo-wordpress\/ -->\n<title>Bilinmeyen Bir Dil De\u011fil; K\u00fcrt Dili\u2026 - Bati Ermenistan Ve Bati Ermenileri Sorunlari Ara\u015ftirmalar Merkezi<\/title>\n<meta name=\"robots\" content=\"index, follow, max-snippet:-1, max-image-preview:large, max-video-preview:-1\" \/>\n<link rel=\"canonical\" href=\"https:\/\/akunq.net\/tr\/?p=64447\" \/>\n<meta property=\"og:locale\" content=\"en_US\" \/>\n<meta property=\"og:type\" content=\"article\" \/>\n<meta property=\"og:title\" content=\"Bilinmeyen Bir Dil De\u011fil; K\u00fcrt Dili\u2026 - Bati Ermenistan Ve Bati Ermenileri Sorunlari Ara\u015ftirmalar Merkezi\" \/>\n<meta property=\"og:description\" content=\"Uzun y\u0131llar K\u00fcrt Dilinin kullan\u0131m\u0131\u00a0 ve \u00a0K\u00fcrt K\u00fclt\u00fcr\u00fcne y\u00f6nelik sistematik bir inkar ve asimilasyon politikalar\u0131ndan sonra, \u00f6zellikle\u00a0 \u00e7\u00f6z\u00fcm s\u00fcreci ile birlikte kamusal alanda K\u00fcrt\u00e7e\u2019nin kullan\u0131m\u0131 \u00f6n\u00fcndeki engellemelerden k\u0131smende olsa vazge\u00e7ilmi\u015ftir. Yeterli g\u00f6r\u00fclmemekle birlikte, ana dilde savunma hakk\u0131na y\u00f6nelik yasal d\u00fczenlemenin yap\u0131lm\u0131\u015f olmas\u0131, ba\u015fta Mardin Artuklu \u00dcniversitesi olmak \u00fczere bir k\u0131s\u0131m \u00fcniversitelerde K\u00fcrt Dili ve Edebiyat\u0131 [&hellip;]\" \/>\n<meta property=\"og:url\" content=\"https:\/\/akunq.net\/tr\/?p=64447\" \/>\n<meta property=\"og:site_name\" content=\"Bati Ermenistan Ve Bati Ermenileri Sorunlari Ara\u015ftirmalar Merkezi\" \/>\n<meta property=\"article:published_time\" content=\"2021-08-27T10:45:03+00:00\" \/>\n<meta property=\"og:image\" content=\"https:\/\/akunq.net\/tr\/wp-content\/uploads\/sites\/6\/2021\/08\/\u0534\u056b\u0561\u0580\u0562\u0565\u0584\u056b\u0580\u056b-\u0583\u0561\u057d\u057f\u0561\u0562\u0561\u0576\u0576\u0565\u0580\u056b-\u057a\u0561\u056c\u0561\u057f.jpg\" \/>\n\t<meta property=\"og:image:width\" content=\"752\" \/>\n\t<meta property=\"og:image:height\" content=\"472\" \/>\n\t<meta property=\"og:image:type\" content=\"image\/jpeg\" \/>\n<meta name=\"author\" content=\"admin\" \/>\n<meta name=\"twitter:card\" content=\"summary_large_image\" \/>\n<meta name=\"twitter:label1\" content=\"Written by\" \/>\n\t<meta name=\"twitter:data1\" content=\"admin\" \/>\n\t<meta name=\"twitter:label2\" content=\"Est. reading time\" \/>\n\t<meta name=\"twitter:data2\" content=\"2 minutes\" \/>\n<script type=\"application\/ld+json\" class=\"yoast-schema-graph\">{\"@context\":\"https:\\\/\\\/schema.org\",\"@graph\":[{\"@type\":\"Article\",\"@id\":\"https:\\\/\\\/akunq.net\\\/tr\\\/?p=64447#article\",\"isPartOf\":{\"@id\":\"https:\\\/\\\/akunq.net\\\/tr\\\/?p=64447\"},\"author\":{\"name\":\"admin\",\"@id\":\"https:\\\/\\\/akunq.net\\\/tr\\\/#\\\/schema\\\/person\\\/096f1d38a12cce57fb855b485ed24c9e\"},\"headline\":\"Bilinmeyen Bir Dil De\u011fil; K\u00fcrt Dili\u2026\",\"datePublished\":\"2021-08-27T10:45:03+00:00\",\"mainEntityOfPage\":{\"@id\":\"https:\\\/\\\/akunq.net\\\/tr\\\/?p=64447\"},\"wordCount\":424,\"commentCount\":0,\"image\":{\"@id\":\"https:\\\/\\\/akunq.net\\\/tr\\\/?p=64447#primaryimage\"},\"thumbnailUrl\":\"https:\\\/\\\/akunq.net\\\/tr\\\/wp-content\\\/uploads\\\/sites\\\/6\\\/2021\\\/08\\\/\u0534\u056b\u0561\u0580\u0562\u0565\u0584\u056b\u0580\u056b-\u0583\u0561\u057d\u057f\u0561\u0562\u0561\u0576\u0576\u0565\u0580\u056b-\u057a\u0561\u056c\u0561\u057f.jpg\",\"articleSection\":[\"Haberler\",\"T\u00fcrkiye\u2019de Az\u0131nl\u0131klar\"],\"inLanguage\":\"en-US\",\"potentialAction\":[{\"@type\":\"CommentAction\",\"name\":\"Comment\",\"target\":[\"https:\\\/\\\/akunq.net\\\/tr\\\/?p=64447#respond\"]}]},{\"@type\":\"WebPage\",\"@id\":\"https:\\\/\\\/akunq.net\\\/tr\\\/?p=64447\",\"url\":\"https:\\\/\\\/akunq.net\\\/tr\\\/?p=64447\",\"name\":\"Bilinmeyen Bir Dil De\u011fil; K\u00fcrt Dili\u2026 - Bati Ermenistan Ve Bati Ermenileri Sorunlari Ara\u015ftirmalar Merkezi\",\"isPartOf\":{\"@id\":\"https:\\\/\\\/akunq.net\\\/tr\\\/#website\"},\"primaryImageOfPage\":{\"@id\":\"https:\\\/\\\/akunq.net\\\/tr\\\/?p=64447#primaryimage\"},\"image\":{\"@id\":\"https:\\\/\\\/akunq.net\\\/tr\\\/?p=64447#primaryimage\"},\"thumbnailUrl\":\"https:\\\/\\\/akunq.net\\\/tr\\\/wp-content\\\/uploads\\\/sites\\\/6\\\/2021\\\/08\\\/\u0534\u056b\u0561\u0580\u0562\u0565\u0584\u056b\u0580\u056b-\u0583\u0561\u057d\u057f\u0561\u0562\u0561\u0576\u0576\u0565\u0580\u056b-\u057a\u0561\u056c\u0561\u057f.jpg\",\"datePublished\":\"2021-08-27T10:45:03+00:00\",\"author\":{\"@id\":\"https:\\\/\\\/akunq.net\\\/tr\\\/#\\\/schema\\\/person\\\/096f1d38a12cce57fb855b485ed24c9e\"},\"breadcrumb\":{\"@id\":\"https:\\\/\\\/akunq.net\\\/tr\\\/?p=64447#breadcrumb\"},\"inLanguage\":\"en-US\",\"potentialAction\":[{\"@type\":\"ReadAction\",\"target\":[\"https:\\\/\\\/akunq.net\\\/tr\\\/?p=64447\"]}]},{\"@type\":\"ImageObject\",\"inLanguage\":\"en-US\",\"@id\":\"https:\\\/\\\/akunq.net\\\/tr\\\/?p=64447#primaryimage\",\"url\":\"https:\\\/\\\/akunq.net\\\/tr\\\/wp-content\\\/uploads\\\/sites\\\/6\\\/2021\\\/08\\\/\u0534\u056b\u0561\u0580\u0562\u0565\u0584\u056b\u0580\u056b-\u0583\u0561\u057d\u057f\u0561\u0562\u0561\u0576\u0576\u0565\u0580\u056b-\u057a\u0561\u056c\u0561\u057f.jpg\",\"contentUrl\":\"https:\\\/\\\/akunq.net\\\/tr\\\/wp-content\\\/uploads\\\/sites\\\/6\\\/2021\\\/08\\\/\u0534\u056b\u0561\u0580\u0562\u0565\u0584\u056b\u0580\u056b-\u0583\u0561\u057d\u057f\u0561\u0562\u0561\u0576\u0576\u0565\u0580\u056b-\u057a\u0561\u056c\u0561\u057f.jpg\",\"width\":752,\"height\":472},{\"@type\":\"BreadcrumbList\",\"@id\":\"https:\\\/\\\/akunq.net\\\/tr\\\/?p=64447#breadcrumb\",\"itemListElement\":[{\"@type\":\"ListItem\",\"position\":1,\"name\":\"Home\",\"item\":\"https:\\\/\\\/akunq.net\\\/tr\"},{\"@type\":\"ListItem\",\"position\":2,\"name\":\"Bilinmeyen Bir Dil De\u011fil; K\u00fcrt Dili\u2026\"}]},{\"@type\":\"WebSite\",\"@id\":\"https:\\\/\\\/akunq.net\\\/tr\\\/#website\",\"url\":\"https:\\\/\\\/akunq.net\\\/tr\\\/\",\"name\":\"Bati Ermenistan Ve Bati Ermenileri Sorunlari Ara\u015ftirmalar Merkezi\",\"description\":\"\",\"potentialAction\":[{\"@type\":\"SearchAction\",\"target\":{\"@type\":\"EntryPoint\",\"urlTemplate\":\"https:\\\/\\\/akunq.net\\\/tr\\\/?s={search_term_string}\"},\"query-input\":{\"@type\":\"PropertyValueSpecification\",\"valueRequired\":true,\"valueName\":\"search_term_string\"}}],\"inLanguage\":\"en-US\"},{\"@type\":\"Person\",\"@id\":\"https:\\\/\\\/akunq.net\\\/tr\\\/#\\\/schema\\\/person\\\/096f1d38a12cce57fb855b485ed24c9e\",\"name\":\"admin\",\"url\":\"https:\\\/\\\/akunq.net\\\/tr\\\/?author=7\"}]}<\/script>\n<!-- \/ Yoast SEO plugin. -->","yoast_head_json":{"title":"Bilinmeyen Bir Dil De\u011fil; K\u00fcrt Dili\u2026 - Bati Ermenistan Ve Bati Ermenileri Sorunlari Ara\u015ftirmalar Merkezi","robots":{"index":"index","follow":"follow","max-snippet":"max-snippet:-1","max-image-preview":"max-image-preview:large","max-video-preview":"max-video-preview:-1"},"canonical":"https:\/\/akunq.net\/tr\/?p=64447","og_locale":"en_US","og_type":"article","og_title":"Bilinmeyen Bir Dil De\u011fil; K\u00fcrt Dili\u2026 - Bati Ermenistan Ve Bati Ermenileri Sorunlari Ara\u015ftirmalar Merkezi","og_description":"Uzun y\u0131llar K\u00fcrt Dilinin kullan\u0131m\u0131\u00a0 ve \u00a0K\u00fcrt K\u00fclt\u00fcr\u00fcne y\u00f6nelik sistematik bir inkar ve asimilasyon politikalar\u0131ndan sonra, \u00f6zellikle\u00a0 \u00e7\u00f6z\u00fcm s\u00fcreci ile birlikte kamusal alanda K\u00fcrt\u00e7e\u2019nin kullan\u0131m\u0131 \u00f6n\u00fcndeki engellemelerden k\u0131smende olsa vazge\u00e7ilmi\u015ftir. Yeterli g\u00f6r\u00fclmemekle birlikte, ana dilde savunma hakk\u0131na y\u00f6nelik yasal d\u00fczenlemenin yap\u0131lm\u0131\u015f olmas\u0131, ba\u015fta Mardin Artuklu \u00dcniversitesi olmak \u00fczere bir k\u0131s\u0131m \u00fcniversitelerde K\u00fcrt Dili ve Edebiyat\u0131 [&hellip;]","og_url":"https:\/\/akunq.net\/tr\/?p=64447","og_site_name":"Bati Ermenistan Ve Bati Ermenileri Sorunlari Ara\u015ftirmalar Merkezi","article_published_time":"2021-08-27T10:45:03+00:00","og_image":[{"width":752,"height":472,"url":"https:\/\/akunq.net\/tr\/wp-content\/uploads\/sites\/6\/2021\/08\/\u0534\u056b\u0561\u0580\u0562\u0565\u0584\u056b\u0580\u056b-\u0583\u0561\u057d\u057f\u0561\u0562\u0561\u0576\u0576\u0565\u0580\u056b-\u057a\u0561\u056c\u0561\u057f.jpg","type":"image\/jpeg"}],"author":"admin","twitter_card":"summary_large_image","twitter_misc":{"Written by":"admin","Est. reading time":"2 minutes"},"schema":{"@context":"https:\/\/schema.org","@graph":[{"@type":"Article","@id":"https:\/\/akunq.net\/tr\/?p=64447#article","isPartOf":{"@id":"https:\/\/akunq.net\/tr\/?p=64447"},"author":{"name":"admin","@id":"https:\/\/akunq.net\/tr\/#\/schema\/person\/096f1d38a12cce57fb855b485ed24c9e"},"headline":"Bilinmeyen Bir Dil De\u011fil; K\u00fcrt Dili\u2026","datePublished":"2021-08-27T10:45:03+00:00","mainEntityOfPage":{"@id":"https:\/\/akunq.net\/tr\/?p=64447"},"wordCount":424,"commentCount":0,"image":{"@id":"https:\/\/akunq.net\/tr\/?p=64447#primaryimage"},"thumbnailUrl":"https:\/\/akunq.net\/tr\/wp-content\/uploads\/sites\/6\/2021\/08\/\u0534\u056b\u0561\u0580\u0562\u0565\u0584\u056b\u0580\u056b-\u0583\u0561\u057d\u057f\u0561\u0562\u0561\u0576\u0576\u0565\u0580\u056b-\u057a\u0561\u056c\u0561\u057f.jpg","articleSection":["Haberler","T\u00fcrkiye\u2019de Az\u0131nl\u0131klar"],"inLanguage":"en-US","potentialAction":[{"@type":"CommentAction","name":"Comment","target":["https:\/\/akunq.net\/tr\/?p=64447#respond"]}]},{"@type":"WebPage","@id":"https:\/\/akunq.net\/tr\/?p=64447","url":"https:\/\/akunq.net\/tr\/?p=64447","name":"Bilinmeyen Bir Dil De\u011fil; K\u00fcrt Dili\u2026 - Bati Ermenistan Ve Bati Ermenileri Sorunlari Ara\u015ftirmalar Merkezi","isPartOf":{"@id":"https:\/\/akunq.net\/tr\/#website"},"primaryImageOfPage":{"@id":"https:\/\/akunq.net\/tr\/?p=64447#primaryimage"},"image":{"@id":"https:\/\/akunq.net\/tr\/?p=64447#primaryimage"},"thumbnailUrl":"https:\/\/akunq.net\/tr\/wp-content\/uploads\/sites\/6\/2021\/08\/\u0534\u056b\u0561\u0580\u0562\u0565\u0584\u056b\u0580\u056b-\u0583\u0561\u057d\u057f\u0561\u0562\u0561\u0576\u0576\u0565\u0580\u056b-\u057a\u0561\u056c\u0561\u057f.jpg","datePublished":"2021-08-27T10:45:03+00:00","author":{"@id":"https:\/\/akunq.net\/tr\/#\/schema\/person\/096f1d38a12cce57fb855b485ed24c9e"},"breadcrumb":{"@id":"https:\/\/akunq.net\/tr\/?p=64447#breadcrumb"},"inLanguage":"en-US","potentialAction":[{"@type":"ReadAction","target":["https:\/\/akunq.net\/tr\/?p=64447"]}]},{"@type":"ImageObject","inLanguage":"en-US","@id":"https:\/\/akunq.net\/tr\/?p=64447#primaryimage","url":"https:\/\/akunq.net\/tr\/wp-content\/uploads\/sites\/6\/2021\/08\/\u0534\u056b\u0561\u0580\u0562\u0565\u0584\u056b\u0580\u056b-\u0583\u0561\u057d\u057f\u0561\u0562\u0561\u0576\u0576\u0565\u0580\u056b-\u057a\u0561\u056c\u0561\u057f.jpg","contentUrl":"https:\/\/akunq.net\/tr\/wp-content\/uploads\/sites\/6\/2021\/08\/\u0534\u056b\u0561\u0580\u0562\u0565\u0584\u056b\u0580\u056b-\u0583\u0561\u057d\u057f\u0561\u0562\u0561\u0576\u0576\u0565\u0580\u056b-\u057a\u0561\u056c\u0561\u057f.jpg","width":752,"height":472},{"@type":"BreadcrumbList","@id":"https:\/\/akunq.net\/tr\/?p=64447#breadcrumb","itemListElement":[{"@type":"ListItem","position":1,"name":"Home","item":"https:\/\/akunq.net\/tr"},{"@type":"ListItem","position":2,"name":"Bilinmeyen Bir Dil De\u011fil; K\u00fcrt Dili\u2026"}]},{"@type":"WebSite","@id":"https:\/\/akunq.net\/tr\/#website","url":"https:\/\/akunq.net\/tr\/","name":"Bati Ermenistan Ve Bati Ermenileri Sorunlari Ara\u015ftirmalar Merkezi","description":"","potentialAction":[{"@type":"SearchAction","target":{"@type":"EntryPoint","urlTemplate":"https:\/\/akunq.net\/tr\/?s={search_term_string}"},"query-input":{"@type":"PropertyValueSpecification","valueRequired":true,"valueName":"search_term_string"}}],"inLanguage":"en-US"},{"@type":"Person","@id":"https:\/\/akunq.net\/tr\/#\/schema\/person\/096f1d38a12cce57fb855b485ed24c9e","name":"admin","url":"https:\/\/akunq.net\/tr\/?author=7"}]}},"_links":{"self":[{"href":"https:\/\/akunq.net\/tr\/index.php?rest_route=\/wp\/v2\/posts\/64447","targetHints":{"allow":["GET"]}}],"collection":[{"href":"https:\/\/akunq.net\/tr\/index.php?rest_route=\/wp\/v2\/posts"}],"about":[{"href":"https:\/\/akunq.net\/tr\/index.php?rest_route=\/wp\/v2\/types\/post"}],"author":[{"embeddable":true,"href":"https:\/\/akunq.net\/tr\/index.php?rest_route=\/wp\/v2\/users\/7"}],"replies":[{"embeddable":true,"href":"https:\/\/akunq.net\/tr\/index.php?rest_route=%2Fwp%2Fv2%2Fcomments&post=64447"}],"version-history":[{"count":1,"href":"https:\/\/akunq.net\/tr\/index.php?rest_route=\/wp\/v2\/posts\/64447\/revisions"}],"predecessor-version":[{"id":64449,"href":"https:\/\/akunq.net\/tr\/index.php?rest_route=\/wp\/v2\/posts\/64447\/revisions\/64449"}],"wp:featuredmedia":[{"embeddable":true,"href":"https:\/\/akunq.net\/tr\/index.php?rest_route=\/wp\/v2\/media\/64448"}],"wp:attachment":[{"href":"https:\/\/akunq.net\/tr\/index.php?rest_route=%2Fwp%2Fv2%2Fmedia&parent=64447"}],"wp:term":[{"taxonomy":"category","embeddable":true,"href":"https:\/\/akunq.net\/tr\/index.php?rest_route=%2Fwp%2Fv2%2Fcategories&post=64447"},{"taxonomy":"post_tag","embeddable":true,"href":"https:\/\/akunq.net\/tr\/index.php?rest_route=%2Fwp%2Fv2%2Ftags&post=64447"}],"curies":[{"name":"wp","href":"https:\/\/api.w.org\/{rel}","templated":true}]}}