{"id":64430,"date":"2021-08-26T04:52:23","date_gmt":"2021-08-26T09:52:23","guid":{"rendered":"https:\/\/akunq.net\/tr\/?p=64430"},"modified":"2021-08-26T04:52:23","modified_gmt":"2021-08-26T09:52:23","slug":"ermeni-mezarligi-talan-edildi-gozyaslari-icinde-etrafa-sacilan-kemikleri-topraga-gomdu","status":"publish","type":"post","link":"https:\/\/akunq.net\/tr\/?p=64430","title":{"rendered":"Ermeni mezarl\u0131\u011f\u0131 talan edildi: G\u00f6zya\u015flar\u0131 i\u00e7inde etrafa sa\u00e7\u0131lan kemikleri topra\u011fa g\u00f6md\u00fc"},"content":{"rendered":"<p><img loading=\"lazy\" decoding=\"async\" class=\"aligncenter size-medium wp-image-64431\" src=\"https:\/\/akunq.net\/tr\/wp-content\/uploads\/2021\/08\/Gayane-Gevorgyan-360x242.jpg\" alt=\"\" width=\"360\" height=\"242\" srcset=\"https:\/\/akunq.net\/tr\/wp-content\/uploads\/sites\/6\/2021\/08\/Gayane-Gevorgyan-360x242.jpg 360w, https:\/\/akunq.net\/tr\/wp-content\/uploads\/sites\/6\/2021\/08\/Gayane-Gevorgyan-560x377.jpg 560w, https:\/\/akunq.net\/tr\/wp-content\/uploads\/sites\/6\/2021\/08\/Gayane-Gevorgyan-260x175.jpg 260w, https:\/\/akunq.net\/tr\/wp-content\/uploads\/sites\/6\/2021\/08\/Gayane-Gevorgyan-160x108.jpg 160w, https:\/\/akunq.net\/tr\/wp-content\/uploads\/sites\/6\/2021\/08\/Gayane-Gevorgyan.jpg 750w\" sizes=\"auto, (max-width: 360px) 100vw, 360px\" \/><\/p>\n<p class=\"entry-title\"><em style=\"letter-spacing: 0.05em;\"><strong>HABER MERKEZ\u0130 \u2013 Van\u2019da yerle bir edilen Ermeni mezarl\u0131\u011f\u0131n\u0131 ziyaret eden Gayane Gevorgyan, etrafa sa\u00e7\u0131lan kemikleri g\u00f6zya\u015flar\u0131yla topra\u011fa g\u00f6merek, \u201cHi\u00e7 olmazsa \u00f6l\u00fclere sayg\u0131l\u0131 olun\u201d dedi.<\/strong><\/em><\/p>\n<div class=\"vw-post-content clearfix\">\n<p><span id=\"more-241885\"><\/span>Van\u2019\u0131n Tu\u015fba il\u00e7esine ba\u011fl\u0131 olan ve Lezk ad\u0131yla bilinen Kalecik Mahallesi\u2019ndeki Ermeni mezarl\u0131\u011f\u0131, ge\u00e7ti\u011fimiz g\u00fcnlerde arsa sahibi oldu\u011fu iddia edilen bir ki\u015fi taraf\u0131ndan i\u015f makineleriyle yerle bir edildi.<\/p>\n<p>Mezar ta\u015flar\u0131n\u0131n \u00fczerine toprak d\u00f6k\u00fcl\u00fcrken, mezarl\u0131kta bulunan baz\u0131 kemikler ortal\u0131\u011fa sa\u00e7\u0131ld\u0131.<\/p>\n<p>1915 y\u0131l\u0131nda ya\u015fanan soyk\u0131r\u0131m s\u00fcrecinde Geva\u015f il\u00e7esinden Ermenistan\u2019a g\u00f6\u00e7mek etmek zorunda kalan ve daha sonra soyk\u0131r\u0131m\u0131n y\u00fcz\u00fcnc\u00fc y\u0131l\u0131nda tekrardan ailesinin ya\u015fad\u0131\u011f\u0131 Van\u2019a yerle\u015fen Gayane Gevorgyan, i\u015f makineleriyle yerle bir edilen mezarl\u0131\u011f\u0131 ziyaret etti.<\/p>\n<p>Mezopotamya Ajans\u0131\u2019ndan Dindar Karata\u015f\u2019\u0131n haberine g\u00f6re, Gevorgyan, ziyaret s\u0131ras\u0131nda etrafa sa\u00e7\u0131lan kemikleri elleriyle topra\u011fa tekrardan g\u00f6md\u00fc.<\/p>\n<p><strong>\u00d6l\u00fclere sayg\u0131<\/strong><\/p>\n<p>Ziyarette g\u00f6zya\u015flar\u0131na hakim olamayan Gevorgyan, yakla\u015f\u0131k 6 y\u0131ld\u0131r kentte ya\u015famas\u0131na ra\u011fmen b\u00f6ylesi bir olayla ilk defa kar\u015f\u0131la\u015ft\u0131\u011f\u0131n\u0131 s\u00f6yledi.<\/p>\n<p>Soyk\u0131r\u0131m d\u00f6neminde g\u00f6\u00e7 etmek zorunda kalan Ermenilerin mezarlar\u0131n\u0131n da \u015fu an yok edilmek istendi\u011fine dikkati \u00e7eken Gevorgyan, s\u00f6zlerini \u015f\u00f6yle s\u00fcrd\u00fcrd\u00fc:<\/p>\n<blockquote><p>Bana s\u00fcrekli \u2018Ermeni misin?\u2019 Ne g\u00fczel! Ke\u015fke gitmeselerdi buralar cennet oluyordu\u2019 diyorlar. Buyurun bir de buraya bak\u0131n. Cennet mi yoksa cehennem mi karar verin. Bir\u00e7ok Ermeni hala dedelerinin yerini, mezarlar\u0131n\u0131 ar\u0131yorlar. Hollanda\u2019dan d\u00fcn beni arayan bir kad\u0131n, dedesinin ya\u015fad\u0131\u011f\u0131 k\u00f6y\u00fcn ismini s\u00f6yledi. Ara\u015ft\u0131rd\u0131m, Erci\u015f\u2019te \u00e7\u0131kt\u0131. O kad\u0131n\u0131n babas\u0131, k\u0131z\u0131ndan dedesinin mezar\u0131n\u0131 bulmas\u0131n\u0131 rica etmi\u015f. Buraya gelecek olanlar da bir g\u00fcn \u2018burada dedelerimizin mezar\u0131 vard\u0131\u2019 derler, ama gelip b\u00f6yle bir manzarayla kar\u015f\u0131la\u015facaklar. Hi\u00e7 olmazsa \u00f6l\u00fcl\u00fclere sayg\u0131l\u0131 olsunlar.<\/p><\/blockquote>\n<p><strong>Asla unutmam<\/strong><\/p>\n<p>Kaz\u0131lan yerlere evlerin yap\u0131laca\u011f\u0131n\u0131 belirten Gevorgyan, mezarlar\u0131n \u00fczerine ev in\u015fa edilmemesi gerekti\u011fini vurgulayarak, \u015funlar\u0131 s\u00f6yledi:<\/p>\n<blockquote><p>\u0130\u00e7im kan a\u011fl\u0131yor. Ayn\u0131s\u0131 Azerbaycan\u2019da Ermeni mezarlar\u0131na yap\u0131l\u0131yor. Van halk\u0131ndan ricam art\u0131k mezar ve kiliseleri kazmas\u0131nlar. Ayakta dursun ki gelen Ermeniler \u00fcst\u00fcnde bir mum yaks\u0131n, dua etsin, ziyaret etsin. Bu \u00e7ok ac\u0131 bir durum. Asla unutmam. Mezarl\u0131\u011f\u0131n ilk defa makinelerle kaz\u0131lmas\u0131n\u0131 g\u00f6rd\u00fcm ve bana \u00e7ok ac\u0131 verdi. Kim karar verdiyse ona sormak istiyorum; Kendi mezarlar\u0131 olsa ne tepki verirlerdi?<\/p><\/blockquote>\n<hr \/>\n<h3><a href=\"https:\/\/gazetekarinca.com\/2021\/08\/ermeni-mezarligina-is-makineleri-girdi-kemikler-ortaliga-sacildi\/\">Ermeni mezarl\u0131\u011f\u0131na i\u015f makineleri girdi, kemikler ortal\u0131\u011fa sa\u00e7\u0131ld\u0131<\/a><\/h3>\n<div class=\"wp-video\">\n<div id=\"mep_0\" class=\"mejs-container mejs-container-keyboard-inactive wp-video-shortcode mejs-video\" tabindex=\"0\" role=\"application\" aria-label=\"Video oynat\u0131c\u0131\">\n<div class=\"mejs-inner\">\n<div class=\"mejs-mediaelement\"><video id=\"video-241885-1_html5\" class=\"wp-video-shortcode\" src=\"https:\/\/gazetekarinca.com\/wp-content\/uploads\/2021\/08\/twittericin.mp4?_=1\" preload=\"metadata\" width=\"1140\" height=\"641\" data-mce-fragment=\"1\"><\/video><\/div>\n<div class=\"mejs-layers\">\n<div class=\"mejs-overlay mejs-layer mejs-overlay-play\">\n<div class=\"mejs-overlay-button\" tabindex=\"0\" role=\"button\" aria-label=\"Oynat\" aria-pressed=\"false\"><\/div>\n<\/div>\n<\/div>\n<div class=\"mejs-controls\">\n<div class=\"mejs-time mejs-currenttime-container\" role=\"timer\" aria-live=\"off\"><em><strong>https:\/\/gazetekarinca.com\/2021\/08\/ermeni-mezarligi-talan-edildi-gozyaslari-icinde-etrafa-sacilan-kemikleri-topraga-gomdu\/\u00a0<\/strong><\/em><\/div>\n<\/div>\n<\/div>\n<\/div>\n<\/div>\n<\/div>\n","protected":false},"excerpt":{"rendered":"<p>HABER MERKEZ\u0130 \u2013 Van\u2019da yerle bir edilen Ermeni mezarl\u0131\u011f\u0131n\u0131 ziyaret eden Gayane Gevorgyan, etrafa sa\u00e7\u0131lan kemikleri g\u00f6zya\u015flar\u0131yla topra\u011fa g\u00f6merek, \u201cHi\u00e7 olmazsa \u00f6l\u00fclere sayg\u0131l\u0131 olun\u201d dedi. Van\u2019\u0131n Tu\u015fba il\u00e7esine ba\u011fl\u0131 olan ve Lezk ad\u0131yla bilinen Kalecik Mahallesi\u2019ndeki Ermeni mezarl\u0131\u011f\u0131, ge\u00e7ti\u011fimiz g\u00fcnlerde arsa sahibi oldu\u011fu iddia edilen bir ki\u015fi taraf\u0131ndan i\u015f makineleriyle yerle bir edildi. Mezar ta\u015flar\u0131n\u0131n [&hellip;]<\/p>\n","protected":false},"author":7,"featured_media":64431,"comment_status":"open","ping_status":"open","sticky":false,"template":"","format":"standard","meta":{"footnotes":""},"categories":[22,1],"tags":[],"class_list":["post-64430","post","type-post","status-publish","format-standard","has-post-thumbnail","hentry","category-gunumuzde-bati-ermenistan","category-haberler"],"yoast_head":"<!-- This site is optimized with the Yoast SEO plugin v27.4 - https:\/\/yoast.com\/product\/yoast-seo-wordpress\/ -->\n<title>Ermeni mezarl\u0131\u011f\u0131 talan edildi: G\u00f6zya\u015flar\u0131 i\u00e7inde etrafa sa\u00e7\u0131lan kemikleri topra\u011fa g\u00f6md\u00fc - Bati Ermenistan Ve Bati Ermenileri Sorunlari Ara\u015ftirmalar Merkezi<\/title>\n<meta name=\"robots\" content=\"index, follow, max-snippet:-1, max-image-preview:large, max-video-preview:-1\" \/>\n<link rel=\"canonical\" href=\"https:\/\/akunq.net\/tr\/?p=64430\" \/>\n<meta property=\"og:locale\" content=\"en_US\" \/>\n<meta property=\"og:type\" content=\"article\" \/>\n<meta property=\"og:title\" content=\"Ermeni mezarl\u0131\u011f\u0131 talan edildi: G\u00f6zya\u015flar\u0131 i\u00e7inde etrafa sa\u00e7\u0131lan kemikleri topra\u011fa g\u00f6md\u00fc - Bati Ermenistan Ve Bati Ermenileri Sorunlari Ara\u015ftirmalar Merkezi\" \/>\n<meta property=\"og:description\" content=\"HABER MERKEZ\u0130 \u2013 Van\u2019da yerle bir edilen Ermeni mezarl\u0131\u011f\u0131n\u0131 ziyaret eden Gayane Gevorgyan, etrafa sa\u00e7\u0131lan kemikleri g\u00f6zya\u015flar\u0131yla topra\u011fa g\u00f6merek, \u201cHi\u00e7 olmazsa \u00f6l\u00fclere sayg\u0131l\u0131 olun\u201d dedi. Van\u2019\u0131n Tu\u015fba il\u00e7esine ba\u011fl\u0131 olan ve Lezk ad\u0131yla bilinen Kalecik Mahallesi\u2019ndeki Ermeni mezarl\u0131\u011f\u0131, ge\u00e7ti\u011fimiz g\u00fcnlerde arsa sahibi oldu\u011fu iddia edilen bir ki\u015fi taraf\u0131ndan i\u015f makineleriyle yerle bir edildi. Mezar ta\u015flar\u0131n\u0131n [&hellip;]\" \/>\n<meta property=\"og:url\" content=\"https:\/\/akunq.net\/tr\/?p=64430\" \/>\n<meta property=\"og:site_name\" content=\"Bati Ermenistan Ve Bati Ermenileri Sorunlari Ara\u015ftirmalar Merkezi\" \/>\n<meta property=\"article:published_time\" content=\"2021-08-26T09:52:23+00:00\" \/>\n<meta property=\"og:image\" content=\"https:\/\/akunq.net\/tr\/wp-content\/uploads\/sites\/6\/2021\/08\/Gayane-Gevorgyan.jpg\" \/>\n\t<meta property=\"og:image:width\" content=\"750\" \/>\n\t<meta property=\"og:image:height\" content=\"505\" \/>\n\t<meta property=\"og:image:type\" content=\"image\/jpeg\" \/>\n<meta name=\"author\" content=\"admin\" \/>\n<meta name=\"twitter:card\" content=\"summary_large_image\" \/>\n<meta name=\"twitter:label1\" content=\"Written by\" \/>\n\t<meta name=\"twitter:data1\" content=\"admin\" \/>\n\t<meta name=\"twitter:label2\" content=\"Est. reading time\" \/>\n\t<meta name=\"twitter:data2\" content=\"2 minutes\" \/>\n<script type=\"application\/ld+json\" class=\"yoast-schema-graph\">{\"@context\":\"https:\\\/\\\/schema.org\",\"@graph\":[{\"@type\":\"Article\",\"@id\":\"https:\\\/\\\/akunq.net\\\/tr\\\/?p=64430#article\",\"isPartOf\":{\"@id\":\"https:\\\/\\\/akunq.net\\\/tr\\\/?p=64430\"},\"author\":{\"name\":\"admin\",\"@id\":\"https:\\\/\\\/akunq.net\\\/tr\\\/#\\\/schema\\\/person\\\/096f1d38a12cce57fb855b485ed24c9e\"},\"headline\":\"Ermeni mezarl\u0131\u011f\u0131 talan edildi: G\u00f6zya\u015flar\u0131 i\u00e7inde etrafa sa\u00e7\u0131lan kemikleri topra\u011fa g\u00f6md\u00fc\",\"datePublished\":\"2021-08-26T09:52:23+00:00\",\"mainEntityOfPage\":{\"@id\":\"https:\\\/\\\/akunq.net\\\/tr\\\/?p=64430\"},\"wordCount\":471,\"commentCount\":0,\"image\":{\"@id\":\"https:\\\/\\\/akunq.net\\\/tr\\\/?p=64430#primaryimage\"},\"thumbnailUrl\":\"https:\\\/\\\/akunq.net\\\/tr\\\/wp-content\\\/uploads\\\/sites\\\/6\\\/2021\\\/08\\\/Gayane-Gevorgyan.jpg\",\"articleSection\":[\"G\u00fcn\u00fcm\u00fczde Bat\u0131 Ermenistan\",\"Haberler\"],\"inLanguage\":\"en-US\",\"potentialAction\":[{\"@type\":\"CommentAction\",\"name\":\"Comment\",\"target\":[\"https:\\\/\\\/akunq.net\\\/tr\\\/?p=64430#respond\"]}]},{\"@type\":\"WebPage\",\"@id\":\"https:\\\/\\\/akunq.net\\\/tr\\\/?p=64430\",\"url\":\"https:\\\/\\\/akunq.net\\\/tr\\\/?p=64430\",\"name\":\"Ermeni mezarl\u0131\u011f\u0131 talan edildi: G\u00f6zya\u015flar\u0131 i\u00e7inde etrafa sa\u00e7\u0131lan kemikleri topra\u011fa g\u00f6md\u00fc - Bati Ermenistan Ve Bati Ermenileri Sorunlari Ara\u015ftirmalar Merkezi\",\"isPartOf\":{\"@id\":\"https:\\\/\\\/akunq.net\\\/tr\\\/#website\"},\"primaryImageOfPage\":{\"@id\":\"https:\\\/\\\/akunq.net\\\/tr\\\/?p=64430#primaryimage\"},\"image\":{\"@id\":\"https:\\\/\\\/akunq.net\\\/tr\\\/?p=64430#primaryimage\"},\"thumbnailUrl\":\"https:\\\/\\\/akunq.net\\\/tr\\\/wp-content\\\/uploads\\\/sites\\\/6\\\/2021\\\/08\\\/Gayane-Gevorgyan.jpg\",\"datePublished\":\"2021-08-26T09:52:23+00:00\",\"author\":{\"@id\":\"https:\\\/\\\/akunq.net\\\/tr\\\/#\\\/schema\\\/person\\\/096f1d38a12cce57fb855b485ed24c9e\"},\"breadcrumb\":{\"@id\":\"https:\\\/\\\/akunq.net\\\/tr\\\/?p=64430#breadcrumb\"},\"inLanguage\":\"en-US\",\"potentialAction\":[{\"@type\":\"ReadAction\",\"target\":[\"https:\\\/\\\/akunq.net\\\/tr\\\/?p=64430\"]}]},{\"@type\":\"ImageObject\",\"inLanguage\":\"en-US\",\"@id\":\"https:\\\/\\\/akunq.net\\\/tr\\\/?p=64430#primaryimage\",\"url\":\"https:\\\/\\\/akunq.net\\\/tr\\\/wp-content\\\/uploads\\\/sites\\\/6\\\/2021\\\/08\\\/Gayane-Gevorgyan.jpg\",\"contentUrl\":\"https:\\\/\\\/akunq.net\\\/tr\\\/wp-content\\\/uploads\\\/sites\\\/6\\\/2021\\\/08\\\/Gayane-Gevorgyan.jpg\",\"width\":750,\"height\":505},{\"@type\":\"BreadcrumbList\",\"@id\":\"https:\\\/\\\/akunq.net\\\/tr\\\/?p=64430#breadcrumb\",\"itemListElement\":[{\"@type\":\"ListItem\",\"position\":1,\"name\":\"Home\",\"item\":\"https:\\\/\\\/akunq.net\\\/tr\"},{\"@type\":\"ListItem\",\"position\":2,\"name\":\"Ermeni mezarl\u0131\u011f\u0131 talan edildi: G\u00f6zya\u015flar\u0131 i\u00e7inde etrafa sa\u00e7\u0131lan kemikleri topra\u011fa g\u00f6md\u00fc\"}]},{\"@type\":\"WebSite\",\"@id\":\"https:\\\/\\\/akunq.net\\\/tr\\\/#website\",\"url\":\"https:\\\/\\\/akunq.net\\\/tr\\\/\",\"name\":\"Bati Ermenistan Ve Bati Ermenileri Sorunlari Ara\u015ftirmalar Merkezi\",\"description\":\"\",\"potentialAction\":[{\"@type\":\"SearchAction\",\"target\":{\"@type\":\"EntryPoint\",\"urlTemplate\":\"https:\\\/\\\/akunq.net\\\/tr\\\/?s={search_term_string}\"},\"query-input\":{\"@type\":\"PropertyValueSpecification\",\"valueRequired\":true,\"valueName\":\"search_term_string\"}}],\"inLanguage\":\"en-US\"},{\"@type\":\"Person\",\"@id\":\"https:\\\/\\\/akunq.net\\\/tr\\\/#\\\/schema\\\/person\\\/096f1d38a12cce57fb855b485ed24c9e\",\"name\":\"admin\",\"url\":\"https:\\\/\\\/akunq.net\\\/tr\\\/?author=7\"}]}<\/script>\n<!-- \/ Yoast SEO plugin. -->","yoast_head_json":{"title":"Ermeni mezarl\u0131\u011f\u0131 talan edildi: G\u00f6zya\u015flar\u0131 i\u00e7inde etrafa sa\u00e7\u0131lan kemikleri topra\u011fa g\u00f6md\u00fc - Bati Ermenistan Ve Bati Ermenileri Sorunlari Ara\u015ftirmalar Merkezi","robots":{"index":"index","follow":"follow","max-snippet":"max-snippet:-1","max-image-preview":"max-image-preview:large","max-video-preview":"max-video-preview:-1"},"canonical":"https:\/\/akunq.net\/tr\/?p=64430","og_locale":"en_US","og_type":"article","og_title":"Ermeni mezarl\u0131\u011f\u0131 talan edildi: G\u00f6zya\u015flar\u0131 i\u00e7inde etrafa sa\u00e7\u0131lan kemikleri topra\u011fa g\u00f6md\u00fc - Bati Ermenistan Ve Bati Ermenileri Sorunlari Ara\u015ftirmalar Merkezi","og_description":"HABER MERKEZ\u0130 \u2013 Van\u2019da yerle bir edilen Ermeni mezarl\u0131\u011f\u0131n\u0131 ziyaret eden Gayane Gevorgyan, etrafa sa\u00e7\u0131lan kemikleri g\u00f6zya\u015flar\u0131yla topra\u011fa g\u00f6merek, \u201cHi\u00e7 olmazsa \u00f6l\u00fclere sayg\u0131l\u0131 olun\u201d dedi. Van\u2019\u0131n Tu\u015fba il\u00e7esine ba\u011fl\u0131 olan ve Lezk ad\u0131yla bilinen Kalecik Mahallesi\u2019ndeki Ermeni mezarl\u0131\u011f\u0131, ge\u00e7ti\u011fimiz g\u00fcnlerde arsa sahibi oldu\u011fu iddia edilen bir ki\u015fi taraf\u0131ndan i\u015f makineleriyle yerle bir edildi. Mezar ta\u015flar\u0131n\u0131n [&hellip;]","og_url":"https:\/\/akunq.net\/tr\/?p=64430","og_site_name":"Bati Ermenistan Ve Bati Ermenileri Sorunlari Ara\u015ftirmalar Merkezi","article_published_time":"2021-08-26T09:52:23+00:00","og_image":[{"width":750,"height":505,"url":"https:\/\/akunq.net\/tr\/wp-content\/uploads\/sites\/6\/2021\/08\/Gayane-Gevorgyan.jpg","type":"image\/jpeg"}],"author":"admin","twitter_card":"summary_large_image","twitter_misc":{"Written by":"admin","Est. reading time":"2 minutes"},"schema":{"@context":"https:\/\/schema.org","@graph":[{"@type":"Article","@id":"https:\/\/akunq.net\/tr\/?p=64430#article","isPartOf":{"@id":"https:\/\/akunq.net\/tr\/?p=64430"},"author":{"name":"admin","@id":"https:\/\/akunq.net\/tr\/#\/schema\/person\/096f1d38a12cce57fb855b485ed24c9e"},"headline":"Ermeni mezarl\u0131\u011f\u0131 talan edildi: G\u00f6zya\u015flar\u0131 i\u00e7inde etrafa sa\u00e7\u0131lan kemikleri topra\u011fa g\u00f6md\u00fc","datePublished":"2021-08-26T09:52:23+00:00","mainEntityOfPage":{"@id":"https:\/\/akunq.net\/tr\/?p=64430"},"wordCount":471,"commentCount":0,"image":{"@id":"https:\/\/akunq.net\/tr\/?p=64430#primaryimage"},"thumbnailUrl":"https:\/\/akunq.net\/tr\/wp-content\/uploads\/sites\/6\/2021\/08\/Gayane-Gevorgyan.jpg","articleSection":["G\u00fcn\u00fcm\u00fczde Bat\u0131 Ermenistan","Haberler"],"inLanguage":"en-US","potentialAction":[{"@type":"CommentAction","name":"Comment","target":["https:\/\/akunq.net\/tr\/?p=64430#respond"]}]},{"@type":"WebPage","@id":"https:\/\/akunq.net\/tr\/?p=64430","url":"https:\/\/akunq.net\/tr\/?p=64430","name":"Ermeni mezarl\u0131\u011f\u0131 talan edildi: G\u00f6zya\u015flar\u0131 i\u00e7inde etrafa sa\u00e7\u0131lan kemikleri topra\u011fa g\u00f6md\u00fc - Bati Ermenistan Ve Bati Ermenileri Sorunlari Ara\u015ftirmalar Merkezi","isPartOf":{"@id":"https:\/\/akunq.net\/tr\/#website"},"primaryImageOfPage":{"@id":"https:\/\/akunq.net\/tr\/?p=64430#primaryimage"},"image":{"@id":"https:\/\/akunq.net\/tr\/?p=64430#primaryimage"},"thumbnailUrl":"https:\/\/akunq.net\/tr\/wp-content\/uploads\/sites\/6\/2021\/08\/Gayane-Gevorgyan.jpg","datePublished":"2021-08-26T09:52:23+00:00","author":{"@id":"https:\/\/akunq.net\/tr\/#\/schema\/person\/096f1d38a12cce57fb855b485ed24c9e"},"breadcrumb":{"@id":"https:\/\/akunq.net\/tr\/?p=64430#breadcrumb"},"inLanguage":"en-US","potentialAction":[{"@type":"ReadAction","target":["https:\/\/akunq.net\/tr\/?p=64430"]}]},{"@type":"ImageObject","inLanguage":"en-US","@id":"https:\/\/akunq.net\/tr\/?p=64430#primaryimage","url":"https:\/\/akunq.net\/tr\/wp-content\/uploads\/sites\/6\/2021\/08\/Gayane-Gevorgyan.jpg","contentUrl":"https:\/\/akunq.net\/tr\/wp-content\/uploads\/sites\/6\/2021\/08\/Gayane-Gevorgyan.jpg","width":750,"height":505},{"@type":"BreadcrumbList","@id":"https:\/\/akunq.net\/tr\/?p=64430#breadcrumb","itemListElement":[{"@type":"ListItem","position":1,"name":"Home","item":"https:\/\/akunq.net\/tr"},{"@type":"ListItem","position":2,"name":"Ermeni mezarl\u0131\u011f\u0131 talan edildi: G\u00f6zya\u015flar\u0131 i\u00e7inde etrafa sa\u00e7\u0131lan kemikleri topra\u011fa g\u00f6md\u00fc"}]},{"@type":"WebSite","@id":"https:\/\/akunq.net\/tr\/#website","url":"https:\/\/akunq.net\/tr\/","name":"Bati Ermenistan Ve Bati Ermenileri Sorunlari Ara\u015ftirmalar Merkezi","description":"","potentialAction":[{"@type":"SearchAction","target":{"@type":"EntryPoint","urlTemplate":"https:\/\/akunq.net\/tr\/?s={search_term_string}"},"query-input":{"@type":"PropertyValueSpecification","valueRequired":true,"valueName":"search_term_string"}}],"inLanguage":"en-US"},{"@type":"Person","@id":"https:\/\/akunq.net\/tr\/#\/schema\/person\/096f1d38a12cce57fb855b485ed24c9e","name":"admin","url":"https:\/\/akunq.net\/tr\/?author=7"}]}},"_links":{"self":[{"href":"https:\/\/akunq.net\/tr\/index.php?rest_route=\/wp\/v2\/posts\/64430","targetHints":{"allow":["GET"]}}],"collection":[{"href":"https:\/\/akunq.net\/tr\/index.php?rest_route=\/wp\/v2\/posts"}],"about":[{"href":"https:\/\/akunq.net\/tr\/index.php?rest_route=\/wp\/v2\/types\/post"}],"author":[{"embeddable":true,"href":"https:\/\/akunq.net\/tr\/index.php?rest_route=\/wp\/v2\/users\/7"}],"replies":[{"embeddable":true,"href":"https:\/\/akunq.net\/tr\/index.php?rest_route=%2Fwp%2Fv2%2Fcomments&post=64430"}],"version-history":[{"count":1,"href":"https:\/\/akunq.net\/tr\/index.php?rest_route=\/wp\/v2\/posts\/64430\/revisions"}],"predecessor-version":[{"id":64432,"href":"https:\/\/akunq.net\/tr\/index.php?rest_route=\/wp\/v2\/posts\/64430\/revisions\/64432"}],"wp:featuredmedia":[{"embeddable":true,"href":"https:\/\/akunq.net\/tr\/index.php?rest_route=\/wp\/v2\/media\/64431"}],"wp:attachment":[{"href":"https:\/\/akunq.net\/tr\/index.php?rest_route=%2Fwp%2Fv2%2Fmedia&parent=64430"}],"wp:term":[{"taxonomy":"category","embeddable":true,"href":"https:\/\/akunq.net\/tr\/index.php?rest_route=%2Fwp%2Fv2%2Fcategories&post=64430"},{"taxonomy":"post_tag","embeddable":true,"href":"https:\/\/akunq.net\/tr\/index.php?rest_route=%2Fwp%2Fv2%2Ftags&post=64430"}],"curies":[{"name":"wp","href":"https:\/\/api.w.org\/{rel}","templated":true}]}}