{"id":64418,"date":"2021-08-26T02:06:50","date_gmt":"2021-08-26T07:06:50","guid":{"rendered":"https:\/\/akunq.net\/tr\/?p=64418"},"modified":"2021-08-26T02:09:01","modified_gmt":"2021-08-26T07:09:01","slug":"edirne-kaleicinde-maftirim-sokagi-yapilabilir-mi","status":"publish","type":"post","link":"https:\/\/akunq.net\/tr\/?p=64418","title":{"rendered":"Edirne Kalei\u00e7i&#8217;nde &#8216;Maftirim&#8217; soka\u011f\u0131 yap\u0131labilir mi?"},"content":{"rendered":"<p><img loading=\"lazy\" decoding=\"async\" class=\"aligncenter size-medium wp-image-64419\" src=\"https:\/\/akunq.net\/tr\/wp-content\/uploads\/2021\/08\/Edirne-Kalei\u00e7i\u00b4nde-\u00b4Maftirim\u00b4-soka\u011f\u0131-203x270.jpeg\" alt=\"\" width=\"203\" height=\"270\" srcset=\"https:\/\/akunq.net\/tr\/wp-content\/uploads\/sites\/6\/2021\/08\/Edirne-Kalei\u00e7i\u00b4nde-\u00b4Maftirim\u00b4-soka\u011f\u0131-203x270.jpeg 203w, https:\/\/akunq.net\/tr\/wp-content\/uploads\/sites\/6\/2021\/08\/Edirne-Kalei\u00e7i\u00b4nde-\u00b4Maftirim\u00b4-soka\u011f\u0131-768x1024.jpeg 768w, https:\/\/akunq.net\/tr\/wp-content\/uploads\/sites\/6\/2021\/08\/Edirne-Kalei\u00e7i\u00b4nde-\u00b4Maftirim\u00b4-soka\u011f\u0131-1152x1536.jpeg 1152w, https:\/\/akunq.net\/tr\/wp-content\/uploads\/sites\/6\/2021\/08\/Edirne-Kalei\u00e7i\u00b4nde-\u00b4Maftirim\u00b4-soka\u011f\u0131-560x747.jpeg 560w, https:\/\/akunq.net\/tr\/wp-content\/uploads\/sites\/6\/2021\/08\/Edirne-Kalei\u00e7i\u00b4nde-\u00b4Maftirim\u00b4-soka\u011f\u0131-260x347.jpeg 260w, https:\/\/akunq.net\/tr\/wp-content\/uploads\/sites\/6\/2021\/08\/Edirne-Kalei\u00e7i\u00b4nde-\u00b4Maftirim\u00b4-soka\u011f\u0131-160x213.jpeg 160w, https:\/\/akunq.net\/tr\/wp-content\/uploads\/sites\/6\/2021\/08\/Edirne-Kalei\u00e7i\u00b4nde-\u00b4Maftirim\u00b4-soka\u011f\u0131.jpeg 1536w\" sizes=\"auto, (max-width: 203px) 100vw, 203px\" \/><\/p>\n<p><strong>Mois GABAY\u00a0<\/strong><\/p>\n<p><em><strong>Ge\u00e7ti\u011fimiz hafta program orta\u011f\u0131m Gezmekyetmez blogunun sahibi sevgili O\u011fuz Otay ile birlikte \u00f6n\u00fcm\u00fczdeki g\u00fcnlerde ger\u00e7ekle\u015ftirece\u011fimiz \u2018Edirne Yahudi \u0130zleri\u2019\u00a0rotam\u0131z\u0131n ke\u015ffi i\u00e7in Edirne\u2019deydik. \u0130stanbul\u2019dan 2,5 saat uzakta, metrekareye d\u00fc\u015fen Osmanl\u0131 eseri a\u00e7\u0131s\u0131ndan belki de en zengin bu serhat \u015fehrimiz ne yaz\u0131k ki arzu edilen turizm potansiyelinden \u00e7ok uzak. Ziyaretimizin ilk dura\u011f\u0131 Kalei\u00e7i\u2019nin son halini bir an evvel g\u00f6rebilmek i\u00e7in heyecanlanm\u0131\u015ft\u0131m. <\/strong><\/em><\/p>\n<p>Son g\u00fcnlerde Edirneliler grubu vas\u0131tas\u0131 ile Kalei\u00e7i\u2019nde eski Yahudi evlerinden birinin otel olarak restore edildi\u011fini \u00f6\u011frenmek de heyecan\u0131m\u0131 artt\u0131rm\u0131\u015ft\u0131. Maalesef hayal k\u0131r\u0131kl\u0131\u011f\u0131na u\u011frad\u0131m. 2015 y\u0131l\u0131nda Vak\u0131flar Genel M\u00fcd\u00fcrl\u00fc\u011f\u00fc taraf\u0131ndan restorasyonu tamamlanan Edirne Sinagogunun ah\u015fap pencereleri eskimeye y\u00fcz tutmu\u015f, cilalar\u0131 \u00e7\u0131km\u0131\u015f, ancak her \u015feye ra\u011fmen etraftaki yap\u0131lardan ba\u011f\u0131ms\u0131z abidevi g\u00f6r\u00fcn\u00fcm\u00fc ile g\u00f6z kama\u015ft\u0131r\u0131yordu.<\/p>\n<p>Kalei\u00e7i sokaklar\u0131nda dola\u015ft\u0131\u011f\u0131mda senelerce restore edilmemi\u015f, \u00e7\u00f6kmeye y\u00fcz tutmu\u015f eski Yahudi evlerini g\u00f6rd\u00fck\u00e7e yine moralim bozuldu. T\u0131pk\u0131 \u0130zmir\u2019deki\u00a0<strong>Dario Moreno Soka\u011f\u0131<\/strong>\u00a0\u00f6rne\u011fi gibi sinagogun etraf\u0131ndaki tarihi sokaklar trafi\u011fe kapat\u0131l\u0131p, evler restore edilip \u2018<strong>Edirne Maftirim Soka\u011f\u0131\u2019<\/strong>\u00a0projesini ger\u00e7ekle\u015ftirmek \u00e7ok uzak bir hayal midir? Bilmeyenlerimiz i\u00e7in,16. y\u00fczy\u0131lda Edirne\u2019de Yahudi mistiklerle S\u00fbfilerin etkile\u015fiminden do\u011fan ve \u2018sonland\u0131rma\u2019 anlam\u0131na gelen Maftirim m\u00fczikleri, eski zamanlarda Mevleviler e\u015fli\u011finde T\u00fcrk tasavvuf m\u00fczi\u011fi enstr\u00fcmanlar\u0131yla icra edilmi\u015f. Eserleri notalara kaydettirerek Maftirim gelene\u011finin yok olmas\u0131n\u0131 \u00f6nleyen Hahamba\u015f\u0131 Mo\u015fe Bicerano Efendi, Atat\u00fcrk\u2019\u00fcn de yak\u0131n dostu olarak biliniyor. Sadece bu bilgiler bile Edirne\u2019mizi d\u00fcnyaya tan\u0131tmaya yeter\u2026<\/p>\n<p>Yetkililer t\u00fcm iyi niyetli \u00e7al\u0131\u015fmalara ra\u011fmen neden bu potansiyeli g\u00f6remezler? Nitekim Kalei\u00e7i\u2019nde siz sormazsan\u0131z y\u00fcr\u00fcyerek sinagoga gidebilecek hi\u00e7bir tabelaya da rastlamad\u0131m. Sadece sinagog de\u011fil 20.y\u00fczy\u0131l\u0131n Mimar Sinan\u2019\u0131 olarak sanat \u00e7evrelerinde an\u0131lan, Akdeniz Heykeli\u2019nden tan\u0131d\u0131\u011f\u0131m\u0131z\u00a0<strong>\u0130lhan Koman Evi<\/strong>nde de \u00fcnl\u00fc sanat\u00e7\u0131ya dair pek bir bilgi, tan\u0131t\u0131m g\u00f6remedim. Edirne Yahudi miras\u0131na sahip \u00e7\u0131kabilmek, sadece 16 bin kalm\u0131\u015f ve Edirne\u2019de yok denecek say\u0131daki T\u00fcrk Yahudi\u2019sinin de\u011fil, k\u00fclt\u00fcrel miras ve \u00e7o\u011fulculu\u011fa \u00f6nem veren hepimizin g\u00f6revi olmal\u0131d\u0131r.<\/p>\n<p><strong>\u201cYanyana\u201d olabilmek m\u00fcmk\u00fcn m\u00fc?\u00a0<\/strong><\/p>\n<p>Yenik\u00f6y Panayia Rum Ortodoks Kilisesi Vakf\u0131 her y\u0131l geleneksel olarak d\u00fczenledikleri Theotokia etkinlikleri kapsam\u0131nda bu sene de \u00e7ok ilgin\u00e7 bir etkinli\u011fe imza at\u0131yor. Ge\u00e7ti\u011fimiz pazar ak\u015fam\u0131 kilise avlusunda \u2018<strong>Saray\u2019da ve Kilise\u2019de Rum Bir Bestekar Hanende Zaharya<\/strong>\u2019 ad\u0131 alt\u0131nda de\u011ferli bir konser ger\u00e7ekle\u015ftiren vak\u0131f y\u00f6netimi, 28 A\u011fustos saat 18.30\u2019da da \u2018<strong>Hasretin \u0130ki Yakas\u0131<\/strong>\u2019 ismiyle Lozan M\u00fcbadilleri Vakf\u0131 Korosunu a\u011f\u0131rlay\u0131p ortak \u015fark\u0131lar\u0131 kom\u015fular\u0131na dinletecek. Bu sayd\u0131\u011f\u0131m etkinlikler i\u00e7erisinde benim de merakla bekledi\u011fim etkinlik ise 2 Eyl\u00fcl g\u00fcn\u00fc saat 18.30\u2019da ger\u00e7ekle\u015fecek. \u2018<strong>21. Y\u00fczy\u0131l Yay\u0131nc\u0131lar\u0131n\u0131n Zorluklar\u0131, D\u00f6n\u00fc\u015f\u00fcmleri ve Yeni F\u0131rsatlar: Aras, G\u00f6zlem ve \u0130stos \u00d6rne\u011fi<\/strong>\u2019 ba\u015fl\u0131\u011f\u0131 ile ger\u00e7ekle\u015fecek etkinlikte Aras Yay\u0131nc\u0131l\u0131k\u2019tan Lora Sar\u0131, G\u00f6zlem Kitap\u2019tan Gila Erbe\u015f ve \u0130stos Yay\u0131nlar\u0131\u2019ndan Foti Benlisoy Do\u00e7.Dr. Erkan Saka\u2019n\u0131n moderat\u00f6rl\u00fc\u011f\u00fcnde konu\u015facaklar.<\/p>\n<p>Yenik\u00f6y Panayia Kilisesi Vakf\u0131 Ba\u015fkan\u0131\u00a0<strong>Laki Vingas ve ekibini<\/strong>\u00a0bu yarat\u0131c\u0131 etkinlik vesilesi ile kutlamak isterim. Salg\u0131n d\u00f6neminde dijital alanda \u2018<strong>Discovering Yenik\u00f6y<\/strong>\u2019 sayfas\u0131 vas\u0131tas\u0131 ile bilgi dolu s\u00f6yle\u015filer, YouTube yay\u0131nlar\u0131 ile s\u0131n\u0131rlar\u0131 Yenik\u00f6y\u2019\u00fc a\u015fan bir\u00e7ok kitleye ula\u015fmay\u0131 ba\u015faran ekip \u015fimdi de \u00fc\u00e7 az\u0131nl\u0131k yay\u0131n organ\u0131n\u0131 ayn\u0131 masada bulu\u015fturarak \u2018Yanyana\u2019 olabilmek ad\u0131na bir ad\u0131m daha at\u0131yor. Kendi i\u00e7lerinde farkl\u0131 g\u00fcndem ve beklentileri olan, farkl\u0131 fikirlere sahip \u00fc\u00e7 ayr\u0131 az\u0131nl\u0131\u011f\u0131n bir arada projeler yapabilmeleri, ortak sorunlara beraber \u00e7\u00f6z\u00fcm \u00fcretebilmeleri ve samimi bir ileti\u015fimin \u00e7ok k\u00fclt\u00fcrl\u00fcl\u00fc\u011f\u00fc koruma ad\u0131na de\u011ferli oldu\u011funa inan\u0131yorum. Nitekim, toplumumuzun haf\u0131zas\u0131 olan kaybolan ortak k\u00fclt\u00fcrel miras\u0131m\u0131z\u0131 koruyabilmek hepimizin ancak yanyana m\u00fccadele verebilirsek ba\u015far\u0131l\u0131 olabilece\u011fimiz bir meseledir. Dilerim 2 Eyl\u00fcl\u2019deki s\u00f6yle\u015fi birlikte projeler y\u00fcr\u00fctebilmek ad\u0131na da bir ad\u0131m olur\u2026<\/p>\n<p><em><strong><a href=\"https:\/\/www.salom.com.tr\/koseyazisi-119508-edirne_kaleiciacutende_acutemaftirimacute_sokagi_yapilabilir_mi.html\">https:\/\/www.salom.com.tr\/koseyazisi-119508-edirne_kaleiciacutende_acutemaftirimacute_sokagi_yapilabilir_mi.html<\/a>\u00a0<\/strong><\/em><\/p>\n","protected":false},"excerpt":{"rendered":"<p>Mois GABAY\u00a0 Ge\u00e7ti\u011fimiz hafta program orta\u011f\u0131m Gezmekyetmez blogunun sahibi sevgili O\u011fuz Otay ile birlikte \u00f6n\u00fcm\u00fczdeki g\u00fcnlerde ger\u00e7ekle\u015ftirece\u011fimiz \u2018Edirne Yahudi \u0130zleri\u2019\u00a0rotam\u0131z\u0131n ke\u015ffi i\u00e7in Edirne\u2019deydik. \u0130stanbul\u2019dan 2,5 saat uzakta, metrekareye d\u00fc\u015fen Osmanl\u0131 eseri a\u00e7\u0131s\u0131ndan belki de en zengin bu serhat \u015fehrimiz ne yaz\u0131k ki arzu edilen turizm potansiyelinden \u00e7ok uzak. Ziyaretimizin ilk dura\u011f\u0131 Kalei\u00e7i\u2019nin son halini bir [&hellip;]<\/p>\n","protected":false},"author":7,"featured_media":64419,"comment_status":"open","ping_status":"open","sticky":false,"template":"","format":"standard","meta":{"footnotes":""},"categories":[1,53],"tags":[],"class_list":["post-64418","post","type-post","status-publish","format-standard","has-post-thumbnail","hentry","category-haberler","category-turkiyede-azinliklar"],"yoast_head":"<!-- This site is optimized with the Yoast SEO plugin v27.4 - https:\/\/yoast.com\/product\/yoast-seo-wordpress\/ -->\n<title>Edirne Kalei\u00e7i&#039;nde &#039;Maftirim&#039; soka\u011f\u0131 yap\u0131labilir mi? - Bati Ermenistan Ve Bati Ermenileri Sorunlari Ara\u015ftirmalar Merkezi<\/title>\n<meta name=\"robots\" content=\"index, follow, max-snippet:-1, max-image-preview:large, max-video-preview:-1\" \/>\n<link rel=\"canonical\" href=\"https:\/\/akunq.net\/tr\/?p=64418\" \/>\n<meta property=\"og:locale\" content=\"en_US\" \/>\n<meta property=\"og:type\" content=\"article\" \/>\n<meta property=\"og:title\" content=\"Edirne Kalei\u00e7i&#039;nde &#039;Maftirim&#039; soka\u011f\u0131 yap\u0131labilir mi? - Bati Ermenistan Ve Bati Ermenileri Sorunlari Ara\u015ftirmalar Merkezi\" \/>\n<meta property=\"og:description\" content=\"Mois GABAY\u00a0 Ge\u00e7ti\u011fimiz hafta program orta\u011f\u0131m Gezmekyetmez blogunun sahibi sevgili O\u011fuz Otay ile birlikte \u00f6n\u00fcm\u00fczdeki g\u00fcnlerde ger\u00e7ekle\u015ftirece\u011fimiz \u2018Edirne Yahudi \u0130zleri\u2019\u00a0rotam\u0131z\u0131n ke\u015ffi i\u00e7in Edirne\u2019deydik. \u0130stanbul\u2019dan 2,5 saat uzakta, metrekareye d\u00fc\u015fen Osmanl\u0131 eseri a\u00e7\u0131s\u0131ndan belki de en zengin bu serhat \u015fehrimiz ne yaz\u0131k ki arzu edilen turizm potansiyelinden \u00e7ok uzak. Ziyaretimizin ilk dura\u011f\u0131 Kalei\u00e7i\u2019nin son halini bir [&hellip;]\" \/>\n<meta property=\"og:url\" content=\"https:\/\/akunq.net\/tr\/?p=64418\" \/>\n<meta property=\"og:site_name\" content=\"Bati Ermenistan Ve Bati Ermenileri Sorunlari Ara\u015ftirmalar Merkezi\" \/>\n<meta property=\"article:published_time\" content=\"2021-08-26T07:06:50+00:00\" \/>\n<meta property=\"article:modified_time\" content=\"2021-08-26T07:09:01+00:00\" \/>\n<meta property=\"og:image\" content=\"https:\/\/akunq.net\/tr\/wp-content\/uploads\/sites\/6\/2021\/08\/Edirne-Kalei\u00e7i\u00b4nde-\u00b4Maftirim\u00b4-soka\u011f\u0131.jpeg\" \/>\n\t<meta property=\"og:image:width\" content=\"1536\" \/>\n\t<meta property=\"og:image:height\" content=\"2048\" \/>\n\t<meta property=\"og:image:type\" content=\"image\/jpeg\" \/>\n<meta name=\"author\" content=\"admin\" \/>\n<meta name=\"twitter:card\" content=\"summary_large_image\" \/>\n<meta name=\"twitter:label1\" content=\"Written by\" \/>\n\t<meta name=\"twitter:data1\" content=\"admin\" \/>\n\t<meta name=\"twitter:label2\" content=\"Est. reading time\" \/>\n\t<meta name=\"twitter:data2\" content=\"4 minutes\" \/>\n<script type=\"application\/ld+json\" class=\"yoast-schema-graph\">{\"@context\":\"https:\\\/\\\/schema.org\",\"@graph\":[{\"@type\":\"Article\",\"@id\":\"https:\\\/\\\/akunq.net\\\/tr\\\/?p=64418#article\",\"isPartOf\":{\"@id\":\"https:\\\/\\\/akunq.net\\\/tr\\\/?p=64418\"},\"author\":{\"name\":\"admin\",\"@id\":\"https:\\\/\\\/akunq.net\\\/tr\\\/#\\\/schema\\\/person\\\/096f1d38a12cce57fb855b485ed24c9e\"},\"headline\":\"Edirne Kalei\u00e7i&#8217;nde &#8216;Maftirim&#8217; soka\u011f\u0131 yap\u0131labilir mi?\",\"datePublished\":\"2021-08-26T07:06:50+00:00\",\"dateModified\":\"2021-08-26T07:09:01+00:00\",\"mainEntityOfPage\":{\"@id\":\"https:\\\/\\\/akunq.net\\\/tr\\\/?p=64418\"},\"wordCount\":779,\"commentCount\":0,\"image\":{\"@id\":\"https:\\\/\\\/akunq.net\\\/tr\\\/?p=64418#primaryimage\"},\"thumbnailUrl\":\"https:\\\/\\\/akunq.net\\\/tr\\\/wp-content\\\/uploads\\\/sites\\\/6\\\/2021\\\/08\\\/Edirne-Kalei\u00e7i\u00b4nde-\u00b4Maftirim\u00b4-soka\u011f\u0131.jpeg\",\"articleSection\":[\"Haberler\",\"T\u00fcrkiye\u2019de Az\u0131nl\u0131klar\"],\"inLanguage\":\"en-US\",\"potentialAction\":[{\"@type\":\"CommentAction\",\"name\":\"Comment\",\"target\":[\"https:\\\/\\\/akunq.net\\\/tr\\\/?p=64418#respond\"]}]},{\"@type\":\"WebPage\",\"@id\":\"https:\\\/\\\/akunq.net\\\/tr\\\/?p=64418\",\"url\":\"https:\\\/\\\/akunq.net\\\/tr\\\/?p=64418\",\"name\":\"Edirne Kalei\u00e7i'nde 'Maftirim' soka\u011f\u0131 yap\u0131labilir mi? - Bati Ermenistan Ve Bati Ermenileri Sorunlari Ara\u015ftirmalar Merkezi\",\"isPartOf\":{\"@id\":\"https:\\\/\\\/akunq.net\\\/tr\\\/#website\"},\"primaryImageOfPage\":{\"@id\":\"https:\\\/\\\/akunq.net\\\/tr\\\/?p=64418#primaryimage\"},\"image\":{\"@id\":\"https:\\\/\\\/akunq.net\\\/tr\\\/?p=64418#primaryimage\"},\"thumbnailUrl\":\"https:\\\/\\\/akunq.net\\\/tr\\\/wp-content\\\/uploads\\\/sites\\\/6\\\/2021\\\/08\\\/Edirne-Kalei\u00e7i\u00b4nde-\u00b4Maftirim\u00b4-soka\u011f\u0131.jpeg\",\"datePublished\":\"2021-08-26T07:06:50+00:00\",\"dateModified\":\"2021-08-26T07:09:01+00:00\",\"author\":{\"@id\":\"https:\\\/\\\/akunq.net\\\/tr\\\/#\\\/schema\\\/person\\\/096f1d38a12cce57fb855b485ed24c9e\"},\"breadcrumb\":{\"@id\":\"https:\\\/\\\/akunq.net\\\/tr\\\/?p=64418#breadcrumb\"},\"inLanguage\":\"en-US\",\"potentialAction\":[{\"@type\":\"ReadAction\",\"target\":[\"https:\\\/\\\/akunq.net\\\/tr\\\/?p=64418\"]}]},{\"@type\":\"ImageObject\",\"inLanguage\":\"en-US\",\"@id\":\"https:\\\/\\\/akunq.net\\\/tr\\\/?p=64418#primaryimage\",\"url\":\"https:\\\/\\\/akunq.net\\\/tr\\\/wp-content\\\/uploads\\\/sites\\\/6\\\/2021\\\/08\\\/Edirne-Kalei\u00e7i\u00b4nde-\u00b4Maftirim\u00b4-soka\u011f\u0131.jpeg\",\"contentUrl\":\"https:\\\/\\\/akunq.net\\\/tr\\\/wp-content\\\/uploads\\\/sites\\\/6\\\/2021\\\/08\\\/Edirne-Kalei\u00e7i\u00b4nde-\u00b4Maftirim\u00b4-soka\u011f\u0131.jpeg\",\"width\":1536,\"height\":2048},{\"@type\":\"BreadcrumbList\",\"@id\":\"https:\\\/\\\/akunq.net\\\/tr\\\/?p=64418#breadcrumb\",\"itemListElement\":[{\"@type\":\"ListItem\",\"position\":1,\"name\":\"Home\",\"item\":\"https:\\\/\\\/akunq.net\\\/tr\"},{\"@type\":\"ListItem\",\"position\":2,\"name\":\"Edirne Kalei\u00e7i&#8217;nde &#8216;Maftirim&#8217; soka\u011f\u0131 yap\u0131labilir mi?\"}]},{\"@type\":\"WebSite\",\"@id\":\"https:\\\/\\\/akunq.net\\\/tr\\\/#website\",\"url\":\"https:\\\/\\\/akunq.net\\\/tr\\\/\",\"name\":\"Bati Ermenistan Ve Bati Ermenileri Sorunlari Ara\u015ftirmalar Merkezi\",\"description\":\"\",\"potentialAction\":[{\"@type\":\"SearchAction\",\"target\":{\"@type\":\"EntryPoint\",\"urlTemplate\":\"https:\\\/\\\/akunq.net\\\/tr\\\/?s={search_term_string}\"},\"query-input\":{\"@type\":\"PropertyValueSpecification\",\"valueRequired\":true,\"valueName\":\"search_term_string\"}}],\"inLanguage\":\"en-US\"},{\"@type\":\"Person\",\"@id\":\"https:\\\/\\\/akunq.net\\\/tr\\\/#\\\/schema\\\/person\\\/096f1d38a12cce57fb855b485ed24c9e\",\"name\":\"admin\",\"url\":\"https:\\\/\\\/akunq.net\\\/tr\\\/?author=7\"}]}<\/script>\n<!-- \/ Yoast SEO plugin. -->","yoast_head_json":{"title":"Edirne Kalei\u00e7i'nde 'Maftirim' soka\u011f\u0131 yap\u0131labilir mi? - Bati Ermenistan Ve Bati Ermenileri Sorunlari Ara\u015ftirmalar Merkezi","robots":{"index":"index","follow":"follow","max-snippet":"max-snippet:-1","max-image-preview":"max-image-preview:large","max-video-preview":"max-video-preview:-1"},"canonical":"https:\/\/akunq.net\/tr\/?p=64418","og_locale":"en_US","og_type":"article","og_title":"Edirne Kalei\u00e7i'nde 'Maftirim' soka\u011f\u0131 yap\u0131labilir mi? - Bati Ermenistan Ve Bati Ermenileri Sorunlari Ara\u015ftirmalar Merkezi","og_description":"Mois GABAY\u00a0 Ge\u00e7ti\u011fimiz hafta program orta\u011f\u0131m Gezmekyetmez blogunun sahibi sevgili O\u011fuz Otay ile birlikte \u00f6n\u00fcm\u00fczdeki g\u00fcnlerde ger\u00e7ekle\u015ftirece\u011fimiz \u2018Edirne Yahudi \u0130zleri\u2019\u00a0rotam\u0131z\u0131n ke\u015ffi i\u00e7in Edirne\u2019deydik. \u0130stanbul\u2019dan 2,5 saat uzakta, metrekareye d\u00fc\u015fen Osmanl\u0131 eseri a\u00e7\u0131s\u0131ndan belki de en zengin bu serhat \u015fehrimiz ne yaz\u0131k ki arzu edilen turizm potansiyelinden \u00e7ok uzak. Ziyaretimizin ilk dura\u011f\u0131 Kalei\u00e7i\u2019nin son halini bir [&hellip;]","og_url":"https:\/\/akunq.net\/tr\/?p=64418","og_site_name":"Bati Ermenistan Ve Bati Ermenileri Sorunlari Ara\u015ftirmalar Merkezi","article_published_time":"2021-08-26T07:06:50+00:00","article_modified_time":"2021-08-26T07:09:01+00:00","og_image":[{"width":1536,"height":2048,"url":"https:\/\/akunq.net\/tr\/wp-content\/uploads\/sites\/6\/2021\/08\/Edirne-Kalei\u00e7i\u00b4nde-\u00b4Maftirim\u00b4-soka\u011f\u0131.jpeg","type":"image\/jpeg"}],"author":"admin","twitter_card":"summary_large_image","twitter_misc":{"Written by":"admin","Est. reading time":"4 minutes"},"schema":{"@context":"https:\/\/schema.org","@graph":[{"@type":"Article","@id":"https:\/\/akunq.net\/tr\/?p=64418#article","isPartOf":{"@id":"https:\/\/akunq.net\/tr\/?p=64418"},"author":{"name":"admin","@id":"https:\/\/akunq.net\/tr\/#\/schema\/person\/096f1d38a12cce57fb855b485ed24c9e"},"headline":"Edirne Kalei\u00e7i&#8217;nde &#8216;Maftirim&#8217; soka\u011f\u0131 yap\u0131labilir mi?","datePublished":"2021-08-26T07:06:50+00:00","dateModified":"2021-08-26T07:09:01+00:00","mainEntityOfPage":{"@id":"https:\/\/akunq.net\/tr\/?p=64418"},"wordCount":779,"commentCount":0,"image":{"@id":"https:\/\/akunq.net\/tr\/?p=64418#primaryimage"},"thumbnailUrl":"https:\/\/akunq.net\/tr\/wp-content\/uploads\/sites\/6\/2021\/08\/Edirne-Kalei\u00e7i\u00b4nde-\u00b4Maftirim\u00b4-soka\u011f\u0131.jpeg","articleSection":["Haberler","T\u00fcrkiye\u2019de Az\u0131nl\u0131klar"],"inLanguage":"en-US","potentialAction":[{"@type":"CommentAction","name":"Comment","target":["https:\/\/akunq.net\/tr\/?p=64418#respond"]}]},{"@type":"WebPage","@id":"https:\/\/akunq.net\/tr\/?p=64418","url":"https:\/\/akunq.net\/tr\/?p=64418","name":"Edirne Kalei\u00e7i'nde 'Maftirim' soka\u011f\u0131 yap\u0131labilir mi? - Bati Ermenistan Ve Bati Ermenileri Sorunlari Ara\u015ftirmalar Merkezi","isPartOf":{"@id":"https:\/\/akunq.net\/tr\/#website"},"primaryImageOfPage":{"@id":"https:\/\/akunq.net\/tr\/?p=64418#primaryimage"},"image":{"@id":"https:\/\/akunq.net\/tr\/?p=64418#primaryimage"},"thumbnailUrl":"https:\/\/akunq.net\/tr\/wp-content\/uploads\/sites\/6\/2021\/08\/Edirne-Kalei\u00e7i\u00b4nde-\u00b4Maftirim\u00b4-soka\u011f\u0131.jpeg","datePublished":"2021-08-26T07:06:50+00:00","dateModified":"2021-08-26T07:09:01+00:00","author":{"@id":"https:\/\/akunq.net\/tr\/#\/schema\/person\/096f1d38a12cce57fb855b485ed24c9e"},"breadcrumb":{"@id":"https:\/\/akunq.net\/tr\/?p=64418#breadcrumb"},"inLanguage":"en-US","potentialAction":[{"@type":"ReadAction","target":["https:\/\/akunq.net\/tr\/?p=64418"]}]},{"@type":"ImageObject","inLanguage":"en-US","@id":"https:\/\/akunq.net\/tr\/?p=64418#primaryimage","url":"https:\/\/akunq.net\/tr\/wp-content\/uploads\/sites\/6\/2021\/08\/Edirne-Kalei\u00e7i\u00b4nde-\u00b4Maftirim\u00b4-soka\u011f\u0131.jpeg","contentUrl":"https:\/\/akunq.net\/tr\/wp-content\/uploads\/sites\/6\/2021\/08\/Edirne-Kalei\u00e7i\u00b4nde-\u00b4Maftirim\u00b4-soka\u011f\u0131.jpeg","width":1536,"height":2048},{"@type":"BreadcrumbList","@id":"https:\/\/akunq.net\/tr\/?p=64418#breadcrumb","itemListElement":[{"@type":"ListItem","position":1,"name":"Home","item":"https:\/\/akunq.net\/tr"},{"@type":"ListItem","position":2,"name":"Edirne Kalei\u00e7i&#8217;nde &#8216;Maftirim&#8217; soka\u011f\u0131 yap\u0131labilir mi?"}]},{"@type":"WebSite","@id":"https:\/\/akunq.net\/tr\/#website","url":"https:\/\/akunq.net\/tr\/","name":"Bati Ermenistan Ve Bati Ermenileri Sorunlari Ara\u015ftirmalar Merkezi","description":"","potentialAction":[{"@type":"SearchAction","target":{"@type":"EntryPoint","urlTemplate":"https:\/\/akunq.net\/tr\/?s={search_term_string}"},"query-input":{"@type":"PropertyValueSpecification","valueRequired":true,"valueName":"search_term_string"}}],"inLanguage":"en-US"},{"@type":"Person","@id":"https:\/\/akunq.net\/tr\/#\/schema\/person\/096f1d38a12cce57fb855b485ed24c9e","name":"admin","url":"https:\/\/akunq.net\/tr\/?author=7"}]}},"_links":{"self":[{"href":"https:\/\/akunq.net\/tr\/index.php?rest_route=\/wp\/v2\/posts\/64418","targetHints":{"allow":["GET"]}}],"collection":[{"href":"https:\/\/akunq.net\/tr\/index.php?rest_route=\/wp\/v2\/posts"}],"about":[{"href":"https:\/\/akunq.net\/tr\/index.php?rest_route=\/wp\/v2\/types\/post"}],"author":[{"embeddable":true,"href":"https:\/\/akunq.net\/tr\/index.php?rest_route=\/wp\/v2\/users\/7"}],"replies":[{"embeddable":true,"href":"https:\/\/akunq.net\/tr\/index.php?rest_route=%2Fwp%2Fv2%2Fcomments&post=64418"}],"version-history":[{"count":2,"href":"https:\/\/akunq.net\/tr\/index.php?rest_route=\/wp\/v2\/posts\/64418\/revisions"}],"predecessor-version":[{"id":64422,"href":"https:\/\/akunq.net\/tr\/index.php?rest_route=\/wp\/v2\/posts\/64418\/revisions\/64422"}],"wp:featuredmedia":[{"embeddable":true,"href":"https:\/\/akunq.net\/tr\/index.php?rest_route=\/wp\/v2\/media\/64419"}],"wp:attachment":[{"href":"https:\/\/akunq.net\/tr\/index.php?rest_route=%2Fwp%2Fv2%2Fmedia&parent=64418"}],"wp:term":[{"taxonomy":"category","embeddable":true,"href":"https:\/\/akunq.net\/tr\/index.php?rest_route=%2Fwp%2Fv2%2Fcategories&post=64418"},{"taxonomy":"post_tag","embeddable":true,"href":"https:\/\/akunq.net\/tr\/index.php?rest_route=%2Fwp%2Fv2%2Ftags&post=64418"}],"curies":[{"name":"wp","href":"https:\/\/api.w.org\/{rel}","templated":true}]}}