{"id":64415,"date":"2021-08-26T01:46:39","date_gmt":"2021-08-26T06:46:39","guid":{"rendered":"https:\/\/akunq.net\/tr\/?p=64415"},"modified":"2021-08-26T01:46:39","modified_gmt":"2021-08-26T06:46:39","slug":"topkapi-sarayindan-sonra-turkiyenin-ikinci-buyuk-tarihi-yapisini-ilgisizlik-yikiyor","status":"publish","type":"post","link":"https:\/\/akunq.net\/tr\/?p=64415","title":{"rendered":"Topkap\u0131 Saray\u0131\u2019ndan Sonra T\u00fcrkiye\u2019nin \u0130kinci B\u00fcy\u00fck Tarihi Yap\u0131s\u0131n\u0131 \u0130lgisizlik Y\u0131k\u0131yor"},"content":{"rendered":"<p><img loading=\"lazy\" decoding=\"async\" class=\"aligncenter size-medium wp-image-64416\" src=\"https:\/\/akunq.net\/tr\/wp-content\/uploads\/2021\/08\/Millet-Han\u0131-360x164.png\" alt=\"\" width=\"360\" height=\"164\" srcset=\"https:\/\/akunq.net\/tr\/wp-content\/uploads\/sites\/6\/2021\/08\/Millet-Han\u0131-360x164.png 360w, https:\/\/akunq.net\/tr\/wp-content\/uploads\/sites\/6\/2021\/08\/Millet-Han\u0131-768x349.png 768w, https:\/\/akunq.net\/tr\/wp-content\/uploads\/sites\/6\/2021\/08\/Millet-Han\u0131-560x255.png 560w, https:\/\/akunq.net\/tr\/wp-content\/uploads\/sites\/6\/2021\/08\/Millet-Han\u0131-260x118.png 260w, https:\/\/akunq.net\/tr\/wp-content\/uploads\/sites\/6\/2021\/08\/Millet-Han\u0131-160x73.png 160w, https:\/\/akunq.net\/tr\/wp-content\/uploads\/sites\/6\/2021\/08\/Millet-Han\u0131.png 1022w\" sizes=\"auto, (max-width: 360px) 100vw, 360px\" \/><\/p>\n<p><em><strong>\u015eanl\u0131urfa (Urfa, Yedesia-&#8216;Akunq&#8217; web sitesi) eski Valisi Muzaffer Dilek d\u00f6nemde restorasyonu g\u00fcndeme gelen ve 21 y\u0131ld\u0131r yap\u0131m\u0131 y\u0131lan hikayesine d\u00f6nen Millet Han\u0131 kaderine terk edildi. 17 bin metrekarelik alan\u0131yla Topkap\u0131 Saray\u0131\u2019ndan sonra T\u00fcrkiye\u2019nin ikinci b\u00fcy\u00fck tarihi yap\u0131s\u0131 olma \u00f6zelli\u011fine sahip olan Millet Han\u0131, bug\u00fcne kadar 10 valinin hayallerini s\u00fcsledi. Ancak bir arpa boyu yol al\u0131namad\u0131.<\/strong><\/em><\/p>\n<p>\u0130lk projelendirmesinde m\u00fcze olarak d\u00fc\u015f\u00fcn\u00fclen ancak soranlar\u0131 yap i\u015fet devret modeliyle 5 y\u0131ld\u0131zl\u0131 otel, butik otel, restoran, kafe, sergi salonlar\u0131 gibi projelere b\u00fcr\u00fcnen Millet Han\u0131, \u015eanl\u0131urfa Valisi \u0130zzetin K\u00fc\u00e7\u00fck ile restorasyonuna ba\u015flanm\u0131\u015ft\u0131. Ancak restoresi yar\u0131da kald\u0131.<\/p>\n<p><strong>M\u0130LLET HANI<\/strong><\/p>\n<p>Bu arada Karakoyun Deresinin kuzey kenar\u0131nda yer alan, Samsat K\u00f6pr\u00fcs\u00fc ile Hac\u0131 Kamil K\u00f6pr\u00fcs\u00fc aras\u0131nda bulunan Millet Han\u0131, T\u00fcrkiye\u2019nin en b\u00fcy\u00fck hanlar\u0131ndan olup Osmanl\u0131 D\u00f6nemi\u2019nde \u015eanl\u0131urfa\u2019da in\u015fa edilen ilk an\u0131tsal yap\u0131 \u00f6zelli\u011fini ta\u015f\u0131yor. Ge\u00e7mi\u015fte Ermeni yetimhanesi ve toplama merkezi olarak da kullan\u0131lan Millet Han\u0131 1950 y\u0131llar\u0131ndan S\u00fcvari k\u0131\u015flas\u0131 olarak kullan\u0131ld\u0131. Avlusunun kuzey do\u011fu k\u00f6\u015fesinin ikinci kat\u0131nda Asker ekme\u011fi yapan bir f\u0131r\u0131n, nizamiye kar\u015f\u0131s\u0131nda askerlerin kulland\u0131\u011f\u0131 hamam bulunuyor. Tarih boyunca \u00e7e\u015fitli ama\u00e7lar i\u00e7in kullan\u0131lan Millet Han\u0131 Sultan 2. Abd\u00fclhamit d\u00f6neminde 1890\u2019l\u0131 y\u0131llarda Urfa\u2019da \u00e7ekilen foto\u011frafta Millet Han\u0131 \u201cAskeri \u015eahanesi\u201d olarak ge\u00e7iyor. Yine ba\u015fka bir eski foto\u011frafta \u201cAlman Yetimhanesi\u201d olarak hizmet veren Millet Han\u0131, bir s\u00fcre belediye ambar\u0131 olarak kullan\u0131ld\u0131.<\/p>\n<p><em><strong><a href=\"https:\/\/www.urfadasin.com\/topkapi-sarayi-ndan-sonra-turkiye-nin-ikinci-buyuk-tarihi-yapisini-ilgisizlik-yikiyor\">https:\/\/www.urfadasin.com\/topkapi-sarayi-ndan-sonra-turkiye-nin-ikinci-buyuk-tarihi-yapisini-ilgisizlik-yikiyor<\/a>\u00a0<\/strong><\/em><\/p>\n","protected":false},"excerpt":{"rendered":"<p>\u015eanl\u0131urfa (Urfa, Yedesia-&#8216;Akunq&#8217; web sitesi) eski Valisi Muzaffer Dilek d\u00f6nemde restorasyonu g\u00fcndeme gelen ve 21 y\u0131ld\u0131r yap\u0131m\u0131 y\u0131lan hikayesine d\u00f6nen Millet Han\u0131 kaderine terk edildi. 17 bin metrekarelik alan\u0131yla Topkap\u0131 Saray\u0131\u2019ndan sonra T\u00fcrkiye\u2019nin ikinci b\u00fcy\u00fck tarihi yap\u0131s\u0131 olma \u00f6zelli\u011fine sahip olan Millet Han\u0131, bug\u00fcne kadar 10 valinin hayallerini s\u00fcsledi. Ancak bir arpa boyu yol al\u0131namad\u0131. [&hellip;]<\/p>\n","protected":false},"author":7,"featured_media":64416,"comment_status":"open","ping_status":"open","sticky":false,"template":"","format":"standard","meta":{"footnotes":""},"categories":[1],"tags":[],"class_list":["post-64415","post","type-post","status-publish","format-standard","has-post-thumbnail","hentry","category-haberler"],"yoast_head":"<!-- This site is optimized with the Yoast SEO plugin v27.4 - https:\/\/yoast.com\/product\/yoast-seo-wordpress\/ -->\n<title>Topkap\u0131 Saray\u0131\u2019ndan Sonra T\u00fcrkiye\u2019nin \u0130kinci B\u00fcy\u00fck Tarihi Yap\u0131s\u0131n\u0131 \u0130lgisizlik Y\u0131k\u0131yor - Bati Ermenistan Ve Bati Ermenileri Sorunlari Ara\u015ftirmalar Merkezi<\/title>\n<meta name=\"robots\" content=\"index, follow, max-snippet:-1, max-image-preview:large, max-video-preview:-1\" \/>\n<link rel=\"canonical\" href=\"https:\/\/akunq.net\/tr\/?p=64415\" \/>\n<meta property=\"og:locale\" content=\"en_US\" \/>\n<meta property=\"og:type\" content=\"article\" \/>\n<meta property=\"og:title\" content=\"Topkap\u0131 Saray\u0131\u2019ndan Sonra T\u00fcrkiye\u2019nin \u0130kinci B\u00fcy\u00fck Tarihi Yap\u0131s\u0131n\u0131 \u0130lgisizlik Y\u0131k\u0131yor - Bati Ermenistan Ve Bati Ermenileri Sorunlari Ara\u015ftirmalar Merkezi\" \/>\n<meta property=\"og:description\" content=\"\u015eanl\u0131urfa (Urfa, Yedesia-&#8216;Akunq&#8217; web sitesi) eski Valisi Muzaffer Dilek d\u00f6nemde restorasyonu g\u00fcndeme gelen ve 21 y\u0131ld\u0131r yap\u0131m\u0131 y\u0131lan hikayesine d\u00f6nen Millet Han\u0131 kaderine terk edildi. 17 bin metrekarelik alan\u0131yla Topkap\u0131 Saray\u0131\u2019ndan sonra T\u00fcrkiye\u2019nin ikinci b\u00fcy\u00fck tarihi yap\u0131s\u0131 olma \u00f6zelli\u011fine sahip olan Millet Han\u0131, bug\u00fcne kadar 10 valinin hayallerini s\u00fcsledi. Ancak bir arpa boyu yol al\u0131namad\u0131. [&hellip;]\" \/>\n<meta property=\"og:url\" content=\"https:\/\/akunq.net\/tr\/?p=64415\" \/>\n<meta property=\"og:site_name\" content=\"Bati Ermenistan Ve Bati Ermenileri Sorunlari Ara\u015ftirmalar Merkezi\" \/>\n<meta property=\"article:published_time\" content=\"2021-08-26T06:46:39+00:00\" \/>\n<meta property=\"og:image\" content=\"https:\/\/akunq.net\/tr\/wp-content\/uploads\/sites\/6\/2021\/08\/Millet-Han\u0131.png\" \/>\n\t<meta property=\"og:image:width\" content=\"1022\" \/>\n\t<meta property=\"og:image:height\" content=\"465\" \/>\n\t<meta property=\"og:image:type\" content=\"image\/png\" \/>\n<meta name=\"author\" content=\"admin\" \/>\n<meta name=\"twitter:card\" content=\"summary_large_image\" \/>\n<meta name=\"twitter:label1\" content=\"Written by\" \/>\n\t<meta name=\"twitter:data1\" content=\"admin\" \/>\n\t<meta name=\"twitter:label2\" content=\"Est. reading time\" \/>\n\t<meta name=\"twitter:data2\" content=\"1 minute\" \/>\n<script type=\"application\/ld+json\" class=\"yoast-schema-graph\">{\"@context\":\"https:\\\/\\\/schema.org\",\"@graph\":[{\"@type\":\"Article\",\"@id\":\"https:\\\/\\\/akunq.net\\\/tr\\\/?p=64415#article\",\"isPartOf\":{\"@id\":\"https:\\\/\\\/akunq.net\\\/tr\\\/?p=64415\"},\"author\":{\"name\":\"admin\",\"@id\":\"https:\\\/\\\/akunq.net\\\/tr\\\/#\\\/schema\\\/person\\\/096f1d38a12cce57fb855b485ed24c9e\"},\"headline\":\"Topkap\u0131 Saray\u0131\u2019ndan Sonra T\u00fcrkiye\u2019nin \u0130kinci B\u00fcy\u00fck Tarihi Yap\u0131s\u0131n\u0131 \u0130lgisizlik Y\u0131k\u0131yor\",\"datePublished\":\"2021-08-26T06:46:39+00:00\",\"mainEntityOfPage\":{\"@id\":\"https:\\\/\\\/akunq.net\\\/tr\\\/?p=64415\"},\"wordCount\":301,\"commentCount\":0,\"image\":{\"@id\":\"https:\\\/\\\/akunq.net\\\/tr\\\/?p=64415#primaryimage\"},\"thumbnailUrl\":\"https:\\\/\\\/akunq.net\\\/tr\\\/wp-content\\\/uploads\\\/sites\\\/6\\\/2021\\\/08\\\/Millet-Han\u0131.png\",\"articleSection\":[\"Haberler\"],\"inLanguage\":\"en-US\",\"potentialAction\":[{\"@type\":\"CommentAction\",\"name\":\"Comment\",\"target\":[\"https:\\\/\\\/akunq.net\\\/tr\\\/?p=64415#respond\"]}]},{\"@type\":\"WebPage\",\"@id\":\"https:\\\/\\\/akunq.net\\\/tr\\\/?p=64415\",\"url\":\"https:\\\/\\\/akunq.net\\\/tr\\\/?p=64415\",\"name\":\"Topkap\u0131 Saray\u0131\u2019ndan Sonra T\u00fcrkiye\u2019nin \u0130kinci B\u00fcy\u00fck Tarihi Yap\u0131s\u0131n\u0131 \u0130lgisizlik Y\u0131k\u0131yor - Bati Ermenistan Ve Bati Ermenileri Sorunlari Ara\u015ftirmalar Merkezi\",\"isPartOf\":{\"@id\":\"https:\\\/\\\/akunq.net\\\/tr\\\/#website\"},\"primaryImageOfPage\":{\"@id\":\"https:\\\/\\\/akunq.net\\\/tr\\\/?p=64415#primaryimage\"},\"image\":{\"@id\":\"https:\\\/\\\/akunq.net\\\/tr\\\/?p=64415#primaryimage\"},\"thumbnailUrl\":\"https:\\\/\\\/akunq.net\\\/tr\\\/wp-content\\\/uploads\\\/sites\\\/6\\\/2021\\\/08\\\/Millet-Han\u0131.png\",\"datePublished\":\"2021-08-26T06:46:39+00:00\",\"author\":{\"@id\":\"https:\\\/\\\/akunq.net\\\/tr\\\/#\\\/schema\\\/person\\\/096f1d38a12cce57fb855b485ed24c9e\"},\"breadcrumb\":{\"@id\":\"https:\\\/\\\/akunq.net\\\/tr\\\/?p=64415#breadcrumb\"},\"inLanguage\":\"en-US\",\"potentialAction\":[{\"@type\":\"ReadAction\",\"target\":[\"https:\\\/\\\/akunq.net\\\/tr\\\/?p=64415\"]}]},{\"@type\":\"ImageObject\",\"inLanguage\":\"en-US\",\"@id\":\"https:\\\/\\\/akunq.net\\\/tr\\\/?p=64415#primaryimage\",\"url\":\"https:\\\/\\\/akunq.net\\\/tr\\\/wp-content\\\/uploads\\\/sites\\\/6\\\/2021\\\/08\\\/Millet-Han\u0131.png\",\"contentUrl\":\"https:\\\/\\\/akunq.net\\\/tr\\\/wp-content\\\/uploads\\\/sites\\\/6\\\/2021\\\/08\\\/Millet-Han\u0131.png\",\"width\":1022,\"height\":465},{\"@type\":\"BreadcrumbList\",\"@id\":\"https:\\\/\\\/akunq.net\\\/tr\\\/?p=64415#breadcrumb\",\"itemListElement\":[{\"@type\":\"ListItem\",\"position\":1,\"name\":\"Home\",\"item\":\"https:\\\/\\\/akunq.net\\\/tr\"},{\"@type\":\"ListItem\",\"position\":2,\"name\":\"Topkap\u0131 Saray\u0131\u2019ndan Sonra T\u00fcrkiye\u2019nin \u0130kinci B\u00fcy\u00fck Tarihi Yap\u0131s\u0131n\u0131 \u0130lgisizlik Y\u0131k\u0131yor\"}]},{\"@type\":\"WebSite\",\"@id\":\"https:\\\/\\\/akunq.net\\\/tr\\\/#website\",\"url\":\"https:\\\/\\\/akunq.net\\\/tr\\\/\",\"name\":\"Bati Ermenistan Ve Bati Ermenileri Sorunlari Ara\u015ftirmalar Merkezi\",\"description\":\"\",\"potentialAction\":[{\"@type\":\"SearchAction\",\"target\":{\"@type\":\"EntryPoint\",\"urlTemplate\":\"https:\\\/\\\/akunq.net\\\/tr\\\/?s={search_term_string}\"},\"query-input\":{\"@type\":\"PropertyValueSpecification\",\"valueRequired\":true,\"valueName\":\"search_term_string\"}}],\"inLanguage\":\"en-US\"},{\"@type\":\"Person\",\"@id\":\"https:\\\/\\\/akunq.net\\\/tr\\\/#\\\/schema\\\/person\\\/096f1d38a12cce57fb855b485ed24c9e\",\"name\":\"admin\",\"url\":\"https:\\\/\\\/akunq.net\\\/tr\\\/?author=7\"}]}<\/script>\n<!-- \/ Yoast SEO plugin. -->","yoast_head_json":{"title":"Topkap\u0131 Saray\u0131\u2019ndan Sonra T\u00fcrkiye\u2019nin \u0130kinci B\u00fcy\u00fck Tarihi Yap\u0131s\u0131n\u0131 \u0130lgisizlik Y\u0131k\u0131yor - Bati Ermenistan Ve Bati Ermenileri Sorunlari Ara\u015ftirmalar Merkezi","robots":{"index":"index","follow":"follow","max-snippet":"max-snippet:-1","max-image-preview":"max-image-preview:large","max-video-preview":"max-video-preview:-1"},"canonical":"https:\/\/akunq.net\/tr\/?p=64415","og_locale":"en_US","og_type":"article","og_title":"Topkap\u0131 Saray\u0131\u2019ndan Sonra T\u00fcrkiye\u2019nin \u0130kinci B\u00fcy\u00fck Tarihi Yap\u0131s\u0131n\u0131 \u0130lgisizlik Y\u0131k\u0131yor - Bati Ermenistan Ve Bati Ermenileri Sorunlari Ara\u015ftirmalar Merkezi","og_description":"\u015eanl\u0131urfa (Urfa, Yedesia-&#8216;Akunq&#8217; web sitesi) eski Valisi Muzaffer Dilek d\u00f6nemde restorasyonu g\u00fcndeme gelen ve 21 y\u0131ld\u0131r yap\u0131m\u0131 y\u0131lan hikayesine d\u00f6nen Millet Han\u0131 kaderine terk edildi. 17 bin metrekarelik alan\u0131yla Topkap\u0131 Saray\u0131\u2019ndan sonra T\u00fcrkiye\u2019nin ikinci b\u00fcy\u00fck tarihi yap\u0131s\u0131 olma \u00f6zelli\u011fine sahip olan Millet Han\u0131, bug\u00fcne kadar 10 valinin hayallerini s\u00fcsledi. Ancak bir arpa boyu yol al\u0131namad\u0131. [&hellip;]","og_url":"https:\/\/akunq.net\/tr\/?p=64415","og_site_name":"Bati Ermenistan Ve Bati Ermenileri Sorunlari Ara\u015ftirmalar Merkezi","article_published_time":"2021-08-26T06:46:39+00:00","og_image":[{"width":1022,"height":465,"url":"https:\/\/akunq.net\/tr\/wp-content\/uploads\/sites\/6\/2021\/08\/Millet-Han\u0131.png","type":"image\/png"}],"author":"admin","twitter_card":"summary_large_image","twitter_misc":{"Written by":"admin","Est. reading time":"1 minute"},"schema":{"@context":"https:\/\/schema.org","@graph":[{"@type":"Article","@id":"https:\/\/akunq.net\/tr\/?p=64415#article","isPartOf":{"@id":"https:\/\/akunq.net\/tr\/?p=64415"},"author":{"name":"admin","@id":"https:\/\/akunq.net\/tr\/#\/schema\/person\/096f1d38a12cce57fb855b485ed24c9e"},"headline":"Topkap\u0131 Saray\u0131\u2019ndan Sonra T\u00fcrkiye\u2019nin \u0130kinci B\u00fcy\u00fck Tarihi Yap\u0131s\u0131n\u0131 \u0130lgisizlik Y\u0131k\u0131yor","datePublished":"2021-08-26T06:46:39+00:00","mainEntityOfPage":{"@id":"https:\/\/akunq.net\/tr\/?p=64415"},"wordCount":301,"commentCount":0,"image":{"@id":"https:\/\/akunq.net\/tr\/?p=64415#primaryimage"},"thumbnailUrl":"https:\/\/akunq.net\/tr\/wp-content\/uploads\/sites\/6\/2021\/08\/Millet-Han\u0131.png","articleSection":["Haberler"],"inLanguage":"en-US","potentialAction":[{"@type":"CommentAction","name":"Comment","target":["https:\/\/akunq.net\/tr\/?p=64415#respond"]}]},{"@type":"WebPage","@id":"https:\/\/akunq.net\/tr\/?p=64415","url":"https:\/\/akunq.net\/tr\/?p=64415","name":"Topkap\u0131 Saray\u0131\u2019ndan Sonra T\u00fcrkiye\u2019nin \u0130kinci B\u00fcy\u00fck Tarihi Yap\u0131s\u0131n\u0131 \u0130lgisizlik Y\u0131k\u0131yor - Bati Ermenistan Ve Bati Ermenileri Sorunlari Ara\u015ftirmalar Merkezi","isPartOf":{"@id":"https:\/\/akunq.net\/tr\/#website"},"primaryImageOfPage":{"@id":"https:\/\/akunq.net\/tr\/?p=64415#primaryimage"},"image":{"@id":"https:\/\/akunq.net\/tr\/?p=64415#primaryimage"},"thumbnailUrl":"https:\/\/akunq.net\/tr\/wp-content\/uploads\/sites\/6\/2021\/08\/Millet-Han\u0131.png","datePublished":"2021-08-26T06:46:39+00:00","author":{"@id":"https:\/\/akunq.net\/tr\/#\/schema\/person\/096f1d38a12cce57fb855b485ed24c9e"},"breadcrumb":{"@id":"https:\/\/akunq.net\/tr\/?p=64415#breadcrumb"},"inLanguage":"en-US","potentialAction":[{"@type":"ReadAction","target":["https:\/\/akunq.net\/tr\/?p=64415"]}]},{"@type":"ImageObject","inLanguage":"en-US","@id":"https:\/\/akunq.net\/tr\/?p=64415#primaryimage","url":"https:\/\/akunq.net\/tr\/wp-content\/uploads\/sites\/6\/2021\/08\/Millet-Han\u0131.png","contentUrl":"https:\/\/akunq.net\/tr\/wp-content\/uploads\/sites\/6\/2021\/08\/Millet-Han\u0131.png","width":1022,"height":465},{"@type":"BreadcrumbList","@id":"https:\/\/akunq.net\/tr\/?p=64415#breadcrumb","itemListElement":[{"@type":"ListItem","position":1,"name":"Home","item":"https:\/\/akunq.net\/tr"},{"@type":"ListItem","position":2,"name":"Topkap\u0131 Saray\u0131\u2019ndan Sonra T\u00fcrkiye\u2019nin \u0130kinci B\u00fcy\u00fck Tarihi Yap\u0131s\u0131n\u0131 \u0130lgisizlik Y\u0131k\u0131yor"}]},{"@type":"WebSite","@id":"https:\/\/akunq.net\/tr\/#website","url":"https:\/\/akunq.net\/tr\/","name":"Bati Ermenistan Ve Bati Ermenileri Sorunlari Ara\u015ftirmalar Merkezi","description":"","potentialAction":[{"@type":"SearchAction","target":{"@type":"EntryPoint","urlTemplate":"https:\/\/akunq.net\/tr\/?s={search_term_string}"},"query-input":{"@type":"PropertyValueSpecification","valueRequired":true,"valueName":"search_term_string"}}],"inLanguage":"en-US"},{"@type":"Person","@id":"https:\/\/akunq.net\/tr\/#\/schema\/person\/096f1d38a12cce57fb855b485ed24c9e","name":"admin","url":"https:\/\/akunq.net\/tr\/?author=7"}]}},"_links":{"self":[{"href":"https:\/\/akunq.net\/tr\/index.php?rest_route=\/wp\/v2\/posts\/64415","targetHints":{"allow":["GET"]}}],"collection":[{"href":"https:\/\/akunq.net\/tr\/index.php?rest_route=\/wp\/v2\/posts"}],"about":[{"href":"https:\/\/akunq.net\/tr\/index.php?rest_route=\/wp\/v2\/types\/post"}],"author":[{"embeddable":true,"href":"https:\/\/akunq.net\/tr\/index.php?rest_route=\/wp\/v2\/users\/7"}],"replies":[{"embeddable":true,"href":"https:\/\/akunq.net\/tr\/index.php?rest_route=%2Fwp%2Fv2%2Fcomments&post=64415"}],"version-history":[{"count":1,"href":"https:\/\/akunq.net\/tr\/index.php?rest_route=\/wp\/v2\/posts\/64415\/revisions"}],"predecessor-version":[{"id":64417,"href":"https:\/\/akunq.net\/tr\/index.php?rest_route=\/wp\/v2\/posts\/64415\/revisions\/64417"}],"wp:featuredmedia":[{"embeddable":true,"href":"https:\/\/akunq.net\/tr\/index.php?rest_route=\/wp\/v2\/media\/64416"}],"wp:attachment":[{"href":"https:\/\/akunq.net\/tr\/index.php?rest_route=%2Fwp%2Fv2%2Fmedia&parent=64415"}],"wp:term":[{"taxonomy":"category","embeddable":true,"href":"https:\/\/akunq.net\/tr\/index.php?rest_route=%2Fwp%2Fv2%2Fcategories&post=64415"},{"taxonomy":"post_tag","embeddable":true,"href":"https:\/\/akunq.net\/tr\/index.php?rest_route=%2Fwp%2Fv2%2Ftags&post=64415"}],"curies":[{"name":"wp","href":"https:\/\/api.w.org\/{rel}","templated":true}]}}