{"id":64412,"date":"2021-08-26T01:19:01","date_gmt":"2021-08-26T06:19:01","guid":{"rendered":"https:\/\/akunq.net\/tr\/?p=64412"},"modified":"2021-08-26T01:19:01","modified_gmt":"2021-08-26T06:19:01","slug":"turkiyede-tepecik-hoyugunde-3500-yillik-seramik-firin-bulundu","status":"publish","type":"post","link":"https:\/\/akunq.net\/tr\/?p=64412","title":{"rendered":"T\u00fcrkiye\u2019de Tepecik H\u00f6y\u00fc\u011f\u00fc&#8217;nde 3500 y\u0131ll\u0131k &#8216;seramik f\u0131r\u0131n&#8217; bulundu"},"content":{"rendered":"<p><img loading=\"lazy\" decoding=\"async\" class=\"aligncenter size-medium wp-image-64413\" src=\"https:\/\/akunq.net\/tr\/wp-content\/uploads\/2021\/08\/T\u00fcrkiye\u2019de-Tepecik-H\u00f6y\u00fc\u011f\u00fc-360x242.jpg\" alt=\"\" width=\"360\" height=\"242\" srcset=\"https:\/\/akunq.net\/tr\/wp-content\/uploads\/sites\/6\/2021\/08\/T\u00fcrkiye\u2019de-Tepecik-H\u00f6y\u00fc\u011f\u00fc-360x242.jpg 360w, https:\/\/akunq.net\/tr\/wp-content\/uploads\/sites\/6\/2021\/08\/T\u00fcrkiye\u2019de-Tepecik-H\u00f6y\u00fc\u011f\u00fc-560x376.jpg 560w, https:\/\/akunq.net\/tr\/wp-content\/uploads\/sites\/6\/2021\/08\/T\u00fcrkiye\u2019de-Tepecik-H\u00f6y\u00fc\u011f\u00fc-260x175.jpg 260w, https:\/\/akunq.net\/tr\/wp-content\/uploads\/sites\/6\/2021\/08\/T\u00fcrkiye\u2019de-Tepecik-H\u00f6y\u00fc\u011f\u00fc-160x107.jpg 160w, https:\/\/akunq.net\/tr\/wp-content\/uploads\/sites\/6\/2021\/08\/T\u00fcrkiye\u2019de-Tepecik-H\u00f6y\u00fc\u011f\u00fc.jpg 670w\" sizes=\"auto, (max-width: 360px) 100vw, 360px\" \/><\/p>\n<p><strong><em>T\u00fcrkiye&#8217;de\u00a0Ayd\u0131n&#8217;\u0131n \u00c7ine il\u00e7esindeki, ge\u00e7mi\u015fte ticaret merkezi olarak bilinen Tepecik H\u00f6y\u00fc\u011f\u00fc&#8217;nde, 3500 y\u0131l \u00f6ncesine ait seramik f\u0131r\u0131n ortaya \u00e7\u0131kart\u0131ld\u0131.<\/em><\/strong><\/p>\n<p>\u00c7ine Ovas\u0131&#8217;nda zeytin a\u011fa\u00e7lar\u0131 ve m\u0131s\u0131r tarlalar\u0131n\u0131n aras\u0131ndan bulunan Tepecik H\u00f6y\u00fc\u011f\u00fc&#8217;ndeki kaz\u0131 \u00e7al\u0131\u015fmalar\u0131, 2004 y\u0131l\u0131ndan itibaren Hacettepe \u00dcniversitesi Arkeoloji B\u00f6l\u00fcm\u00fc \u00d6\u011fretim \u00dcyesi Prof. Dr. Sevin\u00e7 G\u00fcnel ba\u015fkanl\u0131\u011f\u0131nda y\u00fcr\u00fct\u00fcl\u00fcyor.<\/p>\n<p>Anadolu Ajans\u0131\u2019n\u0131n haberine istinaden Armenpress\u2019in bildirdi\u011fine g\u00f6re h\u00f6y\u00fckte 17 y\u0131ld\u0131r s\u00fcren kaz\u0131 \u00e7al\u0131\u015fmalar\u0131nda 3 kule, d\u00f6nemin y\u00f6neticilerinin resmi ziyarette hediye ama\u00e7l\u0131 kulland\u0131\u011f\u0131 e\u015fyalar\u0131n bulundu\u011fu oda ve f\u0131r\u0131n g\u00fcn y\u00fcz\u00fcne \u00e7\u0131kart\u0131l\u0131rken o d\u00f6nemde alet yap\u0131m\u0131nda kullan\u0131lan obsidyenler de bulundu.<\/p>\n<p>G\u00fcnel, b\u00f6lgede 7 bin 500 y\u0131l \u00f6ncesine uzanan kesintisiz bir ya\u015fam oldu\u011funu belirtti.<\/p>\n<p>H\u00f6y\u00fckte her d\u00f6neme ait ya\u015famdan izlere rastlad\u0131klar\u0131n\u0131 aktaran G\u00fcnel, bunun da b\u00f6lgenin bulundu\u011fu co\u011frafyada g\u00fc\u00e7l\u00fc bir ekonomik merkez oldu\u011funu kan\u0131tlad\u0131\u011f\u0131n\u0131 vurgulad\u0131.<\/p>\n<p>Burada Kalkolitik d\u00f6neme (milattan \u00f6nce 5000-3000) uzanan bir yerle\u015fimden s\u00f6z ettiklerini aktaran G\u00fcnel, bu y\u0131lki kaz\u0131 \u00e7al\u0131\u015fmalar\u0131nda kentin ticaretinde \u00f6nemli olan seramiklerin \u00fcretildi\u011fi bir alan belirlediklerini anlatt\u0131.<\/p>\n<p>Prof. Dr. G\u00fcnel, \u015f\u00f6yle devam etti:<\/p>\n<p>&#8220;\u00c7al\u0131\u015ft\u0131\u011f\u0131m\u0131z alan 3 bin 500 y\u0131l \u00f6ncesine ait mimari kal\u0131nt\u0131lara ve buluntulara sahip. Bu nedenle seramik f\u0131r\u0131n oldu\u011funu d\u00fc\u015f\u00fcn\u00fcyoruz \u00e7\u00fcnk\u00fc bulgularla bunu tespit ettik. D\u00f6\u015femelerinde seramik par\u00e7alar\u0131 yer al\u0131yor ve sert bir dolgu kerpi\u00e7 taban s\u00f6z konusu. \u00c7evresinde de kaplar yer almakta. Kaplar\u0131n seri \u00fcretimine y\u00f6nelik \u00f6rneklerine sahibiz. \u00d6n\u00fcm\u00fczdeki g\u00fcnlerde geni\u015f bir alana yay\u0131ld\u0131k\u00e7a daha netle\u015fecek ve kaplarla birlikte a\u00e7\u0131\u011fa \u00e7\u0131kard\u0131\u011f\u0131m\u0131zda daha net sonu\u00e7lara ula\u015faca\u011f\u0131z.&#8221;<\/p>\n<p>Seramik f\u0131r\u0131n\u0131n\u0131n \u015fimdilik 3 metrelik alan\u0131 kapsad\u0131\u011f\u0131n\u0131 vurgulayan G\u00fcnel, bundan sonra elde edecekleri bulgularla b\u00f6lgedeki ticaretin boyutlar\u0131n\u0131 g\u00f6rmeye \u00e7al\u0131\u015facaklar\u0131n\u0131 dile getirdi.<\/p>\n<p>Alan\u0131n 20 metre ilerisinde bir de e\u015fya deposu bulduklar\u0131n\u0131 belirten G\u00fcnel, &#8220;Oldu\u011fu yerde k\u0131r\u0131lm\u0131\u015f, i\u00e7erisinde \u00fcr\u00fcnler bulunan k\u00fcp ve kap par\u00e7alar\u0131n\u0131 bir arada tespit ettik. Ancak \u00e7ok fazla tahrip olmu\u015f. Bunun nedeni de o d\u00f6nemdeki sel bask\u0131n\u0131. Buna ba\u011fl\u0131 olarak y\u0131k\u0131lma sonucunda depo olarak nitelendirdi\u011fimiz alan\u0131n i\u00e7erisindeki k\u0131r\u0131lan kaplar\u0131 temizliyoruz&#8221; diye konu\u015ftu.<\/p>\n<p>\u0130l K\u00fclt\u00fcr ve Turizm M\u00fcd\u00fcr\u00fc Umut Tuncer de Tepecik H\u00f6y\u00fc\u011f\u00fcn\u00fcn ilgi \u00e7eken bir nokta oldu\u011funu belirterek, Ayd\u0131n&#8217;da ticaretin ilk ba\u015flad\u0131\u011f\u0131 nokta olarak buran\u0131n g\u00f6sterildi\u011fini ifade etti.<\/p>\n<p><em><strong>https:\/\/armenpress.am\/tur\/news\/1061610.html\u00a0<\/strong><\/em><\/p>\n","protected":false},"excerpt":{"rendered":"<p>T\u00fcrkiye&#8217;de\u00a0Ayd\u0131n&#8217;\u0131n \u00c7ine il\u00e7esindeki, ge\u00e7mi\u015fte ticaret merkezi olarak bilinen Tepecik H\u00f6y\u00fc\u011f\u00fc&#8217;nde, 3500 y\u0131l \u00f6ncesine ait seramik f\u0131r\u0131n ortaya \u00e7\u0131kart\u0131ld\u0131. \u00c7ine Ovas\u0131&#8217;nda zeytin a\u011fa\u00e7lar\u0131 ve m\u0131s\u0131r tarlalar\u0131n\u0131n aras\u0131ndan bulunan Tepecik H\u00f6y\u00fc\u011f\u00fc&#8217;ndeki kaz\u0131 \u00e7al\u0131\u015fmalar\u0131, 2004 y\u0131l\u0131ndan itibaren Hacettepe \u00dcniversitesi Arkeoloji B\u00f6l\u00fcm\u00fc \u00d6\u011fretim \u00dcyesi Prof. Dr. Sevin\u00e7 G\u00fcnel ba\u015fkanl\u0131\u011f\u0131nda y\u00fcr\u00fct\u00fcl\u00fcyor. Anadolu Ajans\u0131\u2019n\u0131n haberine istinaden Armenpress\u2019in bildirdi\u011fine g\u00f6re h\u00f6y\u00fckte 17 [&hellip;]<\/p>\n","protected":false},"author":7,"featured_media":64413,"comment_status":"open","ping_status":"open","sticky":false,"template":"","format":"standard","meta":{"footnotes":""},"categories":[1],"tags":[],"class_list":["post-64412","post","type-post","status-publish","format-standard","has-post-thumbnail","hentry","category-haberler"],"yoast_head":"<!-- This site is optimized with the Yoast SEO plugin v27.4 - https:\/\/yoast.com\/product\/yoast-seo-wordpress\/ -->\n<title>T\u00fcrkiye\u2019de Tepecik H\u00f6y\u00fc\u011f\u00fc&#039;nde 3500 y\u0131ll\u0131k &#039;seramik f\u0131r\u0131n&#039; bulundu - Bati Ermenistan Ve Bati Ermenileri Sorunlari Ara\u015ftirmalar Merkezi<\/title>\n<meta name=\"robots\" content=\"index, follow, max-snippet:-1, max-image-preview:large, max-video-preview:-1\" \/>\n<link rel=\"canonical\" href=\"https:\/\/akunq.net\/tr\/?p=64412\" \/>\n<meta property=\"og:locale\" content=\"en_US\" \/>\n<meta property=\"og:type\" content=\"article\" \/>\n<meta property=\"og:title\" content=\"T\u00fcrkiye\u2019de Tepecik H\u00f6y\u00fc\u011f\u00fc&#039;nde 3500 y\u0131ll\u0131k &#039;seramik f\u0131r\u0131n&#039; bulundu - Bati Ermenistan Ve Bati Ermenileri Sorunlari Ara\u015ftirmalar Merkezi\" \/>\n<meta property=\"og:description\" content=\"T\u00fcrkiye&#8217;de\u00a0Ayd\u0131n&#8217;\u0131n \u00c7ine il\u00e7esindeki, ge\u00e7mi\u015fte ticaret merkezi olarak bilinen Tepecik H\u00f6y\u00fc\u011f\u00fc&#8217;nde, 3500 y\u0131l \u00f6ncesine ait seramik f\u0131r\u0131n ortaya \u00e7\u0131kart\u0131ld\u0131. \u00c7ine Ovas\u0131&#8217;nda zeytin a\u011fa\u00e7lar\u0131 ve m\u0131s\u0131r tarlalar\u0131n\u0131n aras\u0131ndan bulunan Tepecik H\u00f6y\u00fc\u011f\u00fc&#8217;ndeki kaz\u0131 \u00e7al\u0131\u015fmalar\u0131, 2004 y\u0131l\u0131ndan itibaren Hacettepe \u00dcniversitesi Arkeoloji B\u00f6l\u00fcm\u00fc \u00d6\u011fretim \u00dcyesi Prof. Dr. Sevin\u00e7 G\u00fcnel ba\u015fkanl\u0131\u011f\u0131nda y\u00fcr\u00fct\u00fcl\u00fcyor. Anadolu Ajans\u0131\u2019n\u0131n haberine istinaden Armenpress\u2019in bildirdi\u011fine g\u00f6re h\u00f6y\u00fckte 17 [&hellip;]\" \/>\n<meta property=\"og:url\" content=\"https:\/\/akunq.net\/tr\/?p=64412\" \/>\n<meta property=\"og:site_name\" content=\"Bati Ermenistan Ve Bati Ermenileri Sorunlari Ara\u015ftirmalar Merkezi\" \/>\n<meta property=\"article:published_time\" content=\"2021-08-26T06:19:01+00:00\" \/>\n<meta property=\"og:image\" content=\"https:\/\/akunq.net\/tr\/wp-content\/uploads\/sites\/6\/2021\/08\/T\u00fcrkiye\u2019de-Tepecik-H\u00f6y\u00fc\u011f\u00fc.jpg\" \/>\n\t<meta property=\"og:image:width\" content=\"670\" \/>\n\t<meta property=\"og:image:height\" content=\"450\" \/>\n\t<meta property=\"og:image:type\" content=\"image\/jpeg\" \/>\n<meta name=\"author\" content=\"admin\" \/>\n<meta name=\"twitter:card\" content=\"summary_large_image\" \/>\n<meta name=\"twitter:label1\" content=\"Written by\" \/>\n\t<meta name=\"twitter:data1\" content=\"admin\" \/>\n\t<meta name=\"twitter:label2\" content=\"Est. reading time\" \/>\n\t<meta name=\"twitter:data2\" content=\"2 minutes\" \/>\n<script type=\"application\/ld+json\" class=\"yoast-schema-graph\">{\"@context\":\"https:\\\/\\\/schema.org\",\"@graph\":[{\"@type\":\"Article\",\"@id\":\"https:\\\/\\\/akunq.net\\\/tr\\\/?p=64412#article\",\"isPartOf\":{\"@id\":\"https:\\\/\\\/akunq.net\\\/tr\\\/?p=64412\"},\"author\":{\"name\":\"admin\",\"@id\":\"https:\\\/\\\/akunq.net\\\/tr\\\/#\\\/schema\\\/person\\\/096f1d38a12cce57fb855b485ed24c9e\"},\"headline\":\"T\u00fcrkiye\u2019de Tepecik H\u00f6y\u00fc\u011f\u00fc&#8217;nde 3500 y\u0131ll\u0131k &#8216;seramik f\u0131r\u0131n&#8217; bulundu\",\"datePublished\":\"2021-08-26T06:19:01+00:00\",\"mainEntityOfPage\":{\"@id\":\"https:\\\/\\\/akunq.net\\\/tr\\\/?p=64412\"},\"wordCount\":495,\"commentCount\":0,\"image\":{\"@id\":\"https:\\\/\\\/akunq.net\\\/tr\\\/?p=64412#primaryimage\"},\"thumbnailUrl\":\"https:\\\/\\\/akunq.net\\\/tr\\\/wp-content\\\/uploads\\\/sites\\\/6\\\/2021\\\/08\\\/T\u00fcrkiye\u2019de-Tepecik-H\u00f6y\u00fc\u011f\u00fc.jpg\",\"articleSection\":[\"Haberler\"],\"inLanguage\":\"en-US\",\"potentialAction\":[{\"@type\":\"CommentAction\",\"name\":\"Comment\",\"target\":[\"https:\\\/\\\/akunq.net\\\/tr\\\/?p=64412#respond\"]}]},{\"@type\":\"WebPage\",\"@id\":\"https:\\\/\\\/akunq.net\\\/tr\\\/?p=64412\",\"url\":\"https:\\\/\\\/akunq.net\\\/tr\\\/?p=64412\",\"name\":\"T\u00fcrkiye\u2019de Tepecik H\u00f6y\u00fc\u011f\u00fc'nde 3500 y\u0131ll\u0131k 'seramik f\u0131r\u0131n' bulundu - Bati Ermenistan Ve Bati Ermenileri Sorunlari Ara\u015ftirmalar Merkezi\",\"isPartOf\":{\"@id\":\"https:\\\/\\\/akunq.net\\\/tr\\\/#website\"},\"primaryImageOfPage\":{\"@id\":\"https:\\\/\\\/akunq.net\\\/tr\\\/?p=64412#primaryimage\"},\"image\":{\"@id\":\"https:\\\/\\\/akunq.net\\\/tr\\\/?p=64412#primaryimage\"},\"thumbnailUrl\":\"https:\\\/\\\/akunq.net\\\/tr\\\/wp-content\\\/uploads\\\/sites\\\/6\\\/2021\\\/08\\\/T\u00fcrkiye\u2019de-Tepecik-H\u00f6y\u00fc\u011f\u00fc.jpg\",\"datePublished\":\"2021-08-26T06:19:01+00:00\",\"author\":{\"@id\":\"https:\\\/\\\/akunq.net\\\/tr\\\/#\\\/schema\\\/person\\\/096f1d38a12cce57fb855b485ed24c9e\"},\"breadcrumb\":{\"@id\":\"https:\\\/\\\/akunq.net\\\/tr\\\/?p=64412#breadcrumb\"},\"inLanguage\":\"en-US\",\"potentialAction\":[{\"@type\":\"ReadAction\",\"target\":[\"https:\\\/\\\/akunq.net\\\/tr\\\/?p=64412\"]}]},{\"@type\":\"ImageObject\",\"inLanguage\":\"en-US\",\"@id\":\"https:\\\/\\\/akunq.net\\\/tr\\\/?p=64412#primaryimage\",\"url\":\"https:\\\/\\\/akunq.net\\\/tr\\\/wp-content\\\/uploads\\\/sites\\\/6\\\/2021\\\/08\\\/T\u00fcrkiye\u2019de-Tepecik-H\u00f6y\u00fc\u011f\u00fc.jpg\",\"contentUrl\":\"https:\\\/\\\/akunq.net\\\/tr\\\/wp-content\\\/uploads\\\/sites\\\/6\\\/2021\\\/08\\\/T\u00fcrkiye\u2019de-Tepecik-H\u00f6y\u00fc\u011f\u00fc.jpg\",\"width\":670,\"height\":450},{\"@type\":\"BreadcrumbList\",\"@id\":\"https:\\\/\\\/akunq.net\\\/tr\\\/?p=64412#breadcrumb\",\"itemListElement\":[{\"@type\":\"ListItem\",\"position\":1,\"name\":\"Home\",\"item\":\"https:\\\/\\\/akunq.net\\\/tr\"},{\"@type\":\"ListItem\",\"position\":2,\"name\":\"T\u00fcrkiye\u2019de Tepecik H\u00f6y\u00fc\u011f\u00fc&#8217;nde 3500 y\u0131ll\u0131k &#8216;seramik f\u0131r\u0131n&#8217; bulundu\"}]},{\"@type\":\"WebSite\",\"@id\":\"https:\\\/\\\/akunq.net\\\/tr\\\/#website\",\"url\":\"https:\\\/\\\/akunq.net\\\/tr\\\/\",\"name\":\"Bati Ermenistan Ve Bati Ermenileri Sorunlari Ara\u015ftirmalar Merkezi\",\"description\":\"\",\"potentialAction\":[{\"@type\":\"SearchAction\",\"target\":{\"@type\":\"EntryPoint\",\"urlTemplate\":\"https:\\\/\\\/akunq.net\\\/tr\\\/?s={search_term_string}\"},\"query-input\":{\"@type\":\"PropertyValueSpecification\",\"valueRequired\":true,\"valueName\":\"search_term_string\"}}],\"inLanguage\":\"en-US\"},{\"@type\":\"Person\",\"@id\":\"https:\\\/\\\/akunq.net\\\/tr\\\/#\\\/schema\\\/person\\\/096f1d38a12cce57fb855b485ed24c9e\",\"name\":\"admin\",\"url\":\"https:\\\/\\\/akunq.net\\\/tr\\\/?author=7\"}]}<\/script>\n<!-- \/ Yoast SEO plugin. -->","yoast_head_json":{"title":"T\u00fcrkiye\u2019de Tepecik H\u00f6y\u00fc\u011f\u00fc'nde 3500 y\u0131ll\u0131k 'seramik f\u0131r\u0131n' bulundu - Bati Ermenistan Ve Bati Ermenileri Sorunlari Ara\u015ftirmalar Merkezi","robots":{"index":"index","follow":"follow","max-snippet":"max-snippet:-1","max-image-preview":"max-image-preview:large","max-video-preview":"max-video-preview:-1"},"canonical":"https:\/\/akunq.net\/tr\/?p=64412","og_locale":"en_US","og_type":"article","og_title":"T\u00fcrkiye\u2019de Tepecik H\u00f6y\u00fc\u011f\u00fc'nde 3500 y\u0131ll\u0131k 'seramik f\u0131r\u0131n' bulundu - Bati Ermenistan Ve Bati Ermenileri Sorunlari Ara\u015ftirmalar Merkezi","og_description":"T\u00fcrkiye&#8217;de\u00a0Ayd\u0131n&#8217;\u0131n \u00c7ine il\u00e7esindeki, ge\u00e7mi\u015fte ticaret merkezi olarak bilinen Tepecik H\u00f6y\u00fc\u011f\u00fc&#8217;nde, 3500 y\u0131l \u00f6ncesine ait seramik f\u0131r\u0131n ortaya \u00e7\u0131kart\u0131ld\u0131. \u00c7ine Ovas\u0131&#8217;nda zeytin a\u011fa\u00e7lar\u0131 ve m\u0131s\u0131r tarlalar\u0131n\u0131n aras\u0131ndan bulunan Tepecik H\u00f6y\u00fc\u011f\u00fc&#8217;ndeki kaz\u0131 \u00e7al\u0131\u015fmalar\u0131, 2004 y\u0131l\u0131ndan itibaren Hacettepe \u00dcniversitesi Arkeoloji B\u00f6l\u00fcm\u00fc \u00d6\u011fretim \u00dcyesi Prof. Dr. Sevin\u00e7 G\u00fcnel ba\u015fkanl\u0131\u011f\u0131nda y\u00fcr\u00fct\u00fcl\u00fcyor. Anadolu Ajans\u0131\u2019n\u0131n haberine istinaden Armenpress\u2019in bildirdi\u011fine g\u00f6re h\u00f6y\u00fckte 17 [&hellip;]","og_url":"https:\/\/akunq.net\/tr\/?p=64412","og_site_name":"Bati Ermenistan Ve Bati Ermenileri Sorunlari Ara\u015ftirmalar Merkezi","article_published_time":"2021-08-26T06:19:01+00:00","og_image":[{"width":670,"height":450,"url":"https:\/\/akunq.net\/tr\/wp-content\/uploads\/sites\/6\/2021\/08\/T\u00fcrkiye\u2019de-Tepecik-H\u00f6y\u00fc\u011f\u00fc.jpg","type":"image\/jpeg"}],"author":"admin","twitter_card":"summary_large_image","twitter_misc":{"Written by":"admin","Est. reading time":"2 minutes"},"schema":{"@context":"https:\/\/schema.org","@graph":[{"@type":"Article","@id":"https:\/\/akunq.net\/tr\/?p=64412#article","isPartOf":{"@id":"https:\/\/akunq.net\/tr\/?p=64412"},"author":{"name":"admin","@id":"https:\/\/akunq.net\/tr\/#\/schema\/person\/096f1d38a12cce57fb855b485ed24c9e"},"headline":"T\u00fcrkiye\u2019de Tepecik H\u00f6y\u00fc\u011f\u00fc&#8217;nde 3500 y\u0131ll\u0131k &#8216;seramik f\u0131r\u0131n&#8217; bulundu","datePublished":"2021-08-26T06:19:01+00:00","mainEntityOfPage":{"@id":"https:\/\/akunq.net\/tr\/?p=64412"},"wordCount":495,"commentCount":0,"image":{"@id":"https:\/\/akunq.net\/tr\/?p=64412#primaryimage"},"thumbnailUrl":"https:\/\/akunq.net\/tr\/wp-content\/uploads\/sites\/6\/2021\/08\/T\u00fcrkiye\u2019de-Tepecik-H\u00f6y\u00fc\u011f\u00fc.jpg","articleSection":["Haberler"],"inLanguage":"en-US","potentialAction":[{"@type":"CommentAction","name":"Comment","target":["https:\/\/akunq.net\/tr\/?p=64412#respond"]}]},{"@type":"WebPage","@id":"https:\/\/akunq.net\/tr\/?p=64412","url":"https:\/\/akunq.net\/tr\/?p=64412","name":"T\u00fcrkiye\u2019de Tepecik H\u00f6y\u00fc\u011f\u00fc'nde 3500 y\u0131ll\u0131k 'seramik f\u0131r\u0131n' bulundu - Bati Ermenistan Ve Bati Ermenileri Sorunlari Ara\u015ftirmalar Merkezi","isPartOf":{"@id":"https:\/\/akunq.net\/tr\/#website"},"primaryImageOfPage":{"@id":"https:\/\/akunq.net\/tr\/?p=64412#primaryimage"},"image":{"@id":"https:\/\/akunq.net\/tr\/?p=64412#primaryimage"},"thumbnailUrl":"https:\/\/akunq.net\/tr\/wp-content\/uploads\/sites\/6\/2021\/08\/T\u00fcrkiye\u2019de-Tepecik-H\u00f6y\u00fc\u011f\u00fc.jpg","datePublished":"2021-08-26T06:19:01+00:00","author":{"@id":"https:\/\/akunq.net\/tr\/#\/schema\/person\/096f1d38a12cce57fb855b485ed24c9e"},"breadcrumb":{"@id":"https:\/\/akunq.net\/tr\/?p=64412#breadcrumb"},"inLanguage":"en-US","potentialAction":[{"@type":"ReadAction","target":["https:\/\/akunq.net\/tr\/?p=64412"]}]},{"@type":"ImageObject","inLanguage":"en-US","@id":"https:\/\/akunq.net\/tr\/?p=64412#primaryimage","url":"https:\/\/akunq.net\/tr\/wp-content\/uploads\/sites\/6\/2021\/08\/T\u00fcrkiye\u2019de-Tepecik-H\u00f6y\u00fc\u011f\u00fc.jpg","contentUrl":"https:\/\/akunq.net\/tr\/wp-content\/uploads\/sites\/6\/2021\/08\/T\u00fcrkiye\u2019de-Tepecik-H\u00f6y\u00fc\u011f\u00fc.jpg","width":670,"height":450},{"@type":"BreadcrumbList","@id":"https:\/\/akunq.net\/tr\/?p=64412#breadcrumb","itemListElement":[{"@type":"ListItem","position":1,"name":"Home","item":"https:\/\/akunq.net\/tr"},{"@type":"ListItem","position":2,"name":"T\u00fcrkiye\u2019de Tepecik H\u00f6y\u00fc\u011f\u00fc&#8217;nde 3500 y\u0131ll\u0131k &#8216;seramik f\u0131r\u0131n&#8217; bulundu"}]},{"@type":"WebSite","@id":"https:\/\/akunq.net\/tr\/#website","url":"https:\/\/akunq.net\/tr\/","name":"Bati Ermenistan Ve Bati Ermenileri Sorunlari Ara\u015ftirmalar Merkezi","description":"","potentialAction":[{"@type":"SearchAction","target":{"@type":"EntryPoint","urlTemplate":"https:\/\/akunq.net\/tr\/?s={search_term_string}"},"query-input":{"@type":"PropertyValueSpecification","valueRequired":true,"valueName":"search_term_string"}}],"inLanguage":"en-US"},{"@type":"Person","@id":"https:\/\/akunq.net\/tr\/#\/schema\/person\/096f1d38a12cce57fb855b485ed24c9e","name":"admin","url":"https:\/\/akunq.net\/tr\/?author=7"}]}},"_links":{"self":[{"href":"https:\/\/akunq.net\/tr\/index.php?rest_route=\/wp\/v2\/posts\/64412","targetHints":{"allow":["GET"]}}],"collection":[{"href":"https:\/\/akunq.net\/tr\/index.php?rest_route=\/wp\/v2\/posts"}],"about":[{"href":"https:\/\/akunq.net\/tr\/index.php?rest_route=\/wp\/v2\/types\/post"}],"author":[{"embeddable":true,"href":"https:\/\/akunq.net\/tr\/index.php?rest_route=\/wp\/v2\/users\/7"}],"replies":[{"embeddable":true,"href":"https:\/\/akunq.net\/tr\/index.php?rest_route=%2Fwp%2Fv2%2Fcomments&post=64412"}],"version-history":[{"count":1,"href":"https:\/\/akunq.net\/tr\/index.php?rest_route=\/wp\/v2\/posts\/64412\/revisions"}],"predecessor-version":[{"id":64414,"href":"https:\/\/akunq.net\/tr\/index.php?rest_route=\/wp\/v2\/posts\/64412\/revisions\/64414"}],"wp:featuredmedia":[{"embeddable":true,"href":"https:\/\/akunq.net\/tr\/index.php?rest_route=\/wp\/v2\/media\/64413"}],"wp:attachment":[{"href":"https:\/\/akunq.net\/tr\/index.php?rest_route=%2Fwp%2Fv2%2Fmedia&parent=64412"}],"wp:term":[{"taxonomy":"category","embeddable":true,"href":"https:\/\/akunq.net\/tr\/index.php?rest_route=%2Fwp%2Fv2%2Fcategories&post=64412"},{"taxonomy":"post_tag","embeddable":true,"href":"https:\/\/akunq.net\/tr\/index.php?rest_route=%2Fwp%2Fv2%2Ftags&post=64412"}],"curies":[{"name":"wp","href":"https:\/\/api.w.org\/{rel}","templated":true}]}}