{"id":64409,"date":"2021-08-26T01:10:50","date_gmt":"2021-08-26T06:10:50","guid":{"rendered":"https:\/\/akunq.net\/tr\/?p=64409"},"modified":"2021-08-26T01:10:50","modified_gmt":"2021-08-26T06:10:50","slug":"amasya-muzesinde-ermeni-inciller-sergileniyor-ancak-ermenice-olduklari-dile-getirilmiyor-foto","status":"publish","type":"post","link":"https:\/\/akunq.net\/tr\/?p=64409","title":{"rendered":"Amasya M\u00fczesi&#8217;nde Ermeni \u0130nciller sergileniyor, ancak Ermenice olduklar\u0131 dile getirilmiyor (foto)"},"content":{"rendered":"<div class=\"html-content\">\n<p><img loading=\"lazy\" decoding=\"async\" class=\"aligncenter size-medium wp-image-64410\" src=\"https:\/\/akunq.net\/tr\/wp-content\/uploads\/2021\/08\/Amasya-M\u00fczesinde-Ermeni-\u0130nciller-203x270.jpg\" alt=\"\" width=\"203\" height=\"270\" srcset=\"https:\/\/akunq.net\/tr\/wp-content\/uploads\/sites\/6\/2021\/08\/Amasya-M\u00fczesinde-Ermeni-\u0130nciller-203x270.jpg 203w, https:\/\/akunq.net\/tr\/wp-content\/uploads\/sites\/6\/2021\/08\/Amasya-M\u00fczesinde-Ermeni-\u0130nciller-768x1024.jpg 768w, https:\/\/akunq.net\/tr\/wp-content\/uploads\/sites\/6\/2021\/08\/Amasya-M\u00fczesinde-Ermeni-\u0130nciller-1152x1536.jpg 1152w, https:\/\/akunq.net\/tr\/wp-content\/uploads\/sites\/6\/2021\/08\/Amasya-M\u00fczesinde-Ermeni-\u0130nciller-560x747.jpg 560w, https:\/\/akunq.net\/tr\/wp-content\/uploads\/sites\/6\/2021\/08\/Amasya-M\u00fczesinde-Ermeni-\u0130nciller-260x347.jpg 260w, https:\/\/akunq.net\/tr\/wp-content\/uploads\/sites\/6\/2021\/08\/Amasya-M\u00fczesinde-Ermeni-\u0130nciller-160x213.jpg 160w, https:\/\/akunq.net\/tr\/wp-content\/uploads\/sites\/6\/2021\/08\/Amasya-M\u00fczesinde-Ermeni-\u0130nciller.jpg 1536w\" sizes=\"auto, (max-width: 203px) 100vw, 203px\" \/><\/p>\n<p><em><strong>T\u00fcrkiye\u2019deki Amasya M\u00fczesi\u2019nde Ermeni k\u00fclt\u00fcr miras eserleri sergileniyor, ancak M\u00fcze sorumlular\u0131, ziyaret\u00e7ilerine bu eserlerin Ermenilere ait oldu\u011funa ve hatta a\u00e7\u0131k halde segilenen \u0130ncillerin Ermenice oldu\u011funa dair herhangi bir bilgi\u00a0 aktarmaya gerek duymuyor. Muhtemelen eserlerin \u201cBizans\u201d b\u00f6l\u00fcm\u00fcne dahil edilmesinin,\u201cErmeni\u201d kelimesinin unutturulmas\u0131 i\u00e7in yeterli olaca\u011f\u0131 d\u00fc\u015f\u00fcn\u00fcl\u00fcyor.<\/strong><\/em><\/p>\n<p>\u201cBa\u015fak\u201d isimli \u201cTwitter\u201d kullan\u0131c\u0131s\u0131, sergiden baz\u0131 kareler payla\u015farak, \u015fu yorumlar\u0131 yapt\u0131: &#8220;Amasya M\u00fczesi Do\u011fu Roma\/Bizans b\u00f6l\u00fcm\u00fc hatalarla dolu. Cahillik, i\u015f bilmezlik, umursamazl\u0131k ve kasti bilgi saklama i\u00e7 i\u00e7e ge\u00e7mi\u015f. Sergileme tercihleri s\u0131k\u0131nt\u0131l\u0131. Bu \u00fclkedeki bitmeyen ge\u00e7mi\u015f korkusunun \u00f6rne\u011fi olarak g\u00f6sterilebilir. Bu Meryem Ana heykeli Do\u011fu Roma d\u00f6nemine aitmi\u015f!?!\u201d<\/p>\n<p>\u201cDo\u011fu Roma ba\u015fl\u0131\u011f\u0131 alt\u0131nda 19. y\u00fczy\u0131la ait Amasya ve \u00e7evresinden getirilen heykel, ikona ve inciller sergileniyor. Nereden, nas\u0131l geldiklerine dair izahat yok ya da belli belirsiz. \u0130nciller Ermenice ama Ermenice olduklar\u0131na dair ziyaret\u00e7ilere bilgi verilmiyor.&#8221;<\/p>\n<p>B\u00fct\u00fcn bunlardan dolay\u0131 M\u00fcze\u2019nin sundu\u011fu verilerden \u015f\u00fcphelenen kullan\u0131c\u0131, \u201cVelhas\u0131l\u0131 kelam, m\u00fczede ba\u015fka hatalar, \u015f\u00fcphe duydu\u011fum bilgiler ile kar\u015f\u0131la\u015ft\u0131m. Bildi\u011fim konularda hal b\u00f6yle olunca, acaba bilmedi\u011fim, hakim olmad\u0131\u011f\u0131m ba\u015fl\u0131klarda nas\u0131l hatalar var? Okudu\u011fum \u015feylere inansam m\u0131? M\u00fcze sahih bilgi veriyor mu? Sorular\u0131yla ba\u015fba\u015fa kald\u0131m\u201d ifadelerine de yer verdi.<\/p>\n<div class=\"twitter-tweet twitter-tweet-rendered\"><iframe id=\"twitter-widget-0\" class=\"\" title=\"Twitter Tweet\" src=\"https:\/\/platform.twitter.com\/embed\/Tweet.html?dnt=false&amp;embedId=twitter-widget-0&amp;features=eyJ0ZndfZXhwZXJpbWVudHNfY29va2llX2V4cGlyYXRpb24iOnsiYnVja2V0IjoxMjA5NjAwLCJ2ZXJzaW9uIjpudWxsfSwidGZ3X2hvcml6b25fdHdlZXRfZW1iZWRfOTU1NSI6eyJidWNrZXQiOiJodGUiLCJ2ZXJzaW9uIjpudWxsfSwidGZ3X3NwYWNlX2NhcmQiOnsiYnVja2V0Ijoib2ZmIiwidmVyc2lvbiI6bnVsbH19&amp;frame=false&amp;hideCard=false&amp;hideThread=false&amp;id=1430064374878810133&amp;lang=en&amp;origin=https%3A%2F%2Fwww.ermenihaber.am%2Ftr%2Fnews%2F2021%2F08%2F25%2FT%25C3%25BCrkiye-Amasya-M%25C3%25BCzesi-Ermenice-%25C4%25B0nciller%2F213988&amp;sessionId=a2ab5f29df46a14d1782f1775f18c0fc1dbea68c&amp;siteScreenName=Ermenihaber&amp;theme=light&amp;widgetsVersion=1890d59c%3A1627936082797&amp;width=550px\" frameborder=\"0\" scrolling=\"no\" allowfullscreen=\"allowfullscreen\" data-tweet-id=\"1430064374878810133\" data-mce-fragment=\"1\"><\/iframe><\/div>\n<\/div>\n<div class=\"current-author fl cb\"><em><strong><a class=\"a-none\" href=\"https:\/\/www.ermenihaber.am\/tr\/news\/2021\/08\/25\/T%C3%BCrkiye-Amasya-M%C3%BCzesi-Ermenice-%C4%B0nciller\/213988\">Ermenihaber.am<\/a><\/strong><\/em><\/div>\n<div class=\"cb\"><\/div>\n<div class=\"current-socials\">\n<div id=\"st-1\" class=\"sharethis-inline-share-buttons st-left  st-inline-share-buttons st-animated\">\n<div class=\"st-btn st-first\" data-network=\"facebook\"><\/div>\n<div class=\"st-btn\" data-network=\"twitter\"><\/div>\n<div class=\"st-btn\" data-network=\"pinterest\"><\/div>\n<div class=\"st-btn\" data-network=\"email\"><\/div>\n<\/div>\n<\/div>\n","protected":false},"excerpt":{"rendered":"<p>T\u00fcrkiye\u2019deki Amasya M\u00fczesi\u2019nde Ermeni k\u00fclt\u00fcr miras eserleri sergileniyor, ancak M\u00fcze sorumlular\u0131, ziyaret\u00e7ilerine bu eserlerin Ermenilere ait oldu\u011funa ve hatta a\u00e7\u0131k halde segilenen \u0130ncillerin Ermenice oldu\u011funa dair herhangi bir bilgi\u00a0 aktarmaya gerek duymuyor. Muhtemelen eserlerin \u201cBizans\u201d b\u00f6l\u00fcm\u00fcne dahil edilmesinin,\u201cErmeni\u201d kelimesinin unutturulmas\u0131 i\u00e7in yeterli olaca\u011f\u0131 d\u00fc\u015f\u00fcn\u00fcl\u00fcyor. \u201cBa\u015fak\u201d isimli \u201cTwitter\u201d kullan\u0131c\u0131s\u0131, sergiden baz\u0131 kareler payla\u015farak, \u015fu yorumlar\u0131 yapt\u0131: [&hellip;]<\/p>\n","protected":false},"author":7,"featured_media":64410,"comment_status":"open","ping_status":"open","sticky":false,"template":"","format":"standard","meta":{"footnotes":""},"categories":[1],"tags":[],"class_list":["post-64409","post","type-post","status-publish","format-standard","has-post-thumbnail","hentry","category-haberler"],"yoast_head":"<!-- This site is optimized with the Yoast SEO plugin v27.4 - https:\/\/yoast.com\/product\/yoast-seo-wordpress\/ -->\n<title>Amasya M\u00fczesi&#039;nde Ermeni \u0130nciller sergileniyor, ancak Ermenice olduklar\u0131 dile getirilmiyor (foto) - Bati Ermenistan Ve Bati Ermenileri Sorunlari Ara\u015ftirmalar Merkezi<\/title>\n<meta name=\"robots\" content=\"index, follow, max-snippet:-1, max-image-preview:large, max-video-preview:-1\" \/>\n<link rel=\"canonical\" href=\"https:\/\/akunq.net\/tr\/?p=64409\" \/>\n<meta property=\"og:locale\" content=\"en_US\" \/>\n<meta property=\"og:type\" content=\"article\" \/>\n<meta property=\"og:title\" content=\"Amasya M\u00fczesi&#039;nde Ermeni \u0130nciller sergileniyor, ancak Ermenice olduklar\u0131 dile getirilmiyor (foto) - Bati Ermenistan Ve Bati Ermenileri Sorunlari Ara\u015ftirmalar Merkezi\" \/>\n<meta property=\"og:description\" content=\"T\u00fcrkiye\u2019deki Amasya M\u00fczesi\u2019nde Ermeni k\u00fclt\u00fcr miras eserleri sergileniyor, ancak M\u00fcze sorumlular\u0131, ziyaret\u00e7ilerine bu eserlerin Ermenilere ait oldu\u011funa ve hatta a\u00e7\u0131k halde segilenen \u0130ncillerin Ermenice oldu\u011funa dair herhangi bir bilgi\u00a0 aktarmaya gerek duymuyor. Muhtemelen eserlerin \u201cBizans\u201d b\u00f6l\u00fcm\u00fcne dahil edilmesinin,\u201cErmeni\u201d kelimesinin unutturulmas\u0131 i\u00e7in yeterli olaca\u011f\u0131 d\u00fc\u015f\u00fcn\u00fcl\u00fcyor. \u201cBa\u015fak\u201d isimli \u201cTwitter\u201d kullan\u0131c\u0131s\u0131, sergiden baz\u0131 kareler payla\u015farak, \u015fu yorumlar\u0131 yapt\u0131: [&hellip;]\" \/>\n<meta property=\"og:url\" content=\"https:\/\/akunq.net\/tr\/?p=64409\" \/>\n<meta property=\"og:site_name\" content=\"Bati Ermenistan Ve Bati Ermenileri Sorunlari Ara\u015ftirmalar Merkezi\" \/>\n<meta property=\"article:published_time\" content=\"2021-08-26T06:10:50+00:00\" \/>\n<meta property=\"og:image\" content=\"https:\/\/akunq.net\/tr\/wp-content\/uploads\/sites\/6\/2021\/08\/Amasya-M\u00fczesinde-Ermeni-\u0130nciller.jpg\" \/>\n\t<meta property=\"og:image:width\" content=\"1536\" \/>\n\t<meta property=\"og:image:height\" content=\"2048\" \/>\n\t<meta property=\"og:image:type\" content=\"image\/jpeg\" \/>\n<meta name=\"author\" content=\"admin\" \/>\n<meta name=\"twitter:card\" content=\"summary_large_image\" \/>\n<meta name=\"twitter:label1\" content=\"Written by\" \/>\n\t<meta name=\"twitter:data1\" content=\"admin\" \/>\n\t<meta name=\"twitter:label2\" content=\"Est. reading time\" \/>\n\t<meta name=\"twitter:data2\" content=\"1 minute\" \/>\n<script type=\"application\/ld+json\" class=\"yoast-schema-graph\">{\"@context\":\"https:\\\/\\\/schema.org\",\"@graph\":[{\"@type\":\"Article\",\"@id\":\"https:\\\/\\\/akunq.net\\\/tr\\\/?p=64409#article\",\"isPartOf\":{\"@id\":\"https:\\\/\\\/akunq.net\\\/tr\\\/?p=64409\"},\"author\":{\"name\":\"admin\",\"@id\":\"https:\\\/\\\/akunq.net\\\/tr\\\/#\\\/schema\\\/person\\\/096f1d38a12cce57fb855b485ed24c9e\"},\"headline\":\"Amasya M\u00fczesi&#8217;nde Ermeni \u0130nciller sergileniyor, ancak Ermenice olduklar\u0131 dile getirilmiyor (foto)\",\"datePublished\":\"2021-08-26T06:10:50+00:00\",\"mainEntityOfPage\":{\"@id\":\"https:\\\/\\\/akunq.net\\\/tr\\\/?p=64409\"},\"wordCount\":260,\"commentCount\":0,\"image\":{\"@id\":\"https:\\\/\\\/akunq.net\\\/tr\\\/?p=64409#primaryimage\"},\"thumbnailUrl\":\"https:\\\/\\\/akunq.net\\\/tr\\\/wp-content\\\/uploads\\\/sites\\\/6\\\/2021\\\/08\\\/Amasya-M\u00fczesinde-Ermeni-\u0130nciller.jpg\",\"articleSection\":[\"Haberler\"],\"inLanguage\":\"en-US\",\"potentialAction\":[{\"@type\":\"CommentAction\",\"name\":\"Comment\",\"target\":[\"https:\\\/\\\/akunq.net\\\/tr\\\/?p=64409#respond\"]}]},{\"@type\":\"WebPage\",\"@id\":\"https:\\\/\\\/akunq.net\\\/tr\\\/?p=64409\",\"url\":\"https:\\\/\\\/akunq.net\\\/tr\\\/?p=64409\",\"name\":\"Amasya M\u00fczesi'nde Ermeni \u0130nciller sergileniyor, ancak Ermenice olduklar\u0131 dile getirilmiyor (foto) - Bati Ermenistan Ve Bati Ermenileri Sorunlari Ara\u015ftirmalar Merkezi\",\"isPartOf\":{\"@id\":\"https:\\\/\\\/akunq.net\\\/tr\\\/#website\"},\"primaryImageOfPage\":{\"@id\":\"https:\\\/\\\/akunq.net\\\/tr\\\/?p=64409#primaryimage\"},\"image\":{\"@id\":\"https:\\\/\\\/akunq.net\\\/tr\\\/?p=64409#primaryimage\"},\"thumbnailUrl\":\"https:\\\/\\\/akunq.net\\\/tr\\\/wp-content\\\/uploads\\\/sites\\\/6\\\/2021\\\/08\\\/Amasya-M\u00fczesinde-Ermeni-\u0130nciller.jpg\",\"datePublished\":\"2021-08-26T06:10:50+00:00\",\"author\":{\"@id\":\"https:\\\/\\\/akunq.net\\\/tr\\\/#\\\/schema\\\/person\\\/096f1d38a12cce57fb855b485ed24c9e\"},\"breadcrumb\":{\"@id\":\"https:\\\/\\\/akunq.net\\\/tr\\\/?p=64409#breadcrumb\"},\"inLanguage\":\"en-US\",\"potentialAction\":[{\"@type\":\"ReadAction\",\"target\":[\"https:\\\/\\\/akunq.net\\\/tr\\\/?p=64409\"]}]},{\"@type\":\"ImageObject\",\"inLanguage\":\"en-US\",\"@id\":\"https:\\\/\\\/akunq.net\\\/tr\\\/?p=64409#primaryimage\",\"url\":\"https:\\\/\\\/akunq.net\\\/tr\\\/wp-content\\\/uploads\\\/sites\\\/6\\\/2021\\\/08\\\/Amasya-M\u00fczesinde-Ermeni-\u0130nciller.jpg\",\"contentUrl\":\"https:\\\/\\\/akunq.net\\\/tr\\\/wp-content\\\/uploads\\\/sites\\\/6\\\/2021\\\/08\\\/Amasya-M\u00fczesinde-Ermeni-\u0130nciller.jpg\",\"width\":1536,\"height\":2048},{\"@type\":\"BreadcrumbList\",\"@id\":\"https:\\\/\\\/akunq.net\\\/tr\\\/?p=64409#breadcrumb\",\"itemListElement\":[{\"@type\":\"ListItem\",\"position\":1,\"name\":\"Home\",\"item\":\"https:\\\/\\\/akunq.net\\\/tr\"},{\"@type\":\"ListItem\",\"position\":2,\"name\":\"Amasya M\u00fczesi&#8217;nde Ermeni \u0130nciller sergileniyor, ancak Ermenice olduklar\u0131 dile getirilmiyor (foto)\"}]},{\"@type\":\"WebSite\",\"@id\":\"https:\\\/\\\/akunq.net\\\/tr\\\/#website\",\"url\":\"https:\\\/\\\/akunq.net\\\/tr\\\/\",\"name\":\"Bati Ermenistan Ve Bati Ermenileri Sorunlari Ara\u015ftirmalar Merkezi\",\"description\":\"\",\"potentialAction\":[{\"@type\":\"SearchAction\",\"target\":{\"@type\":\"EntryPoint\",\"urlTemplate\":\"https:\\\/\\\/akunq.net\\\/tr\\\/?s={search_term_string}\"},\"query-input\":{\"@type\":\"PropertyValueSpecification\",\"valueRequired\":true,\"valueName\":\"search_term_string\"}}],\"inLanguage\":\"en-US\"},{\"@type\":\"Person\",\"@id\":\"https:\\\/\\\/akunq.net\\\/tr\\\/#\\\/schema\\\/person\\\/096f1d38a12cce57fb855b485ed24c9e\",\"name\":\"admin\",\"url\":\"https:\\\/\\\/akunq.net\\\/tr\\\/?author=7\"}]}<\/script>\n<!-- \/ Yoast SEO plugin. -->","yoast_head_json":{"title":"Amasya M\u00fczesi'nde Ermeni \u0130nciller sergileniyor, ancak Ermenice olduklar\u0131 dile getirilmiyor (foto) - Bati Ermenistan Ve Bati Ermenileri Sorunlari Ara\u015ftirmalar Merkezi","robots":{"index":"index","follow":"follow","max-snippet":"max-snippet:-1","max-image-preview":"max-image-preview:large","max-video-preview":"max-video-preview:-1"},"canonical":"https:\/\/akunq.net\/tr\/?p=64409","og_locale":"en_US","og_type":"article","og_title":"Amasya M\u00fczesi'nde Ermeni \u0130nciller sergileniyor, ancak Ermenice olduklar\u0131 dile getirilmiyor (foto) - Bati Ermenistan Ve Bati Ermenileri Sorunlari Ara\u015ftirmalar Merkezi","og_description":"T\u00fcrkiye\u2019deki Amasya M\u00fczesi\u2019nde Ermeni k\u00fclt\u00fcr miras eserleri sergileniyor, ancak M\u00fcze sorumlular\u0131, ziyaret\u00e7ilerine bu eserlerin Ermenilere ait oldu\u011funa ve hatta a\u00e7\u0131k halde segilenen \u0130ncillerin Ermenice oldu\u011funa dair herhangi bir bilgi\u00a0 aktarmaya gerek duymuyor. Muhtemelen eserlerin \u201cBizans\u201d b\u00f6l\u00fcm\u00fcne dahil edilmesinin,\u201cErmeni\u201d kelimesinin unutturulmas\u0131 i\u00e7in yeterli olaca\u011f\u0131 d\u00fc\u015f\u00fcn\u00fcl\u00fcyor. \u201cBa\u015fak\u201d isimli \u201cTwitter\u201d kullan\u0131c\u0131s\u0131, sergiden baz\u0131 kareler payla\u015farak, \u015fu yorumlar\u0131 yapt\u0131: [&hellip;]","og_url":"https:\/\/akunq.net\/tr\/?p=64409","og_site_name":"Bati Ermenistan Ve Bati Ermenileri Sorunlari Ara\u015ftirmalar Merkezi","article_published_time":"2021-08-26T06:10:50+00:00","og_image":[{"width":1536,"height":2048,"url":"https:\/\/akunq.net\/tr\/wp-content\/uploads\/sites\/6\/2021\/08\/Amasya-M\u00fczesinde-Ermeni-\u0130nciller.jpg","type":"image\/jpeg"}],"author":"admin","twitter_card":"summary_large_image","twitter_misc":{"Written by":"admin","Est. reading time":"1 minute"},"schema":{"@context":"https:\/\/schema.org","@graph":[{"@type":"Article","@id":"https:\/\/akunq.net\/tr\/?p=64409#article","isPartOf":{"@id":"https:\/\/akunq.net\/tr\/?p=64409"},"author":{"name":"admin","@id":"https:\/\/akunq.net\/tr\/#\/schema\/person\/096f1d38a12cce57fb855b485ed24c9e"},"headline":"Amasya M\u00fczesi&#8217;nde Ermeni \u0130nciller sergileniyor, ancak Ermenice olduklar\u0131 dile getirilmiyor (foto)","datePublished":"2021-08-26T06:10:50+00:00","mainEntityOfPage":{"@id":"https:\/\/akunq.net\/tr\/?p=64409"},"wordCount":260,"commentCount":0,"image":{"@id":"https:\/\/akunq.net\/tr\/?p=64409#primaryimage"},"thumbnailUrl":"https:\/\/akunq.net\/tr\/wp-content\/uploads\/sites\/6\/2021\/08\/Amasya-M\u00fczesinde-Ermeni-\u0130nciller.jpg","articleSection":["Haberler"],"inLanguage":"en-US","potentialAction":[{"@type":"CommentAction","name":"Comment","target":["https:\/\/akunq.net\/tr\/?p=64409#respond"]}]},{"@type":"WebPage","@id":"https:\/\/akunq.net\/tr\/?p=64409","url":"https:\/\/akunq.net\/tr\/?p=64409","name":"Amasya M\u00fczesi'nde Ermeni \u0130nciller sergileniyor, ancak Ermenice olduklar\u0131 dile getirilmiyor (foto) - Bati Ermenistan Ve Bati Ermenileri Sorunlari Ara\u015ftirmalar Merkezi","isPartOf":{"@id":"https:\/\/akunq.net\/tr\/#website"},"primaryImageOfPage":{"@id":"https:\/\/akunq.net\/tr\/?p=64409#primaryimage"},"image":{"@id":"https:\/\/akunq.net\/tr\/?p=64409#primaryimage"},"thumbnailUrl":"https:\/\/akunq.net\/tr\/wp-content\/uploads\/sites\/6\/2021\/08\/Amasya-M\u00fczesinde-Ermeni-\u0130nciller.jpg","datePublished":"2021-08-26T06:10:50+00:00","author":{"@id":"https:\/\/akunq.net\/tr\/#\/schema\/person\/096f1d38a12cce57fb855b485ed24c9e"},"breadcrumb":{"@id":"https:\/\/akunq.net\/tr\/?p=64409#breadcrumb"},"inLanguage":"en-US","potentialAction":[{"@type":"ReadAction","target":["https:\/\/akunq.net\/tr\/?p=64409"]}]},{"@type":"ImageObject","inLanguage":"en-US","@id":"https:\/\/akunq.net\/tr\/?p=64409#primaryimage","url":"https:\/\/akunq.net\/tr\/wp-content\/uploads\/sites\/6\/2021\/08\/Amasya-M\u00fczesinde-Ermeni-\u0130nciller.jpg","contentUrl":"https:\/\/akunq.net\/tr\/wp-content\/uploads\/sites\/6\/2021\/08\/Amasya-M\u00fczesinde-Ermeni-\u0130nciller.jpg","width":1536,"height":2048},{"@type":"BreadcrumbList","@id":"https:\/\/akunq.net\/tr\/?p=64409#breadcrumb","itemListElement":[{"@type":"ListItem","position":1,"name":"Home","item":"https:\/\/akunq.net\/tr"},{"@type":"ListItem","position":2,"name":"Amasya M\u00fczesi&#8217;nde Ermeni \u0130nciller sergileniyor, ancak Ermenice olduklar\u0131 dile getirilmiyor (foto)"}]},{"@type":"WebSite","@id":"https:\/\/akunq.net\/tr\/#website","url":"https:\/\/akunq.net\/tr\/","name":"Bati Ermenistan Ve Bati Ermenileri Sorunlari Ara\u015ftirmalar Merkezi","description":"","potentialAction":[{"@type":"SearchAction","target":{"@type":"EntryPoint","urlTemplate":"https:\/\/akunq.net\/tr\/?s={search_term_string}"},"query-input":{"@type":"PropertyValueSpecification","valueRequired":true,"valueName":"search_term_string"}}],"inLanguage":"en-US"},{"@type":"Person","@id":"https:\/\/akunq.net\/tr\/#\/schema\/person\/096f1d38a12cce57fb855b485ed24c9e","name":"admin","url":"https:\/\/akunq.net\/tr\/?author=7"}]}},"_links":{"self":[{"href":"https:\/\/akunq.net\/tr\/index.php?rest_route=\/wp\/v2\/posts\/64409","targetHints":{"allow":["GET"]}}],"collection":[{"href":"https:\/\/akunq.net\/tr\/index.php?rest_route=\/wp\/v2\/posts"}],"about":[{"href":"https:\/\/akunq.net\/tr\/index.php?rest_route=\/wp\/v2\/types\/post"}],"author":[{"embeddable":true,"href":"https:\/\/akunq.net\/tr\/index.php?rest_route=\/wp\/v2\/users\/7"}],"replies":[{"embeddable":true,"href":"https:\/\/akunq.net\/tr\/index.php?rest_route=%2Fwp%2Fv2%2Fcomments&post=64409"}],"version-history":[{"count":1,"href":"https:\/\/akunq.net\/tr\/index.php?rest_route=\/wp\/v2\/posts\/64409\/revisions"}],"predecessor-version":[{"id":64411,"href":"https:\/\/akunq.net\/tr\/index.php?rest_route=\/wp\/v2\/posts\/64409\/revisions\/64411"}],"wp:featuredmedia":[{"embeddable":true,"href":"https:\/\/akunq.net\/tr\/index.php?rest_route=\/wp\/v2\/media\/64410"}],"wp:attachment":[{"href":"https:\/\/akunq.net\/tr\/index.php?rest_route=%2Fwp%2Fv2%2Fmedia&parent=64409"}],"wp:term":[{"taxonomy":"category","embeddable":true,"href":"https:\/\/akunq.net\/tr\/index.php?rest_route=%2Fwp%2Fv2%2Fcategories&post=64409"},{"taxonomy":"post_tag","embeddable":true,"href":"https:\/\/akunq.net\/tr\/index.php?rest_route=%2Fwp%2Fv2%2Ftags&post=64409"}],"curies":[{"name":"wp","href":"https:\/\/api.w.org\/{rel}","templated":true}]}}