{"id":64403,"date":"2021-08-25T02:45:44","date_gmt":"2021-08-25T07:45:44","guid":{"rendered":"https:\/\/akunq.net\/tr\/?p=64403"},"modified":"2021-08-25T02:45:44","modified_gmt":"2021-08-25T07:45:44","slug":"vanda-ermeni-mezarliginin-tahrip-edilmesi-meclise-tasindi","status":"publish","type":"post","link":"https:\/\/akunq.net\/tr\/?p=64403","title":{"rendered":"Van\u2019da Ermeni mezarl\u0131\u011f\u0131n\u0131n tahrip edilmesi Meclis\u2019e ta\u015f\u0131nd\u0131"},"content":{"rendered":"<p><img loading=\"lazy\" decoding=\"async\" class=\"aligncenter size-medium wp-image-64404\" src=\"https:\/\/akunq.net\/tr\/wp-content\/uploads\/2021\/08\/Van-3-360x233.jpg\" alt=\"\" width=\"360\" height=\"233\" srcset=\"https:\/\/akunq.net\/tr\/wp-content\/uploads\/sites\/6\/2021\/08\/Van-3-360x233.jpg 360w, https:\/\/akunq.net\/tr\/wp-content\/uploads\/sites\/6\/2021\/08\/Van-3-768x497.jpg 768w, https:\/\/akunq.net\/tr\/wp-content\/uploads\/sites\/6\/2021\/08\/Van-3-560x362.jpg 560w, https:\/\/akunq.net\/tr\/wp-content\/uploads\/sites\/6\/2021\/08\/Van-3-260x168.jpg 260w, https:\/\/akunq.net\/tr\/wp-content\/uploads\/sites\/6\/2021\/08\/Van-3-160x104.jpg 160w, https:\/\/akunq.net\/tr\/wp-content\/uploads\/sites\/6\/2021\/08\/Van-3.jpg 1020w\" sizes=\"auto, (max-width: 360px) 100vw, 360px\" \/><\/p>\n<p><em><strong>Van\u2019\u0131n Tu\u015fba\u2019daki Ermeni mezarl\u0131\u011f\u0131n\u0131n i\u015f makineleriyle tahrip edilmesi \u00fczerine HDP Van Milletvekili Murat Sar\u0131sa\u00e7, Cumhurba\u015fkan\u0131 Yard\u0131mc\u0131s\u0131 Fuat Oktay\u2019\u0131n cevaplamas\u0131 istemiyle soru \u00f6nergesi verdi.\u00a0<\/strong><\/em><\/p>\n<p>Van Tu\u015fba\u2019da Lezk ad\u0131yla bilinen Kalecik Mahallesi\u2019ndeki Ermeni mezarl\u0131\u011f\u0131 ge\u00e7ti\u011fimiz g\u00fcnlerde tahrip edildi.<\/p>\n<p>1915\u2019te bo\u015falt\u0131lan b\u00f6lgedeki kilise ve okul zamanla y\u0131k\u0131l\u0131rken alan, Van depremi sonras\u0131 yerle\u015fime a\u00e7\u0131larak, TOK\u0130 taraf\u0131ndan konut in\u015fa edilmi\u015fti.<\/p>\n<p>Arsa sahibi oldu\u011fu iddia edilen bir ki\u015fi ge\u00e7ti\u011fimiz g\u00fcnlerde mezarl\u0131\u011fa gelerek i\u015f makinesiyle alan\u0131 tahrip etti.\u00a0Yerlerinden \u00e7\u0131kar\u0131lan mezar ta\u015flar\u0131n\u0131n \u00fczerine toprak d\u00f6k\u00fcl\u00fcrken, mezarl\u0131kta bulunan kemiklerin baz\u0131lar\u0131 toprak \u00fczerine \u00e7\u0131kt\u0131.<\/p>\n<p><strong>\u201cTarihi ve k\u00fclt\u00fcrel yap\u0131lar tahrip ediliyor\u201d<\/strong><\/p>\n<p>Mahalle sakinleri duruma tepki g\u00f6sterirken HDP Van Milletvekili Murat Sar\u0131sa\u00e7 da Meclis\u2019e bir soru \u00f6nergesi verdi.<\/p>\n<p>Mezarl\u0131\u011f\u0131n tahrip edildi\u011fi g\u00f6r\u00fcnt\u00fclerin kamuoyuna yan\u015fad\u0131\u011f\u0131n\u0131 belirten Sar\u0131sa\u00e7 \u201cMezar ta\u015flar\u0131n\u0131n tahrip edildi\u011fi ve mezarl\u0131ktan \u00e7\u0131kan onlarca kemi\u011fin etrafa sa\u00e7\u0131ld\u0131\u011f\u0131 s\u00f6z konusu g\u00f6r\u00fcnt\u00fclerde g\u00f6r\u00fclmektedir. Van\u2019da bir\u00e7ok tarihi manast\u0131r ve kilisenin de tahrip edildi\u011fi haberlerinin s\u0131kl\u0131kla g\u00fcndeme gelmesi, gerekli koruma tedbirlerin al\u0131nmad\u0131\u011f\u0131n\u0131 g\u00f6stermektedir. \u00c7\u00fcnk\u00fc 2017\u2019de de Van\u2019da Dilkaya H\u00f6y\u00fc\u011f\u00fc ve Ermeni mezarl\u0131\u011f\u0131 \u00fczerinde tuvalet, soyunma odas\u0131 ve otopark yap\u0131lm\u0131\u015ft\u0131. Dolay\u0131s\u0131yla definecilik faaliyetleri ve icra makam\u0131n\u0131n ilgisizli\u011finden dolay\u0131 Van ve \u00e7evresinde bulunan tarihi ve k\u00fclt\u00fcrel yap\u0131lar tahrip olmaktad\u0131r\u201d dedi.<\/p>\n<p>Cumhurba\u015fkan\u0131 Yard\u0131mc\u0131s\u0131 Fuat Oktay\u2019a ise \u015fu sorular\u0131 y\u00f6neltti:<\/p>\n<ul>\n<li><em>Van\u2019da Kalecik TOK\u0130 mevkiinde bulunan Ermeni mezarl\u0131\u011f\u0131nda ya\u015fanan tahribatla ilgili hangi bilgiler bulunmaktad\u0131r?<\/em><\/li>\n<li><em>Kalecik TOK\u0130\u2019de Ermeni mezarl\u0131\u011f\u0131n\u0131n tahrip edilmesi hakk\u0131nda herhangi bir soru\u015fturma ba\u015flat\u0131lm\u0131\u015f m\u0131d\u0131r?<\/em><\/li>\n<li><em>Van\u2019da bulunan Ermeni mezarl\u0131klar\u0131, k\u00fclt\u00fcrel ve inan\u00e7 yap\u0131lar\u0131 neden korunmamaktad\u0131r? Koruma tedbiri varsa benzer tahribatlar neden s\u0131k s\u0131k ya\u015fanmaktad\u0131r?<\/em><\/li>\n<li><em>Van\u2019da tahrip edilen mezarl\u0131k, k\u00fclt\u00fcr ve inan\u00e7 yap\u0131lar\u0131n\u0131n onar\u0131m\u0131 amac\u0131yla herhangi bir giri\u015fimde bulunacak m\u0131s\u0131n\u0131z?<\/em><\/li>\n<li><em>Van\u2019da \u00e7ok say\u0131da sahipsiz Ermeni mezarl\u0131klar\u0131n\u0131 korumak i\u00e7in herhangi bir plan\u0131n\u0131z var m\u0131d\u0131r?<\/em><\/li>\n<li><em>Van\u2019da Ermeniler taraf\u0131ndan yap\u0131lan manast\u0131r, kilise ve k\u00fclt\u00fcrel yap\u0131lar\u0131n envanteri haz\u0131rlanm\u0131\u015f m\u0131d\u0131r?<\/em><\/li>\n<\/ul>\n<p><em><strong><a href=\"https:\/\/m.bianet.org\/bianet\/insan-haklari\/249251-van-da-ermeni-mezarliginin-tahrip-edilmesi-meclis-gundeminde\">https:\/\/m.bianet.org\/bianet\/insan-haklari\/249251-van-da-ermeni-mezarliginin-tahrip-edilmesi-meclis-gundeminde<\/a><\/strong><\/em><\/p>\n<div class=\"sharedaddy sd-sharing-enabled\">\n<div class=\"robots-nocontent sd-block sd-social sd-social-icon-text sd-sharing\">\n<h3 class=\"sd-title\"><\/h3>\n<\/div>\n<\/div>\n","protected":false},"excerpt":{"rendered":"<p>Van\u2019\u0131n Tu\u015fba\u2019daki Ermeni mezarl\u0131\u011f\u0131n\u0131n i\u015f makineleriyle tahrip edilmesi \u00fczerine HDP Van Milletvekili Murat Sar\u0131sa\u00e7, Cumhurba\u015fkan\u0131 Yard\u0131mc\u0131s\u0131 Fuat Oktay\u2019\u0131n cevaplamas\u0131 istemiyle soru \u00f6nergesi verdi.\u00a0 Van Tu\u015fba\u2019da Lezk ad\u0131yla bilinen Kalecik Mahallesi\u2019ndeki Ermeni mezarl\u0131\u011f\u0131 ge\u00e7ti\u011fimiz g\u00fcnlerde tahrip edildi. 1915\u2019te bo\u015falt\u0131lan b\u00f6lgedeki kilise ve okul zamanla y\u0131k\u0131l\u0131rken alan, Van depremi sonras\u0131 yerle\u015fime a\u00e7\u0131larak, TOK\u0130 taraf\u0131ndan konut in\u015fa edilmi\u015fti. [&hellip;]<\/p>\n","protected":false},"author":7,"featured_media":64404,"comment_status":"open","ping_status":"open","sticky":false,"template":"","format":"standard","meta":{"footnotes":""},"categories":[22,1],"tags":[],"class_list":["post-64403","post","type-post","status-publish","format-standard","has-post-thumbnail","hentry","category-gunumuzde-bati-ermenistan","category-haberler"],"yoast_head":"<!-- This site is optimized with the Yoast SEO plugin v27.4 - https:\/\/yoast.com\/product\/yoast-seo-wordpress\/ -->\n<title>Van\u2019da Ermeni mezarl\u0131\u011f\u0131n\u0131n tahrip edilmesi Meclis\u2019e ta\u015f\u0131nd\u0131 - Bati Ermenistan Ve Bati Ermenileri Sorunlari Ara\u015ftirmalar Merkezi<\/title>\n<meta name=\"robots\" content=\"index, follow, max-snippet:-1, max-image-preview:large, max-video-preview:-1\" \/>\n<link rel=\"canonical\" href=\"https:\/\/akunq.net\/tr\/?p=64403\" \/>\n<meta property=\"og:locale\" content=\"en_US\" \/>\n<meta property=\"og:type\" content=\"article\" \/>\n<meta property=\"og:title\" content=\"Van\u2019da Ermeni mezarl\u0131\u011f\u0131n\u0131n tahrip edilmesi Meclis\u2019e ta\u015f\u0131nd\u0131 - Bati Ermenistan Ve Bati Ermenileri Sorunlari Ara\u015ftirmalar Merkezi\" \/>\n<meta property=\"og:description\" content=\"Van\u2019\u0131n Tu\u015fba\u2019daki Ermeni mezarl\u0131\u011f\u0131n\u0131n i\u015f makineleriyle tahrip edilmesi \u00fczerine HDP Van Milletvekili Murat Sar\u0131sa\u00e7, Cumhurba\u015fkan\u0131 Yard\u0131mc\u0131s\u0131 Fuat Oktay\u2019\u0131n cevaplamas\u0131 istemiyle soru \u00f6nergesi verdi.\u00a0 Van Tu\u015fba\u2019da Lezk ad\u0131yla bilinen Kalecik Mahallesi\u2019ndeki Ermeni mezarl\u0131\u011f\u0131 ge\u00e7ti\u011fimiz g\u00fcnlerde tahrip edildi. 1915\u2019te bo\u015falt\u0131lan b\u00f6lgedeki kilise ve okul zamanla y\u0131k\u0131l\u0131rken alan, Van depremi sonras\u0131 yerle\u015fime a\u00e7\u0131larak, TOK\u0130 taraf\u0131ndan konut in\u015fa edilmi\u015fti. [&hellip;]\" \/>\n<meta property=\"og:url\" content=\"https:\/\/akunq.net\/tr\/?p=64403\" \/>\n<meta property=\"og:site_name\" content=\"Bati Ermenistan Ve Bati Ermenileri Sorunlari Ara\u015ftirmalar Merkezi\" \/>\n<meta property=\"article:published_time\" content=\"2021-08-25T07:45:44+00:00\" \/>\n<meta property=\"og:image\" content=\"https:\/\/akunq.net\/tr\/wp-content\/uploads\/sites\/6\/2021\/08\/Van-3.jpg\" \/>\n\t<meta property=\"og:image:width\" content=\"1020\" \/>\n\t<meta property=\"og:image:height\" content=\"660\" \/>\n\t<meta property=\"og:image:type\" content=\"image\/jpeg\" \/>\n<meta name=\"author\" content=\"admin\" \/>\n<meta name=\"twitter:card\" content=\"summary_large_image\" \/>\n<meta name=\"twitter:label1\" content=\"Written by\" \/>\n\t<meta name=\"twitter:data1\" content=\"admin\" \/>\n\t<meta name=\"twitter:label2\" content=\"Est. reading time\" \/>\n\t<meta name=\"twitter:data2\" content=\"2 minutes\" \/>\n<script type=\"application\/ld+json\" class=\"yoast-schema-graph\">{\"@context\":\"https:\\\/\\\/schema.org\",\"@graph\":[{\"@type\":\"Article\",\"@id\":\"https:\\\/\\\/akunq.net\\\/tr\\\/?p=64403#article\",\"isPartOf\":{\"@id\":\"https:\\\/\\\/akunq.net\\\/tr\\\/?p=64403\"},\"author\":{\"name\":\"admin\",\"@id\":\"https:\\\/\\\/akunq.net\\\/tr\\\/#\\\/schema\\\/person\\\/096f1d38a12cce57fb855b485ed24c9e\"},\"headline\":\"Van\u2019da Ermeni mezarl\u0131\u011f\u0131n\u0131n tahrip edilmesi Meclis\u2019e ta\u015f\u0131nd\u0131\",\"datePublished\":\"2021-08-25T07:45:44+00:00\",\"mainEntityOfPage\":{\"@id\":\"https:\\\/\\\/akunq.net\\\/tr\\\/?p=64403\"},\"wordCount\":448,\"commentCount\":0,\"image\":{\"@id\":\"https:\\\/\\\/akunq.net\\\/tr\\\/?p=64403#primaryimage\"},\"thumbnailUrl\":\"https:\\\/\\\/akunq.net\\\/tr\\\/wp-content\\\/uploads\\\/sites\\\/6\\\/2021\\\/08\\\/Van-3.jpg\",\"articleSection\":[\"G\u00fcn\u00fcm\u00fczde Bat\u0131 Ermenistan\",\"Haberler\"],\"inLanguage\":\"en-US\",\"potentialAction\":[{\"@type\":\"CommentAction\",\"name\":\"Comment\",\"target\":[\"https:\\\/\\\/akunq.net\\\/tr\\\/?p=64403#respond\"]}]},{\"@type\":\"WebPage\",\"@id\":\"https:\\\/\\\/akunq.net\\\/tr\\\/?p=64403\",\"url\":\"https:\\\/\\\/akunq.net\\\/tr\\\/?p=64403\",\"name\":\"Van\u2019da Ermeni mezarl\u0131\u011f\u0131n\u0131n tahrip edilmesi Meclis\u2019e ta\u015f\u0131nd\u0131 - Bati Ermenistan Ve Bati Ermenileri Sorunlari Ara\u015ftirmalar Merkezi\",\"isPartOf\":{\"@id\":\"https:\\\/\\\/akunq.net\\\/tr\\\/#website\"},\"primaryImageOfPage\":{\"@id\":\"https:\\\/\\\/akunq.net\\\/tr\\\/?p=64403#primaryimage\"},\"image\":{\"@id\":\"https:\\\/\\\/akunq.net\\\/tr\\\/?p=64403#primaryimage\"},\"thumbnailUrl\":\"https:\\\/\\\/akunq.net\\\/tr\\\/wp-content\\\/uploads\\\/sites\\\/6\\\/2021\\\/08\\\/Van-3.jpg\",\"datePublished\":\"2021-08-25T07:45:44+00:00\",\"author\":{\"@id\":\"https:\\\/\\\/akunq.net\\\/tr\\\/#\\\/schema\\\/person\\\/096f1d38a12cce57fb855b485ed24c9e\"},\"breadcrumb\":{\"@id\":\"https:\\\/\\\/akunq.net\\\/tr\\\/?p=64403#breadcrumb\"},\"inLanguage\":\"en-US\",\"potentialAction\":[{\"@type\":\"ReadAction\",\"target\":[\"https:\\\/\\\/akunq.net\\\/tr\\\/?p=64403\"]}]},{\"@type\":\"ImageObject\",\"inLanguage\":\"en-US\",\"@id\":\"https:\\\/\\\/akunq.net\\\/tr\\\/?p=64403#primaryimage\",\"url\":\"https:\\\/\\\/akunq.net\\\/tr\\\/wp-content\\\/uploads\\\/sites\\\/6\\\/2021\\\/08\\\/Van-3.jpg\",\"contentUrl\":\"https:\\\/\\\/akunq.net\\\/tr\\\/wp-content\\\/uploads\\\/sites\\\/6\\\/2021\\\/08\\\/Van-3.jpg\",\"width\":1020,\"height\":660},{\"@type\":\"BreadcrumbList\",\"@id\":\"https:\\\/\\\/akunq.net\\\/tr\\\/?p=64403#breadcrumb\",\"itemListElement\":[{\"@type\":\"ListItem\",\"position\":1,\"name\":\"Home\",\"item\":\"https:\\\/\\\/akunq.net\\\/tr\"},{\"@type\":\"ListItem\",\"position\":2,\"name\":\"Van\u2019da Ermeni mezarl\u0131\u011f\u0131n\u0131n tahrip edilmesi Meclis\u2019e ta\u015f\u0131nd\u0131\"}]},{\"@type\":\"WebSite\",\"@id\":\"https:\\\/\\\/akunq.net\\\/tr\\\/#website\",\"url\":\"https:\\\/\\\/akunq.net\\\/tr\\\/\",\"name\":\"Bati Ermenistan Ve Bati Ermenileri Sorunlari Ara\u015ftirmalar Merkezi\",\"description\":\"\",\"potentialAction\":[{\"@type\":\"SearchAction\",\"target\":{\"@type\":\"EntryPoint\",\"urlTemplate\":\"https:\\\/\\\/akunq.net\\\/tr\\\/?s={search_term_string}\"},\"query-input\":{\"@type\":\"PropertyValueSpecification\",\"valueRequired\":true,\"valueName\":\"search_term_string\"}}],\"inLanguage\":\"en-US\"},{\"@type\":\"Person\",\"@id\":\"https:\\\/\\\/akunq.net\\\/tr\\\/#\\\/schema\\\/person\\\/096f1d38a12cce57fb855b485ed24c9e\",\"name\":\"admin\",\"url\":\"https:\\\/\\\/akunq.net\\\/tr\\\/?author=7\"}]}<\/script>\n<!-- \/ Yoast SEO plugin. -->","yoast_head_json":{"title":"Van\u2019da Ermeni mezarl\u0131\u011f\u0131n\u0131n tahrip edilmesi Meclis\u2019e ta\u015f\u0131nd\u0131 - Bati Ermenistan Ve Bati Ermenileri Sorunlari Ara\u015ftirmalar Merkezi","robots":{"index":"index","follow":"follow","max-snippet":"max-snippet:-1","max-image-preview":"max-image-preview:large","max-video-preview":"max-video-preview:-1"},"canonical":"https:\/\/akunq.net\/tr\/?p=64403","og_locale":"en_US","og_type":"article","og_title":"Van\u2019da Ermeni mezarl\u0131\u011f\u0131n\u0131n tahrip edilmesi Meclis\u2019e ta\u015f\u0131nd\u0131 - Bati Ermenistan Ve Bati Ermenileri Sorunlari Ara\u015ftirmalar Merkezi","og_description":"Van\u2019\u0131n Tu\u015fba\u2019daki Ermeni mezarl\u0131\u011f\u0131n\u0131n i\u015f makineleriyle tahrip edilmesi \u00fczerine HDP Van Milletvekili Murat Sar\u0131sa\u00e7, Cumhurba\u015fkan\u0131 Yard\u0131mc\u0131s\u0131 Fuat Oktay\u2019\u0131n cevaplamas\u0131 istemiyle soru \u00f6nergesi verdi.\u00a0 Van Tu\u015fba\u2019da Lezk ad\u0131yla bilinen Kalecik Mahallesi\u2019ndeki Ermeni mezarl\u0131\u011f\u0131 ge\u00e7ti\u011fimiz g\u00fcnlerde tahrip edildi. 1915\u2019te bo\u015falt\u0131lan b\u00f6lgedeki kilise ve okul zamanla y\u0131k\u0131l\u0131rken alan, Van depremi sonras\u0131 yerle\u015fime a\u00e7\u0131larak, TOK\u0130 taraf\u0131ndan konut in\u015fa edilmi\u015fti. [&hellip;]","og_url":"https:\/\/akunq.net\/tr\/?p=64403","og_site_name":"Bati Ermenistan Ve Bati Ermenileri Sorunlari Ara\u015ftirmalar Merkezi","article_published_time":"2021-08-25T07:45:44+00:00","og_image":[{"width":1020,"height":660,"url":"https:\/\/akunq.net\/tr\/wp-content\/uploads\/sites\/6\/2021\/08\/Van-3.jpg","type":"image\/jpeg"}],"author":"admin","twitter_card":"summary_large_image","twitter_misc":{"Written by":"admin","Est. reading time":"2 minutes"},"schema":{"@context":"https:\/\/schema.org","@graph":[{"@type":"Article","@id":"https:\/\/akunq.net\/tr\/?p=64403#article","isPartOf":{"@id":"https:\/\/akunq.net\/tr\/?p=64403"},"author":{"name":"admin","@id":"https:\/\/akunq.net\/tr\/#\/schema\/person\/096f1d38a12cce57fb855b485ed24c9e"},"headline":"Van\u2019da Ermeni mezarl\u0131\u011f\u0131n\u0131n tahrip edilmesi Meclis\u2019e ta\u015f\u0131nd\u0131","datePublished":"2021-08-25T07:45:44+00:00","mainEntityOfPage":{"@id":"https:\/\/akunq.net\/tr\/?p=64403"},"wordCount":448,"commentCount":0,"image":{"@id":"https:\/\/akunq.net\/tr\/?p=64403#primaryimage"},"thumbnailUrl":"https:\/\/akunq.net\/tr\/wp-content\/uploads\/sites\/6\/2021\/08\/Van-3.jpg","articleSection":["G\u00fcn\u00fcm\u00fczde Bat\u0131 Ermenistan","Haberler"],"inLanguage":"en-US","potentialAction":[{"@type":"CommentAction","name":"Comment","target":["https:\/\/akunq.net\/tr\/?p=64403#respond"]}]},{"@type":"WebPage","@id":"https:\/\/akunq.net\/tr\/?p=64403","url":"https:\/\/akunq.net\/tr\/?p=64403","name":"Van\u2019da Ermeni mezarl\u0131\u011f\u0131n\u0131n tahrip edilmesi Meclis\u2019e ta\u015f\u0131nd\u0131 - Bati Ermenistan Ve Bati Ermenileri Sorunlari Ara\u015ftirmalar Merkezi","isPartOf":{"@id":"https:\/\/akunq.net\/tr\/#website"},"primaryImageOfPage":{"@id":"https:\/\/akunq.net\/tr\/?p=64403#primaryimage"},"image":{"@id":"https:\/\/akunq.net\/tr\/?p=64403#primaryimage"},"thumbnailUrl":"https:\/\/akunq.net\/tr\/wp-content\/uploads\/sites\/6\/2021\/08\/Van-3.jpg","datePublished":"2021-08-25T07:45:44+00:00","author":{"@id":"https:\/\/akunq.net\/tr\/#\/schema\/person\/096f1d38a12cce57fb855b485ed24c9e"},"breadcrumb":{"@id":"https:\/\/akunq.net\/tr\/?p=64403#breadcrumb"},"inLanguage":"en-US","potentialAction":[{"@type":"ReadAction","target":["https:\/\/akunq.net\/tr\/?p=64403"]}]},{"@type":"ImageObject","inLanguage":"en-US","@id":"https:\/\/akunq.net\/tr\/?p=64403#primaryimage","url":"https:\/\/akunq.net\/tr\/wp-content\/uploads\/sites\/6\/2021\/08\/Van-3.jpg","contentUrl":"https:\/\/akunq.net\/tr\/wp-content\/uploads\/sites\/6\/2021\/08\/Van-3.jpg","width":1020,"height":660},{"@type":"BreadcrumbList","@id":"https:\/\/akunq.net\/tr\/?p=64403#breadcrumb","itemListElement":[{"@type":"ListItem","position":1,"name":"Home","item":"https:\/\/akunq.net\/tr"},{"@type":"ListItem","position":2,"name":"Van\u2019da Ermeni mezarl\u0131\u011f\u0131n\u0131n tahrip edilmesi Meclis\u2019e ta\u015f\u0131nd\u0131"}]},{"@type":"WebSite","@id":"https:\/\/akunq.net\/tr\/#website","url":"https:\/\/akunq.net\/tr\/","name":"Bati Ermenistan Ve Bati Ermenileri Sorunlari Ara\u015ftirmalar Merkezi","description":"","potentialAction":[{"@type":"SearchAction","target":{"@type":"EntryPoint","urlTemplate":"https:\/\/akunq.net\/tr\/?s={search_term_string}"},"query-input":{"@type":"PropertyValueSpecification","valueRequired":true,"valueName":"search_term_string"}}],"inLanguage":"en-US"},{"@type":"Person","@id":"https:\/\/akunq.net\/tr\/#\/schema\/person\/096f1d38a12cce57fb855b485ed24c9e","name":"admin","url":"https:\/\/akunq.net\/tr\/?author=7"}]}},"_links":{"self":[{"href":"https:\/\/akunq.net\/tr\/index.php?rest_route=\/wp\/v2\/posts\/64403","targetHints":{"allow":["GET"]}}],"collection":[{"href":"https:\/\/akunq.net\/tr\/index.php?rest_route=\/wp\/v2\/posts"}],"about":[{"href":"https:\/\/akunq.net\/tr\/index.php?rest_route=\/wp\/v2\/types\/post"}],"author":[{"embeddable":true,"href":"https:\/\/akunq.net\/tr\/index.php?rest_route=\/wp\/v2\/users\/7"}],"replies":[{"embeddable":true,"href":"https:\/\/akunq.net\/tr\/index.php?rest_route=%2Fwp%2Fv2%2Fcomments&post=64403"}],"version-history":[{"count":1,"href":"https:\/\/akunq.net\/tr\/index.php?rest_route=\/wp\/v2\/posts\/64403\/revisions"}],"predecessor-version":[{"id":64405,"href":"https:\/\/akunq.net\/tr\/index.php?rest_route=\/wp\/v2\/posts\/64403\/revisions\/64405"}],"wp:featuredmedia":[{"embeddable":true,"href":"https:\/\/akunq.net\/tr\/index.php?rest_route=\/wp\/v2\/media\/64404"}],"wp:attachment":[{"href":"https:\/\/akunq.net\/tr\/index.php?rest_route=%2Fwp%2Fv2%2Fmedia&parent=64403"}],"wp:term":[{"taxonomy":"category","embeddable":true,"href":"https:\/\/akunq.net\/tr\/index.php?rest_route=%2Fwp%2Fv2%2Fcategories&post=64403"},{"taxonomy":"post_tag","embeddable":true,"href":"https:\/\/akunq.net\/tr\/index.php?rest_route=%2Fwp%2Fv2%2Ftags&post=64403"}],"curies":[{"name":"wp","href":"https:\/\/api.w.org\/{rel}","templated":true}]}}