{"id":64397,"date":"2021-08-25T02:32:34","date_gmt":"2021-08-25T07:32:34","guid":{"rendered":"https:\/\/akunq.net\/tr\/?p=64397"},"modified":"2021-08-25T02:32:34","modified_gmt":"2021-08-25T07:32:34","slug":"68-ulkeden-150yi-askin-diplomat-vani-gezdi","status":"publish","type":"post","link":"https:\/\/akunq.net\/tr\/?p=64397","title":{"rendered":"68 \u00fclkeden 150\u2019yi a\u015fk\u0131n diplomat Van\u2019\u0131 gezdi"},"content":{"rendered":"<p><img loading=\"lazy\" decoding=\"async\" class=\"aligncenter size-medium wp-image-64398\" src=\"https:\/\/akunq.net\/tr\/wp-content\/uploads\/2021\/08\/Van-2-360x189.jpg\" alt=\"\" width=\"360\" height=\"189\" srcset=\"https:\/\/akunq.net\/tr\/wp-content\/uploads\/sites\/6\/2021\/08\/Van-2-360x189.jpg 360w, https:\/\/akunq.net\/tr\/wp-content\/uploads\/sites\/6\/2021\/08\/Van-2-560x294.jpg 560w, https:\/\/akunq.net\/tr\/wp-content\/uploads\/sites\/6\/2021\/08\/Van-2-260x137.jpg 260w, https:\/\/akunq.net\/tr\/wp-content\/uploads\/sites\/6\/2021\/08\/Van-2-160x84.jpg 160w, https:\/\/akunq.net\/tr\/wp-content\/uploads\/sites\/6\/2021\/08\/Van-2.jpg 752w\" sizes=\"auto, (max-width: 360px) 100vw, 360px\" \/><\/p>\n<p><strong>MERAL YILDIZ<\/strong><\/p>\n<p><em><strong>Van Valili\u011fi ve B\u00fcy\u00fck\u015fehir Belediyesinin ev sahipli\u011finde 68 \u00fclkeden 150 b\u00fcy\u00fckel\u00e7i ve diplomat Van\u2019a geldi.<\/strong><\/em><\/p>\n<p>Kentin tan\u0131t\u0131m\u0131na katk\u0131 sa\u011flamak amac\u0131yla Van Valili\u011fi ve B\u00fcy\u00fck\u015fehir Belediyesinin ev sahipli\u011finde 2 g\u00fcn boyunca kentte \u00e7e\u015fitli gezi ve incelemelerde bulunacak olan 150\u2019yi a\u015fk\u0131n B\u00fcy\u00fckel\u00e7i ve Diplomat sabah saatlerinde Van\u2019a geldi.<\/p>\n<p>Van Valisi ve B\u00fcy\u00fck\u015fehir Belediye Ba\u015fkan Vekili Mehmet Emin Bilmez, e\u015fi Meral Bilmez ve Genel Sekreter Mehmet Fatih \u00c7elikel taraf\u0131ndan havaalan\u0131nda kar\u015f\u0131lanan B\u00fcy\u00fckel\u00e7i ve Diplomat akredite i\u015flemlerinin ard\u0131ndan B\u00fcy\u00fck\u015fehir Belediyesi taraf\u0131ndan tahsis edilen otob\u00fcslerle Akdamar Adas\u0131na gitmek \u00fczere Geva\u015f Akdamar \u0130skelesine ge\u00e7ti.<\/p>\n<p>Aralar\u0131nda Rusya, \u0130ran, Irak, G\u00fcney Kore, Azerbaycan, Kuzey K\u0131br\u0131s T\u00fcrk Cumhuriyeti (KKTC), Bel\u00e7ika, Kolombiya, Letonya, Hindistan, Meksika ve Dominik Cumhuriyeti gibi \u00fclkelerinde yer ald\u0131\u011f\u0131 68 \u00fclkeden yakla\u015f\u0131k 150 b\u00fcy\u00fckel\u00e7i ve diplomat\u0131 Van da a\u011f\u0131rlamaktan mutluluk duyduklar\u0131n\u0131 ifade eden Vali ve B\u00fcy\u00fck\u015fehir Belediye Ba\u015fkan Vekili Mehmet Emin Bilmez, 2 g\u00fcnl\u00fck program hakk\u0131nda da k\u0131sa bilgi verdi.<\/p>\n<p><strong>D\u0130PLOMATLAR VAN\u2019I GEZD\u0130<\/strong><\/p>\n<p>Vali Mehmet Emin Bilmez, \u201cBug\u00fcn \u00fclkemizde faaliyet g\u00f6steren 68 \u00fclkenin B\u00fcy\u00fckel\u00e7i temsilcileri ve diplomatlar yakla\u015f\u0131k 150 ki\u015filik bir grup B\u00fcy\u00fck\u015fehir Belediyemizin ev sahipli\u011finde ilimize ziyarete geldiler. As\u0131l amac\u0131 Ahlat ve Malazgirt programlar\u0131na kat\u0131lmak olan bu iki g\u00fcnl\u00fck programda, Vang\u00f6l\u00fc etraf\u0131nda ki tarihi mekanlar\u0131 gezmek ve bu b\u00f6lge k\u00fclt\u00fcr\u00fcn\u00fc tan\u0131mak da yer al\u0131yor. \u0130lk durak olarak havaalan\u0131nda kar\u015f\u0131lad\u0131ktan sonra Van G\u00f6l\u00fc\u2019n\u00fcn sembol\u00fc olan Akdamar Adas\u0131, Akdamar kilisesini ziyaret ediyorlar. Buradan da Tatvan \u00fczeri Ahlat Sel\u00e7uk mezar\u0131nda incelemelerde bulunup yar\u0131n tekrar Van Kalesi, Kedi evi, g\u00fcm\u00fc\u015f i\u015flemecili\u011finin yap\u0131ld\u0131\u011f\u0131 \u00e7ar\u015f\u0131y\u0131 gezecekler. Bizde bu s\u00fcre zarf\u0131nda hem co\u011frafyam\u0131z\u0131, hem k\u00fclt\u00fcr\u00fcm\u00fcz\u00fc hemde Van denizimizi onlara tan\u0131tmaya \u00e7al\u0131\u015faca\u011f\u0131z. Misafirlerimiz kanal\u0131yla b\u00f6lgemizi t\u00fcm D\u00fcnyaya tan\u0131tma gayreti i\u00e7indeyiz. Bin y\u0131ld\u0131r bu adada ayakta dimdik duran bu kilise burada ho\u015fg\u00f6r\u00fcn\u00fcn, karde\u015fli\u011fin ne kadar g\u00fc\u00e7l\u00fc oldu\u011funun i\u015faretidir. Bu kilise mensuplar\u0131 taraf\u0131ndan di\u011fer kiliselerle farkl\u0131 de\u011ferlendirelen bir kilise ve hala dimdik ayakta duruyorsa bu b\u00f6lgedeki karde\u015fli\u011fin ho\u015fg\u00f6r\u00fcn\u00fcn g\u00fc\u00e7l\u00fc oldu\u011funun kan\u0131t\u0131d\u0131r. B\u00f6lgemizi do\u011fru tan\u0131tmak i\u00e7in \u00e7aba g\u00f6stermeliyiz. Kendi vatanda\u015flar\u0131m\u0131za da tan\u0131tmam\u0131z gerekiyor\u201ddedi.<\/p>\n<p>Akdamar Kilisesi ve ada \u00e7evresinde gezen misafirler, hat\u0131ra foto\u011fraflar\u0131 \u00e7ekilerek Bitlis\u2019in Ahlat il\u00e7esine hareket etti.<\/p>\n<p><em><strong>https:\/\/www.sabah.com.tr\/yasam\/2021\/08\/24\/68-ulkeden-150yi-askin-diplomat-vani-gezdi\u00a0<\/strong><\/em><\/p>\n","protected":false},"excerpt":{"rendered":"<p>MERAL YILDIZ Van Valili\u011fi ve B\u00fcy\u00fck\u015fehir Belediyesinin ev sahipli\u011finde 68 \u00fclkeden 150 b\u00fcy\u00fckel\u00e7i ve diplomat Van\u2019a geldi. Kentin tan\u0131t\u0131m\u0131na katk\u0131 sa\u011flamak amac\u0131yla Van Valili\u011fi ve B\u00fcy\u00fck\u015fehir Belediyesinin ev sahipli\u011finde 2 g\u00fcn boyunca kentte \u00e7e\u015fitli gezi ve incelemelerde bulunacak olan 150\u2019yi a\u015fk\u0131n B\u00fcy\u00fckel\u00e7i ve Diplomat sabah saatlerinde Van\u2019a geldi. Van Valisi ve B\u00fcy\u00fck\u015fehir Belediye Ba\u015fkan Vekili [&hellip;]<\/p>\n","protected":false},"author":7,"featured_media":64398,"comment_status":"open","ping_status":"open","sticky":false,"template":"","format":"standard","meta":{"footnotes":""},"categories":[22,1],"tags":[],"class_list":["post-64397","post","type-post","status-publish","format-standard","has-post-thumbnail","hentry","category-gunumuzde-bati-ermenistan","category-haberler"],"yoast_head":"<!-- This site is optimized with the Yoast SEO plugin v27.4 - https:\/\/yoast.com\/product\/yoast-seo-wordpress\/ -->\n<title>68 \u00fclkeden 150\u2019yi a\u015fk\u0131n diplomat Van\u2019\u0131 gezdi - Bati Ermenistan Ve Bati Ermenileri Sorunlari Ara\u015ftirmalar Merkezi<\/title>\n<meta name=\"robots\" content=\"index, follow, max-snippet:-1, max-image-preview:large, max-video-preview:-1\" \/>\n<link rel=\"canonical\" href=\"https:\/\/akunq.net\/tr\/?p=64397\" \/>\n<meta property=\"og:locale\" content=\"en_US\" \/>\n<meta property=\"og:type\" content=\"article\" \/>\n<meta property=\"og:title\" content=\"68 \u00fclkeden 150\u2019yi a\u015fk\u0131n diplomat Van\u2019\u0131 gezdi - Bati Ermenistan Ve Bati Ermenileri Sorunlari Ara\u015ftirmalar Merkezi\" \/>\n<meta property=\"og:description\" content=\"MERAL YILDIZ Van Valili\u011fi ve B\u00fcy\u00fck\u015fehir Belediyesinin ev sahipli\u011finde 68 \u00fclkeden 150 b\u00fcy\u00fckel\u00e7i ve diplomat Van\u2019a geldi. Kentin tan\u0131t\u0131m\u0131na katk\u0131 sa\u011flamak amac\u0131yla Van Valili\u011fi ve B\u00fcy\u00fck\u015fehir Belediyesinin ev sahipli\u011finde 2 g\u00fcn boyunca kentte \u00e7e\u015fitli gezi ve incelemelerde bulunacak olan 150\u2019yi a\u015fk\u0131n B\u00fcy\u00fckel\u00e7i ve Diplomat sabah saatlerinde Van\u2019a geldi. Van Valisi ve B\u00fcy\u00fck\u015fehir Belediye Ba\u015fkan Vekili [&hellip;]\" \/>\n<meta property=\"og:url\" content=\"https:\/\/akunq.net\/tr\/?p=64397\" \/>\n<meta property=\"og:site_name\" content=\"Bati Ermenistan Ve Bati Ermenileri Sorunlari Ara\u015ftirmalar Merkezi\" \/>\n<meta property=\"article:published_time\" content=\"2021-08-25T07:32:34+00:00\" \/>\n<meta property=\"og:image\" content=\"https:\/\/akunq.net\/tr\/wp-content\/uploads\/sites\/6\/2021\/08\/Van-2.jpg\" \/>\n\t<meta property=\"og:image:width\" content=\"752\" \/>\n\t<meta property=\"og:image:height\" content=\"395\" \/>\n\t<meta property=\"og:image:type\" content=\"image\/jpeg\" \/>\n<meta name=\"author\" content=\"admin\" \/>\n<meta name=\"twitter:card\" content=\"summary_large_image\" \/>\n<meta name=\"twitter:label1\" content=\"Written by\" \/>\n\t<meta name=\"twitter:data1\" content=\"admin\" \/>\n\t<meta name=\"twitter:label2\" content=\"Est. reading time\" \/>\n\t<meta name=\"twitter:data2\" content=\"2 minutes\" \/>\n<script type=\"application\/ld+json\" class=\"yoast-schema-graph\">{\"@context\":\"https:\\\/\\\/schema.org\",\"@graph\":[{\"@type\":\"Article\",\"@id\":\"https:\\\/\\\/akunq.net\\\/tr\\\/?p=64397#article\",\"isPartOf\":{\"@id\":\"https:\\\/\\\/akunq.net\\\/tr\\\/?p=64397\"},\"author\":{\"name\":\"admin\",\"@id\":\"https:\\\/\\\/akunq.net\\\/tr\\\/#\\\/schema\\\/person\\\/096f1d38a12cce57fb855b485ed24c9e\"},\"headline\":\"68 \u00fclkeden 150\u2019yi a\u015fk\u0131n diplomat Van\u2019\u0131 gezdi\",\"datePublished\":\"2021-08-25T07:32:34+00:00\",\"mainEntityOfPage\":{\"@id\":\"https:\\\/\\\/akunq.net\\\/tr\\\/?p=64397\"},\"wordCount\":496,\"commentCount\":0,\"image\":{\"@id\":\"https:\\\/\\\/akunq.net\\\/tr\\\/?p=64397#primaryimage\"},\"thumbnailUrl\":\"https:\\\/\\\/akunq.net\\\/tr\\\/wp-content\\\/uploads\\\/sites\\\/6\\\/2021\\\/08\\\/Van-2.jpg\",\"articleSection\":[\"G\u00fcn\u00fcm\u00fczde Bat\u0131 Ermenistan\",\"Haberler\"],\"inLanguage\":\"en-US\",\"potentialAction\":[{\"@type\":\"CommentAction\",\"name\":\"Comment\",\"target\":[\"https:\\\/\\\/akunq.net\\\/tr\\\/?p=64397#respond\"]}]},{\"@type\":\"WebPage\",\"@id\":\"https:\\\/\\\/akunq.net\\\/tr\\\/?p=64397\",\"url\":\"https:\\\/\\\/akunq.net\\\/tr\\\/?p=64397\",\"name\":\"68 \u00fclkeden 150\u2019yi a\u015fk\u0131n diplomat Van\u2019\u0131 gezdi - Bati Ermenistan Ve Bati Ermenileri Sorunlari Ara\u015ftirmalar Merkezi\",\"isPartOf\":{\"@id\":\"https:\\\/\\\/akunq.net\\\/tr\\\/#website\"},\"primaryImageOfPage\":{\"@id\":\"https:\\\/\\\/akunq.net\\\/tr\\\/?p=64397#primaryimage\"},\"image\":{\"@id\":\"https:\\\/\\\/akunq.net\\\/tr\\\/?p=64397#primaryimage\"},\"thumbnailUrl\":\"https:\\\/\\\/akunq.net\\\/tr\\\/wp-content\\\/uploads\\\/sites\\\/6\\\/2021\\\/08\\\/Van-2.jpg\",\"datePublished\":\"2021-08-25T07:32:34+00:00\",\"author\":{\"@id\":\"https:\\\/\\\/akunq.net\\\/tr\\\/#\\\/schema\\\/person\\\/096f1d38a12cce57fb855b485ed24c9e\"},\"breadcrumb\":{\"@id\":\"https:\\\/\\\/akunq.net\\\/tr\\\/?p=64397#breadcrumb\"},\"inLanguage\":\"en-US\",\"potentialAction\":[{\"@type\":\"ReadAction\",\"target\":[\"https:\\\/\\\/akunq.net\\\/tr\\\/?p=64397\"]}]},{\"@type\":\"ImageObject\",\"inLanguage\":\"en-US\",\"@id\":\"https:\\\/\\\/akunq.net\\\/tr\\\/?p=64397#primaryimage\",\"url\":\"https:\\\/\\\/akunq.net\\\/tr\\\/wp-content\\\/uploads\\\/sites\\\/6\\\/2021\\\/08\\\/Van-2.jpg\",\"contentUrl\":\"https:\\\/\\\/akunq.net\\\/tr\\\/wp-content\\\/uploads\\\/sites\\\/6\\\/2021\\\/08\\\/Van-2.jpg\",\"width\":752,\"height\":395},{\"@type\":\"BreadcrumbList\",\"@id\":\"https:\\\/\\\/akunq.net\\\/tr\\\/?p=64397#breadcrumb\",\"itemListElement\":[{\"@type\":\"ListItem\",\"position\":1,\"name\":\"Home\",\"item\":\"https:\\\/\\\/akunq.net\\\/tr\"},{\"@type\":\"ListItem\",\"position\":2,\"name\":\"68 \u00fclkeden 150\u2019yi a\u015fk\u0131n diplomat Van\u2019\u0131 gezdi\"}]},{\"@type\":\"WebSite\",\"@id\":\"https:\\\/\\\/akunq.net\\\/tr\\\/#website\",\"url\":\"https:\\\/\\\/akunq.net\\\/tr\\\/\",\"name\":\"Bati Ermenistan Ve Bati Ermenileri Sorunlari Ara\u015ftirmalar Merkezi\",\"description\":\"\",\"potentialAction\":[{\"@type\":\"SearchAction\",\"target\":{\"@type\":\"EntryPoint\",\"urlTemplate\":\"https:\\\/\\\/akunq.net\\\/tr\\\/?s={search_term_string}\"},\"query-input\":{\"@type\":\"PropertyValueSpecification\",\"valueRequired\":true,\"valueName\":\"search_term_string\"}}],\"inLanguage\":\"en-US\"},{\"@type\":\"Person\",\"@id\":\"https:\\\/\\\/akunq.net\\\/tr\\\/#\\\/schema\\\/person\\\/096f1d38a12cce57fb855b485ed24c9e\",\"name\":\"admin\",\"url\":\"https:\\\/\\\/akunq.net\\\/tr\\\/?author=7\"}]}<\/script>\n<!-- \/ Yoast SEO plugin. -->","yoast_head_json":{"title":"68 \u00fclkeden 150\u2019yi a\u015fk\u0131n diplomat Van\u2019\u0131 gezdi - Bati Ermenistan Ve Bati Ermenileri Sorunlari Ara\u015ftirmalar Merkezi","robots":{"index":"index","follow":"follow","max-snippet":"max-snippet:-1","max-image-preview":"max-image-preview:large","max-video-preview":"max-video-preview:-1"},"canonical":"https:\/\/akunq.net\/tr\/?p=64397","og_locale":"en_US","og_type":"article","og_title":"68 \u00fclkeden 150\u2019yi a\u015fk\u0131n diplomat Van\u2019\u0131 gezdi - Bati Ermenistan Ve Bati Ermenileri Sorunlari Ara\u015ftirmalar Merkezi","og_description":"MERAL YILDIZ Van Valili\u011fi ve B\u00fcy\u00fck\u015fehir Belediyesinin ev sahipli\u011finde 68 \u00fclkeden 150 b\u00fcy\u00fckel\u00e7i ve diplomat Van\u2019a geldi. Kentin tan\u0131t\u0131m\u0131na katk\u0131 sa\u011flamak amac\u0131yla Van Valili\u011fi ve B\u00fcy\u00fck\u015fehir Belediyesinin ev sahipli\u011finde 2 g\u00fcn boyunca kentte \u00e7e\u015fitli gezi ve incelemelerde bulunacak olan 150\u2019yi a\u015fk\u0131n B\u00fcy\u00fckel\u00e7i ve Diplomat sabah saatlerinde Van\u2019a geldi. Van Valisi ve B\u00fcy\u00fck\u015fehir Belediye Ba\u015fkan Vekili [&hellip;]","og_url":"https:\/\/akunq.net\/tr\/?p=64397","og_site_name":"Bati Ermenistan Ve Bati Ermenileri Sorunlari Ara\u015ftirmalar Merkezi","article_published_time":"2021-08-25T07:32:34+00:00","og_image":[{"width":752,"height":395,"url":"https:\/\/akunq.net\/tr\/wp-content\/uploads\/sites\/6\/2021\/08\/Van-2.jpg","type":"image\/jpeg"}],"author":"admin","twitter_card":"summary_large_image","twitter_misc":{"Written by":"admin","Est. reading time":"2 minutes"},"schema":{"@context":"https:\/\/schema.org","@graph":[{"@type":"Article","@id":"https:\/\/akunq.net\/tr\/?p=64397#article","isPartOf":{"@id":"https:\/\/akunq.net\/tr\/?p=64397"},"author":{"name":"admin","@id":"https:\/\/akunq.net\/tr\/#\/schema\/person\/096f1d38a12cce57fb855b485ed24c9e"},"headline":"68 \u00fclkeden 150\u2019yi a\u015fk\u0131n diplomat Van\u2019\u0131 gezdi","datePublished":"2021-08-25T07:32:34+00:00","mainEntityOfPage":{"@id":"https:\/\/akunq.net\/tr\/?p=64397"},"wordCount":496,"commentCount":0,"image":{"@id":"https:\/\/akunq.net\/tr\/?p=64397#primaryimage"},"thumbnailUrl":"https:\/\/akunq.net\/tr\/wp-content\/uploads\/sites\/6\/2021\/08\/Van-2.jpg","articleSection":["G\u00fcn\u00fcm\u00fczde Bat\u0131 Ermenistan","Haberler"],"inLanguage":"en-US","potentialAction":[{"@type":"CommentAction","name":"Comment","target":["https:\/\/akunq.net\/tr\/?p=64397#respond"]}]},{"@type":"WebPage","@id":"https:\/\/akunq.net\/tr\/?p=64397","url":"https:\/\/akunq.net\/tr\/?p=64397","name":"68 \u00fclkeden 150\u2019yi a\u015fk\u0131n diplomat Van\u2019\u0131 gezdi - Bati Ermenistan Ve Bati Ermenileri Sorunlari Ara\u015ftirmalar Merkezi","isPartOf":{"@id":"https:\/\/akunq.net\/tr\/#website"},"primaryImageOfPage":{"@id":"https:\/\/akunq.net\/tr\/?p=64397#primaryimage"},"image":{"@id":"https:\/\/akunq.net\/tr\/?p=64397#primaryimage"},"thumbnailUrl":"https:\/\/akunq.net\/tr\/wp-content\/uploads\/sites\/6\/2021\/08\/Van-2.jpg","datePublished":"2021-08-25T07:32:34+00:00","author":{"@id":"https:\/\/akunq.net\/tr\/#\/schema\/person\/096f1d38a12cce57fb855b485ed24c9e"},"breadcrumb":{"@id":"https:\/\/akunq.net\/tr\/?p=64397#breadcrumb"},"inLanguage":"en-US","potentialAction":[{"@type":"ReadAction","target":["https:\/\/akunq.net\/tr\/?p=64397"]}]},{"@type":"ImageObject","inLanguage":"en-US","@id":"https:\/\/akunq.net\/tr\/?p=64397#primaryimage","url":"https:\/\/akunq.net\/tr\/wp-content\/uploads\/sites\/6\/2021\/08\/Van-2.jpg","contentUrl":"https:\/\/akunq.net\/tr\/wp-content\/uploads\/sites\/6\/2021\/08\/Van-2.jpg","width":752,"height":395},{"@type":"BreadcrumbList","@id":"https:\/\/akunq.net\/tr\/?p=64397#breadcrumb","itemListElement":[{"@type":"ListItem","position":1,"name":"Home","item":"https:\/\/akunq.net\/tr"},{"@type":"ListItem","position":2,"name":"68 \u00fclkeden 150\u2019yi a\u015fk\u0131n diplomat Van\u2019\u0131 gezdi"}]},{"@type":"WebSite","@id":"https:\/\/akunq.net\/tr\/#website","url":"https:\/\/akunq.net\/tr\/","name":"Bati Ermenistan Ve Bati Ermenileri Sorunlari Ara\u015ftirmalar Merkezi","description":"","potentialAction":[{"@type":"SearchAction","target":{"@type":"EntryPoint","urlTemplate":"https:\/\/akunq.net\/tr\/?s={search_term_string}"},"query-input":{"@type":"PropertyValueSpecification","valueRequired":true,"valueName":"search_term_string"}}],"inLanguage":"en-US"},{"@type":"Person","@id":"https:\/\/akunq.net\/tr\/#\/schema\/person\/096f1d38a12cce57fb855b485ed24c9e","name":"admin","url":"https:\/\/akunq.net\/tr\/?author=7"}]}},"_links":{"self":[{"href":"https:\/\/akunq.net\/tr\/index.php?rest_route=\/wp\/v2\/posts\/64397","targetHints":{"allow":["GET"]}}],"collection":[{"href":"https:\/\/akunq.net\/tr\/index.php?rest_route=\/wp\/v2\/posts"}],"about":[{"href":"https:\/\/akunq.net\/tr\/index.php?rest_route=\/wp\/v2\/types\/post"}],"author":[{"embeddable":true,"href":"https:\/\/akunq.net\/tr\/index.php?rest_route=\/wp\/v2\/users\/7"}],"replies":[{"embeddable":true,"href":"https:\/\/akunq.net\/tr\/index.php?rest_route=%2Fwp%2Fv2%2Fcomments&post=64397"}],"version-history":[{"count":1,"href":"https:\/\/akunq.net\/tr\/index.php?rest_route=\/wp\/v2\/posts\/64397\/revisions"}],"predecessor-version":[{"id":64399,"href":"https:\/\/akunq.net\/tr\/index.php?rest_route=\/wp\/v2\/posts\/64397\/revisions\/64399"}],"wp:featuredmedia":[{"embeddable":true,"href":"https:\/\/akunq.net\/tr\/index.php?rest_route=\/wp\/v2\/media\/64398"}],"wp:attachment":[{"href":"https:\/\/akunq.net\/tr\/index.php?rest_route=%2Fwp%2Fv2%2Fmedia&parent=64397"}],"wp:term":[{"taxonomy":"category","embeddable":true,"href":"https:\/\/akunq.net\/tr\/index.php?rest_route=%2Fwp%2Fv2%2Fcategories&post=64397"},{"taxonomy":"post_tag","embeddable":true,"href":"https:\/\/akunq.net\/tr\/index.php?rest_route=%2Fwp%2Fv2%2Ftags&post=64397"}],"curies":[{"name":"wp","href":"https:\/\/api.w.org\/{rel}","templated":true}]}}