{"id":64394,"date":"2021-08-25T02:25:28","date_gmt":"2021-08-25T07:25:28","guid":{"rendered":"https:\/\/akunq.net\/tr\/?p=64394"},"modified":"2021-08-25T02:25:28","modified_gmt":"2021-08-25T07:25:28","slug":"akdamar-ahtamar-akunq-web-sitesi-adasindaki-ayine-bu-yil-da-sinirli-sayida-kisi-katilacak","status":"publish","type":"post","link":"https:\/\/akunq.net\/tr\/?p=64394","title":{"rendered":"Akdamar (Ahtamar-&#8220;Akunq&#8221; web sitesi) Adas\u0131\u2019ndaki ayine bu y\u0131l da s\u0131n\u0131rl\u0131 say\u0131da ki\u015fi kat\u0131lacak"},"content":{"rendered":"<p><img loading=\"lazy\" decoding=\"async\" class=\"aligncenter size-medium wp-image-64395\" src=\"https:\/\/akunq.net\/tr\/wp-content\/uploads\/2021\/08\/Ahtamar-360x218.jpg\" alt=\"\" width=\"360\" height=\"218\" srcset=\"https:\/\/akunq.net\/tr\/wp-content\/uploads\/sites\/6\/2021\/08\/Ahtamar-360x218.jpg 360w, https:\/\/akunq.net\/tr\/wp-content\/uploads\/sites\/6\/2021\/08\/Ahtamar-560x340.jpg 560w, https:\/\/akunq.net\/tr\/wp-content\/uploads\/sites\/6\/2021\/08\/Ahtamar-260x158.jpg 260w, https:\/\/akunq.net\/tr\/wp-content\/uploads\/sites\/6\/2021\/08\/Ahtamar-160x97.jpg 160w, https:\/\/akunq.net\/tr\/wp-content\/uploads\/sites\/6\/2021\/08\/Ahtamar.jpg 640w\" sizes=\"auto, (max-width: 360px) 100vw, 360px\" \/><\/p>\n<p><strong>Orhan A\u015eAN\/VAN\u00a0<\/strong><\/p>\n<p><em><strong>Van G\u00f6l\u00fc\u2019ndeki Akdamar (Ahtamar-&#8220;Akunq&#8221; web sitesi) Adas\u0131\u2019nda bulunan Akdamar (Surp Khach-&#8220;Akunq&#8221; web sitesi) Kilisesi\u2019nde 9\u2019uncusu d\u00fczenlenecek ayin i\u00e7in haz\u0131rl\u0131klar ba\u015flad\u0131. Van Valisi ve B\u00fcy\u00fck\u015fehir Belediye Ba\u015fkan Vekili Mehmet Emin Bilmez, bu y\u0131l ayini 5 Eyl\u00fcl\u2019de d\u00fczenleyeceklerini ve pandemi kurallar\u0131 nedeniyle sadece T\u00fcrkiye Ermeni Patrikli\u011fi\u2019nden gelen ekibin kat\u0131laca\u011f\u0131n\u0131 s\u00f6yledi.<\/strong><\/em><\/p>\n<figure class=\"wp-block-image\"><img decoding=\"async\" src=\"https:\/\/i1.wp.com\/cdn-photo.pivol.com\/15648\/imgs\/240820211320384289078.jpg?ssl=1\" alt=\"\" data-recalc-dims=\"1\" \/><\/figure>\n<figure class=\"wp-block-embed is-type-rich is-provider-embed-handler wp-block-embed-embed-handler wp-embed-aspect-16-9 wp-has-aspect-ratio\">\n<div class=\"wp-block-embed__wrapper\">\n<div class=\"fluid-width-video-wrapper\"><iframe id=\"fitvid385889\" title=\"Akdamar Adas\u0131'ndaki Ayine Bu Y\u0131l da S\u0131n\u0131rl\u0131 Say\u0131da Ki\u015fi Kat\u0131lacak\" src=\"https:\/\/www.youtube.com\/embed\/PKymV1mx7M8?feature=oembed\" frameborder=\"0\" allowfullscreen=\"allowfullscreen\" data-mce-fragment=\"1\"><\/iframe><\/div>\n<\/div>\n<\/figure>\n<p>Van G\u00f6l\u00fc \u00fczerinde bulunan ve Ermeniler i\u00e7in b\u00fcy\u00fck \u00f6nem ta\u015f\u0131yan tarihi Akdamar adas\u0131nda ayin haz\u0131rl\u0131klar\u0131 ba\u015flad\u0131. Ada \u00fczerindeki kilise de 2005 y\u0131l\u0131nda restorasyon \u00e7al\u0131\u015fmalar\u0131 ba\u015flat\u0131ld\u0131. Bu \u00e7al\u0131\u015fmalar\u0131n tamamlanmas\u0131n\u0131n ard\u0131ndan da 2007 y\u0131l\u0131nda uluslararas\u0131 bir t\u00f6renle \u2018An\u0131t M\u00fcze\u2019 olarak a\u00e7\u0131ld\u0131.<\/p>\n<figure class=\"wp-block-image\"><img decoding=\"async\" src=\"https:\/\/i2.wp.com\/cdn-photo.pivol.com\/15648\/imgs\/240820211320514285279.jpg?ssl=1\" alt=\"\" data-recalc-dims=\"1\" \/><\/figure>\n<p>Tarihi Akdamar Kilisesi\u2019nde ilk ayin 95 y\u0131l aradan sonra 19 Eyl\u00fcl 2010\u2019da yap\u0131ld\u0131. Her y\u0131l ayine kat\u0131lmak isteyen binlerce ki\u015fi kentteki otellerde rezervasyon yapt\u0131r\u0131rken, bu y\u0131l koronavir\u00fcs nedeniyle kat\u0131l\u0131m\u0131n s\u0131n\u0131rl\u0131 olaca\u011f\u0131 belirtildi. Ge\u00e7en y\u0131l oldu\u011fu gibi bu y\u0131l da T\u00fcrkiye Ermeni Patrikli\u011fi\u2019nden gelecek olan 25 ki\u015filik ekibin kat\u0131lmas\u0131 bekleniyor.<\/p>\n<figure class=\"wp-block-image\"><img decoding=\"async\" src=\"https:\/\/i1.wp.com\/cdn-photo.pivol.com\/15648\/imgs\/240820211321044289997.jpg?ssl=1\" alt=\"\" data-recalc-dims=\"1\" \/><\/figure>\n<p><strong>CANLI YAYIN YAPILACAK<\/strong><\/p>\n<p>Ayin i\u00e7in haz\u0131rl\u0131klar yap\u0131l\u0131rken, Van Valisi ve B\u00fcy\u00fck\u015fehir Belediye Ba\u015fkan Vekili Mehmet Emin Bilmez, Akdamar Adas\u0131 ve Van G\u00f6l\u00fc\u2019n\u00fcn d\u00fcnyan\u0131n k\u00fclt\u00fcr miras\u0131 oldu\u011fun s\u00f6yledi. Vali Bilmez, \u201c5 Eyl\u00fcl\u2019de tekrar Akdamar Adas\u0131\u2019nda Akdamar Kutsal Ha\u00e7 Kilisesi\u2019nde Ermeni Patrikhanesi taraf\u0131ndan ayin icra edilecek. Gerekli ba\u015fvurular\u0131n\u0131 yapt\u0131lar. Valili\u011fimiz taraf\u0131ndan kendilerine izin verildi. Ayinin icra edilmesi i\u00e7in de kendilerine her t\u00fcrl\u00fc destek sa\u011flanacak. Bu ayin ayn\u0131 zamanda pandemi kurallar\u0131na uygun k\u0131s\u0131tl\u0131 ki\u015filerin kat\u0131lmas\u0131yla icra edilecek ama canl\u0131 olarak t\u00fcm d\u00fcnyadan izlenebilecek. 5 Eyl\u00fcl\u2019de tekrar ge\u00e7en y\u0131l oldu\u011fu gibi burada ayin icra edilecek. Ge\u00e7en y\u0131l oldu\u011fu gibi 25-50 ki\u015filik grupla ayin yap\u0131lacak\u201d dedi.<\/p>\n<figure class=\"wp-block-image\"><img decoding=\"async\" src=\"https:\/\/i1.wp.com\/cdn-photo.pivol.com\/15648\/imgs\/240820211321264280695.jpg?ssl=1\" alt=\"\" data-recalc-dims=\"1\" \/><\/figure>\n<p><em><strong>https:\/\/www.dha.com.tr\/yurt\/akdamar-adasindaki-ayine-bu-yil-da-sinirli-sayida-kisi-katilacak\/haber-1844470\u00a0<\/strong><\/em><\/p>\n","protected":false},"excerpt":{"rendered":"<p>Orhan A\u015eAN\/VAN\u00a0 Van G\u00f6l\u00fc\u2019ndeki Akdamar (Ahtamar-&#8220;Akunq&#8221; web sitesi) Adas\u0131\u2019nda bulunan Akdamar (Surp Khach-&#8220;Akunq&#8221; web sitesi) Kilisesi\u2019nde 9\u2019uncusu d\u00fczenlenecek ayin i\u00e7in haz\u0131rl\u0131klar ba\u015flad\u0131. Van Valisi ve B\u00fcy\u00fck\u015fehir Belediye Ba\u015fkan Vekili Mehmet Emin Bilmez, bu y\u0131l ayini 5 Eyl\u00fcl\u2019de d\u00fczenleyeceklerini ve pandemi kurallar\u0131 nedeniyle sadece T\u00fcrkiye Ermeni Patrikli\u011fi\u2019nden gelen ekibin kat\u0131laca\u011f\u0131n\u0131 s\u00f6yledi. Van G\u00f6l\u00fc \u00fczerinde bulunan ve [&hellip;]<\/p>\n","protected":false},"author":7,"featured_media":64395,"comment_status":"open","ping_status":"open","sticky":false,"template":"","format":"standard","meta":{"footnotes":""},"categories":[22,1],"tags":[],"class_list":["post-64394","post","type-post","status-publish","format-standard","has-post-thumbnail","hentry","category-gunumuzde-bati-ermenistan","category-haberler"],"yoast_head":"<!-- This site is optimized with the Yoast SEO plugin v27.4 - https:\/\/yoast.com\/product\/yoast-seo-wordpress\/ -->\n<title>Akdamar (Ahtamar-&quot;Akunq&quot; web sitesi) Adas\u0131\u2019ndaki ayine bu y\u0131l da s\u0131n\u0131rl\u0131 say\u0131da ki\u015fi kat\u0131lacak - Bati Ermenistan Ve Bati Ermenileri Sorunlari Ara\u015ftirmalar Merkezi<\/title>\n<meta name=\"robots\" content=\"index, follow, max-snippet:-1, max-image-preview:large, max-video-preview:-1\" \/>\n<link rel=\"canonical\" href=\"https:\/\/akunq.net\/tr\/?p=64394\" \/>\n<meta property=\"og:locale\" content=\"en_US\" \/>\n<meta property=\"og:type\" content=\"article\" \/>\n<meta property=\"og:title\" content=\"Akdamar (Ahtamar-&quot;Akunq&quot; web sitesi) Adas\u0131\u2019ndaki ayine bu y\u0131l da s\u0131n\u0131rl\u0131 say\u0131da ki\u015fi kat\u0131lacak - Bati Ermenistan Ve Bati Ermenileri Sorunlari Ara\u015ftirmalar Merkezi\" \/>\n<meta property=\"og:description\" content=\"Orhan A\u015eAN\/VAN\u00a0 Van G\u00f6l\u00fc\u2019ndeki Akdamar (Ahtamar-&#8220;Akunq&#8221; web sitesi) Adas\u0131\u2019nda bulunan Akdamar (Surp Khach-&#8220;Akunq&#8221; web sitesi) Kilisesi\u2019nde 9\u2019uncusu d\u00fczenlenecek ayin i\u00e7in haz\u0131rl\u0131klar ba\u015flad\u0131. Van Valisi ve B\u00fcy\u00fck\u015fehir Belediye Ba\u015fkan Vekili Mehmet Emin Bilmez, bu y\u0131l ayini 5 Eyl\u00fcl\u2019de d\u00fczenleyeceklerini ve pandemi kurallar\u0131 nedeniyle sadece T\u00fcrkiye Ermeni Patrikli\u011fi\u2019nden gelen ekibin kat\u0131laca\u011f\u0131n\u0131 s\u00f6yledi. Van G\u00f6l\u00fc \u00fczerinde bulunan ve [&hellip;]\" \/>\n<meta property=\"og:url\" content=\"https:\/\/akunq.net\/tr\/?p=64394\" \/>\n<meta property=\"og:site_name\" content=\"Bati Ermenistan Ve Bati Ermenileri Sorunlari Ara\u015ftirmalar Merkezi\" \/>\n<meta property=\"article:published_time\" content=\"2021-08-25T07:25:28+00:00\" \/>\n<meta property=\"og:image\" content=\"https:\/\/akunq.net\/tr\/wp-content\/uploads\/sites\/6\/2021\/08\/Ahtamar.jpg\" \/>\n\t<meta property=\"og:image:width\" content=\"640\" \/>\n\t<meta property=\"og:image:height\" content=\"388\" \/>\n\t<meta property=\"og:image:type\" content=\"image\/jpeg\" \/>\n<meta name=\"author\" content=\"admin\" \/>\n<meta name=\"twitter:card\" content=\"summary_large_image\" \/>\n<meta name=\"twitter:label1\" content=\"Written by\" \/>\n\t<meta name=\"twitter:data1\" content=\"admin\" \/>\n\t<meta name=\"twitter:label2\" content=\"Est. reading time\" \/>\n\t<meta name=\"twitter:data2\" content=\"2 minutes\" \/>\n<script type=\"application\/ld+json\" class=\"yoast-schema-graph\">{\"@context\":\"https:\\\/\\\/schema.org\",\"@graph\":[{\"@type\":\"Article\",\"@id\":\"https:\\\/\\\/akunq.net\\\/tr\\\/?p=64394#article\",\"isPartOf\":{\"@id\":\"https:\\\/\\\/akunq.net\\\/tr\\\/?p=64394\"},\"author\":{\"name\":\"admin\",\"@id\":\"https:\\\/\\\/akunq.net\\\/tr\\\/#\\\/schema\\\/person\\\/096f1d38a12cce57fb855b485ed24c9e\"},\"headline\":\"Akdamar (Ahtamar-&#8220;Akunq&#8221; web sitesi) Adas\u0131\u2019ndaki ayine bu y\u0131l da s\u0131n\u0131rl\u0131 say\u0131da ki\u015fi kat\u0131lacak\",\"datePublished\":\"2021-08-25T07:25:28+00:00\",\"mainEntityOfPage\":{\"@id\":\"https:\\\/\\\/akunq.net\\\/tr\\\/?p=64394\"},\"wordCount\":386,\"commentCount\":0,\"image\":{\"@id\":\"https:\\\/\\\/akunq.net\\\/tr\\\/?p=64394#primaryimage\"},\"thumbnailUrl\":\"https:\\\/\\\/akunq.net\\\/tr\\\/wp-content\\\/uploads\\\/sites\\\/6\\\/2021\\\/08\\\/Ahtamar.jpg\",\"articleSection\":[\"G\u00fcn\u00fcm\u00fczde Bat\u0131 Ermenistan\",\"Haberler\"],\"inLanguage\":\"en-US\",\"potentialAction\":[{\"@type\":\"CommentAction\",\"name\":\"Comment\",\"target\":[\"https:\\\/\\\/akunq.net\\\/tr\\\/?p=64394#respond\"]}]},{\"@type\":\"WebPage\",\"@id\":\"https:\\\/\\\/akunq.net\\\/tr\\\/?p=64394\",\"url\":\"https:\\\/\\\/akunq.net\\\/tr\\\/?p=64394\",\"name\":\"Akdamar (Ahtamar-\\\"Akunq\\\" web sitesi) Adas\u0131\u2019ndaki ayine bu y\u0131l da s\u0131n\u0131rl\u0131 say\u0131da ki\u015fi kat\u0131lacak - Bati Ermenistan Ve Bati Ermenileri Sorunlari Ara\u015ftirmalar Merkezi\",\"isPartOf\":{\"@id\":\"https:\\\/\\\/akunq.net\\\/tr\\\/#website\"},\"primaryImageOfPage\":{\"@id\":\"https:\\\/\\\/akunq.net\\\/tr\\\/?p=64394#primaryimage\"},\"image\":{\"@id\":\"https:\\\/\\\/akunq.net\\\/tr\\\/?p=64394#primaryimage\"},\"thumbnailUrl\":\"https:\\\/\\\/akunq.net\\\/tr\\\/wp-content\\\/uploads\\\/sites\\\/6\\\/2021\\\/08\\\/Ahtamar.jpg\",\"datePublished\":\"2021-08-25T07:25:28+00:00\",\"author\":{\"@id\":\"https:\\\/\\\/akunq.net\\\/tr\\\/#\\\/schema\\\/person\\\/096f1d38a12cce57fb855b485ed24c9e\"},\"breadcrumb\":{\"@id\":\"https:\\\/\\\/akunq.net\\\/tr\\\/?p=64394#breadcrumb\"},\"inLanguage\":\"en-US\",\"potentialAction\":[{\"@type\":\"ReadAction\",\"target\":[\"https:\\\/\\\/akunq.net\\\/tr\\\/?p=64394\"]}]},{\"@type\":\"ImageObject\",\"inLanguage\":\"en-US\",\"@id\":\"https:\\\/\\\/akunq.net\\\/tr\\\/?p=64394#primaryimage\",\"url\":\"https:\\\/\\\/akunq.net\\\/tr\\\/wp-content\\\/uploads\\\/sites\\\/6\\\/2021\\\/08\\\/Ahtamar.jpg\",\"contentUrl\":\"https:\\\/\\\/akunq.net\\\/tr\\\/wp-content\\\/uploads\\\/sites\\\/6\\\/2021\\\/08\\\/Ahtamar.jpg\",\"width\":640,\"height\":388},{\"@type\":\"BreadcrumbList\",\"@id\":\"https:\\\/\\\/akunq.net\\\/tr\\\/?p=64394#breadcrumb\",\"itemListElement\":[{\"@type\":\"ListItem\",\"position\":1,\"name\":\"Home\",\"item\":\"https:\\\/\\\/akunq.net\\\/tr\"},{\"@type\":\"ListItem\",\"position\":2,\"name\":\"Akdamar (Ahtamar-&#8220;Akunq&#8221; web sitesi) Adas\u0131\u2019ndaki ayine bu y\u0131l da s\u0131n\u0131rl\u0131 say\u0131da ki\u015fi kat\u0131lacak\"}]},{\"@type\":\"WebSite\",\"@id\":\"https:\\\/\\\/akunq.net\\\/tr\\\/#website\",\"url\":\"https:\\\/\\\/akunq.net\\\/tr\\\/\",\"name\":\"Bati Ermenistan Ve Bati Ermenileri Sorunlari Ara\u015ftirmalar Merkezi\",\"description\":\"\",\"potentialAction\":[{\"@type\":\"SearchAction\",\"target\":{\"@type\":\"EntryPoint\",\"urlTemplate\":\"https:\\\/\\\/akunq.net\\\/tr\\\/?s={search_term_string}\"},\"query-input\":{\"@type\":\"PropertyValueSpecification\",\"valueRequired\":true,\"valueName\":\"search_term_string\"}}],\"inLanguage\":\"en-US\"},{\"@type\":\"Person\",\"@id\":\"https:\\\/\\\/akunq.net\\\/tr\\\/#\\\/schema\\\/person\\\/096f1d38a12cce57fb855b485ed24c9e\",\"name\":\"admin\",\"url\":\"https:\\\/\\\/akunq.net\\\/tr\\\/?author=7\"}]}<\/script>\n<!-- \/ Yoast SEO plugin. -->","yoast_head_json":{"title":"Akdamar (Ahtamar-\"Akunq\" web sitesi) Adas\u0131\u2019ndaki ayine bu y\u0131l da s\u0131n\u0131rl\u0131 say\u0131da ki\u015fi kat\u0131lacak - Bati Ermenistan Ve Bati Ermenileri Sorunlari Ara\u015ftirmalar Merkezi","robots":{"index":"index","follow":"follow","max-snippet":"max-snippet:-1","max-image-preview":"max-image-preview:large","max-video-preview":"max-video-preview:-1"},"canonical":"https:\/\/akunq.net\/tr\/?p=64394","og_locale":"en_US","og_type":"article","og_title":"Akdamar (Ahtamar-\"Akunq\" web sitesi) Adas\u0131\u2019ndaki ayine bu y\u0131l da s\u0131n\u0131rl\u0131 say\u0131da ki\u015fi kat\u0131lacak - Bati Ermenistan Ve Bati Ermenileri Sorunlari Ara\u015ftirmalar Merkezi","og_description":"Orhan A\u015eAN\/VAN\u00a0 Van G\u00f6l\u00fc\u2019ndeki Akdamar (Ahtamar-&#8220;Akunq&#8221; web sitesi) Adas\u0131\u2019nda bulunan Akdamar (Surp Khach-&#8220;Akunq&#8221; web sitesi) Kilisesi\u2019nde 9\u2019uncusu d\u00fczenlenecek ayin i\u00e7in haz\u0131rl\u0131klar ba\u015flad\u0131. Van Valisi ve B\u00fcy\u00fck\u015fehir Belediye Ba\u015fkan Vekili Mehmet Emin Bilmez, bu y\u0131l ayini 5 Eyl\u00fcl\u2019de d\u00fczenleyeceklerini ve pandemi kurallar\u0131 nedeniyle sadece T\u00fcrkiye Ermeni Patrikli\u011fi\u2019nden gelen ekibin kat\u0131laca\u011f\u0131n\u0131 s\u00f6yledi. Van G\u00f6l\u00fc \u00fczerinde bulunan ve [&hellip;]","og_url":"https:\/\/akunq.net\/tr\/?p=64394","og_site_name":"Bati Ermenistan Ve Bati Ermenileri Sorunlari Ara\u015ftirmalar Merkezi","article_published_time":"2021-08-25T07:25:28+00:00","og_image":[{"width":640,"height":388,"url":"https:\/\/akunq.net\/tr\/wp-content\/uploads\/sites\/6\/2021\/08\/Ahtamar.jpg","type":"image\/jpeg"}],"author":"admin","twitter_card":"summary_large_image","twitter_misc":{"Written by":"admin","Est. reading time":"2 minutes"},"schema":{"@context":"https:\/\/schema.org","@graph":[{"@type":"Article","@id":"https:\/\/akunq.net\/tr\/?p=64394#article","isPartOf":{"@id":"https:\/\/akunq.net\/tr\/?p=64394"},"author":{"name":"admin","@id":"https:\/\/akunq.net\/tr\/#\/schema\/person\/096f1d38a12cce57fb855b485ed24c9e"},"headline":"Akdamar (Ahtamar-&#8220;Akunq&#8221; web sitesi) Adas\u0131\u2019ndaki ayine bu y\u0131l da s\u0131n\u0131rl\u0131 say\u0131da ki\u015fi kat\u0131lacak","datePublished":"2021-08-25T07:25:28+00:00","mainEntityOfPage":{"@id":"https:\/\/akunq.net\/tr\/?p=64394"},"wordCount":386,"commentCount":0,"image":{"@id":"https:\/\/akunq.net\/tr\/?p=64394#primaryimage"},"thumbnailUrl":"https:\/\/akunq.net\/tr\/wp-content\/uploads\/sites\/6\/2021\/08\/Ahtamar.jpg","articleSection":["G\u00fcn\u00fcm\u00fczde Bat\u0131 Ermenistan","Haberler"],"inLanguage":"en-US","potentialAction":[{"@type":"CommentAction","name":"Comment","target":["https:\/\/akunq.net\/tr\/?p=64394#respond"]}]},{"@type":"WebPage","@id":"https:\/\/akunq.net\/tr\/?p=64394","url":"https:\/\/akunq.net\/tr\/?p=64394","name":"Akdamar (Ahtamar-\"Akunq\" web sitesi) Adas\u0131\u2019ndaki ayine bu y\u0131l da s\u0131n\u0131rl\u0131 say\u0131da ki\u015fi kat\u0131lacak - Bati Ermenistan Ve Bati Ermenileri Sorunlari Ara\u015ftirmalar Merkezi","isPartOf":{"@id":"https:\/\/akunq.net\/tr\/#website"},"primaryImageOfPage":{"@id":"https:\/\/akunq.net\/tr\/?p=64394#primaryimage"},"image":{"@id":"https:\/\/akunq.net\/tr\/?p=64394#primaryimage"},"thumbnailUrl":"https:\/\/akunq.net\/tr\/wp-content\/uploads\/sites\/6\/2021\/08\/Ahtamar.jpg","datePublished":"2021-08-25T07:25:28+00:00","author":{"@id":"https:\/\/akunq.net\/tr\/#\/schema\/person\/096f1d38a12cce57fb855b485ed24c9e"},"breadcrumb":{"@id":"https:\/\/akunq.net\/tr\/?p=64394#breadcrumb"},"inLanguage":"en-US","potentialAction":[{"@type":"ReadAction","target":["https:\/\/akunq.net\/tr\/?p=64394"]}]},{"@type":"ImageObject","inLanguage":"en-US","@id":"https:\/\/akunq.net\/tr\/?p=64394#primaryimage","url":"https:\/\/akunq.net\/tr\/wp-content\/uploads\/sites\/6\/2021\/08\/Ahtamar.jpg","contentUrl":"https:\/\/akunq.net\/tr\/wp-content\/uploads\/sites\/6\/2021\/08\/Ahtamar.jpg","width":640,"height":388},{"@type":"BreadcrumbList","@id":"https:\/\/akunq.net\/tr\/?p=64394#breadcrumb","itemListElement":[{"@type":"ListItem","position":1,"name":"Home","item":"https:\/\/akunq.net\/tr"},{"@type":"ListItem","position":2,"name":"Akdamar (Ahtamar-&#8220;Akunq&#8221; web sitesi) Adas\u0131\u2019ndaki ayine bu y\u0131l da s\u0131n\u0131rl\u0131 say\u0131da ki\u015fi kat\u0131lacak"}]},{"@type":"WebSite","@id":"https:\/\/akunq.net\/tr\/#website","url":"https:\/\/akunq.net\/tr\/","name":"Bati Ermenistan Ve Bati Ermenileri Sorunlari Ara\u015ftirmalar Merkezi","description":"","potentialAction":[{"@type":"SearchAction","target":{"@type":"EntryPoint","urlTemplate":"https:\/\/akunq.net\/tr\/?s={search_term_string}"},"query-input":{"@type":"PropertyValueSpecification","valueRequired":true,"valueName":"search_term_string"}}],"inLanguage":"en-US"},{"@type":"Person","@id":"https:\/\/akunq.net\/tr\/#\/schema\/person\/096f1d38a12cce57fb855b485ed24c9e","name":"admin","url":"https:\/\/akunq.net\/tr\/?author=7"}]}},"_links":{"self":[{"href":"https:\/\/akunq.net\/tr\/index.php?rest_route=\/wp\/v2\/posts\/64394","targetHints":{"allow":["GET"]}}],"collection":[{"href":"https:\/\/akunq.net\/tr\/index.php?rest_route=\/wp\/v2\/posts"}],"about":[{"href":"https:\/\/akunq.net\/tr\/index.php?rest_route=\/wp\/v2\/types\/post"}],"author":[{"embeddable":true,"href":"https:\/\/akunq.net\/tr\/index.php?rest_route=\/wp\/v2\/users\/7"}],"replies":[{"embeddable":true,"href":"https:\/\/akunq.net\/tr\/index.php?rest_route=%2Fwp%2Fv2%2Fcomments&post=64394"}],"version-history":[{"count":1,"href":"https:\/\/akunq.net\/tr\/index.php?rest_route=\/wp\/v2\/posts\/64394\/revisions"}],"predecessor-version":[{"id":64396,"href":"https:\/\/akunq.net\/tr\/index.php?rest_route=\/wp\/v2\/posts\/64394\/revisions\/64396"}],"wp:featuredmedia":[{"embeddable":true,"href":"https:\/\/akunq.net\/tr\/index.php?rest_route=\/wp\/v2\/media\/64395"}],"wp:attachment":[{"href":"https:\/\/akunq.net\/tr\/index.php?rest_route=%2Fwp%2Fv2%2Fmedia&parent=64394"}],"wp:term":[{"taxonomy":"category","embeddable":true,"href":"https:\/\/akunq.net\/tr\/index.php?rest_route=%2Fwp%2Fv2%2Fcategories&post=64394"},{"taxonomy":"post_tag","embeddable":true,"href":"https:\/\/akunq.net\/tr\/index.php?rest_route=%2Fwp%2Fv2%2Ftags&post=64394"}],"curies":[{"name":"wp","href":"https:\/\/api.w.org\/{rel}","templated":true}]}}