{"id":64361,"date":"2021-08-24T02:50:51","date_gmt":"2021-08-24T07:50:51","guid":{"rendered":"https:\/\/akunq.net\/tr\/?p=64361"},"modified":"2021-08-24T02:50:51","modified_gmt":"2021-08-24T07:50:51","slug":"bayraktarlar-meselesi-washingtonda-buyuk-bir-sorun-haline-geldi-kongre-uyeleri-sorusturma-talep-ediyor","status":"publish","type":"post","link":"https:\/\/akunq.net\/tr\/?p=64361","title":{"rendered":"&#8220;Bayraktarlar&#8221; meselesi Washington&#8217;da b\u00fcy\u00fck bir sorun haline geldi: Kongre \u00fcyeleri soru\u015fturma talep ediyor"},"content":{"rendered":"<p><img loading=\"lazy\" decoding=\"async\" class=\"aligncenter size-medium wp-image-64362\" src=\"https:\/\/akunq.net\/tr\/wp-content\/uploads\/2021\/08\/Bayraktar-360x242.jpg\" alt=\"\" width=\"360\" height=\"242\" srcset=\"https:\/\/akunq.net\/tr\/wp-content\/uploads\/sites\/6\/2021\/08\/Bayraktar-360x242.jpg 360w, https:\/\/akunq.net\/tr\/wp-content\/uploads\/sites\/6\/2021\/08\/Bayraktar-560x376.jpg 560w, https:\/\/akunq.net\/tr\/wp-content\/uploads\/sites\/6\/2021\/08\/Bayraktar-260x175.jpg 260w, https:\/\/akunq.net\/tr\/wp-content\/uploads\/sites\/6\/2021\/08\/Bayraktar-160x107.jpg 160w, https:\/\/akunq.net\/tr\/wp-content\/uploads\/sites\/6\/2021\/08\/Bayraktar.jpg 670w\" sizes=\"auto, (max-width: 360px) 100vw, 360px\" \/><\/p>\n<p><em><strong>ABD Kongre \u00fcyelerinden olu\u015fan bir grup Washington&#8217;da Ermeni, Rum, K\u00fcrt, Yahudi, Hint topluluklar\u0131, &#8220;H\u0131ristiyanlar\u0131 Savunmak u\u011fruna&#8221; ad\u0131n\u0131 ta\u015f\u0131yan kurulu\u015f ve baz\u0131 sivil toplum ve siyasi \u00f6rg\u00fctler, ABD H\u00fck\u00fcmeti&#8217;nden T\u00fcrkiye\u2019de \u00fcretilen \u0130HA ve S\u0130HA\u2019larda kullan\u0131lan teknolojilerin ABD\u2019den T\u00fcrkiye\u2019ye ihracat\u0131 durdurmay\u0131 talep ediyor.<\/strong><\/em><\/p>\n<p>Ayr\u0131ca yukar\u0131da belirtilen kurulu\u015flar T\u00fcrkiye\u2019nin \u00fcretti\u011fi bu \u0130HA ve S\u0130HA\u2019lar\u0131n b\u00f6lgeyi istikrars\u0131zla\u015ft\u0131ran etkisi konusunda soru\u015fturma ba\u015flat\u0131lmas\u0131n\u0131 da talep ediyorlar.<\/p>\n<p>Ermeni ve Yunan aktivistlere g\u00f6re, \u00f6l\u00fcmc\u00fcl &#8220;Bayraktar&#8221;lar\u0131n \u00fcretiminde kullan\u0131lan Amerikan teknolojilerinin T\u00fcrkiye&#8217;ye ihracat\u0131 er ya da ge\u00e7 durdurulacak ve bunun ihtimali \u00e7ok y\u00fcksek.<\/p>\n<p>2020 y\u0131l\u0131nda T\u00fcrk yap\u0131m\u0131 bu \u0130HA ve S\u0130HA\u2019lar Artsakh\u2019a kar\u015f\u0131 da yo\u011fun bir \u015fekilde kullan\u0131ld\u0131 ve b\u00fcy\u00fck insani ve maddi kay\u0131plara neden oldu.<\/p>\n<p>A\u011fustos ay\u0131n\u0131n ba\u015flar\u0131nda, ABD Temsilciler Meclisi&#8217;nin 25 \u00fcyesi, Kongre \u00fcyeleri David Chichiline ve Gus Bilirakis&#8217;in T\u00fcrkiye\u2019ye bu teknolojilerin sa\u011flamas\u0131n\u0131 derhal durdurma \u00e7a\u011fr\u0131s\u0131na kat\u0131ld\u0131.<\/p>\n<p><em><strong>https:\/\/armenpress.am\/tur\/news\/1061473.html\u00a0<\/strong><\/em><\/p>\n","protected":false},"excerpt":{"rendered":"<p>ABD Kongre \u00fcyelerinden olu\u015fan bir grup Washington&#8217;da Ermeni, Rum, K\u00fcrt, Yahudi, Hint topluluklar\u0131, &#8220;H\u0131ristiyanlar\u0131 Savunmak u\u011fruna&#8221; ad\u0131n\u0131 ta\u015f\u0131yan kurulu\u015f ve baz\u0131 sivil toplum ve siyasi \u00f6rg\u00fctler, ABD H\u00fck\u00fcmeti&#8217;nden T\u00fcrkiye\u2019de \u00fcretilen \u0130HA ve S\u0130HA\u2019larda kullan\u0131lan teknolojilerin ABD\u2019den T\u00fcrkiye\u2019ye ihracat\u0131 durdurmay\u0131 talep ediyor. Ayr\u0131ca yukar\u0131da belirtilen kurulu\u015flar T\u00fcrkiye\u2019nin \u00fcretti\u011fi bu \u0130HA ve S\u0130HA\u2019lar\u0131n b\u00f6lgeyi istikrars\u0131zla\u015ft\u0131ran etkisi konusunda [&hellip;]<\/p>\n","protected":false},"author":7,"featured_media":64362,"comment_status":"open","ping_status":"open","sticky":false,"template":"","format":"standard","meta":{"footnotes":""},"categories":[1],"tags":[],"class_list":["post-64361","post","type-post","status-publish","format-standard","has-post-thumbnail","hentry","category-haberler"],"yoast_head":"<!-- This site is optimized with the Yoast SEO plugin v27.4 - https:\/\/yoast.com\/product\/yoast-seo-wordpress\/ -->\n<title>&quot;Bayraktarlar&quot; meselesi Washington&#039;da b\u00fcy\u00fck bir sorun haline geldi: Kongre \u00fcyeleri soru\u015fturma talep ediyor - Bati Ermenistan Ve Bati Ermenileri Sorunlari Ara\u015ftirmalar Merkezi<\/title>\n<meta name=\"robots\" content=\"index, follow, max-snippet:-1, max-image-preview:large, max-video-preview:-1\" \/>\n<link rel=\"canonical\" href=\"https:\/\/akunq.net\/tr\/?p=64361\" \/>\n<meta property=\"og:locale\" content=\"en_US\" \/>\n<meta property=\"og:type\" content=\"article\" \/>\n<meta property=\"og:title\" content=\"&quot;Bayraktarlar&quot; meselesi Washington&#039;da b\u00fcy\u00fck bir sorun haline geldi: Kongre \u00fcyeleri soru\u015fturma talep ediyor - Bati Ermenistan Ve Bati Ermenileri Sorunlari Ara\u015ftirmalar Merkezi\" \/>\n<meta property=\"og:description\" content=\"ABD Kongre \u00fcyelerinden olu\u015fan bir grup Washington&#8217;da Ermeni, Rum, K\u00fcrt, Yahudi, Hint topluluklar\u0131, &#8220;H\u0131ristiyanlar\u0131 Savunmak u\u011fruna&#8221; ad\u0131n\u0131 ta\u015f\u0131yan kurulu\u015f ve baz\u0131 sivil toplum ve siyasi \u00f6rg\u00fctler, ABD H\u00fck\u00fcmeti&#8217;nden T\u00fcrkiye\u2019de \u00fcretilen \u0130HA ve S\u0130HA\u2019larda kullan\u0131lan teknolojilerin ABD\u2019den T\u00fcrkiye\u2019ye ihracat\u0131 durdurmay\u0131 talep ediyor. Ayr\u0131ca yukar\u0131da belirtilen kurulu\u015flar T\u00fcrkiye\u2019nin \u00fcretti\u011fi bu \u0130HA ve S\u0130HA\u2019lar\u0131n b\u00f6lgeyi istikrars\u0131zla\u015ft\u0131ran etkisi konusunda [&hellip;]\" \/>\n<meta property=\"og:url\" content=\"https:\/\/akunq.net\/tr\/?p=64361\" \/>\n<meta property=\"og:site_name\" content=\"Bati Ermenistan Ve Bati Ermenileri Sorunlari Ara\u015ftirmalar Merkezi\" \/>\n<meta property=\"article:published_time\" content=\"2021-08-24T07:50:51+00:00\" \/>\n<meta property=\"og:image\" content=\"https:\/\/akunq.net\/tr\/wp-content\/uploads\/sites\/6\/2021\/08\/Bayraktar.jpg\" \/>\n\t<meta property=\"og:image:width\" content=\"670\" \/>\n\t<meta property=\"og:image:height\" content=\"450\" \/>\n\t<meta property=\"og:image:type\" content=\"image\/jpeg\" \/>\n<meta name=\"author\" content=\"admin\" \/>\n<meta name=\"twitter:card\" content=\"summary_large_image\" \/>\n<meta name=\"twitter:label1\" content=\"Written by\" \/>\n\t<meta name=\"twitter:data1\" content=\"admin\" \/>\n\t<meta name=\"twitter:label2\" content=\"Est. reading time\" \/>\n\t<meta name=\"twitter:data2\" content=\"1 minute\" \/>\n<script type=\"application\/ld+json\" class=\"yoast-schema-graph\">{\"@context\":\"https:\\\/\\\/schema.org\",\"@graph\":[{\"@type\":\"Article\",\"@id\":\"https:\\\/\\\/akunq.net\\\/tr\\\/?p=64361#article\",\"isPartOf\":{\"@id\":\"https:\\\/\\\/akunq.net\\\/tr\\\/?p=64361\"},\"author\":{\"name\":\"admin\",\"@id\":\"https:\\\/\\\/akunq.net\\\/tr\\\/#\\\/schema\\\/person\\\/096f1d38a12cce57fb855b485ed24c9e\"},\"headline\":\"&#8220;Bayraktarlar&#8221; meselesi Washington&#8217;da b\u00fcy\u00fck bir sorun haline geldi: Kongre \u00fcyeleri soru\u015fturma talep ediyor\",\"datePublished\":\"2021-08-24T07:50:51+00:00\",\"mainEntityOfPage\":{\"@id\":\"https:\\\/\\\/akunq.net\\\/tr\\\/?p=64361\"},\"wordCount\":216,\"commentCount\":0,\"image\":{\"@id\":\"https:\\\/\\\/akunq.net\\\/tr\\\/?p=64361#primaryimage\"},\"thumbnailUrl\":\"https:\\\/\\\/akunq.net\\\/tr\\\/wp-content\\\/uploads\\\/sites\\\/6\\\/2021\\\/08\\\/Bayraktar.jpg\",\"articleSection\":[\"Haberler\"],\"inLanguage\":\"en-US\",\"potentialAction\":[{\"@type\":\"CommentAction\",\"name\":\"Comment\",\"target\":[\"https:\\\/\\\/akunq.net\\\/tr\\\/?p=64361#respond\"]}]},{\"@type\":\"WebPage\",\"@id\":\"https:\\\/\\\/akunq.net\\\/tr\\\/?p=64361\",\"url\":\"https:\\\/\\\/akunq.net\\\/tr\\\/?p=64361\",\"name\":\"\\\"Bayraktarlar\\\" meselesi Washington'da b\u00fcy\u00fck bir sorun haline geldi: Kongre \u00fcyeleri soru\u015fturma talep ediyor - Bati Ermenistan Ve Bati Ermenileri Sorunlari Ara\u015ftirmalar Merkezi\",\"isPartOf\":{\"@id\":\"https:\\\/\\\/akunq.net\\\/tr\\\/#website\"},\"primaryImageOfPage\":{\"@id\":\"https:\\\/\\\/akunq.net\\\/tr\\\/?p=64361#primaryimage\"},\"image\":{\"@id\":\"https:\\\/\\\/akunq.net\\\/tr\\\/?p=64361#primaryimage\"},\"thumbnailUrl\":\"https:\\\/\\\/akunq.net\\\/tr\\\/wp-content\\\/uploads\\\/sites\\\/6\\\/2021\\\/08\\\/Bayraktar.jpg\",\"datePublished\":\"2021-08-24T07:50:51+00:00\",\"author\":{\"@id\":\"https:\\\/\\\/akunq.net\\\/tr\\\/#\\\/schema\\\/person\\\/096f1d38a12cce57fb855b485ed24c9e\"},\"breadcrumb\":{\"@id\":\"https:\\\/\\\/akunq.net\\\/tr\\\/?p=64361#breadcrumb\"},\"inLanguage\":\"en-US\",\"potentialAction\":[{\"@type\":\"ReadAction\",\"target\":[\"https:\\\/\\\/akunq.net\\\/tr\\\/?p=64361\"]}]},{\"@type\":\"ImageObject\",\"inLanguage\":\"en-US\",\"@id\":\"https:\\\/\\\/akunq.net\\\/tr\\\/?p=64361#primaryimage\",\"url\":\"https:\\\/\\\/akunq.net\\\/tr\\\/wp-content\\\/uploads\\\/sites\\\/6\\\/2021\\\/08\\\/Bayraktar.jpg\",\"contentUrl\":\"https:\\\/\\\/akunq.net\\\/tr\\\/wp-content\\\/uploads\\\/sites\\\/6\\\/2021\\\/08\\\/Bayraktar.jpg\",\"width\":670,\"height\":450},{\"@type\":\"BreadcrumbList\",\"@id\":\"https:\\\/\\\/akunq.net\\\/tr\\\/?p=64361#breadcrumb\",\"itemListElement\":[{\"@type\":\"ListItem\",\"position\":1,\"name\":\"Home\",\"item\":\"https:\\\/\\\/akunq.net\\\/tr\"},{\"@type\":\"ListItem\",\"position\":2,\"name\":\"&#8220;Bayraktarlar&#8221; meselesi Washington&#8217;da b\u00fcy\u00fck bir sorun haline geldi: Kongre \u00fcyeleri soru\u015fturma talep ediyor\"}]},{\"@type\":\"WebSite\",\"@id\":\"https:\\\/\\\/akunq.net\\\/tr\\\/#website\",\"url\":\"https:\\\/\\\/akunq.net\\\/tr\\\/\",\"name\":\"Bati Ermenistan Ve Bati Ermenileri Sorunlari Ara\u015ftirmalar Merkezi\",\"description\":\"\",\"potentialAction\":[{\"@type\":\"SearchAction\",\"target\":{\"@type\":\"EntryPoint\",\"urlTemplate\":\"https:\\\/\\\/akunq.net\\\/tr\\\/?s={search_term_string}\"},\"query-input\":{\"@type\":\"PropertyValueSpecification\",\"valueRequired\":true,\"valueName\":\"search_term_string\"}}],\"inLanguage\":\"en-US\"},{\"@type\":\"Person\",\"@id\":\"https:\\\/\\\/akunq.net\\\/tr\\\/#\\\/schema\\\/person\\\/096f1d38a12cce57fb855b485ed24c9e\",\"name\":\"admin\",\"url\":\"https:\\\/\\\/akunq.net\\\/tr\\\/?author=7\"}]}<\/script>\n<!-- \/ Yoast SEO plugin. -->","yoast_head_json":{"title":"\"Bayraktarlar\" meselesi Washington'da b\u00fcy\u00fck bir sorun haline geldi: Kongre \u00fcyeleri soru\u015fturma talep ediyor - Bati Ermenistan Ve Bati Ermenileri Sorunlari Ara\u015ftirmalar Merkezi","robots":{"index":"index","follow":"follow","max-snippet":"max-snippet:-1","max-image-preview":"max-image-preview:large","max-video-preview":"max-video-preview:-1"},"canonical":"https:\/\/akunq.net\/tr\/?p=64361","og_locale":"en_US","og_type":"article","og_title":"\"Bayraktarlar\" meselesi Washington'da b\u00fcy\u00fck bir sorun haline geldi: Kongre \u00fcyeleri soru\u015fturma talep ediyor - Bati Ermenistan Ve Bati Ermenileri Sorunlari Ara\u015ftirmalar Merkezi","og_description":"ABD Kongre \u00fcyelerinden olu\u015fan bir grup Washington&#8217;da Ermeni, Rum, K\u00fcrt, Yahudi, Hint topluluklar\u0131, &#8220;H\u0131ristiyanlar\u0131 Savunmak u\u011fruna&#8221; ad\u0131n\u0131 ta\u015f\u0131yan kurulu\u015f ve baz\u0131 sivil toplum ve siyasi \u00f6rg\u00fctler, ABD H\u00fck\u00fcmeti&#8217;nden T\u00fcrkiye\u2019de \u00fcretilen \u0130HA ve S\u0130HA\u2019larda kullan\u0131lan teknolojilerin ABD\u2019den T\u00fcrkiye\u2019ye ihracat\u0131 durdurmay\u0131 talep ediyor. Ayr\u0131ca yukar\u0131da belirtilen kurulu\u015flar T\u00fcrkiye\u2019nin \u00fcretti\u011fi bu \u0130HA ve S\u0130HA\u2019lar\u0131n b\u00f6lgeyi istikrars\u0131zla\u015ft\u0131ran etkisi konusunda [&hellip;]","og_url":"https:\/\/akunq.net\/tr\/?p=64361","og_site_name":"Bati Ermenistan Ve Bati Ermenileri Sorunlari Ara\u015ftirmalar Merkezi","article_published_time":"2021-08-24T07:50:51+00:00","og_image":[{"width":670,"height":450,"url":"https:\/\/akunq.net\/tr\/wp-content\/uploads\/sites\/6\/2021\/08\/Bayraktar.jpg","type":"image\/jpeg"}],"author":"admin","twitter_card":"summary_large_image","twitter_misc":{"Written by":"admin","Est. reading time":"1 minute"},"schema":{"@context":"https:\/\/schema.org","@graph":[{"@type":"Article","@id":"https:\/\/akunq.net\/tr\/?p=64361#article","isPartOf":{"@id":"https:\/\/akunq.net\/tr\/?p=64361"},"author":{"name":"admin","@id":"https:\/\/akunq.net\/tr\/#\/schema\/person\/096f1d38a12cce57fb855b485ed24c9e"},"headline":"&#8220;Bayraktarlar&#8221; meselesi Washington&#8217;da b\u00fcy\u00fck bir sorun haline geldi: Kongre \u00fcyeleri soru\u015fturma talep ediyor","datePublished":"2021-08-24T07:50:51+00:00","mainEntityOfPage":{"@id":"https:\/\/akunq.net\/tr\/?p=64361"},"wordCount":216,"commentCount":0,"image":{"@id":"https:\/\/akunq.net\/tr\/?p=64361#primaryimage"},"thumbnailUrl":"https:\/\/akunq.net\/tr\/wp-content\/uploads\/sites\/6\/2021\/08\/Bayraktar.jpg","articleSection":["Haberler"],"inLanguage":"en-US","potentialAction":[{"@type":"CommentAction","name":"Comment","target":["https:\/\/akunq.net\/tr\/?p=64361#respond"]}]},{"@type":"WebPage","@id":"https:\/\/akunq.net\/tr\/?p=64361","url":"https:\/\/akunq.net\/tr\/?p=64361","name":"\"Bayraktarlar\" meselesi Washington'da b\u00fcy\u00fck bir sorun haline geldi: Kongre \u00fcyeleri soru\u015fturma talep ediyor - Bati Ermenistan Ve Bati Ermenileri Sorunlari Ara\u015ftirmalar Merkezi","isPartOf":{"@id":"https:\/\/akunq.net\/tr\/#website"},"primaryImageOfPage":{"@id":"https:\/\/akunq.net\/tr\/?p=64361#primaryimage"},"image":{"@id":"https:\/\/akunq.net\/tr\/?p=64361#primaryimage"},"thumbnailUrl":"https:\/\/akunq.net\/tr\/wp-content\/uploads\/sites\/6\/2021\/08\/Bayraktar.jpg","datePublished":"2021-08-24T07:50:51+00:00","author":{"@id":"https:\/\/akunq.net\/tr\/#\/schema\/person\/096f1d38a12cce57fb855b485ed24c9e"},"breadcrumb":{"@id":"https:\/\/akunq.net\/tr\/?p=64361#breadcrumb"},"inLanguage":"en-US","potentialAction":[{"@type":"ReadAction","target":["https:\/\/akunq.net\/tr\/?p=64361"]}]},{"@type":"ImageObject","inLanguage":"en-US","@id":"https:\/\/akunq.net\/tr\/?p=64361#primaryimage","url":"https:\/\/akunq.net\/tr\/wp-content\/uploads\/sites\/6\/2021\/08\/Bayraktar.jpg","contentUrl":"https:\/\/akunq.net\/tr\/wp-content\/uploads\/sites\/6\/2021\/08\/Bayraktar.jpg","width":670,"height":450},{"@type":"BreadcrumbList","@id":"https:\/\/akunq.net\/tr\/?p=64361#breadcrumb","itemListElement":[{"@type":"ListItem","position":1,"name":"Home","item":"https:\/\/akunq.net\/tr"},{"@type":"ListItem","position":2,"name":"&#8220;Bayraktarlar&#8221; meselesi Washington&#8217;da b\u00fcy\u00fck bir sorun haline geldi: Kongre \u00fcyeleri soru\u015fturma talep ediyor"}]},{"@type":"WebSite","@id":"https:\/\/akunq.net\/tr\/#website","url":"https:\/\/akunq.net\/tr\/","name":"Bati Ermenistan Ve Bati Ermenileri Sorunlari Ara\u015ftirmalar Merkezi","description":"","potentialAction":[{"@type":"SearchAction","target":{"@type":"EntryPoint","urlTemplate":"https:\/\/akunq.net\/tr\/?s={search_term_string}"},"query-input":{"@type":"PropertyValueSpecification","valueRequired":true,"valueName":"search_term_string"}}],"inLanguage":"en-US"},{"@type":"Person","@id":"https:\/\/akunq.net\/tr\/#\/schema\/person\/096f1d38a12cce57fb855b485ed24c9e","name":"admin","url":"https:\/\/akunq.net\/tr\/?author=7"}]}},"_links":{"self":[{"href":"https:\/\/akunq.net\/tr\/index.php?rest_route=\/wp\/v2\/posts\/64361","targetHints":{"allow":["GET"]}}],"collection":[{"href":"https:\/\/akunq.net\/tr\/index.php?rest_route=\/wp\/v2\/posts"}],"about":[{"href":"https:\/\/akunq.net\/tr\/index.php?rest_route=\/wp\/v2\/types\/post"}],"author":[{"embeddable":true,"href":"https:\/\/akunq.net\/tr\/index.php?rest_route=\/wp\/v2\/users\/7"}],"replies":[{"embeddable":true,"href":"https:\/\/akunq.net\/tr\/index.php?rest_route=%2Fwp%2Fv2%2Fcomments&post=64361"}],"version-history":[{"count":1,"href":"https:\/\/akunq.net\/tr\/index.php?rest_route=\/wp\/v2\/posts\/64361\/revisions"}],"predecessor-version":[{"id":64363,"href":"https:\/\/akunq.net\/tr\/index.php?rest_route=\/wp\/v2\/posts\/64361\/revisions\/64363"}],"wp:featuredmedia":[{"embeddable":true,"href":"https:\/\/akunq.net\/tr\/index.php?rest_route=\/wp\/v2\/media\/64362"}],"wp:attachment":[{"href":"https:\/\/akunq.net\/tr\/index.php?rest_route=%2Fwp%2Fv2%2Fmedia&parent=64361"}],"wp:term":[{"taxonomy":"category","embeddable":true,"href":"https:\/\/akunq.net\/tr\/index.php?rest_route=%2Fwp%2Fv2%2Fcategories&post=64361"},{"taxonomy":"post_tag","embeddable":true,"href":"https:\/\/akunq.net\/tr\/index.php?rest_route=%2Fwp%2Fv2%2Ftags&post=64361"}],"curies":[{"name":"wp","href":"https:\/\/api.w.org\/{rel}","templated":true}]}}