{"id":64350,"date":"2021-08-23T03:37:59","date_gmt":"2021-08-23T08:37:59","guid":{"rendered":"https:\/\/akunq.net\/tr\/?p=64350"},"modified":"2021-08-23T03:37:59","modified_gmt":"2021-08-23T08:37:59","slug":"iranin-destegiyle-hayata-gecirilmis-odak-noktasi-meghri-egitim-ve-kultur-projesi-sanatseverleri-etrafinda-topladi","status":"publish","type":"post","link":"https:\/\/akunq.net\/tr\/?p=64350","title":{"rendered":"\u0130ran\u2019\u0131n deste\u011fiyle hayata ge\u00e7irilmi\u015f &#8220;Odak noktas\u0131. Meghri&#8221; e\u011fitim ve k\u00fclt\u00fcr projesi sanatseverleri etraf\u0131nda toplad\u0131"},"content":{"rendered":"<p><img loading=\"lazy\" decoding=\"async\" class=\"aligncenter size-medium wp-image-64351\" src=\"https:\/\/akunq.net\/tr\/wp-content\/uploads\/2021\/08\/Odak-noktas\u0131.-Meghri-360x242.jpg\" alt=\"\" width=\"360\" height=\"242\" srcset=\"https:\/\/akunq.net\/tr\/wp-content\/uploads\/sites\/6\/2021\/08\/Odak-noktas\u0131.-Meghri-360x242.jpg 360w, https:\/\/akunq.net\/tr\/wp-content\/uploads\/sites\/6\/2021\/08\/Odak-noktas\u0131.-Meghri-560x376.jpg 560w, https:\/\/akunq.net\/tr\/wp-content\/uploads\/sites\/6\/2021\/08\/Odak-noktas\u0131.-Meghri-260x175.jpg 260w, https:\/\/akunq.net\/tr\/wp-content\/uploads\/sites\/6\/2021\/08\/Odak-noktas\u0131.-Meghri-160x107.jpg 160w, https:\/\/akunq.net\/tr\/wp-content\/uploads\/sites\/6\/2021\/08\/Odak-noktas\u0131.-Meghri.jpg 670w\" sizes=\"auto, (max-width: 360px) 100vw, 360px\" \/><\/p>\n<p><strong><em>Ermenistan E\u011fitim, Bilim, K\u00fclt\u00fcr ve Spor Bakanl\u0131\u011f\u0131&#8217;n\u0131n deste\u011fiyle Estetik Milli Merkezi, Ermenistan\u2019\u0131n Syunik idari b\u00f6lgesi\u2019nin Meghri \u015fehri ve etraf\u0131ndaki yerle\u015fim merkezierinin sakinleri i\u00e7in &#8220;Odak noktas\u0131: Meghri&#8221; (Ermenice: \u00ab\u053f\u056b\u0566\u0561\u056f\u0565\u057f. \u0544\u0565\u0572\u0580\u056b\u00bb) e\u011fitim ve k\u00fclt\u00fcr projesi ger\u00e7ekle\u015ftirdi.<\/em><\/strong><\/p>\n<div id=\"adfox_150425021367511\" class=\"intext_adf \"><\/div>\n<p>Armenpress\u2019in haberine g\u00f6re Meghri\u2019de k\u0131sa s\u00fcreli foto\u011fraf, film, mimarl\u0131k, edebiyat ve di\u011fer at\u00f6yleleri a\u00e7\u0131ld\u0131. At\u00f6ylelerde ise Yerevan&#8217;dan gelmi\u015f olan uzmanlar, profesyonel at\u00f6lye \u00e7al\u0131\u015fmalar\u0131n\u0131 sundular.<\/p>\n<p>Proje, \u0130ran\u2019n\u0131n Ermenistan B\u00fcy\u00fckel\u00e7ili\u011fi K\u00fclt\u00fcr Merkezi taraf\u0131ndan da desteklendi.<\/p>\n<p>Armenpress ile r\u00f6portajda Estetik Milli Merkezi M\u00fcd\u00fcr\u00fc Vahan Badalyan, yak\u0131n zamanda Meghri&#8217;de bir \u0130ran film festivalinin planland\u0131\u011f\u0131n\u0131 belirtti.<\/p>\n<p>\u0130ran\u2019n\u0131n Ermenistan B\u00fcy\u00fckel\u00e7ili\u011fi K\u00fclt\u00fcr Merkezi\u2019nden Dan\u0131\u015fman Seyyid H\u00fcseyin Tabatabayi, Ermenistan ile ili\u015fkilerin \u00f6zellikle Meghri\u2019de geli\u015ftirilmesine b\u00fcy\u00fck \u00f6nem verdiklerini kaydetti.<\/p>\n<p><em><strong>https:\/\/armenpress.am\/tur\/news\/1061310.html\u00a0<\/strong><\/em><\/p>\n","protected":false},"excerpt":{"rendered":"<p>Ermenistan E\u011fitim, Bilim, K\u00fclt\u00fcr ve Spor Bakanl\u0131\u011f\u0131&#8217;n\u0131n deste\u011fiyle Estetik Milli Merkezi, Ermenistan\u2019\u0131n Syunik idari b\u00f6lgesi\u2019nin Meghri \u015fehri ve etraf\u0131ndaki yerle\u015fim merkezierinin sakinleri i\u00e7in &#8220;Odak noktas\u0131: Meghri&#8221; (Ermenice: \u00ab\u053f\u056b\u0566\u0561\u056f\u0565\u057f. \u0544\u0565\u0572\u0580\u056b\u00bb) e\u011fitim ve k\u00fclt\u00fcr projesi ger\u00e7ekle\u015ftirdi. Armenpress\u2019in haberine g\u00f6re Meghri\u2019de k\u0131sa s\u00fcreli foto\u011fraf, film, mimarl\u0131k, edebiyat ve di\u011fer at\u00f6yleleri a\u00e7\u0131ld\u0131. At\u00f6ylelerde ise Yerevan&#8217;dan gelmi\u015f olan uzmanlar, profesyonel [&hellip;]<\/p>\n","protected":false},"author":7,"featured_media":64351,"comment_status":"open","ping_status":"open","sticky":false,"template":"","format":"standard","meta":{"footnotes":""},"categories":[1],"tags":[],"class_list":["post-64350","post","type-post","status-publish","format-standard","has-post-thumbnail","hentry","category-haberler"],"yoast_head":"<!-- This site is optimized with the Yoast SEO plugin v27.4 - https:\/\/yoast.com\/product\/yoast-seo-wordpress\/ -->\n<title>\u0130ran\u2019\u0131n deste\u011fiyle hayata ge\u00e7irilmi\u015f &quot;Odak noktas\u0131. Meghri&quot; e\u011fitim ve k\u00fclt\u00fcr projesi sanatseverleri etraf\u0131nda toplad\u0131 - Bati Ermenistan Ve Bati Ermenileri Sorunlari Ara\u015ftirmalar Merkezi<\/title>\n<meta name=\"robots\" content=\"index, follow, max-snippet:-1, max-image-preview:large, max-video-preview:-1\" \/>\n<link rel=\"canonical\" href=\"https:\/\/akunq.net\/tr\/?p=64350\" \/>\n<meta property=\"og:locale\" content=\"en_US\" \/>\n<meta property=\"og:type\" content=\"article\" \/>\n<meta property=\"og:title\" content=\"\u0130ran\u2019\u0131n deste\u011fiyle hayata ge\u00e7irilmi\u015f &quot;Odak noktas\u0131. Meghri&quot; e\u011fitim ve k\u00fclt\u00fcr projesi sanatseverleri etraf\u0131nda toplad\u0131 - Bati Ermenistan Ve Bati Ermenileri Sorunlari Ara\u015ftirmalar Merkezi\" \/>\n<meta property=\"og:description\" content=\"Ermenistan E\u011fitim, Bilim, K\u00fclt\u00fcr ve Spor Bakanl\u0131\u011f\u0131&#8217;n\u0131n deste\u011fiyle Estetik Milli Merkezi, Ermenistan\u2019\u0131n Syunik idari b\u00f6lgesi\u2019nin Meghri \u015fehri ve etraf\u0131ndaki yerle\u015fim merkezierinin sakinleri i\u00e7in &#8220;Odak noktas\u0131: Meghri&#8221; (Ermenice: \u00ab\u053f\u056b\u0566\u0561\u056f\u0565\u057f. \u0544\u0565\u0572\u0580\u056b\u00bb) e\u011fitim ve k\u00fclt\u00fcr projesi ger\u00e7ekle\u015ftirdi. Armenpress\u2019in haberine g\u00f6re Meghri\u2019de k\u0131sa s\u00fcreli foto\u011fraf, film, mimarl\u0131k, edebiyat ve di\u011fer at\u00f6yleleri a\u00e7\u0131ld\u0131. At\u00f6ylelerde ise Yerevan&#8217;dan gelmi\u015f olan uzmanlar, profesyonel [&hellip;]\" \/>\n<meta property=\"og:url\" content=\"https:\/\/akunq.net\/tr\/?p=64350\" \/>\n<meta property=\"og:site_name\" content=\"Bati Ermenistan Ve Bati Ermenileri Sorunlari Ara\u015ftirmalar Merkezi\" \/>\n<meta property=\"article:published_time\" content=\"2021-08-23T08:37:59+00:00\" \/>\n<meta property=\"og:image\" content=\"https:\/\/akunq.net\/tr\/wp-content\/uploads\/sites\/6\/2021\/08\/Odak-noktas\u0131.-Meghri.jpg\" \/>\n\t<meta property=\"og:image:width\" content=\"670\" \/>\n\t<meta property=\"og:image:height\" content=\"450\" \/>\n\t<meta property=\"og:image:type\" content=\"image\/jpeg\" \/>\n<meta name=\"author\" content=\"admin\" \/>\n<meta name=\"twitter:card\" content=\"summary_large_image\" \/>\n<meta name=\"twitter:label1\" content=\"Written by\" \/>\n\t<meta name=\"twitter:data1\" content=\"admin\" \/>\n\t<meta name=\"twitter:label2\" content=\"Est. reading time\" \/>\n\t<meta name=\"twitter:data2\" content=\"1 minute\" \/>\n<script type=\"application\/ld+json\" class=\"yoast-schema-graph\">{\"@context\":\"https:\\\/\\\/schema.org\",\"@graph\":[{\"@type\":\"Article\",\"@id\":\"https:\\\/\\\/akunq.net\\\/tr\\\/?p=64350#article\",\"isPartOf\":{\"@id\":\"https:\\\/\\\/akunq.net\\\/tr\\\/?p=64350\"},\"author\":{\"name\":\"admin\",\"@id\":\"https:\\\/\\\/akunq.net\\\/tr\\\/#\\\/schema\\\/person\\\/096f1d38a12cce57fb855b485ed24c9e\"},\"headline\":\"\u0130ran\u2019\u0131n deste\u011fiyle hayata ge\u00e7irilmi\u015f &#8220;Odak noktas\u0131. Meghri&#8221; e\u011fitim ve k\u00fclt\u00fcr projesi sanatseverleri etraf\u0131nda toplad\u0131\",\"datePublished\":\"2021-08-23T08:37:59+00:00\",\"mainEntityOfPage\":{\"@id\":\"https:\\\/\\\/akunq.net\\\/tr\\\/?p=64350\"},\"wordCount\":190,\"commentCount\":0,\"image\":{\"@id\":\"https:\\\/\\\/akunq.net\\\/tr\\\/?p=64350#primaryimage\"},\"thumbnailUrl\":\"https:\\\/\\\/akunq.net\\\/tr\\\/wp-content\\\/uploads\\\/sites\\\/6\\\/2021\\\/08\\\/Odak-noktas\u0131.-Meghri.jpg\",\"articleSection\":[\"Haberler\"],\"inLanguage\":\"en-US\",\"potentialAction\":[{\"@type\":\"CommentAction\",\"name\":\"Comment\",\"target\":[\"https:\\\/\\\/akunq.net\\\/tr\\\/?p=64350#respond\"]}]},{\"@type\":\"WebPage\",\"@id\":\"https:\\\/\\\/akunq.net\\\/tr\\\/?p=64350\",\"url\":\"https:\\\/\\\/akunq.net\\\/tr\\\/?p=64350\",\"name\":\"\u0130ran\u2019\u0131n deste\u011fiyle hayata ge\u00e7irilmi\u015f \\\"Odak noktas\u0131. Meghri\\\" e\u011fitim ve k\u00fclt\u00fcr projesi sanatseverleri etraf\u0131nda toplad\u0131 - Bati Ermenistan Ve Bati Ermenileri Sorunlari Ara\u015ftirmalar Merkezi\",\"isPartOf\":{\"@id\":\"https:\\\/\\\/akunq.net\\\/tr\\\/#website\"},\"primaryImageOfPage\":{\"@id\":\"https:\\\/\\\/akunq.net\\\/tr\\\/?p=64350#primaryimage\"},\"image\":{\"@id\":\"https:\\\/\\\/akunq.net\\\/tr\\\/?p=64350#primaryimage\"},\"thumbnailUrl\":\"https:\\\/\\\/akunq.net\\\/tr\\\/wp-content\\\/uploads\\\/sites\\\/6\\\/2021\\\/08\\\/Odak-noktas\u0131.-Meghri.jpg\",\"datePublished\":\"2021-08-23T08:37:59+00:00\",\"author\":{\"@id\":\"https:\\\/\\\/akunq.net\\\/tr\\\/#\\\/schema\\\/person\\\/096f1d38a12cce57fb855b485ed24c9e\"},\"breadcrumb\":{\"@id\":\"https:\\\/\\\/akunq.net\\\/tr\\\/?p=64350#breadcrumb\"},\"inLanguage\":\"en-US\",\"potentialAction\":[{\"@type\":\"ReadAction\",\"target\":[\"https:\\\/\\\/akunq.net\\\/tr\\\/?p=64350\"]}]},{\"@type\":\"ImageObject\",\"inLanguage\":\"en-US\",\"@id\":\"https:\\\/\\\/akunq.net\\\/tr\\\/?p=64350#primaryimage\",\"url\":\"https:\\\/\\\/akunq.net\\\/tr\\\/wp-content\\\/uploads\\\/sites\\\/6\\\/2021\\\/08\\\/Odak-noktas\u0131.-Meghri.jpg\",\"contentUrl\":\"https:\\\/\\\/akunq.net\\\/tr\\\/wp-content\\\/uploads\\\/sites\\\/6\\\/2021\\\/08\\\/Odak-noktas\u0131.-Meghri.jpg\",\"width\":670,\"height\":450},{\"@type\":\"BreadcrumbList\",\"@id\":\"https:\\\/\\\/akunq.net\\\/tr\\\/?p=64350#breadcrumb\",\"itemListElement\":[{\"@type\":\"ListItem\",\"position\":1,\"name\":\"Home\",\"item\":\"https:\\\/\\\/akunq.net\\\/tr\"},{\"@type\":\"ListItem\",\"position\":2,\"name\":\"\u0130ran\u2019\u0131n deste\u011fiyle hayata ge\u00e7irilmi\u015f &#8220;Odak noktas\u0131. Meghri&#8221; e\u011fitim ve k\u00fclt\u00fcr projesi sanatseverleri etraf\u0131nda toplad\u0131\"}]},{\"@type\":\"WebSite\",\"@id\":\"https:\\\/\\\/akunq.net\\\/tr\\\/#website\",\"url\":\"https:\\\/\\\/akunq.net\\\/tr\\\/\",\"name\":\"Bati Ermenistan Ve Bati Ermenileri Sorunlari Ara\u015ftirmalar Merkezi\",\"description\":\"\",\"potentialAction\":[{\"@type\":\"SearchAction\",\"target\":{\"@type\":\"EntryPoint\",\"urlTemplate\":\"https:\\\/\\\/akunq.net\\\/tr\\\/?s={search_term_string}\"},\"query-input\":{\"@type\":\"PropertyValueSpecification\",\"valueRequired\":true,\"valueName\":\"search_term_string\"}}],\"inLanguage\":\"en-US\"},{\"@type\":\"Person\",\"@id\":\"https:\\\/\\\/akunq.net\\\/tr\\\/#\\\/schema\\\/person\\\/096f1d38a12cce57fb855b485ed24c9e\",\"name\":\"admin\",\"url\":\"https:\\\/\\\/akunq.net\\\/tr\\\/?author=7\"}]}<\/script>\n<!-- \/ Yoast SEO plugin. -->","yoast_head_json":{"title":"\u0130ran\u2019\u0131n deste\u011fiyle hayata ge\u00e7irilmi\u015f \"Odak noktas\u0131. Meghri\" e\u011fitim ve k\u00fclt\u00fcr projesi sanatseverleri etraf\u0131nda toplad\u0131 - Bati Ermenistan Ve Bati Ermenileri Sorunlari Ara\u015ftirmalar Merkezi","robots":{"index":"index","follow":"follow","max-snippet":"max-snippet:-1","max-image-preview":"max-image-preview:large","max-video-preview":"max-video-preview:-1"},"canonical":"https:\/\/akunq.net\/tr\/?p=64350","og_locale":"en_US","og_type":"article","og_title":"\u0130ran\u2019\u0131n deste\u011fiyle hayata ge\u00e7irilmi\u015f \"Odak noktas\u0131. Meghri\" e\u011fitim ve k\u00fclt\u00fcr projesi sanatseverleri etraf\u0131nda toplad\u0131 - Bati Ermenistan Ve Bati Ermenileri Sorunlari Ara\u015ftirmalar Merkezi","og_description":"Ermenistan E\u011fitim, Bilim, K\u00fclt\u00fcr ve Spor Bakanl\u0131\u011f\u0131&#8217;n\u0131n deste\u011fiyle Estetik Milli Merkezi, Ermenistan\u2019\u0131n Syunik idari b\u00f6lgesi\u2019nin Meghri \u015fehri ve etraf\u0131ndaki yerle\u015fim merkezierinin sakinleri i\u00e7in &#8220;Odak noktas\u0131: Meghri&#8221; (Ermenice: \u00ab\u053f\u056b\u0566\u0561\u056f\u0565\u057f. \u0544\u0565\u0572\u0580\u056b\u00bb) e\u011fitim ve k\u00fclt\u00fcr projesi ger\u00e7ekle\u015ftirdi. Armenpress\u2019in haberine g\u00f6re Meghri\u2019de k\u0131sa s\u00fcreli foto\u011fraf, film, mimarl\u0131k, edebiyat ve di\u011fer at\u00f6yleleri a\u00e7\u0131ld\u0131. At\u00f6ylelerde ise Yerevan&#8217;dan gelmi\u015f olan uzmanlar, profesyonel [&hellip;]","og_url":"https:\/\/akunq.net\/tr\/?p=64350","og_site_name":"Bati Ermenistan Ve Bati Ermenileri Sorunlari Ara\u015ftirmalar Merkezi","article_published_time":"2021-08-23T08:37:59+00:00","og_image":[{"width":670,"height":450,"url":"https:\/\/akunq.net\/tr\/wp-content\/uploads\/sites\/6\/2021\/08\/Odak-noktas\u0131.-Meghri.jpg","type":"image\/jpeg"}],"author":"admin","twitter_card":"summary_large_image","twitter_misc":{"Written by":"admin","Est. reading time":"1 minute"},"schema":{"@context":"https:\/\/schema.org","@graph":[{"@type":"Article","@id":"https:\/\/akunq.net\/tr\/?p=64350#article","isPartOf":{"@id":"https:\/\/akunq.net\/tr\/?p=64350"},"author":{"name":"admin","@id":"https:\/\/akunq.net\/tr\/#\/schema\/person\/096f1d38a12cce57fb855b485ed24c9e"},"headline":"\u0130ran\u2019\u0131n deste\u011fiyle hayata ge\u00e7irilmi\u015f &#8220;Odak noktas\u0131. Meghri&#8221; e\u011fitim ve k\u00fclt\u00fcr projesi sanatseverleri etraf\u0131nda toplad\u0131","datePublished":"2021-08-23T08:37:59+00:00","mainEntityOfPage":{"@id":"https:\/\/akunq.net\/tr\/?p=64350"},"wordCount":190,"commentCount":0,"image":{"@id":"https:\/\/akunq.net\/tr\/?p=64350#primaryimage"},"thumbnailUrl":"https:\/\/akunq.net\/tr\/wp-content\/uploads\/sites\/6\/2021\/08\/Odak-noktas\u0131.-Meghri.jpg","articleSection":["Haberler"],"inLanguage":"en-US","potentialAction":[{"@type":"CommentAction","name":"Comment","target":["https:\/\/akunq.net\/tr\/?p=64350#respond"]}]},{"@type":"WebPage","@id":"https:\/\/akunq.net\/tr\/?p=64350","url":"https:\/\/akunq.net\/tr\/?p=64350","name":"\u0130ran\u2019\u0131n deste\u011fiyle hayata ge\u00e7irilmi\u015f \"Odak noktas\u0131. Meghri\" e\u011fitim ve k\u00fclt\u00fcr projesi sanatseverleri etraf\u0131nda toplad\u0131 - Bati Ermenistan Ve Bati Ermenileri Sorunlari Ara\u015ftirmalar Merkezi","isPartOf":{"@id":"https:\/\/akunq.net\/tr\/#website"},"primaryImageOfPage":{"@id":"https:\/\/akunq.net\/tr\/?p=64350#primaryimage"},"image":{"@id":"https:\/\/akunq.net\/tr\/?p=64350#primaryimage"},"thumbnailUrl":"https:\/\/akunq.net\/tr\/wp-content\/uploads\/sites\/6\/2021\/08\/Odak-noktas\u0131.-Meghri.jpg","datePublished":"2021-08-23T08:37:59+00:00","author":{"@id":"https:\/\/akunq.net\/tr\/#\/schema\/person\/096f1d38a12cce57fb855b485ed24c9e"},"breadcrumb":{"@id":"https:\/\/akunq.net\/tr\/?p=64350#breadcrumb"},"inLanguage":"en-US","potentialAction":[{"@type":"ReadAction","target":["https:\/\/akunq.net\/tr\/?p=64350"]}]},{"@type":"ImageObject","inLanguage":"en-US","@id":"https:\/\/akunq.net\/tr\/?p=64350#primaryimage","url":"https:\/\/akunq.net\/tr\/wp-content\/uploads\/sites\/6\/2021\/08\/Odak-noktas\u0131.-Meghri.jpg","contentUrl":"https:\/\/akunq.net\/tr\/wp-content\/uploads\/sites\/6\/2021\/08\/Odak-noktas\u0131.-Meghri.jpg","width":670,"height":450},{"@type":"BreadcrumbList","@id":"https:\/\/akunq.net\/tr\/?p=64350#breadcrumb","itemListElement":[{"@type":"ListItem","position":1,"name":"Home","item":"https:\/\/akunq.net\/tr"},{"@type":"ListItem","position":2,"name":"\u0130ran\u2019\u0131n deste\u011fiyle hayata ge\u00e7irilmi\u015f &#8220;Odak noktas\u0131. Meghri&#8221; e\u011fitim ve k\u00fclt\u00fcr projesi sanatseverleri etraf\u0131nda toplad\u0131"}]},{"@type":"WebSite","@id":"https:\/\/akunq.net\/tr\/#website","url":"https:\/\/akunq.net\/tr\/","name":"Bati Ermenistan Ve Bati Ermenileri Sorunlari Ara\u015ftirmalar Merkezi","description":"","potentialAction":[{"@type":"SearchAction","target":{"@type":"EntryPoint","urlTemplate":"https:\/\/akunq.net\/tr\/?s={search_term_string}"},"query-input":{"@type":"PropertyValueSpecification","valueRequired":true,"valueName":"search_term_string"}}],"inLanguage":"en-US"},{"@type":"Person","@id":"https:\/\/akunq.net\/tr\/#\/schema\/person\/096f1d38a12cce57fb855b485ed24c9e","name":"admin","url":"https:\/\/akunq.net\/tr\/?author=7"}]}},"_links":{"self":[{"href":"https:\/\/akunq.net\/tr\/index.php?rest_route=\/wp\/v2\/posts\/64350","targetHints":{"allow":["GET"]}}],"collection":[{"href":"https:\/\/akunq.net\/tr\/index.php?rest_route=\/wp\/v2\/posts"}],"about":[{"href":"https:\/\/akunq.net\/tr\/index.php?rest_route=\/wp\/v2\/types\/post"}],"author":[{"embeddable":true,"href":"https:\/\/akunq.net\/tr\/index.php?rest_route=\/wp\/v2\/users\/7"}],"replies":[{"embeddable":true,"href":"https:\/\/akunq.net\/tr\/index.php?rest_route=%2Fwp%2Fv2%2Fcomments&post=64350"}],"version-history":[{"count":1,"href":"https:\/\/akunq.net\/tr\/index.php?rest_route=\/wp\/v2\/posts\/64350\/revisions"}],"predecessor-version":[{"id":64352,"href":"https:\/\/akunq.net\/tr\/index.php?rest_route=\/wp\/v2\/posts\/64350\/revisions\/64352"}],"wp:featuredmedia":[{"embeddable":true,"href":"https:\/\/akunq.net\/tr\/index.php?rest_route=\/wp\/v2\/media\/64351"}],"wp:attachment":[{"href":"https:\/\/akunq.net\/tr\/index.php?rest_route=%2Fwp%2Fv2%2Fmedia&parent=64350"}],"wp:term":[{"taxonomy":"category","embeddable":true,"href":"https:\/\/akunq.net\/tr\/index.php?rest_route=%2Fwp%2Fv2%2Fcategories&post=64350"},{"taxonomy":"post_tag","embeddable":true,"href":"https:\/\/akunq.net\/tr\/index.php?rest_route=%2Fwp%2Fv2%2Ftags&post=64350"}],"curies":[{"name":"wp","href":"https:\/\/api.w.org\/{rel}","templated":true}]}}