{"id":64344,"date":"2021-08-23T02:21:03","date_gmt":"2021-08-23T07:21:03","guid":{"rendered":"https:\/\/akunq.net\/tr\/?p=64344"},"modified":"2021-08-23T02:21:03","modified_gmt":"2021-08-23T07:21:03","slug":"mezar-taslarinda-tarih","status":"publish","type":"post","link":"https:\/\/akunq.net\/tr\/?p=64344","title":{"rendered":"Mezar ta\u015flar\u0131nda tarih"},"content":{"rendered":"<p><img loading=\"lazy\" decoding=\"async\" class=\"aligncenter size-medium wp-image-64345\" src=\"https:\/\/akunq.net\/tr\/wp-content\/uploads\/2021\/08\/Mezar-ta\u015flar\u0131nda-tarih-360x213.jpg\" alt=\"\" width=\"360\" height=\"213\" srcset=\"https:\/\/akunq.net\/tr\/wp-content\/uploads\/sites\/6\/2021\/08\/Mezar-ta\u015flar\u0131nda-tarih-360x213.jpg 360w, https:\/\/akunq.net\/tr\/wp-content\/uploads\/sites\/6\/2021\/08\/Mezar-ta\u015flar\u0131nda-tarih-560x332.jpg 560w, https:\/\/akunq.net\/tr\/wp-content\/uploads\/sites\/6\/2021\/08\/Mezar-ta\u015flar\u0131nda-tarih-260x154.jpg 260w, https:\/\/akunq.net\/tr\/wp-content\/uploads\/sites\/6\/2021\/08\/Mezar-ta\u015flar\u0131nda-tarih-160x95.jpg 160w, https:\/\/akunq.net\/tr\/wp-content\/uploads\/sites\/6\/2021\/08\/Mezar-ta\u015flar\u0131nda-tarih.jpg 760w\" sizes=\"auto, (max-width: 360px) 100vw, 360px\" \/><\/p>\n<p><em><strong>G\u00f6steri\u015fsiz bir mezar ta\u015f\u0131. \u00dczerinde yazanlar okunam\u0131yor. \u0130branice. Az \u00f6tede ta\u015flar\u0131 s\u00fcsl\u00fc olanlar var. \u00c7i\u00e7eklerle, yapraklarla, de\u011fi\u015fik motiflerle bezenmi\u015fler. Dreyfuss ve Levi\u2026 Bir alt s\u0131radakilerde s\u00fcslemeler art\u0131yor. Yaz\u0131lar\u0131n sa\u011f\u0131nda solunda dua eden eller; kabartma kartallar\u2026 Bir ba\u015fkas\u0131nda Levi kabilesinin insanlar\u0131n\u0131n ye\u011fledi\u011fi ibrik motifi. Mezar ta\u015flar\u0131 gittik\u00e7e b\u00fcy\u00fcyor.<\/strong><\/em><\/p>\n<p><strong>Ahmet Arpad<\/strong><\/p>\n<p>Rothschild ve Landauer\u2026 S\u00fcsler art\u0131yor. Ta\u015flardan birini nedense s\u00fcnnet b\u0131\u00e7aklar\u0131 s\u00fcsl\u00fcyor. Bu mezarl\u0131\u011fa ilk g\u00f6m\u00fc 1802 y\u0131l\u0131nda yap\u0131lm\u0131\u015f, son g\u00f6m\u00fc de 1943\u2019te. Stuttgart\u2019\u0131n g\u00fcneyinde, Konstanz G\u00f6l\u00fc\u2019ne uzanan yol \u00fczerinde eski bir yerle\u015fim merkezi olan Buttenhausen\u2019da 18. y\u00fczy\u0131ldan ba\u015flayarak H\u0131ristiyanlarla Yahudiler, Hitler denen o diktat\u00f6r \u201cF\u00fchrer\u201d gelip de toplumun \u00fczerine \u00e7\u00f6reklenene kadar bar\u0131\u015f i\u00e7inde, ortak bir ya\u015fam s\u00fcrd\u00fcrm\u00fc\u015f. \u015eirin ovan\u0131n iki yamac\u0131na kurulu mahallelerinde ya\u015fay\u0131p durmu\u015flar. Bir yama\u00e7ta kilise, di\u011fer yama\u00e7ta sinagog. Yahudiler ticaretle u\u011fra\u015f\u0131rken di\u011ferleri topra\u011f\u0131 i\u015flemi\u015fler. Sonra 20. y\u00fczy\u0131l\u0131n \u00fclkeye getirdi\u011fi sanayile\u015fme Yahudi gen\u00e7lerini yava\u015f yava\u015f b\u00fcy\u00fck kentlere g\u00f6\u00e7e zorlam\u0131\u015f. K\u00f6y ya\u015fl\u0131lara kalm\u0131\u015f. Buttenhausen Mezarl\u0131\u011f\u0131\u2019na 1943 y\u0131l\u0131ndan sonra hi\u00e7 kimse g\u00f6m\u00fclmemi\u015f. Oral\u0131 Yahudilerin \u00f6l\u00fcmleri ba\u015fka topraklarda olmu\u015f!<\/p>\n<p><strong>G\u00d6\u00c7LE AZALAN N\u00dcFUS\u2026<\/strong><\/p>\n<p>Sava\u015f\u0131n ard\u0131ndan y\u00f6reye yerle\u015fen Walter Otto, Buttenhausen ve insanlar\u0131n\u0131n ge\u00e7mi\u015fini kendine g\u00f6rev edinir. O olmasayd\u0131, g\u00fcn\u00fcm\u00fczde y\u00f6renin iki y\u00fczy\u0131ll\u0131k Yahudi tarihi \u00e7oktan unutulur giderdi. Bo\u015f zamanlar\u0131nda inatla ara\u015ft\u0131r\u0131r, y\u0131llar\u0131n\u0131 bu g\u00f6reve harcar. B\u00fcy\u00fck bir emek sonucu, bir zamanlar burada ya\u015fam\u0131\u015f insanlar\u0131n nerelere g\u00f6\u00e7 etmi\u015f oldu\u011funu bulur, okyanus \u00f6tesindeki \u00e7ocuklar\u0131na, torunlar\u0131na ve onlar\u0131n \u00e7ocuklar\u0131na ula\u015f\u0131r. Sonra kendini mezarl\u0131\u011f\u0131n restorasyonuna verir. Devlet deste\u011finin yan\u0131 s\u0131ra ba\u011f\u0131\u015flarla 399 ta\u015f elden ge\u00e7er. Heidelberg \u00dcniversitesi\u2019yle Stuttgart\u2019taki politik e\u011fitim merkezini de arkas\u0131na alarak Buttenhausen Yahudilerinin ya\u015fam\u0131n\u0131 anlatan k\u00fc\u00e7\u00fck bir m\u00fcze olu\u015fturur. Politik e\u011fitim merkezinden b\u00f6l\u00fcm \u015fefi, eski tan\u0131\u015f Sibylle Thelen\u2019in anlatt\u0131\u011f\u0131na g\u00f6re Baden-W\u00fcrttemberg eyaletinde Naziler \u00f6ncesinde 30 bin Yahudi ya\u015farken g\u00fcn\u00fcm\u00fczde, sava\u015f\u0131n bitiminden 76 y\u0131l ge\u00e7mesine kar\u015f\u0131n, say\u0131lar\u0131 ancak 10 bin civar\u0131nda.<\/p>\n<p>Eyalet h\u00fck\u00fcmeti Yahudi cemaati ile imzalad\u0131\u011f\u0131 bir s\u00f6zle\u015fmeyle toplam 143 tarihi mezarl\u0131\u011f\u0131n bak\u0131m\u0131n\u0131 \u00fcstlenmi\u015f! Tarihi kay\u0131n a\u011fa\u00e7lar\u0131n\u0131n g\u00f6lgesinde uzanan Buttenhausen Mezarl\u0131\u011f\u0131\u2019n\u0131 geride b\u0131rak\u0131p yama\u00e7lar\u0131 yemye\u015fil Lauter Ovas\u0131\u2019nda g\u00fcneye do\u011fru ilerliyoruz. Tarihi manast\u0131r\u0131yla \u00fcnl\u00fc Zwiefalten\u2019e dek Lauter \u00c7ay\u0131 bize e\u015flik ediyor. Buradan gaza basan isterse bir saatte g\u00fcneye, Konstanz G\u00f6l\u00fc k\u0131y\u0131s\u0131ndaki \u015firin Lindau\u2019ya var\u0131r, isterse ye\u015filin ye\u015fili tepeleri a\u015farak kuzeye, Stuttgart\u2019a d\u00f6ner.<\/p>\n<p><strong>\u00c7AMURDAN GOLEM YARATAN HAHAM<\/strong><\/p>\n<p>Almanya\u2019n\u0131n kom\u015fu \u00fclkelerinde de ilgin\u00e7 Yahudi mezarl\u0131klar\u0131 var. Bunlardan biri de Prag\u2019\u0131n Zelivskeho Mahallesi\u2019ndeki Yeni Yahudi Mezarl\u0131\u011f\u0131. Franz Kafka burada yat\u0131yor. Az \u00f6tede eski, yeni sinagoglar ve alt\u0131 y\u00fczy\u0131ll\u0131k bir Yahudi mezarl\u0131\u011f\u0131 daha. 1439-1787 aras\u0131nda buraya on binler g\u00f6m\u00fclm\u00fc\u015f. Mezarl\u0131k enine b\u00fcy\u00fcyemedi\u011fi i\u00e7in \u00f6l\u00fcler \u00fcst \u00fcste. Moldau Nehri\u2019nin \u00e7amurundan bir golem yaratt\u0131\u011f\u0131 iddia edilen haham L\u00f6w de burada yat\u0131yor. Yaratt\u0131ktan sonra \u00e7\u0131ld\u0131rd\u0131\u011f\u0131 i\u00e7in yine yok etmek zorunda kald\u0131\u011f\u0131 golemin par\u00e7alar\u0131n\u0131n eski-yeni sinagogun temellerine kar\u0131\u015ft\u0131r\u0131lm\u0131\u015f oldu\u011fu anlat\u0131l\u0131yor.<\/p>\n<p>Avrupa\u2019n\u0131n en b\u00fcy\u00fck mezarl\u0131\u011f\u0131 Viyana\u2019daki 240 bin metrekare alana yay\u0131lan Merkez Mezarl\u0131\u011f\u0131\u2019d\u0131r. Burada say\u0131s\u0131z \u00fcnl\u00fcn\u00fcn yatt\u0131\u011f\u0131 330 bin mezar\u0131n oldu\u011fu s\u00f6yleniyor. Bir k\u00f6\u015fesi de 1871-1942 aras\u0131 g\u00f6m\u00fc yap\u0131lan Yahudi mezarl\u0131\u011f\u0131. Tarihi a\u011fa\u00e7lar, sarma\u015f\u0131klar\u0131n sar\u0131p sarmalad\u0131\u011f\u0131, bir\u00e7o\u011fu yan yatm\u0131\u015f, ya\u015fl\u0131, \u00fczerlerindeki yaz\u0131lar zor okunan mezar ta\u015flar\u0131 ve aralar\u0131nda gezinen, size \u00fcrkek \u00fcrkek bakan, bak\u0131\u015flar\u0131yla \u201csenin burada ne i\u015fin var\u201d diye soran karacalar\u2026 Viyana\u2019n\u0131n \u00fcnl\u00fc Yahudileri burada g\u00f6m\u00fcl\u00fc. Son 20 y\u0131lda \u00f6nemli bir restore ge\u00e7iren mezarlar aras\u0131nda Arthur Schnitzler ailesinin ve Stefan Zweig\u2019\u0131n annesiyle babas\u0131 ve ba\u015fka aile fertlerinin g\u00f6m\u00fcl\u00fc oldu\u011fu mezarlar da var. Osmanl\u0131\u2019da ya\u015fayan Yahudiler iki imparatorluk aras\u0131nda imzalanan bir anla\u015fmayla 1736\u2019dan sonra Viyana\u2019ya yerle\u015fmi\u015fti. Yahudi mezarl\u0131\u011f\u0131n\u0131n arka b\u00f6l\u00fcm\u00fc onlara ayr\u0131lm\u0131\u015f.<\/p>\n<p>Y\u00fcz on alt\u0131 bin mezar\u0131n bulundu\u011fu Berlin Weissensee Mezarl\u0131\u011f\u0131 da Avrupa\u2019n\u0131n b\u00fcy\u00fck mezarl\u0131klar\u0131ndan. Buraya 1880\u2019den g\u00fcn\u00fcm\u00fcze sadece Yahudiler g\u00f6m\u00fcl\u00fcyor. Dev a\u011fa\u00e7lar alt\u0131ndaki yollarda ilerlerken insan kendini de\u011fi\u015fik bir d\u00fcnyada hissediyor. Mezarlar \u00e7ok de\u011ferli mermer ta\u015flar\u0131ndan veya granitten yap\u0131lm\u0131\u015f, d\u00f6k\u00fcm parmakl\u0131klar g\u00fcm\u00fc\u015f ve alt\u0131n renginde. Kimi parmakl\u0131\u011f\u0131n ard\u0131nda alt\u0131n boyal\u0131 y\u00fcksek \u015famdanlar g\u00f6r\u00fcl\u00fcyor. Mermerlerdeki sevecen yaz\u0131tlar orada yatanlar\u0131 sayg\u0131yla an\u0131yor. Ta\u015flara itinayla i\u015flenmi\u015f defne ve ye\u015fil sarma\u015f\u0131k motifleri de o ki\u015fiyi onurland\u0131r\u0131yor, ona duyulan dostluk duygular\u0131n\u0131 simgeliyor. Soyk\u0131r\u0131mdan \u00f6nce Berlin\u2019de 170 bin Yahudi ya\u015farken \u00dc\u00e7\u00fcnc\u00fc Rayh\u2019\u0131n sonu geldi\u011finde say\u0131lar\u0131 bin be\u015f y\u00fcze d\u00fc\u015fm\u00fc\u015f! T\u00fcm Almanya\u2019da \u00e7o\u011fu h\u00e2l\u00e2 restoreyi bekleyen yakla\u015f\u0131k 1700 Yahudi mezarl\u0131\u011f\u0131 var.<\/p>\n<p><strong><em>https:\/\/www.cumhuriyet.com.tr\/haber\/mezar-taslarinda-tarih-1862411\u00a0<\/em><\/strong><\/p>\n","protected":false},"excerpt":{"rendered":"<p>G\u00f6steri\u015fsiz bir mezar ta\u015f\u0131. \u00dczerinde yazanlar okunam\u0131yor. \u0130branice. Az \u00f6tede ta\u015flar\u0131 s\u00fcsl\u00fc olanlar var. \u00c7i\u00e7eklerle, yapraklarla, de\u011fi\u015fik motiflerle bezenmi\u015fler. Dreyfuss ve Levi\u2026 Bir alt s\u0131radakilerde s\u00fcslemeler art\u0131yor. Yaz\u0131lar\u0131n sa\u011f\u0131nda solunda dua eden eller; kabartma kartallar\u2026 Bir ba\u015fkas\u0131nda Levi kabilesinin insanlar\u0131n\u0131n ye\u011fledi\u011fi ibrik motifi. Mezar ta\u015flar\u0131 gittik\u00e7e b\u00fcy\u00fcyor. Ahmet Arpad Rothschild ve Landauer\u2026 S\u00fcsler art\u0131yor. Ta\u015flardan [&hellip;]<\/p>\n","protected":false},"author":7,"featured_media":64345,"comment_status":"open","ping_status":"open","sticky":false,"template":"","format":"standard","meta":{"footnotes":""},"categories":[1,53],"tags":[],"class_list":["post-64344","post","type-post","status-publish","format-standard","has-post-thumbnail","hentry","category-haberler","category-turkiyede-azinliklar"],"yoast_head":"<!-- This site is optimized with the Yoast SEO plugin v27.4 - https:\/\/yoast.com\/product\/yoast-seo-wordpress\/ -->\n<title>Mezar ta\u015flar\u0131nda tarih - Bati Ermenistan Ve Bati Ermenileri Sorunlari Ara\u015ftirmalar Merkezi<\/title>\n<meta name=\"robots\" content=\"index, follow, max-snippet:-1, max-image-preview:large, max-video-preview:-1\" \/>\n<link rel=\"canonical\" href=\"https:\/\/akunq.net\/tr\/?p=64344\" \/>\n<meta property=\"og:locale\" content=\"en_US\" \/>\n<meta property=\"og:type\" content=\"article\" \/>\n<meta property=\"og:title\" content=\"Mezar ta\u015flar\u0131nda tarih - Bati Ermenistan Ve Bati Ermenileri Sorunlari Ara\u015ftirmalar Merkezi\" \/>\n<meta property=\"og:description\" content=\"G\u00f6steri\u015fsiz bir mezar ta\u015f\u0131. \u00dczerinde yazanlar okunam\u0131yor. \u0130branice. Az \u00f6tede ta\u015flar\u0131 s\u00fcsl\u00fc olanlar var. \u00c7i\u00e7eklerle, yapraklarla, de\u011fi\u015fik motiflerle bezenmi\u015fler. Dreyfuss ve Levi\u2026 Bir alt s\u0131radakilerde s\u00fcslemeler art\u0131yor. Yaz\u0131lar\u0131n sa\u011f\u0131nda solunda dua eden eller; kabartma kartallar\u2026 Bir ba\u015fkas\u0131nda Levi kabilesinin insanlar\u0131n\u0131n ye\u011fledi\u011fi ibrik motifi. Mezar ta\u015flar\u0131 gittik\u00e7e b\u00fcy\u00fcyor. Ahmet Arpad Rothschild ve Landauer\u2026 S\u00fcsler art\u0131yor. Ta\u015flardan [&hellip;]\" \/>\n<meta property=\"og:url\" content=\"https:\/\/akunq.net\/tr\/?p=64344\" \/>\n<meta property=\"og:site_name\" content=\"Bati Ermenistan Ve Bati Ermenileri Sorunlari Ara\u015ftirmalar Merkezi\" \/>\n<meta property=\"article:published_time\" content=\"2021-08-23T07:21:03+00:00\" \/>\n<meta property=\"og:image\" content=\"https:\/\/akunq.net\/tr\/wp-content\/uploads\/sites\/6\/2021\/08\/Mezar-ta\u015flar\u0131nda-tarih.jpg\" \/>\n\t<meta property=\"og:image:width\" content=\"760\" \/>\n\t<meta property=\"og:image:height\" content=\"450\" \/>\n\t<meta property=\"og:image:type\" content=\"image\/jpeg\" \/>\n<meta name=\"author\" content=\"admin\" \/>\n<meta name=\"twitter:card\" content=\"summary_large_image\" \/>\n<meta name=\"twitter:label1\" content=\"Written by\" \/>\n\t<meta name=\"twitter:data1\" content=\"admin\" \/>\n\t<meta name=\"twitter:label2\" content=\"Est. reading time\" \/>\n\t<meta name=\"twitter:data2\" content=\"5 minutes\" \/>\n<script type=\"application\/ld+json\" class=\"yoast-schema-graph\">{\"@context\":\"https:\\\/\\\/schema.org\",\"@graph\":[{\"@type\":\"Article\",\"@id\":\"https:\\\/\\\/akunq.net\\\/tr\\\/?p=64344#article\",\"isPartOf\":{\"@id\":\"https:\\\/\\\/akunq.net\\\/tr\\\/?p=64344\"},\"author\":{\"name\":\"admin\",\"@id\":\"https:\\\/\\\/akunq.net\\\/tr\\\/#\\\/schema\\\/person\\\/096f1d38a12cce57fb855b485ed24c9e\"},\"headline\":\"Mezar ta\u015flar\u0131nda tarih\",\"datePublished\":\"2021-08-23T07:21:03+00:00\",\"mainEntityOfPage\":{\"@id\":\"https:\\\/\\\/akunq.net\\\/tr\\\/?p=64344\"},\"wordCount\":970,\"commentCount\":0,\"image\":{\"@id\":\"https:\\\/\\\/akunq.net\\\/tr\\\/?p=64344#primaryimage\"},\"thumbnailUrl\":\"https:\\\/\\\/akunq.net\\\/tr\\\/wp-content\\\/uploads\\\/sites\\\/6\\\/2021\\\/08\\\/Mezar-ta\u015flar\u0131nda-tarih.jpg\",\"articleSection\":[\"Haberler\",\"T\u00fcrkiye\u2019de Az\u0131nl\u0131klar\"],\"inLanguage\":\"en-US\",\"potentialAction\":[{\"@type\":\"CommentAction\",\"name\":\"Comment\",\"target\":[\"https:\\\/\\\/akunq.net\\\/tr\\\/?p=64344#respond\"]}]},{\"@type\":\"WebPage\",\"@id\":\"https:\\\/\\\/akunq.net\\\/tr\\\/?p=64344\",\"url\":\"https:\\\/\\\/akunq.net\\\/tr\\\/?p=64344\",\"name\":\"Mezar ta\u015flar\u0131nda tarih - Bati Ermenistan Ve Bati Ermenileri Sorunlari Ara\u015ftirmalar Merkezi\",\"isPartOf\":{\"@id\":\"https:\\\/\\\/akunq.net\\\/tr\\\/#website\"},\"primaryImageOfPage\":{\"@id\":\"https:\\\/\\\/akunq.net\\\/tr\\\/?p=64344#primaryimage\"},\"image\":{\"@id\":\"https:\\\/\\\/akunq.net\\\/tr\\\/?p=64344#primaryimage\"},\"thumbnailUrl\":\"https:\\\/\\\/akunq.net\\\/tr\\\/wp-content\\\/uploads\\\/sites\\\/6\\\/2021\\\/08\\\/Mezar-ta\u015flar\u0131nda-tarih.jpg\",\"datePublished\":\"2021-08-23T07:21:03+00:00\",\"author\":{\"@id\":\"https:\\\/\\\/akunq.net\\\/tr\\\/#\\\/schema\\\/person\\\/096f1d38a12cce57fb855b485ed24c9e\"},\"breadcrumb\":{\"@id\":\"https:\\\/\\\/akunq.net\\\/tr\\\/?p=64344#breadcrumb\"},\"inLanguage\":\"en-US\",\"potentialAction\":[{\"@type\":\"ReadAction\",\"target\":[\"https:\\\/\\\/akunq.net\\\/tr\\\/?p=64344\"]}]},{\"@type\":\"ImageObject\",\"inLanguage\":\"en-US\",\"@id\":\"https:\\\/\\\/akunq.net\\\/tr\\\/?p=64344#primaryimage\",\"url\":\"https:\\\/\\\/akunq.net\\\/tr\\\/wp-content\\\/uploads\\\/sites\\\/6\\\/2021\\\/08\\\/Mezar-ta\u015flar\u0131nda-tarih.jpg\",\"contentUrl\":\"https:\\\/\\\/akunq.net\\\/tr\\\/wp-content\\\/uploads\\\/sites\\\/6\\\/2021\\\/08\\\/Mezar-ta\u015flar\u0131nda-tarih.jpg\",\"width\":760,\"height\":450},{\"@type\":\"BreadcrumbList\",\"@id\":\"https:\\\/\\\/akunq.net\\\/tr\\\/?p=64344#breadcrumb\",\"itemListElement\":[{\"@type\":\"ListItem\",\"position\":1,\"name\":\"Home\",\"item\":\"https:\\\/\\\/akunq.net\\\/tr\"},{\"@type\":\"ListItem\",\"position\":2,\"name\":\"Mezar ta\u015flar\u0131nda tarih\"}]},{\"@type\":\"WebSite\",\"@id\":\"https:\\\/\\\/akunq.net\\\/tr\\\/#website\",\"url\":\"https:\\\/\\\/akunq.net\\\/tr\\\/\",\"name\":\"Bati Ermenistan Ve Bati Ermenileri Sorunlari Ara\u015ftirmalar Merkezi\",\"description\":\"\",\"potentialAction\":[{\"@type\":\"SearchAction\",\"target\":{\"@type\":\"EntryPoint\",\"urlTemplate\":\"https:\\\/\\\/akunq.net\\\/tr\\\/?s={search_term_string}\"},\"query-input\":{\"@type\":\"PropertyValueSpecification\",\"valueRequired\":true,\"valueName\":\"search_term_string\"}}],\"inLanguage\":\"en-US\"},{\"@type\":\"Person\",\"@id\":\"https:\\\/\\\/akunq.net\\\/tr\\\/#\\\/schema\\\/person\\\/096f1d38a12cce57fb855b485ed24c9e\",\"name\":\"admin\",\"url\":\"https:\\\/\\\/akunq.net\\\/tr\\\/?author=7\"}]}<\/script>\n<!-- \/ Yoast SEO plugin. -->","yoast_head_json":{"title":"Mezar ta\u015flar\u0131nda tarih - Bati Ermenistan Ve Bati Ermenileri Sorunlari Ara\u015ftirmalar Merkezi","robots":{"index":"index","follow":"follow","max-snippet":"max-snippet:-1","max-image-preview":"max-image-preview:large","max-video-preview":"max-video-preview:-1"},"canonical":"https:\/\/akunq.net\/tr\/?p=64344","og_locale":"en_US","og_type":"article","og_title":"Mezar ta\u015flar\u0131nda tarih - Bati Ermenistan Ve Bati Ermenileri Sorunlari Ara\u015ftirmalar Merkezi","og_description":"G\u00f6steri\u015fsiz bir mezar ta\u015f\u0131. \u00dczerinde yazanlar okunam\u0131yor. \u0130branice. Az \u00f6tede ta\u015flar\u0131 s\u00fcsl\u00fc olanlar var. \u00c7i\u00e7eklerle, yapraklarla, de\u011fi\u015fik motiflerle bezenmi\u015fler. Dreyfuss ve Levi\u2026 Bir alt s\u0131radakilerde s\u00fcslemeler art\u0131yor. Yaz\u0131lar\u0131n sa\u011f\u0131nda solunda dua eden eller; kabartma kartallar\u2026 Bir ba\u015fkas\u0131nda Levi kabilesinin insanlar\u0131n\u0131n ye\u011fledi\u011fi ibrik motifi. Mezar ta\u015flar\u0131 gittik\u00e7e b\u00fcy\u00fcyor. Ahmet Arpad Rothschild ve Landauer\u2026 S\u00fcsler art\u0131yor. Ta\u015flardan [&hellip;]","og_url":"https:\/\/akunq.net\/tr\/?p=64344","og_site_name":"Bati Ermenistan Ve Bati Ermenileri Sorunlari Ara\u015ftirmalar Merkezi","article_published_time":"2021-08-23T07:21:03+00:00","og_image":[{"width":760,"height":450,"url":"https:\/\/akunq.net\/tr\/wp-content\/uploads\/sites\/6\/2021\/08\/Mezar-ta\u015flar\u0131nda-tarih.jpg","type":"image\/jpeg"}],"author":"admin","twitter_card":"summary_large_image","twitter_misc":{"Written by":"admin","Est. reading time":"5 minutes"},"schema":{"@context":"https:\/\/schema.org","@graph":[{"@type":"Article","@id":"https:\/\/akunq.net\/tr\/?p=64344#article","isPartOf":{"@id":"https:\/\/akunq.net\/tr\/?p=64344"},"author":{"name":"admin","@id":"https:\/\/akunq.net\/tr\/#\/schema\/person\/096f1d38a12cce57fb855b485ed24c9e"},"headline":"Mezar ta\u015flar\u0131nda tarih","datePublished":"2021-08-23T07:21:03+00:00","mainEntityOfPage":{"@id":"https:\/\/akunq.net\/tr\/?p=64344"},"wordCount":970,"commentCount":0,"image":{"@id":"https:\/\/akunq.net\/tr\/?p=64344#primaryimage"},"thumbnailUrl":"https:\/\/akunq.net\/tr\/wp-content\/uploads\/sites\/6\/2021\/08\/Mezar-ta\u015flar\u0131nda-tarih.jpg","articleSection":["Haberler","T\u00fcrkiye\u2019de Az\u0131nl\u0131klar"],"inLanguage":"en-US","potentialAction":[{"@type":"CommentAction","name":"Comment","target":["https:\/\/akunq.net\/tr\/?p=64344#respond"]}]},{"@type":"WebPage","@id":"https:\/\/akunq.net\/tr\/?p=64344","url":"https:\/\/akunq.net\/tr\/?p=64344","name":"Mezar ta\u015flar\u0131nda tarih - Bati Ermenistan Ve Bati Ermenileri Sorunlari Ara\u015ftirmalar Merkezi","isPartOf":{"@id":"https:\/\/akunq.net\/tr\/#website"},"primaryImageOfPage":{"@id":"https:\/\/akunq.net\/tr\/?p=64344#primaryimage"},"image":{"@id":"https:\/\/akunq.net\/tr\/?p=64344#primaryimage"},"thumbnailUrl":"https:\/\/akunq.net\/tr\/wp-content\/uploads\/sites\/6\/2021\/08\/Mezar-ta\u015flar\u0131nda-tarih.jpg","datePublished":"2021-08-23T07:21:03+00:00","author":{"@id":"https:\/\/akunq.net\/tr\/#\/schema\/person\/096f1d38a12cce57fb855b485ed24c9e"},"breadcrumb":{"@id":"https:\/\/akunq.net\/tr\/?p=64344#breadcrumb"},"inLanguage":"en-US","potentialAction":[{"@type":"ReadAction","target":["https:\/\/akunq.net\/tr\/?p=64344"]}]},{"@type":"ImageObject","inLanguage":"en-US","@id":"https:\/\/akunq.net\/tr\/?p=64344#primaryimage","url":"https:\/\/akunq.net\/tr\/wp-content\/uploads\/sites\/6\/2021\/08\/Mezar-ta\u015flar\u0131nda-tarih.jpg","contentUrl":"https:\/\/akunq.net\/tr\/wp-content\/uploads\/sites\/6\/2021\/08\/Mezar-ta\u015flar\u0131nda-tarih.jpg","width":760,"height":450},{"@type":"BreadcrumbList","@id":"https:\/\/akunq.net\/tr\/?p=64344#breadcrumb","itemListElement":[{"@type":"ListItem","position":1,"name":"Home","item":"https:\/\/akunq.net\/tr"},{"@type":"ListItem","position":2,"name":"Mezar ta\u015flar\u0131nda tarih"}]},{"@type":"WebSite","@id":"https:\/\/akunq.net\/tr\/#website","url":"https:\/\/akunq.net\/tr\/","name":"Bati Ermenistan Ve Bati Ermenileri Sorunlari Ara\u015ftirmalar Merkezi","description":"","potentialAction":[{"@type":"SearchAction","target":{"@type":"EntryPoint","urlTemplate":"https:\/\/akunq.net\/tr\/?s={search_term_string}"},"query-input":{"@type":"PropertyValueSpecification","valueRequired":true,"valueName":"search_term_string"}}],"inLanguage":"en-US"},{"@type":"Person","@id":"https:\/\/akunq.net\/tr\/#\/schema\/person\/096f1d38a12cce57fb855b485ed24c9e","name":"admin","url":"https:\/\/akunq.net\/tr\/?author=7"}]}},"_links":{"self":[{"href":"https:\/\/akunq.net\/tr\/index.php?rest_route=\/wp\/v2\/posts\/64344","targetHints":{"allow":["GET"]}}],"collection":[{"href":"https:\/\/akunq.net\/tr\/index.php?rest_route=\/wp\/v2\/posts"}],"about":[{"href":"https:\/\/akunq.net\/tr\/index.php?rest_route=\/wp\/v2\/types\/post"}],"author":[{"embeddable":true,"href":"https:\/\/akunq.net\/tr\/index.php?rest_route=\/wp\/v2\/users\/7"}],"replies":[{"embeddable":true,"href":"https:\/\/akunq.net\/tr\/index.php?rest_route=%2Fwp%2Fv2%2Fcomments&post=64344"}],"version-history":[{"count":1,"href":"https:\/\/akunq.net\/tr\/index.php?rest_route=\/wp\/v2\/posts\/64344\/revisions"}],"predecessor-version":[{"id":64346,"href":"https:\/\/akunq.net\/tr\/index.php?rest_route=\/wp\/v2\/posts\/64344\/revisions\/64346"}],"wp:featuredmedia":[{"embeddable":true,"href":"https:\/\/akunq.net\/tr\/index.php?rest_route=\/wp\/v2\/media\/64345"}],"wp:attachment":[{"href":"https:\/\/akunq.net\/tr\/index.php?rest_route=%2Fwp%2Fv2%2Fmedia&parent=64344"}],"wp:term":[{"taxonomy":"category","embeddable":true,"href":"https:\/\/akunq.net\/tr\/index.php?rest_route=%2Fwp%2Fv2%2Fcategories&post=64344"},{"taxonomy":"post_tag","embeddable":true,"href":"https:\/\/akunq.net\/tr\/index.php?rest_route=%2Fwp%2Fv2%2Ftags&post=64344"}],"curies":[{"name":"wp","href":"https:\/\/api.w.org\/{rel}","templated":true}]}}