{"id":64340,"date":"2021-08-20T04:17:51","date_gmt":"2021-08-20T09:17:51","guid":{"rendered":"https:\/\/akunq.net\/tr\/?p=64340"},"modified":"2021-08-20T04:17:51","modified_gmt":"2021-08-20T09:17:51","slug":"arnavutkoyde-fotograf-cekeyim-derken-definecilerin-kazdigi-kuyuya-dustu","status":"publish","type":"post","link":"https:\/\/akunq.net\/tr\/?p=64340","title":{"rendered":"Arnavutk\u00f6y\u2019de foto\u011fraf \u00e7ekeyim derken definecilerin kazd\u0131\u011f\u0131 kuyuya d\u00fc\u015ft\u00fc"},"content":{"rendered":"<p><img loading=\"lazy\" decoding=\"async\" class=\"aligncenter size-medium wp-image-64341\" src=\"https:\/\/akunq.net\/tr\/wp-content\/uploads\/2021\/08\/Arnavutkoy-360x189.jpg\" alt=\"\" width=\"360\" height=\"189\" srcset=\"https:\/\/akunq.net\/tr\/wp-content\/uploads\/sites\/6\/2021\/08\/Arnavutkoy-360x189.jpg 360w, https:\/\/akunq.net\/tr\/wp-content\/uploads\/sites\/6\/2021\/08\/Arnavutkoy-560x294.jpg 560w, https:\/\/akunq.net\/tr\/wp-content\/uploads\/sites\/6\/2021\/08\/Arnavutkoy-260x137.jpg 260w, https:\/\/akunq.net\/tr\/wp-content\/uploads\/sites\/6\/2021\/08\/Arnavutkoy-160x84.jpg 160w, https:\/\/akunq.net\/tr\/wp-content\/uploads\/sites\/6\/2021\/08\/Arnavutkoy.jpg 752w\" sizes=\"auto, (max-width: 360px) 100vw, 360px\" \/><\/p>\n<p><em><strong>Arkada\u015flar\u0131 ile do\u011fa foto\u011fraf\u0131 \u00e7ekmek i\u00e7in Arnavutk\u00f6y\u2019e gelen Tekin \u00c7etin foto\u011fraf \u00e7ekimi s\u0131ras\u0131nda definecilerin kazd\u0131\u011f\u0131 kuyuya d\u00fc\u015ft\u00fc. \u00c7etin\u2019i 10 metre derinli\u011findeki kuyudan, itfaiye ekipleri kurtard\u0131.<\/strong><\/em><\/p>\n<p>Edinilen bilgiye g\u00f6re Tekin \u00c7etin ve arkada\u015flar\u0131 d\u00fcn \u00f6\u011fleden sonra Arnavutk\u00f6y\u2019deki Sazl\u0131dere Baraj\u0131\u2019na foto\u011fraf \u00e7ekmeye gitti. \u00c7etin ve 2 arkada\u015f\u0131 bir s\u00fcre Sazl\u0131dere Baraj\u0131\u2019n\u0131n etraf\u0131nda foto\u011fraf \u00e7ekti. G\u00f6l kenar\u0131nda hem y\u00fcr\u00fcy\u00fc\u015f yapan hem de foto\u011fraf \u00e7ekmeye devam eden Tekin \u00c7etin, g\u00f6l kenar\u0131nda definecilerin kazd\u0131\u011f\u0131 \u00f6ne s\u00fcr\u00fclen 10 metrelik kuyuya d\u00fc\u015ft\u00fc. \u00c7etin, ba\u011f\u0131rarak sesini arkada\u015flar\u0131na duyurdu.<\/p>\n<p>Arkada\u015flar\u0131n\u0131n \u00c7etin\u2019i kuyudan \u00e7\u0131karmak i\u00e7in yapt\u0131klar\u0131 \u00e7aba sonu\u00e7 vermeyince itfaiyeye haber verildi. Olay yerine itfaiye, sa\u011fl\u0131k ve polis ekipleri sevk edildi. Tekin \u00c7etin, itfaiye ekipleri taraf\u0131ndan kurtar\u0131ld\u0131. \u00c7etin, daha sonra haz\u0131r bulunan ambulansla tedbir ama\u00e7l\u0131 Ba\u015fak\u015fehir \u00c7am ve Sakura \u015eehir Hastanesine kald\u0131r\u0131ld\u0131. \u00c7etin\u2019in sa\u011fl\u0131k durumunun iyi oldu\u011fu \u00f6\u011frenilirken \u00f6zel arsada a\u00e7\u0131lm\u0131\u015f \u00e7ukurun kapat\u0131lmas\u0131 i\u00e7in Arnavutk\u00f6y Belediyesi ekipleri \u00e7al\u0131\u015fma ba\u015flatt\u0131.<\/p>\n<p><strong>SAZLIDERE BARAJININ ETRAFI DEF\u0130NEC\u0130 \u00c7UKURLARI \u0130LE DOLU<\/strong><\/p>\n<p>\u00c7evrede bulunan ta\u015f oca\u011f\u0131nda \u00e7al\u0131\u015fan Fergat Aysan, \u201cBen burada bir olay oldu\u011funu fark ettim. Polis ve itfaiye gelince ben de geldim. Burada \u00f6nceden \u00e7ok fazla bunun gibi \u00e7ukurlar vard\u0131. Define arayanlar \u00e7ok fazla buray\u0131 kaz\u0131yorlar. Ondan sonra \u00e7ekip gidiyorlar. B\u00f6yle bir s\u00fcr\u00fc \u00e7ukur var bu civarda. Bu da onlardan bir tanesi.<\/p>\n<p>Galiba arkada\u015flar\u0131 ile gelmi\u015f foto\u011fraf \u00e7ekilirken d\u00fc\u015fm\u00fc\u015f. Sa\u011fl\u0131k durumu iyi itfaiye ekipleri kurtard\u0131. Foto\u011fraf makinesi de \u00e7ukurun i\u00e7erisinde kalm\u0131\u015f. Buralara hafta sonu piknik yapmaya gelenler \u00e7ok fazla oluyor. Buraya bir \u00e7ocuk d\u00fc\u015fseydi ya da tek birisi d\u00fc\u015fseydi kimsenin haberi olmazd\u0131\u201d \u015feklinde konu\u015ftu.<\/p>\n<p><strong><em>https:\/\/www.sabah.com.tr\/yasam\/2021\/08\/20\/arnavutkoyde-fotograf-cekeyim-derken-definecilerin-kazdigi-kuyuya-dustu\u00a0<\/em><\/strong><\/p>\n","protected":false},"excerpt":{"rendered":"<p>Arkada\u015flar\u0131 ile do\u011fa foto\u011fraf\u0131 \u00e7ekmek i\u00e7in Arnavutk\u00f6y\u2019e gelen Tekin \u00c7etin foto\u011fraf \u00e7ekimi s\u0131ras\u0131nda definecilerin kazd\u0131\u011f\u0131 kuyuya d\u00fc\u015ft\u00fc. \u00c7etin\u2019i 10 metre derinli\u011findeki kuyudan, itfaiye ekipleri kurtard\u0131. Edinilen bilgiye g\u00f6re Tekin \u00c7etin ve arkada\u015flar\u0131 d\u00fcn \u00f6\u011fleden sonra Arnavutk\u00f6y\u2019deki Sazl\u0131dere Baraj\u0131\u2019na foto\u011fraf \u00e7ekmeye gitti. \u00c7etin ve 2 arkada\u015f\u0131 bir s\u00fcre Sazl\u0131dere Baraj\u0131\u2019n\u0131n etraf\u0131nda foto\u011fraf \u00e7ekti. G\u00f6l kenar\u0131nda hem [&hellip;]<\/p>\n","protected":false},"author":7,"featured_media":64341,"comment_status":"open","ping_status":"open","sticky":false,"template":"","format":"standard","meta":{"footnotes":""},"categories":[1],"tags":[],"class_list":["post-64340","post","type-post","status-publish","format-standard","has-post-thumbnail","hentry","category-haberler"],"yoast_head":"<!-- This site is optimized with the Yoast SEO plugin v27.4 - https:\/\/yoast.com\/product\/yoast-seo-wordpress\/ -->\n<title>Arnavutk\u00f6y\u2019de foto\u011fraf \u00e7ekeyim derken definecilerin kazd\u0131\u011f\u0131 kuyuya d\u00fc\u015ft\u00fc - Bati Ermenistan Ve Bati Ermenileri Sorunlari Ara\u015ftirmalar Merkezi<\/title>\n<meta name=\"robots\" content=\"index, follow, max-snippet:-1, max-image-preview:large, max-video-preview:-1\" \/>\n<link rel=\"canonical\" href=\"https:\/\/akunq.net\/tr\/?p=64340\" \/>\n<meta property=\"og:locale\" content=\"en_US\" \/>\n<meta property=\"og:type\" content=\"article\" \/>\n<meta property=\"og:title\" content=\"Arnavutk\u00f6y\u2019de foto\u011fraf \u00e7ekeyim derken definecilerin kazd\u0131\u011f\u0131 kuyuya d\u00fc\u015ft\u00fc - Bati Ermenistan Ve Bati Ermenileri Sorunlari Ara\u015ftirmalar Merkezi\" \/>\n<meta property=\"og:description\" content=\"Arkada\u015flar\u0131 ile do\u011fa foto\u011fraf\u0131 \u00e7ekmek i\u00e7in Arnavutk\u00f6y\u2019e gelen Tekin \u00c7etin foto\u011fraf \u00e7ekimi s\u0131ras\u0131nda definecilerin kazd\u0131\u011f\u0131 kuyuya d\u00fc\u015ft\u00fc. \u00c7etin\u2019i 10 metre derinli\u011findeki kuyudan, itfaiye ekipleri kurtard\u0131. Edinilen bilgiye g\u00f6re Tekin \u00c7etin ve arkada\u015flar\u0131 d\u00fcn \u00f6\u011fleden sonra Arnavutk\u00f6y\u2019deki Sazl\u0131dere Baraj\u0131\u2019na foto\u011fraf \u00e7ekmeye gitti. \u00c7etin ve 2 arkada\u015f\u0131 bir s\u00fcre Sazl\u0131dere Baraj\u0131\u2019n\u0131n etraf\u0131nda foto\u011fraf \u00e7ekti. G\u00f6l kenar\u0131nda hem [&hellip;]\" \/>\n<meta property=\"og:url\" content=\"https:\/\/akunq.net\/tr\/?p=64340\" \/>\n<meta property=\"og:site_name\" content=\"Bati Ermenistan Ve Bati Ermenileri Sorunlari Ara\u015ftirmalar Merkezi\" \/>\n<meta property=\"article:published_time\" content=\"2021-08-20T09:17:51+00:00\" \/>\n<meta property=\"og:image\" content=\"https:\/\/akunq.net\/tr\/wp-content\/uploads\/sites\/6\/2021\/08\/Arnavutkoy.jpg\" \/>\n\t<meta property=\"og:image:width\" content=\"752\" \/>\n\t<meta property=\"og:image:height\" content=\"395\" \/>\n\t<meta property=\"og:image:type\" content=\"image\/jpeg\" \/>\n<meta name=\"author\" content=\"admin\" \/>\n<meta name=\"twitter:card\" content=\"summary_large_image\" \/>\n<meta name=\"twitter:label1\" content=\"Written by\" \/>\n\t<meta name=\"twitter:data1\" content=\"admin\" \/>\n\t<meta name=\"twitter:label2\" content=\"Est. reading time\" \/>\n\t<meta name=\"twitter:data2\" content=\"2 minutes\" \/>\n<script type=\"application\/ld+json\" class=\"yoast-schema-graph\">{\"@context\":\"https:\\\/\\\/schema.org\",\"@graph\":[{\"@type\":\"Article\",\"@id\":\"https:\\\/\\\/akunq.net\\\/tr\\\/?p=64340#article\",\"isPartOf\":{\"@id\":\"https:\\\/\\\/akunq.net\\\/tr\\\/?p=64340\"},\"author\":{\"name\":\"admin\",\"@id\":\"https:\\\/\\\/akunq.net\\\/tr\\\/#\\\/schema\\\/person\\\/096f1d38a12cce57fb855b485ed24c9e\"},\"headline\":\"Arnavutk\u00f6y\u2019de foto\u011fraf \u00e7ekeyim derken definecilerin kazd\u0131\u011f\u0131 kuyuya d\u00fc\u015ft\u00fc\",\"datePublished\":\"2021-08-20T09:17:51+00:00\",\"mainEntityOfPage\":{\"@id\":\"https:\\\/\\\/akunq.net\\\/tr\\\/?p=64340\"},\"wordCount\":337,\"commentCount\":0,\"image\":{\"@id\":\"https:\\\/\\\/akunq.net\\\/tr\\\/?p=64340#primaryimage\"},\"thumbnailUrl\":\"https:\\\/\\\/akunq.net\\\/tr\\\/wp-content\\\/uploads\\\/sites\\\/6\\\/2021\\\/08\\\/Arnavutkoy.jpg\",\"articleSection\":[\"Haberler\"],\"inLanguage\":\"en-US\",\"potentialAction\":[{\"@type\":\"CommentAction\",\"name\":\"Comment\",\"target\":[\"https:\\\/\\\/akunq.net\\\/tr\\\/?p=64340#respond\"]}]},{\"@type\":\"WebPage\",\"@id\":\"https:\\\/\\\/akunq.net\\\/tr\\\/?p=64340\",\"url\":\"https:\\\/\\\/akunq.net\\\/tr\\\/?p=64340\",\"name\":\"Arnavutk\u00f6y\u2019de foto\u011fraf \u00e7ekeyim derken definecilerin kazd\u0131\u011f\u0131 kuyuya d\u00fc\u015ft\u00fc - Bati Ermenistan Ve Bati Ermenileri Sorunlari Ara\u015ftirmalar Merkezi\",\"isPartOf\":{\"@id\":\"https:\\\/\\\/akunq.net\\\/tr\\\/#website\"},\"primaryImageOfPage\":{\"@id\":\"https:\\\/\\\/akunq.net\\\/tr\\\/?p=64340#primaryimage\"},\"image\":{\"@id\":\"https:\\\/\\\/akunq.net\\\/tr\\\/?p=64340#primaryimage\"},\"thumbnailUrl\":\"https:\\\/\\\/akunq.net\\\/tr\\\/wp-content\\\/uploads\\\/sites\\\/6\\\/2021\\\/08\\\/Arnavutkoy.jpg\",\"datePublished\":\"2021-08-20T09:17:51+00:00\",\"author\":{\"@id\":\"https:\\\/\\\/akunq.net\\\/tr\\\/#\\\/schema\\\/person\\\/096f1d38a12cce57fb855b485ed24c9e\"},\"breadcrumb\":{\"@id\":\"https:\\\/\\\/akunq.net\\\/tr\\\/?p=64340#breadcrumb\"},\"inLanguage\":\"en-US\",\"potentialAction\":[{\"@type\":\"ReadAction\",\"target\":[\"https:\\\/\\\/akunq.net\\\/tr\\\/?p=64340\"]}]},{\"@type\":\"ImageObject\",\"inLanguage\":\"en-US\",\"@id\":\"https:\\\/\\\/akunq.net\\\/tr\\\/?p=64340#primaryimage\",\"url\":\"https:\\\/\\\/akunq.net\\\/tr\\\/wp-content\\\/uploads\\\/sites\\\/6\\\/2021\\\/08\\\/Arnavutkoy.jpg\",\"contentUrl\":\"https:\\\/\\\/akunq.net\\\/tr\\\/wp-content\\\/uploads\\\/sites\\\/6\\\/2021\\\/08\\\/Arnavutkoy.jpg\",\"width\":752,\"height\":395},{\"@type\":\"BreadcrumbList\",\"@id\":\"https:\\\/\\\/akunq.net\\\/tr\\\/?p=64340#breadcrumb\",\"itemListElement\":[{\"@type\":\"ListItem\",\"position\":1,\"name\":\"Home\",\"item\":\"https:\\\/\\\/akunq.net\\\/tr\"},{\"@type\":\"ListItem\",\"position\":2,\"name\":\"Arnavutk\u00f6y\u2019de foto\u011fraf \u00e7ekeyim derken definecilerin kazd\u0131\u011f\u0131 kuyuya d\u00fc\u015ft\u00fc\"}]},{\"@type\":\"WebSite\",\"@id\":\"https:\\\/\\\/akunq.net\\\/tr\\\/#website\",\"url\":\"https:\\\/\\\/akunq.net\\\/tr\\\/\",\"name\":\"Bati Ermenistan Ve Bati Ermenileri Sorunlari Ara\u015ftirmalar Merkezi\",\"description\":\"\",\"potentialAction\":[{\"@type\":\"SearchAction\",\"target\":{\"@type\":\"EntryPoint\",\"urlTemplate\":\"https:\\\/\\\/akunq.net\\\/tr\\\/?s={search_term_string}\"},\"query-input\":{\"@type\":\"PropertyValueSpecification\",\"valueRequired\":true,\"valueName\":\"search_term_string\"}}],\"inLanguage\":\"en-US\"},{\"@type\":\"Person\",\"@id\":\"https:\\\/\\\/akunq.net\\\/tr\\\/#\\\/schema\\\/person\\\/096f1d38a12cce57fb855b485ed24c9e\",\"name\":\"admin\",\"url\":\"https:\\\/\\\/akunq.net\\\/tr\\\/?author=7\"}]}<\/script>\n<!-- \/ Yoast SEO plugin. -->","yoast_head_json":{"title":"Arnavutk\u00f6y\u2019de foto\u011fraf \u00e7ekeyim derken definecilerin kazd\u0131\u011f\u0131 kuyuya d\u00fc\u015ft\u00fc - Bati Ermenistan Ve Bati Ermenileri Sorunlari Ara\u015ftirmalar Merkezi","robots":{"index":"index","follow":"follow","max-snippet":"max-snippet:-1","max-image-preview":"max-image-preview:large","max-video-preview":"max-video-preview:-1"},"canonical":"https:\/\/akunq.net\/tr\/?p=64340","og_locale":"en_US","og_type":"article","og_title":"Arnavutk\u00f6y\u2019de foto\u011fraf \u00e7ekeyim derken definecilerin kazd\u0131\u011f\u0131 kuyuya d\u00fc\u015ft\u00fc - Bati Ermenistan Ve Bati Ermenileri Sorunlari Ara\u015ftirmalar Merkezi","og_description":"Arkada\u015flar\u0131 ile do\u011fa foto\u011fraf\u0131 \u00e7ekmek i\u00e7in Arnavutk\u00f6y\u2019e gelen Tekin \u00c7etin foto\u011fraf \u00e7ekimi s\u0131ras\u0131nda definecilerin kazd\u0131\u011f\u0131 kuyuya d\u00fc\u015ft\u00fc. \u00c7etin\u2019i 10 metre derinli\u011findeki kuyudan, itfaiye ekipleri kurtard\u0131. Edinilen bilgiye g\u00f6re Tekin \u00c7etin ve arkada\u015flar\u0131 d\u00fcn \u00f6\u011fleden sonra Arnavutk\u00f6y\u2019deki Sazl\u0131dere Baraj\u0131\u2019na foto\u011fraf \u00e7ekmeye gitti. \u00c7etin ve 2 arkada\u015f\u0131 bir s\u00fcre Sazl\u0131dere Baraj\u0131\u2019n\u0131n etraf\u0131nda foto\u011fraf \u00e7ekti. G\u00f6l kenar\u0131nda hem [&hellip;]","og_url":"https:\/\/akunq.net\/tr\/?p=64340","og_site_name":"Bati Ermenistan Ve Bati Ermenileri Sorunlari Ara\u015ftirmalar Merkezi","article_published_time":"2021-08-20T09:17:51+00:00","og_image":[{"width":752,"height":395,"url":"https:\/\/akunq.net\/tr\/wp-content\/uploads\/sites\/6\/2021\/08\/Arnavutkoy.jpg","type":"image\/jpeg"}],"author":"admin","twitter_card":"summary_large_image","twitter_misc":{"Written by":"admin","Est. reading time":"2 minutes"},"schema":{"@context":"https:\/\/schema.org","@graph":[{"@type":"Article","@id":"https:\/\/akunq.net\/tr\/?p=64340#article","isPartOf":{"@id":"https:\/\/akunq.net\/tr\/?p=64340"},"author":{"name":"admin","@id":"https:\/\/akunq.net\/tr\/#\/schema\/person\/096f1d38a12cce57fb855b485ed24c9e"},"headline":"Arnavutk\u00f6y\u2019de foto\u011fraf \u00e7ekeyim derken definecilerin kazd\u0131\u011f\u0131 kuyuya d\u00fc\u015ft\u00fc","datePublished":"2021-08-20T09:17:51+00:00","mainEntityOfPage":{"@id":"https:\/\/akunq.net\/tr\/?p=64340"},"wordCount":337,"commentCount":0,"image":{"@id":"https:\/\/akunq.net\/tr\/?p=64340#primaryimage"},"thumbnailUrl":"https:\/\/akunq.net\/tr\/wp-content\/uploads\/sites\/6\/2021\/08\/Arnavutkoy.jpg","articleSection":["Haberler"],"inLanguage":"en-US","potentialAction":[{"@type":"CommentAction","name":"Comment","target":["https:\/\/akunq.net\/tr\/?p=64340#respond"]}]},{"@type":"WebPage","@id":"https:\/\/akunq.net\/tr\/?p=64340","url":"https:\/\/akunq.net\/tr\/?p=64340","name":"Arnavutk\u00f6y\u2019de foto\u011fraf \u00e7ekeyim derken definecilerin kazd\u0131\u011f\u0131 kuyuya d\u00fc\u015ft\u00fc - Bati Ermenistan Ve Bati Ermenileri Sorunlari Ara\u015ftirmalar Merkezi","isPartOf":{"@id":"https:\/\/akunq.net\/tr\/#website"},"primaryImageOfPage":{"@id":"https:\/\/akunq.net\/tr\/?p=64340#primaryimage"},"image":{"@id":"https:\/\/akunq.net\/tr\/?p=64340#primaryimage"},"thumbnailUrl":"https:\/\/akunq.net\/tr\/wp-content\/uploads\/sites\/6\/2021\/08\/Arnavutkoy.jpg","datePublished":"2021-08-20T09:17:51+00:00","author":{"@id":"https:\/\/akunq.net\/tr\/#\/schema\/person\/096f1d38a12cce57fb855b485ed24c9e"},"breadcrumb":{"@id":"https:\/\/akunq.net\/tr\/?p=64340#breadcrumb"},"inLanguage":"en-US","potentialAction":[{"@type":"ReadAction","target":["https:\/\/akunq.net\/tr\/?p=64340"]}]},{"@type":"ImageObject","inLanguage":"en-US","@id":"https:\/\/akunq.net\/tr\/?p=64340#primaryimage","url":"https:\/\/akunq.net\/tr\/wp-content\/uploads\/sites\/6\/2021\/08\/Arnavutkoy.jpg","contentUrl":"https:\/\/akunq.net\/tr\/wp-content\/uploads\/sites\/6\/2021\/08\/Arnavutkoy.jpg","width":752,"height":395},{"@type":"BreadcrumbList","@id":"https:\/\/akunq.net\/tr\/?p=64340#breadcrumb","itemListElement":[{"@type":"ListItem","position":1,"name":"Home","item":"https:\/\/akunq.net\/tr"},{"@type":"ListItem","position":2,"name":"Arnavutk\u00f6y\u2019de foto\u011fraf \u00e7ekeyim derken definecilerin kazd\u0131\u011f\u0131 kuyuya d\u00fc\u015ft\u00fc"}]},{"@type":"WebSite","@id":"https:\/\/akunq.net\/tr\/#website","url":"https:\/\/akunq.net\/tr\/","name":"Bati Ermenistan Ve Bati Ermenileri Sorunlari Ara\u015ftirmalar Merkezi","description":"","potentialAction":[{"@type":"SearchAction","target":{"@type":"EntryPoint","urlTemplate":"https:\/\/akunq.net\/tr\/?s={search_term_string}"},"query-input":{"@type":"PropertyValueSpecification","valueRequired":true,"valueName":"search_term_string"}}],"inLanguage":"en-US"},{"@type":"Person","@id":"https:\/\/akunq.net\/tr\/#\/schema\/person\/096f1d38a12cce57fb855b485ed24c9e","name":"admin","url":"https:\/\/akunq.net\/tr\/?author=7"}]}},"_links":{"self":[{"href":"https:\/\/akunq.net\/tr\/index.php?rest_route=\/wp\/v2\/posts\/64340","targetHints":{"allow":["GET"]}}],"collection":[{"href":"https:\/\/akunq.net\/tr\/index.php?rest_route=\/wp\/v2\/posts"}],"about":[{"href":"https:\/\/akunq.net\/tr\/index.php?rest_route=\/wp\/v2\/types\/post"}],"author":[{"embeddable":true,"href":"https:\/\/akunq.net\/tr\/index.php?rest_route=\/wp\/v2\/users\/7"}],"replies":[{"embeddable":true,"href":"https:\/\/akunq.net\/tr\/index.php?rest_route=%2Fwp%2Fv2%2Fcomments&post=64340"}],"version-history":[{"count":1,"href":"https:\/\/akunq.net\/tr\/index.php?rest_route=\/wp\/v2\/posts\/64340\/revisions"}],"predecessor-version":[{"id":64342,"href":"https:\/\/akunq.net\/tr\/index.php?rest_route=\/wp\/v2\/posts\/64340\/revisions\/64342"}],"wp:featuredmedia":[{"embeddable":true,"href":"https:\/\/akunq.net\/tr\/index.php?rest_route=\/wp\/v2\/media\/64341"}],"wp:attachment":[{"href":"https:\/\/akunq.net\/tr\/index.php?rest_route=%2Fwp%2Fv2%2Fmedia&parent=64340"}],"wp:term":[{"taxonomy":"category","embeddable":true,"href":"https:\/\/akunq.net\/tr\/index.php?rest_route=%2Fwp%2Fv2%2Fcategories&post=64340"},{"taxonomy":"post_tag","embeddable":true,"href":"https:\/\/akunq.net\/tr\/index.php?rest_route=%2Fwp%2Fv2%2Ftags&post=64340"}],"curies":[{"name":"wp","href":"https:\/\/api.w.org\/{rel}","templated":true}]}}