{"id":64299,"date":"2021-08-19T02:50:17","date_gmt":"2021-08-19T07:50:17","guid":{"rendered":"https:\/\/akunq.net\/tr\/?p=64299"},"modified":"2021-08-19T02:50:17","modified_gmt":"2021-08-19T07:50:17","slug":"patrik-hazretlerinin-hataydaki-resmi-ziyaretleri","status":"publish","type":"post","link":"https:\/\/akunq.net\/tr\/?p=64299","title":{"rendered":"Patrik Hazretleri&#8217;nin Hatay&#8217;daki resmi ziyaretleri"},"content":{"rendered":"<p><img loading=\"lazy\" decoding=\"async\" class=\"aligncenter size-medium wp-image-64300\" src=\"https:\/\/akunq.net\/tr\/wp-content\/uploads\/2021\/08\/Kadasetli-Patrik-Sahak-II.-Hazretleri-360x255.jpeg\" alt=\"\" width=\"360\" height=\"255\" srcset=\"https:\/\/akunq.net\/tr\/wp-content\/uploads\/sites\/6\/2021\/08\/Kadasetli-Patrik-Sahak-II.-Hazretleri-360x255.jpeg 360w, https:\/\/akunq.net\/tr\/wp-content\/uploads\/sites\/6\/2021\/08\/Kadasetli-Patrik-Sahak-II.-Hazretleri-768x543.jpeg 768w, https:\/\/akunq.net\/tr\/wp-content\/uploads\/sites\/6\/2021\/08\/Kadasetli-Patrik-Sahak-II.-Hazretleri-1536x1086.jpeg 1536w, https:\/\/akunq.net\/tr\/wp-content\/uploads\/sites\/6\/2021\/08\/Kadasetli-Patrik-Sahak-II.-Hazretleri-560x396.jpeg 560w, https:\/\/akunq.net\/tr\/wp-content\/uploads\/sites\/6\/2021\/08\/Kadasetli-Patrik-Sahak-II.-Hazretleri-260x184.jpeg 260w, https:\/\/akunq.net\/tr\/wp-content\/uploads\/sites\/6\/2021\/08\/Kadasetli-Patrik-Sahak-II.-Hazretleri-160x113.jpeg 160w, https:\/\/akunq.net\/tr\/wp-content\/uploads\/sites\/6\/2021\/08\/Kadasetli-Patrik-Sahak-II.-Hazretleri.jpeg 1754w\" sizes=\"auto, (max-width: 360px) 100vw, 360px\" \/><\/p>\n<p><strong>HATAY B\u00dcY\u00dcK\u015eEH\u0130R BELED\u0130YE BA\u015eKANI\u2019NA Z\u0130YARET<\/strong><\/p>\n<p><em><strong>Kadasetli Patrik Sahak II. Hazretleri, 16 A\u011fustos 2021, Pazartesi, saat 10:00\u2019da, Hatay B\u00fcy\u00fck\u015fehir Belediye Ba\u015fkan\u0131 L\u00fctf\u00fc Sava\u015f\u2019\u0131 makam\u0131nda ziyaret etti. Patrik Hazretleri\u2019ne, Antakya Kiliseleri Din G\u00f6revlisi Peder Avedis Taba\u015fyan, Peder \u015eirvan M\u00fcrzyan, Vak\u0131fl\u0131k\u00f6y S. Asdvadzadzin Kilisesi Vakf\u0131 Y\u00f6netim Kurulu Ba\u015fkan\u0131 Cem \u00c7apar ve Vak\u0131fl\u0131k\u00f6y Muhtar\u0131 Ber\u00e7 Kartun refakat ettiler.<\/strong><\/em><\/p>\n<p>Sohbet esnas\u0131nda, Patrik Hazretleri \u00f6ncelikli olarak Hatay ve \u00e7evresinde meydana gelen yang\u0131nlar nedeniyle \u00fcz\u00fcnt\u00fclerini belirtti ve yang\u0131n\u0131n meydana getirdi\u011fi zararlar\u0131n telafi edilmesini diledi. Patrik Hazretleri, haftasonu Vak\u0131fl\u0131k\u00f6y\u2019de ger\u00e7ekle\u015fen kutlamalara da de\u011findi ve bir kez daha Hatay\u2019da bulunman\u0131n kendisi i\u00e7in sevin\u00e7 kayna\u011f\u0131 oldu\u011funu s\u00f6yledi.<\/p>\n<p>Ba\u015fkan Sava\u015f, Patrik Hazretleri\u2019ni ve refakat\u00e7ilerini selamlad\u0131ktan sonra, ziyaret vesilesiyle te\u015fekk\u00fcr etti. Kutlamalar hakk\u0131nda bilgiler ald\u0131ktan sonra memnuniyetini belirtirken, pandeminin etkisi yitirmesini ve kutlamalar\u0131n gelecek y\u0131l daha g\u00f6rkemli ge\u00e7mesini diledi.<\/p>\n<p>Ziyaret sonunda, Patrik Hazretleri, Garo K\u00fcrkman\u2019\u0131n \u00e7al\u0131\u015fmas\u0131 olan \u201cOsmanl\u0131 Saray Kuyumcular\u0131\u201d kitab\u0131ndan bir \u00f6rne\u011fi takdim etti. \u00d6te yandan, Ba\u015fkan Sava\u015f, Ruhani \u00d6nderimiz\u2019e bereketi simgeleyen k\u00fc\u00e7\u00fck bir heykel arma\u011fan etti.<\/p>\n<p><strong>HATAY VAL\u0130S\u0130\u2019NE Z\u0130YARET<\/strong><\/p>\n<p>Kadasetli Patrik Hazretleri, saat 11:00\u2019de, refakat\u00e7ileriyle birlikte Hatay Valisi Rahmi Do\u011fan\u2019\u0131 makam\u0131nda ziyaret etti.<\/p>\n<p>Patrik Hazretleri, bu ziyaretinde de Hatay ve \u00e7evresinde meydana gelen yang\u0131nlar nedeniyle \u00fcz\u00fcnt\u00fclerini belirterek, yang\u0131n\u0131n ac\u0131lar\u0131n\u0131n sar\u0131lmas\u0131 ve \u00fclkemizde esenli\u011fi i\u00e7in duac\u0131 oldu\u011funu s\u00f6yledi. Meryemana\u2019n\u0131n G\u00f6\u011fe Al\u0131n\u0131\u015f Yortusu kutlamalar\u0131n\u0131 ger\u00e7ekle\u015ftirmek \u00fczere Hatay\u2019da bulundu\u011funu s\u00f6yleyen Patrik Hazretler, bu sayede Patrik s\u0131fat\u0131yla Hatay \u015fehrini ikinci kez ziyaret etme sevincini ya\u015fad\u0131\u011f\u0131n\u0131 belirtti. Bu anlaml\u0131 vesileyle ayn\u0131 zamanda \u015fehirdeki resmi makamlar\u0131 ziyaret etmeyi arzulad\u0131\u011f\u0131n\u0131 s\u00f6yledi.<\/p>\n<p>Vali Do\u011fan, Patrik Hazretleri\u2019nin ziyareti m\u00fcnasebetiyle memnuniyetini belirtirken, din ve mezhep ayr\u0131m\u0131n\u0131n g\u00f6zetilmedi\u011fi Hatay \u015fehrinin \u00f6zel dokusuna de\u011findi. Bu zenginli\u011fin \u00f6nemini vurgularken, T\u00fcrkiye Ermenileri Patri\u011fi\u2019nin Hatay\u2019da bulunmas\u0131ndan duydu\u011fu sevinci de belirtti. Rahmi Do\u011fan, bu zenginli\u011fin korunmas\u0131 ad\u0131na ellerinden geleni yapmaya devam edeceklerini s\u00f6zlerine ekledi. Di\u011fer yandan, pandemi ko\u015fullar\u0131n\u0131n olumsuz etkileri olmas\u0131na ra\u011fmen, bu ziyaretin ger\u00e7ekle\u015fmesinden duydu\u011fu memnuniyetle s\u00f6zlerini tamamlad\u0131.<\/p>\n<p>Ziyaret sonunda, Patrik Hazretleri, Garo K\u00fcrkman\u2019\u0131n \u00e7al\u0131\u015fmas\u0131 olan \u201cOsmanl\u0131 Saray Kuyumcular\u0131\u201d kitab\u0131ndan bir \u00f6rne\u011fi takdim etti. \u00d6te yandan, Vali Do\u011fan, Ruhani \u00d6nderimiz\u2019e Hatay\u2019\u0131n defneyapraklar\u0131yla haz\u0131rlanm\u0131\u015f bir \u00e7er\u00e7eve arma\u011fan etti.<\/p>\n<p><strong>ESK\u0130 PATR\u0130KL\u0130K KATEDRAL\u0130 AZ\u0130Z PETRUS PAVLUS K\u0130L\u0130SES\u0130\u2019NE Z\u0130YARET<\/strong><\/p>\n<p>Resmi ziyaretlerden sonra, saat 12:00\u2019de, Patrik Hazretleri, ge\u00e7mi\u015fte Antakya Ortodoks Patrikli\u011fi Katedrali olan Aziz Petrus Pavlus Kilisesi\u2019ni ziyaret etti.<\/p>\n<p>Patrik Hazretleri, Peder Can Dell\u00fcer, Peder Dimitri Do\u011fum, Kilise Vak\u0131f Y\u00f6netim Kurulu Ba\u015fkan\u0131 Fadi Hurigil ve kilise cemaati \u00fcyeleri taraf\u0131ndan kilisenin giri\u015finde kar\u015f\u0131land\u0131. Kilise\u2019ye ilahilerle ge\u00e7ildikten sonra, Patrik Hazretleri dua etti ve kilisedekileri takdis etti. Sonras\u0131nda, Peder Dimitri, kilise cemaati ad\u0131na Patrik Hazretleri\u2019ni selamlad\u0131 ve kilisenin tarihi hakk\u0131nda bilgiler sundu. T\u00fcrkiye Ermenileri Patri\u011fi\u2019nin ziyareti sonras\u0131nda, Aziz Petrus Pavlus Kilisesi\u2019nin tarihi g\u00fcnlerinden birisini ya\u015fad\u0131\u011f\u0131n\u0131 s\u00f6zlerine ekledi.<\/p>\n<p>Daha sonra, Patrik Hazretleri, kilisede bulunanlara hitap etti ve s\u0131cak kar\u015f\u0131lama m\u00fcnasebetiyle memnuniyetini belirtti. Antakya Ortodoks Kilisesi Din G\u00f6revlileri ve Peder Avedis Taba\u015fyan aras\u0131nda Hristiyan ruhuna uygun bir bi\u00e7imde ortak \u00e7al\u0131\u015fmalar y\u00fcr\u00fct\u00fcld\u00fc\u011f\u00fcn\u00fc hat\u0131rlatarak, bu manzaran\u0131n \u00f6rnek te\u015fkil edecek bir de\u011fere sahip oldu\u011funu s\u00f6yledi. Kutsal Kitap\u2019ta ismi ge\u00e7en kentlerden biri olan Antakya\u2019n\u0131n \u00f6nemini vurgulad\u0131 ve t\u00fcm d\u00fcnya i\u00e7in \u00f6nemi olan bir mek\u00e2nda bulundu\u011funu s\u00f6yledi. Bu kentte, iyi hizmet vermek i\u00e7in inanc\u0131n ve hizmetseverli\u011fin olmas\u0131 gerekti\u011fi s\u00f6yleyerek, bu unsurlar\u0131n Antakya\u2019daki Ermeni Kilisesi ve Ortodoks Kilisesi aras\u0131nda fazlas\u0131yla g\u00f6zlemlendi\u011fini vurgulad\u0131. Patrik Hazretleri, Hristiyan ruhunun daim olmas\u0131 i\u00e7in dua ederken, Antakya Ortodoks Patri\u011fi Kadasetli Yuhanna X. Hazretleri\u2019ne de biraderine selamlar\u0131n\u0131 iletti.<\/p>\n<p>Kilisedeki t\u00f6ren sonras\u0131nda, Patrik Hazretleri\u2019ne bir an\u0131 plaketi takdim edildi. Daha sonra, Patrik Hazretleri onuruna kilise salonunda bir sevgi sofras\u0131 kuruldu. Ortodoks Kilisesi \u00fcyeleri, bu esnada Patrik Hazretleri\u2019yle yakinen tan\u0131\u015fma, kendisiyle sohbet etme ve bereket niyaz etme f\u0131rsat\u0131n\u0131 buldular. Sohbet sonras\u0131nda, Patrik Hazretleri co\u015fkuyla dolan hal\u0131n seslendirdi\u011fi ilahiler e\u015fli\u011finde kiliseden ayr\u0131ld\u0131.<\/p>\n<p><em><strong>Foto\u011fraflar i\u00e7in:<\/strong>\u00a0<a href=\"https:\/\/www.facebook.com\/TRArmenianPatriarchate\/posts\/1918959151597292?__cft__%5B0%5D=AZXassWdHX8WjLmbpZKu3RqksIOYeAIfuSNP_sBkRv-JV0EzpCMzwFgk-RvxQXVi9UbvcFTBR-KUUgaMse7ABeTNhIlPBPoMo1r2ipiR5jKUKp6yYQIRH-3YR7trm56zwUT_uVY3YaEZgxA87cqFmFuK&amp;__tn__=-UK-R\"><strong>https:\/\/www.facebook.com\/127576530735572\/posts\/1918959151597292\/?d=n<\/strong><\/a><\/em><\/p>\n<p><em><strong>Kaynak: T\u00fcrkiye Ermenileri Patrikli\u011fi\u00a0<a href=\"https:\/\/www.facebook.com\/TRArmenianPatriarchate\/\">https:\/\/www.facebook.com\/TRArmenianPatriarchate\/<\/a> \u00a0<\/strong><\/em><\/p>\n","protected":false},"excerpt":{"rendered":"<p>HATAY B\u00dcY\u00dcK\u015eEH\u0130R BELED\u0130YE BA\u015eKANI\u2019NA Z\u0130YARET Kadasetli Patrik Sahak II. Hazretleri, 16 A\u011fustos 2021, Pazartesi, saat 10:00\u2019da, Hatay B\u00fcy\u00fck\u015fehir Belediye Ba\u015fkan\u0131 L\u00fctf\u00fc Sava\u015f\u2019\u0131 makam\u0131nda ziyaret etti. Patrik Hazretleri\u2019ne, Antakya Kiliseleri Din G\u00f6revlisi Peder Avedis Taba\u015fyan, Peder \u015eirvan M\u00fcrzyan, Vak\u0131fl\u0131k\u00f6y S. Asdvadzadzin Kilisesi Vakf\u0131 Y\u00f6netim Kurulu Ba\u015fkan\u0131 Cem \u00c7apar ve Vak\u0131fl\u0131k\u00f6y Muhtar\u0131 Ber\u00e7 Kartun refakat ettiler. Sohbet [&hellip;]<\/p>\n","protected":false},"author":7,"featured_media":64300,"comment_status":"open","ping_status":"open","sticky":false,"template":"","format":"standard","meta":{"footnotes":""},"categories":[1],"tags":[],"class_list":["post-64299","post","type-post","status-publish","format-standard","has-post-thumbnail","hentry","category-haberler"],"yoast_head":"<!-- This site is optimized with the Yoast SEO plugin v27.4 - https:\/\/yoast.com\/product\/yoast-seo-wordpress\/ -->\n<title>Patrik Hazretleri&#039;nin Hatay&#039;daki resmi ziyaretleri - Bati Ermenistan Ve Bati Ermenileri Sorunlari Ara\u015ftirmalar Merkezi<\/title>\n<meta name=\"robots\" content=\"index, follow, max-snippet:-1, max-image-preview:large, max-video-preview:-1\" \/>\n<link rel=\"canonical\" href=\"https:\/\/akunq.net\/tr\/?p=64299\" \/>\n<meta property=\"og:locale\" content=\"en_US\" \/>\n<meta property=\"og:type\" content=\"article\" \/>\n<meta property=\"og:title\" content=\"Patrik Hazretleri&#039;nin Hatay&#039;daki resmi ziyaretleri - Bati Ermenistan Ve Bati Ermenileri Sorunlari Ara\u015ftirmalar Merkezi\" \/>\n<meta property=\"og:description\" content=\"HATAY B\u00dcY\u00dcK\u015eEH\u0130R BELED\u0130YE BA\u015eKANI\u2019NA Z\u0130YARET Kadasetli Patrik Sahak II. Hazretleri, 16 A\u011fustos 2021, Pazartesi, saat 10:00\u2019da, Hatay B\u00fcy\u00fck\u015fehir Belediye Ba\u015fkan\u0131 L\u00fctf\u00fc Sava\u015f\u2019\u0131 makam\u0131nda ziyaret etti. Patrik Hazretleri\u2019ne, Antakya Kiliseleri Din G\u00f6revlisi Peder Avedis Taba\u015fyan, Peder \u015eirvan M\u00fcrzyan, Vak\u0131fl\u0131k\u00f6y S. Asdvadzadzin Kilisesi Vakf\u0131 Y\u00f6netim Kurulu Ba\u015fkan\u0131 Cem \u00c7apar ve Vak\u0131fl\u0131k\u00f6y Muhtar\u0131 Ber\u00e7 Kartun refakat ettiler. Sohbet [&hellip;]\" \/>\n<meta property=\"og:url\" content=\"https:\/\/akunq.net\/tr\/?p=64299\" \/>\n<meta property=\"og:site_name\" content=\"Bati Ermenistan Ve Bati Ermenileri Sorunlari Ara\u015ftirmalar Merkezi\" \/>\n<meta property=\"article:published_time\" content=\"2021-08-19T07:50:17+00:00\" \/>\n<meta property=\"og:image\" content=\"https:\/\/akunq.net\/tr\/wp-content\/uploads\/sites\/6\/2021\/08\/Kadasetli-Patrik-Sahak-II.-Hazretleri.jpeg\" \/>\n\t<meta property=\"og:image:width\" content=\"1754\" \/>\n\t<meta property=\"og:image:height\" content=\"1240\" \/>\n\t<meta property=\"og:image:type\" content=\"image\/jpeg\" \/>\n<meta name=\"author\" content=\"admin\" \/>\n<meta name=\"twitter:card\" content=\"summary_large_image\" \/>\n<meta name=\"twitter:label1\" content=\"Written by\" \/>\n\t<meta name=\"twitter:data1\" content=\"admin\" \/>\n\t<meta name=\"twitter:label2\" content=\"Est. reading time\" \/>\n\t<meta name=\"twitter:data2\" content=\"4 minutes\" \/>\n<script type=\"application\/ld+json\" class=\"yoast-schema-graph\">{\"@context\":\"https:\\\/\\\/schema.org\",\"@graph\":[{\"@type\":\"Article\",\"@id\":\"https:\\\/\\\/akunq.net\\\/tr\\\/?p=64299#article\",\"isPartOf\":{\"@id\":\"https:\\\/\\\/akunq.net\\\/tr\\\/?p=64299\"},\"author\":{\"name\":\"admin\",\"@id\":\"https:\\\/\\\/akunq.net\\\/tr\\\/#\\\/schema\\\/person\\\/096f1d38a12cce57fb855b485ed24c9e\"},\"headline\":\"Patrik Hazretleri&#8217;nin Hatay&#8217;daki resmi ziyaretleri\",\"datePublished\":\"2021-08-19T07:50:17+00:00\",\"mainEntityOfPage\":{\"@id\":\"https:\\\/\\\/akunq.net\\\/tr\\\/?p=64299\"},\"wordCount\":833,\"commentCount\":0,\"image\":{\"@id\":\"https:\\\/\\\/akunq.net\\\/tr\\\/?p=64299#primaryimage\"},\"thumbnailUrl\":\"https:\\\/\\\/akunq.net\\\/tr\\\/wp-content\\\/uploads\\\/sites\\\/6\\\/2021\\\/08\\\/Kadasetli-Patrik-Sahak-II.-Hazretleri.jpeg\",\"articleSection\":[\"Haberler\"],\"inLanguage\":\"en-US\",\"potentialAction\":[{\"@type\":\"CommentAction\",\"name\":\"Comment\",\"target\":[\"https:\\\/\\\/akunq.net\\\/tr\\\/?p=64299#respond\"]}]},{\"@type\":\"WebPage\",\"@id\":\"https:\\\/\\\/akunq.net\\\/tr\\\/?p=64299\",\"url\":\"https:\\\/\\\/akunq.net\\\/tr\\\/?p=64299\",\"name\":\"Patrik Hazretleri'nin Hatay'daki resmi ziyaretleri - Bati Ermenistan Ve Bati Ermenileri Sorunlari Ara\u015ftirmalar Merkezi\",\"isPartOf\":{\"@id\":\"https:\\\/\\\/akunq.net\\\/tr\\\/#website\"},\"primaryImageOfPage\":{\"@id\":\"https:\\\/\\\/akunq.net\\\/tr\\\/?p=64299#primaryimage\"},\"image\":{\"@id\":\"https:\\\/\\\/akunq.net\\\/tr\\\/?p=64299#primaryimage\"},\"thumbnailUrl\":\"https:\\\/\\\/akunq.net\\\/tr\\\/wp-content\\\/uploads\\\/sites\\\/6\\\/2021\\\/08\\\/Kadasetli-Patrik-Sahak-II.-Hazretleri.jpeg\",\"datePublished\":\"2021-08-19T07:50:17+00:00\",\"author\":{\"@id\":\"https:\\\/\\\/akunq.net\\\/tr\\\/#\\\/schema\\\/person\\\/096f1d38a12cce57fb855b485ed24c9e\"},\"breadcrumb\":{\"@id\":\"https:\\\/\\\/akunq.net\\\/tr\\\/?p=64299#breadcrumb\"},\"inLanguage\":\"en-US\",\"potentialAction\":[{\"@type\":\"ReadAction\",\"target\":[\"https:\\\/\\\/akunq.net\\\/tr\\\/?p=64299\"]}]},{\"@type\":\"ImageObject\",\"inLanguage\":\"en-US\",\"@id\":\"https:\\\/\\\/akunq.net\\\/tr\\\/?p=64299#primaryimage\",\"url\":\"https:\\\/\\\/akunq.net\\\/tr\\\/wp-content\\\/uploads\\\/sites\\\/6\\\/2021\\\/08\\\/Kadasetli-Patrik-Sahak-II.-Hazretleri.jpeg\",\"contentUrl\":\"https:\\\/\\\/akunq.net\\\/tr\\\/wp-content\\\/uploads\\\/sites\\\/6\\\/2021\\\/08\\\/Kadasetli-Patrik-Sahak-II.-Hazretleri.jpeg\",\"width\":1754,\"height\":1240},{\"@type\":\"BreadcrumbList\",\"@id\":\"https:\\\/\\\/akunq.net\\\/tr\\\/?p=64299#breadcrumb\",\"itemListElement\":[{\"@type\":\"ListItem\",\"position\":1,\"name\":\"Home\",\"item\":\"https:\\\/\\\/akunq.net\\\/tr\"},{\"@type\":\"ListItem\",\"position\":2,\"name\":\"Patrik Hazretleri&#8217;nin Hatay&#8217;daki resmi ziyaretleri\"}]},{\"@type\":\"WebSite\",\"@id\":\"https:\\\/\\\/akunq.net\\\/tr\\\/#website\",\"url\":\"https:\\\/\\\/akunq.net\\\/tr\\\/\",\"name\":\"Bati Ermenistan Ve Bati Ermenileri Sorunlari Ara\u015ftirmalar Merkezi\",\"description\":\"\",\"potentialAction\":[{\"@type\":\"SearchAction\",\"target\":{\"@type\":\"EntryPoint\",\"urlTemplate\":\"https:\\\/\\\/akunq.net\\\/tr\\\/?s={search_term_string}\"},\"query-input\":{\"@type\":\"PropertyValueSpecification\",\"valueRequired\":true,\"valueName\":\"search_term_string\"}}],\"inLanguage\":\"en-US\"},{\"@type\":\"Person\",\"@id\":\"https:\\\/\\\/akunq.net\\\/tr\\\/#\\\/schema\\\/person\\\/096f1d38a12cce57fb855b485ed24c9e\",\"name\":\"admin\",\"url\":\"https:\\\/\\\/akunq.net\\\/tr\\\/?author=7\"}]}<\/script>\n<!-- \/ Yoast SEO plugin. -->","yoast_head_json":{"title":"Patrik Hazretleri'nin Hatay'daki resmi ziyaretleri - Bati Ermenistan Ve Bati Ermenileri Sorunlari Ara\u015ftirmalar Merkezi","robots":{"index":"index","follow":"follow","max-snippet":"max-snippet:-1","max-image-preview":"max-image-preview:large","max-video-preview":"max-video-preview:-1"},"canonical":"https:\/\/akunq.net\/tr\/?p=64299","og_locale":"en_US","og_type":"article","og_title":"Patrik Hazretleri'nin Hatay'daki resmi ziyaretleri - Bati Ermenistan Ve Bati Ermenileri Sorunlari Ara\u015ftirmalar Merkezi","og_description":"HATAY B\u00dcY\u00dcK\u015eEH\u0130R BELED\u0130YE BA\u015eKANI\u2019NA Z\u0130YARET Kadasetli Patrik Sahak II. Hazretleri, 16 A\u011fustos 2021, Pazartesi, saat 10:00\u2019da, Hatay B\u00fcy\u00fck\u015fehir Belediye Ba\u015fkan\u0131 L\u00fctf\u00fc Sava\u015f\u2019\u0131 makam\u0131nda ziyaret etti. Patrik Hazretleri\u2019ne, Antakya Kiliseleri Din G\u00f6revlisi Peder Avedis Taba\u015fyan, Peder \u015eirvan M\u00fcrzyan, Vak\u0131fl\u0131k\u00f6y S. Asdvadzadzin Kilisesi Vakf\u0131 Y\u00f6netim Kurulu Ba\u015fkan\u0131 Cem \u00c7apar ve Vak\u0131fl\u0131k\u00f6y Muhtar\u0131 Ber\u00e7 Kartun refakat ettiler. Sohbet [&hellip;]","og_url":"https:\/\/akunq.net\/tr\/?p=64299","og_site_name":"Bati Ermenistan Ve Bati Ermenileri Sorunlari Ara\u015ftirmalar Merkezi","article_published_time":"2021-08-19T07:50:17+00:00","og_image":[{"width":1754,"height":1240,"url":"https:\/\/akunq.net\/tr\/wp-content\/uploads\/sites\/6\/2021\/08\/Kadasetli-Patrik-Sahak-II.-Hazretleri.jpeg","type":"image\/jpeg"}],"author":"admin","twitter_card":"summary_large_image","twitter_misc":{"Written by":"admin","Est. reading time":"4 minutes"},"schema":{"@context":"https:\/\/schema.org","@graph":[{"@type":"Article","@id":"https:\/\/akunq.net\/tr\/?p=64299#article","isPartOf":{"@id":"https:\/\/akunq.net\/tr\/?p=64299"},"author":{"name":"admin","@id":"https:\/\/akunq.net\/tr\/#\/schema\/person\/096f1d38a12cce57fb855b485ed24c9e"},"headline":"Patrik Hazretleri&#8217;nin Hatay&#8217;daki resmi ziyaretleri","datePublished":"2021-08-19T07:50:17+00:00","mainEntityOfPage":{"@id":"https:\/\/akunq.net\/tr\/?p=64299"},"wordCount":833,"commentCount":0,"image":{"@id":"https:\/\/akunq.net\/tr\/?p=64299#primaryimage"},"thumbnailUrl":"https:\/\/akunq.net\/tr\/wp-content\/uploads\/sites\/6\/2021\/08\/Kadasetli-Patrik-Sahak-II.-Hazretleri.jpeg","articleSection":["Haberler"],"inLanguage":"en-US","potentialAction":[{"@type":"CommentAction","name":"Comment","target":["https:\/\/akunq.net\/tr\/?p=64299#respond"]}]},{"@type":"WebPage","@id":"https:\/\/akunq.net\/tr\/?p=64299","url":"https:\/\/akunq.net\/tr\/?p=64299","name":"Patrik Hazretleri'nin Hatay'daki resmi ziyaretleri - Bati Ermenistan Ve Bati Ermenileri Sorunlari Ara\u015ftirmalar Merkezi","isPartOf":{"@id":"https:\/\/akunq.net\/tr\/#website"},"primaryImageOfPage":{"@id":"https:\/\/akunq.net\/tr\/?p=64299#primaryimage"},"image":{"@id":"https:\/\/akunq.net\/tr\/?p=64299#primaryimage"},"thumbnailUrl":"https:\/\/akunq.net\/tr\/wp-content\/uploads\/sites\/6\/2021\/08\/Kadasetli-Patrik-Sahak-II.-Hazretleri.jpeg","datePublished":"2021-08-19T07:50:17+00:00","author":{"@id":"https:\/\/akunq.net\/tr\/#\/schema\/person\/096f1d38a12cce57fb855b485ed24c9e"},"breadcrumb":{"@id":"https:\/\/akunq.net\/tr\/?p=64299#breadcrumb"},"inLanguage":"en-US","potentialAction":[{"@type":"ReadAction","target":["https:\/\/akunq.net\/tr\/?p=64299"]}]},{"@type":"ImageObject","inLanguage":"en-US","@id":"https:\/\/akunq.net\/tr\/?p=64299#primaryimage","url":"https:\/\/akunq.net\/tr\/wp-content\/uploads\/sites\/6\/2021\/08\/Kadasetli-Patrik-Sahak-II.-Hazretleri.jpeg","contentUrl":"https:\/\/akunq.net\/tr\/wp-content\/uploads\/sites\/6\/2021\/08\/Kadasetli-Patrik-Sahak-II.-Hazretleri.jpeg","width":1754,"height":1240},{"@type":"BreadcrumbList","@id":"https:\/\/akunq.net\/tr\/?p=64299#breadcrumb","itemListElement":[{"@type":"ListItem","position":1,"name":"Home","item":"https:\/\/akunq.net\/tr"},{"@type":"ListItem","position":2,"name":"Patrik Hazretleri&#8217;nin Hatay&#8217;daki resmi ziyaretleri"}]},{"@type":"WebSite","@id":"https:\/\/akunq.net\/tr\/#website","url":"https:\/\/akunq.net\/tr\/","name":"Bati Ermenistan Ve Bati Ermenileri Sorunlari Ara\u015ftirmalar Merkezi","description":"","potentialAction":[{"@type":"SearchAction","target":{"@type":"EntryPoint","urlTemplate":"https:\/\/akunq.net\/tr\/?s={search_term_string}"},"query-input":{"@type":"PropertyValueSpecification","valueRequired":true,"valueName":"search_term_string"}}],"inLanguage":"en-US"},{"@type":"Person","@id":"https:\/\/akunq.net\/tr\/#\/schema\/person\/096f1d38a12cce57fb855b485ed24c9e","name":"admin","url":"https:\/\/akunq.net\/tr\/?author=7"}]}},"_links":{"self":[{"href":"https:\/\/akunq.net\/tr\/index.php?rest_route=\/wp\/v2\/posts\/64299","targetHints":{"allow":["GET"]}}],"collection":[{"href":"https:\/\/akunq.net\/tr\/index.php?rest_route=\/wp\/v2\/posts"}],"about":[{"href":"https:\/\/akunq.net\/tr\/index.php?rest_route=\/wp\/v2\/types\/post"}],"author":[{"embeddable":true,"href":"https:\/\/akunq.net\/tr\/index.php?rest_route=\/wp\/v2\/users\/7"}],"replies":[{"embeddable":true,"href":"https:\/\/akunq.net\/tr\/index.php?rest_route=%2Fwp%2Fv2%2Fcomments&post=64299"}],"version-history":[{"count":1,"href":"https:\/\/akunq.net\/tr\/index.php?rest_route=\/wp\/v2\/posts\/64299\/revisions"}],"predecessor-version":[{"id":64301,"href":"https:\/\/akunq.net\/tr\/index.php?rest_route=\/wp\/v2\/posts\/64299\/revisions\/64301"}],"wp:featuredmedia":[{"embeddable":true,"href":"https:\/\/akunq.net\/tr\/index.php?rest_route=\/wp\/v2\/media\/64300"}],"wp:attachment":[{"href":"https:\/\/akunq.net\/tr\/index.php?rest_route=%2Fwp%2Fv2%2Fmedia&parent=64299"}],"wp:term":[{"taxonomy":"category","embeddable":true,"href":"https:\/\/akunq.net\/tr\/index.php?rest_route=%2Fwp%2Fv2%2Fcategories&post=64299"},{"taxonomy":"post_tag","embeddable":true,"href":"https:\/\/akunq.net\/tr\/index.php?rest_route=%2Fwp%2Fv2%2Ftags&post=64299"}],"curies":[{"name":"wp","href":"https:\/\/api.w.org\/{rel}","templated":true}]}}