{"id":64296,"date":"2021-08-19T01:35:12","date_gmt":"2021-08-19T06:35:12","guid":{"rendered":"https:\/\/akunq.net\/tr\/?p=64296"},"modified":"2021-08-19T01:35:12","modified_gmt":"2021-08-19T06:35:12","slug":"midyatin-kulturel-dokusu-dijital-dunyada","status":"publish","type":"post","link":"https:\/\/akunq.net\/tr\/?p=64296","title":{"rendered":"Midyat\u2019\u0131n k\u00fclt\u00fcrel dokusu dijital d\u00fcnyada"},"content":{"rendered":"<p><img loading=\"lazy\" decoding=\"async\" class=\"aligncenter size-medium wp-image-64297\" src=\"https:\/\/akunq.net\/tr\/wp-content\/uploads\/2021\/08\/mardin-midyat-2-360x209.jpg\" alt=\"\" width=\"360\" height=\"209\" srcset=\"https:\/\/akunq.net\/tr\/wp-content\/uploads\/sites\/6\/2021\/08\/mardin-midyat-2-360x209.jpg 360w, https:\/\/akunq.net\/tr\/wp-content\/uploads\/sites\/6\/2021\/08\/mardin-midyat-2-768x446.jpg 768w, https:\/\/akunq.net\/tr\/wp-content\/uploads\/sites\/6\/2021\/08\/mardin-midyat-2-560x325.jpg 560w, https:\/\/akunq.net\/tr\/wp-content\/uploads\/sites\/6\/2021\/08\/mardin-midyat-2-260x151.jpg 260w, https:\/\/akunq.net\/tr\/wp-content\/uploads\/sites\/6\/2021\/08\/mardin-midyat-2-160x93.jpg 160w, https:\/\/akunq.net\/tr\/wp-content\/uploads\/sites\/6\/2021\/08\/mardin-midyat-2.jpg 1024w\" sizes=\"auto, (max-width: 360px) 100vw, 360px\" \/><\/p>\n<p><em><strong>Selim KAYA\/MARD\u0130N, (DHA)-\u00a0MARD\u0130N Artuklu \u00dcniversitesi,\u00a0Midyat ve Tur Abdin b\u00f6lgesindeki tarihi dokuyu dijitalle\u015ftirme \u00e7al\u0131\u015fmalar\u0131n\u0131 aral\u0131ks\u0131z s\u00fcrd\u00fcr\u00fcyor. Mimari Proje \u00dcretimi Uygulama ve Ara\u015ft\u0131rma Merkezi-Mimfab ekibince d\u00fczenlenen kolektif tasar\u0131m at\u00f6lyeleri ve etkinlikleriyle dijitalle\u015ftirilerek sanal turlara d\u00f6n\u00fc\u015ft\u00fcr\u00fcl\u00fcyor.<\/strong><\/em><\/p>\n<p>Dizilere mekan olan tarihi konaklar\u0131yla zihinlerde iz b\u0131rakan ve \u2018Tur Abdin\u2019 olarak nitelendirilen b\u00f6lgedeki Midyat, k\u00fclt\u00fcrel miras\u0131yla dikkat \u00e7ekiyor. Mardin\u2019in de\u011ferleri, Mardin Artuklu \u00dcniversitesi\u2019nde Mimari Proje \u00dcretimi Uygulama ve Ara\u015ft\u0131rma Merkezi olarak faaliyetlerine devam eden Mimfab ekibince kolektif tasar\u0131m at\u00f6lyeleri ve etkinlikleriyle dijitalle\u015ftirilerek sanal turlara d\u00f6n\u00fc\u015ft\u00fcr\u00fcl\u00fcyor. Mardin Artuklu \u00dcniversitesi\u00a0Mimari Proje \u00dcretimi Uygulama ve Ara\u015ft\u0131rma Merkezi\u00a0\u00d6\u011fretim G\u00f6revlisi Lale Karata\u015f, merkezin, k\u00fclt\u00fcrel miras\u0131n dijitalle\u015ftirilmesi \u00fczerine \u00e7al\u0131\u015fmalar ger\u00e7ekle\u015ftirdi\u011fini s\u00f6yledi. Karata\u015f, y\u00fcr\u00fct\u00fclen projeyle ilgili detaylar\u0131 da \u015f\u00f6yle a\u00e7\u0131klad\u0131:<\/p>\n<p>\u201c\u00d6\u011frencilerimize staj ve i\u015f imkan\u0131 sa\u011flayabildi\u011fimiz merkezimizde \u015fu an y\u00fcr\u00fct\u00fclen projemizin ad\u0131: \u015elomo.\u00a0Asl\u0131nda S\u00fcryanice bir s\u00f6zc\u00fck ve Selam anlam\u0131n\u0131 ta\u015f\u0131yor. Ge\u00e7mi\u015fte \u2018Tur Abdin\u2019 olarak nitelendirilen b\u00f6lgenin tam merkezinde yer alan Midyat, k\u0131rsal\u0131nda bar\u0131nd\u0131rd\u0131\u011f\u0131 k\u00fclt\u00fcrel miras alanlar\u0131yla da dikkat \u00e7ekiyor. May\u0131s ay\u0131nda 9 tane ge\u00e7 antik ve Orta \u00c7a\u011f kilise-manast\u0131rlar\u0131n UNESCO D\u00fcnya Miras\u0131 Ge\u00e7ici Listesi\u2019ne girmesiyle biraz daha tan\u0131n\u0131r hale gelen bu hazineler, uygulama ve ara\u015ft\u0131rma\u00a0merkezimiz taraf\u0131ndan d\u00fczenlenen kolektif tasar\u0131m at\u00f6lyeleri ve etkinlikleriyle dijitalle\u015ftirilerek sanal turlara d\u00f6n\u00fc\u015ft\u00fcr\u00fcl\u00fcyor. Sanal turlar\u0131n yan\u0131 s\u0131ra fotogrametrik ve 3 boyutlu modelleme teknikleriyle dijital ikizler, dron\u00a0\u00e7ekimleri ve 360 derece panoramik g\u00f6r\u00fcnt\u00fclerle sanal turlar, CNC ta\u015f kesimiyle S\u00fcryanilere \u00f6zg\u00fcn desenler, art\u0131r\u0131lm\u0131\u015f ger\u00e7eklikle etkile\u015fimli sahneler, sanal ger\u00e7eklik g\u00f6zl\u00fckleriyle ger\u00e7e\u011fe yak\u0131n deneyimler ve lidar lazer taramayla y\u00fcksek \u00e7\u00f6z\u00fcn\u00fcrl\u00fckte i\u015flenmi\u015f ortamlar tasarlanmaktad\u0131r. Projenin \u00f6nemi Midyat\u2019\u0131n k\u00fclt\u00fcr ekosisteminden beslenmektedir diyebiliriz, farkl\u0131 dillerden ve mezheplerden insanlar\u0131n bulu\u015ftu\u011fu, T\u00fcrklerin, K\u00fcrtlerin, S\u00fcryanilerin, Ezidilerin, Araplar\u0131n bir arada karde\u015f\u00e7e ya\u015fad\u0131\u011f\u0131 bir b\u00f6lge. Pek \u00e7ok tarihi kilise, manast\u0131r ve sivil yap\u0131 \u00f6rneklerini b\u00fcnyesinde bar\u0131nd\u0131rmaktad\u0131r.\u00a0Bunlar aras\u0131nda tarihin en eski S\u00fcryani kilisesi say\u0131lan Mor Gabriel (Meryem Ana) Kilisesi de bulunmakta. Ancak Midyat\u2019ta baz\u0131 k\u0131rsal alanlarda, k\u00fclt\u00fcrel a\u00e7\u0131dan \u00e7ok de\u011ferli olan tarihi yap\u0131lar\u0131n kaderine terk edilmi\u015f durumda oldu\u011funu g\u00f6r\u00fcyoruz. Bizim bu projede \u00f6ncelikli amac\u0131m\u0131z Midyat\u2019ta k\u0131rsal alanlardaki bu tarihi de\u011feri olan yap\u0131lar\u0131 yok olmadan \u00f6nce belgelemek.\u201d<\/p>\n<p><strong>AT\u00d6LYE \u00c7ALI\u015eMALARI<\/strong><br \/>\nMardin Artuklu \u00dcniversitesi, M\u00fchendislik Mimarl\u0131k Fak\u00fcltesi, Mimari Proje \u00dcretimi Uygulama ve Ara\u015ft\u0131rma Merkezi M\u00fcd\u00fcr\u00fc, Dr. \u00d6\u011fretim \u00dcyesi Serdar Ayd\u0131n,\u00a0\u015elomo projesiyle farkl\u0131 illerden akademisyenler, mimarlar, m\u00fchendisler ve \u00e7ok say\u0131da kat\u0131l\u0131mc\u0131n\u0131n bir araya gelip k\u00fclt\u00fcrel mirasa dair sanal platformlar ve dijital \u00fcretimler ger\u00e7ekle\u015ftirdi\u011fini kaydetti. Ayd\u0131n, \u201c5\u2019er g\u00fcnl\u00fck 3 at\u00f6lye program\u0131 kapsam\u0131nda Midyat ve civar\u0131na, veri toplamak \u00fczere geziler d\u00fczenliyoruz. Daha sonra bu gezilerden elde edilen veriler, dijital ortamlarda i\u015flenerek k\u00fclt\u00fcrel miras bilgisinin yay\u0131l\u0131m\u0131 amac\u0131yla sergilere ve yay\u0131nlara d\u00f6n\u00fc\u015ft\u00fcr\u00fcl\u00fcyor. Ekim ay\u0131ndaki b\u00fcy\u00fck sergimize dek yapt\u0131\u011f\u0131m\u0131z \u00e7al\u0131\u015fmalar\u0131 da sosyal medya hesaplar\u0131m\u0131zdan herkese a\u00e7\u0131k bir \u015fekilde payla\u015f\u0131yoruz\u201d diye konu\u015ftu.<\/p>\n<p><em><strong><a href=\"https:\/\/www.cnnturk.com\/yerel-haberler\/mardin\/midyatin-kulturel-dokusu-dijital-dunyada-1690032\" data-type=\"URL\" data-id=\"https:\/\/www.cnnturk.com\/yerel-haberler\/mardin\/midyatin-kulturel-dokusu-dijital-dunyada-1690032\">https:\/\/www.cnnturk.com\/yerel-haberler\/mardin\/midyatin-kulturel-dokusu-dijital-dunyada-1690032<\/a>\u00a0<\/strong><\/em><\/p>\n","protected":false},"excerpt":{"rendered":"<p>Selim KAYA\/MARD\u0130N, (DHA)-\u00a0MARD\u0130N Artuklu \u00dcniversitesi,\u00a0Midyat ve Tur Abdin b\u00f6lgesindeki tarihi dokuyu dijitalle\u015ftirme \u00e7al\u0131\u015fmalar\u0131n\u0131 aral\u0131ks\u0131z s\u00fcrd\u00fcr\u00fcyor. Mimari Proje \u00dcretimi Uygulama ve Ara\u015ft\u0131rma Merkezi-Mimfab ekibince d\u00fczenlenen kolektif tasar\u0131m at\u00f6lyeleri ve etkinlikleriyle dijitalle\u015ftirilerek sanal turlara d\u00f6n\u00fc\u015ft\u00fcr\u00fcl\u00fcyor. Dizilere mekan olan tarihi konaklar\u0131yla zihinlerde iz b\u0131rakan ve \u2018Tur Abdin\u2019 olarak nitelendirilen b\u00f6lgedeki Midyat, k\u00fclt\u00fcrel miras\u0131yla dikkat \u00e7ekiyor. Mardin\u2019in de\u011ferleri, Mardin [&hellip;]<\/p>\n","protected":false},"author":7,"featured_media":64297,"comment_status":"open","ping_status":"open","sticky":false,"template":"","format":"standard","meta":{"footnotes":""},"categories":[1],"tags":[],"class_list":["post-64296","post","type-post","status-publish","format-standard","has-post-thumbnail","hentry","category-haberler"],"yoast_head":"<!-- This site is optimized with the Yoast SEO plugin v27.4 - https:\/\/yoast.com\/product\/yoast-seo-wordpress\/ -->\n<title>Midyat\u2019\u0131n k\u00fclt\u00fcrel dokusu dijital d\u00fcnyada - Bati Ermenistan Ve Bati Ermenileri Sorunlari Ara\u015ftirmalar Merkezi<\/title>\n<meta name=\"robots\" content=\"index, follow, max-snippet:-1, max-image-preview:large, max-video-preview:-1\" \/>\n<link rel=\"canonical\" href=\"https:\/\/akunq.net\/tr\/?p=64296\" \/>\n<meta property=\"og:locale\" content=\"en_US\" \/>\n<meta property=\"og:type\" content=\"article\" \/>\n<meta property=\"og:title\" content=\"Midyat\u2019\u0131n k\u00fclt\u00fcrel dokusu dijital d\u00fcnyada - Bati Ermenistan Ve Bati Ermenileri Sorunlari Ara\u015ftirmalar Merkezi\" \/>\n<meta property=\"og:description\" content=\"Selim KAYA\/MARD\u0130N, (DHA)-\u00a0MARD\u0130N Artuklu \u00dcniversitesi,\u00a0Midyat ve Tur Abdin b\u00f6lgesindeki tarihi dokuyu dijitalle\u015ftirme \u00e7al\u0131\u015fmalar\u0131n\u0131 aral\u0131ks\u0131z s\u00fcrd\u00fcr\u00fcyor. Mimari Proje \u00dcretimi Uygulama ve Ara\u015ft\u0131rma Merkezi-Mimfab ekibince d\u00fczenlenen kolektif tasar\u0131m at\u00f6lyeleri ve etkinlikleriyle dijitalle\u015ftirilerek sanal turlara d\u00f6n\u00fc\u015ft\u00fcr\u00fcl\u00fcyor. Dizilere mekan olan tarihi konaklar\u0131yla zihinlerde iz b\u0131rakan ve \u2018Tur Abdin\u2019 olarak nitelendirilen b\u00f6lgedeki Midyat, k\u00fclt\u00fcrel miras\u0131yla dikkat \u00e7ekiyor. Mardin\u2019in de\u011ferleri, Mardin [&hellip;]\" \/>\n<meta property=\"og:url\" content=\"https:\/\/akunq.net\/tr\/?p=64296\" \/>\n<meta property=\"og:site_name\" content=\"Bati Ermenistan Ve Bati Ermenileri Sorunlari Ara\u015ftirmalar Merkezi\" \/>\n<meta property=\"article:published_time\" content=\"2021-08-19T06:35:12+00:00\" \/>\n<meta property=\"og:image\" content=\"https:\/\/akunq.net\/tr\/wp-content\/uploads\/sites\/6\/2021\/08\/mardin-midyat-2.jpg\" \/>\n\t<meta property=\"og:image:width\" content=\"1024\" \/>\n\t<meta property=\"og:image:height\" content=\"595\" \/>\n\t<meta property=\"og:image:type\" content=\"image\/jpeg\" \/>\n<meta name=\"author\" content=\"admin\" \/>\n<meta name=\"twitter:card\" content=\"summary_large_image\" \/>\n<meta name=\"twitter:label1\" content=\"Written by\" \/>\n\t<meta name=\"twitter:data1\" content=\"admin\" \/>\n\t<meta name=\"twitter:label2\" content=\"Est. reading time\" \/>\n\t<meta name=\"twitter:data2\" content=\"3 minutes\" \/>\n<script type=\"application\/ld+json\" class=\"yoast-schema-graph\">{\"@context\":\"https:\\\/\\\/schema.org\",\"@graph\":[{\"@type\":\"Article\",\"@id\":\"https:\\\/\\\/akunq.net\\\/tr\\\/?p=64296#article\",\"isPartOf\":{\"@id\":\"https:\\\/\\\/akunq.net\\\/tr\\\/?p=64296\"},\"author\":{\"name\":\"admin\",\"@id\":\"https:\\\/\\\/akunq.net\\\/tr\\\/#\\\/schema\\\/person\\\/096f1d38a12cce57fb855b485ed24c9e\"},\"headline\":\"Midyat\u2019\u0131n k\u00fclt\u00fcrel dokusu dijital d\u00fcnyada\",\"datePublished\":\"2021-08-19T06:35:12+00:00\",\"mainEntityOfPage\":{\"@id\":\"https:\\\/\\\/akunq.net\\\/tr\\\/?p=64296\"},\"wordCount\":642,\"commentCount\":0,\"image\":{\"@id\":\"https:\\\/\\\/akunq.net\\\/tr\\\/?p=64296#primaryimage\"},\"thumbnailUrl\":\"https:\\\/\\\/akunq.net\\\/tr\\\/wp-content\\\/uploads\\\/sites\\\/6\\\/2021\\\/08\\\/mardin-midyat-2.jpg\",\"articleSection\":[\"Haberler\"],\"inLanguage\":\"en-US\",\"potentialAction\":[{\"@type\":\"CommentAction\",\"name\":\"Comment\",\"target\":[\"https:\\\/\\\/akunq.net\\\/tr\\\/?p=64296#respond\"]}]},{\"@type\":\"WebPage\",\"@id\":\"https:\\\/\\\/akunq.net\\\/tr\\\/?p=64296\",\"url\":\"https:\\\/\\\/akunq.net\\\/tr\\\/?p=64296\",\"name\":\"Midyat\u2019\u0131n k\u00fclt\u00fcrel dokusu dijital d\u00fcnyada - Bati Ermenistan Ve Bati Ermenileri Sorunlari Ara\u015ftirmalar Merkezi\",\"isPartOf\":{\"@id\":\"https:\\\/\\\/akunq.net\\\/tr\\\/#website\"},\"primaryImageOfPage\":{\"@id\":\"https:\\\/\\\/akunq.net\\\/tr\\\/?p=64296#primaryimage\"},\"image\":{\"@id\":\"https:\\\/\\\/akunq.net\\\/tr\\\/?p=64296#primaryimage\"},\"thumbnailUrl\":\"https:\\\/\\\/akunq.net\\\/tr\\\/wp-content\\\/uploads\\\/sites\\\/6\\\/2021\\\/08\\\/mardin-midyat-2.jpg\",\"datePublished\":\"2021-08-19T06:35:12+00:00\",\"author\":{\"@id\":\"https:\\\/\\\/akunq.net\\\/tr\\\/#\\\/schema\\\/person\\\/096f1d38a12cce57fb855b485ed24c9e\"},\"breadcrumb\":{\"@id\":\"https:\\\/\\\/akunq.net\\\/tr\\\/?p=64296#breadcrumb\"},\"inLanguage\":\"en-US\",\"potentialAction\":[{\"@type\":\"ReadAction\",\"target\":[\"https:\\\/\\\/akunq.net\\\/tr\\\/?p=64296\"]}]},{\"@type\":\"ImageObject\",\"inLanguage\":\"en-US\",\"@id\":\"https:\\\/\\\/akunq.net\\\/tr\\\/?p=64296#primaryimage\",\"url\":\"https:\\\/\\\/akunq.net\\\/tr\\\/wp-content\\\/uploads\\\/sites\\\/6\\\/2021\\\/08\\\/mardin-midyat-2.jpg\",\"contentUrl\":\"https:\\\/\\\/akunq.net\\\/tr\\\/wp-content\\\/uploads\\\/sites\\\/6\\\/2021\\\/08\\\/mardin-midyat-2.jpg\",\"width\":1024,\"height\":595},{\"@type\":\"BreadcrumbList\",\"@id\":\"https:\\\/\\\/akunq.net\\\/tr\\\/?p=64296#breadcrumb\",\"itemListElement\":[{\"@type\":\"ListItem\",\"position\":1,\"name\":\"Home\",\"item\":\"https:\\\/\\\/akunq.net\\\/tr\"},{\"@type\":\"ListItem\",\"position\":2,\"name\":\"Midyat\u2019\u0131n k\u00fclt\u00fcrel dokusu dijital d\u00fcnyada\"}]},{\"@type\":\"WebSite\",\"@id\":\"https:\\\/\\\/akunq.net\\\/tr\\\/#website\",\"url\":\"https:\\\/\\\/akunq.net\\\/tr\\\/\",\"name\":\"Bati Ermenistan Ve Bati Ermenileri Sorunlari Ara\u015ftirmalar Merkezi\",\"description\":\"\",\"potentialAction\":[{\"@type\":\"SearchAction\",\"target\":{\"@type\":\"EntryPoint\",\"urlTemplate\":\"https:\\\/\\\/akunq.net\\\/tr\\\/?s={search_term_string}\"},\"query-input\":{\"@type\":\"PropertyValueSpecification\",\"valueRequired\":true,\"valueName\":\"search_term_string\"}}],\"inLanguage\":\"en-US\"},{\"@type\":\"Person\",\"@id\":\"https:\\\/\\\/akunq.net\\\/tr\\\/#\\\/schema\\\/person\\\/096f1d38a12cce57fb855b485ed24c9e\",\"name\":\"admin\",\"url\":\"https:\\\/\\\/akunq.net\\\/tr\\\/?author=7\"}]}<\/script>\n<!-- \/ Yoast SEO plugin. -->","yoast_head_json":{"title":"Midyat\u2019\u0131n k\u00fclt\u00fcrel dokusu dijital d\u00fcnyada - Bati Ermenistan Ve Bati Ermenileri Sorunlari Ara\u015ftirmalar Merkezi","robots":{"index":"index","follow":"follow","max-snippet":"max-snippet:-1","max-image-preview":"max-image-preview:large","max-video-preview":"max-video-preview:-1"},"canonical":"https:\/\/akunq.net\/tr\/?p=64296","og_locale":"en_US","og_type":"article","og_title":"Midyat\u2019\u0131n k\u00fclt\u00fcrel dokusu dijital d\u00fcnyada - Bati Ermenistan Ve Bati Ermenileri Sorunlari Ara\u015ftirmalar Merkezi","og_description":"Selim KAYA\/MARD\u0130N, (DHA)-\u00a0MARD\u0130N Artuklu \u00dcniversitesi,\u00a0Midyat ve Tur Abdin b\u00f6lgesindeki tarihi dokuyu dijitalle\u015ftirme \u00e7al\u0131\u015fmalar\u0131n\u0131 aral\u0131ks\u0131z s\u00fcrd\u00fcr\u00fcyor. Mimari Proje \u00dcretimi Uygulama ve Ara\u015ft\u0131rma Merkezi-Mimfab ekibince d\u00fczenlenen kolektif tasar\u0131m at\u00f6lyeleri ve etkinlikleriyle dijitalle\u015ftirilerek sanal turlara d\u00f6n\u00fc\u015ft\u00fcr\u00fcl\u00fcyor. Dizilere mekan olan tarihi konaklar\u0131yla zihinlerde iz b\u0131rakan ve \u2018Tur Abdin\u2019 olarak nitelendirilen b\u00f6lgedeki Midyat, k\u00fclt\u00fcrel miras\u0131yla dikkat \u00e7ekiyor. Mardin\u2019in de\u011ferleri, Mardin [&hellip;]","og_url":"https:\/\/akunq.net\/tr\/?p=64296","og_site_name":"Bati Ermenistan Ve Bati Ermenileri Sorunlari Ara\u015ftirmalar Merkezi","article_published_time":"2021-08-19T06:35:12+00:00","og_image":[{"width":1024,"height":595,"url":"https:\/\/akunq.net\/tr\/wp-content\/uploads\/sites\/6\/2021\/08\/mardin-midyat-2.jpg","type":"image\/jpeg"}],"author":"admin","twitter_card":"summary_large_image","twitter_misc":{"Written by":"admin","Est. reading time":"3 minutes"},"schema":{"@context":"https:\/\/schema.org","@graph":[{"@type":"Article","@id":"https:\/\/akunq.net\/tr\/?p=64296#article","isPartOf":{"@id":"https:\/\/akunq.net\/tr\/?p=64296"},"author":{"name":"admin","@id":"https:\/\/akunq.net\/tr\/#\/schema\/person\/096f1d38a12cce57fb855b485ed24c9e"},"headline":"Midyat\u2019\u0131n k\u00fclt\u00fcrel dokusu dijital d\u00fcnyada","datePublished":"2021-08-19T06:35:12+00:00","mainEntityOfPage":{"@id":"https:\/\/akunq.net\/tr\/?p=64296"},"wordCount":642,"commentCount":0,"image":{"@id":"https:\/\/akunq.net\/tr\/?p=64296#primaryimage"},"thumbnailUrl":"https:\/\/akunq.net\/tr\/wp-content\/uploads\/sites\/6\/2021\/08\/mardin-midyat-2.jpg","articleSection":["Haberler"],"inLanguage":"en-US","potentialAction":[{"@type":"CommentAction","name":"Comment","target":["https:\/\/akunq.net\/tr\/?p=64296#respond"]}]},{"@type":"WebPage","@id":"https:\/\/akunq.net\/tr\/?p=64296","url":"https:\/\/akunq.net\/tr\/?p=64296","name":"Midyat\u2019\u0131n k\u00fclt\u00fcrel dokusu dijital d\u00fcnyada - Bati Ermenistan Ve Bati Ermenileri Sorunlari Ara\u015ftirmalar Merkezi","isPartOf":{"@id":"https:\/\/akunq.net\/tr\/#website"},"primaryImageOfPage":{"@id":"https:\/\/akunq.net\/tr\/?p=64296#primaryimage"},"image":{"@id":"https:\/\/akunq.net\/tr\/?p=64296#primaryimage"},"thumbnailUrl":"https:\/\/akunq.net\/tr\/wp-content\/uploads\/sites\/6\/2021\/08\/mardin-midyat-2.jpg","datePublished":"2021-08-19T06:35:12+00:00","author":{"@id":"https:\/\/akunq.net\/tr\/#\/schema\/person\/096f1d38a12cce57fb855b485ed24c9e"},"breadcrumb":{"@id":"https:\/\/akunq.net\/tr\/?p=64296#breadcrumb"},"inLanguage":"en-US","potentialAction":[{"@type":"ReadAction","target":["https:\/\/akunq.net\/tr\/?p=64296"]}]},{"@type":"ImageObject","inLanguage":"en-US","@id":"https:\/\/akunq.net\/tr\/?p=64296#primaryimage","url":"https:\/\/akunq.net\/tr\/wp-content\/uploads\/sites\/6\/2021\/08\/mardin-midyat-2.jpg","contentUrl":"https:\/\/akunq.net\/tr\/wp-content\/uploads\/sites\/6\/2021\/08\/mardin-midyat-2.jpg","width":1024,"height":595},{"@type":"BreadcrumbList","@id":"https:\/\/akunq.net\/tr\/?p=64296#breadcrumb","itemListElement":[{"@type":"ListItem","position":1,"name":"Home","item":"https:\/\/akunq.net\/tr"},{"@type":"ListItem","position":2,"name":"Midyat\u2019\u0131n k\u00fclt\u00fcrel dokusu dijital d\u00fcnyada"}]},{"@type":"WebSite","@id":"https:\/\/akunq.net\/tr\/#website","url":"https:\/\/akunq.net\/tr\/","name":"Bati Ermenistan Ve Bati Ermenileri Sorunlari Ara\u015ftirmalar Merkezi","description":"","potentialAction":[{"@type":"SearchAction","target":{"@type":"EntryPoint","urlTemplate":"https:\/\/akunq.net\/tr\/?s={search_term_string}"},"query-input":{"@type":"PropertyValueSpecification","valueRequired":true,"valueName":"search_term_string"}}],"inLanguage":"en-US"},{"@type":"Person","@id":"https:\/\/akunq.net\/tr\/#\/schema\/person\/096f1d38a12cce57fb855b485ed24c9e","name":"admin","url":"https:\/\/akunq.net\/tr\/?author=7"}]}},"_links":{"self":[{"href":"https:\/\/akunq.net\/tr\/index.php?rest_route=\/wp\/v2\/posts\/64296","targetHints":{"allow":["GET"]}}],"collection":[{"href":"https:\/\/akunq.net\/tr\/index.php?rest_route=\/wp\/v2\/posts"}],"about":[{"href":"https:\/\/akunq.net\/tr\/index.php?rest_route=\/wp\/v2\/types\/post"}],"author":[{"embeddable":true,"href":"https:\/\/akunq.net\/tr\/index.php?rest_route=\/wp\/v2\/users\/7"}],"replies":[{"embeddable":true,"href":"https:\/\/akunq.net\/tr\/index.php?rest_route=%2Fwp%2Fv2%2Fcomments&post=64296"}],"version-history":[{"count":1,"href":"https:\/\/akunq.net\/tr\/index.php?rest_route=\/wp\/v2\/posts\/64296\/revisions"}],"predecessor-version":[{"id":64298,"href":"https:\/\/akunq.net\/tr\/index.php?rest_route=\/wp\/v2\/posts\/64296\/revisions\/64298"}],"wp:featuredmedia":[{"embeddable":true,"href":"https:\/\/akunq.net\/tr\/index.php?rest_route=\/wp\/v2\/media\/64297"}],"wp:attachment":[{"href":"https:\/\/akunq.net\/tr\/index.php?rest_route=%2Fwp%2Fv2%2Fmedia&parent=64296"}],"wp:term":[{"taxonomy":"category","embeddable":true,"href":"https:\/\/akunq.net\/tr\/index.php?rest_route=%2Fwp%2Fv2%2Fcategories&post=64296"},{"taxonomy":"post_tag","embeddable":true,"href":"https:\/\/akunq.net\/tr\/index.php?rest_route=%2Fwp%2Fv2%2Ftags&post=64296"}],"curies":[{"name":"wp","href":"https:\/\/api.w.org\/{rel}","templated":true}]}}