{"id":64270,"date":"2021-08-17T04:25:02","date_gmt":"2021-08-17T09:25:02","guid":{"rendered":"https:\/\/akunq.net\/tr\/?p=64270"},"modified":"2021-08-17T04:25:02","modified_gmt":"2021-08-17T09:25:02","slug":"1980li-yillara-kadar-cezaevi-olarak-kullanildi-iste-cesmeli-kilisenin-tarihi","status":"publish","type":"post","link":"https:\/\/akunq.net\/tr\/?p=64270","title":{"rendered":"1980\u2019li y\u0131llara kadar cezaevi olarak kullan\u0131ld\u0131.. \u0130\u015fte \u00c7e\u015fmeli Kilise\u2019nin tarihi"},"content":{"rendered":"<p><img loading=\"lazy\" decoding=\"async\" class=\"aligncenter size-medium wp-image-64271\" src=\"https:\/\/akunq.net\/tr\/wp-content\/uploads\/2021\/08\/\u00c7e\u015fmeli-Kilise-Surp-Asvadzadzin-Ermeni-Kilisesi--360x199.jpeg\" alt=\"\" width=\"360\" height=\"199\" srcset=\"https:\/\/akunq.net\/tr\/wp-content\/uploads\/sites\/6\/2021\/08\/\u00c7e\u015fmeli-Kilise-Surp-Asvadzadzin-Ermeni-Kilisesi--360x199.jpeg 360w, https:\/\/akunq.net\/tr\/wp-content\/uploads\/sites\/6\/2021\/08\/\u00c7e\u015fmeli-Kilise-Surp-Asvadzadzin-Ermeni-Kilisesi--560x310.jpeg 560w, https:\/\/akunq.net\/tr\/wp-content\/uploads\/sites\/6\/2021\/08\/\u00c7e\u015fmeli-Kilise-Surp-Asvadzadzin-Ermeni-Kilisesi--260x144.jpeg 260w, https:\/\/akunq.net\/tr\/wp-content\/uploads\/sites\/6\/2021\/08\/\u00c7e\u015fmeli-Kilise-Surp-Asvadzadzin-Ermeni-Kilisesi--160x89.jpeg 160w, https:\/\/akunq.net\/tr\/wp-content\/uploads\/sites\/6\/2021\/08\/\u00c7e\u015fmeli-Kilise-Surp-Asvadzadzin-Ermeni-Kilisesi-.jpeg 650w\" sizes=\"auto, (max-width: 360px) 100vw, 360px\" \/><\/p>\n<p><em><strong>\u00c7e\u015fmeli Kilise ( Surp Asvadzadzin Ermeni Kilisesi ) Karaman \u0130l Merkezinde Tapucak Mahallesindedir. Kilise Karada\u011f\u2019da Binbir Kilisede bulunan k\u00fc\u00e7\u00fck bazilikalar\u0131n bir \u00f6rne\u011fidir. Uzunlamas\u0131na \u00fc\u00e7 sah\u0131nl\u0131 kesme ta\u015fla in\u015fa edilmi\u015f bir yap\u0131d\u0131r. Bizans Devrine aittir Cumhuriyet D\u00f6nemi\u2019nden sonra 1980\u2019li y\u0131llara kadar cezaevi olarak kullan\u0131lm\u0131\u015f ve d\u0131\u015f mimarisini bozmayacak \u015fekilde i\u00e7erisine baz\u0131 eklentiler yap\u0131lm\u0131\u015ft\u0131r. Daha sonra K\u00fclt\u00fcr ve Turizm Bakanl\u0131\u011f\u0131na tahsis edilen yap\u0131, 2007 y\u0131l\u0131nda restore edilmi\u015ftir.Restorasyon sonras\u0131 Sergi , toplant\u0131 salonu , m\u00fczik dinletileri gibi sanatsal etkinlikler i\u00e7in kullan\u0131lan kilise ziyarete a\u00e7\u0131kt\u0131r.<\/strong><\/em><br \/>\nKaraman\u2019\u0131n en eski mahallelerinden Tapucak mahallesi Birinci D\u00fcnya Sava\u015f\u0131 ve m\u00fcbadele \u00f6ncesinde T\u00fcrklerle beraber yo\u011funluklu olarak Ermeniler ve Rumlar\u2019\u0131n bir arada ya\u015fad\u0131\u011f\u0131 bir mahalledir.Mahallede ayn\u0131 alanda Bizans mimarisinden \u00c7e\u015fmeli Kilise ,Osmanl\u0131 mimarisi olan Yeni Hamam , Karamano\u011flu mimarisinden Arabo\u011flu Cami , tarihi T\u00fcrk , Ermeni ve Rum evlerini bir arada g\u00f6rme imkan\u0131 var.<br \/>\nKaraman \u0130l Merkezi Tapucak Mahallesinde yer alan \u00c7e\u015fmeli Kiliseye \u015fehiri\u00e7i m\u00fcnib\u00fcz ve belediye otob\u00fcsleri ile ula\u015f\u0131labilmektedir.<\/p>\n<figure class=\"wp-block-image\"><a href=\"https:\/\/i2.wp.com\/www.imaret.com.tr\/images\/habergaleri\/2021\/08\/1629127951_ekran_alintisi.jpg?ssl=1\"><img decoding=\"async\" src=\"https:\/\/i2.wp.com\/www.imaret.com.tr\/images\/habergaleri\/2021\/08\/1629127951_ekran_alintisi.jpg?ssl=1\" alt=\"2021\/08\/1629127951_ekran_alintisi.jpg\" data-recalc-dims=\"1\" \/><\/a><\/figure>\n<p><em><strong>Edit\u00f6r: <a href=\"https:\/\/www.imaret.com.tr\/editor\/hafize-cigdem-kocaker\">Hafize \u00c7i\u011fdem Ko\u00e7aker<\/a>\u00a0<\/strong><\/em><\/p>\n<p><em><strong><a href=\"https:\/\/www.imaret.com.tr\/1980-li-yillara-kadar-cezaevi-olarak-kullanildi-iste-cesmeli-kilise-nin-tarihi\/141263\/\">https:\/\/www.imaret.com.tr\/1980-li-yillara-kadar-cezaevi-olarak-kullanildi-iste-cesmeli-kilise-nin-tarihi\/141263\/<\/a><\/strong><\/em><\/p>\n","protected":false},"excerpt":{"rendered":"<p>\u00c7e\u015fmeli Kilise ( Surp Asvadzadzin Ermeni Kilisesi ) Karaman \u0130l Merkezinde Tapucak Mahallesindedir. Kilise Karada\u011f\u2019da Binbir Kilisede bulunan k\u00fc\u00e7\u00fck bazilikalar\u0131n bir \u00f6rne\u011fidir. Uzunlamas\u0131na \u00fc\u00e7 sah\u0131nl\u0131 kesme ta\u015fla in\u015fa edilmi\u015f bir yap\u0131d\u0131r. Bizans Devrine aittir Cumhuriyet D\u00f6nemi\u2019nden sonra 1980\u2019li y\u0131llara kadar cezaevi olarak kullan\u0131lm\u0131\u015f ve d\u0131\u015f mimarisini bozmayacak \u015fekilde i\u00e7erisine baz\u0131 eklentiler yap\u0131lm\u0131\u015ft\u0131r. Daha sonra K\u00fclt\u00fcr [&hellip;]<\/p>\n","protected":false},"author":7,"featured_media":64271,"comment_status":"open","ping_status":"open","sticky":false,"template":"","format":"standard","meta":{"footnotes":""},"categories":[1],"tags":[],"class_list":["post-64270","post","type-post","status-publish","format-standard","has-post-thumbnail","hentry","category-haberler"],"yoast_head":"<!-- This site is optimized with the Yoast SEO plugin v27.4 - https:\/\/yoast.com\/product\/yoast-seo-wordpress\/ -->\n<title>1980\u2019li y\u0131llara kadar cezaevi olarak kullan\u0131ld\u0131.. \u0130\u015fte \u00c7e\u015fmeli Kilise\u2019nin tarihi - Bati Ermenistan Ve Bati Ermenileri Sorunlari Ara\u015ftirmalar Merkezi<\/title>\n<meta name=\"robots\" content=\"index, follow, max-snippet:-1, max-image-preview:large, max-video-preview:-1\" \/>\n<link rel=\"canonical\" href=\"https:\/\/akunq.net\/tr\/?p=64270\" \/>\n<meta property=\"og:locale\" content=\"en_US\" \/>\n<meta property=\"og:type\" content=\"article\" \/>\n<meta property=\"og:title\" content=\"1980\u2019li y\u0131llara kadar cezaevi olarak kullan\u0131ld\u0131.. \u0130\u015fte \u00c7e\u015fmeli Kilise\u2019nin tarihi - Bati Ermenistan Ve Bati Ermenileri Sorunlari Ara\u015ftirmalar Merkezi\" \/>\n<meta property=\"og:description\" content=\"\u00c7e\u015fmeli Kilise ( Surp Asvadzadzin Ermeni Kilisesi ) Karaman \u0130l Merkezinde Tapucak Mahallesindedir. Kilise Karada\u011f\u2019da Binbir Kilisede bulunan k\u00fc\u00e7\u00fck bazilikalar\u0131n bir \u00f6rne\u011fidir. Uzunlamas\u0131na \u00fc\u00e7 sah\u0131nl\u0131 kesme ta\u015fla in\u015fa edilmi\u015f bir yap\u0131d\u0131r. Bizans Devrine aittir Cumhuriyet D\u00f6nemi\u2019nden sonra 1980\u2019li y\u0131llara kadar cezaevi olarak kullan\u0131lm\u0131\u015f ve d\u0131\u015f mimarisini bozmayacak \u015fekilde i\u00e7erisine baz\u0131 eklentiler yap\u0131lm\u0131\u015ft\u0131r. Daha sonra K\u00fclt\u00fcr [&hellip;]\" \/>\n<meta property=\"og:url\" content=\"https:\/\/akunq.net\/tr\/?p=64270\" \/>\n<meta property=\"og:site_name\" content=\"Bati Ermenistan Ve Bati Ermenileri Sorunlari Ara\u015ftirmalar Merkezi\" \/>\n<meta property=\"article:published_time\" content=\"2021-08-17T09:25:02+00:00\" \/>\n<meta property=\"og:image\" content=\"https:\/\/akunq.net\/tr\/wp-content\/uploads\/sites\/6\/2021\/08\/\u00c7e\u015fmeli-Kilise-Surp-Asvadzadzin-Ermeni-Kilisesi-.jpeg\" \/>\n\t<meta property=\"og:image:width\" content=\"650\" \/>\n\t<meta property=\"og:image:height\" content=\"360\" \/>\n\t<meta property=\"og:image:type\" content=\"image\/jpeg\" \/>\n<meta name=\"author\" content=\"admin\" \/>\n<meta name=\"twitter:card\" content=\"summary_large_image\" \/>\n<meta name=\"twitter:label1\" content=\"Written by\" \/>\n\t<meta name=\"twitter:data1\" content=\"admin\" \/>\n\t<meta name=\"twitter:label2\" content=\"Est. reading time\" \/>\n\t<meta name=\"twitter:data2\" content=\"1 minute\" \/>\n<script type=\"application\/ld+json\" class=\"yoast-schema-graph\">{\"@context\":\"https:\\\/\\\/schema.org\",\"@graph\":[{\"@type\":\"Article\",\"@id\":\"https:\\\/\\\/akunq.net\\\/tr\\\/?p=64270#article\",\"isPartOf\":{\"@id\":\"https:\\\/\\\/akunq.net\\\/tr\\\/?p=64270\"},\"author\":{\"name\":\"admin\",\"@id\":\"https:\\\/\\\/akunq.net\\\/tr\\\/#\\\/schema\\\/person\\\/096f1d38a12cce57fb855b485ed24c9e\"},\"headline\":\"1980\u2019li y\u0131llara kadar cezaevi olarak kullan\u0131ld\u0131.. \u0130\u015fte \u00c7e\u015fmeli Kilise\u2019nin tarihi\",\"datePublished\":\"2021-08-17T09:25:02+00:00\",\"mainEntityOfPage\":{\"@id\":\"https:\\\/\\\/akunq.net\\\/tr\\\/?p=64270\"},\"wordCount\":218,\"commentCount\":0,\"image\":{\"@id\":\"https:\\\/\\\/akunq.net\\\/tr\\\/?p=64270#primaryimage\"},\"thumbnailUrl\":\"https:\\\/\\\/akunq.net\\\/tr\\\/wp-content\\\/uploads\\\/sites\\\/6\\\/2021\\\/08\\\/\u00c7e\u015fmeli-Kilise-Surp-Asvadzadzin-Ermeni-Kilisesi-.jpeg\",\"articleSection\":[\"Haberler\"],\"inLanguage\":\"en-US\",\"potentialAction\":[{\"@type\":\"CommentAction\",\"name\":\"Comment\",\"target\":[\"https:\\\/\\\/akunq.net\\\/tr\\\/?p=64270#respond\"]}]},{\"@type\":\"WebPage\",\"@id\":\"https:\\\/\\\/akunq.net\\\/tr\\\/?p=64270\",\"url\":\"https:\\\/\\\/akunq.net\\\/tr\\\/?p=64270\",\"name\":\"1980\u2019li y\u0131llara kadar cezaevi olarak kullan\u0131ld\u0131.. \u0130\u015fte \u00c7e\u015fmeli Kilise\u2019nin tarihi - Bati Ermenistan Ve Bati Ermenileri Sorunlari Ara\u015ftirmalar Merkezi\",\"isPartOf\":{\"@id\":\"https:\\\/\\\/akunq.net\\\/tr\\\/#website\"},\"primaryImageOfPage\":{\"@id\":\"https:\\\/\\\/akunq.net\\\/tr\\\/?p=64270#primaryimage\"},\"image\":{\"@id\":\"https:\\\/\\\/akunq.net\\\/tr\\\/?p=64270#primaryimage\"},\"thumbnailUrl\":\"https:\\\/\\\/akunq.net\\\/tr\\\/wp-content\\\/uploads\\\/sites\\\/6\\\/2021\\\/08\\\/\u00c7e\u015fmeli-Kilise-Surp-Asvadzadzin-Ermeni-Kilisesi-.jpeg\",\"datePublished\":\"2021-08-17T09:25:02+00:00\",\"author\":{\"@id\":\"https:\\\/\\\/akunq.net\\\/tr\\\/#\\\/schema\\\/person\\\/096f1d38a12cce57fb855b485ed24c9e\"},\"breadcrumb\":{\"@id\":\"https:\\\/\\\/akunq.net\\\/tr\\\/?p=64270#breadcrumb\"},\"inLanguage\":\"en-US\",\"potentialAction\":[{\"@type\":\"ReadAction\",\"target\":[\"https:\\\/\\\/akunq.net\\\/tr\\\/?p=64270\"]}]},{\"@type\":\"ImageObject\",\"inLanguage\":\"en-US\",\"@id\":\"https:\\\/\\\/akunq.net\\\/tr\\\/?p=64270#primaryimage\",\"url\":\"https:\\\/\\\/akunq.net\\\/tr\\\/wp-content\\\/uploads\\\/sites\\\/6\\\/2021\\\/08\\\/\u00c7e\u015fmeli-Kilise-Surp-Asvadzadzin-Ermeni-Kilisesi-.jpeg\",\"contentUrl\":\"https:\\\/\\\/akunq.net\\\/tr\\\/wp-content\\\/uploads\\\/sites\\\/6\\\/2021\\\/08\\\/\u00c7e\u015fmeli-Kilise-Surp-Asvadzadzin-Ermeni-Kilisesi-.jpeg\",\"width\":650,\"height\":360},{\"@type\":\"BreadcrumbList\",\"@id\":\"https:\\\/\\\/akunq.net\\\/tr\\\/?p=64270#breadcrumb\",\"itemListElement\":[{\"@type\":\"ListItem\",\"position\":1,\"name\":\"Home\",\"item\":\"https:\\\/\\\/akunq.net\\\/tr\"},{\"@type\":\"ListItem\",\"position\":2,\"name\":\"1980\u2019li y\u0131llara kadar cezaevi olarak kullan\u0131ld\u0131.. \u0130\u015fte \u00c7e\u015fmeli Kilise\u2019nin tarihi\"}]},{\"@type\":\"WebSite\",\"@id\":\"https:\\\/\\\/akunq.net\\\/tr\\\/#website\",\"url\":\"https:\\\/\\\/akunq.net\\\/tr\\\/\",\"name\":\"Bati Ermenistan Ve Bati Ermenileri Sorunlari Ara\u015ftirmalar Merkezi\",\"description\":\"\",\"potentialAction\":[{\"@type\":\"SearchAction\",\"target\":{\"@type\":\"EntryPoint\",\"urlTemplate\":\"https:\\\/\\\/akunq.net\\\/tr\\\/?s={search_term_string}\"},\"query-input\":{\"@type\":\"PropertyValueSpecification\",\"valueRequired\":true,\"valueName\":\"search_term_string\"}}],\"inLanguage\":\"en-US\"},{\"@type\":\"Person\",\"@id\":\"https:\\\/\\\/akunq.net\\\/tr\\\/#\\\/schema\\\/person\\\/096f1d38a12cce57fb855b485ed24c9e\",\"name\":\"admin\",\"url\":\"https:\\\/\\\/akunq.net\\\/tr\\\/?author=7\"}]}<\/script>\n<!-- \/ Yoast SEO plugin. -->","yoast_head_json":{"title":"1980\u2019li y\u0131llara kadar cezaevi olarak kullan\u0131ld\u0131.. \u0130\u015fte \u00c7e\u015fmeli Kilise\u2019nin tarihi - Bati Ermenistan Ve Bati Ermenileri Sorunlari Ara\u015ftirmalar Merkezi","robots":{"index":"index","follow":"follow","max-snippet":"max-snippet:-1","max-image-preview":"max-image-preview:large","max-video-preview":"max-video-preview:-1"},"canonical":"https:\/\/akunq.net\/tr\/?p=64270","og_locale":"en_US","og_type":"article","og_title":"1980\u2019li y\u0131llara kadar cezaevi olarak kullan\u0131ld\u0131.. \u0130\u015fte \u00c7e\u015fmeli Kilise\u2019nin tarihi - Bati Ermenistan Ve Bati Ermenileri Sorunlari Ara\u015ftirmalar Merkezi","og_description":"\u00c7e\u015fmeli Kilise ( Surp Asvadzadzin Ermeni Kilisesi ) Karaman \u0130l Merkezinde Tapucak Mahallesindedir. Kilise Karada\u011f\u2019da Binbir Kilisede bulunan k\u00fc\u00e7\u00fck bazilikalar\u0131n bir \u00f6rne\u011fidir. Uzunlamas\u0131na \u00fc\u00e7 sah\u0131nl\u0131 kesme ta\u015fla in\u015fa edilmi\u015f bir yap\u0131d\u0131r. Bizans Devrine aittir Cumhuriyet D\u00f6nemi\u2019nden sonra 1980\u2019li y\u0131llara kadar cezaevi olarak kullan\u0131lm\u0131\u015f ve d\u0131\u015f mimarisini bozmayacak \u015fekilde i\u00e7erisine baz\u0131 eklentiler yap\u0131lm\u0131\u015ft\u0131r. Daha sonra K\u00fclt\u00fcr [&hellip;]","og_url":"https:\/\/akunq.net\/tr\/?p=64270","og_site_name":"Bati Ermenistan Ve Bati Ermenileri Sorunlari Ara\u015ftirmalar Merkezi","article_published_time":"2021-08-17T09:25:02+00:00","og_image":[{"width":650,"height":360,"url":"https:\/\/akunq.net\/tr\/wp-content\/uploads\/sites\/6\/2021\/08\/\u00c7e\u015fmeli-Kilise-Surp-Asvadzadzin-Ermeni-Kilisesi-.jpeg","type":"image\/jpeg"}],"author":"admin","twitter_card":"summary_large_image","twitter_misc":{"Written by":"admin","Est. reading time":"1 minute"},"schema":{"@context":"https:\/\/schema.org","@graph":[{"@type":"Article","@id":"https:\/\/akunq.net\/tr\/?p=64270#article","isPartOf":{"@id":"https:\/\/akunq.net\/tr\/?p=64270"},"author":{"name":"admin","@id":"https:\/\/akunq.net\/tr\/#\/schema\/person\/096f1d38a12cce57fb855b485ed24c9e"},"headline":"1980\u2019li y\u0131llara kadar cezaevi olarak kullan\u0131ld\u0131.. \u0130\u015fte \u00c7e\u015fmeli Kilise\u2019nin tarihi","datePublished":"2021-08-17T09:25:02+00:00","mainEntityOfPage":{"@id":"https:\/\/akunq.net\/tr\/?p=64270"},"wordCount":218,"commentCount":0,"image":{"@id":"https:\/\/akunq.net\/tr\/?p=64270#primaryimage"},"thumbnailUrl":"https:\/\/akunq.net\/tr\/wp-content\/uploads\/sites\/6\/2021\/08\/\u00c7e\u015fmeli-Kilise-Surp-Asvadzadzin-Ermeni-Kilisesi-.jpeg","articleSection":["Haberler"],"inLanguage":"en-US","potentialAction":[{"@type":"CommentAction","name":"Comment","target":["https:\/\/akunq.net\/tr\/?p=64270#respond"]}]},{"@type":"WebPage","@id":"https:\/\/akunq.net\/tr\/?p=64270","url":"https:\/\/akunq.net\/tr\/?p=64270","name":"1980\u2019li y\u0131llara kadar cezaevi olarak kullan\u0131ld\u0131.. \u0130\u015fte \u00c7e\u015fmeli Kilise\u2019nin tarihi - Bati Ermenistan Ve Bati Ermenileri Sorunlari Ara\u015ftirmalar Merkezi","isPartOf":{"@id":"https:\/\/akunq.net\/tr\/#website"},"primaryImageOfPage":{"@id":"https:\/\/akunq.net\/tr\/?p=64270#primaryimage"},"image":{"@id":"https:\/\/akunq.net\/tr\/?p=64270#primaryimage"},"thumbnailUrl":"https:\/\/akunq.net\/tr\/wp-content\/uploads\/sites\/6\/2021\/08\/\u00c7e\u015fmeli-Kilise-Surp-Asvadzadzin-Ermeni-Kilisesi-.jpeg","datePublished":"2021-08-17T09:25:02+00:00","author":{"@id":"https:\/\/akunq.net\/tr\/#\/schema\/person\/096f1d38a12cce57fb855b485ed24c9e"},"breadcrumb":{"@id":"https:\/\/akunq.net\/tr\/?p=64270#breadcrumb"},"inLanguage":"en-US","potentialAction":[{"@type":"ReadAction","target":["https:\/\/akunq.net\/tr\/?p=64270"]}]},{"@type":"ImageObject","inLanguage":"en-US","@id":"https:\/\/akunq.net\/tr\/?p=64270#primaryimage","url":"https:\/\/akunq.net\/tr\/wp-content\/uploads\/sites\/6\/2021\/08\/\u00c7e\u015fmeli-Kilise-Surp-Asvadzadzin-Ermeni-Kilisesi-.jpeg","contentUrl":"https:\/\/akunq.net\/tr\/wp-content\/uploads\/sites\/6\/2021\/08\/\u00c7e\u015fmeli-Kilise-Surp-Asvadzadzin-Ermeni-Kilisesi-.jpeg","width":650,"height":360},{"@type":"BreadcrumbList","@id":"https:\/\/akunq.net\/tr\/?p=64270#breadcrumb","itemListElement":[{"@type":"ListItem","position":1,"name":"Home","item":"https:\/\/akunq.net\/tr"},{"@type":"ListItem","position":2,"name":"1980\u2019li y\u0131llara kadar cezaevi olarak kullan\u0131ld\u0131.. \u0130\u015fte \u00c7e\u015fmeli Kilise\u2019nin tarihi"}]},{"@type":"WebSite","@id":"https:\/\/akunq.net\/tr\/#website","url":"https:\/\/akunq.net\/tr\/","name":"Bati Ermenistan Ve Bati Ermenileri Sorunlari Ara\u015ftirmalar Merkezi","description":"","potentialAction":[{"@type":"SearchAction","target":{"@type":"EntryPoint","urlTemplate":"https:\/\/akunq.net\/tr\/?s={search_term_string}"},"query-input":{"@type":"PropertyValueSpecification","valueRequired":true,"valueName":"search_term_string"}}],"inLanguage":"en-US"},{"@type":"Person","@id":"https:\/\/akunq.net\/tr\/#\/schema\/person\/096f1d38a12cce57fb855b485ed24c9e","name":"admin","url":"https:\/\/akunq.net\/tr\/?author=7"}]}},"_links":{"self":[{"href":"https:\/\/akunq.net\/tr\/index.php?rest_route=\/wp\/v2\/posts\/64270","targetHints":{"allow":["GET"]}}],"collection":[{"href":"https:\/\/akunq.net\/tr\/index.php?rest_route=\/wp\/v2\/posts"}],"about":[{"href":"https:\/\/akunq.net\/tr\/index.php?rest_route=\/wp\/v2\/types\/post"}],"author":[{"embeddable":true,"href":"https:\/\/akunq.net\/tr\/index.php?rest_route=\/wp\/v2\/users\/7"}],"replies":[{"embeddable":true,"href":"https:\/\/akunq.net\/tr\/index.php?rest_route=%2Fwp%2Fv2%2Fcomments&post=64270"}],"version-history":[{"count":1,"href":"https:\/\/akunq.net\/tr\/index.php?rest_route=\/wp\/v2\/posts\/64270\/revisions"}],"predecessor-version":[{"id":64272,"href":"https:\/\/akunq.net\/tr\/index.php?rest_route=\/wp\/v2\/posts\/64270\/revisions\/64272"}],"wp:featuredmedia":[{"embeddable":true,"href":"https:\/\/akunq.net\/tr\/index.php?rest_route=\/wp\/v2\/media\/64271"}],"wp:attachment":[{"href":"https:\/\/akunq.net\/tr\/index.php?rest_route=%2Fwp%2Fv2%2Fmedia&parent=64270"}],"wp:term":[{"taxonomy":"category","embeddable":true,"href":"https:\/\/akunq.net\/tr\/index.php?rest_route=%2Fwp%2Fv2%2Fcategories&post=64270"},{"taxonomy":"post_tag","embeddable":true,"href":"https:\/\/akunq.net\/tr\/index.php?rest_route=%2Fwp%2Fv2%2Ftags&post=64270"}],"curies":[{"name":"wp","href":"https:\/\/api.w.org\/{rel}","templated":true}]}}