{"id":64264,"date":"2021-08-17T03:02:49","date_gmt":"2021-08-17T08:02:49","guid":{"rendered":"https:\/\/akunq.net\/tr\/?p=64264"},"modified":"2021-08-17T03:02:49","modified_gmt":"2021-08-17T08:02:49","slug":"ara-gulerin-siyah-beyaz-fotograflari-galata-kulesinde","status":"publish","type":"post","link":"https:\/\/akunq.net\/tr\/?p=64264","title":{"rendered":"Ara G\u00fcler&#8217;in siyah beyaz foto\u011fraflar\u0131 Galata Kulesi&#8217;nde"},"content":{"rendered":"<header><em><strong>Ara G\u00fcler&#8217;in \u0130stanbul foto\u011fraflar\u0131ndan olu\u015fan sergi bug\u00fcn Galata Kulesi&#8217;nde a\u00e7\u0131ld\u0131.<\/strong><\/em><\/p>\n<\/header>\n<div class=\"content-side\">\n<div class=\"v-image\">\n<figure>\n<div><\/div>\n<picture data-iesrc=\"https:\/\/i.gazeteduvar.com.tr\/2\/850\/479\/storage\/files\/images\/2021\/08\/16\/88-7fY5_cover.jpg\" data-alt=\"Ara G\u00fcler'in siyah beyaz foto\u011fraflar\u0131 Galata Kulesi'nde\" data-loaded=\"true\"><source srcset=\"https:\/\/i.gazeteduvar.com.tr\/2\/850\/479\/storage\/files\/images\/2021\/08\/16\/88-7fY5_cover.jpg.webp\" type=\"image\/webp\" \/><source srcset=\"https:\/\/i.gazeteduvar.com.tr\/2\/850\/479\/storage\/files\/images\/2021\/08\/16\/88-7fY5_cover.jpg\" \/><img alt=\"Ara G\u00fcler'in siyah beyaz foto\u011fraflar\u0131 Galata Kulesi'nde\" \/><\/picture><\/figure>\n<\/div>\n<div class=\"content-text ads-6nm47\">\n<p><strong><br \/>\nDUVAR<\/strong>\u00a0&#8211; Ara G\u00fcler&#8217;in siyah beyaz \u0130stanbul foto\u011fraflar\u0131ndan olu\u015fan bir se\u00e7ki, Galata Kulesi&#8217;nde sanatseverlerin be\u011fenisine sunuldu. K\u00fclt\u00fcr ve Turizm Bakanl\u0131\u011f\u0131 ile Ara G\u00fcler Ar\u015fiv ve Ara\u015ft\u0131rma Merkezi&#8217;nin i\u015f birli\u011finde d\u00fczenlenecek sergide, Ara G\u00fcler&#8217;in a\u00e7\u0131klamalar\u0131yla birlikte, 75 siyah beyaz foto\u011fraf sergileniyor.<\/p>\n<p>G\u00fcler&#8217;in 93. ya\u015f g\u00fcn\u00fc olan 16 A\u011fustos&#8217;ta ziyarete a\u00e7\u0131lan Ara G\u00fcler Foto\u011fraf Sergisi, ekim ay\u0131 sonuna kadar Galata Kulesi&#8217;nin 3. kat\u0131nda yer alan galeride ziyaret edilebilecek.<\/p>\n<p><strong>GALATA KULES\u0130 HAKKINDA<\/strong><\/p>\n<p>2020 y\u0131l\u0131nda restore edilen Galata Kulesi, sonradan eklenen betonarme eklentiler ve kafeterya kald\u0131r\u0131larak, m\u00fcze i\u015fleviyle yeniden ziyarete a\u00e7\u0131ld\u0131.<\/p>\n<p>Roma, Do\u011fu Roma ve Osmanl\u0131 gibi \u00fc\u00e7 evrensel uygarl\u0131\u011fa ba\u015fkentlik yapan Galata Kulesi&#8217;nde g\u00fcn\u00fcm\u00fczden 8 bin 500 y\u0131l geriye uzanan bir tarihe sahip olan ve \u0130stanbul&#8217;un bu d\u00f6nemlerini simgeleyen eser \u00f6rneklerine de yer veriliyor.<\/p>\n<p>Hali\u00e7 giri\u015fini kapatan zincirin bir par\u00e7as\u0131n\u0131n da g\u00f6r\u00fclebildi\u011fi kule, 2013 y\u0131l\u0131nda Akdeniz ve Karadeniz&#8217;deki Ceneviz Kuleleri ile birlikte UNESCO&#8217;nun D\u00fcnya Miras\u0131 Ge\u00e7ici Listesi&#8217;ne al\u0131nd\u0131.<\/p>\n<p>Galata Kulesi, restorasyon sonras\u0131 bug\u00fcne kadar 9 sergiye ev sahipli\u011fi yapt\u0131.<\/p>\n<p><em><strong>https:\/\/www.gazeteduvar.com.tr\/ara-gulerin-siyah-beyaz-fotograflari-galata-kulesinde-haber-1531862\u00a0<\/strong><\/em><\/p>\n<div id=\"7q7Hvw7B\" class=\"inread\" data-google-query-id=\"CI6Uu8_Lt_ICFbxKHgIdFiIM5Q\">\n<div id=\"google_ads_iframe_\/90851098,57135183\/gazeteduvar.com.tr_inread_1__container__\"><\/div>\n<\/div>\n<\/div>\n<\/div>\n","protected":false},"excerpt":{"rendered":"<p>Ara G\u00fcler&#8217;in \u0130stanbul foto\u011fraflar\u0131ndan olu\u015fan sergi bug\u00fcn Galata Kulesi&#8217;nde a\u00e7\u0131ld\u0131. DUVAR\u00a0&#8211; Ara G\u00fcler&#8217;in siyah beyaz \u0130stanbul foto\u011fraflar\u0131ndan olu\u015fan bir se\u00e7ki, Galata Kulesi&#8217;nde sanatseverlerin be\u011fenisine sunuldu. K\u00fclt\u00fcr ve Turizm Bakanl\u0131\u011f\u0131 ile Ara G\u00fcler Ar\u015fiv ve Ara\u015ft\u0131rma Merkezi&#8217;nin i\u015f birli\u011finde d\u00fczenlenecek sergide, Ara G\u00fcler&#8217;in a\u00e7\u0131klamalar\u0131yla birlikte, 75 siyah beyaz foto\u011fraf sergileniyor. G\u00fcler&#8217;in 93. ya\u015f g\u00fcn\u00fc olan 16 [&hellip;]<\/p>\n","protected":false},"author":7,"featured_media":64265,"comment_status":"open","ping_status":"open","sticky":false,"template":"","format":"standard","meta":{"footnotes":""},"categories":[1],"tags":[],"class_list":["post-64264","post","type-post","status-publish","format-standard","has-post-thumbnail","hentry","category-haberler"],"yoast_head":"<!-- This site is optimized with the Yoast SEO plugin v27.4 - https:\/\/yoast.com\/product\/yoast-seo-wordpress\/ -->\n<title>Ara G\u00fcler&#039;in siyah beyaz foto\u011fraflar\u0131 Galata Kulesi&#039;nde - Bati Ermenistan Ve Bati Ermenileri Sorunlari Ara\u015ftirmalar Merkezi<\/title>\n<meta name=\"robots\" content=\"index, follow, max-snippet:-1, max-image-preview:large, max-video-preview:-1\" \/>\n<link rel=\"canonical\" href=\"https:\/\/akunq.net\/tr\/?p=64264\" \/>\n<meta property=\"og:locale\" content=\"en_US\" \/>\n<meta property=\"og:type\" content=\"article\" \/>\n<meta property=\"og:title\" content=\"Ara G\u00fcler&#039;in siyah beyaz foto\u011fraflar\u0131 Galata Kulesi&#039;nde - Bati Ermenistan Ve Bati Ermenileri Sorunlari Ara\u015ftirmalar Merkezi\" \/>\n<meta property=\"og:description\" content=\"Ara G\u00fcler&#8217;in \u0130stanbul foto\u011fraflar\u0131ndan olu\u015fan sergi bug\u00fcn Galata Kulesi&#8217;nde a\u00e7\u0131ld\u0131. DUVAR\u00a0&#8211; Ara G\u00fcler&#8217;in siyah beyaz \u0130stanbul foto\u011fraflar\u0131ndan olu\u015fan bir se\u00e7ki, Galata Kulesi&#8217;nde sanatseverlerin be\u011fenisine sunuldu. K\u00fclt\u00fcr ve Turizm Bakanl\u0131\u011f\u0131 ile Ara G\u00fcler Ar\u015fiv ve Ara\u015ft\u0131rma Merkezi&#8217;nin i\u015f birli\u011finde d\u00fczenlenecek sergide, Ara G\u00fcler&#8217;in a\u00e7\u0131klamalar\u0131yla birlikte, 75 siyah beyaz foto\u011fraf sergileniyor. G\u00fcler&#8217;in 93. ya\u015f g\u00fcn\u00fc olan 16 [&hellip;]\" \/>\n<meta property=\"og:url\" content=\"https:\/\/akunq.net\/tr\/?p=64264\" \/>\n<meta property=\"og:site_name\" content=\"Bati Ermenistan Ve Bati Ermenileri Sorunlari Ara\u015ftirmalar Merkezi\" \/>\n<meta property=\"article:published_time\" content=\"2021-08-17T08:02:49+00:00\" \/>\n<meta property=\"og:image\" content=\"https:\/\/akunq.net\/tr\/wp-content\/uploads\/sites\/6\/2021\/08\/\u0531\u0580\u0561-\u0533\u0575\u0578\u0582\u056c\u0565\u0580.jpg\" \/>\n\t<meta property=\"og:image:width\" content=\"670\" \/>\n\t<meta property=\"og:image:height\" content=\"450\" \/>\n\t<meta property=\"og:image:type\" content=\"image\/jpeg\" \/>\n<meta name=\"author\" content=\"admin\" \/>\n<meta name=\"twitter:card\" content=\"summary_large_image\" \/>\n<meta name=\"twitter:label1\" content=\"Written by\" \/>\n\t<meta name=\"twitter:data1\" content=\"admin\" \/>\n\t<meta name=\"twitter:label2\" content=\"Est. reading time\" \/>\n\t<meta name=\"twitter:data2\" content=\"1 minute\" \/>\n<script type=\"application\/ld+json\" class=\"yoast-schema-graph\">{\"@context\":\"https:\\\/\\\/schema.org\",\"@graph\":[{\"@type\":\"Article\",\"@id\":\"https:\\\/\\\/akunq.net\\\/tr\\\/?p=64264#article\",\"isPartOf\":{\"@id\":\"https:\\\/\\\/akunq.net\\\/tr\\\/?p=64264\"},\"author\":{\"name\":\"admin\",\"@id\":\"https:\\\/\\\/akunq.net\\\/tr\\\/#\\\/schema\\\/person\\\/096f1d38a12cce57fb855b485ed24c9e\"},\"headline\":\"Ara G\u00fcler&#8217;in siyah beyaz foto\u011fraflar\u0131 Galata Kulesi&#8217;nde\",\"datePublished\":\"2021-08-17T08:02:49+00:00\",\"mainEntityOfPage\":{\"@id\":\"https:\\\/\\\/akunq.net\\\/tr\\\/?p=64264\"},\"wordCount\":231,\"commentCount\":0,\"image\":{\"@id\":\"https:\\\/\\\/akunq.net\\\/tr\\\/?p=64264#primaryimage\"},\"thumbnailUrl\":\"https:\\\/\\\/akunq.net\\\/tr\\\/wp-content\\\/uploads\\\/sites\\\/6\\\/2021\\\/08\\\/\u0531\u0580\u0561-\u0533\u0575\u0578\u0582\u056c\u0565\u0580.jpg\",\"articleSection\":[\"Haberler\"],\"inLanguage\":\"en-US\",\"potentialAction\":[{\"@type\":\"CommentAction\",\"name\":\"Comment\",\"target\":[\"https:\\\/\\\/akunq.net\\\/tr\\\/?p=64264#respond\"]}]},{\"@type\":\"WebPage\",\"@id\":\"https:\\\/\\\/akunq.net\\\/tr\\\/?p=64264\",\"url\":\"https:\\\/\\\/akunq.net\\\/tr\\\/?p=64264\",\"name\":\"Ara G\u00fcler'in siyah beyaz foto\u011fraflar\u0131 Galata Kulesi'nde - Bati Ermenistan Ve Bati Ermenileri Sorunlari Ara\u015ftirmalar Merkezi\",\"isPartOf\":{\"@id\":\"https:\\\/\\\/akunq.net\\\/tr\\\/#website\"},\"primaryImageOfPage\":{\"@id\":\"https:\\\/\\\/akunq.net\\\/tr\\\/?p=64264#primaryimage\"},\"image\":{\"@id\":\"https:\\\/\\\/akunq.net\\\/tr\\\/?p=64264#primaryimage\"},\"thumbnailUrl\":\"https:\\\/\\\/akunq.net\\\/tr\\\/wp-content\\\/uploads\\\/sites\\\/6\\\/2021\\\/08\\\/\u0531\u0580\u0561-\u0533\u0575\u0578\u0582\u056c\u0565\u0580.jpg\",\"datePublished\":\"2021-08-17T08:02:49+00:00\",\"author\":{\"@id\":\"https:\\\/\\\/akunq.net\\\/tr\\\/#\\\/schema\\\/person\\\/096f1d38a12cce57fb855b485ed24c9e\"},\"breadcrumb\":{\"@id\":\"https:\\\/\\\/akunq.net\\\/tr\\\/?p=64264#breadcrumb\"},\"inLanguage\":\"en-US\",\"potentialAction\":[{\"@type\":\"ReadAction\",\"target\":[\"https:\\\/\\\/akunq.net\\\/tr\\\/?p=64264\"]}]},{\"@type\":\"ImageObject\",\"inLanguage\":\"en-US\",\"@id\":\"https:\\\/\\\/akunq.net\\\/tr\\\/?p=64264#primaryimage\",\"url\":\"https:\\\/\\\/akunq.net\\\/tr\\\/wp-content\\\/uploads\\\/sites\\\/6\\\/2021\\\/08\\\/\u0531\u0580\u0561-\u0533\u0575\u0578\u0582\u056c\u0565\u0580.jpg\",\"contentUrl\":\"https:\\\/\\\/akunq.net\\\/tr\\\/wp-content\\\/uploads\\\/sites\\\/6\\\/2021\\\/08\\\/\u0531\u0580\u0561-\u0533\u0575\u0578\u0582\u056c\u0565\u0580.jpg\",\"width\":670,\"height\":450},{\"@type\":\"BreadcrumbList\",\"@id\":\"https:\\\/\\\/akunq.net\\\/tr\\\/?p=64264#breadcrumb\",\"itemListElement\":[{\"@type\":\"ListItem\",\"position\":1,\"name\":\"Home\",\"item\":\"https:\\\/\\\/akunq.net\\\/tr\"},{\"@type\":\"ListItem\",\"position\":2,\"name\":\"Ara G\u00fcler&#8217;in siyah beyaz foto\u011fraflar\u0131 Galata Kulesi&#8217;nde\"}]},{\"@type\":\"WebSite\",\"@id\":\"https:\\\/\\\/akunq.net\\\/tr\\\/#website\",\"url\":\"https:\\\/\\\/akunq.net\\\/tr\\\/\",\"name\":\"Bati Ermenistan Ve Bati Ermenileri Sorunlari Ara\u015ftirmalar Merkezi\",\"description\":\"\",\"potentialAction\":[{\"@type\":\"SearchAction\",\"target\":{\"@type\":\"EntryPoint\",\"urlTemplate\":\"https:\\\/\\\/akunq.net\\\/tr\\\/?s={search_term_string}\"},\"query-input\":{\"@type\":\"PropertyValueSpecification\",\"valueRequired\":true,\"valueName\":\"search_term_string\"}}],\"inLanguage\":\"en-US\"},{\"@type\":\"Person\",\"@id\":\"https:\\\/\\\/akunq.net\\\/tr\\\/#\\\/schema\\\/person\\\/096f1d38a12cce57fb855b485ed24c9e\",\"name\":\"admin\",\"url\":\"https:\\\/\\\/akunq.net\\\/tr\\\/?author=7\"}]}<\/script>\n<!-- \/ Yoast SEO plugin. -->","yoast_head_json":{"title":"Ara G\u00fcler'in siyah beyaz foto\u011fraflar\u0131 Galata Kulesi'nde - Bati Ermenistan Ve Bati Ermenileri Sorunlari Ara\u015ftirmalar Merkezi","robots":{"index":"index","follow":"follow","max-snippet":"max-snippet:-1","max-image-preview":"max-image-preview:large","max-video-preview":"max-video-preview:-1"},"canonical":"https:\/\/akunq.net\/tr\/?p=64264","og_locale":"en_US","og_type":"article","og_title":"Ara G\u00fcler'in siyah beyaz foto\u011fraflar\u0131 Galata Kulesi'nde - Bati Ermenistan Ve Bati Ermenileri Sorunlari Ara\u015ftirmalar Merkezi","og_description":"Ara G\u00fcler&#8217;in \u0130stanbul foto\u011fraflar\u0131ndan olu\u015fan sergi bug\u00fcn Galata Kulesi&#8217;nde a\u00e7\u0131ld\u0131. DUVAR\u00a0&#8211; Ara G\u00fcler&#8217;in siyah beyaz \u0130stanbul foto\u011fraflar\u0131ndan olu\u015fan bir se\u00e7ki, Galata Kulesi&#8217;nde sanatseverlerin be\u011fenisine sunuldu. K\u00fclt\u00fcr ve Turizm Bakanl\u0131\u011f\u0131 ile Ara G\u00fcler Ar\u015fiv ve Ara\u015ft\u0131rma Merkezi&#8217;nin i\u015f birli\u011finde d\u00fczenlenecek sergide, Ara G\u00fcler&#8217;in a\u00e7\u0131klamalar\u0131yla birlikte, 75 siyah beyaz foto\u011fraf sergileniyor. G\u00fcler&#8217;in 93. ya\u015f g\u00fcn\u00fc olan 16 [&hellip;]","og_url":"https:\/\/akunq.net\/tr\/?p=64264","og_site_name":"Bati Ermenistan Ve Bati Ermenileri Sorunlari Ara\u015ftirmalar Merkezi","article_published_time":"2021-08-17T08:02:49+00:00","og_image":[{"width":670,"height":450,"url":"https:\/\/akunq.net\/tr\/wp-content\/uploads\/sites\/6\/2021\/08\/\u0531\u0580\u0561-\u0533\u0575\u0578\u0582\u056c\u0565\u0580.jpg","type":"image\/jpeg"}],"author":"admin","twitter_card":"summary_large_image","twitter_misc":{"Written by":"admin","Est. reading time":"1 minute"},"schema":{"@context":"https:\/\/schema.org","@graph":[{"@type":"Article","@id":"https:\/\/akunq.net\/tr\/?p=64264#article","isPartOf":{"@id":"https:\/\/akunq.net\/tr\/?p=64264"},"author":{"name":"admin","@id":"https:\/\/akunq.net\/tr\/#\/schema\/person\/096f1d38a12cce57fb855b485ed24c9e"},"headline":"Ara G\u00fcler&#8217;in siyah beyaz foto\u011fraflar\u0131 Galata Kulesi&#8217;nde","datePublished":"2021-08-17T08:02:49+00:00","mainEntityOfPage":{"@id":"https:\/\/akunq.net\/tr\/?p=64264"},"wordCount":231,"commentCount":0,"image":{"@id":"https:\/\/akunq.net\/tr\/?p=64264#primaryimage"},"thumbnailUrl":"https:\/\/akunq.net\/tr\/wp-content\/uploads\/sites\/6\/2021\/08\/\u0531\u0580\u0561-\u0533\u0575\u0578\u0582\u056c\u0565\u0580.jpg","articleSection":["Haberler"],"inLanguage":"en-US","potentialAction":[{"@type":"CommentAction","name":"Comment","target":["https:\/\/akunq.net\/tr\/?p=64264#respond"]}]},{"@type":"WebPage","@id":"https:\/\/akunq.net\/tr\/?p=64264","url":"https:\/\/akunq.net\/tr\/?p=64264","name":"Ara G\u00fcler'in siyah beyaz foto\u011fraflar\u0131 Galata Kulesi'nde - Bati Ermenistan Ve Bati Ermenileri Sorunlari Ara\u015ftirmalar Merkezi","isPartOf":{"@id":"https:\/\/akunq.net\/tr\/#website"},"primaryImageOfPage":{"@id":"https:\/\/akunq.net\/tr\/?p=64264#primaryimage"},"image":{"@id":"https:\/\/akunq.net\/tr\/?p=64264#primaryimage"},"thumbnailUrl":"https:\/\/akunq.net\/tr\/wp-content\/uploads\/sites\/6\/2021\/08\/\u0531\u0580\u0561-\u0533\u0575\u0578\u0582\u056c\u0565\u0580.jpg","datePublished":"2021-08-17T08:02:49+00:00","author":{"@id":"https:\/\/akunq.net\/tr\/#\/schema\/person\/096f1d38a12cce57fb855b485ed24c9e"},"breadcrumb":{"@id":"https:\/\/akunq.net\/tr\/?p=64264#breadcrumb"},"inLanguage":"en-US","potentialAction":[{"@type":"ReadAction","target":["https:\/\/akunq.net\/tr\/?p=64264"]}]},{"@type":"ImageObject","inLanguage":"en-US","@id":"https:\/\/akunq.net\/tr\/?p=64264#primaryimage","url":"https:\/\/akunq.net\/tr\/wp-content\/uploads\/sites\/6\/2021\/08\/\u0531\u0580\u0561-\u0533\u0575\u0578\u0582\u056c\u0565\u0580.jpg","contentUrl":"https:\/\/akunq.net\/tr\/wp-content\/uploads\/sites\/6\/2021\/08\/\u0531\u0580\u0561-\u0533\u0575\u0578\u0582\u056c\u0565\u0580.jpg","width":670,"height":450},{"@type":"BreadcrumbList","@id":"https:\/\/akunq.net\/tr\/?p=64264#breadcrumb","itemListElement":[{"@type":"ListItem","position":1,"name":"Home","item":"https:\/\/akunq.net\/tr"},{"@type":"ListItem","position":2,"name":"Ara G\u00fcler&#8217;in siyah beyaz foto\u011fraflar\u0131 Galata Kulesi&#8217;nde"}]},{"@type":"WebSite","@id":"https:\/\/akunq.net\/tr\/#website","url":"https:\/\/akunq.net\/tr\/","name":"Bati Ermenistan Ve Bati Ermenileri Sorunlari Ara\u015ftirmalar Merkezi","description":"","potentialAction":[{"@type":"SearchAction","target":{"@type":"EntryPoint","urlTemplate":"https:\/\/akunq.net\/tr\/?s={search_term_string}"},"query-input":{"@type":"PropertyValueSpecification","valueRequired":true,"valueName":"search_term_string"}}],"inLanguage":"en-US"},{"@type":"Person","@id":"https:\/\/akunq.net\/tr\/#\/schema\/person\/096f1d38a12cce57fb855b485ed24c9e","name":"admin","url":"https:\/\/akunq.net\/tr\/?author=7"}]}},"_links":{"self":[{"href":"https:\/\/akunq.net\/tr\/index.php?rest_route=\/wp\/v2\/posts\/64264","targetHints":{"allow":["GET"]}}],"collection":[{"href":"https:\/\/akunq.net\/tr\/index.php?rest_route=\/wp\/v2\/posts"}],"about":[{"href":"https:\/\/akunq.net\/tr\/index.php?rest_route=\/wp\/v2\/types\/post"}],"author":[{"embeddable":true,"href":"https:\/\/akunq.net\/tr\/index.php?rest_route=\/wp\/v2\/users\/7"}],"replies":[{"embeddable":true,"href":"https:\/\/akunq.net\/tr\/index.php?rest_route=%2Fwp%2Fv2%2Fcomments&post=64264"}],"version-history":[{"count":1,"href":"https:\/\/akunq.net\/tr\/index.php?rest_route=\/wp\/v2\/posts\/64264\/revisions"}],"predecessor-version":[{"id":64266,"href":"https:\/\/akunq.net\/tr\/index.php?rest_route=\/wp\/v2\/posts\/64264\/revisions\/64266"}],"wp:featuredmedia":[{"embeddable":true,"href":"https:\/\/akunq.net\/tr\/index.php?rest_route=\/wp\/v2\/media\/64265"}],"wp:attachment":[{"href":"https:\/\/akunq.net\/tr\/index.php?rest_route=%2Fwp%2Fv2%2Fmedia&parent=64264"}],"wp:term":[{"taxonomy":"category","embeddable":true,"href":"https:\/\/akunq.net\/tr\/index.php?rest_route=%2Fwp%2Fv2%2Fcategories&post=64264"},{"taxonomy":"post_tag","embeddable":true,"href":"https:\/\/akunq.net\/tr\/index.php?rest_route=%2Fwp%2Fv2%2Ftags&post=64264"}],"curies":[{"name":"wp","href":"https:\/\/api.w.org\/{rel}","templated":true}]}}