{"id":64250,"date":"2021-08-16T04:54:13","date_gmt":"2021-08-16T09:54:13","guid":{"rendered":"https:\/\/akunq.net\/tr\/?p=64250"},"modified":"2021-08-16T04:54:13","modified_gmt":"2021-08-16T09:54:13","slug":"kizlar-manastiri-3-yildir-ziyarete-acilmayi-bekliyor","status":"publish","type":"post","link":"https:\/\/akunq.net\/tr\/?p=64250","title":{"rendered":"K\u0131zlar Manast\u0131r\u0131 3 y\u0131ld\u0131r ziyarete a\u00e7\u0131lmay\u0131 bekliyor"},"content":{"rendered":"<p><img loading=\"lazy\" decoding=\"async\" class=\"aligncenter size-medium wp-image-64251\" src=\"https:\/\/akunq.net\/tr\/wp-content\/uploads\/2021\/08\/K\u0131zlar-Manast\u0131r\u0131-360x203.jpg\" alt=\"\" width=\"360\" height=\"203\" srcset=\"https:\/\/akunq.net\/tr\/wp-content\/uploads\/sites\/6\/2021\/08\/K\u0131zlar-Manast\u0131r\u0131-360x203.jpg 360w, https:\/\/akunq.net\/tr\/wp-content\/uploads\/sites\/6\/2021\/08\/K\u0131zlar-Manast\u0131r\u0131-768x432.jpg 768w, https:\/\/akunq.net\/tr\/wp-content\/uploads\/sites\/6\/2021\/08\/K\u0131zlar-Manast\u0131r\u0131-1536x864.jpg 1536w, https:\/\/akunq.net\/tr\/wp-content\/uploads\/sites\/6\/2021\/08\/K\u0131zlar-Manast\u0131r\u0131-560x315.jpg 560w, https:\/\/akunq.net\/tr\/wp-content\/uploads\/sites\/6\/2021\/08\/K\u0131zlar-Manast\u0131r\u0131-260x146.jpg 260w, https:\/\/akunq.net\/tr\/wp-content\/uploads\/sites\/6\/2021\/08\/K\u0131zlar-Manast\u0131r\u0131-160x90.jpg 160w, https:\/\/akunq.net\/tr\/wp-content\/uploads\/sites\/6\/2021\/08\/K\u0131zlar-Manast\u0131r\u0131.jpg 2048w\" sizes=\"auto, (max-width: 360px) 100vw, 360px\" \/><\/p>\n<p><em><strong>Trabzon\u2019a hakim Boztepe s\u0131rtlar\u0131nda 14. y\u00fczy\u0131lda yap\u0131lan ve zaman i\u00e7erisinde ilgisizlikten dolay\u0131 harabeye d\u00f6nen K\u0131zlar Manast\u0131r\u0131\u2019nda 4 y\u0131l s\u00fcren restorasyon \u00e7al\u0131\u015fmalar\u0131 yakla\u015f\u0131k 3 y\u0131l \u00f6nce tamamland\u0131. Manast\u0131r\u0131n a\u00e7\u0131l\u0131\u015f\u0131 otopark sorunu y\u00fcz\u00fcnden bir t\u00fcrl\u00fc yap\u0131lam\u0131yor.<\/strong><\/em><br \/>\nYeni tip koronavir\u00fcs (Kovid-19) salg\u0131n\u0131 s\u00fcreci nedeniyle a\u00e7\u0131l\u0131\u015f\u0131 zaman zaman ertelenen K\u0131zlar Manast\u0131r\u0131n\u0131n restorasyon \u00e7al\u0131\u015fmalar\u0131 2018 y\u0131l\u0131n\u0131n sonlar\u0131na do\u011fru tamamland\u0131.<br \/>\nManast\u0131r\u0131n ziyarete a\u00e7\u0131lamamas\u0131nda en \u00f6nemli engel otopark sorunu olarak g\u00f6sterilirken, sorunun \u00e7\u00f6z\u00fcm\u00fcyle ilgili \u00e7al\u0131\u015fmalar\u0131n s\u00fcrd\u00fc\u011f\u00fc \u00f6\u011frenildi.<br \/>\nK\u0131zlar Manast\u0131r\u0131nda tamamlanan restorasyon \u00e7al\u0131\u015fmalar\u0131n ard\u0131ndan ziyarete a\u00e7\u0131lamad\u0131\u011f\u0131ndan manast\u0131r i\u00e7erisinde yer yer otlar hakim olurken, otopark sorununun giderilmesiyle birlikte i\u00e7erisinde genel bir temizlik yap\u0131laca\u011f\u0131 belirtildi.<br \/>\nK\u0131zlar Manast\u0131r\u0131n\u0131n a\u00e7\u0131ld\u0131ktan sonra Trabzon\u2019un en \u00f6nemli turizm merkezlerinden biri olmas\u0131 bekleniyor.<br \/>\nTrabzon\u2019un Boztepe yamac\u0131nda \u015fehre hakim bir yama\u00e7ta Komnenos Kral\u0131 III. Alexios d\u00f6neminde 1349-1390 y\u0131llar\u0131 aras\u0131nda in\u015fa edilen K\u0131zlar Manast\u0131r\u0131\u2019nda 2014 y\u0131l\u0131n\u0131n Mart ay\u0131nda K\u00fclt\u00fcr ve Turizm Bakanl\u0131\u011f\u0131 taraf\u0131ndan asl\u0131na uygun olarak restore edilmesi i\u00e7in restorasyon \u00e7al\u0131\u015fmalar\u0131 ba\u015flat\u0131lm\u0131\u015ft\u0131.<br \/>\nManast\u0131rdaki restorasyon \u00e7al\u0131\u015fmalar\u0131 yakla\u015f\u0131k 2 milyon TL\u2019ye mal olurken, tarihi Kaya Kilisesi ve \u00f6rne\u011fine nadir rastlanan fresklerin g\u00fcn y\u00fcz\u00fcne \u00e7\u0131kar\u0131ld\u0131\u011f\u0131 manast\u0131r y\u00fcksek bir koruma duvar\u0131 ile \u00e7evrili.<br \/>\nManast\u0131r birka\u00e7 defa onar\u0131lsa da son \u015feklini 19. y\u00fczy\u0131lda ald\u0131.<br \/>\n\u015eapel ve birka\u00e7 h\u00fccrenin bulundu\u011fu manast\u0131rdaki kaya kilisesinin i\u00e7erisinde kitabeler ve III. Alexios\u2019un e\u015fi Theodora ve annesi Eirene\u2019n\u0131n portreleri yer al\u0131yor.<\/p>\n<p><em><strong>https:\/\/tr.sputniknews.com\/20210814\/kizlar-manastiri-3-yildir-ziyarete-acilmayi-bekliyor-1048023316.html\u00a0<\/strong><\/em><\/p>\n","protected":false},"excerpt":{"rendered":"<p>Trabzon\u2019a hakim Boztepe s\u0131rtlar\u0131nda 14. y\u00fczy\u0131lda yap\u0131lan ve zaman i\u00e7erisinde ilgisizlikten dolay\u0131 harabeye d\u00f6nen K\u0131zlar Manast\u0131r\u0131\u2019nda 4 y\u0131l s\u00fcren restorasyon \u00e7al\u0131\u015fmalar\u0131 yakla\u015f\u0131k 3 y\u0131l \u00f6nce tamamland\u0131. Manast\u0131r\u0131n a\u00e7\u0131l\u0131\u015f\u0131 otopark sorunu y\u00fcz\u00fcnden bir t\u00fcrl\u00fc yap\u0131lam\u0131yor. Yeni tip koronavir\u00fcs (Kovid-19) salg\u0131n\u0131 s\u00fcreci nedeniyle a\u00e7\u0131l\u0131\u015f\u0131 zaman zaman ertelenen K\u0131zlar Manast\u0131r\u0131n\u0131n restorasyon \u00e7al\u0131\u015fmalar\u0131 2018 y\u0131l\u0131n\u0131n sonlar\u0131na do\u011fru tamamland\u0131. Manast\u0131r\u0131n [&hellip;]<\/p>\n","protected":false},"author":7,"featured_media":64251,"comment_status":"open","ping_status":"open","sticky":false,"template":"","format":"standard","meta":{"footnotes":""},"categories":[1],"tags":[],"class_list":["post-64250","post","type-post","status-publish","format-standard","has-post-thumbnail","hentry","category-haberler"],"yoast_head":"<!-- This site is optimized with the Yoast SEO plugin v27.4 - https:\/\/yoast.com\/product\/yoast-seo-wordpress\/ -->\n<title>K\u0131zlar Manast\u0131r\u0131 3 y\u0131ld\u0131r ziyarete a\u00e7\u0131lmay\u0131 bekliyor - Bati Ermenistan Ve Bati Ermenileri Sorunlari Ara\u015ftirmalar Merkezi<\/title>\n<meta name=\"robots\" content=\"index, follow, max-snippet:-1, max-image-preview:large, max-video-preview:-1\" \/>\n<link rel=\"canonical\" href=\"https:\/\/akunq.net\/tr\/?p=64250\" \/>\n<meta property=\"og:locale\" content=\"en_US\" \/>\n<meta property=\"og:type\" content=\"article\" \/>\n<meta property=\"og:title\" content=\"K\u0131zlar Manast\u0131r\u0131 3 y\u0131ld\u0131r ziyarete a\u00e7\u0131lmay\u0131 bekliyor - Bati Ermenistan Ve Bati Ermenileri Sorunlari Ara\u015ftirmalar Merkezi\" \/>\n<meta property=\"og:description\" content=\"Trabzon\u2019a hakim Boztepe s\u0131rtlar\u0131nda 14. y\u00fczy\u0131lda yap\u0131lan ve zaman i\u00e7erisinde ilgisizlikten dolay\u0131 harabeye d\u00f6nen K\u0131zlar Manast\u0131r\u0131\u2019nda 4 y\u0131l s\u00fcren restorasyon \u00e7al\u0131\u015fmalar\u0131 yakla\u015f\u0131k 3 y\u0131l \u00f6nce tamamland\u0131. Manast\u0131r\u0131n a\u00e7\u0131l\u0131\u015f\u0131 otopark sorunu y\u00fcz\u00fcnden bir t\u00fcrl\u00fc yap\u0131lam\u0131yor. Yeni tip koronavir\u00fcs (Kovid-19) salg\u0131n\u0131 s\u00fcreci nedeniyle a\u00e7\u0131l\u0131\u015f\u0131 zaman zaman ertelenen K\u0131zlar Manast\u0131r\u0131n\u0131n restorasyon \u00e7al\u0131\u015fmalar\u0131 2018 y\u0131l\u0131n\u0131n sonlar\u0131na do\u011fru tamamland\u0131. Manast\u0131r\u0131n [&hellip;]\" \/>\n<meta property=\"og:url\" content=\"https:\/\/akunq.net\/tr\/?p=64250\" \/>\n<meta property=\"og:site_name\" content=\"Bati Ermenistan Ve Bati Ermenileri Sorunlari Ara\u015ftirmalar Merkezi\" \/>\n<meta property=\"article:published_time\" content=\"2021-08-16T09:54:13+00:00\" \/>\n<meta property=\"og:image\" content=\"https:\/\/akunq.net\/tr\/wp-content\/uploads\/sites\/6\/2021\/08\/K\u0131zlar-Manast\u0131r\u0131.jpg\" \/>\n\t<meta property=\"og:image:width\" content=\"2048\" \/>\n\t<meta property=\"og:image:height\" content=\"1152\" \/>\n\t<meta property=\"og:image:type\" content=\"image\/jpeg\" \/>\n<meta name=\"author\" content=\"admin\" \/>\n<meta name=\"twitter:card\" content=\"summary_large_image\" \/>\n<meta name=\"twitter:label1\" content=\"Written by\" \/>\n\t<meta name=\"twitter:data1\" content=\"admin\" \/>\n\t<meta name=\"twitter:label2\" content=\"Est. reading time\" \/>\n\t<meta name=\"twitter:data2\" content=\"2 minutes\" \/>\n<script type=\"application\/ld+json\" class=\"yoast-schema-graph\">{\"@context\":\"https:\\\/\\\/schema.org\",\"@graph\":[{\"@type\":\"Article\",\"@id\":\"https:\\\/\\\/akunq.net\\\/tr\\\/?p=64250#article\",\"isPartOf\":{\"@id\":\"https:\\\/\\\/akunq.net\\\/tr\\\/?p=64250\"},\"author\":{\"name\":\"admin\",\"@id\":\"https:\\\/\\\/akunq.net\\\/tr\\\/#\\\/schema\\\/person\\\/096f1d38a12cce57fb855b485ed24c9e\"},\"headline\":\"K\u0131zlar Manast\u0131r\u0131 3 y\u0131ld\u0131r ziyarete a\u00e7\u0131lmay\u0131 bekliyor\",\"datePublished\":\"2021-08-16T09:54:13+00:00\",\"mainEntityOfPage\":{\"@id\":\"https:\\\/\\\/akunq.net\\\/tr\\\/?p=64250\"},\"wordCount\":327,\"commentCount\":0,\"image\":{\"@id\":\"https:\\\/\\\/akunq.net\\\/tr\\\/?p=64250#primaryimage\"},\"thumbnailUrl\":\"https:\\\/\\\/akunq.net\\\/tr\\\/wp-content\\\/uploads\\\/sites\\\/6\\\/2021\\\/08\\\/K\u0131zlar-Manast\u0131r\u0131.jpg\",\"articleSection\":[\"Haberler\"],\"inLanguage\":\"en-US\",\"potentialAction\":[{\"@type\":\"CommentAction\",\"name\":\"Comment\",\"target\":[\"https:\\\/\\\/akunq.net\\\/tr\\\/?p=64250#respond\"]}]},{\"@type\":\"WebPage\",\"@id\":\"https:\\\/\\\/akunq.net\\\/tr\\\/?p=64250\",\"url\":\"https:\\\/\\\/akunq.net\\\/tr\\\/?p=64250\",\"name\":\"K\u0131zlar Manast\u0131r\u0131 3 y\u0131ld\u0131r ziyarete a\u00e7\u0131lmay\u0131 bekliyor - Bati Ermenistan Ve Bati Ermenileri Sorunlari Ara\u015ftirmalar Merkezi\",\"isPartOf\":{\"@id\":\"https:\\\/\\\/akunq.net\\\/tr\\\/#website\"},\"primaryImageOfPage\":{\"@id\":\"https:\\\/\\\/akunq.net\\\/tr\\\/?p=64250#primaryimage\"},\"image\":{\"@id\":\"https:\\\/\\\/akunq.net\\\/tr\\\/?p=64250#primaryimage\"},\"thumbnailUrl\":\"https:\\\/\\\/akunq.net\\\/tr\\\/wp-content\\\/uploads\\\/sites\\\/6\\\/2021\\\/08\\\/K\u0131zlar-Manast\u0131r\u0131.jpg\",\"datePublished\":\"2021-08-16T09:54:13+00:00\",\"author\":{\"@id\":\"https:\\\/\\\/akunq.net\\\/tr\\\/#\\\/schema\\\/person\\\/096f1d38a12cce57fb855b485ed24c9e\"},\"breadcrumb\":{\"@id\":\"https:\\\/\\\/akunq.net\\\/tr\\\/?p=64250#breadcrumb\"},\"inLanguage\":\"en-US\",\"potentialAction\":[{\"@type\":\"ReadAction\",\"target\":[\"https:\\\/\\\/akunq.net\\\/tr\\\/?p=64250\"]}]},{\"@type\":\"ImageObject\",\"inLanguage\":\"en-US\",\"@id\":\"https:\\\/\\\/akunq.net\\\/tr\\\/?p=64250#primaryimage\",\"url\":\"https:\\\/\\\/akunq.net\\\/tr\\\/wp-content\\\/uploads\\\/sites\\\/6\\\/2021\\\/08\\\/K\u0131zlar-Manast\u0131r\u0131.jpg\",\"contentUrl\":\"https:\\\/\\\/akunq.net\\\/tr\\\/wp-content\\\/uploads\\\/sites\\\/6\\\/2021\\\/08\\\/K\u0131zlar-Manast\u0131r\u0131.jpg\",\"width\":2048,\"height\":1152},{\"@type\":\"BreadcrumbList\",\"@id\":\"https:\\\/\\\/akunq.net\\\/tr\\\/?p=64250#breadcrumb\",\"itemListElement\":[{\"@type\":\"ListItem\",\"position\":1,\"name\":\"Home\",\"item\":\"https:\\\/\\\/akunq.net\\\/tr\"},{\"@type\":\"ListItem\",\"position\":2,\"name\":\"K\u0131zlar Manast\u0131r\u0131 3 y\u0131ld\u0131r ziyarete a\u00e7\u0131lmay\u0131 bekliyor\"}]},{\"@type\":\"WebSite\",\"@id\":\"https:\\\/\\\/akunq.net\\\/tr\\\/#website\",\"url\":\"https:\\\/\\\/akunq.net\\\/tr\\\/\",\"name\":\"Bati Ermenistan Ve Bati Ermenileri Sorunlari Ara\u015ftirmalar Merkezi\",\"description\":\"\",\"potentialAction\":[{\"@type\":\"SearchAction\",\"target\":{\"@type\":\"EntryPoint\",\"urlTemplate\":\"https:\\\/\\\/akunq.net\\\/tr\\\/?s={search_term_string}\"},\"query-input\":{\"@type\":\"PropertyValueSpecification\",\"valueRequired\":true,\"valueName\":\"search_term_string\"}}],\"inLanguage\":\"en-US\"},{\"@type\":\"Person\",\"@id\":\"https:\\\/\\\/akunq.net\\\/tr\\\/#\\\/schema\\\/person\\\/096f1d38a12cce57fb855b485ed24c9e\",\"name\":\"admin\",\"url\":\"https:\\\/\\\/akunq.net\\\/tr\\\/?author=7\"}]}<\/script>\n<!-- \/ Yoast SEO plugin. -->","yoast_head_json":{"title":"K\u0131zlar Manast\u0131r\u0131 3 y\u0131ld\u0131r ziyarete a\u00e7\u0131lmay\u0131 bekliyor - Bati Ermenistan Ve Bati Ermenileri Sorunlari Ara\u015ftirmalar Merkezi","robots":{"index":"index","follow":"follow","max-snippet":"max-snippet:-1","max-image-preview":"max-image-preview:large","max-video-preview":"max-video-preview:-1"},"canonical":"https:\/\/akunq.net\/tr\/?p=64250","og_locale":"en_US","og_type":"article","og_title":"K\u0131zlar Manast\u0131r\u0131 3 y\u0131ld\u0131r ziyarete a\u00e7\u0131lmay\u0131 bekliyor - Bati Ermenistan Ve Bati Ermenileri Sorunlari Ara\u015ftirmalar Merkezi","og_description":"Trabzon\u2019a hakim Boztepe s\u0131rtlar\u0131nda 14. y\u00fczy\u0131lda yap\u0131lan ve zaman i\u00e7erisinde ilgisizlikten dolay\u0131 harabeye d\u00f6nen K\u0131zlar Manast\u0131r\u0131\u2019nda 4 y\u0131l s\u00fcren restorasyon \u00e7al\u0131\u015fmalar\u0131 yakla\u015f\u0131k 3 y\u0131l \u00f6nce tamamland\u0131. Manast\u0131r\u0131n a\u00e7\u0131l\u0131\u015f\u0131 otopark sorunu y\u00fcz\u00fcnden bir t\u00fcrl\u00fc yap\u0131lam\u0131yor. Yeni tip koronavir\u00fcs (Kovid-19) salg\u0131n\u0131 s\u00fcreci nedeniyle a\u00e7\u0131l\u0131\u015f\u0131 zaman zaman ertelenen K\u0131zlar Manast\u0131r\u0131n\u0131n restorasyon \u00e7al\u0131\u015fmalar\u0131 2018 y\u0131l\u0131n\u0131n sonlar\u0131na do\u011fru tamamland\u0131. Manast\u0131r\u0131n [&hellip;]","og_url":"https:\/\/akunq.net\/tr\/?p=64250","og_site_name":"Bati Ermenistan Ve Bati Ermenileri Sorunlari Ara\u015ftirmalar Merkezi","article_published_time":"2021-08-16T09:54:13+00:00","og_image":[{"width":2048,"height":1152,"url":"https:\/\/akunq.net\/tr\/wp-content\/uploads\/sites\/6\/2021\/08\/K\u0131zlar-Manast\u0131r\u0131.jpg","type":"image\/jpeg"}],"author":"admin","twitter_card":"summary_large_image","twitter_misc":{"Written by":"admin","Est. reading time":"2 minutes"},"schema":{"@context":"https:\/\/schema.org","@graph":[{"@type":"Article","@id":"https:\/\/akunq.net\/tr\/?p=64250#article","isPartOf":{"@id":"https:\/\/akunq.net\/tr\/?p=64250"},"author":{"name":"admin","@id":"https:\/\/akunq.net\/tr\/#\/schema\/person\/096f1d38a12cce57fb855b485ed24c9e"},"headline":"K\u0131zlar Manast\u0131r\u0131 3 y\u0131ld\u0131r ziyarete a\u00e7\u0131lmay\u0131 bekliyor","datePublished":"2021-08-16T09:54:13+00:00","mainEntityOfPage":{"@id":"https:\/\/akunq.net\/tr\/?p=64250"},"wordCount":327,"commentCount":0,"image":{"@id":"https:\/\/akunq.net\/tr\/?p=64250#primaryimage"},"thumbnailUrl":"https:\/\/akunq.net\/tr\/wp-content\/uploads\/sites\/6\/2021\/08\/K\u0131zlar-Manast\u0131r\u0131.jpg","articleSection":["Haberler"],"inLanguage":"en-US","potentialAction":[{"@type":"CommentAction","name":"Comment","target":["https:\/\/akunq.net\/tr\/?p=64250#respond"]}]},{"@type":"WebPage","@id":"https:\/\/akunq.net\/tr\/?p=64250","url":"https:\/\/akunq.net\/tr\/?p=64250","name":"K\u0131zlar Manast\u0131r\u0131 3 y\u0131ld\u0131r ziyarete a\u00e7\u0131lmay\u0131 bekliyor - Bati Ermenistan Ve Bati Ermenileri Sorunlari Ara\u015ftirmalar Merkezi","isPartOf":{"@id":"https:\/\/akunq.net\/tr\/#website"},"primaryImageOfPage":{"@id":"https:\/\/akunq.net\/tr\/?p=64250#primaryimage"},"image":{"@id":"https:\/\/akunq.net\/tr\/?p=64250#primaryimage"},"thumbnailUrl":"https:\/\/akunq.net\/tr\/wp-content\/uploads\/sites\/6\/2021\/08\/K\u0131zlar-Manast\u0131r\u0131.jpg","datePublished":"2021-08-16T09:54:13+00:00","author":{"@id":"https:\/\/akunq.net\/tr\/#\/schema\/person\/096f1d38a12cce57fb855b485ed24c9e"},"breadcrumb":{"@id":"https:\/\/akunq.net\/tr\/?p=64250#breadcrumb"},"inLanguage":"en-US","potentialAction":[{"@type":"ReadAction","target":["https:\/\/akunq.net\/tr\/?p=64250"]}]},{"@type":"ImageObject","inLanguage":"en-US","@id":"https:\/\/akunq.net\/tr\/?p=64250#primaryimage","url":"https:\/\/akunq.net\/tr\/wp-content\/uploads\/sites\/6\/2021\/08\/K\u0131zlar-Manast\u0131r\u0131.jpg","contentUrl":"https:\/\/akunq.net\/tr\/wp-content\/uploads\/sites\/6\/2021\/08\/K\u0131zlar-Manast\u0131r\u0131.jpg","width":2048,"height":1152},{"@type":"BreadcrumbList","@id":"https:\/\/akunq.net\/tr\/?p=64250#breadcrumb","itemListElement":[{"@type":"ListItem","position":1,"name":"Home","item":"https:\/\/akunq.net\/tr"},{"@type":"ListItem","position":2,"name":"K\u0131zlar Manast\u0131r\u0131 3 y\u0131ld\u0131r ziyarete a\u00e7\u0131lmay\u0131 bekliyor"}]},{"@type":"WebSite","@id":"https:\/\/akunq.net\/tr\/#website","url":"https:\/\/akunq.net\/tr\/","name":"Bati Ermenistan Ve Bati Ermenileri Sorunlari Ara\u015ftirmalar Merkezi","description":"","potentialAction":[{"@type":"SearchAction","target":{"@type":"EntryPoint","urlTemplate":"https:\/\/akunq.net\/tr\/?s={search_term_string}"},"query-input":{"@type":"PropertyValueSpecification","valueRequired":true,"valueName":"search_term_string"}}],"inLanguage":"en-US"},{"@type":"Person","@id":"https:\/\/akunq.net\/tr\/#\/schema\/person\/096f1d38a12cce57fb855b485ed24c9e","name":"admin","url":"https:\/\/akunq.net\/tr\/?author=7"}]}},"_links":{"self":[{"href":"https:\/\/akunq.net\/tr\/index.php?rest_route=\/wp\/v2\/posts\/64250","targetHints":{"allow":["GET"]}}],"collection":[{"href":"https:\/\/akunq.net\/tr\/index.php?rest_route=\/wp\/v2\/posts"}],"about":[{"href":"https:\/\/akunq.net\/tr\/index.php?rest_route=\/wp\/v2\/types\/post"}],"author":[{"embeddable":true,"href":"https:\/\/akunq.net\/tr\/index.php?rest_route=\/wp\/v2\/users\/7"}],"replies":[{"embeddable":true,"href":"https:\/\/akunq.net\/tr\/index.php?rest_route=%2Fwp%2Fv2%2Fcomments&post=64250"}],"version-history":[{"count":1,"href":"https:\/\/akunq.net\/tr\/index.php?rest_route=\/wp\/v2\/posts\/64250\/revisions"}],"predecessor-version":[{"id":64252,"href":"https:\/\/akunq.net\/tr\/index.php?rest_route=\/wp\/v2\/posts\/64250\/revisions\/64252"}],"wp:featuredmedia":[{"embeddable":true,"href":"https:\/\/akunq.net\/tr\/index.php?rest_route=\/wp\/v2\/media\/64251"}],"wp:attachment":[{"href":"https:\/\/akunq.net\/tr\/index.php?rest_route=%2Fwp%2Fv2%2Fmedia&parent=64250"}],"wp:term":[{"taxonomy":"category","embeddable":true,"href":"https:\/\/akunq.net\/tr\/index.php?rest_route=%2Fwp%2Fv2%2Fcategories&post=64250"},{"taxonomy":"post_tag","embeddable":true,"href":"https:\/\/akunq.net\/tr\/index.php?rest_route=%2Fwp%2Fv2%2Ftags&post=64250"}],"curies":[{"name":"wp","href":"https:\/\/api.w.org\/{rel}","templated":true}]}}