{"id":64244,"date":"2021-08-16T04:31:21","date_gmt":"2021-08-16T09:31:21","guid":{"rendered":"https:\/\/akunq.net\/tr\/?p=64244"},"modified":"2021-08-16T04:31:21","modified_gmt":"2021-08-16T09:31:21","slug":"sumelada-ayin-bartholomeos-yonetti-trabzonsporlu-bakasetas-katildi","status":"publish","type":"post","link":"https:\/\/akunq.net\/tr\/?p=64244","title":{"rendered":"S\u00fcmela\u2019da ayin: Bartholomeos y\u00f6netti, Trabzonsporlu Bakasetas kat\u0131ld\u0131"},"content":{"rendered":"<p><img loading=\"lazy\" decoding=\"async\" class=\"aligncenter size-medium wp-image-64245\" src=\"https:\/\/akunq.net\/tr\/wp-content\/uploads\/2021\/08\/S\u00fcmela\u2019da-ayin-360x203.png\" alt=\"\" width=\"360\" height=\"203\" srcset=\"https:\/\/akunq.net\/tr\/wp-content\/uploads\/sites\/6\/2021\/08\/S\u00fcmela\u2019da-ayin-360x203.png 360w, https:\/\/akunq.net\/tr\/wp-content\/uploads\/sites\/6\/2021\/08\/S\u00fcmela\u2019da-ayin-768x433.png 768w, https:\/\/akunq.net\/tr\/wp-content\/uploads\/sites\/6\/2021\/08\/S\u00fcmela\u2019da-ayin-560x316.png 560w, https:\/\/akunq.net\/tr\/wp-content\/uploads\/sites\/6\/2021\/08\/S\u00fcmela\u2019da-ayin-260x147.png 260w, https:\/\/akunq.net\/tr\/wp-content\/uploads\/sites\/6\/2021\/08\/S\u00fcmela\u2019da-ayin-160x90.png 160w, https:\/\/akunq.net\/tr\/wp-content\/uploads\/sites\/6\/2021\/08\/S\u00fcmela\u2019da-ayin.png 1472w\" sizes=\"auto, (max-width: 360px) 100vw, 360px\" \/><\/p>\n<p><em><strong>S\u00fcmela Manast\u0131r\u0131\u2019nda \u2018Meryem Ana\u2019n\u0131n g\u00f6\u011fe y\u00fckseli\u015f g\u00fcn\u00fc\u2019 ayinini Fener Rum Patri\u011fi Bartholomeos y\u00f6netti. S\u0131n\u0131rl\u0131 kat\u0131l\u0131mla yap\u0131lan ayinde Trabzonspor\u2019un Yunanistanl\u0131 futbolcusu Bakasetas da yer ald\u0131.<\/strong><\/em><\/p>\n<p><strong>DUVAR\u00a0<\/strong>\u2013 Trabzon\u2019un Ma\u00e7ka il\u00e7esindeki S\u00fcmela Manast\u0131r\u0131\u2019nda, Fener Rum Patri\u011fi Bartholomeos\u2019un y\u00f6netti\u011fi 8\u2019inci ayin ger\u00e7ekle\u015ftirildi. Pandemi tedbirleri sebebiyle ayine 110 ki\u015fi kat\u0131labildi.1<small>8<\/small><\/p>\n<figure class=\"wp-block-image size-large\"><img loading=\"lazy\" decoding=\"async\" class=\"wp-image-417604\" src=\"https:\/\/i2.wp.com\/hyetert.org\/wp-content\/uploads\/2021\/08\/Screen-Shot-2021-08-16-at-00.31.01.png?resize=1024%2C574&amp;ssl=1\" sizes=\"auto, (max-width: 1000px) 100vw, 1000px\" srcset=\"https:\/\/i2.wp.com\/hyetert.org\/wp-content\/uploads\/2021\/08\/Screen-Shot-2021-08-16-at-00.31.01.png?resize=1024%2C574&amp;ssl=1 1024w, https:\/\/i2.wp.com\/hyetert.org\/wp-content\/uploads\/2021\/08\/Screen-Shot-2021-08-16-at-00.31.01.png?resize=300%2C168&amp;ssl=1 300w, https:\/\/i2.wp.com\/hyetert.org\/wp-content\/uploads\/2021\/08\/Screen-Shot-2021-08-16-at-00.31.01.png?resize=768%2C431&amp;ssl=1 768w, https:\/\/i2.wp.com\/hyetert.org\/wp-content\/uploads\/2021\/08\/Screen-Shot-2021-08-16-at-00.31.01.png?w=1198&amp;ssl=1 1198w\" alt=\"\" width=\"1024\" height=\"574\" data-recalc-dims=\"1\" \/><\/figure>\n<p>Hristiyan inanc\u0131nda \u2018Meryem Ana\u2019n\u0131n g\u00f6\u011fe y\u00fckseli\u015f g\u00fcn\u00fc\u2019 olarak kabul edilen ve her y\u0131l 15 A\u011fustos\u2019ta yap\u0131lan ayini\u00a0Fener Rum Patri\u011fi Bartholomeos y\u00f6netti.\u00a0Bartholomeos\u2019un ayinde Trabzonspor logolu maske takmas\u0131 dikkat \u00e7ekti.<\/p>\n<p>Trabzonspor\u2019un Yunanistanl\u0131 futbolcusu Anastasios Bakasetas da ayine kat\u0131lanlar aras\u0131nda yer ald\u0131.<\/p>\n<figure class=\"wp-block-image size-large\"><img loading=\"lazy\" decoding=\"async\" class=\"wp-image-417605\" src=\"https:\/\/i2.wp.com\/hyetert.org\/wp-content\/uploads\/2021\/08\/Screen-Shot-2021-08-16-at-00.31.33.png?resize=1024%2C577&amp;ssl=1\" sizes=\"auto, (max-width: 1000px) 100vw, 1000px\" srcset=\"https:\/\/i2.wp.com\/hyetert.org\/wp-content\/uploads\/2021\/08\/Screen-Shot-2021-08-16-at-00.31.33.png?resize=1024%2C577&amp;ssl=1 1024w, https:\/\/i2.wp.com\/hyetert.org\/wp-content\/uploads\/2021\/08\/Screen-Shot-2021-08-16-at-00.31.33.png?resize=300%2C169&amp;ssl=1 300w, https:\/\/i2.wp.com\/hyetert.org\/wp-content\/uploads\/2021\/08\/Screen-Shot-2021-08-16-at-00.31.33.png?resize=768%2C433&amp;ssl=1 768w, https:\/\/i2.wp.com\/hyetert.org\/wp-content\/uploads\/2021\/08\/Screen-Shot-2021-08-16-at-00.31.33.png?w=1462&amp;ssl=1 1462w\" alt=\"\" width=\"1024\" height=\"577\" data-recalc-dims=\"1\" \/><\/figure>\n<p><strong>\u2018AFETLER \u0130\u00c7\u0130N DUA ETT\u0130K\u2019<\/strong><br \/>\nBartholomeos ayinde ger\u00e7ekle\u015ftirdi\u011fi konu\u015fmada T\u00fcrkiye i\u00e7in dua ettiklerini belirtti ve \u015f\u00f6yle konu\u015ftu: \u201c\u015e\u00fck\u00fcrler olsun ki, bu kutsal mek\u00e2nda bu \u00f6zel g\u00fcnde sizlerle yeniden bulu\u015ftuk. Meryem \u0391na\u2019m\u0131z\u0131n Ma\u00e7ka\u2019daki evinde dualar\u0131m\u0131z\u0131 ve niyazlar\u0131m\u0131z\u0131 arz ettik.\u00a0\u00dclkemizi, b\u00f6lgemizi, toplumlar\u0131m\u0131z\u0131 her t\u00fcrl\u00fc tehlikeden azat etmesi i\u00e7in ona hayk\u0131rd\u0131k, pandemiden, sel ve yang\u0131nlardan zarar g\u00f6renlerin iyile\u015fmesi i\u00e7in \u015fifas\u0131n\u0131 diledik. Onlara b\u00fcy\u00fck ge\u00e7mi\u015f olsun deriz. As\u0131rlardan beri bu sarp kayal\u0131kta dimdik duran S\u00fcmela Meryem Ana Manast\u0131r\u0131, yaln\u0131z tarihi ve turistik bir ziyaret yeri de\u011fil, t\u00fcm bunlar\u0131n da \u00f6tesinde hepimizi birle\u015ftiren \u00f6nemli kutsal bir mekand\u0131r.<\/p>\n<p>Biz Hristiyanlar i\u00e7in Meryem Ana\u2019n\u0131n kutsiyeti tart\u0131\u015f\u0131lmaz mahiyettedir ve onun ad\u0131n\u0131 ta\u015f\u0131yan bu m\u00fcstesna manast\u0131r \u00f6zellikle Rum, G\u00fcrc\u00fc ve Rus Ortodoks toplumlar\u0131 i\u00e7in manevi bir sembol te\u015fkil eder. \u0130slam alemi i\u00e7in de \u00e7ok \u00f6nemli bir konuma sahip olan Hz. Meryem\u2019in birle\u015ftirici g\u00fcc\u00fc, manevi \u0131\u015f\u0131\u011f\u0131 ve merhameti, burada, S\u00fcmela\u2019da, yemye\u015fil do\u011fan\u0131n i\u00e7inde akan berrak sular\u0131n sa\u011flad\u0131\u011f\u0131 huzurla birle\u015fince Tanr\u0131\u2019ya \u015f\u00fckretmekten ba\u015fka ne d\u00fc\u015f\u00fcnebilir ki insan?\u201d<\/p>\n<p><strong>ERDO\u011eAN VE ERSOY\u2019A TE\u015eEKK\u00dcR ETT\u0130<\/strong><\/p>\n<p>Bartholomeos ayin izni ve eski eserlerdeki restorasyonlar Cumhurba\u015fkan\u0131 Erdo\u011fan\u2019a ve K\u00fclt\u00fcr ve Turizm Bakan\u0131na Mehmet Nuri Ersoy\u2019a te\u015fekk\u00fcr etti. Bartholomeos konu\u015fmas\u0131n\u0131 \u015f\u00f6yle s\u00fcrd\u00fcrd\u00fc:<\/p>\n<p>\u201c90 y\u0131ll\u0131k bir kopukluktan sonra, bizlere bu imkan\u0131 ilk kez 2010 y\u0131l\u0131nda sa\u011flayan Cumhurba\u015fkan\u0131m\u0131z Say\u0131n Recep Tayyip Erdo\u011fan\u2019a tekrar te\u015fekk\u00fcrlerimizi ifade ederken, son 6 y\u0131l boyunca ciddi bir restorasyona tabi tutularak, bu tarihi manast\u0131r\u0131n daha nice as\u0131rlar var olmas\u0131n\u0131 garanti eden, bilinmeyen baz\u0131 b\u00f6l\u00fcmlerini tespit ederek freskleri restore eden, kayma tehlikesi g\u00f6steren b\u00fcy\u00fck kayalar\u0131 zor \u015fartlar alt\u0131nda sabitle\u015ftiren ve yaz k\u0131\u015f demeden yo\u011fun bir \u015fekilde \u00e7al\u0131\u015fan K\u00fclt\u00fcr ve Turizm Bakanl\u0131\u011f\u0131 yetkililerine, ilgili m\u00fcd\u00fcrl\u00fcklere, burada \u00e7al\u0131\u015fan uzman bilim insanlar\u0131 ve ustalara Ortodoks D\u00fcnyas\u0131 ve Patrikhanemiz ad\u0131na \u015f\u00fckranlar\u0131m\u0131z\u0131 ifade ederiz. Ayr\u0131ca bu hafta \u00c7anakkale Truva M\u00fczesi\u2019nde 14 y\u0131l \u00f6nce \u00e7al\u0131nan, 12 adet ikonan\u0131n Rum kiliselerine iadesine \u00f6n ayak olan, bu manast\u0131r\u0131n restorasyonuna \u00f6zel ilgi g\u00f6steren K\u00fclt\u00fcr ve Turizm Bakan\u0131m\u0131z Say\u0131n Mehmet Nuri Ersoy\u2019a m\u00fcte\u015fekkiriz.\u201d<\/p>\n<p><strong>\u2018BARI\u015e VE SEVG\u0130 \u0130\u00c7\u0130N DUA ETMEYE GELD\u0130K\u2019<\/strong><\/p>\n<p>Bartholomeos son s\u00f6zlerinde bar\u0131\u015f ve merhamet diledi\u011fini aktararak s\u00f6zlerini \u015f\u00f6yle tamamlad\u0131: \u201cBu y\u0131l y\u00fczle\u015fti\u011fimiz \u00e7evre felaketlerinin, sellerin, yang\u0131nlar\u0131n ve pandeminin yaratt\u0131\u011f\u0131 ac\u0131lar\u0131n ve kay\u0131plar\u0131n bir daha ya\u015fanmamas\u0131 ad\u0131na merhamet dilemeye geldik. Toplumlar aras\u0131nda bar\u0131\u015f ve huzurun, sevgi ve bollu\u011fun tesisi i\u00e7in dua etmeye geldik. Temenni ederiz ki, t\u00fcm dualar\u0131m\u0131z kabul g\u00f6rs\u00fcn ve Meryem Ana\u2019m\u0131z\u0131n bereketi ve inayetiyle seneye tekrar hep birlikte daha b\u00fcy\u00fck bir dayan\u0131\u015fma ve co\u015fkuyla yine burada y\u00fcce Allah bulu\u015fmam\u0131z\u0131 nasip etsin. Hepinizi hay\u0131r dualar\u0131m\u0131zla selaml\u0131yor ve misafirperverli\u011finiz i\u00e7in te\u015fekk\u00fcr ediyoruz.\u201d<\/p>\n<figure class=\"wp-block-image size-large\"><img loading=\"lazy\" decoding=\"async\" class=\"wp-image-417606\" src=\"https:\/\/i0.wp.com\/hyetert.org\/wp-content\/uploads\/2021\/08\/Screen-Shot-2021-08-16-at-00.32.40.png?resize=1024%2C580&amp;ssl=1\" sizes=\"auto, (max-width: 1000px) 100vw, 1000px\" srcset=\"https:\/\/i0.wp.com\/hyetert.org\/wp-content\/uploads\/2021\/08\/Screen-Shot-2021-08-16-at-00.32.40.png?resize=1024%2C580&amp;ssl=1 1024w, https:\/\/i0.wp.com\/hyetert.org\/wp-content\/uploads\/2021\/08\/Screen-Shot-2021-08-16-at-00.32.40.png?resize=300%2C170&amp;ssl=1 300w, https:\/\/i0.wp.com\/hyetert.org\/wp-content\/uploads\/2021\/08\/Screen-Shot-2021-08-16-at-00.32.40.png?resize=768%2C435&amp;ssl=1 768w, https:\/\/i0.wp.com\/hyetert.org\/wp-content\/uploads\/2021\/08\/Screen-Shot-2021-08-16-at-00.32.40.png?w=1462&amp;ssl=1 1462w\" alt=\"\" width=\"1024\" height=\"580\" data-recalc-dims=\"1\" \/><\/figure>\n<p>Bartholomeos\u2019un konu\u015fmas\u0131n\u0131n ard\u0131ndan ilahiler okundu, kutsanan ekmek ve \u015farap ayine kat\u0131lanlara da\u011f\u0131t\u0131ld\u0131. Foto\u011fraf: Trabzonsporlu Anastasios Bakasetas. (DHA)<\/p>\n<figure class=\"wp-block-image size-large\"><img loading=\"lazy\" decoding=\"async\" class=\"wp-image-417607\" src=\"https:\/\/i2.wp.com\/hyetert.org\/wp-content\/uploads\/2021\/08\/Screen-Shot-2021-08-16-at-00.33.10.png?resize=1024%2C572&amp;ssl=1\" sizes=\"auto, (max-width: 1000px) 100vw, 1000px\" srcset=\"https:\/\/i2.wp.com\/hyetert.org\/wp-content\/uploads\/2021\/08\/Screen-Shot-2021-08-16-at-00.33.10.png?resize=1024%2C572&amp;ssl=1 1024w, https:\/\/i2.wp.com\/hyetert.org\/wp-content\/uploads\/2021\/08\/Screen-Shot-2021-08-16-at-00.33.10.png?resize=300%2C168&amp;ssl=1 300w, https:\/\/i2.wp.com\/hyetert.org\/wp-content\/uploads\/2021\/08\/Screen-Shot-2021-08-16-at-00.33.10.png?resize=768%2C429&amp;ssl=1 768w, https:\/\/i2.wp.com\/hyetert.org\/wp-content\/uploads\/2021\/08\/Screen-Shot-2021-08-16-at-00.33.10.png?w=1456&amp;ssl=1 1456w\" alt=\"\" width=\"1024\" height=\"572\" data-recalc-dims=\"1\" \/><\/figure>\n<p><em><strong><a href=\"https:\/\/www.gazeteduvar.com.tr\/sumelada-ayin-bartholomeos-yonetti-trabzonsporlu-bakasetas-katildi-galeri-1531781?p=8\">https:\/\/www.gazeteduvar.com.tr\/sumelada-ayin-bartholomeos-yonetti-trabzonsporlu-bakasetas-katildi-galeri-1531781?p=8<\/a>\u00a0<\/strong><\/em><\/p>\n","protected":false},"excerpt":{"rendered":"<p>S\u00fcmela Manast\u0131r\u0131\u2019nda \u2018Meryem Ana\u2019n\u0131n g\u00f6\u011fe y\u00fckseli\u015f g\u00fcn\u00fc\u2019 ayinini Fener Rum Patri\u011fi Bartholomeos y\u00f6netti. S\u0131n\u0131rl\u0131 kat\u0131l\u0131mla yap\u0131lan ayinde Trabzonspor\u2019un Yunanistanl\u0131 futbolcusu Bakasetas da yer ald\u0131. DUVAR\u00a0\u2013 Trabzon\u2019un Ma\u00e7ka il\u00e7esindeki S\u00fcmela Manast\u0131r\u0131\u2019nda, Fener Rum Patri\u011fi Bartholomeos\u2019un y\u00f6netti\u011fi 8\u2019inci ayin ger\u00e7ekle\u015ftirildi. Pandemi tedbirleri sebebiyle ayine 110 ki\u015fi kat\u0131labildi.18 Hristiyan inanc\u0131nda \u2018Meryem Ana\u2019n\u0131n g\u00f6\u011fe y\u00fckseli\u015f g\u00fcn\u00fc\u2019 olarak kabul edilen [&hellip;]<\/p>\n","protected":false},"author":7,"featured_media":64245,"comment_status":"open","ping_status":"open","sticky":false,"template":"","format":"standard","meta":{"footnotes":""},"categories":[1,53],"tags":[],"class_list":["post-64244","post","type-post","status-publish","format-standard","has-post-thumbnail","hentry","category-haberler","category-turkiyede-azinliklar"],"yoast_head":"<!-- This site is optimized with the Yoast SEO plugin v27.4 - https:\/\/yoast.com\/product\/yoast-seo-wordpress\/ -->\n<title>S\u00fcmela\u2019da ayin: Bartholomeos y\u00f6netti, Trabzonsporlu Bakasetas kat\u0131ld\u0131 - Bati Ermenistan Ve Bati Ermenileri Sorunlari Ara\u015ftirmalar Merkezi<\/title>\n<meta name=\"robots\" content=\"index, follow, max-snippet:-1, max-image-preview:large, max-video-preview:-1\" \/>\n<link rel=\"canonical\" href=\"https:\/\/akunq.net\/tr\/?p=64244\" \/>\n<meta property=\"og:locale\" content=\"en_US\" \/>\n<meta property=\"og:type\" content=\"article\" \/>\n<meta property=\"og:title\" content=\"S\u00fcmela\u2019da ayin: Bartholomeos y\u00f6netti, Trabzonsporlu Bakasetas kat\u0131ld\u0131 - Bati Ermenistan Ve Bati Ermenileri Sorunlari Ara\u015ftirmalar Merkezi\" \/>\n<meta property=\"og:description\" content=\"S\u00fcmela Manast\u0131r\u0131\u2019nda \u2018Meryem Ana\u2019n\u0131n g\u00f6\u011fe y\u00fckseli\u015f g\u00fcn\u00fc\u2019 ayinini Fener Rum Patri\u011fi Bartholomeos y\u00f6netti. S\u0131n\u0131rl\u0131 kat\u0131l\u0131mla yap\u0131lan ayinde Trabzonspor\u2019un Yunanistanl\u0131 futbolcusu Bakasetas da yer ald\u0131. DUVAR\u00a0\u2013 Trabzon\u2019un Ma\u00e7ka il\u00e7esindeki S\u00fcmela Manast\u0131r\u0131\u2019nda, Fener Rum Patri\u011fi Bartholomeos\u2019un y\u00f6netti\u011fi 8\u2019inci ayin ger\u00e7ekle\u015ftirildi. Pandemi tedbirleri sebebiyle ayine 110 ki\u015fi kat\u0131labildi.18 Hristiyan inanc\u0131nda \u2018Meryem Ana\u2019n\u0131n g\u00f6\u011fe y\u00fckseli\u015f g\u00fcn\u00fc\u2019 olarak kabul edilen [&hellip;]\" \/>\n<meta property=\"og:url\" content=\"https:\/\/akunq.net\/tr\/?p=64244\" \/>\n<meta property=\"og:site_name\" content=\"Bati Ermenistan Ve Bati Ermenileri Sorunlari Ara\u015ftirmalar Merkezi\" \/>\n<meta property=\"article:published_time\" content=\"2021-08-16T09:31:21+00:00\" \/>\n<meta property=\"og:image\" content=\"https:\/\/akunq.net\/tr\/wp-content\/uploads\/sites\/6\/2021\/08\/S\u00fcmela\u2019da-ayin-360x203.png\" \/>\n\t<meta property=\"og:image:width\" content=\"360\" \/>\n\t<meta property=\"og:image:height\" content=\"203\" \/>\n\t<meta property=\"og:image:type\" content=\"image\/png\" \/>\n<meta name=\"author\" content=\"admin\" \/>\n<meta name=\"twitter:card\" content=\"summary_large_image\" \/>\n<meta name=\"twitter:label1\" content=\"Written by\" \/>\n\t<meta name=\"twitter:data1\" content=\"admin\" \/>\n\t<meta name=\"twitter:label2\" content=\"Est. reading time\" \/>\n\t<meta name=\"twitter:data2\" content=\"4 minutes\" \/>\n<script type=\"application\/ld+json\" class=\"yoast-schema-graph\">{\"@context\":\"https:\\\/\\\/schema.org\",\"@graph\":[{\"@type\":\"Article\",\"@id\":\"https:\\\/\\\/akunq.net\\\/tr\\\/?p=64244#article\",\"isPartOf\":{\"@id\":\"https:\\\/\\\/akunq.net\\\/tr\\\/?p=64244\"},\"author\":{\"name\":\"admin\",\"@id\":\"https:\\\/\\\/akunq.net\\\/tr\\\/#\\\/schema\\\/person\\\/096f1d38a12cce57fb855b485ed24c9e\"},\"headline\":\"S\u00fcmela\u2019da ayin: Bartholomeos y\u00f6netti, Trabzonsporlu Bakasetas kat\u0131ld\u0131\",\"datePublished\":\"2021-08-16T09:31:21+00:00\",\"mainEntityOfPage\":{\"@id\":\"https:\\\/\\\/akunq.net\\\/tr\\\/?p=64244\"},\"wordCount\":750,\"commentCount\":0,\"image\":{\"@id\":\"https:\\\/\\\/akunq.net\\\/tr\\\/?p=64244#primaryimage\"},\"thumbnailUrl\":\"https:\\\/\\\/akunq.net\\\/tr\\\/wp-content\\\/uploads\\\/sites\\\/6\\\/2021\\\/08\\\/S\u00fcmela\u2019da-ayin.png\",\"articleSection\":[\"Haberler\",\"T\u00fcrkiye\u2019de Az\u0131nl\u0131klar\"],\"inLanguage\":\"en-US\",\"potentialAction\":[{\"@type\":\"CommentAction\",\"name\":\"Comment\",\"target\":[\"https:\\\/\\\/akunq.net\\\/tr\\\/?p=64244#respond\"]}]},{\"@type\":\"WebPage\",\"@id\":\"https:\\\/\\\/akunq.net\\\/tr\\\/?p=64244\",\"url\":\"https:\\\/\\\/akunq.net\\\/tr\\\/?p=64244\",\"name\":\"S\u00fcmela\u2019da ayin: Bartholomeos y\u00f6netti, Trabzonsporlu Bakasetas kat\u0131ld\u0131 - Bati Ermenistan Ve Bati Ermenileri Sorunlari Ara\u015ftirmalar Merkezi\",\"isPartOf\":{\"@id\":\"https:\\\/\\\/akunq.net\\\/tr\\\/#website\"},\"primaryImageOfPage\":{\"@id\":\"https:\\\/\\\/akunq.net\\\/tr\\\/?p=64244#primaryimage\"},\"image\":{\"@id\":\"https:\\\/\\\/akunq.net\\\/tr\\\/?p=64244#primaryimage\"},\"thumbnailUrl\":\"https:\\\/\\\/akunq.net\\\/tr\\\/wp-content\\\/uploads\\\/sites\\\/6\\\/2021\\\/08\\\/S\u00fcmela\u2019da-ayin.png\",\"datePublished\":\"2021-08-16T09:31:21+00:00\",\"author\":{\"@id\":\"https:\\\/\\\/akunq.net\\\/tr\\\/#\\\/schema\\\/person\\\/096f1d38a12cce57fb855b485ed24c9e\"},\"breadcrumb\":{\"@id\":\"https:\\\/\\\/akunq.net\\\/tr\\\/?p=64244#breadcrumb\"},\"inLanguage\":\"en-US\",\"potentialAction\":[{\"@type\":\"ReadAction\",\"target\":[\"https:\\\/\\\/akunq.net\\\/tr\\\/?p=64244\"]}]},{\"@type\":\"ImageObject\",\"inLanguage\":\"en-US\",\"@id\":\"https:\\\/\\\/akunq.net\\\/tr\\\/?p=64244#primaryimage\",\"url\":\"https:\\\/\\\/akunq.net\\\/tr\\\/wp-content\\\/uploads\\\/sites\\\/6\\\/2021\\\/08\\\/S\u00fcmela\u2019da-ayin.png\",\"contentUrl\":\"https:\\\/\\\/akunq.net\\\/tr\\\/wp-content\\\/uploads\\\/sites\\\/6\\\/2021\\\/08\\\/S\u00fcmela\u2019da-ayin.png\",\"width\":1472,\"height\":830},{\"@type\":\"BreadcrumbList\",\"@id\":\"https:\\\/\\\/akunq.net\\\/tr\\\/?p=64244#breadcrumb\",\"itemListElement\":[{\"@type\":\"ListItem\",\"position\":1,\"name\":\"Home\",\"item\":\"https:\\\/\\\/akunq.net\\\/tr\"},{\"@type\":\"ListItem\",\"position\":2,\"name\":\"S\u00fcmela\u2019da ayin: Bartholomeos y\u00f6netti, Trabzonsporlu Bakasetas kat\u0131ld\u0131\"}]},{\"@type\":\"WebSite\",\"@id\":\"https:\\\/\\\/akunq.net\\\/tr\\\/#website\",\"url\":\"https:\\\/\\\/akunq.net\\\/tr\\\/\",\"name\":\"Bati Ermenistan Ve Bati Ermenileri Sorunlari Ara\u015ftirmalar Merkezi\",\"description\":\"\",\"potentialAction\":[{\"@type\":\"SearchAction\",\"target\":{\"@type\":\"EntryPoint\",\"urlTemplate\":\"https:\\\/\\\/akunq.net\\\/tr\\\/?s={search_term_string}\"},\"query-input\":{\"@type\":\"PropertyValueSpecification\",\"valueRequired\":true,\"valueName\":\"search_term_string\"}}],\"inLanguage\":\"en-US\"},{\"@type\":\"Person\",\"@id\":\"https:\\\/\\\/akunq.net\\\/tr\\\/#\\\/schema\\\/person\\\/096f1d38a12cce57fb855b485ed24c9e\",\"name\":\"admin\",\"url\":\"https:\\\/\\\/akunq.net\\\/tr\\\/?author=7\"}]}<\/script>\n<!-- \/ Yoast SEO plugin. -->","yoast_head_json":{"title":"S\u00fcmela\u2019da ayin: Bartholomeos y\u00f6netti, Trabzonsporlu Bakasetas kat\u0131ld\u0131 - Bati Ermenistan Ve Bati Ermenileri Sorunlari Ara\u015ftirmalar Merkezi","robots":{"index":"index","follow":"follow","max-snippet":"max-snippet:-1","max-image-preview":"max-image-preview:large","max-video-preview":"max-video-preview:-1"},"canonical":"https:\/\/akunq.net\/tr\/?p=64244","og_locale":"en_US","og_type":"article","og_title":"S\u00fcmela\u2019da ayin: Bartholomeos y\u00f6netti, Trabzonsporlu Bakasetas kat\u0131ld\u0131 - Bati Ermenistan Ve Bati Ermenileri Sorunlari Ara\u015ftirmalar Merkezi","og_description":"S\u00fcmela Manast\u0131r\u0131\u2019nda \u2018Meryem Ana\u2019n\u0131n g\u00f6\u011fe y\u00fckseli\u015f g\u00fcn\u00fc\u2019 ayinini Fener Rum Patri\u011fi Bartholomeos y\u00f6netti. S\u0131n\u0131rl\u0131 kat\u0131l\u0131mla yap\u0131lan ayinde Trabzonspor\u2019un Yunanistanl\u0131 futbolcusu Bakasetas da yer ald\u0131. DUVAR\u00a0\u2013 Trabzon\u2019un Ma\u00e7ka il\u00e7esindeki S\u00fcmela Manast\u0131r\u0131\u2019nda, Fener Rum Patri\u011fi Bartholomeos\u2019un y\u00f6netti\u011fi 8\u2019inci ayin ger\u00e7ekle\u015ftirildi. Pandemi tedbirleri sebebiyle ayine 110 ki\u015fi kat\u0131labildi.18 Hristiyan inanc\u0131nda \u2018Meryem Ana\u2019n\u0131n g\u00f6\u011fe y\u00fckseli\u015f g\u00fcn\u00fc\u2019 olarak kabul edilen [&hellip;]","og_url":"https:\/\/akunq.net\/tr\/?p=64244","og_site_name":"Bati Ermenistan Ve Bati Ermenileri Sorunlari Ara\u015ftirmalar Merkezi","article_published_time":"2021-08-16T09:31:21+00:00","og_image":[{"width":360,"height":203,"url":"https:\/\/akunq.net\/tr\/wp-content\/uploads\/sites\/6\/2021\/08\/S\u00fcmela\u2019da-ayin-360x203.png","type":"image\/png"}],"author":"admin","twitter_card":"summary_large_image","twitter_misc":{"Written by":"admin","Est. reading time":"4 minutes"},"schema":{"@context":"https:\/\/schema.org","@graph":[{"@type":"Article","@id":"https:\/\/akunq.net\/tr\/?p=64244#article","isPartOf":{"@id":"https:\/\/akunq.net\/tr\/?p=64244"},"author":{"name":"admin","@id":"https:\/\/akunq.net\/tr\/#\/schema\/person\/096f1d38a12cce57fb855b485ed24c9e"},"headline":"S\u00fcmela\u2019da ayin: Bartholomeos y\u00f6netti, Trabzonsporlu Bakasetas kat\u0131ld\u0131","datePublished":"2021-08-16T09:31:21+00:00","mainEntityOfPage":{"@id":"https:\/\/akunq.net\/tr\/?p=64244"},"wordCount":750,"commentCount":0,"image":{"@id":"https:\/\/akunq.net\/tr\/?p=64244#primaryimage"},"thumbnailUrl":"https:\/\/akunq.net\/tr\/wp-content\/uploads\/sites\/6\/2021\/08\/S\u00fcmela\u2019da-ayin.png","articleSection":["Haberler","T\u00fcrkiye\u2019de Az\u0131nl\u0131klar"],"inLanguage":"en-US","potentialAction":[{"@type":"CommentAction","name":"Comment","target":["https:\/\/akunq.net\/tr\/?p=64244#respond"]}]},{"@type":"WebPage","@id":"https:\/\/akunq.net\/tr\/?p=64244","url":"https:\/\/akunq.net\/tr\/?p=64244","name":"S\u00fcmela\u2019da ayin: Bartholomeos y\u00f6netti, Trabzonsporlu Bakasetas kat\u0131ld\u0131 - Bati Ermenistan Ve Bati Ermenileri Sorunlari Ara\u015ftirmalar Merkezi","isPartOf":{"@id":"https:\/\/akunq.net\/tr\/#website"},"primaryImageOfPage":{"@id":"https:\/\/akunq.net\/tr\/?p=64244#primaryimage"},"image":{"@id":"https:\/\/akunq.net\/tr\/?p=64244#primaryimage"},"thumbnailUrl":"https:\/\/akunq.net\/tr\/wp-content\/uploads\/sites\/6\/2021\/08\/S\u00fcmela\u2019da-ayin.png","datePublished":"2021-08-16T09:31:21+00:00","author":{"@id":"https:\/\/akunq.net\/tr\/#\/schema\/person\/096f1d38a12cce57fb855b485ed24c9e"},"breadcrumb":{"@id":"https:\/\/akunq.net\/tr\/?p=64244#breadcrumb"},"inLanguage":"en-US","potentialAction":[{"@type":"ReadAction","target":["https:\/\/akunq.net\/tr\/?p=64244"]}]},{"@type":"ImageObject","inLanguage":"en-US","@id":"https:\/\/akunq.net\/tr\/?p=64244#primaryimage","url":"https:\/\/akunq.net\/tr\/wp-content\/uploads\/sites\/6\/2021\/08\/S\u00fcmela\u2019da-ayin.png","contentUrl":"https:\/\/akunq.net\/tr\/wp-content\/uploads\/sites\/6\/2021\/08\/S\u00fcmela\u2019da-ayin.png","width":1472,"height":830},{"@type":"BreadcrumbList","@id":"https:\/\/akunq.net\/tr\/?p=64244#breadcrumb","itemListElement":[{"@type":"ListItem","position":1,"name":"Home","item":"https:\/\/akunq.net\/tr"},{"@type":"ListItem","position":2,"name":"S\u00fcmela\u2019da ayin: Bartholomeos y\u00f6netti, Trabzonsporlu Bakasetas kat\u0131ld\u0131"}]},{"@type":"WebSite","@id":"https:\/\/akunq.net\/tr\/#website","url":"https:\/\/akunq.net\/tr\/","name":"Bati Ermenistan Ve Bati Ermenileri Sorunlari Ara\u015ftirmalar Merkezi","description":"","potentialAction":[{"@type":"SearchAction","target":{"@type":"EntryPoint","urlTemplate":"https:\/\/akunq.net\/tr\/?s={search_term_string}"},"query-input":{"@type":"PropertyValueSpecification","valueRequired":true,"valueName":"search_term_string"}}],"inLanguage":"en-US"},{"@type":"Person","@id":"https:\/\/akunq.net\/tr\/#\/schema\/person\/096f1d38a12cce57fb855b485ed24c9e","name":"admin","url":"https:\/\/akunq.net\/tr\/?author=7"}]}},"_links":{"self":[{"href":"https:\/\/akunq.net\/tr\/index.php?rest_route=\/wp\/v2\/posts\/64244","targetHints":{"allow":["GET"]}}],"collection":[{"href":"https:\/\/akunq.net\/tr\/index.php?rest_route=\/wp\/v2\/posts"}],"about":[{"href":"https:\/\/akunq.net\/tr\/index.php?rest_route=\/wp\/v2\/types\/post"}],"author":[{"embeddable":true,"href":"https:\/\/akunq.net\/tr\/index.php?rest_route=\/wp\/v2\/users\/7"}],"replies":[{"embeddable":true,"href":"https:\/\/akunq.net\/tr\/index.php?rest_route=%2Fwp%2Fv2%2Fcomments&post=64244"}],"version-history":[{"count":1,"href":"https:\/\/akunq.net\/tr\/index.php?rest_route=\/wp\/v2\/posts\/64244\/revisions"}],"predecessor-version":[{"id":64246,"href":"https:\/\/akunq.net\/tr\/index.php?rest_route=\/wp\/v2\/posts\/64244\/revisions\/64246"}],"wp:featuredmedia":[{"embeddable":true,"href":"https:\/\/akunq.net\/tr\/index.php?rest_route=\/wp\/v2\/media\/64245"}],"wp:attachment":[{"href":"https:\/\/akunq.net\/tr\/index.php?rest_route=%2Fwp%2Fv2%2Fmedia&parent=64244"}],"wp:term":[{"taxonomy":"category","embeddable":true,"href":"https:\/\/akunq.net\/tr\/index.php?rest_route=%2Fwp%2Fv2%2Fcategories&post=64244"},{"taxonomy":"post_tag","embeddable":true,"href":"https:\/\/akunq.net\/tr\/index.php?rest_route=%2Fwp%2Fv2%2Ftags&post=64244"}],"curies":[{"name":"wp","href":"https:\/\/api.w.org\/{rel}","templated":true}]}}