{"id":64232,"date":"2021-08-16T03:31:31","date_gmt":"2021-08-16T08:31:31","guid":{"rendered":"https:\/\/akunq.net\/tr\/?p=64232"},"modified":"2021-08-16T03:31:31","modified_gmt":"2021-08-16T08:31:31","slug":"sumelada-8inci-ayin","status":"publish","type":"post","link":"https:\/\/akunq.net\/tr\/?p=64232","title":{"rendered":"S\u00fcmela\u2019da 8\u2019inci ayin"},"content":{"rendered":"<p><img loading=\"lazy\" decoding=\"async\" class=\"aligncenter size-medium wp-image-64233\" src=\"https:\/\/akunq.net\/tr\/wp-content\/uploads\/2021\/08\/S\u00fcmela-360x204.png\" alt=\"\" width=\"360\" height=\"204\" srcset=\"https:\/\/akunq.net\/tr\/wp-content\/uploads\/sites\/6\/2021\/08\/S\u00fcmela-360x204.png 360w, https:\/\/akunq.net\/tr\/wp-content\/uploads\/sites\/6\/2021\/08\/S\u00fcmela-560x317.png 560w, https:\/\/akunq.net\/tr\/wp-content\/uploads\/sites\/6\/2021\/08\/S\u00fcmela-260x147.png 260w, https:\/\/akunq.net\/tr\/wp-content\/uploads\/sites\/6\/2021\/08\/S\u00fcmela-160x91.png 160w, https:\/\/akunq.net\/tr\/wp-content\/uploads\/sites\/6\/2021\/08\/S\u00fcmela.png 647w\" sizes=\"auto, (max-width: 360px) 100vw, 360px\" \/><\/p>\n<p><em><strong>Fener Rum Patri\u011fi Bartholomeos, Trabzon\u2019un Ma\u00e7ka il\u00e7esinde, S\u00fcmela Manast\u0131r\u0131\u2019nda ayin y\u00f6netti.\u00a0<\/strong><\/em><\/p>\n<p>H\u0131ristiyan aleminde \u2018Meryem Ana\u2019n\u0131n g\u00f6\u011fe y\u00fckseli\u015f g\u00fcn\u00fc\u2019 olarak kabul edilen ve kutsal say\u0131lan y\u0131ld\u00f6n\u00fcm\u00fcnde d\u00fczenlenen ayine, pandemi tedbirleri nedeniyle kontenjan ayr\u0131lan 110 ki\u015fi kat\u0131ld\u0131. Ayine kat\u0131lacaklar, minib\u00fcslerle geldikleri tarihi\u00a0<a href=\"https:\/\/www.hurriyet.com.tr\/haberleri\/sumela-manastiri\" target=\"_blank\" rel=\"noreferrer noopener\">S\u00fcmela Manast\u0131r\u0131<\/a>\u2019na Trabzon Valili\u011fi\u2019nce verilen giri\u015f kartlar\u0131yla kontroll\u00fc \u015fekilde al\u0131nd\u0131. Manast\u0131r\u0131n i\u00e7i ve \u00e7evresinde jandarma ekipleri g\u00fcvenlik \u00f6nlemleri ald\u0131.<\/p>\n<figure class=\"wp-block-image\"><img decoding=\"async\" src=\"https:\/\/i0.wp.com\/i4.hurimg.com\/i\/hurriyet\/75\/770x0\/6119794c4e3fe017c4d2e941.jpg?ssl=1\" alt=\"S\u00fcmela\u2019da 8\u2019inci ayin\" data-recalc-dims=\"1\" \/><\/figure>\n<p><strong>AFETZEDELERE DUA ETT\u0130<\/strong><\/p>\n<p>Ayinde konu\u015fan Bartholomeos, \u201c\u015e\u00fck\u00fcrler olsun ki, bu kutsal mekanda bu \u00f6zel g\u00fcnde sizlerle yeniden bulu\u015ftuk. \u00dclkemizi, b\u00f6lgemizi, toplumlar\u0131m\u0131z\u0131 her t\u00fcrl\u00fc tehlikeden azat etmesi i\u00e7in hayk\u0131rd\u0131k, pandemiden, sel ve yang\u0131nlardan zarar g\u00f6renlerin iyile\u015fmesi i\u00e7in \u015fifas\u0131n\u0131 diledik. Onlara b\u00fcy\u00fck ge\u00e7mi\u015f olsun deriz\u201d dedi.<\/p>\n<figure class=\"wp-block-image\"><img decoding=\"async\" src=\"https:\/\/i0.wp.com\/i4.hurimg.com\/i\/hurriyet\/75\/770x0\/6119794c4e3fe017c4d2e93f.jpg?ssl=1\" alt=\"S\u00fcmela\u2019da 8\u2019inci ayin\" data-recalc-dims=\"1\" \/><\/figure>\n<p><strong>ERDO\u011eAN\u2019A TE\u015eEKK\u00dcR<\/strong><\/p>\n<p>Cumhurba\u015fkan\u0131 Tayyip Erdo\u011fan\u2019a te\u015fekk\u00fcr eden Bartholomeos, \u201c90 y\u0131ll\u0131k bir kopukluktan sonra, bizlere bu imk\u00e2n\u0131 ilk kez 2010 y\u0131l\u0131nda sa\u011flayan Cumhurba\u015fkan\u0131m\u0131z Say\u0131n Recep Tayyip Erdo\u011fan\u2019a tekrar te\u015fekk\u00fcrlerimizi sunuyoruz. Ayr\u0131ca bu hafta \u00c7anakkale Truva M\u00fczesi\u2019nde 14 y\u0131l \u00f6nce \u00e7al\u0131nan, 12 adet ikonan\u0131n Rum kiliselerine iadesine \u00f6n ayak olan, bu manast\u0131r\u0131n restorasyonuna \u00f6zel ilgi g\u00f6steren K\u00fclt\u00fcr ve Turizm Bakan\u0131m\u0131z Say\u0131n Mehmet Nuri Ersoy\u2019a m\u00fcte\u015fekkiriz\u201d diye konu\u015ftu.<\/p>\n<p><em><strong><a href=\"https:\/\/www.hurriyet.com.tr\/gundem\/sumelada-8inci-ayin-41873950\">https:\/\/www.hurriyet.com.tr\/gundem\/sumelada-8inci-ayin-41873950<\/a><\/strong><\/em><\/p>\n","protected":false},"excerpt":{"rendered":"<p>Fener Rum Patri\u011fi Bartholomeos, Trabzon\u2019un Ma\u00e7ka il\u00e7esinde, S\u00fcmela Manast\u0131r\u0131\u2019nda ayin y\u00f6netti.\u00a0 H\u0131ristiyan aleminde \u2018Meryem Ana\u2019n\u0131n g\u00f6\u011fe y\u00fckseli\u015f g\u00fcn\u00fc\u2019 olarak kabul edilen ve kutsal say\u0131lan y\u0131ld\u00f6n\u00fcm\u00fcnde d\u00fczenlenen ayine, pandemi tedbirleri nedeniyle kontenjan ayr\u0131lan 110 ki\u015fi kat\u0131ld\u0131. Ayine kat\u0131lacaklar, minib\u00fcslerle geldikleri tarihi\u00a0S\u00fcmela Manast\u0131r\u0131\u2019na Trabzon Valili\u011fi\u2019nce verilen giri\u015f kartlar\u0131yla kontroll\u00fc \u015fekilde al\u0131nd\u0131. Manast\u0131r\u0131n i\u00e7i ve \u00e7evresinde jandarma ekipleri [&hellip;]<\/p>\n","protected":false},"author":7,"featured_media":64233,"comment_status":"open","ping_status":"open","sticky":false,"template":"","format":"standard","meta":{"footnotes":""},"categories":[1,53],"tags":[],"class_list":["post-64232","post","type-post","status-publish","format-standard","has-post-thumbnail","hentry","category-haberler","category-turkiyede-azinliklar"],"yoast_head":"<!-- This site is optimized with the Yoast SEO plugin v27.4 - https:\/\/yoast.com\/product\/yoast-seo-wordpress\/ -->\n<title>S\u00fcmela\u2019da 8\u2019inci ayin - Bati Ermenistan Ve Bati Ermenileri Sorunlari Ara\u015ftirmalar Merkezi<\/title>\n<meta name=\"robots\" content=\"index, follow, max-snippet:-1, max-image-preview:large, max-video-preview:-1\" \/>\n<link rel=\"canonical\" href=\"https:\/\/akunq.net\/tr\/?p=64232\" \/>\n<meta property=\"og:locale\" content=\"en_US\" \/>\n<meta property=\"og:type\" content=\"article\" \/>\n<meta property=\"og:title\" content=\"S\u00fcmela\u2019da 8\u2019inci ayin - Bati Ermenistan Ve Bati Ermenileri Sorunlari Ara\u015ftirmalar Merkezi\" \/>\n<meta property=\"og:description\" content=\"Fener Rum Patri\u011fi Bartholomeos, Trabzon\u2019un Ma\u00e7ka il\u00e7esinde, S\u00fcmela Manast\u0131r\u0131\u2019nda ayin y\u00f6netti.\u00a0 H\u0131ristiyan aleminde \u2018Meryem Ana\u2019n\u0131n g\u00f6\u011fe y\u00fckseli\u015f g\u00fcn\u00fc\u2019 olarak kabul edilen ve kutsal say\u0131lan y\u0131ld\u00f6n\u00fcm\u00fcnde d\u00fczenlenen ayine, pandemi tedbirleri nedeniyle kontenjan ayr\u0131lan 110 ki\u015fi kat\u0131ld\u0131. Ayine kat\u0131lacaklar, minib\u00fcslerle geldikleri tarihi\u00a0S\u00fcmela Manast\u0131r\u0131\u2019na Trabzon Valili\u011fi\u2019nce verilen giri\u015f kartlar\u0131yla kontroll\u00fc \u015fekilde al\u0131nd\u0131. Manast\u0131r\u0131n i\u00e7i ve \u00e7evresinde jandarma ekipleri [&hellip;]\" \/>\n<meta property=\"og:url\" content=\"https:\/\/akunq.net\/tr\/?p=64232\" \/>\n<meta property=\"og:site_name\" content=\"Bati Ermenistan Ve Bati Ermenileri Sorunlari Ara\u015ftirmalar Merkezi\" \/>\n<meta property=\"article:published_time\" content=\"2021-08-16T08:31:31+00:00\" \/>\n<meta property=\"og:image\" content=\"https:\/\/akunq.net\/tr\/wp-content\/uploads\/sites\/6\/2021\/08\/S\u00fcmela.png\" \/>\n\t<meta property=\"og:image:width\" content=\"647\" \/>\n\t<meta property=\"og:image:height\" content=\"366\" \/>\n\t<meta property=\"og:image:type\" content=\"image\/png\" \/>\n<meta name=\"author\" content=\"admin\" \/>\n<meta name=\"twitter:card\" content=\"summary_large_image\" \/>\n<meta name=\"twitter:label1\" content=\"Written by\" \/>\n\t<meta name=\"twitter:data1\" content=\"admin\" \/>\n\t<meta name=\"twitter:label2\" content=\"Est. reading time\" \/>\n\t<meta name=\"twitter:data2\" content=\"1 minute\" \/>\n<script type=\"application\/ld+json\" class=\"yoast-schema-graph\">{\"@context\":\"https:\\\/\\\/schema.org\",\"@graph\":[{\"@type\":\"Article\",\"@id\":\"https:\\\/\\\/akunq.net\\\/tr\\\/?p=64232#article\",\"isPartOf\":{\"@id\":\"https:\\\/\\\/akunq.net\\\/tr\\\/?p=64232\"},\"author\":{\"name\":\"admin\",\"@id\":\"https:\\\/\\\/akunq.net\\\/tr\\\/#\\\/schema\\\/person\\\/096f1d38a12cce57fb855b485ed24c9e\"},\"headline\":\"S\u00fcmela\u2019da 8\u2019inci ayin\",\"datePublished\":\"2021-08-16T08:31:31+00:00\",\"mainEntityOfPage\":{\"@id\":\"https:\\\/\\\/akunq.net\\\/tr\\\/?p=64232\"},\"wordCount\":272,\"commentCount\":0,\"image\":{\"@id\":\"https:\\\/\\\/akunq.net\\\/tr\\\/?p=64232#primaryimage\"},\"thumbnailUrl\":\"https:\\\/\\\/akunq.net\\\/tr\\\/wp-content\\\/uploads\\\/sites\\\/6\\\/2021\\\/08\\\/S\u00fcmela.png\",\"articleSection\":[\"Haberler\",\"T\u00fcrkiye\u2019de Az\u0131nl\u0131klar\"],\"inLanguage\":\"en-US\",\"potentialAction\":[{\"@type\":\"CommentAction\",\"name\":\"Comment\",\"target\":[\"https:\\\/\\\/akunq.net\\\/tr\\\/?p=64232#respond\"]}]},{\"@type\":\"WebPage\",\"@id\":\"https:\\\/\\\/akunq.net\\\/tr\\\/?p=64232\",\"url\":\"https:\\\/\\\/akunq.net\\\/tr\\\/?p=64232\",\"name\":\"S\u00fcmela\u2019da 8\u2019inci ayin - Bati Ermenistan Ve Bati Ermenileri Sorunlari Ara\u015ftirmalar Merkezi\",\"isPartOf\":{\"@id\":\"https:\\\/\\\/akunq.net\\\/tr\\\/#website\"},\"primaryImageOfPage\":{\"@id\":\"https:\\\/\\\/akunq.net\\\/tr\\\/?p=64232#primaryimage\"},\"image\":{\"@id\":\"https:\\\/\\\/akunq.net\\\/tr\\\/?p=64232#primaryimage\"},\"thumbnailUrl\":\"https:\\\/\\\/akunq.net\\\/tr\\\/wp-content\\\/uploads\\\/sites\\\/6\\\/2021\\\/08\\\/S\u00fcmela.png\",\"datePublished\":\"2021-08-16T08:31:31+00:00\",\"author\":{\"@id\":\"https:\\\/\\\/akunq.net\\\/tr\\\/#\\\/schema\\\/person\\\/096f1d38a12cce57fb855b485ed24c9e\"},\"breadcrumb\":{\"@id\":\"https:\\\/\\\/akunq.net\\\/tr\\\/?p=64232#breadcrumb\"},\"inLanguage\":\"en-US\",\"potentialAction\":[{\"@type\":\"ReadAction\",\"target\":[\"https:\\\/\\\/akunq.net\\\/tr\\\/?p=64232\"]}]},{\"@type\":\"ImageObject\",\"inLanguage\":\"en-US\",\"@id\":\"https:\\\/\\\/akunq.net\\\/tr\\\/?p=64232#primaryimage\",\"url\":\"https:\\\/\\\/akunq.net\\\/tr\\\/wp-content\\\/uploads\\\/sites\\\/6\\\/2021\\\/08\\\/S\u00fcmela.png\",\"contentUrl\":\"https:\\\/\\\/akunq.net\\\/tr\\\/wp-content\\\/uploads\\\/sites\\\/6\\\/2021\\\/08\\\/S\u00fcmela.png\",\"width\":647,\"height\":366},{\"@type\":\"BreadcrumbList\",\"@id\":\"https:\\\/\\\/akunq.net\\\/tr\\\/?p=64232#breadcrumb\",\"itemListElement\":[{\"@type\":\"ListItem\",\"position\":1,\"name\":\"Home\",\"item\":\"https:\\\/\\\/akunq.net\\\/tr\"},{\"@type\":\"ListItem\",\"position\":2,\"name\":\"S\u00fcmela\u2019da 8\u2019inci ayin\"}]},{\"@type\":\"WebSite\",\"@id\":\"https:\\\/\\\/akunq.net\\\/tr\\\/#website\",\"url\":\"https:\\\/\\\/akunq.net\\\/tr\\\/\",\"name\":\"Bati Ermenistan Ve Bati Ermenileri Sorunlari Ara\u015ftirmalar Merkezi\",\"description\":\"\",\"potentialAction\":[{\"@type\":\"SearchAction\",\"target\":{\"@type\":\"EntryPoint\",\"urlTemplate\":\"https:\\\/\\\/akunq.net\\\/tr\\\/?s={search_term_string}\"},\"query-input\":{\"@type\":\"PropertyValueSpecification\",\"valueRequired\":true,\"valueName\":\"search_term_string\"}}],\"inLanguage\":\"en-US\"},{\"@type\":\"Person\",\"@id\":\"https:\\\/\\\/akunq.net\\\/tr\\\/#\\\/schema\\\/person\\\/096f1d38a12cce57fb855b485ed24c9e\",\"name\":\"admin\",\"url\":\"https:\\\/\\\/akunq.net\\\/tr\\\/?author=7\"}]}<\/script>\n<!-- \/ Yoast SEO plugin. -->","yoast_head_json":{"title":"S\u00fcmela\u2019da 8\u2019inci ayin - Bati Ermenistan Ve Bati Ermenileri Sorunlari Ara\u015ftirmalar Merkezi","robots":{"index":"index","follow":"follow","max-snippet":"max-snippet:-1","max-image-preview":"max-image-preview:large","max-video-preview":"max-video-preview:-1"},"canonical":"https:\/\/akunq.net\/tr\/?p=64232","og_locale":"en_US","og_type":"article","og_title":"S\u00fcmela\u2019da 8\u2019inci ayin - Bati Ermenistan Ve Bati Ermenileri Sorunlari Ara\u015ftirmalar Merkezi","og_description":"Fener Rum Patri\u011fi Bartholomeos, Trabzon\u2019un Ma\u00e7ka il\u00e7esinde, S\u00fcmela Manast\u0131r\u0131\u2019nda ayin y\u00f6netti.\u00a0 H\u0131ristiyan aleminde \u2018Meryem Ana\u2019n\u0131n g\u00f6\u011fe y\u00fckseli\u015f g\u00fcn\u00fc\u2019 olarak kabul edilen ve kutsal say\u0131lan y\u0131ld\u00f6n\u00fcm\u00fcnde d\u00fczenlenen ayine, pandemi tedbirleri nedeniyle kontenjan ayr\u0131lan 110 ki\u015fi kat\u0131ld\u0131. Ayine kat\u0131lacaklar, minib\u00fcslerle geldikleri tarihi\u00a0S\u00fcmela Manast\u0131r\u0131\u2019na Trabzon Valili\u011fi\u2019nce verilen giri\u015f kartlar\u0131yla kontroll\u00fc \u015fekilde al\u0131nd\u0131. Manast\u0131r\u0131n i\u00e7i ve \u00e7evresinde jandarma ekipleri [&hellip;]","og_url":"https:\/\/akunq.net\/tr\/?p=64232","og_site_name":"Bati Ermenistan Ve Bati Ermenileri Sorunlari Ara\u015ftirmalar Merkezi","article_published_time":"2021-08-16T08:31:31+00:00","og_image":[{"width":647,"height":366,"url":"https:\/\/akunq.net\/tr\/wp-content\/uploads\/sites\/6\/2021\/08\/S\u00fcmela.png","type":"image\/png"}],"author":"admin","twitter_card":"summary_large_image","twitter_misc":{"Written by":"admin","Est. reading time":"1 minute"},"schema":{"@context":"https:\/\/schema.org","@graph":[{"@type":"Article","@id":"https:\/\/akunq.net\/tr\/?p=64232#article","isPartOf":{"@id":"https:\/\/akunq.net\/tr\/?p=64232"},"author":{"name":"admin","@id":"https:\/\/akunq.net\/tr\/#\/schema\/person\/096f1d38a12cce57fb855b485ed24c9e"},"headline":"S\u00fcmela\u2019da 8\u2019inci ayin","datePublished":"2021-08-16T08:31:31+00:00","mainEntityOfPage":{"@id":"https:\/\/akunq.net\/tr\/?p=64232"},"wordCount":272,"commentCount":0,"image":{"@id":"https:\/\/akunq.net\/tr\/?p=64232#primaryimage"},"thumbnailUrl":"https:\/\/akunq.net\/tr\/wp-content\/uploads\/sites\/6\/2021\/08\/S\u00fcmela.png","articleSection":["Haberler","T\u00fcrkiye\u2019de Az\u0131nl\u0131klar"],"inLanguage":"en-US","potentialAction":[{"@type":"CommentAction","name":"Comment","target":["https:\/\/akunq.net\/tr\/?p=64232#respond"]}]},{"@type":"WebPage","@id":"https:\/\/akunq.net\/tr\/?p=64232","url":"https:\/\/akunq.net\/tr\/?p=64232","name":"S\u00fcmela\u2019da 8\u2019inci ayin - Bati Ermenistan Ve Bati Ermenileri Sorunlari Ara\u015ftirmalar Merkezi","isPartOf":{"@id":"https:\/\/akunq.net\/tr\/#website"},"primaryImageOfPage":{"@id":"https:\/\/akunq.net\/tr\/?p=64232#primaryimage"},"image":{"@id":"https:\/\/akunq.net\/tr\/?p=64232#primaryimage"},"thumbnailUrl":"https:\/\/akunq.net\/tr\/wp-content\/uploads\/sites\/6\/2021\/08\/S\u00fcmela.png","datePublished":"2021-08-16T08:31:31+00:00","author":{"@id":"https:\/\/akunq.net\/tr\/#\/schema\/person\/096f1d38a12cce57fb855b485ed24c9e"},"breadcrumb":{"@id":"https:\/\/akunq.net\/tr\/?p=64232#breadcrumb"},"inLanguage":"en-US","potentialAction":[{"@type":"ReadAction","target":["https:\/\/akunq.net\/tr\/?p=64232"]}]},{"@type":"ImageObject","inLanguage":"en-US","@id":"https:\/\/akunq.net\/tr\/?p=64232#primaryimage","url":"https:\/\/akunq.net\/tr\/wp-content\/uploads\/sites\/6\/2021\/08\/S\u00fcmela.png","contentUrl":"https:\/\/akunq.net\/tr\/wp-content\/uploads\/sites\/6\/2021\/08\/S\u00fcmela.png","width":647,"height":366},{"@type":"BreadcrumbList","@id":"https:\/\/akunq.net\/tr\/?p=64232#breadcrumb","itemListElement":[{"@type":"ListItem","position":1,"name":"Home","item":"https:\/\/akunq.net\/tr"},{"@type":"ListItem","position":2,"name":"S\u00fcmela\u2019da 8\u2019inci ayin"}]},{"@type":"WebSite","@id":"https:\/\/akunq.net\/tr\/#website","url":"https:\/\/akunq.net\/tr\/","name":"Bati Ermenistan Ve Bati Ermenileri Sorunlari Ara\u015ftirmalar Merkezi","description":"","potentialAction":[{"@type":"SearchAction","target":{"@type":"EntryPoint","urlTemplate":"https:\/\/akunq.net\/tr\/?s={search_term_string}"},"query-input":{"@type":"PropertyValueSpecification","valueRequired":true,"valueName":"search_term_string"}}],"inLanguage":"en-US"},{"@type":"Person","@id":"https:\/\/akunq.net\/tr\/#\/schema\/person\/096f1d38a12cce57fb855b485ed24c9e","name":"admin","url":"https:\/\/akunq.net\/tr\/?author=7"}]}},"_links":{"self":[{"href":"https:\/\/akunq.net\/tr\/index.php?rest_route=\/wp\/v2\/posts\/64232","targetHints":{"allow":["GET"]}}],"collection":[{"href":"https:\/\/akunq.net\/tr\/index.php?rest_route=\/wp\/v2\/posts"}],"about":[{"href":"https:\/\/akunq.net\/tr\/index.php?rest_route=\/wp\/v2\/types\/post"}],"author":[{"embeddable":true,"href":"https:\/\/akunq.net\/tr\/index.php?rest_route=\/wp\/v2\/users\/7"}],"replies":[{"embeddable":true,"href":"https:\/\/akunq.net\/tr\/index.php?rest_route=%2Fwp%2Fv2%2Fcomments&post=64232"}],"version-history":[{"count":1,"href":"https:\/\/akunq.net\/tr\/index.php?rest_route=\/wp\/v2\/posts\/64232\/revisions"}],"predecessor-version":[{"id":64234,"href":"https:\/\/akunq.net\/tr\/index.php?rest_route=\/wp\/v2\/posts\/64232\/revisions\/64234"}],"wp:featuredmedia":[{"embeddable":true,"href":"https:\/\/akunq.net\/tr\/index.php?rest_route=\/wp\/v2\/media\/64233"}],"wp:attachment":[{"href":"https:\/\/akunq.net\/tr\/index.php?rest_route=%2Fwp%2Fv2%2Fmedia&parent=64232"}],"wp:term":[{"taxonomy":"category","embeddable":true,"href":"https:\/\/akunq.net\/tr\/index.php?rest_route=%2Fwp%2Fv2%2Fcategories&post=64232"},{"taxonomy":"post_tag","embeddable":true,"href":"https:\/\/akunq.net\/tr\/index.php?rest_route=%2Fwp%2Fv2%2Ftags&post=64232"}],"curies":[{"name":"wp","href":"https:\/\/api.w.org\/{rel}","templated":true}]}}