{"id":64221,"date":"2021-08-13T03:44:52","date_gmt":"2021-08-13T08:44:52","guid":{"rendered":"https:\/\/akunq.net\/tr\/?p=64221"},"modified":"2021-08-13T03:44:52","modified_gmt":"2021-08-13T08:44:52","slug":"altindagda-oldurulen-gencin-dayisi-suriyeli-araci-parcalayin-vurun-istemiyoruz","status":"publish","type":"post","link":"https:\/\/akunq.net\/tr\/?p=64221","title":{"rendered":"Alt\u0131nda\u011f\u2019da \u00f6ld\u00fcr\u00fclen gencin day\u0131s\u0131: Suriyeli arac\u0131 par\u00e7alay\u0131n, vurun istemiyoruz"},"content":{"rendered":"<div class=\"spot\">\n<p><img loading=\"lazy\" decoding=\"async\" class=\"aligncenter size-medium wp-image-64222\" src=\"https:\/\/akunq.net\/tr\/wp-content\/uploads\/2021\/08\/Alt\u0131nda\u011f-360x240.jpg\" alt=\"\" width=\"360\" height=\"240\" srcset=\"https:\/\/akunq.net\/tr\/wp-content\/uploads\/sites\/6\/2021\/08\/Alt\u0131nda\u011f-360x240.jpg 360w, https:\/\/akunq.net\/tr\/wp-content\/uploads\/sites\/6\/2021\/08\/Alt\u0131nda\u011f-768x512.jpg 768w, https:\/\/akunq.net\/tr\/wp-content\/uploads\/sites\/6\/2021\/08\/Alt\u0131nda\u011f-560x373.jpg 560w, https:\/\/akunq.net\/tr\/wp-content\/uploads\/sites\/6\/2021\/08\/Alt\u0131nda\u011f-260x173.jpg 260w, https:\/\/akunq.net\/tr\/wp-content\/uploads\/sites\/6\/2021\/08\/Alt\u0131nda\u011f-160x107.jpg 160w, https:\/\/akunq.net\/tr\/wp-content\/uploads\/sites\/6\/2021\/08\/Alt\u0131nda\u011f.jpg 840w\" sizes=\"auto, (max-width: 360px) 100vw, 360px\" \/><\/p>\n<p><em><strong>Ankara Alt\u0131nda\u011f&#8217;da \u00f6ld\u00fcr\u00fclen 18 ya\u015f\u0131ndaki Emirhan Yal\u00e7\u0131n&#8217;\u0131n day\u0131s\u0131 Bekir Ac\u0131elma, \u201cBiz, &#8216;Gidip Suriyelinin arac\u0131n\u0131 par\u00e7alay\u0131n, \u00f6b\u00fcr\u00fcne vurun istemiyoruz\u201d dedi.<\/strong><\/em><\/p>\n<\/div>\n<div class=\"haber\">\n<div id=\"haber-reklam\" class=\"haber-metin\">\n<p>Ankara\u2019n\u0131n Alt\u0131nda\u011f il\u00e7esinde \u00e7\u0131kan bir kavgada hayat\u0131n\u0131 kaybeden 18 ya\u015f\u0131ndaki Emirhan Yal\u00e7\u0131n&#8217;\u0131n day\u0131s\u0131 Bekir Ac\u0131elma, \u201cBiz, &#8216;Gidip Suriyelinin arac\u0131n\u0131 par\u00e7alay\u0131n, \u00f6b\u00fcr\u00fcne vurun istemiyoruz\u201d dedi.<\/p>\n<p>Yal\u00e7\u0131n\u2019\u0131n vefat\u0131 nedeniyle evinin bulundu\u011fu sokakta kurulan taziye \u00e7ad\u0131r\u0131nda AA muhabirine konu\u015fan Emirhan Yal\u00e7\u0131n&#8217;\u0131n day\u0131s\u0131 Bekir Ac\u0131elma ya\u015fanan olaylara ili\u015fkin, &#8220;Biz, &#8216;Gidip Suriyelinin arac\u0131n\u0131 par\u00e7alay\u0131n, \u00f6b\u00fcr\u00fcne vurun istemiyoruz. Biz b\u00f6yle bir \u015fey yapmak istemiyoruz.&#8217; dedik.&#8221; ifadesini kulland\u0131.<\/p>\n<p><strong>NE OLMU\u015eTU?<\/strong><\/p>\n<p>Ankara&#8217;n\u0131n Alt\u0131nda\u011f il\u00e7esi Battalgazi Mahallesi&#8217;nde bulunan parkta 11 A\u011fustos \u00c7ar\u015famba g\u00fcn\u00fc iki grup aras\u0131nda kavga \u00e7\u0131km\u0131\u015f, Emirhan Yal\u00e7\u0131n ve Ali Yasin G\u00fcler b\u0131\u00e7akla yaralanm\u0131\u015ft\u0131.<\/p>\n<p>Yaral\u0131lardan Emirhan Yal\u00e7\u0131n, sa\u011fl\u0131k ekiplerince yap\u0131lan m\u00fcdahalelere ra\u011fmen kurtar\u0131lamam\u0131\u015ft\u0131.<\/p>\n<p>Yal\u00e7\u0131n&#8217;\u0131n hayat\u0131n\u0131 kaybetmesinin ard\u0131ndan Alt\u0131nda\u011f&#8217;da Suriyelilerin evlerine ve i\u015f yerlerine y\u00fczlerce ki\u015finin kat\u0131ld\u0131\u011f\u0131 sald\u0131r\u0131lar d\u00fczenlenmi\u015fti. Bunun \u00fczerine 76 ki\u015fi g\u00f6zalt\u0131na al\u0131nm\u0131\u015f ve 38&#8217;inin ya\u011fma, kasten yaralama, h\u0131rs\u0131zl\u0131k, uyu\u015fturucu madde bulundurma\/ticareti vb. su\u00e7lardan kayd\u0131n\u0131n bulundu\u011fu a\u00e7\u0131klanm\u0131\u015ft\u0131.<\/p>\n<p><em><strong>https:\/\/www.evrensel.net\/haber\/440210\/altindagda-oldurulen-gencin-dayisi-suriyeli-araci-parcalayin-vurun-istemiyoruz<\/strong><\/em><\/p>\n<\/div>\n<\/div>\n","protected":false},"excerpt":{"rendered":"<p>Ankara Alt\u0131nda\u011f&#8217;da \u00f6ld\u00fcr\u00fclen 18 ya\u015f\u0131ndaki Emirhan Yal\u00e7\u0131n&#8217;\u0131n day\u0131s\u0131 Bekir Ac\u0131elma, \u201cBiz, &#8216;Gidip Suriyelinin arac\u0131n\u0131 par\u00e7alay\u0131n, \u00f6b\u00fcr\u00fcne vurun istemiyoruz\u201d dedi. Ankara\u2019n\u0131n Alt\u0131nda\u011f il\u00e7esinde \u00e7\u0131kan bir kavgada hayat\u0131n\u0131 kaybeden 18 ya\u015f\u0131ndaki Emirhan Yal\u00e7\u0131n&#8217;\u0131n day\u0131s\u0131 Bekir Ac\u0131elma, \u201cBiz, &#8216;Gidip Suriyelinin arac\u0131n\u0131 par\u00e7alay\u0131n, \u00f6b\u00fcr\u00fcne vurun istemiyoruz\u201d dedi. Yal\u00e7\u0131n\u2019\u0131n vefat\u0131 nedeniyle evinin bulundu\u011fu sokakta kurulan taziye \u00e7ad\u0131r\u0131nda AA muhabirine konu\u015fan [&hellip;]<\/p>\n","protected":false},"author":7,"featured_media":64222,"comment_status":"open","ping_status":"open","sticky":false,"template":"","format":"standard","meta":{"footnotes":""},"categories":[1],"tags":[],"class_list":["post-64221","post","type-post","status-publish","format-standard","has-post-thumbnail","hentry","category-haberler"],"yoast_head":"<!-- This site is optimized with the Yoast SEO plugin v27.4 - https:\/\/yoast.com\/product\/yoast-seo-wordpress\/ -->\n<title>Alt\u0131nda\u011f\u2019da \u00f6ld\u00fcr\u00fclen gencin day\u0131s\u0131: Suriyeli arac\u0131 par\u00e7alay\u0131n, vurun istemiyoruz - Bati Ermenistan Ve Bati Ermenileri Sorunlari Ara\u015ftirmalar Merkezi<\/title>\n<meta name=\"robots\" content=\"index, follow, max-snippet:-1, max-image-preview:large, max-video-preview:-1\" \/>\n<link rel=\"canonical\" href=\"https:\/\/akunq.net\/tr\/?p=64221\" \/>\n<meta property=\"og:locale\" content=\"en_US\" \/>\n<meta property=\"og:type\" content=\"article\" \/>\n<meta property=\"og:title\" content=\"Alt\u0131nda\u011f\u2019da \u00f6ld\u00fcr\u00fclen gencin day\u0131s\u0131: Suriyeli arac\u0131 par\u00e7alay\u0131n, vurun istemiyoruz - Bati Ermenistan Ve Bati Ermenileri Sorunlari Ara\u015ftirmalar Merkezi\" \/>\n<meta property=\"og:description\" content=\"Ankara Alt\u0131nda\u011f&#8217;da \u00f6ld\u00fcr\u00fclen 18 ya\u015f\u0131ndaki Emirhan Yal\u00e7\u0131n&#8217;\u0131n day\u0131s\u0131 Bekir Ac\u0131elma, \u201cBiz, &#8216;Gidip Suriyelinin arac\u0131n\u0131 par\u00e7alay\u0131n, \u00f6b\u00fcr\u00fcne vurun istemiyoruz\u201d dedi. Ankara\u2019n\u0131n Alt\u0131nda\u011f il\u00e7esinde \u00e7\u0131kan bir kavgada hayat\u0131n\u0131 kaybeden 18 ya\u015f\u0131ndaki Emirhan Yal\u00e7\u0131n&#8217;\u0131n day\u0131s\u0131 Bekir Ac\u0131elma, \u201cBiz, &#8216;Gidip Suriyelinin arac\u0131n\u0131 par\u00e7alay\u0131n, \u00f6b\u00fcr\u00fcne vurun istemiyoruz\u201d dedi. Yal\u00e7\u0131n\u2019\u0131n vefat\u0131 nedeniyle evinin bulundu\u011fu sokakta kurulan taziye \u00e7ad\u0131r\u0131nda AA muhabirine konu\u015fan [&hellip;]\" \/>\n<meta property=\"og:url\" content=\"https:\/\/akunq.net\/tr\/?p=64221\" \/>\n<meta property=\"og:site_name\" content=\"Bati Ermenistan Ve Bati Ermenileri Sorunlari Ara\u015ftirmalar Merkezi\" \/>\n<meta property=\"article:published_time\" content=\"2021-08-13T08:44:52+00:00\" \/>\n<meta property=\"og:image\" content=\"https:\/\/akunq.net\/tr\/wp-content\/uploads\/sites\/6\/2021\/08\/Alt\u0131nda\u011f.jpg\" \/>\n\t<meta property=\"og:image:width\" content=\"840\" \/>\n\t<meta property=\"og:image:height\" content=\"560\" \/>\n\t<meta property=\"og:image:type\" content=\"image\/jpeg\" \/>\n<meta name=\"author\" content=\"admin\" \/>\n<meta name=\"twitter:card\" content=\"summary_large_image\" \/>\n<meta name=\"twitter:label1\" content=\"Written by\" \/>\n\t<meta name=\"twitter:data1\" content=\"admin\" \/>\n\t<meta name=\"twitter:label2\" content=\"Est. reading time\" \/>\n\t<meta name=\"twitter:data2\" content=\"1 minute\" \/>\n<script type=\"application\/ld+json\" class=\"yoast-schema-graph\">{\"@context\":\"https:\\\/\\\/schema.org\",\"@graph\":[{\"@type\":\"Article\",\"@id\":\"https:\\\/\\\/akunq.net\\\/tr\\\/?p=64221#article\",\"isPartOf\":{\"@id\":\"https:\\\/\\\/akunq.net\\\/tr\\\/?p=64221\"},\"author\":{\"name\":\"admin\",\"@id\":\"https:\\\/\\\/akunq.net\\\/tr\\\/#\\\/schema\\\/person\\\/096f1d38a12cce57fb855b485ed24c9e\"},\"headline\":\"Alt\u0131nda\u011f\u2019da \u00f6ld\u00fcr\u00fclen gencin day\u0131s\u0131: Suriyeli arac\u0131 par\u00e7alay\u0131n, vurun istemiyoruz\",\"datePublished\":\"2021-08-13T08:44:52+00:00\",\"mainEntityOfPage\":{\"@id\":\"https:\\\/\\\/akunq.net\\\/tr\\\/?p=64221\"},\"wordCount\":266,\"commentCount\":0,\"image\":{\"@id\":\"https:\\\/\\\/akunq.net\\\/tr\\\/?p=64221#primaryimage\"},\"thumbnailUrl\":\"https:\\\/\\\/akunq.net\\\/tr\\\/wp-content\\\/uploads\\\/sites\\\/6\\\/2021\\\/08\\\/Alt\u0131nda\u011f.jpg\",\"articleSection\":[\"Haberler\"],\"inLanguage\":\"en-US\",\"potentialAction\":[{\"@type\":\"CommentAction\",\"name\":\"Comment\",\"target\":[\"https:\\\/\\\/akunq.net\\\/tr\\\/?p=64221#respond\"]}]},{\"@type\":\"WebPage\",\"@id\":\"https:\\\/\\\/akunq.net\\\/tr\\\/?p=64221\",\"url\":\"https:\\\/\\\/akunq.net\\\/tr\\\/?p=64221\",\"name\":\"Alt\u0131nda\u011f\u2019da \u00f6ld\u00fcr\u00fclen gencin day\u0131s\u0131: Suriyeli arac\u0131 par\u00e7alay\u0131n, vurun istemiyoruz - Bati Ermenistan Ve Bati Ermenileri Sorunlari Ara\u015ftirmalar Merkezi\",\"isPartOf\":{\"@id\":\"https:\\\/\\\/akunq.net\\\/tr\\\/#website\"},\"primaryImageOfPage\":{\"@id\":\"https:\\\/\\\/akunq.net\\\/tr\\\/?p=64221#primaryimage\"},\"image\":{\"@id\":\"https:\\\/\\\/akunq.net\\\/tr\\\/?p=64221#primaryimage\"},\"thumbnailUrl\":\"https:\\\/\\\/akunq.net\\\/tr\\\/wp-content\\\/uploads\\\/sites\\\/6\\\/2021\\\/08\\\/Alt\u0131nda\u011f.jpg\",\"datePublished\":\"2021-08-13T08:44:52+00:00\",\"author\":{\"@id\":\"https:\\\/\\\/akunq.net\\\/tr\\\/#\\\/schema\\\/person\\\/096f1d38a12cce57fb855b485ed24c9e\"},\"breadcrumb\":{\"@id\":\"https:\\\/\\\/akunq.net\\\/tr\\\/?p=64221#breadcrumb\"},\"inLanguage\":\"en-US\",\"potentialAction\":[{\"@type\":\"ReadAction\",\"target\":[\"https:\\\/\\\/akunq.net\\\/tr\\\/?p=64221\"]}]},{\"@type\":\"ImageObject\",\"inLanguage\":\"en-US\",\"@id\":\"https:\\\/\\\/akunq.net\\\/tr\\\/?p=64221#primaryimage\",\"url\":\"https:\\\/\\\/akunq.net\\\/tr\\\/wp-content\\\/uploads\\\/sites\\\/6\\\/2021\\\/08\\\/Alt\u0131nda\u011f.jpg\",\"contentUrl\":\"https:\\\/\\\/akunq.net\\\/tr\\\/wp-content\\\/uploads\\\/sites\\\/6\\\/2021\\\/08\\\/Alt\u0131nda\u011f.jpg\",\"width\":840,\"height\":560},{\"@type\":\"BreadcrumbList\",\"@id\":\"https:\\\/\\\/akunq.net\\\/tr\\\/?p=64221#breadcrumb\",\"itemListElement\":[{\"@type\":\"ListItem\",\"position\":1,\"name\":\"Home\",\"item\":\"https:\\\/\\\/akunq.net\\\/tr\"},{\"@type\":\"ListItem\",\"position\":2,\"name\":\"Alt\u0131nda\u011f\u2019da \u00f6ld\u00fcr\u00fclen gencin day\u0131s\u0131: Suriyeli arac\u0131 par\u00e7alay\u0131n, vurun istemiyoruz\"}]},{\"@type\":\"WebSite\",\"@id\":\"https:\\\/\\\/akunq.net\\\/tr\\\/#website\",\"url\":\"https:\\\/\\\/akunq.net\\\/tr\\\/\",\"name\":\"Bati Ermenistan Ve Bati Ermenileri Sorunlari Ara\u015ftirmalar Merkezi\",\"description\":\"\",\"potentialAction\":[{\"@type\":\"SearchAction\",\"target\":{\"@type\":\"EntryPoint\",\"urlTemplate\":\"https:\\\/\\\/akunq.net\\\/tr\\\/?s={search_term_string}\"},\"query-input\":{\"@type\":\"PropertyValueSpecification\",\"valueRequired\":true,\"valueName\":\"search_term_string\"}}],\"inLanguage\":\"en-US\"},{\"@type\":\"Person\",\"@id\":\"https:\\\/\\\/akunq.net\\\/tr\\\/#\\\/schema\\\/person\\\/096f1d38a12cce57fb855b485ed24c9e\",\"name\":\"admin\",\"url\":\"https:\\\/\\\/akunq.net\\\/tr\\\/?author=7\"}]}<\/script>\n<!-- \/ Yoast SEO plugin. -->","yoast_head_json":{"title":"Alt\u0131nda\u011f\u2019da \u00f6ld\u00fcr\u00fclen gencin day\u0131s\u0131: Suriyeli arac\u0131 par\u00e7alay\u0131n, vurun istemiyoruz - Bati Ermenistan Ve Bati Ermenileri Sorunlari Ara\u015ftirmalar Merkezi","robots":{"index":"index","follow":"follow","max-snippet":"max-snippet:-1","max-image-preview":"max-image-preview:large","max-video-preview":"max-video-preview:-1"},"canonical":"https:\/\/akunq.net\/tr\/?p=64221","og_locale":"en_US","og_type":"article","og_title":"Alt\u0131nda\u011f\u2019da \u00f6ld\u00fcr\u00fclen gencin day\u0131s\u0131: Suriyeli arac\u0131 par\u00e7alay\u0131n, vurun istemiyoruz - Bati Ermenistan Ve Bati Ermenileri Sorunlari Ara\u015ftirmalar Merkezi","og_description":"Ankara Alt\u0131nda\u011f&#8217;da \u00f6ld\u00fcr\u00fclen 18 ya\u015f\u0131ndaki Emirhan Yal\u00e7\u0131n&#8217;\u0131n day\u0131s\u0131 Bekir Ac\u0131elma, \u201cBiz, &#8216;Gidip Suriyelinin arac\u0131n\u0131 par\u00e7alay\u0131n, \u00f6b\u00fcr\u00fcne vurun istemiyoruz\u201d dedi. Ankara\u2019n\u0131n Alt\u0131nda\u011f il\u00e7esinde \u00e7\u0131kan bir kavgada hayat\u0131n\u0131 kaybeden 18 ya\u015f\u0131ndaki Emirhan Yal\u00e7\u0131n&#8217;\u0131n day\u0131s\u0131 Bekir Ac\u0131elma, \u201cBiz, &#8216;Gidip Suriyelinin arac\u0131n\u0131 par\u00e7alay\u0131n, \u00f6b\u00fcr\u00fcne vurun istemiyoruz\u201d dedi. Yal\u00e7\u0131n\u2019\u0131n vefat\u0131 nedeniyle evinin bulundu\u011fu sokakta kurulan taziye \u00e7ad\u0131r\u0131nda AA muhabirine konu\u015fan [&hellip;]","og_url":"https:\/\/akunq.net\/tr\/?p=64221","og_site_name":"Bati Ermenistan Ve Bati Ermenileri Sorunlari Ara\u015ftirmalar Merkezi","article_published_time":"2021-08-13T08:44:52+00:00","og_image":[{"width":840,"height":560,"url":"https:\/\/akunq.net\/tr\/wp-content\/uploads\/sites\/6\/2021\/08\/Alt\u0131nda\u011f.jpg","type":"image\/jpeg"}],"author":"admin","twitter_card":"summary_large_image","twitter_misc":{"Written by":"admin","Est. reading time":"1 minute"},"schema":{"@context":"https:\/\/schema.org","@graph":[{"@type":"Article","@id":"https:\/\/akunq.net\/tr\/?p=64221#article","isPartOf":{"@id":"https:\/\/akunq.net\/tr\/?p=64221"},"author":{"name":"admin","@id":"https:\/\/akunq.net\/tr\/#\/schema\/person\/096f1d38a12cce57fb855b485ed24c9e"},"headline":"Alt\u0131nda\u011f\u2019da \u00f6ld\u00fcr\u00fclen gencin day\u0131s\u0131: Suriyeli arac\u0131 par\u00e7alay\u0131n, vurun istemiyoruz","datePublished":"2021-08-13T08:44:52+00:00","mainEntityOfPage":{"@id":"https:\/\/akunq.net\/tr\/?p=64221"},"wordCount":266,"commentCount":0,"image":{"@id":"https:\/\/akunq.net\/tr\/?p=64221#primaryimage"},"thumbnailUrl":"https:\/\/akunq.net\/tr\/wp-content\/uploads\/sites\/6\/2021\/08\/Alt\u0131nda\u011f.jpg","articleSection":["Haberler"],"inLanguage":"en-US","potentialAction":[{"@type":"CommentAction","name":"Comment","target":["https:\/\/akunq.net\/tr\/?p=64221#respond"]}]},{"@type":"WebPage","@id":"https:\/\/akunq.net\/tr\/?p=64221","url":"https:\/\/akunq.net\/tr\/?p=64221","name":"Alt\u0131nda\u011f\u2019da \u00f6ld\u00fcr\u00fclen gencin day\u0131s\u0131: Suriyeli arac\u0131 par\u00e7alay\u0131n, vurun istemiyoruz - Bati Ermenistan Ve Bati Ermenileri Sorunlari Ara\u015ftirmalar Merkezi","isPartOf":{"@id":"https:\/\/akunq.net\/tr\/#website"},"primaryImageOfPage":{"@id":"https:\/\/akunq.net\/tr\/?p=64221#primaryimage"},"image":{"@id":"https:\/\/akunq.net\/tr\/?p=64221#primaryimage"},"thumbnailUrl":"https:\/\/akunq.net\/tr\/wp-content\/uploads\/sites\/6\/2021\/08\/Alt\u0131nda\u011f.jpg","datePublished":"2021-08-13T08:44:52+00:00","author":{"@id":"https:\/\/akunq.net\/tr\/#\/schema\/person\/096f1d38a12cce57fb855b485ed24c9e"},"breadcrumb":{"@id":"https:\/\/akunq.net\/tr\/?p=64221#breadcrumb"},"inLanguage":"en-US","potentialAction":[{"@type":"ReadAction","target":["https:\/\/akunq.net\/tr\/?p=64221"]}]},{"@type":"ImageObject","inLanguage":"en-US","@id":"https:\/\/akunq.net\/tr\/?p=64221#primaryimage","url":"https:\/\/akunq.net\/tr\/wp-content\/uploads\/sites\/6\/2021\/08\/Alt\u0131nda\u011f.jpg","contentUrl":"https:\/\/akunq.net\/tr\/wp-content\/uploads\/sites\/6\/2021\/08\/Alt\u0131nda\u011f.jpg","width":840,"height":560},{"@type":"BreadcrumbList","@id":"https:\/\/akunq.net\/tr\/?p=64221#breadcrumb","itemListElement":[{"@type":"ListItem","position":1,"name":"Home","item":"https:\/\/akunq.net\/tr"},{"@type":"ListItem","position":2,"name":"Alt\u0131nda\u011f\u2019da \u00f6ld\u00fcr\u00fclen gencin day\u0131s\u0131: Suriyeli arac\u0131 par\u00e7alay\u0131n, vurun istemiyoruz"}]},{"@type":"WebSite","@id":"https:\/\/akunq.net\/tr\/#website","url":"https:\/\/akunq.net\/tr\/","name":"Bati Ermenistan Ve Bati Ermenileri Sorunlari Ara\u015ftirmalar Merkezi","description":"","potentialAction":[{"@type":"SearchAction","target":{"@type":"EntryPoint","urlTemplate":"https:\/\/akunq.net\/tr\/?s={search_term_string}"},"query-input":{"@type":"PropertyValueSpecification","valueRequired":true,"valueName":"search_term_string"}}],"inLanguage":"en-US"},{"@type":"Person","@id":"https:\/\/akunq.net\/tr\/#\/schema\/person\/096f1d38a12cce57fb855b485ed24c9e","name":"admin","url":"https:\/\/akunq.net\/tr\/?author=7"}]}},"_links":{"self":[{"href":"https:\/\/akunq.net\/tr\/index.php?rest_route=\/wp\/v2\/posts\/64221","targetHints":{"allow":["GET"]}}],"collection":[{"href":"https:\/\/akunq.net\/tr\/index.php?rest_route=\/wp\/v2\/posts"}],"about":[{"href":"https:\/\/akunq.net\/tr\/index.php?rest_route=\/wp\/v2\/types\/post"}],"author":[{"embeddable":true,"href":"https:\/\/akunq.net\/tr\/index.php?rest_route=\/wp\/v2\/users\/7"}],"replies":[{"embeddable":true,"href":"https:\/\/akunq.net\/tr\/index.php?rest_route=%2Fwp%2Fv2%2Fcomments&post=64221"}],"version-history":[{"count":1,"href":"https:\/\/akunq.net\/tr\/index.php?rest_route=\/wp\/v2\/posts\/64221\/revisions"}],"predecessor-version":[{"id":64223,"href":"https:\/\/akunq.net\/tr\/index.php?rest_route=\/wp\/v2\/posts\/64221\/revisions\/64223"}],"wp:featuredmedia":[{"embeddable":true,"href":"https:\/\/akunq.net\/tr\/index.php?rest_route=\/wp\/v2\/media\/64222"}],"wp:attachment":[{"href":"https:\/\/akunq.net\/tr\/index.php?rest_route=%2Fwp%2Fv2%2Fmedia&parent=64221"}],"wp:term":[{"taxonomy":"category","embeddable":true,"href":"https:\/\/akunq.net\/tr\/index.php?rest_route=%2Fwp%2Fv2%2Fcategories&post=64221"},{"taxonomy":"post_tag","embeddable":true,"href":"https:\/\/akunq.net\/tr\/index.php?rest_route=%2Fwp%2Fv2%2Ftags&post=64221"}],"curies":[{"name":"wp","href":"https:\/\/api.w.org\/{rel}","templated":true}]}}