{"id":64218,"date":"2021-08-13T01:54:20","date_gmt":"2021-08-13T06:54:20","guid":{"rendered":"https:\/\/akunq.net\/tr\/?p=64218"},"modified":"2021-08-13T01:54:20","modified_gmt":"2021-08-13T06:54:20","slug":"ermenistan-disisleri-bakanligi-uluslararasi-genclik-gunu-vesilesiyle-mesaj-yayinladi","status":"publish","type":"post","link":"https:\/\/akunq.net\/tr\/?p=64218","title":{"rendered":"Ermenistan D\u0131\u015fi\u015fleri Bakanl\u0131\u011f\u0131 Uluslararas\u0131 Gen\u00e7lik G\u00fcn\u00fc vesilesiyle mesaj yay\u0131nlad\u0131"},"content":{"rendered":"<p><img loading=\"lazy\" decoding=\"async\" class=\"aligncenter size-medium wp-image-64219\" src=\"https:\/\/akunq.net\/tr\/wp-content\/uploads\/2021\/08\/Ermenistan-D\u0131\u015fi\u015fleri-Bakanl\u0131\u011f\u0131-360x242.jpg\" alt=\"\" width=\"360\" height=\"242\" srcset=\"https:\/\/akunq.net\/tr\/wp-content\/uploads\/sites\/6\/2021\/08\/Ermenistan-D\u0131\u015fi\u015fleri-Bakanl\u0131\u011f\u0131-360x242.jpg 360w, https:\/\/akunq.net\/tr\/wp-content\/uploads\/sites\/6\/2021\/08\/Ermenistan-D\u0131\u015fi\u015fleri-Bakanl\u0131\u011f\u0131-560x376.jpg 560w, https:\/\/akunq.net\/tr\/wp-content\/uploads\/sites\/6\/2021\/08\/Ermenistan-D\u0131\u015fi\u015fleri-Bakanl\u0131\u011f\u0131-260x175.jpg 260w, https:\/\/akunq.net\/tr\/wp-content\/uploads\/sites\/6\/2021\/08\/Ermenistan-D\u0131\u015fi\u015fleri-Bakanl\u0131\u011f\u0131-160x107.jpg 160w, https:\/\/akunq.net\/tr\/wp-content\/uploads\/sites\/6\/2021\/08\/Ermenistan-D\u0131\u015fi\u015fleri-Bakanl\u0131\u011f\u0131.jpg 670w\" sizes=\"auto, (max-width: 360px) 100vw, 360px\" \/><\/p>\n<p><em><strong>1999 y\u0131l\u0131ndan beri Birle\u015fmi\u015f Milletler (BM), 12 A\u011fustos\u2019u Uluslararas\u0131 Gen\u00e7lik G\u00fcn\u00fc olarak kutlamakta. Armenpress\u2019in haberine g\u00f6re bu vesileyle Ermenistan D\u0131\u015fi\u015fleri Bakanl\u0131\u011f\u0131 tebrik mesaj\u0131 yay\u0131nlad\u0131.<\/strong><\/em><\/p>\n<p>Mesajda, \u201cErmenistan Cumhuriyeti&#8217;nde devam eden demokratik reform s\u00fcrecinin, gen\u00e7lerin kamu hayat\u0131na ve devlet kurma s\u00fcrecine kat\u0131l\u0131m\u0131n\u0131 daha fazla te\u015fvik etme imkan\u0131 vererek, gen\u00e7lik potansiyelinin ortaya \u00e7\u0131kar\u0131lmas\u0131, kendini ifade etmesi ve \u00e7ok y\u00f6nl\u00fc geli\u015fimi i\u00e7in gerekli ko\u015fullar\u0131 sa\u011flayaca\u011f\u0131ndan eminiz\u201d ifadeleri kullan\u0131ld\u0131.<\/p>\n<p><em><strong>https:\/\/armenpress.am\/tur\/news\/1060584.html\u00a0<\/strong><\/em><\/p>\n","protected":false},"excerpt":{"rendered":"<p>1999 y\u0131l\u0131ndan beri Birle\u015fmi\u015f Milletler (BM), 12 A\u011fustos\u2019u Uluslararas\u0131 Gen\u00e7lik G\u00fcn\u00fc olarak kutlamakta. Armenpress\u2019in haberine g\u00f6re bu vesileyle Ermenistan D\u0131\u015fi\u015fleri Bakanl\u0131\u011f\u0131 tebrik mesaj\u0131 yay\u0131nlad\u0131. Mesajda, \u201cErmenistan Cumhuriyeti&#8217;nde devam eden demokratik reform s\u00fcrecinin, gen\u00e7lerin kamu hayat\u0131na ve devlet kurma s\u00fcrecine kat\u0131l\u0131m\u0131n\u0131 daha fazla te\u015fvik etme imkan\u0131 vererek, gen\u00e7lik potansiyelinin ortaya \u00e7\u0131kar\u0131lmas\u0131, kendini ifade etmesi ve \u00e7ok [&hellip;]<\/p>\n","protected":false},"author":7,"featured_media":64219,"comment_status":"open","ping_status":"open","sticky":false,"template":"","format":"standard","meta":{"footnotes":""},"categories":[1],"tags":[],"class_list":["post-64218","post","type-post","status-publish","format-standard","has-post-thumbnail","hentry","category-haberler"],"yoast_head":"<!-- This site is optimized with the Yoast SEO plugin v27.4 - https:\/\/yoast.com\/product\/yoast-seo-wordpress\/ -->\n<title>Ermenistan D\u0131\u015fi\u015fleri Bakanl\u0131\u011f\u0131 Uluslararas\u0131 Gen\u00e7lik G\u00fcn\u00fc vesilesiyle mesaj yay\u0131nlad\u0131 - Bati Ermenistan Ve Bati Ermenileri Sorunlari Ara\u015ftirmalar Merkezi<\/title>\n<meta name=\"robots\" content=\"index, follow, max-snippet:-1, max-image-preview:large, max-video-preview:-1\" \/>\n<link rel=\"canonical\" href=\"https:\/\/akunq.net\/tr\/?p=64218\" \/>\n<meta property=\"og:locale\" content=\"en_US\" \/>\n<meta property=\"og:type\" content=\"article\" \/>\n<meta property=\"og:title\" content=\"Ermenistan D\u0131\u015fi\u015fleri Bakanl\u0131\u011f\u0131 Uluslararas\u0131 Gen\u00e7lik G\u00fcn\u00fc vesilesiyle mesaj yay\u0131nlad\u0131 - Bati Ermenistan Ve Bati Ermenileri Sorunlari Ara\u015ftirmalar Merkezi\" \/>\n<meta property=\"og:description\" content=\"1999 y\u0131l\u0131ndan beri Birle\u015fmi\u015f Milletler (BM), 12 A\u011fustos\u2019u Uluslararas\u0131 Gen\u00e7lik G\u00fcn\u00fc olarak kutlamakta. Armenpress\u2019in haberine g\u00f6re bu vesileyle Ermenistan D\u0131\u015fi\u015fleri Bakanl\u0131\u011f\u0131 tebrik mesaj\u0131 yay\u0131nlad\u0131. Mesajda, \u201cErmenistan Cumhuriyeti&#8217;nde devam eden demokratik reform s\u00fcrecinin, gen\u00e7lerin kamu hayat\u0131na ve devlet kurma s\u00fcrecine kat\u0131l\u0131m\u0131n\u0131 daha fazla te\u015fvik etme imkan\u0131 vererek, gen\u00e7lik potansiyelinin ortaya \u00e7\u0131kar\u0131lmas\u0131, kendini ifade etmesi ve \u00e7ok [&hellip;]\" \/>\n<meta property=\"og:url\" content=\"https:\/\/akunq.net\/tr\/?p=64218\" \/>\n<meta property=\"og:site_name\" content=\"Bati Ermenistan Ve Bati Ermenileri Sorunlari Ara\u015ftirmalar Merkezi\" \/>\n<meta property=\"article:published_time\" content=\"2021-08-13T06:54:20+00:00\" \/>\n<meta property=\"og:image\" content=\"https:\/\/akunq.net\/tr\/wp-content\/uploads\/sites\/6\/2021\/08\/Ermenistan-D\u0131\u015fi\u015fleri-Bakanl\u0131\u011f\u0131.jpg\" \/>\n\t<meta property=\"og:image:width\" content=\"670\" \/>\n\t<meta property=\"og:image:height\" content=\"450\" \/>\n\t<meta property=\"og:image:type\" content=\"image\/jpeg\" \/>\n<meta name=\"author\" content=\"admin\" \/>\n<meta name=\"twitter:card\" content=\"summary_large_image\" \/>\n<meta name=\"twitter:label1\" content=\"Written by\" \/>\n\t<meta name=\"twitter:data1\" content=\"admin\" \/>\n<script type=\"application\/ld+json\" class=\"yoast-schema-graph\">{\"@context\":\"https:\\\/\\\/schema.org\",\"@graph\":[{\"@type\":\"Article\",\"@id\":\"https:\\\/\\\/akunq.net\\\/tr\\\/?p=64218#article\",\"isPartOf\":{\"@id\":\"https:\\\/\\\/akunq.net\\\/tr\\\/?p=64218\"},\"author\":{\"name\":\"admin\",\"@id\":\"https:\\\/\\\/akunq.net\\\/tr\\\/#\\\/schema\\\/person\\\/096f1d38a12cce57fb855b485ed24c9e\"},\"headline\":\"Ermenistan D\u0131\u015fi\u015fleri Bakanl\u0131\u011f\u0131 Uluslararas\u0131 Gen\u00e7lik G\u00fcn\u00fc vesilesiyle mesaj yay\u0131nlad\u0131\",\"datePublished\":\"2021-08-13T06:54:20+00:00\",\"mainEntityOfPage\":{\"@id\":\"https:\\\/\\\/akunq.net\\\/tr\\\/?p=64218\"},\"wordCount\":111,\"commentCount\":0,\"image\":{\"@id\":\"https:\\\/\\\/akunq.net\\\/tr\\\/?p=64218#primaryimage\"},\"thumbnailUrl\":\"https:\\\/\\\/akunq.net\\\/tr\\\/wp-content\\\/uploads\\\/sites\\\/6\\\/2021\\\/08\\\/Ermenistan-D\u0131\u015fi\u015fleri-Bakanl\u0131\u011f\u0131.jpg\",\"articleSection\":[\"Haberler\"],\"inLanguage\":\"en-US\",\"potentialAction\":[{\"@type\":\"CommentAction\",\"name\":\"Comment\",\"target\":[\"https:\\\/\\\/akunq.net\\\/tr\\\/?p=64218#respond\"]}]},{\"@type\":\"WebPage\",\"@id\":\"https:\\\/\\\/akunq.net\\\/tr\\\/?p=64218\",\"url\":\"https:\\\/\\\/akunq.net\\\/tr\\\/?p=64218\",\"name\":\"Ermenistan D\u0131\u015fi\u015fleri Bakanl\u0131\u011f\u0131 Uluslararas\u0131 Gen\u00e7lik G\u00fcn\u00fc vesilesiyle mesaj yay\u0131nlad\u0131 - Bati Ermenistan Ve Bati Ermenileri Sorunlari Ara\u015ftirmalar Merkezi\",\"isPartOf\":{\"@id\":\"https:\\\/\\\/akunq.net\\\/tr\\\/#website\"},\"primaryImageOfPage\":{\"@id\":\"https:\\\/\\\/akunq.net\\\/tr\\\/?p=64218#primaryimage\"},\"image\":{\"@id\":\"https:\\\/\\\/akunq.net\\\/tr\\\/?p=64218#primaryimage\"},\"thumbnailUrl\":\"https:\\\/\\\/akunq.net\\\/tr\\\/wp-content\\\/uploads\\\/sites\\\/6\\\/2021\\\/08\\\/Ermenistan-D\u0131\u015fi\u015fleri-Bakanl\u0131\u011f\u0131.jpg\",\"datePublished\":\"2021-08-13T06:54:20+00:00\",\"author\":{\"@id\":\"https:\\\/\\\/akunq.net\\\/tr\\\/#\\\/schema\\\/person\\\/096f1d38a12cce57fb855b485ed24c9e\"},\"breadcrumb\":{\"@id\":\"https:\\\/\\\/akunq.net\\\/tr\\\/?p=64218#breadcrumb\"},\"inLanguage\":\"en-US\",\"potentialAction\":[{\"@type\":\"ReadAction\",\"target\":[\"https:\\\/\\\/akunq.net\\\/tr\\\/?p=64218\"]}]},{\"@type\":\"ImageObject\",\"inLanguage\":\"en-US\",\"@id\":\"https:\\\/\\\/akunq.net\\\/tr\\\/?p=64218#primaryimage\",\"url\":\"https:\\\/\\\/akunq.net\\\/tr\\\/wp-content\\\/uploads\\\/sites\\\/6\\\/2021\\\/08\\\/Ermenistan-D\u0131\u015fi\u015fleri-Bakanl\u0131\u011f\u0131.jpg\",\"contentUrl\":\"https:\\\/\\\/akunq.net\\\/tr\\\/wp-content\\\/uploads\\\/sites\\\/6\\\/2021\\\/08\\\/Ermenistan-D\u0131\u015fi\u015fleri-Bakanl\u0131\u011f\u0131.jpg\",\"width\":670,\"height\":450},{\"@type\":\"BreadcrumbList\",\"@id\":\"https:\\\/\\\/akunq.net\\\/tr\\\/?p=64218#breadcrumb\",\"itemListElement\":[{\"@type\":\"ListItem\",\"position\":1,\"name\":\"Home\",\"item\":\"https:\\\/\\\/akunq.net\\\/tr\"},{\"@type\":\"ListItem\",\"position\":2,\"name\":\"Ermenistan D\u0131\u015fi\u015fleri Bakanl\u0131\u011f\u0131 Uluslararas\u0131 Gen\u00e7lik G\u00fcn\u00fc vesilesiyle mesaj yay\u0131nlad\u0131\"}]},{\"@type\":\"WebSite\",\"@id\":\"https:\\\/\\\/akunq.net\\\/tr\\\/#website\",\"url\":\"https:\\\/\\\/akunq.net\\\/tr\\\/\",\"name\":\"Bati Ermenistan Ve Bati Ermenileri Sorunlari Ara\u015ftirmalar Merkezi\",\"description\":\"\",\"potentialAction\":[{\"@type\":\"SearchAction\",\"target\":{\"@type\":\"EntryPoint\",\"urlTemplate\":\"https:\\\/\\\/akunq.net\\\/tr\\\/?s={search_term_string}\"},\"query-input\":{\"@type\":\"PropertyValueSpecification\",\"valueRequired\":true,\"valueName\":\"search_term_string\"}}],\"inLanguage\":\"en-US\"},{\"@type\":\"Person\",\"@id\":\"https:\\\/\\\/akunq.net\\\/tr\\\/#\\\/schema\\\/person\\\/096f1d38a12cce57fb855b485ed24c9e\",\"name\":\"admin\",\"url\":\"https:\\\/\\\/akunq.net\\\/tr\\\/?author=7\"}]}<\/script>\n<!-- \/ Yoast SEO plugin. -->","yoast_head_json":{"title":"Ermenistan D\u0131\u015fi\u015fleri Bakanl\u0131\u011f\u0131 Uluslararas\u0131 Gen\u00e7lik G\u00fcn\u00fc vesilesiyle mesaj yay\u0131nlad\u0131 - Bati Ermenistan Ve Bati Ermenileri Sorunlari Ara\u015ftirmalar Merkezi","robots":{"index":"index","follow":"follow","max-snippet":"max-snippet:-1","max-image-preview":"max-image-preview:large","max-video-preview":"max-video-preview:-1"},"canonical":"https:\/\/akunq.net\/tr\/?p=64218","og_locale":"en_US","og_type":"article","og_title":"Ermenistan D\u0131\u015fi\u015fleri Bakanl\u0131\u011f\u0131 Uluslararas\u0131 Gen\u00e7lik G\u00fcn\u00fc vesilesiyle mesaj yay\u0131nlad\u0131 - Bati Ermenistan Ve Bati Ermenileri Sorunlari Ara\u015ftirmalar Merkezi","og_description":"1999 y\u0131l\u0131ndan beri Birle\u015fmi\u015f Milletler (BM), 12 A\u011fustos\u2019u Uluslararas\u0131 Gen\u00e7lik G\u00fcn\u00fc olarak kutlamakta. Armenpress\u2019in haberine g\u00f6re bu vesileyle Ermenistan D\u0131\u015fi\u015fleri Bakanl\u0131\u011f\u0131 tebrik mesaj\u0131 yay\u0131nlad\u0131. Mesajda, \u201cErmenistan Cumhuriyeti&#8217;nde devam eden demokratik reform s\u00fcrecinin, gen\u00e7lerin kamu hayat\u0131na ve devlet kurma s\u00fcrecine kat\u0131l\u0131m\u0131n\u0131 daha fazla te\u015fvik etme imkan\u0131 vererek, gen\u00e7lik potansiyelinin ortaya \u00e7\u0131kar\u0131lmas\u0131, kendini ifade etmesi ve \u00e7ok [&hellip;]","og_url":"https:\/\/akunq.net\/tr\/?p=64218","og_site_name":"Bati Ermenistan Ve Bati Ermenileri Sorunlari Ara\u015ftirmalar Merkezi","article_published_time":"2021-08-13T06:54:20+00:00","og_image":[{"width":670,"height":450,"url":"https:\/\/akunq.net\/tr\/wp-content\/uploads\/sites\/6\/2021\/08\/Ermenistan-D\u0131\u015fi\u015fleri-Bakanl\u0131\u011f\u0131.jpg","type":"image\/jpeg"}],"author":"admin","twitter_card":"summary_large_image","twitter_misc":{"Written by":"admin"},"schema":{"@context":"https:\/\/schema.org","@graph":[{"@type":"Article","@id":"https:\/\/akunq.net\/tr\/?p=64218#article","isPartOf":{"@id":"https:\/\/akunq.net\/tr\/?p=64218"},"author":{"name":"admin","@id":"https:\/\/akunq.net\/tr\/#\/schema\/person\/096f1d38a12cce57fb855b485ed24c9e"},"headline":"Ermenistan D\u0131\u015fi\u015fleri Bakanl\u0131\u011f\u0131 Uluslararas\u0131 Gen\u00e7lik G\u00fcn\u00fc vesilesiyle mesaj yay\u0131nlad\u0131","datePublished":"2021-08-13T06:54:20+00:00","mainEntityOfPage":{"@id":"https:\/\/akunq.net\/tr\/?p=64218"},"wordCount":111,"commentCount":0,"image":{"@id":"https:\/\/akunq.net\/tr\/?p=64218#primaryimage"},"thumbnailUrl":"https:\/\/akunq.net\/tr\/wp-content\/uploads\/sites\/6\/2021\/08\/Ermenistan-D\u0131\u015fi\u015fleri-Bakanl\u0131\u011f\u0131.jpg","articleSection":["Haberler"],"inLanguage":"en-US","potentialAction":[{"@type":"CommentAction","name":"Comment","target":["https:\/\/akunq.net\/tr\/?p=64218#respond"]}]},{"@type":"WebPage","@id":"https:\/\/akunq.net\/tr\/?p=64218","url":"https:\/\/akunq.net\/tr\/?p=64218","name":"Ermenistan D\u0131\u015fi\u015fleri Bakanl\u0131\u011f\u0131 Uluslararas\u0131 Gen\u00e7lik G\u00fcn\u00fc vesilesiyle mesaj yay\u0131nlad\u0131 - Bati Ermenistan Ve Bati Ermenileri Sorunlari Ara\u015ftirmalar Merkezi","isPartOf":{"@id":"https:\/\/akunq.net\/tr\/#website"},"primaryImageOfPage":{"@id":"https:\/\/akunq.net\/tr\/?p=64218#primaryimage"},"image":{"@id":"https:\/\/akunq.net\/tr\/?p=64218#primaryimage"},"thumbnailUrl":"https:\/\/akunq.net\/tr\/wp-content\/uploads\/sites\/6\/2021\/08\/Ermenistan-D\u0131\u015fi\u015fleri-Bakanl\u0131\u011f\u0131.jpg","datePublished":"2021-08-13T06:54:20+00:00","author":{"@id":"https:\/\/akunq.net\/tr\/#\/schema\/person\/096f1d38a12cce57fb855b485ed24c9e"},"breadcrumb":{"@id":"https:\/\/akunq.net\/tr\/?p=64218#breadcrumb"},"inLanguage":"en-US","potentialAction":[{"@type":"ReadAction","target":["https:\/\/akunq.net\/tr\/?p=64218"]}]},{"@type":"ImageObject","inLanguage":"en-US","@id":"https:\/\/akunq.net\/tr\/?p=64218#primaryimage","url":"https:\/\/akunq.net\/tr\/wp-content\/uploads\/sites\/6\/2021\/08\/Ermenistan-D\u0131\u015fi\u015fleri-Bakanl\u0131\u011f\u0131.jpg","contentUrl":"https:\/\/akunq.net\/tr\/wp-content\/uploads\/sites\/6\/2021\/08\/Ermenistan-D\u0131\u015fi\u015fleri-Bakanl\u0131\u011f\u0131.jpg","width":670,"height":450},{"@type":"BreadcrumbList","@id":"https:\/\/akunq.net\/tr\/?p=64218#breadcrumb","itemListElement":[{"@type":"ListItem","position":1,"name":"Home","item":"https:\/\/akunq.net\/tr"},{"@type":"ListItem","position":2,"name":"Ermenistan D\u0131\u015fi\u015fleri Bakanl\u0131\u011f\u0131 Uluslararas\u0131 Gen\u00e7lik G\u00fcn\u00fc vesilesiyle mesaj yay\u0131nlad\u0131"}]},{"@type":"WebSite","@id":"https:\/\/akunq.net\/tr\/#website","url":"https:\/\/akunq.net\/tr\/","name":"Bati Ermenistan Ve Bati Ermenileri Sorunlari Ara\u015ftirmalar Merkezi","description":"","potentialAction":[{"@type":"SearchAction","target":{"@type":"EntryPoint","urlTemplate":"https:\/\/akunq.net\/tr\/?s={search_term_string}"},"query-input":{"@type":"PropertyValueSpecification","valueRequired":true,"valueName":"search_term_string"}}],"inLanguage":"en-US"},{"@type":"Person","@id":"https:\/\/akunq.net\/tr\/#\/schema\/person\/096f1d38a12cce57fb855b485ed24c9e","name":"admin","url":"https:\/\/akunq.net\/tr\/?author=7"}]}},"_links":{"self":[{"href":"https:\/\/akunq.net\/tr\/index.php?rest_route=\/wp\/v2\/posts\/64218","targetHints":{"allow":["GET"]}}],"collection":[{"href":"https:\/\/akunq.net\/tr\/index.php?rest_route=\/wp\/v2\/posts"}],"about":[{"href":"https:\/\/akunq.net\/tr\/index.php?rest_route=\/wp\/v2\/types\/post"}],"author":[{"embeddable":true,"href":"https:\/\/akunq.net\/tr\/index.php?rest_route=\/wp\/v2\/users\/7"}],"replies":[{"embeddable":true,"href":"https:\/\/akunq.net\/tr\/index.php?rest_route=%2Fwp%2Fv2%2Fcomments&post=64218"}],"version-history":[{"count":1,"href":"https:\/\/akunq.net\/tr\/index.php?rest_route=\/wp\/v2\/posts\/64218\/revisions"}],"predecessor-version":[{"id":64220,"href":"https:\/\/akunq.net\/tr\/index.php?rest_route=\/wp\/v2\/posts\/64218\/revisions\/64220"}],"wp:featuredmedia":[{"embeddable":true,"href":"https:\/\/akunq.net\/tr\/index.php?rest_route=\/wp\/v2\/media\/64219"}],"wp:attachment":[{"href":"https:\/\/akunq.net\/tr\/index.php?rest_route=%2Fwp%2Fv2%2Fmedia&parent=64218"}],"wp:term":[{"taxonomy":"category","embeddable":true,"href":"https:\/\/akunq.net\/tr\/index.php?rest_route=%2Fwp%2Fv2%2Fcategories&post=64218"},{"taxonomy":"post_tag","embeddable":true,"href":"https:\/\/akunq.net\/tr\/index.php?rest_route=%2Fwp%2Fv2%2Ftags&post=64218"}],"curies":[{"name":"wp","href":"https:\/\/api.w.org\/{rel}","templated":true}]}}