{"id":64191,"date":"2021-08-12T02:28:26","date_gmt":"2021-08-12T07:28:26","guid":{"rendered":"https:\/\/akunq.net\/tr\/?p=64191"},"modified":"2021-08-12T02:28:26","modified_gmt":"2021-08-12T07:28:26","slug":"1900-yillik-gecmisi-var-tarihi-kulede-bakimsizlik-sonrasi-ortaya-cikti","status":"publish","type":"post","link":"https:\/\/akunq.net\/tr\/?p=64191","title":{"rendered":"1900 y\u0131ll\u0131k ge\u00e7mi\u015fi var! Tarihi kulede bak\u0131ms\u0131zl\u0131k sonras\u0131 ortaya \u00e7\u0131kt\u0131"},"content":{"rendered":"<p><img loading=\"lazy\" decoding=\"async\" class=\"aligncenter size-medium wp-image-64192\" src=\"https:\/\/akunq.net\/tr\/wp-content\/uploads\/2021\/08\/Tarihi-kule-360x202.jpg\" alt=\"\" width=\"360\" height=\"202\" srcset=\"https:\/\/akunq.net\/tr\/wp-content\/uploads\/sites\/6\/2021\/08\/Tarihi-kule-360x202.jpg 360w, https:\/\/akunq.net\/tr\/wp-content\/uploads\/sites\/6\/2021\/08\/Tarihi-kule-560x314.jpg 560w, https:\/\/akunq.net\/tr\/wp-content\/uploads\/sites\/6\/2021\/08\/Tarihi-kule-260x146.jpg 260w, https:\/\/akunq.net\/tr\/wp-content\/uploads\/sites\/6\/2021\/08\/Tarihi-kule-160x90.jpg 160w, https:\/\/akunq.net\/tr\/wp-content\/uploads\/sites\/6\/2021\/08\/Tarihi-kule.jpg 731w\" sizes=\"auto, (max-width: 360px) 100vw, 360px\" \/><\/p>\n<p><em><strong>Roma \u0130mparatoru Hadrianus taraf\u0131ndan kurulan Hadrianopolis\u2019i \u00e7evreleyen surlar\u0131n d\u00f6rt k\u00f6\u015fesindeki kulelerden biri olan, Edirne kent merkezindeki Makedon Kulesi\u2019nde bak\u0131ms\u0131zl\u0131ktan incir a\u011fac\u0131 \u00e7\u0131kt\u0131. 1900 y\u0131l\u0131k Makedon Kulesi\u2019nin \u00e7evresinde yap\u0131lan kaz\u0131larda ortaya \u00e7\u0131kan tarihi yap\u0131lar\u0131n \u00fczeri otlarla kapland\u0131. Kaz\u0131larda ortaya \u00e7\u0131kan \u00e7ini f\u0131r\u0131nlar\u0131 da \u00e7\u00f6pl\u00fck haline geldi.<\/strong><\/em><\/p>\n<p><strong>Ali Can ZERAY-Olgay G\u00dcLER\u00a0<\/strong><\/p>\n<p>Tarihi yap\u0131n\u0131n bir an \u00f6nce restore edilip turizme kazand\u0131r\u0131lmas\u0131 gerekti\u011fini s\u00f6yleyen Trakya \u00dcniversitesi Edebiyat Fak\u00fcltesi Sanat Tarihi B\u00f6l\u00fcm\u00fc Ba\u015fkan\u0131 Prof. Dr. Engin Beksa\u00e7, \u201cMaalesef Edirne\u2019nin Orta \u00c7a\u011f\u2019\u0131 \u00e7ok b\u00fcy\u00fck ve zengin olmas\u0131na ra\u011fmen, g\u00fcn\u00fcm\u00fcze intikal edebilmi\u015f olan an\u0131t say\u0131s\u0131 \u00e7ok az. Makedon Kulesi de bu an\u0131tlardan birisi. \u00d6zellikle 9 ve 10\u2019uncu y\u00fczy\u0131lda Edirne \u00e7evresinde artan Bulgar ve di\u011fer milletlerin bask\u0131lar\u0131na kar\u015f\u0131 koymak ve ayn\u0131 zamanda kaleye takviye edebilmek ve bir g\u00f6zetleme kulesi olarak yap\u0131lm\u0131\u015ft\u0131r. Bu, d\u00f6nemin en b\u00fcy\u00fck an\u0131tlar\u0131ndan biridir. Edirne Kalesi\u2019ni destekleyici mahiyette yap\u0131lm\u0131\u015f bir kuledir. Bizans mimarisi a\u00e7\u0131s\u0131ndan da \u00e7ok b\u00fcy\u00fck \u00f6neme sahiptir\u201d dedi.<\/p>\n<p><strong>PROJE \u00c7OK, SONU\u00c7LANDIRILAN YOK<\/strong><\/p>\n<p>Kulenin etraf\u0131ndaki surlar\u0131n da Roma \u0130mparatoru Hadrianus d\u00f6neminden kalma oldu\u011funu s\u00f6yleyen Beksa\u00e7 \u015funlar\u0131 s\u00f6yledi:<\/p>\n<p>\u201cKule maalesef \u015fu andaki durumuyla kaderine terk edilmi\u015f durumda. Bir\u00e7ok proje yap\u0131ld\u0131. Belediye, K\u00fclt\u00fcr Bakanl\u0131\u011f\u0131 ve farkl\u0131 kurumlar\u0131n kuleyle ilgili bir\u00e7ok projesi oldu fakat bunlar\u0131n hi\u00e7birisi sonu\u00e7lanmad\u0131. Hi\u00e7 bug\u00fcne kadar bir \u00e7al\u0131\u015fma g\u00f6remedik. G\u00f6r\u00fcld\u00fc\u011f\u00fc gibi kulenin \u00fcst\u00fcnde otlar bitmeye ba\u015flad\u0131. Bunun yan\u0131nda yine bu b\u00f6lge de a\u011f\u0131r bir ot \u00f6rt\u00fcs\u00fcnde. Bu tamamen b\u00f6lgenin bak\u0131ms\u0131zl\u0131\u011f\u0131n\u0131n bir \u00f6rne\u011fi. Anla\u015f\u0131l\u0131yor ki Edirne\u2019de kimse de bu b\u00f6lgeye sahip \u00e7\u0131kmak istemiyor. Temizlenmesi durumunda Edirne\u2019ye gelenlerin \u00f6ncelikle ziyaret edece\u011fi yerlerden biri. Zindan alt\u0131ndaki duvarlarla birlikte buras\u0131 da gelen ziyaret\u00e7ilere sunulabilir ve bu b\u00f6lge Edirne\u2019nin turizmine katk\u0131 sa\u011flayabilir. Biz bunu bizzat ya\u015fad\u0131k. Edirne\u2019ye gelen pek \u00e7ok yabanc\u0131 arkada\u015f\u0131m\u0131za buras\u0131n\u0131 ve a\u015fa\u011f\u0131daki surlar\u0131 g\u00f6sterdi\u011fimizde \u00e7ok b\u00fcy\u00fck ilgiyle kar\u015f\u0131land\u0131. Ama ne \u00e7are ki \u00e7ok k\u0131ymetli bir konumda olan bu b\u00f6lge korunmuyor ve at\u0131l durumda. Bir an \u00f6nce turizme kazand\u0131r\u0131lmal\u0131 ve projeleri hayata ge\u00e7irilmeli.\u201d<\/p>\n<hr \/>\n<p><em><strong><a href=\"https:\/\/www.milliyet.com.tr\/gundem\/1900-yillik-gecmisi-var-tarihi-kulede-bakimsizlik-sonrasi-ortaya-cikti-6571132\" target=\"_blank\" rel=\"noopener noreferrer\">Milliyet Gazetesi<\/a><\/strong><\/em><\/p>\n","protected":false},"excerpt":{"rendered":"<p>Roma \u0130mparatoru Hadrianus taraf\u0131ndan kurulan Hadrianopolis\u2019i \u00e7evreleyen surlar\u0131n d\u00f6rt k\u00f6\u015fesindeki kulelerden biri olan, Edirne kent merkezindeki Makedon Kulesi\u2019nde bak\u0131ms\u0131zl\u0131ktan incir a\u011fac\u0131 \u00e7\u0131kt\u0131. 1900 y\u0131l\u0131k Makedon Kulesi\u2019nin \u00e7evresinde yap\u0131lan kaz\u0131larda ortaya \u00e7\u0131kan tarihi yap\u0131lar\u0131n \u00fczeri otlarla kapland\u0131. Kaz\u0131larda ortaya \u00e7\u0131kan \u00e7ini f\u0131r\u0131nlar\u0131 da \u00e7\u00f6pl\u00fck haline geldi. Ali Can ZERAY-Olgay G\u00dcLER\u00a0 Tarihi yap\u0131n\u0131n bir an \u00f6nce restore [&hellip;]<\/p>\n","protected":false},"author":7,"featured_media":64192,"comment_status":"open","ping_status":"open","sticky":false,"template":"","format":"standard","meta":{"footnotes":""},"categories":[1],"tags":[],"class_list":["post-64191","post","type-post","status-publish","format-standard","has-post-thumbnail","hentry","category-haberler"],"yoast_head":"<!-- This site is optimized with the Yoast SEO plugin v27.4 - https:\/\/yoast.com\/product\/yoast-seo-wordpress\/ -->\n<title>1900 y\u0131ll\u0131k ge\u00e7mi\u015fi var! Tarihi kulede bak\u0131ms\u0131zl\u0131k sonras\u0131 ortaya \u00e7\u0131kt\u0131 - Bati Ermenistan Ve Bati Ermenileri Sorunlari Ara\u015ftirmalar Merkezi<\/title>\n<meta name=\"robots\" content=\"index, follow, max-snippet:-1, max-image-preview:large, max-video-preview:-1\" \/>\n<link rel=\"canonical\" href=\"https:\/\/akunq.net\/tr\/?p=64191\" \/>\n<meta property=\"og:locale\" content=\"en_US\" \/>\n<meta property=\"og:type\" content=\"article\" \/>\n<meta property=\"og:title\" content=\"1900 y\u0131ll\u0131k ge\u00e7mi\u015fi var! Tarihi kulede bak\u0131ms\u0131zl\u0131k sonras\u0131 ortaya \u00e7\u0131kt\u0131 - Bati Ermenistan Ve Bati Ermenileri Sorunlari Ara\u015ftirmalar Merkezi\" \/>\n<meta property=\"og:description\" content=\"Roma \u0130mparatoru Hadrianus taraf\u0131ndan kurulan Hadrianopolis\u2019i \u00e7evreleyen surlar\u0131n d\u00f6rt k\u00f6\u015fesindeki kulelerden biri olan, Edirne kent merkezindeki Makedon Kulesi\u2019nde bak\u0131ms\u0131zl\u0131ktan incir a\u011fac\u0131 \u00e7\u0131kt\u0131. 1900 y\u0131l\u0131k Makedon Kulesi\u2019nin \u00e7evresinde yap\u0131lan kaz\u0131larda ortaya \u00e7\u0131kan tarihi yap\u0131lar\u0131n \u00fczeri otlarla kapland\u0131. Kaz\u0131larda ortaya \u00e7\u0131kan \u00e7ini f\u0131r\u0131nlar\u0131 da \u00e7\u00f6pl\u00fck haline geldi. Ali Can ZERAY-Olgay G\u00dcLER\u00a0 Tarihi yap\u0131n\u0131n bir an \u00f6nce restore [&hellip;]\" \/>\n<meta property=\"og:url\" content=\"https:\/\/akunq.net\/tr\/?p=64191\" \/>\n<meta property=\"og:site_name\" content=\"Bati Ermenistan Ve Bati Ermenileri Sorunlari Ara\u015ftirmalar Merkezi\" \/>\n<meta property=\"article:published_time\" content=\"2021-08-12T07:28:26+00:00\" \/>\n<meta property=\"og:image\" content=\"https:\/\/akunq.net\/tr\/wp-content\/uploads\/sites\/6\/2021\/08\/Tarihi-kule.jpg\" \/>\n\t<meta property=\"og:image:width\" content=\"731\" \/>\n\t<meta property=\"og:image:height\" content=\"410\" \/>\n\t<meta property=\"og:image:type\" content=\"image\/jpeg\" \/>\n<meta name=\"author\" content=\"admin\" \/>\n<meta name=\"twitter:card\" content=\"summary_large_image\" \/>\n<meta name=\"twitter:label1\" content=\"Written by\" \/>\n\t<meta name=\"twitter:data1\" content=\"admin\" \/>\n\t<meta name=\"twitter:label2\" content=\"Est. reading time\" \/>\n\t<meta name=\"twitter:data2\" content=\"2 minutes\" \/>\n<script type=\"application\/ld+json\" class=\"yoast-schema-graph\">{\"@context\":\"https:\\\/\\\/schema.org\",\"@graph\":[{\"@type\":\"Article\",\"@id\":\"https:\\\/\\\/akunq.net\\\/tr\\\/?p=64191#article\",\"isPartOf\":{\"@id\":\"https:\\\/\\\/akunq.net\\\/tr\\\/?p=64191\"},\"author\":{\"name\":\"admin\",\"@id\":\"https:\\\/\\\/akunq.net\\\/tr\\\/#\\\/schema\\\/person\\\/096f1d38a12cce57fb855b485ed24c9e\"},\"headline\":\"1900 y\u0131ll\u0131k ge\u00e7mi\u015fi var! Tarihi kulede bak\u0131ms\u0131zl\u0131k sonras\u0131 ortaya \u00e7\u0131kt\u0131\",\"datePublished\":\"2021-08-12T07:28:26+00:00\",\"mainEntityOfPage\":{\"@id\":\"https:\\\/\\\/akunq.net\\\/tr\\\/?p=64191\"},\"wordCount\":440,\"commentCount\":0,\"image\":{\"@id\":\"https:\\\/\\\/akunq.net\\\/tr\\\/?p=64191#primaryimage\"},\"thumbnailUrl\":\"https:\\\/\\\/akunq.net\\\/tr\\\/wp-content\\\/uploads\\\/sites\\\/6\\\/2021\\\/08\\\/Tarihi-kule.jpg\",\"articleSection\":[\"Haberler\"],\"inLanguage\":\"en-US\",\"potentialAction\":[{\"@type\":\"CommentAction\",\"name\":\"Comment\",\"target\":[\"https:\\\/\\\/akunq.net\\\/tr\\\/?p=64191#respond\"]}]},{\"@type\":\"WebPage\",\"@id\":\"https:\\\/\\\/akunq.net\\\/tr\\\/?p=64191\",\"url\":\"https:\\\/\\\/akunq.net\\\/tr\\\/?p=64191\",\"name\":\"1900 y\u0131ll\u0131k ge\u00e7mi\u015fi var! Tarihi kulede bak\u0131ms\u0131zl\u0131k sonras\u0131 ortaya \u00e7\u0131kt\u0131 - Bati Ermenistan Ve Bati Ermenileri Sorunlari Ara\u015ftirmalar Merkezi\",\"isPartOf\":{\"@id\":\"https:\\\/\\\/akunq.net\\\/tr\\\/#website\"},\"primaryImageOfPage\":{\"@id\":\"https:\\\/\\\/akunq.net\\\/tr\\\/?p=64191#primaryimage\"},\"image\":{\"@id\":\"https:\\\/\\\/akunq.net\\\/tr\\\/?p=64191#primaryimage\"},\"thumbnailUrl\":\"https:\\\/\\\/akunq.net\\\/tr\\\/wp-content\\\/uploads\\\/sites\\\/6\\\/2021\\\/08\\\/Tarihi-kule.jpg\",\"datePublished\":\"2021-08-12T07:28:26+00:00\",\"author\":{\"@id\":\"https:\\\/\\\/akunq.net\\\/tr\\\/#\\\/schema\\\/person\\\/096f1d38a12cce57fb855b485ed24c9e\"},\"breadcrumb\":{\"@id\":\"https:\\\/\\\/akunq.net\\\/tr\\\/?p=64191#breadcrumb\"},\"inLanguage\":\"en-US\",\"potentialAction\":[{\"@type\":\"ReadAction\",\"target\":[\"https:\\\/\\\/akunq.net\\\/tr\\\/?p=64191\"]}]},{\"@type\":\"ImageObject\",\"inLanguage\":\"en-US\",\"@id\":\"https:\\\/\\\/akunq.net\\\/tr\\\/?p=64191#primaryimage\",\"url\":\"https:\\\/\\\/akunq.net\\\/tr\\\/wp-content\\\/uploads\\\/sites\\\/6\\\/2021\\\/08\\\/Tarihi-kule.jpg\",\"contentUrl\":\"https:\\\/\\\/akunq.net\\\/tr\\\/wp-content\\\/uploads\\\/sites\\\/6\\\/2021\\\/08\\\/Tarihi-kule.jpg\",\"width\":731,\"height\":410},{\"@type\":\"BreadcrumbList\",\"@id\":\"https:\\\/\\\/akunq.net\\\/tr\\\/?p=64191#breadcrumb\",\"itemListElement\":[{\"@type\":\"ListItem\",\"position\":1,\"name\":\"Home\",\"item\":\"https:\\\/\\\/akunq.net\\\/tr\"},{\"@type\":\"ListItem\",\"position\":2,\"name\":\"1900 y\u0131ll\u0131k ge\u00e7mi\u015fi var! Tarihi kulede bak\u0131ms\u0131zl\u0131k sonras\u0131 ortaya \u00e7\u0131kt\u0131\"}]},{\"@type\":\"WebSite\",\"@id\":\"https:\\\/\\\/akunq.net\\\/tr\\\/#website\",\"url\":\"https:\\\/\\\/akunq.net\\\/tr\\\/\",\"name\":\"Bati Ermenistan Ve Bati Ermenileri Sorunlari Ara\u015ftirmalar Merkezi\",\"description\":\"\",\"potentialAction\":[{\"@type\":\"SearchAction\",\"target\":{\"@type\":\"EntryPoint\",\"urlTemplate\":\"https:\\\/\\\/akunq.net\\\/tr\\\/?s={search_term_string}\"},\"query-input\":{\"@type\":\"PropertyValueSpecification\",\"valueRequired\":true,\"valueName\":\"search_term_string\"}}],\"inLanguage\":\"en-US\"},{\"@type\":\"Person\",\"@id\":\"https:\\\/\\\/akunq.net\\\/tr\\\/#\\\/schema\\\/person\\\/096f1d38a12cce57fb855b485ed24c9e\",\"name\":\"admin\",\"url\":\"https:\\\/\\\/akunq.net\\\/tr\\\/?author=7\"}]}<\/script>\n<!-- \/ Yoast SEO plugin. -->","yoast_head_json":{"title":"1900 y\u0131ll\u0131k ge\u00e7mi\u015fi var! Tarihi kulede bak\u0131ms\u0131zl\u0131k sonras\u0131 ortaya \u00e7\u0131kt\u0131 - Bati Ermenistan Ve Bati Ermenileri Sorunlari Ara\u015ftirmalar Merkezi","robots":{"index":"index","follow":"follow","max-snippet":"max-snippet:-1","max-image-preview":"max-image-preview:large","max-video-preview":"max-video-preview:-1"},"canonical":"https:\/\/akunq.net\/tr\/?p=64191","og_locale":"en_US","og_type":"article","og_title":"1900 y\u0131ll\u0131k ge\u00e7mi\u015fi var! Tarihi kulede bak\u0131ms\u0131zl\u0131k sonras\u0131 ortaya \u00e7\u0131kt\u0131 - Bati Ermenistan Ve Bati Ermenileri Sorunlari Ara\u015ftirmalar Merkezi","og_description":"Roma \u0130mparatoru Hadrianus taraf\u0131ndan kurulan Hadrianopolis\u2019i \u00e7evreleyen surlar\u0131n d\u00f6rt k\u00f6\u015fesindeki kulelerden biri olan, Edirne kent merkezindeki Makedon Kulesi\u2019nde bak\u0131ms\u0131zl\u0131ktan incir a\u011fac\u0131 \u00e7\u0131kt\u0131. 1900 y\u0131l\u0131k Makedon Kulesi\u2019nin \u00e7evresinde yap\u0131lan kaz\u0131larda ortaya \u00e7\u0131kan tarihi yap\u0131lar\u0131n \u00fczeri otlarla kapland\u0131. Kaz\u0131larda ortaya \u00e7\u0131kan \u00e7ini f\u0131r\u0131nlar\u0131 da \u00e7\u00f6pl\u00fck haline geldi. Ali Can ZERAY-Olgay G\u00dcLER\u00a0 Tarihi yap\u0131n\u0131n bir an \u00f6nce restore [&hellip;]","og_url":"https:\/\/akunq.net\/tr\/?p=64191","og_site_name":"Bati Ermenistan Ve Bati Ermenileri Sorunlari Ara\u015ftirmalar Merkezi","article_published_time":"2021-08-12T07:28:26+00:00","og_image":[{"width":731,"height":410,"url":"https:\/\/akunq.net\/tr\/wp-content\/uploads\/sites\/6\/2021\/08\/Tarihi-kule.jpg","type":"image\/jpeg"}],"author":"admin","twitter_card":"summary_large_image","twitter_misc":{"Written by":"admin","Est. reading time":"2 minutes"},"schema":{"@context":"https:\/\/schema.org","@graph":[{"@type":"Article","@id":"https:\/\/akunq.net\/tr\/?p=64191#article","isPartOf":{"@id":"https:\/\/akunq.net\/tr\/?p=64191"},"author":{"name":"admin","@id":"https:\/\/akunq.net\/tr\/#\/schema\/person\/096f1d38a12cce57fb855b485ed24c9e"},"headline":"1900 y\u0131ll\u0131k ge\u00e7mi\u015fi var! Tarihi kulede bak\u0131ms\u0131zl\u0131k sonras\u0131 ortaya \u00e7\u0131kt\u0131","datePublished":"2021-08-12T07:28:26+00:00","mainEntityOfPage":{"@id":"https:\/\/akunq.net\/tr\/?p=64191"},"wordCount":440,"commentCount":0,"image":{"@id":"https:\/\/akunq.net\/tr\/?p=64191#primaryimage"},"thumbnailUrl":"https:\/\/akunq.net\/tr\/wp-content\/uploads\/sites\/6\/2021\/08\/Tarihi-kule.jpg","articleSection":["Haberler"],"inLanguage":"en-US","potentialAction":[{"@type":"CommentAction","name":"Comment","target":["https:\/\/akunq.net\/tr\/?p=64191#respond"]}]},{"@type":"WebPage","@id":"https:\/\/akunq.net\/tr\/?p=64191","url":"https:\/\/akunq.net\/tr\/?p=64191","name":"1900 y\u0131ll\u0131k ge\u00e7mi\u015fi var! Tarihi kulede bak\u0131ms\u0131zl\u0131k sonras\u0131 ortaya \u00e7\u0131kt\u0131 - Bati Ermenistan Ve Bati Ermenileri Sorunlari Ara\u015ftirmalar Merkezi","isPartOf":{"@id":"https:\/\/akunq.net\/tr\/#website"},"primaryImageOfPage":{"@id":"https:\/\/akunq.net\/tr\/?p=64191#primaryimage"},"image":{"@id":"https:\/\/akunq.net\/tr\/?p=64191#primaryimage"},"thumbnailUrl":"https:\/\/akunq.net\/tr\/wp-content\/uploads\/sites\/6\/2021\/08\/Tarihi-kule.jpg","datePublished":"2021-08-12T07:28:26+00:00","author":{"@id":"https:\/\/akunq.net\/tr\/#\/schema\/person\/096f1d38a12cce57fb855b485ed24c9e"},"breadcrumb":{"@id":"https:\/\/akunq.net\/tr\/?p=64191#breadcrumb"},"inLanguage":"en-US","potentialAction":[{"@type":"ReadAction","target":["https:\/\/akunq.net\/tr\/?p=64191"]}]},{"@type":"ImageObject","inLanguage":"en-US","@id":"https:\/\/akunq.net\/tr\/?p=64191#primaryimage","url":"https:\/\/akunq.net\/tr\/wp-content\/uploads\/sites\/6\/2021\/08\/Tarihi-kule.jpg","contentUrl":"https:\/\/akunq.net\/tr\/wp-content\/uploads\/sites\/6\/2021\/08\/Tarihi-kule.jpg","width":731,"height":410},{"@type":"BreadcrumbList","@id":"https:\/\/akunq.net\/tr\/?p=64191#breadcrumb","itemListElement":[{"@type":"ListItem","position":1,"name":"Home","item":"https:\/\/akunq.net\/tr"},{"@type":"ListItem","position":2,"name":"1900 y\u0131ll\u0131k ge\u00e7mi\u015fi var! Tarihi kulede bak\u0131ms\u0131zl\u0131k sonras\u0131 ortaya \u00e7\u0131kt\u0131"}]},{"@type":"WebSite","@id":"https:\/\/akunq.net\/tr\/#website","url":"https:\/\/akunq.net\/tr\/","name":"Bati Ermenistan Ve Bati Ermenileri Sorunlari Ara\u015ftirmalar Merkezi","description":"","potentialAction":[{"@type":"SearchAction","target":{"@type":"EntryPoint","urlTemplate":"https:\/\/akunq.net\/tr\/?s={search_term_string}"},"query-input":{"@type":"PropertyValueSpecification","valueRequired":true,"valueName":"search_term_string"}}],"inLanguage":"en-US"},{"@type":"Person","@id":"https:\/\/akunq.net\/tr\/#\/schema\/person\/096f1d38a12cce57fb855b485ed24c9e","name":"admin","url":"https:\/\/akunq.net\/tr\/?author=7"}]}},"_links":{"self":[{"href":"https:\/\/akunq.net\/tr\/index.php?rest_route=\/wp\/v2\/posts\/64191","targetHints":{"allow":["GET"]}}],"collection":[{"href":"https:\/\/akunq.net\/tr\/index.php?rest_route=\/wp\/v2\/posts"}],"about":[{"href":"https:\/\/akunq.net\/tr\/index.php?rest_route=\/wp\/v2\/types\/post"}],"author":[{"embeddable":true,"href":"https:\/\/akunq.net\/tr\/index.php?rest_route=\/wp\/v2\/users\/7"}],"replies":[{"embeddable":true,"href":"https:\/\/akunq.net\/tr\/index.php?rest_route=%2Fwp%2Fv2%2Fcomments&post=64191"}],"version-history":[{"count":1,"href":"https:\/\/akunq.net\/tr\/index.php?rest_route=\/wp\/v2\/posts\/64191\/revisions"}],"predecessor-version":[{"id":64193,"href":"https:\/\/akunq.net\/tr\/index.php?rest_route=\/wp\/v2\/posts\/64191\/revisions\/64193"}],"wp:featuredmedia":[{"embeddable":true,"href":"https:\/\/akunq.net\/tr\/index.php?rest_route=\/wp\/v2\/media\/64192"}],"wp:attachment":[{"href":"https:\/\/akunq.net\/tr\/index.php?rest_route=%2Fwp%2Fv2%2Fmedia&parent=64191"}],"wp:term":[{"taxonomy":"category","embeddable":true,"href":"https:\/\/akunq.net\/tr\/index.php?rest_route=%2Fwp%2Fv2%2Fcategories&post=64191"},{"taxonomy":"post_tag","embeddable":true,"href":"https:\/\/akunq.net\/tr\/index.php?rest_route=%2Fwp%2Fv2%2Ftags&post=64191"}],"curies":[{"name":"wp","href":"https:\/\/api.w.org\/{rel}","templated":true}]}}