{"id":64182,"date":"2021-08-12T01:57:15","date_gmt":"2021-08-12T06:57:15","guid":{"rendered":"https:\/\/akunq.net\/tr\/?p=64182"},"modified":"2021-08-12T01:57:15","modified_gmt":"2021-08-12T06:57:15","slug":"limnae-antik-kenti-ve-kibotos-kalesi-kalintilarinda-su-alti-kazi-calismalari-basladi","status":"publish","type":"post","link":"https:\/\/akunq.net\/tr\/?p=64182","title":{"rendered":"Limnae Antik Kenti ve Kibotos Kalesi kal\u0131nt\u0131lar\u0131nda su alt\u0131 kaz\u0131 \u00e7al\u0131\u015fmalar\u0131 ba\u015flad\u0131"},"content":{"rendered":"<p><img loading=\"lazy\" decoding=\"async\" class=\"aligncenter size-medium wp-image-64183\" src=\"https:\/\/akunq.net\/tr\/wp-content\/uploads\/2021\/08\/Limnae-Antik-Kenti-ve-Kibotos-Kalesi-360x203.jpg\" alt=\"\" width=\"360\" height=\"203\" srcset=\"https:\/\/akunq.net\/tr\/wp-content\/uploads\/sites\/6\/2021\/08\/Limnae-Antik-Kenti-ve-Kibotos-Kalesi-360x203.jpg 360w, https:\/\/akunq.net\/tr\/wp-content\/uploads\/sites\/6\/2021\/08\/Limnae-Antik-Kenti-ve-Kibotos-Kalesi-768x433.jpg 768w, https:\/\/akunq.net\/tr\/wp-content\/uploads\/sites\/6\/2021\/08\/Limnae-Antik-Kenti-ve-Kibotos-Kalesi-560x316.jpg 560w, https:\/\/akunq.net\/tr\/wp-content\/uploads\/sites\/6\/2021\/08\/Limnae-Antik-Kenti-ve-Kibotos-Kalesi-260x147.jpg 260w, https:\/\/akunq.net\/tr\/wp-content\/uploads\/sites\/6\/2021\/08\/Limnae-Antik-Kenti-ve-Kibotos-Kalesi-160x90.jpg 160w, https:\/\/akunq.net\/tr\/wp-content\/uploads\/sites\/6\/2021\/08\/Limnae-Antik-Kenti-ve-Kibotos-Kalesi.jpg 862w\" sizes=\"auto, (max-width: 360px) 100vw, 360px\" \/><\/p>\n<p><strong>Erhan Erdo\u011fan<\/strong><\/p>\n<p><em><strong>Yalova\u2019n\u0131n Alt\u0131nova il\u00e7esinde, Marmara Denizi\u2019nde 2019 y\u0131l\u0131nda yakla\u015f\u0131k 3 metre derinlikte tespit edilen, Bizans d\u00f6neminin \u00f6nemli yap\u0131lar\u0131ndan Kibatos Kalesi ile Limnae Antik Kenti\u2019nde su alt\u0131 kaz\u0131 \u00e7al\u0131\u015fmas\u0131na ba\u015fland\u0131.<\/strong><\/em><\/p>\n<p>\u201cYalova \u0130li K\u0131y\u0131lar\u0131 Antik Liman ve Sualt\u0131 Y\u00fczey Ara\u015ft\u0131rmas\u0131 Projesi\u201d \u00e7al\u0131\u015fmalar\u0131 kapsam\u0131nda tespiti yap\u0131lan su alt\u0131ndaki kal\u0131nt\u0131larda 2021 y\u0131l\u0131 \u00e7al\u0131\u015fmalar\u0131 ger\u00e7ekle\u015ftiriliyor.<\/p>\n<p>Alt\u0131nova Belediye Ba\u015fkan\u0131 Metin Oral, Limnae Civetot Sualt\u0131 Kaz\u0131evi\u2019ni ziyaret ederek, Yalova M\u00fcze M\u00fcd\u00fcr\u00fc Ali Sinan \u00d6zbey ve Bursa Uluda\u011f \u00dcniversitesi Fen-Edebiyat Fak\u00fcltesi Arkeoloji B\u00f6l\u00fcm\u00fc Sualt\u0131 Arkeolojisi Ana Bilim Dal\u0131 \u00d6\u011fretim \u00dcyesi Dr. Serkan G\u00fcnd\u00fcz ile g\u00f6r\u00fc\u015ft\u00fc.<\/p>\n<p>K\u00fclt\u00fcr ve Turizm Bakanl\u0131\u011f\u0131n\u0131n izniyle Yalova M\u00fcze M\u00fcd\u00fcrl\u00fc\u011f\u00fc ba\u015fkanl\u0131\u011f\u0131nda y\u00fcr\u00fct\u00fclen \u00e7al\u0131\u015fmalar hakk\u0131nda bilgi alan Oral, yapt\u0131\u011f\u0131 a\u00e7\u0131klamada, il\u00e7edeki tarihi kimli\u011fe \u00f6nem verdiklerini vurgulad\u0131.<\/p>\n<p>Tarihi de\u011ferlerin g\u00fcn y\u00fcz\u00fcne \u00e7\u0131kar\u0131lmas\u0131 i\u00e7in de titizlik ve \u00f6zveriyle \u00e7al\u0131\u015fma yap\u0131ld\u0131\u011f\u0131n\u0131 belirten Oral, \u201cBu konuda \u00e7al\u0131\u015fan t\u00fcm hocalar\u0131m\u0131za, ekiplerimize, bakanl\u0131\u011f\u0131m\u0131za ayr\u0131 ayr\u0131 te\u015fekk\u00fcr ediyorum. \u0130n\u015fallah \u00f6n\u00fcm\u00fczdeki s\u00fcre\u00e7te Alt\u0131nova\u2019dan daha g\u00fczel haberleri ula\u015ft\u0131raca\u011f\u0131m\u0131za inan\u0131yorum. Alt\u0131nova\u2019m\u0131z, Hersek Sahili, Hersek Lag\u00fcn\u00fc Ku\u015f Oteli, T\u0131bbi Aromatik Bitkiler Merkezi, do\u011fal lezzetleri ve g\u00fczelliklerinin yan\u0131 s\u0131ra tarihi kimli\u011fiyle de T\u00fcrkiye\u2019nin \u00f6nemli turizm merkezlerinden biri olacak.\u201d de\u011ferlendirmesinde bulundu.<\/p>\n<p><em><strong><a href=\"https:\/\/www.aa.com.tr\/tr\/kultur-sanat\/limnae-antik-kenti-ve-kibotos-kalesi-kalintilarinda-su-alti-kazi-calismalari-basladi\/2330986\" target=\"_blank\" rel=\"noopener noreferrer\">AA<\/a>\u00a0<\/strong><\/em><\/p>\n","protected":false},"excerpt":{"rendered":"<p>Erhan Erdo\u011fan Yalova\u2019n\u0131n Alt\u0131nova il\u00e7esinde, Marmara Denizi\u2019nde 2019 y\u0131l\u0131nda yakla\u015f\u0131k 3 metre derinlikte tespit edilen, Bizans d\u00f6neminin \u00f6nemli yap\u0131lar\u0131ndan Kibatos Kalesi ile Limnae Antik Kenti\u2019nde su alt\u0131 kaz\u0131 \u00e7al\u0131\u015fmas\u0131na ba\u015fland\u0131. \u201cYalova \u0130li K\u0131y\u0131lar\u0131 Antik Liman ve Sualt\u0131 Y\u00fczey Ara\u015ft\u0131rmas\u0131 Projesi\u201d \u00e7al\u0131\u015fmalar\u0131 kapsam\u0131nda tespiti yap\u0131lan su alt\u0131ndaki kal\u0131nt\u0131larda 2021 y\u0131l\u0131 \u00e7al\u0131\u015fmalar\u0131 ger\u00e7ekle\u015ftiriliyor. Alt\u0131nova Belediye Ba\u015fkan\u0131 Metin [&hellip;]<\/p>\n","protected":false},"author":7,"featured_media":64183,"comment_status":"open","ping_status":"open","sticky":false,"template":"","format":"standard","meta":{"footnotes":""},"categories":[1],"tags":[],"class_list":["post-64182","post","type-post","status-publish","format-standard","has-post-thumbnail","hentry","category-haberler"],"yoast_head":"<!-- This site is optimized with the Yoast SEO plugin v27.4 - https:\/\/yoast.com\/product\/yoast-seo-wordpress\/ -->\n<title>Limnae Antik Kenti ve Kibotos Kalesi kal\u0131nt\u0131lar\u0131nda su alt\u0131 kaz\u0131 \u00e7al\u0131\u015fmalar\u0131 ba\u015flad\u0131 - Bati Ermenistan Ve Bati Ermenileri Sorunlari Ara\u015ftirmalar Merkezi<\/title>\n<meta name=\"robots\" content=\"index, follow, max-snippet:-1, max-image-preview:large, max-video-preview:-1\" \/>\n<link rel=\"canonical\" href=\"https:\/\/akunq.net\/tr\/?p=64182\" \/>\n<meta property=\"og:locale\" content=\"en_US\" \/>\n<meta property=\"og:type\" content=\"article\" \/>\n<meta property=\"og:title\" content=\"Limnae Antik Kenti ve Kibotos Kalesi kal\u0131nt\u0131lar\u0131nda su alt\u0131 kaz\u0131 \u00e7al\u0131\u015fmalar\u0131 ba\u015flad\u0131 - Bati Ermenistan Ve Bati Ermenileri Sorunlari Ara\u015ftirmalar Merkezi\" \/>\n<meta property=\"og:description\" content=\"Erhan Erdo\u011fan Yalova\u2019n\u0131n Alt\u0131nova il\u00e7esinde, Marmara Denizi\u2019nde 2019 y\u0131l\u0131nda yakla\u015f\u0131k 3 metre derinlikte tespit edilen, Bizans d\u00f6neminin \u00f6nemli yap\u0131lar\u0131ndan Kibatos Kalesi ile Limnae Antik Kenti\u2019nde su alt\u0131 kaz\u0131 \u00e7al\u0131\u015fmas\u0131na ba\u015fland\u0131. \u201cYalova \u0130li K\u0131y\u0131lar\u0131 Antik Liman ve Sualt\u0131 Y\u00fczey Ara\u015ft\u0131rmas\u0131 Projesi\u201d \u00e7al\u0131\u015fmalar\u0131 kapsam\u0131nda tespiti yap\u0131lan su alt\u0131ndaki kal\u0131nt\u0131larda 2021 y\u0131l\u0131 \u00e7al\u0131\u015fmalar\u0131 ger\u00e7ekle\u015ftiriliyor. Alt\u0131nova Belediye Ba\u015fkan\u0131 Metin [&hellip;]\" \/>\n<meta property=\"og:url\" content=\"https:\/\/akunq.net\/tr\/?p=64182\" \/>\n<meta property=\"og:site_name\" content=\"Bati Ermenistan Ve Bati Ermenileri Sorunlari Ara\u015ftirmalar Merkezi\" \/>\n<meta property=\"article:published_time\" content=\"2021-08-12T06:57:15+00:00\" \/>\n<meta property=\"og:image\" content=\"https:\/\/akunq.net\/tr\/wp-content\/uploads\/sites\/6\/2021\/08\/Limnae-Antik-Kenti-ve-Kibotos-Kalesi.jpg\" \/>\n\t<meta property=\"og:image:width\" content=\"862\" \/>\n\t<meta property=\"og:image:height\" content=\"486\" \/>\n\t<meta property=\"og:image:type\" content=\"image\/jpeg\" \/>\n<meta name=\"author\" content=\"admin\" \/>\n<meta name=\"twitter:card\" content=\"summary_large_image\" \/>\n<meta name=\"twitter:label1\" content=\"Written by\" \/>\n\t<meta name=\"twitter:data1\" content=\"admin\" \/>\n\t<meta name=\"twitter:label2\" content=\"Est. reading time\" \/>\n\t<meta name=\"twitter:data2\" content=\"1 minute\" \/>\n<script type=\"application\/ld+json\" class=\"yoast-schema-graph\">{\"@context\":\"https:\\\/\\\/schema.org\",\"@graph\":[{\"@type\":\"Article\",\"@id\":\"https:\\\/\\\/akunq.net\\\/tr\\\/?p=64182#article\",\"isPartOf\":{\"@id\":\"https:\\\/\\\/akunq.net\\\/tr\\\/?p=64182\"},\"author\":{\"name\":\"admin\",\"@id\":\"https:\\\/\\\/akunq.net\\\/tr\\\/#\\\/schema\\\/person\\\/096f1d38a12cce57fb855b485ed24c9e\"},\"headline\":\"Limnae Antik Kenti ve Kibotos Kalesi kal\u0131nt\u0131lar\u0131nda su alt\u0131 kaz\u0131 \u00e7al\u0131\u015fmalar\u0131 ba\u015flad\u0131\",\"datePublished\":\"2021-08-12T06:57:15+00:00\",\"mainEntityOfPage\":{\"@id\":\"https:\\\/\\\/akunq.net\\\/tr\\\/?p=64182\"},\"wordCount\":292,\"commentCount\":0,\"image\":{\"@id\":\"https:\\\/\\\/akunq.net\\\/tr\\\/?p=64182#primaryimage\"},\"thumbnailUrl\":\"https:\\\/\\\/akunq.net\\\/tr\\\/wp-content\\\/uploads\\\/sites\\\/6\\\/2021\\\/08\\\/Limnae-Antik-Kenti-ve-Kibotos-Kalesi.jpg\",\"articleSection\":[\"Haberler\"],\"inLanguage\":\"en-US\",\"potentialAction\":[{\"@type\":\"CommentAction\",\"name\":\"Comment\",\"target\":[\"https:\\\/\\\/akunq.net\\\/tr\\\/?p=64182#respond\"]}]},{\"@type\":\"WebPage\",\"@id\":\"https:\\\/\\\/akunq.net\\\/tr\\\/?p=64182\",\"url\":\"https:\\\/\\\/akunq.net\\\/tr\\\/?p=64182\",\"name\":\"Limnae Antik Kenti ve Kibotos Kalesi kal\u0131nt\u0131lar\u0131nda su alt\u0131 kaz\u0131 \u00e7al\u0131\u015fmalar\u0131 ba\u015flad\u0131 - Bati Ermenistan Ve Bati Ermenileri Sorunlari Ara\u015ftirmalar Merkezi\",\"isPartOf\":{\"@id\":\"https:\\\/\\\/akunq.net\\\/tr\\\/#website\"},\"primaryImageOfPage\":{\"@id\":\"https:\\\/\\\/akunq.net\\\/tr\\\/?p=64182#primaryimage\"},\"image\":{\"@id\":\"https:\\\/\\\/akunq.net\\\/tr\\\/?p=64182#primaryimage\"},\"thumbnailUrl\":\"https:\\\/\\\/akunq.net\\\/tr\\\/wp-content\\\/uploads\\\/sites\\\/6\\\/2021\\\/08\\\/Limnae-Antik-Kenti-ve-Kibotos-Kalesi.jpg\",\"datePublished\":\"2021-08-12T06:57:15+00:00\",\"author\":{\"@id\":\"https:\\\/\\\/akunq.net\\\/tr\\\/#\\\/schema\\\/person\\\/096f1d38a12cce57fb855b485ed24c9e\"},\"breadcrumb\":{\"@id\":\"https:\\\/\\\/akunq.net\\\/tr\\\/?p=64182#breadcrumb\"},\"inLanguage\":\"en-US\",\"potentialAction\":[{\"@type\":\"ReadAction\",\"target\":[\"https:\\\/\\\/akunq.net\\\/tr\\\/?p=64182\"]}]},{\"@type\":\"ImageObject\",\"inLanguage\":\"en-US\",\"@id\":\"https:\\\/\\\/akunq.net\\\/tr\\\/?p=64182#primaryimage\",\"url\":\"https:\\\/\\\/akunq.net\\\/tr\\\/wp-content\\\/uploads\\\/sites\\\/6\\\/2021\\\/08\\\/Limnae-Antik-Kenti-ve-Kibotos-Kalesi.jpg\",\"contentUrl\":\"https:\\\/\\\/akunq.net\\\/tr\\\/wp-content\\\/uploads\\\/sites\\\/6\\\/2021\\\/08\\\/Limnae-Antik-Kenti-ve-Kibotos-Kalesi.jpg\",\"width\":862,\"height\":486},{\"@type\":\"BreadcrumbList\",\"@id\":\"https:\\\/\\\/akunq.net\\\/tr\\\/?p=64182#breadcrumb\",\"itemListElement\":[{\"@type\":\"ListItem\",\"position\":1,\"name\":\"Home\",\"item\":\"https:\\\/\\\/akunq.net\\\/tr\"},{\"@type\":\"ListItem\",\"position\":2,\"name\":\"Limnae Antik Kenti ve Kibotos Kalesi kal\u0131nt\u0131lar\u0131nda su alt\u0131 kaz\u0131 \u00e7al\u0131\u015fmalar\u0131 ba\u015flad\u0131\"}]},{\"@type\":\"WebSite\",\"@id\":\"https:\\\/\\\/akunq.net\\\/tr\\\/#website\",\"url\":\"https:\\\/\\\/akunq.net\\\/tr\\\/\",\"name\":\"Bati Ermenistan Ve Bati Ermenileri Sorunlari Ara\u015ftirmalar Merkezi\",\"description\":\"\",\"potentialAction\":[{\"@type\":\"SearchAction\",\"target\":{\"@type\":\"EntryPoint\",\"urlTemplate\":\"https:\\\/\\\/akunq.net\\\/tr\\\/?s={search_term_string}\"},\"query-input\":{\"@type\":\"PropertyValueSpecification\",\"valueRequired\":true,\"valueName\":\"search_term_string\"}}],\"inLanguage\":\"en-US\"},{\"@type\":\"Person\",\"@id\":\"https:\\\/\\\/akunq.net\\\/tr\\\/#\\\/schema\\\/person\\\/096f1d38a12cce57fb855b485ed24c9e\",\"name\":\"admin\",\"url\":\"https:\\\/\\\/akunq.net\\\/tr\\\/?author=7\"}]}<\/script>\n<!-- \/ Yoast SEO plugin. -->","yoast_head_json":{"title":"Limnae Antik Kenti ve Kibotos Kalesi kal\u0131nt\u0131lar\u0131nda su alt\u0131 kaz\u0131 \u00e7al\u0131\u015fmalar\u0131 ba\u015flad\u0131 - Bati Ermenistan Ve Bati Ermenileri Sorunlari Ara\u015ftirmalar Merkezi","robots":{"index":"index","follow":"follow","max-snippet":"max-snippet:-1","max-image-preview":"max-image-preview:large","max-video-preview":"max-video-preview:-1"},"canonical":"https:\/\/akunq.net\/tr\/?p=64182","og_locale":"en_US","og_type":"article","og_title":"Limnae Antik Kenti ve Kibotos Kalesi kal\u0131nt\u0131lar\u0131nda su alt\u0131 kaz\u0131 \u00e7al\u0131\u015fmalar\u0131 ba\u015flad\u0131 - Bati Ermenistan Ve Bati Ermenileri Sorunlari Ara\u015ftirmalar Merkezi","og_description":"Erhan Erdo\u011fan Yalova\u2019n\u0131n Alt\u0131nova il\u00e7esinde, Marmara Denizi\u2019nde 2019 y\u0131l\u0131nda yakla\u015f\u0131k 3 metre derinlikte tespit edilen, Bizans d\u00f6neminin \u00f6nemli yap\u0131lar\u0131ndan Kibatos Kalesi ile Limnae Antik Kenti\u2019nde su alt\u0131 kaz\u0131 \u00e7al\u0131\u015fmas\u0131na ba\u015fland\u0131. \u201cYalova \u0130li K\u0131y\u0131lar\u0131 Antik Liman ve Sualt\u0131 Y\u00fczey Ara\u015ft\u0131rmas\u0131 Projesi\u201d \u00e7al\u0131\u015fmalar\u0131 kapsam\u0131nda tespiti yap\u0131lan su alt\u0131ndaki kal\u0131nt\u0131larda 2021 y\u0131l\u0131 \u00e7al\u0131\u015fmalar\u0131 ger\u00e7ekle\u015ftiriliyor. Alt\u0131nova Belediye Ba\u015fkan\u0131 Metin [&hellip;]","og_url":"https:\/\/akunq.net\/tr\/?p=64182","og_site_name":"Bati Ermenistan Ve Bati Ermenileri Sorunlari Ara\u015ftirmalar Merkezi","article_published_time":"2021-08-12T06:57:15+00:00","og_image":[{"width":862,"height":486,"url":"https:\/\/akunq.net\/tr\/wp-content\/uploads\/sites\/6\/2021\/08\/Limnae-Antik-Kenti-ve-Kibotos-Kalesi.jpg","type":"image\/jpeg"}],"author":"admin","twitter_card":"summary_large_image","twitter_misc":{"Written by":"admin","Est. reading time":"1 minute"},"schema":{"@context":"https:\/\/schema.org","@graph":[{"@type":"Article","@id":"https:\/\/akunq.net\/tr\/?p=64182#article","isPartOf":{"@id":"https:\/\/akunq.net\/tr\/?p=64182"},"author":{"name":"admin","@id":"https:\/\/akunq.net\/tr\/#\/schema\/person\/096f1d38a12cce57fb855b485ed24c9e"},"headline":"Limnae Antik Kenti ve Kibotos Kalesi kal\u0131nt\u0131lar\u0131nda su alt\u0131 kaz\u0131 \u00e7al\u0131\u015fmalar\u0131 ba\u015flad\u0131","datePublished":"2021-08-12T06:57:15+00:00","mainEntityOfPage":{"@id":"https:\/\/akunq.net\/tr\/?p=64182"},"wordCount":292,"commentCount":0,"image":{"@id":"https:\/\/akunq.net\/tr\/?p=64182#primaryimage"},"thumbnailUrl":"https:\/\/akunq.net\/tr\/wp-content\/uploads\/sites\/6\/2021\/08\/Limnae-Antik-Kenti-ve-Kibotos-Kalesi.jpg","articleSection":["Haberler"],"inLanguage":"en-US","potentialAction":[{"@type":"CommentAction","name":"Comment","target":["https:\/\/akunq.net\/tr\/?p=64182#respond"]}]},{"@type":"WebPage","@id":"https:\/\/akunq.net\/tr\/?p=64182","url":"https:\/\/akunq.net\/tr\/?p=64182","name":"Limnae Antik Kenti ve Kibotos Kalesi kal\u0131nt\u0131lar\u0131nda su alt\u0131 kaz\u0131 \u00e7al\u0131\u015fmalar\u0131 ba\u015flad\u0131 - Bati Ermenistan Ve Bati Ermenileri Sorunlari Ara\u015ftirmalar Merkezi","isPartOf":{"@id":"https:\/\/akunq.net\/tr\/#website"},"primaryImageOfPage":{"@id":"https:\/\/akunq.net\/tr\/?p=64182#primaryimage"},"image":{"@id":"https:\/\/akunq.net\/tr\/?p=64182#primaryimage"},"thumbnailUrl":"https:\/\/akunq.net\/tr\/wp-content\/uploads\/sites\/6\/2021\/08\/Limnae-Antik-Kenti-ve-Kibotos-Kalesi.jpg","datePublished":"2021-08-12T06:57:15+00:00","author":{"@id":"https:\/\/akunq.net\/tr\/#\/schema\/person\/096f1d38a12cce57fb855b485ed24c9e"},"breadcrumb":{"@id":"https:\/\/akunq.net\/tr\/?p=64182#breadcrumb"},"inLanguage":"en-US","potentialAction":[{"@type":"ReadAction","target":["https:\/\/akunq.net\/tr\/?p=64182"]}]},{"@type":"ImageObject","inLanguage":"en-US","@id":"https:\/\/akunq.net\/tr\/?p=64182#primaryimage","url":"https:\/\/akunq.net\/tr\/wp-content\/uploads\/sites\/6\/2021\/08\/Limnae-Antik-Kenti-ve-Kibotos-Kalesi.jpg","contentUrl":"https:\/\/akunq.net\/tr\/wp-content\/uploads\/sites\/6\/2021\/08\/Limnae-Antik-Kenti-ve-Kibotos-Kalesi.jpg","width":862,"height":486},{"@type":"BreadcrumbList","@id":"https:\/\/akunq.net\/tr\/?p=64182#breadcrumb","itemListElement":[{"@type":"ListItem","position":1,"name":"Home","item":"https:\/\/akunq.net\/tr"},{"@type":"ListItem","position":2,"name":"Limnae Antik Kenti ve Kibotos Kalesi kal\u0131nt\u0131lar\u0131nda su alt\u0131 kaz\u0131 \u00e7al\u0131\u015fmalar\u0131 ba\u015flad\u0131"}]},{"@type":"WebSite","@id":"https:\/\/akunq.net\/tr\/#website","url":"https:\/\/akunq.net\/tr\/","name":"Bati Ermenistan Ve Bati Ermenileri Sorunlari Ara\u015ftirmalar Merkezi","description":"","potentialAction":[{"@type":"SearchAction","target":{"@type":"EntryPoint","urlTemplate":"https:\/\/akunq.net\/tr\/?s={search_term_string}"},"query-input":{"@type":"PropertyValueSpecification","valueRequired":true,"valueName":"search_term_string"}}],"inLanguage":"en-US"},{"@type":"Person","@id":"https:\/\/akunq.net\/tr\/#\/schema\/person\/096f1d38a12cce57fb855b485ed24c9e","name":"admin","url":"https:\/\/akunq.net\/tr\/?author=7"}]}},"_links":{"self":[{"href":"https:\/\/akunq.net\/tr\/index.php?rest_route=\/wp\/v2\/posts\/64182","targetHints":{"allow":["GET"]}}],"collection":[{"href":"https:\/\/akunq.net\/tr\/index.php?rest_route=\/wp\/v2\/posts"}],"about":[{"href":"https:\/\/akunq.net\/tr\/index.php?rest_route=\/wp\/v2\/types\/post"}],"author":[{"embeddable":true,"href":"https:\/\/akunq.net\/tr\/index.php?rest_route=\/wp\/v2\/users\/7"}],"replies":[{"embeddable":true,"href":"https:\/\/akunq.net\/tr\/index.php?rest_route=%2Fwp%2Fv2%2Fcomments&post=64182"}],"version-history":[{"count":1,"href":"https:\/\/akunq.net\/tr\/index.php?rest_route=\/wp\/v2\/posts\/64182\/revisions"}],"predecessor-version":[{"id":64184,"href":"https:\/\/akunq.net\/tr\/index.php?rest_route=\/wp\/v2\/posts\/64182\/revisions\/64184"}],"wp:featuredmedia":[{"embeddable":true,"href":"https:\/\/akunq.net\/tr\/index.php?rest_route=\/wp\/v2\/media\/64183"}],"wp:attachment":[{"href":"https:\/\/akunq.net\/tr\/index.php?rest_route=%2Fwp%2Fv2%2Fmedia&parent=64182"}],"wp:term":[{"taxonomy":"category","embeddable":true,"href":"https:\/\/akunq.net\/tr\/index.php?rest_route=%2Fwp%2Fv2%2Fcategories&post=64182"},{"taxonomy":"post_tag","embeddable":true,"href":"https:\/\/akunq.net\/tr\/index.php?rest_route=%2Fwp%2Fv2%2Ftags&post=64182"}],"curies":[{"name":"wp","href":"https:\/\/api.w.org\/{rel}","templated":true}]}}