{"id":64176,"date":"2021-08-12T01:31:23","date_gmt":"2021-08-12T06:31:23","guid":{"rendered":"https:\/\/akunq.net\/tr\/?p=64176"},"modified":"2021-08-12T01:31:23","modified_gmt":"2021-08-12T06:31:23","slug":"garo-paylan-gazeteci-raffi-hermon-araksi-cok-erken-kaybettik","status":"publish","type":"post","link":"https:\/\/akunq.net\/tr\/?p=64176","title":{"rendered":"Garo Paylan: &#8220;Gazeteci Raffi Hermon Araks&#8217;\u0131 \u00e7ok erken kaybettik&#8221;"},"content":{"rendered":"<div class=\"html-content\">\n<p><img loading=\"lazy\" decoding=\"async\" class=\"aligncenter size-medium wp-image-64177\" src=\"https:\/\/akunq.net\/tr\/wp-content\/uploads\/2021\/08\/Paylan-360x203.jpg\" alt=\"\" width=\"360\" height=\"203\" srcset=\"https:\/\/akunq.net\/tr\/wp-content\/uploads\/sites\/6\/2021\/08\/Paylan-360x203.jpg 360w, https:\/\/akunq.net\/tr\/wp-content\/uploads\/sites\/6\/2021\/08\/Paylan-768x432.jpg 768w, https:\/\/akunq.net\/tr\/wp-content\/uploads\/sites\/6\/2021\/08\/Paylan-560x315.jpg 560w, https:\/\/akunq.net\/tr\/wp-content\/uploads\/sites\/6\/2021\/08\/Paylan-260x146.jpg 260w, https:\/\/akunq.net\/tr\/wp-content\/uploads\/sites\/6\/2021\/08\/Paylan-160x90.jpg 160w, https:\/\/akunq.net\/tr\/wp-content\/uploads\/sites\/6\/2021\/08\/Paylan.jpg 1280w\" sizes=\"auto, (max-width: 360px) 100vw, 360px\" \/><\/p>\n<p><em><strong>T\u00fcrkiye&#8217;nin Halklar\u0131n Demokratik Partisi (HDP) Diyarbak\u0131r Ermeni Milletvekili Garo Paylan, Ermeni gazeteci Raffi Hermon Araks\u2019\u0131n \u00f6l\u00fcm\u00fcn\u00fcn ard\u0131ndan Twitter hesab\u0131 \u00fczerinden payla\u015f\u0131mda bulundu.<\/strong><\/em><\/p>\n<p>Paylan yay\u0131nlad\u0131\u011f\u0131 taziye mesaj\u0131nda \u015fu ifadelere yer verdi:<\/p>\n<p>\u201cGazeteci Raffi Hermon Araks&#8217;\u0131 \u00e7ok erken kaybettik.<\/p>\n<p>\u00c7ok \u00fczg\u00fcn\u00fcm.<\/p>\n<p>Ruhu \u015fad olsun\u2026\u201d<\/p>\n<p><img decoding=\"async\" src=\"https:\/\/www.ermenihaber.am\/files\/images\/234807610_1023167565118085_7652584749713433237_n(1).jpg\" alt=\"\" \/><\/p>\n<\/div>\n<div class=\"current-author fl cb\"><em><strong><a class=\"a-none\" href=\"https:\/\/www.ermenihaber.am\/tr\/news\/2021\/08\/11\/T%C3%BCrkiye-Ermeni-RaffiHermonAraks-Paylan\/213189\">Ermenihaber.am<\/a><\/strong><\/em><\/div>\n<div class=\"cb\"><\/div>\n<div class=\"current-socials\">\n<div id=\"st-1\" class=\"sharethis-inline-share-buttons st-left  st-inline-share-buttons st-animated\">\n<div class=\"st-btn st-first\" data-network=\"facebook\"><\/div>\n<\/div>\n<\/div>\n","protected":false},"excerpt":{"rendered":"<p>T\u00fcrkiye&#8217;nin Halklar\u0131n Demokratik Partisi (HDP) Diyarbak\u0131r Ermeni Milletvekili Garo Paylan, Ermeni gazeteci Raffi Hermon Araks\u2019\u0131n \u00f6l\u00fcm\u00fcn\u00fcn ard\u0131ndan Twitter hesab\u0131 \u00fczerinden payla\u015f\u0131mda bulundu. Paylan yay\u0131nlad\u0131\u011f\u0131 taziye mesaj\u0131nda \u015fu ifadelere yer verdi: \u201cGazeteci Raffi Hermon Araks&#8217;\u0131 \u00e7ok erken kaybettik. \u00c7ok \u00fczg\u00fcn\u00fcm. Ruhu \u015fad olsun\u2026\u201d Ermenihaber.am<\/p>\n","protected":false},"author":7,"featured_media":64177,"comment_status":"open","ping_status":"open","sticky":false,"template":"","format":"standard","meta":{"footnotes":""},"categories":[1],"tags":[],"class_list":["post-64176","post","type-post","status-publish","format-standard","has-post-thumbnail","hentry","category-haberler"],"yoast_head":"<!-- This site is optimized with the Yoast SEO plugin v27.4 - https:\/\/yoast.com\/product\/yoast-seo-wordpress\/ -->\n<title>Garo Paylan: &quot;Gazeteci Raffi Hermon Araks&#039;\u0131 \u00e7ok erken kaybettik&quot; - Bati Ermenistan Ve Bati Ermenileri Sorunlari Ara\u015ftirmalar Merkezi<\/title>\n<meta name=\"robots\" content=\"index, follow, max-snippet:-1, max-image-preview:large, max-video-preview:-1\" \/>\n<link rel=\"canonical\" href=\"https:\/\/akunq.net\/tr\/?p=64176\" \/>\n<meta property=\"og:locale\" content=\"en_US\" \/>\n<meta property=\"og:type\" content=\"article\" \/>\n<meta property=\"og:title\" content=\"Garo Paylan: &quot;Gazeteci Raffi Hermon Araks&#039;\u0131 \u00e7ok erken kaybettik&quot; - Bati Ermenistan Ve Bati Ermenileri Sorunlari Ara\u015ftirmalar Merkezi\" \/>\n<meta property=\"og:description\" content=\"T\u00fcrkiye&#8217;nin Halklar\u0131n Demokratik Partisi (HDP) Diyarbak\u0131r Ermeni Milletvekili Garo Paylan, Ermeni gazeteci Raffi Hermon Araks\u2019\u0131n \u00f6l\u00fcm\u00fcn\u00fcn ard\u0131ndan Twitter hesab\u0131 \u00fczerinden payla\u015f\u0131mda bulundu. Paylan yay\u0131nlad\u0131\u011f\u0131 taziye mesaj\u0131nda \u015fu ifadelere yer verdi: \u201cGazeteci Raffi Hermon Araks&#8217;\u0131 \u00e7ok erken kaybettik. \u00c7ok \u00fczg\u00fcn\u00fcm. Ruhu \u015fad olsun\u2026\u201d Ermenihaber.am\" \/>\n<meta property=\"og:url\" content=\"https:\/\/akunq.net\/tr\/?p=64176\" \/>\n<meta property=\"og:site_name\" content=\"Bati Ermenistan Ve Bati Ermenileri Sorunlari Ara\u015ftirmalar Merkezi\" \/>\n<meta property=\"article:published_time\" content=\"2021-08-12T06:31:23+00:00\" \/>\n<meta property=\"og:image\" content=\"https:\/\/akunq.net\/tr\/wp-content\/uploads\/sites\/6\/2021\/08\/Paylan.jpg\" \/>\n\t<meta property=\"og:image:width\" content=\"1280\" \/>\n\t<meta property=\"og:image:height\" content=\"720\" \/>\n\t<meta property=\"og:image:type\" content=\"image\/jpeg\" \/>\n<meta name=\"author\" content=\"admin\" \/>\n<meta name=\"twitter:card\" content=\"summary_large_image\" \/>\n<meta name=\"twitter:label1\" content=\"Written by\" \/>\n\t<meta name=\"twitter:data1\" content=\"admin\" \/>\n<script type=\"application\/ld+json\" class=\"yoast-schema-graph\">{\"@context\":\"https:\\\/\\\/schema.org\",\"@graph\":[{\"@type\":\"Article\",\"@id\":\"https:\\\/\\\/akunq.net\\\/tr\\\/?p=64176#article\",\"isPartOf\":{\"@id\":\"https:\\\/\\\/akunq.net\\\/tr\\\/?p=64176\"},\"author\":{\"name\":\"admin\",\"@id\":\"https:\\\/\\\/akunq.net\\\/tr\\\/#\\\/schema\\\/person\\\/096f1d38a12cce57fb855b485ed24c9e\"},\"headline\":\"Garo Paylan: &#8220;Gazeteci Raffi Hermon Araks&#8217;\u0131 \u00e7ok erken kaybettik&#8221;\",\"datePublished\":\"2021-08-12T06:31:23+00:00\",\"mainEntityOfPage\":{\"@id\":\"https:\\\/\\\/akunq.net\\\/tr\\\/?p=64176\"},\"wordCount\":66,\"commentCount\":0,\"image\":{\"@id\":\"https:\\\/\\\/akunq.net\\\/tr\\\/?p=64176#primaryimage\"},\"thumbnailUrl\":\"https:\\\/\\\/akunq.net\\\/tr\\\/wp-content\\\/uploads\\\/sites\\\/6\\\/2021\\\/08\\\/Paylan.jpg\",\"articleSection\":[\"Haberler\"],\"inLanguage\":\"en-US\",\"potentialAction\":[{\"@type\":\"CommentAction\",\"name\":\"Comment\",\"target\":[\"https:\\\/\\\/akunq.net\\\/tr\\\/?p=64176#respond\"]}]},{\"@type\":\"WebPage\",\"@id\":\"https:\\\/\\\/akunq.net\\\/tr\\\/?p=64176\",\"url\":\"https:\\\/\\\/akunq.net\\\/tr\\\/?p=64176\",\"name\":\"Garo Paylan: \\\"Gazeteci Raffi Hermon Araks'\u0131 \u00e7ok erken kaybettik\\\" - Bati Ermenistan Ve Bati Ermenileri Sorunlari Ara\u015ftirmalar Merkezi\",\"isPartOf\":{\"@id\":\"https:\\\/\\\/akunq.net\\\/tr\\\/#website\"},\"primaryImageOfPage\":{\"@id\":\"https:\\\/\\\/akunq.net\\\/tr\\\/?p=64176#primaryimage\"},\"image\":{\"@id\":\"https:\\\/\\\/akunq.net\\\/tr\\\/?p=64176#primaryimage\"},\"thumbnailUrl\":\"https:\\\/\\\/akunq.net\\\/tr\\\/wp-content\\\/uploads\\\/sites\\\/6\\\/2021\\\/08\\\/Paylan.jpg\",\"datePublished\":\"2021-08-12T06:31:23+00:00\",\"author\":{\"@id\":\"https:\\\/\\\/akunq.net\\\/tr\\\/#\\\/schema\\\/person\\\/096f1d38a12cce57fb855b485ed24c9e\"},\"breadcrumb\":{\"@id\":\"https:\\\/\\\/akunq.net\\\/tr\\\/?p=64176#breadcrumb\"},\"inLanguage\":\"en-US\",\"potentialAction\":[{\"@type\":\"ReadAction\",\"target\":[\"https:\\\/\\\/akunq.net\\\/tr\\\/?p=64176\"]}]},{\"@type\":\"ImageObject\",\"inLanguage\":\"en-US\",\"@id\":\"https:\\\/\\\/akunq.net\\\/tr\\\/?p=64176#primaryimage\",\"url\":\"https:\\\/\\\/akunq.net\\\/tr\\\/wp-content\\\/uploads\\\/sites\\\/6\\\/2021\\\/08\\\/Paylan.jpg\",\"contentUrl\":\"https:\\\/\\\/akunq.net\\\/tr\\\/wp-content\\\/uploads\\\/sites\\\/6\\\/2021\\\/08\\\/Paylan.jpg\",\"width\":1280,\"height\":720},{\"@type\":\"BreadcrumbList\",\"@id\":\"https:\\\/\\\/akunq.net\\\/tr\\\/?p=64176#breadcrumb\",\"itemListElement\":[{\"@type\":\"ListItem\",\"position\":1,\"name\":\"Home\",\"item\":\"https:\\\/\\\/akunq.net\\\/tr\"},{\"@type\":\"ListItem\",\"position\":2,\"name\":\"Garo Paylan: &#8220;Gazeteci Raffi Hermon Araks&#8217;\u0131 \u00e7ok erken kaybettik&#8221;\"}]},{\"@type\":\"WebSite\",\"@id\":\"https:\\\/\\\/akunq.net\\\/tr\\\/#website\",\"url\":\"https:\\\/\\\/akunq.net\\\/tr\\\/\",\"name\":\"Bati Ermenistan Ve Bati Ermenileri Sorunlari Ara\u015ftirmalar Merkezi\",\"description\":\"\",\"potentialAction\":[{\"@type\":\"SearchAction\",\"target\":{\"@type\":\"EntryPoint\",\"urlTemplate\":\"https:\\\/\\\/akunq.net\\\/tr\\\/?s={search_term_string}\"},\"query-input\":{\"@type\":\"PropertyValueSpecification\",\"valueRequired\":true,\"valueName\":\"search_term_string\"}}],\"inLanguage\":\"en-US\"},{\"@type\":\"Person\",\"@id\":\"https:\\\/\\\/akunq.net\\\/tr\\\/#\\\/schema\\\/person\\\/096f1d38a12cce57fb855b485ed24c9e\",\"name\":\"admin\",\"url\":\"https:\\\/\\\/akunq.net\\\/tr\\\/?author=7\"}]}<\/script>\n<!-- \/ Yoast SEO plugin. -->","yoast_head_json":{"title":"Garo Paylan: \"Gazeteci Raffi Hermon Araks'\u0131 \u00e7ok erken kaybettik\" - Bati Ermenistan Ve Bati Ermenileri Sorunlari Ara\u015ftirmalar Merkezi","robots":{"index":"index","follow":"follow","max-snippet":"max-snippet:-1","max-image-preview":"max-image-preview:large","max-video-preview":"max-video-preview:-1"},"canonical":"https:\/\/akunq.net\/tr\/?p=64176","og_locale":"en_US","og_type":"article","og_title":"Garo Paylan: \"Gazeteci Raffi Hermon Araks'\u0131 \u00e7ok erken kaybettik\" - Bati Ermenistan Ve Bati Ermenileri Sorunlari Ara\u015ftirmalar Merkezi","og_description":"T\u00fcrkiye&#8217;nin Halklar\u0131n Demokratik Partisi (HDP) Diyarbak\u0131r Ermeni Milletvekili Garo Paylan, Ermeni gazeteci Raffi Hermon Araks\u2019\u0131n \u00f6l\u00fcm\u00fcn\u00fcn ard\u0131ndan Twitter hesab\u0131 \u00fczerinden payla\u015f\u0131mda bulundu. Paylan yay\u0131nlad\u0131\u011f\u0131 taziye mesaj\u0131nda \u015fu ifadelere yer verdi: \u201cGazeteci Raffi Hermon Araks&#8217;\u0131 \u00e7ok erken kaybettik. \u00c7ok \u00fczg\u00fcn\u00fcm. Ruhu \u015fad olsun\u2026\u201d Ermenihaber.am","og_url":"https:\/\/akunq.net\/tr\/?p=64176","og_site_name":"Bati Ermenistan Ve Bati Ermenileri Sorunlari Ara\u015ftirmalar Merkezi","article_published_time":"2021-08-12T06:31:23+00:00","og_image":[{"width":1280,"height":720,"url":"https:\/\/akunq.net\/tr\/wp-content\/uploads\/sites\/6\/2021\/08\/Paylan.jpg","type":"image\/jpeg"}],"author":"admin","twitter_card":"summary_large_image","twitter_misc":{"Written by":"admin"},"schema":{"@context":"https:\/\/schema.org","@graph":[{"@type":"Article","@id":"https:\/\/akunq.net\/tr\/?p=64176#article","isPartOf":{"@id":"https:\/\/akunq.net\/tr\/?p=64176"},"author":{"name":"admin","@id":"https:\/\/akunq.net\/tr\/#\/schema\/person\/096f1d38a12cce57fb855b485ed24c9e"},"headline":"Garo Paylan: &#8220;Gazeteci Raffi Hermon Araks&#8217;\u0131 \u00e7ok erken kaybettik&#8221;","datePublished":"2021-08-12T06:31:23+00:00","mainEntityOfPage":{"@id":"https:\/\/akunq.net\/tr\/?p=64176"},"wordCount":66,"commentCount":0,"image":{"@id":"https:\/\/akunq.net\/tr\/?p=64176#primaryimage"},"thumbnailUrl":"https:\/\/akunq.net\/tr\/wp-content\/uploads\/sites\/6\/2021\/08\/Paylan.jpg","articleSection":["Haberler"],"inLanguage":"en-US","potentialAction":[{"@type":"CommentAction","name":"Comment","target":["https:\/\/akunq.net\/tr\/?p=64176#respond"]}]},{"@type":"WebPage","@id":"https:\/\/akunq.net\/tr\/?p=64176","url":"https:\/\/akunq.net\/tr\/?p=64176","name":"Garo Paylan: \"Gazeteci Raffi Hermon Araks'\u0131 \u00e7ok erken kaybettik\" - Bati Ermenistan Ve Bati Ermenileri Sorunlari Ara\u015ftirmalar Merkezi","isPartOf":{"@id":"https:\/\/akunq.net\/tr\/#website"},"primaryImageOfPage":{"@id":"https:\/\/akunq.net\/tr\/?p=64176#primaryimage"},"image":{"@id":"https:\/\/akunq.net\/tr\/?p=64176#primaryimage"},"thumbnailUrl":"https:\/\/akunq.net\/tr\/wp-content\/uploads\/sites\/6\/2021\/08\/Paylan.jpg","datePublished":"2021-08-12T06:31:23+00:00","author":{"@id":"https:\/\/akunq.net\/tr\/#\/schema\/person\/096f1d38a12cce57fb855b485ed24c9e"},"breadcrumb":{"@id":"https:\/\/akunq.net\/tr\/?p=64176#breadcrumb"},"inLanguage":"en-US","potentialAction":[{"@type":"ReadAction","target":["https:\/\/akunq.net\/tr\/?p=64176"]}]},{"@type":"ImageObject","inLanguage":"en-US","@id":"https:\/\/akunq.net\/tr\/?p=64176#primaryimage","url":"https:\/\/akunq.net\/tr\/wp-content\/uploads\/sites\/6\/2021\/08\/Paylan.jpg","contentUrl":"https:\/\/akunq.net\/tr\/wp-content\/uploads\/sites\/6\/2021\/08\/Paylan.jpg","width":1280,"height":720},{"@type":"BreadcrumbList","@id":"https:\/\/akunq.net\/tr\/?p=64176#breadcrumb","itemListElement":[{"@type":"ListItem","position":1,"name":"Home","item":"https:\/\/akunq.net\/tr"},{"@type":"ListItem","position":2,"name":"Garo Paylan: &#8220;Gazeteci Raffi Hermon Araks&#8217;\u0131 \u00e7ok erken kaybettik&#8221;"}]},{"@type":"WebSite","@id":"https:\/\/akunq.net\/tr\/#website","url":"https:\/\/akunq.net\/tr\/","name":"Bati Ermenistan Ve Bati Ermenileri Sorunlari Ara\u015ftirmalar Merkezi","description":"","potentialAction":[{"@type":"SearchAction","target":{"@type":"EntryPoint","urlTemplate":"https:\/\/akunq.net\/tr\/?s={search_term_string}"},"query-input":{"@type":"PropertyValueSpecification","valueRequired":true,"valueName":"search_term_string"}}],"inLanguage":"en-US"},{"@type":"Person","@id":"https:\/\/akunq.net\/tr\/#\/schema\/person\/096f1d38a12cce57fb855b485ed24c9e","name":"admin","url":"https:\/\/akunq.net\/tr\/?author=7"}]}},"_links":{"self":[{"href":"https:\/\/akunq.net\/tr\/index.php?rest_route=\/wp\/v2\/posts\/64176","targetHints":{"allow":["GET"]}}],"collection":[{"href":"https:\/\/akunq.net\/tr\/index.php?rest_route=\/wp\/v2\/posts"}],"about":[{"href":"https:\/\/akunq.net\/tr\/index.php?rest_route=\/wp\/v2\/types\/post"}],"author":[{"embeddable":true,"href":"https:\/\/akunq.net\/tr\/index.php?rest_route=\/wp\/v2\/users\/7"}],"replies":[{"embeddable":true,"href":"https:\/\/akunq.net\/tr\/index.php?rest_route=%2Fwp%2Fv2%2Fcomments&post=64176"}],"version-history":[{"count":1,"href":"https:\/\/akunq.net\/tr\/index.php?rest_route=\/wp\/v2\/posts\/64176\/revisions"}],"predecessor-version":[{"id":64178,"href":"https:\/\/akunq.net\/tr\/index.php?rest_route=\/wp\/v2\/posts\/64176\/revisions\/64178"}],"wp:featuredmedia":[{"embeddable":true,"href":"https:\/\/akunq.net\/tr\/index.php?rest_route=\/wp\/v2\/media\/64177"}],"wp:attachment":[{"href":"https:\/\/akunq.net\/tr\/index.php?rest_route=%2Fwp%2Fv2%2Fmedia&parent=64176"}],"wp:term":[{"taxonomy":"category","embeddable":true,"href":"https:\/\/akunq.net\/tr\/index.php?rest_route=%2Fwp%2Fv2%2Fcategories&post=64176"},{"taxonomy":"post_tag","embeddable":true,"href":"https:\/\/akunq.net\/tr\/index.php?rest_route=%2Fwp%2Fv2%2Ftags&post=64176"}],"curies":[{"name":"wp","href":"https:\/\/api.w.org\/{rel}","templated":true}]}}