{"id":64162,"date":"2021-08-11T03:20:06","date_gmt":"2021-08-11T08:20:06","guid":{"rendered":"https:\/\/akunq.net\/tr\/?p=64162"},"modified":"2021-08-11T03:20:06","modified_gmt":"2021-08-11T08:20:06","slug":"turkiyenin-kurtce-yasagi-ibadet-hakkini-da-ihlal-ediyor","status":"publish","type":"post","link":"https:\/\/akunq.net\/tr\/?p=64162","title":{"rendered":"T\u00fcrkiye\u2019nin K\u00fcrt\u00e7e yasa\u011f\u0131 ibadet hakk\u0131n\u0131 da ihlal ediyor"},"content":{"rendered":"<p><img loading=\"lazy\" decoding=\"async\" class=\"aligncenter size-medium wp-image-64163\" src=\"https:\/\/akunq.net\/tr\/wp-content\/uploads\/2021\/08\/T\u00fcrkiye\u2019nin-K\u00fcrt\u00e7e-yasa\u011f\u0131-360x208.jpg\" alt=\"\" width=\"360\" height=\"208\" srcset=\"https:\/\/akunq.net\/tr\/wp-content\/uploads\/sites\/6\/2021\/08\/T\u00fcrkiye\u2019nin-K\u00fcrt\u00e7e-yasa\u011f\u0131-360x208.jpg 360w, https:\/\/akunq.net\/tr\/wp-content\/uploads\/sites\/6\/2021\/08\/T\u00fcrkiye\u2019nin-K\u00fcrt\u00e7e-yasa\u011f\u0131-768x444.jpg 768w, https:\/\/akunq.net\/tr\/wp-content\/uploads\/sites\/6\/2021\/08\/T\u00fcrkiye\u2019nin-K\u00fcrt\u00e7e-yasa\u011f\u0131-560x324.jpg 560w, https:\/\/akunq.net\/tr\/wp-content\/uploads\/sites\/6\/2021\/08\/T\u00fcrkiye\u2019nin-K\u00fcrt\u00e7e-yasa\u011f\u0131-260x150.jpg 260w, https:\/\/akunq.net\/tr\/wp-content\/uploads\/sites\/6\/2021\/08\/T\u00fcrkiye\u2019nin-K\u00fcrt\u00e7e-yasa\u011f\u0131-160x93.jpg 160w, https:\/\/akunq.net\/tr\/wp-content\/uploads\/sites\/6\/2021\/08\/T\u00fcrkiye\u2019nin-K\u00fcrt\u00e7e-yasa\u011f\u0131.jpg 800w\" sizes=\"auto, (max-width: 360px) 100vw, 360px\" \/><\/p>\n<p><em><strong>\u2018Devlet, bu insanlar\u0131 inan\u00e7lar\u0131n\u0131 \u00fczerinden su\u00e7lad\u0131 ve K\u00fcrt dilini kullanmalar\u0131n\u0131 ter\u00f6rizmin kan\u0131t\u0131 olarak nitelendirdi.\u2019<\/strong><\/em><\/p>\n<p>Aykan Erdemir ve Sude Akg\u00fcndo\u011fdu, Providence Dergisi\u2019ne bir makale kaleme ald\u0131. T\u00fcrkiye\u2019nin K\u00fcrt dili \u00fczerindeki bask\u0131lar\u0131 anlat\u0131lan makalede, bu bask\u0131 ve dil yasa\u011f\u0131n\u0131n m\u00fcsl\u00fcman ve h\u0131ristiyan K\u00fcrtlerin ibadet hakk\u0131n\u0131 ihlal etti\u011fi vurguland\u0131. Makalede, Biden y\u00f6netiminin bu konuda devreye girmesi ve ihlalleri ile K\u00fcrtler \u00fczerindeki bask\u0131lar\u0131n kald\u0131r\u0131lmas\u0131 i\u00e7in \u00e7aba g\u00f6stermesi istenildi. Makalenin geni\u015f \u00f6zeti \u015f\u00f6yle:<\/p>\n<p>\u201cT\u00fcrkiye, K\u00fcrt vatanda\u015flar\u0131na kar\u015f\u0131 uzun bir ayr\u0131mc\u0131l\u0131k ge\u00e7mi\u015fine ve K\u00fcrt dilinin kullan\u0131m\u0131na y\u00f6nelik k\u0131s\u0131tlamalara sahip. Bu sistematik d\u0131\u015flama uluslararas\u0131 toplumun dikkatini \u00e7ekiyor ancak K\u00fcrt M\u00fcsl\u00fcmanlar\u0131n ve H\u0131ristiyanlar\u0131n dini \u00f6zg\u00fcrl\u00fckleri \u00fczerindeki zararl\u0131 etkileri \u00e7ok az fark ediliyor.<\/p>\n<p>ABD Uluslararas\u0131 Din \u00d6zg\u00fcrl\u00fc\u011f\u00fc Komisyonu\u2019nun (USCIRF) K\u00fcrt dilinin dini hizmetlerin bir par\u00e7as\u0131 olarak kullan\u0131lmas\u0131na y\u00f6nelik k\u0131s\u0131tlamalardan kaynaklanan din \u00f6zg\u00fcrl\u00fc\u011f\u00fc ihlallerini vurgulamas\u0131n\u0131n zaman\u0131 geldi.<\/p>\n<p>T\u00fcrk polisi 3 Temmuz\u2019da 28 M\u00fcsl\u00fcman din adam\u0131n\u0131 toplayarak K\u00fcrt\u00e7e vaaz verdikleri i\u00e7in dokuz ki\u015fiyi tutuklad\u0131. \u0130mamlar\u0131n sorgusu s\u0131ras\u0131nda yetkililer, K\u00fcrt\u00e7e kelimelerin kullan\u0131lmas\u0131n\u0131n, ter\u00f6r \u00f6rg\u00fct\u00fc olarak adland\u0131r\u0131lan ve 40 y\u0131ld\u0131r T\u00fcrkiye\u2019ye kar\u015f\u0131 bir isyana \u00f6nc\u00fcl\u00fck eden K\u00fcrdistan \u0130\u015f\u00e7i Partisi\u2019nin (PKK) \u2018\u00f6rg\u00fctsel s\u00f6ylemiyle\u2019 e\u015fg\u00fcd\u00fcme girdi\u011finde \u0131srar ettiler. G\u00f6zalt\u0131na al\u0131nan imamlardan biri, memurlar\u0131n su\u00e7lar\u0131n\u0131n kan\u0131t\u0131 olarak camilerdeki namaz foto\u011fraflar\u0131n\u0131 g\u00f6sterdi\u011fini s\u00f6yledi.<\/p>\n<p>Bu tutuklamalar, T\u00fcrkiye\u2019deki K\u00fcrt toplumunu hedef alan nefret su\u00e7lar\u0131n\u0131n t\u0131rman\u0131\u015fa ge\u00e7ti\u011fi bir d\u00f6nemde ger\u00e7ekle\u015fti. Yaln\u0131zca Temmuz ay\u0131nda, K\u00fcrtleri hedef alan en az d\u00f6rt \u015fiddetli sald\u0131r\u0131 rapor edildi. Afyon\u2019da \u0131rk\u00e7\u0131 bir grup, K\u00fcrt\u00e7e konu\u015ftuklar\u0131 i\u00e7in bir grup K\u00fcrt mevsimlik i\u015f\u00e7iye dillerini kulland\u0131klar\u0131 i\u00e7in PKK \u00fcyesi olmakla su\u00e7layarak sald\u0131rd\u0131.<\/p>\n<p>K\u00fcrt\u00e7enin dini mekanlarda kullan\u0131lmas\u0131na y\u00f6nelik d\u00fc\u015fmanl\u0131k yeni bir e\u011filim de\u011fil. T\u00fcrkiye\u2019de bu alanlar, istihdam etti\u011fi yakla\u015f\u0131k 130 bin din adam\u0131 arac\u0131l\u0131\u011f\u0131yla M\u00fcsl\u00fcmanlara dini hizmetler sunan ve dolay\u0131s\u0131yla kontrol eden bir devlet kurumu olan Diyanet \u0130\u015fleri Ba\u015fkanl\u0131\u011f\u0131 taraf\u0131ndan s\u0131k\u0131 bir \u015fekilde kontrol edilmekte.<\/p>\n<p>K\u00fcrt\u00e7enin, son zamanlarda PKK propagandas\u0131 olarak nitelenmesi yoluyla, s\u00fcrekli olarak kriminalize edilmesi, T\u00fcrkiye\u2019de K\u00fcrt\u00e7e konu\u015fanlar\u0131n yaln\u0131zca e\u015fit ko\u015fullarda devlet hizmetlerinden yararlanmalar\u0131n\u0131 de\u011fil, ayn\u0131 zamanda uygun g\u00f6rd\u00fckleri dini hizmetlere eri\u015fmelerini ve bunlar\u0131 yerine getirmelerini de engelledi.<\/p>\n<p>Diyanet, birka\u00e7 sembolik vaka d\u0131\u015f\u0131nda K\u00fcrt\u00e7e vaaz vermeyi veya buna izin vermeyi reddetti ve T\u00fcrk makamlar\u0131, K\u00fcrt\u00e7e dini hizmetlerine dahil eden imamlar\u0131 d\u00fczenli olarak \u00e7\u00f6kerterek g\u00f6zalt\u0131lara, hapis cezalar\u0131na ve s\u00fcrg\u00fcne yol a\u00e7t\u0131. K\u00fcrt imamlar g\u00f6revlerinden al\u0131nd\u0131.<\/p>\n<p>2008 y\u0131l\u0131nda Diyanet, bir K\u00fcrt cemaatinin vaazlar\u0131n\u0131n K\u00fcrt\u00e7e verilmesini talebini reddetti. Diyanet \u0130\u015fleri Ba\u015fkanl\u0131\u011f\u0131, karar\u0131na gerek\u00e7e olarak T\u00fcrkiye Cumhuriyeti Anayasas\u0131\u2019n\u0131n devletin dili olarak T\u00fcrk\u00e7e\u2019yi belirleyen \u00fc\u00e7\u00fcnc\u00fc maddesini g\u00f6stererek, Diyanet\u2019teki din adamlar\u0131n\u0131n devletin yaln\u0131zca resmi dilini kullanabilece\u011fine h\u00fckmetti. Sonu\u00e7 olarak, kurum taraf\u0131ndan verilen T\u00fcrk\u00e7e vaazlar, \u00fclkenin tek dilli K\u00fcrt\u00e7e konu\u015fanlar\u0131 i\u00e7in b\u00fcy\u00fck \u00f6l\u00e7\u00fcde anla\u015f\u0131lmaz olmaya devam ediyor.<\/p>\n<p>Diyanet\u2019in K\u00fcrt ibadetini reddetmesi, 2011\u2019de \u015fu anda kapat\u0131lan K\u00fcrt yanl\u0131s\u0131 Bar\u0131\u015f ve Demokrasi Partisi\u2019nin (BDP) liderli\u011finde bir protesto dalgas\u0131na ilham verdi. Parti, K\u00fcrtlerin \u00e7o\u011funlukta oldu\u011fu illerde, g\u00f6n\u00fcll\u00fc imamlar\u0131n K\u00fcrt\u00e7e namaz k\u0131ld\u0131rd\u0131\u011f\u0131 ve halka a\u00e7\u0131k vaazlar verdi\u011fi \u2018sivil Cuma namazlar\u0131\u2019 d\u00fczenledi. Bir\u00e7ok K\u00fcrt bu giri\u015fimi alk\u0131\u015flad\u0131. T\u00fcrkiye\u2019nin g\u00fcneydo\u011fusundaki Diyarbak\u0131r\u2019da bir vatanda\u015f, \u2018H\u00fck\u00fcmetin imam\u0131 T\u00fcrk\u00e7e vaaz veriyor. K\u00fcrt\u00e7eyi daha iyi anl\u0131yoruz.\u2019 de\u011ferlendirmesinde bulundu.<\/p>\n<p>May\u0131s 2018\u2019de T\u00fcrk polisi, Diyarbak\u0131r\u2019\u0131n Cizre il\u00e7esinde bir camide g\u00f6rev yapan g\u00f6n\u00fcll\u00fc bir imam\u0131 K\u00fcrt\u00e7e Cuma hutbesi verdi\u011fi i\u00e7in g\u00f6zalt\u0131na ald\u0131. \u0130mam\u0131n serbest b\u0131rak\u0131lmas\u0131ndan k\u0131sa bir s\u00fcre sonra, Diyanet\u2019in y\u00f6netimi imam\u0131 sadece vaaz vermekten al\u0131koymakla kalmad\u0131, ayn\u0131 zamanda camiden de s\u00fcrg\u00fcn etti.<\/p>\n<p>Bir y\u0131l sonra Diyarbak\u0131r\u2019da bir mahkeme, Cuma namazlar\u0131n\u0131 K\u00fcrt\u00e7e olarak k\u0131ld\u0131ran ve devlet taraf\u0131ndan onaylanmayan imamlara at\u0131fta bulunan \u2018sivil imam\u2019a alt\u0131 y\u0131l hapis cezas\u0131 verdi. \u0130ddianamede imam, ter\u00f6r \u00f6rg\u00fct\u00fcne \u00fcye olmakla su\u00e7land\u0131. Eyl\u00fcl 2020\u2019de benzer bir durumda, 80 ya\u015f\u0131ndaki bir K\u00fcrt birey, K\u00fcrt\u00e7e anma t\u00f6reni d\u00fczenledi\u011fi i\u00e7in yedi y\u0131l hapis cezas\u0131na \u00e7arpt\u0131r\u0131ld\u0131 ve cezaevinde vefat etti.<\/p>\n<p>H\u0131ristiyan K\u00fcrtler de benzer bask\u0131lar\u0131 ya\u015f\u0131yor. T\u00fcrkiye\u2019deki K\u00fcrtlerin ezici bir \u00e7o\u011funlu\u011fu M\u00fcsl\u00fcman, ancak y\u0131llar i\u00e7inde Protestanl\u0131\u011fa ge\u00e7en tahmini 5 bin kadar T\u00fcrkiye vatanda\u015f\u0131 aras\u0131nda K\u00fcrt bireyler de var.<\/p>\n<p>T\u00fcrkiye\u2019deki H\u0131ristiyan K\u00fcrtler, Kuzey Carolina Papaz\u0131 Andrew Craig Brunson\u2019a y\u00f6nelik sa\u00e7ma sapan bir iddianamenin \u2013 sahte ter\u00f6rizm, darbe planlama ve casusluk su\u00e7lamalar\u0131yla iki y\u0131l boyunca T\u00fcrkiye\u2019de haks\u0131z yere hapsedilmesiyle \u2013 kendilerini uluslararas\u0131 bir tart\u0131\u015fman\u0131n ortas\u0131nda buldu.<\/p>\n<p>Devlet, bu insanlar\u0131 inan\u00e7lar\u0131n\u0131 \u00fczerinden su\u00e7lad\u0131 ve K\u00fcrt dilini kullanmalar\u0131n\u0131 ter\u00f6rizmin kan\u0131t\u0131 olarak nitelendirdi.<\/p>\n<p>T\u00fcrkiye\u2019nin en b\u00fcy\u00fck \u015fehri ve en \u00e7ok turist \u00e7eken \u015fehri olan \u0130stanbul, \u00fc\u00e7 milyondan fazla K\u00fcrt\u2019e ev sahipli\u011fi yap\u0131yor ve her y\u0131l 200 binden fazla K\u00fcrt\u00e7e konu\u015fan misafire ev sahipli\u011fi yap\u0131yor. Ancak belediyenin 20 dilde daha bilgilendirme hizmeti vermesine ra\u011fmen, K\u00fcrt\u00e7e hizmet verilmiyor. K\u00fcrtlerin d\u0131\u015flanmas\u0131 \u00f6zel sekt\u00f6r\u00fc de kaps\u0131yor. T\u00fcrkiye\u2019nin en b\u00fcy\u00fck \u00fc\u00e7 telefon \u015firketinden ikisi, \u00fclke 18 milyon K\u00fcrt\u2019e ev sahipli\u011fi yapmas\u0131na ra\u011fmen K\u00fcrt\u00e7e m\u00fc\u015fteri yard\u0131m\u0131 sunmuyor.<\/p>\n<p>USCIRF\u2019in y\u0131ll\u0131k raporlar\u0131, T\u00fcrkiye\u2019de din veya inan\u00e7 \u00f6zg\u00fcrl\u00fc\u011f\u00fcne getirilen k\u0131s\u0131tlamalara ili\u015fkin ayr\u0131nt\u0131l\u0131 de\u011ferlendirmelerde bulunuyor. Komisyon, Amerikan h\u00fck\u00fcmetine, T\u00fcrkiye\u2019yi, \u2018din \u00f6zg\u00fcrl\u00fc\u011f\u00fcn\u00fc a\u011f\u0131r bi\u00e7imde ihlal etmek veya buna m\u00fcsamaha g\u00f6stermek\u2019 nedeniyle D\u0131\u015fi\u015fleri Bakanl\u0131\u011f\u0131\u2019n\u0131n \u2018\u00d6zel \u0130zleme Listesine\u2019 dahil etmesini tavsiye etti.<\/p>\n<p>USCIRF, bu acil sorunu incelemek i\u00e7in T\u00fcrkiye\u2019de bir bilgi toplama heyeti d\u00fczenlemeli ve T\u00fcrkiye\u2019deki din \u00f6zg\u00fcrl\u00fc\u011f\u00fc konular\u0131n\u0131 izleyen ABD\u2019li diplomatlar bu t\u00fcr ihlalleri daha ayr\u0131nt\u0131l\u0131 olarak belgelemelidir.<\/p>\n<p>Biden y\u00f6netimi yetkilileri Ankara ile etkile\u015fime girerken, T\u00fcrk muadillerine K\u00fcrt\u00e7enin damgalanmas\u0131n\u0131n, T\u00fcrkiye K\u00fcrtlerinin dini \u00f6zg\u00fcrl\u00fcklerine sayg\u0131 g\u00f6sterilmesi kadar, onlar\u0131n daha geni\u015f hak ve \u00f6zg\u00fcrl\u00fcklerinin tan\u0131nmas\u0131 i\u00e7in de \u00f6nemli oldu\u011funu hat\u0131rlatmal\u0131d\u0131rlar.\u201d<\/p>\n<p><em>Kaynak: https:\/\/providencemag.com\/2021\/08\/turkeys-anti-kurdish-measures-violate-religious-freedom\/<\/em><\/p>\n<p><em><strong>https:\/\/artigercek.com\/haberler\/turkiye-nin-kurtce-yasagi-ibadet-hakkini-da-ihlal-ediyor\u00a0<\/strong><\/em><\/p>\n","protected":false},"excerpt":{"rendered":"<p>\u2018Devlet, bu insanlar\u0131 inan\u00e7lar\u0131n\u0131 \u00fczerinden su\u00e7lad\u0131 ve K\u00fcrt dilini kullanmalar\u0131n\u0131 ter\u00f6rizmin kan\u0131t\u0131 olarak nitelendirdi.\u2019 Aykan Erdemir ve Sude Akg\u00fcndo\u011fdu, Providence Dergisi\u2019ne bir makale kaleme ald\u0131. T\u00fcrkiye\u2019nin K\u00fcrt dili \u00fczerindeki bask\u0131lar\u0131 anlat\u0131lan makalede, bu bask\u0131 ve dil yasa\u011f\u0131n\u0131n m\u00fcsl\u00fcman ve h\u0131ristiyan K\u00fcrtlerin ibadet hakk\u0131n\u0131 ihlal etti\u011fi vurguland\u0131. Makalede, Biden y\u00f6netiminin bu konuda devreye girmesi ve ihlalleri [&hellip;]<\/p>\n","protected":false},"author":7,"featured_media":64163,"comment_status":"open","ping_status":"open","sticky":false,"template":"","format":"standard","meta":{"footnotes":""},"categories":[1,53],"tags":[],"class_list":["post-64162","post","type-post","status-publish","format-standard","has-post-thumbnail","hentry","category-haberler","category-turkiyede-azinliklar"],"yoast_head":"<!-- This site is optimized with the Yoast SEO plugin v27.4 - https:\/\/yoast.com\/product\/yoast-seo-wordpress\/ -->\n<title>T\u00fcrkiye\u2019nin K\u00fcrt\u00e7e yasa\u011f\u0131 ibadet hakk\u0131n\u0131 da ihlal ediyor - Bati Ermenistan Ve Bati Ermenileri Sorunlari Ara\u015ftirmalar Merkezi<\/title>\n<meta name=\"robots\" content=\"index, follow, max-snippet:-1, max-image-preview:large, max-video-preview:-1\" \/>\n<link rel=\"canonical\" href=\"https:\/\/akunq.net\/tr\/?p=64162\" \/>\n<meta property=\"og:locale\" content=\"en_US\" \/>\n<meta property=\"og:type\" content=\"article\" \/>\n<meta property=\"og:title\" content=\"T\u00fcrkiye\u2019nin K\u00fcrt\u00e7e yasa\u011f\u0131 ibadet hakk\u0131n\u0131 da ihlal ediyor - Bati Ermenistan Ve Bati Ermenileri Sorunlari Ara\u015ftirmalar Merkezi\" \/>\n<meta property=\"og:description\" content=\"\u2018Devlet, bu insanlar\u0131 inan\u00e7lar\u0131n\u0131 \u00fczerinden su\u00e7lad\u0131 ve K\u00fcrt dilini kullanmalar\u0131n\u0131 ter\u00f6rizmin kan\u0131t\u0131 olarak nitelendirdi.\u2019 Aykan Erdemir ve Sude Akg\u00fcndo\u011fdu, Providence Dergisi\u2019ne bir makale kaleme ald\u0131. T\u00fcrkiye\u2019nin K\u00fcrt dili \u00fczerindeki bask\u0131lar\u0131 anlat\u0131lan makalede, bu bask\u0131 ve dil yasa\u011f\u0131n\u0131n m\u00fcsl\u00fcman ve h\u0131ristiyan K\u00fcrtlerin ibadet hakk\u0131n\u0131 ihlal etti\u011fi vurguland\u0131. Makalede, Biden y\u00f6netiminin bu konuda devreye girmesi ve ihlalleri [&hellip;]\" \/>\n<meta property=\"og:url\" content=\"https:\/\/akunq.net\/tr\/?p=64162\" \/>\n<meta property=\"og:site_name\" content=\"Bati Ermenistan Ve Bati Ermenileri Sorunlari Ara\u015ftirmalar Merkezi\" \/>\n<meta property=\"article:published_time\" content=\"2021-08-11T08:20:06+00:00\" \/>\n<meta property=\"og:image\" content=\"https:\/\/akunq.net\/tr\/wp-content\/uploads\/sites\/6\/2021\/08\/T\u00fcrkiye\u2019nin-K\u00fcrt\u00e7e-yasa\u011f\u0131.jpg\" \/>\n\t<meta property=\"og:image:width\" content=\"800\" \/>\n\t<meta property=\"og:image:height\" content=\"463\" \/>\n\t<meta property=\"og:image:type\" content=\"image\/jpeg\" \/>\n<meta name=\"author\" content=\"admin\" \/>\n<meta name=\"twitter:card\" content=\"summary_large_image\" \/>\n<meta name=\"twitter:label1\" content=\"Written by\" \/>\n\t<meta name=\"twitter:data1\" content=\"admin\" \/>\n\t<meta name=\"twitter:label2\" content=\"Est. reading time\" \/>\n\t<meta name=\"twitter:data2\" content=\"6 minutes\" \/>\n<script type=\"application\/ld+json\" class=\"yoast-schema-graph\">{\"@context\":\"https:\\\/\\\/schema.org\",\"@graph\":[{\"@type\":\"Article\",\"@id\":\"https:\\\/\\\/akunq.net\\\/tr\\\/?p=64162#article\",\"isPartOf\":{\"@id\":\"https:\\\/\\\/akunq.net\\\/tr\\\/?p=64162\"},\"author\":{\"name\":\"admin\",\"@id\":\"https:\\\/\\\/akunq.net\\\/tr\\\/#\\\/schema\\\/person\\\/096f1d38a12cce57fb855b485ed24c9e\"},\"headline\":\"T\u00fcrkiye\u2019nin K\u00fcrt\u00e7e yasa\u011f\u0131 ibadet hakk\u0131n\u0131 da ihlal ediyor\",\"datePublished\":\"2021-08-11T08:20:06+00:00\",\"mainEntityOfPage\":{\"@id\":\"https:\\\/\\\/akunq.net\\\/tr\\\/?p=64162\"},\"wordCount\":1273,\"commentCount\":0,\"image\":{\"@id\":\"https:\\\/\\\/akunq.net\\\/tr\\\/?p=64162#primaryimage\"},\"thumbnailUrl\":\"https:\\\/\\\/akunq.net\\\/tr\\\/wp-content\\\/uploads\\\/sites\\\/6\\\/2021\\\/08\\\/T\u00fcrkiye\u2019nin-K\u00fcrt\u00e7e-yasa\u011f\u0131.jpg\",\"articleSection\":[\"Haberler\",\"T\u00fcrkiye\u2019de Az\u0131nl\u0131klar\"],\"inLanguage\":\"en-US\",\"potentialAction\":[{\"@type\":\"CommentAction\",\"name\":\"Comment\",\"target\":[\"https:\\\/\\\/akunq.net\\\/tr\\\/?p=64162#respond\"]}]},{\"@type\":\"WebPage\",\"@id\":\"https:\\\/\\\/akunq.net\\\/tr\\\/?p=64162\",\"url\":\"https:\\\/\\\/akunq.net\\\/tr\\\/?p=64162\",\"name\":\"T\u00fcrkiye\u2019nin K\u00fcrt\u00e7e yasa\u011f\u0131 ibadet hakk\u0131n\u0131 da ihlal ediyor - Bati Ermenistan Ve Bati Ermenileri Sorunlari Ara\u015ftirmalar Merkezi\",\"isPartOf\":{\"@id\":\"https:\\\/\\\/akunq.net\\\/tr\\\/#website\"},\"primaryImageOfPage\":{\"@id\":\"https:\\\/\\\/akunq.net\\\/tr\\\/?p=64162#primaryimage\"},\"image\":{\"@id\":\"https:\\\/\\\/akunq.net\\\/tr\\\/?p=64162#primaryimage\"},\"thumbnailUrl\":\"https:\\\/\\\/akunq.net\\\/tr\\\/wp-content\\\/uploads\\\/sites\\\/6\\\/2021\\\/08\\\/T\u00fcrkiye\u2019nin-K\u00fcrt\u00e7e-yasa\u011f\u0131.jpg\",\"datePublished\":\"2021-08-11T08:20:06+00:00\",\"author\":{\"@id\":\"https:\\\/\\\/akunq.net\\\/tr\\\/#\\\/schema\\\/person\\\/096f1d38a12cce57fb855b485ed24c9e\"},\"breadcrumb\":{\"@id\":\"https:\\\/\\\/akunq.net\\\/tr\\\/?p=64162#breadcrumb\"},\"inLanguage\":\"en-US\",\"potentialAction\":[{\"@type\":\"ReadAction\",\"target\":[\"https:\\\/\\\/akunq.net\\\/tr\\\/?p=64162\"]}]},{\"@type\":\"ImageObject\",\"inLanguage\":\"en-US\",\"@id\":\"https:\\\/\\\/akunq.net\\\/tr\\\/?p=64162#primaryimage\",\"url\":\"https:\\\/\\\/akunq.net\\\/tr\\\/wp-content\\\/uploads\\\/sites\\\/6\\\/2021\\\/08\\\/T\u00fcrkiye\u2019nin-K\u00fcrt\u00e7e-yasa\u011f\u0131.jpg\",\"contentUrl\":\"https:\\\/\\\/akunq.net\\\/tr\\\/wp-content\\\/uploads\\\/sites\\\/6\\\/2021\\\/08\\\/T\u00fcrkiye\u2019nin-K\u00fcrt\u00e7e-yasa\u011f\u0131.jpg\",\"width\":800,\"height\":463},{\"@type\":\"BreadcrumbList\",\"@id\":\"https:\\\/\\\/akunq.net\\\/tr\\\/?p=64162#breadcrumb\",\"itemListElement\":[{\"@type\":\"ListItem\",\"position\":1,\"name\":\"Home\",\"item\":\"https:\\\/\\\/akunq.net\\\/tr\"},{\"@type\":\"ListItem\",\"position\":2,\"name\":\"T\u00fcrkiye\u2019nin K\u00fcrt\u00e7e yasa\u011f\u0131 ibadet hakk\u0131n\u0131 da ihlal ediyor\"}]},{\"@type\":\"WebSite\",\"@id\":\"https:\\\/\\\/akunq.net\\\/tr\\\/#website\",\"url\":\"https:\\\/\\\/akunq.net\\\/tr\\\/\",\"name\":\"Bati Ermenistan Ve Bati Ermenileri Sorunlari Ara\u015ftirmalar Merkezi\",\"description\":\"\",\"potentialAction\":[{\"@type\":\"SearchAction\",\"target\":{\"@type\":\"EntryPoint\",\"urlTemplate\":\"https:\\\/\\\/akunq.net\\\/tr\\\/?s={search_term_string}\"},\"query-input\":{\"@type\":\"PropertyValueSpecification\",\"valueRequired\":true,\"valueName\":\"search_term_string\"}}],\"inLanguage\":\"en-US\"},{\"@type\":\"Person\",\"@id\":\"https:\\\/\\\/akunq.net\\\/tr\\\/#\\\/schema\\\/person\\\/096f1d38a12cce57fb855b485ed24c9e\",\"name\":\"admin\",\"url\":\"https:\\\/\\\/akunq.net\\\/tr\\\/?author=7\"}]}<\/script>\n<!-- \/ Yoast SEO plugin. -->","yoast_head_json":{"title":"T\u00fcrkiye\u2019nin K\u00fcrt\u00e7e yasa\u011f\u0131 ibadet hakk\u0131n\u0131 da ihlal ediyor - Bati Ermenistan Ve Bati Ermenileri Sorunlari Ara\u015ftirmalar Merkezi","robots":{"index":"index","follow":"follow","max-snippet":"max-snippet:-1","max-image-preview":"max-image-preview:large","max-video-preview":"max-video-preview:-1"},"canonical":"https:\/\/akunq.net\/tr\/?p=64162","og_locale":"en_US","og_type":"article","og_title":"T\u00fcrkiye\u2019nin K\u00fcrt\u00e7e yasa\u011f\u0131 ibadet hakk\u0131n\u0131 da ihlal ediyor - Bati Ermenistan Ve Bati Ermenileri Sorunlari Ara\u015ftirmalar Merkezi","og_description":"\u2018Devlet, bu insanlar\u0131 inan\u00e7lar\u0131n\u0131 \u00fczerinden su\u00e7lad\u0131 ve K\u00fcrt dilini kullanmalar\u0131n\u0131 ter\u00f6rizmin kan\u0131t\u0131 olarak nitelendirdi.\u2019 Aykan Erdemir ve Sude Akg\u00fcndo\u011fdu, Providence Dergisi\u2019ne bir makale kaleme ald\u0131. T\u00fcrkiye\u2019nin K\u00fcrt dili \u00fczerindeki bask\u0131lar\u0131 anlat\u0131lan makalede, bu bask\u0131 ve dil yasa\u011f\u0131n\u0131n m\u00fcsl\u00fcman ve h\u0131ristiyan K\u00fcrtlerin ibadet hakk\u0131n\u0131 ihlal etti\u011fi vurguland\u0131. Makalede, Biden y\u00f6netiminin bu konuda devreye girmesi ve ihlalleri [&hellip;]","og_url":"https:\/\/akunq.net\/tr\/?p=64162","og_site_name":"Bati Ermenistan Ve Bati Ermenileri Sorunlari Ara\u015ftirmalar Merkezi","article_published_time":"2021-08-11T08:20:06+00:00","og_image":[{"width":800,"height":463,"url":"https:\/\/akunq.net\/tr\/wp-content\/uploads\/sites\/6\/2021\/08\/T\u00fcrkiye\u2019nin-K\u00fcrt\u00e7e-yasa\u011f\u0131.jpg","type":"image\/jpeg"}],"author":"admin","twitter_card":"summary_large_image","twitter_misc":{"Written by":"admin","Est. reading time":"6 minutes"},"schema":{"@context":"https:\/\/schema.org","@graph":[{"@type":"Article","@id":"https:\/\/akunq.net\/tr\/?p=64162#article","isPartOf":{"@id":"https:\/\/akunq.net\/tr\/?p=64162"},"author":{"name":"admin","@id":"https:\/\/akunq.net\/tr\/#\/schema\/person\/096f1d38a12cce57fb855b485ed24c9e"},"headline":"T\u00fcrkiye\u2019nin K\u00fcrt\u00e7e yasa\u011f\u0131 ibadet hakk\u0131n\u0131 da ihlal ediyor","datePublished":"2021-08-11T08:20:06+00:00","mainEntityOfPage":{"@id":"https:\/\/akunq.net\/tr\/?p=64162"},"wordCount":1273,"commentCount":0,"image":{"@id":"https:\/\/akunq.net\/tr\/?p=64162#primaryimage"},"thumbnailUrl":"https:\/\/akunq.net\/tr\/wp-content\/uploads\/sites\/6\/2021\/08\/T\u00fcrkiye\u2019nin-K\u00fcrt\u00e7e-yasa\u011f\u0131.jpg","articleSection":["Haberler","T\u00fcrkiye\u2019de Az\u0131nl\u0131klar"],"inLanguage":"en-US","potentialAction":[{"@type":"CommentAction","name":"Comment","target":["https:\/\/akunq.net\/tr\/?p=64162#respond"]}]},{"@type":"WebPage","@id":"https:\/\/akunq.net\/tr\/?p=64162","url":"https:\/\/akunq.net\/tr\/?p=64162","name":"T\u00fcrkiye\u2019nin K\u00fcrt\u00e7e yasa\u011f\u0131 ibadet hakk\u0131n\u0131 da ihlal ediyor - Bati Ermenistan Ve Bati Ermenileri Sorunlari Ara\u015ftirmalar Merkezi","isPartOf":{"@id":"https:\/\/akunq.net\/tr\/#website"},"primaryImageOfPage":{"@id":"https:\/\/akunq.net\/tr\/?p=64162#primaryimage"},"image":{"@id":"https:\/\/akunq.net\/tr\/?p=64162#primaryimage"},"thumbnailUrl":"https:\/\/akunq.net\/tr\/wp-content\/uploads\/sites\/6\/2021\/08\/T\u00fcrkiye\u2019nin-K\u00fcrt\u00e7e-yasa\u011f\u0131.jpg","datePublished":"2021-08-11T08:20:06+00:00","author":{"@id":"https:\/\/akunq.net\/tr\/#\/schema\/person\/096f1d38a12cce57fb855b485ed24c9e"},"breadcrumb":{"@id":"https:\/\/akunq.net\/tr\/?p=64162#breadcrumb"},"inLanguage":"en-US","potentialAction":[{"@type":"ReadAction","target":["https:\/\/akunq.net\/tr\/?p=64162"]}]},{"@type":"ImageObject","inLanguage":"en-US","@id":"https:\/\/akunq.net\/tr\/?p=64162#primaryimage","url":"https:\/\/akunq.net\/tr\/wp-content\/uploads\/sites\/6\/2021\/08\/T\u00fcrkiye\u2019nin-K\u00fcrt\u00e7e-yasa\u011f\u0131.jpg","contentUrl":"https:\/\/akunq.net\/tr\/wp-content\/uploads\/sites\/6\/2021\/08\/T\u00fcrkiye\u2019nin-K\u00fcrt\u00e7e-yasa\u011f\u0131.jpg","width":800,"height":463},{"@type":"BreadcrumbList","@id":"https:\/\/akunq.net\/tr\/?p=64162#breadcrumb","itemListElement":[{"@type":"ListItem","position":1,"name":"Home","item":"https:\/\/akunq.net\/tr"},{"@type":"ListItem","position":2,"name":"T\u00fcrkiye\u2019nin K\u00fcrt\u00e7e yasa\u011f\u0131 ibadet hakk\u0131n\u0131 da ihlal ediyor"}]},{"@type":"WebSite","@id":"https:\/\/akunq.net\/tr\/#website","url":"https:\/\/akunq.net\/tr\/","name":"Bati Ermenistan Ve Bati Ermenileri Sorunlari Ara\u015ftirmalar Merkezi","description":"","potentialAction":[{"@type":"SearchAction","target":{"@type":"EntryPoint","urlTemplate":"https:\/\/akunq.net\/tr\/?s={search_term_string}"},"query-input":{"@type":"PropertyValueSpecification","valueRequired":true,"valueName":"search_term_string"}}],"inLanguage":"en-US"},{"@type":"Person","@id":"https:\/\/akunq.net\/tr\/#\/schema\/person\/096f1d38a12cce57fb855b485ed24c9e","name":"admin","url":"https:\/\/akunq.net\/tr\/?author=7"}]}},"_links":{"self":[{"href":"https:\/\/akunq.net\/tr\/index.php?rest_route=\/wp\/v2\/posts\/64162","targetHints":{"allow":["GET"]}}],"collection":[{"href":"https:\/\/akunq.net\/tr\/index.php?rest_route=\/wp\/v2\/posts"}],"about":[{"href":"https:\/\/akunq.net\/tr\/index.php?rest_route=\/wp\/v2\/types\/post"}],"author":[{"embeddable":true,"href":"https:\/\/akunq.net\/tr\/index.php?rest_route=\/wp\/v2\/users\/7"}],"replies":[{"embeddable":true,"href":"https:\/\/akunq.net\/tr\/index.php?rest_route=%2Fwp%2Fv2%2Fcomments&post=64162"}],"version-history":[{"count":1,"href":"https:\/\/akunq.net\/tr\/index.php?rest_route=\/wp\/v2\/posts\/64162\/revisions"}],"predecessor-version":[{"id":64164,"href":"https:\/\/akunq.net\/tr\/index.php?rest_route=\/wp\/v2\/posts\/64162\/revisions\/64164"}],"wp:featuredmedia":[{"embeddable":true,"href":"https:\/\/akunq.net\/tr\/index.php?rest_route=\/wp\/v2\/media\/64163"}],"wp:attachment":[{"href":"https:\/\/akunq.net\/tr\/index.php?rest_route=%2Fwp%2Fv2%2Fmedia&parent=64162"}],"wp:term":[{"taxonomy":"category","embeddable":true,"href":"https:\/\/akunq.net\/tr\/index.php?rest_route=%2Fwp%2Fv2%2Fcategories&post=64162"},{"taxonomy":"post_tag","embeddable":true,"href":"https:\/\/akunq.net\/tr\/index.php?rest_route=%2Fwp%2Fv2%2Ftags&post=64162"}],"curies":[{"name":"wp","href":"https:\/\/api.w.org\/{rel}","templated":true}]}}