{"id":64159,"date":"2021-08-11T02:49:34","date_gmt":"2021-08-11T07:49:34","guid":{"rendered":"https:\/\/akunq.net\/tr\/?p=64159"},"modified":"2021-08-11T02:49:34","modified_gmt":"2021-08-11T07:49:34","slug":"mardinde-bir-suryani-katledildi","status":"publish","type":"post","link":"https:\/\/akunq.net\/tr\/?p=64159","title":{"rendered":"Mardin\u2019de bir S\u00fcryani katledildi"},"content":{"rendered":"<p><img loading=\"lazy\" decoding=\"async\" class=\"aligncenter size-medium wp-image-64160\" src=\"https:\/\/akunq.net\/tr\/wp-content\/uploads\/2021\/08\/Mardin\u2019de-bir-S\u00fcryani-264x270.jpeg\" alt=\"\" width=\"264\" height=\"270\" srcset=\"https:\/\/akunq.net\/tr\/wp-content\/uploads\/sites\/6\/2021\/08\/Mardin\u2019de-bir-S\u00fcryani-264x270.jpeg 264w, https:\/\/akunq.net\/tr\/wp-content\/uploads\/sites\/6\/2021\/08\/Mardin\u2019de-bir-S\u00fcryani-260x266.jpeg 260w, https:\/\/akunq.net\/tr\/wp-content\/uploads\/sites\/6\/2021\/08\/Mardin\u2019de-bir-S\u00fcryani-160x164.jpeg 160w, https:\/\/akunq.net\/tr\/wp-content\/uploads\/sites\/6\/2021\/08\/Mardin\u2019de-bir-S\u00fcryani.jpeg 455w\" sizes=\"auto, (max-width: 264px) 100vw, 264px\" \/><\/p>\n<p><em><strong>Mardin\u2019in Nusaybin il\u00e7esine ba\u011fl\u0131 S\u00fcryanice ismi Bad\u0131be olan Dibek k\u00f6y\u00fcnde d\u00fcn ak\u015fam saat 22.00 sular\u0131nda Gevriye Sar\u0131 isimli S\u00fcryani vatanda\u015f evinde ate\u015fli silahla katledildi.<\/strong><\/em><\/p>\n<p>Turabdin\u2019in Nusaybin il\u00e7esine ba\u011fl\u0131 S\u00fcryanice ismi Bad\u0131be olan Dibek k\u00f6y\u00fcnde d\u00fcn ak\u015fam saat 22.00 sular\u0131nda Gevriye Sar\u0131 isimli S\u00fcryani vatanda\u015f\u0131n evinden ate\u015fli silah sesinin duyuldu\u011funu aktaran k\u00f6y sakinleri gazetemize, olay\u0131n ard\u0131ndan Gevriye Sar\u0131\u2018n\u0131n katledildi\u011fi bilgisini ald\u0131klar\u0131n\u0131 payla\u015ft\u0131lar.<\/p>\n<p>Mor Yakup Manast\u0131r\u0131\u2019na yak\u0131n olan Bad\u0131be k\u00f6y\u00fc sakinleri olay\u0131n ak\u015fam 22.00 sular\u0131nda ger\u00e7ekle\u015fti\u011fini aktar\u0131rken, faillerin bulunmas\u0131 i\u00e7in soru\u015fturma ba\u015flat\u0131ld\u0131\u011f\u0131na dair bilgi edindiklerini de payla\u015ft\u0131lar.<\/p>\n<p><strong>\u0130lk de\u011fil!<\/strong><\/p>\n<p>Ya\u015fanan katliam\u0131n y\u00fcz y\u0131llard\u0131r T\u00fcrkiye\u2019deki S\u00fcryanilere uyguland\u0131\u011f\u0131n\u0131 ve bu katliam\u0131n S\u00fcryani halk\u0131 \u00fczerinde tedirginlik yaratt\u0131\u011f\u0131n\u0131 ifade eden k\u00f6y sakinleri, bir an \u00f6nce faillerin bulunmas\u0131 \u00e7a\u011fr\u0131s\u0131nda bulundu.<\/p>\n<p><em><strong>https:\/\/hyetert.org\/2021\/08\/11\/mardinde-bir-suryani-katledildi\/\u00a0<\/strong><\/em><\/p>\n","protected":false},"excerpt":{"rendered":"<p>Mardin\u2019in Nusaybin il\u00e7esine ba\u011fl\u0131 S\u00fcryanice ismi Bad\u0131be olan Dibek k\u00f6y\u00fcnde d\u00fcn ak\u015fam saat 22.00 sular\u0131nda Gevriye Sar\u0131 isimli S\u00fcryani vatanda\u015f evinde ate\u015fli silahla katledildi. Turabdin\u2019in Nusaybin il\u00e7esine ba\u011fl\u0131 S\u00fcryanice ismi Bad\u0131be olan Dibek k\u00f6y\u00fcnde d\u00fcn ak\u015fam saat 22.00 sular\u0131nda Gevriye Sar\u0131 isimli S\u00fcryani vatanda\u015f\u0131n evinden ate\u015fli silah sesinin duyuldu\u011funu aktaran k\u00f6y sakinleri gazetemize, olay\u0131n ard\u0131ndan [&hellip;]<\/p>\n","protected":false},"author":7,"featured_media":64160,"comment_status":"open","ping_status":"open","sticky":false,"template":"","format":"standard","meta":{"footnotes":""},"categories":[1,53],"tags":[],"class_list":["post-64159","post","type-post","status-publish","format-standard","has-post-thumbnail","hentry","category-haberler","category-turkiyede-azinliklar"],"yoast_head":"<!-- This site is optimized with the Yoast SEO plugin v27.4 - https:\/\/yoast.com\/product\/yoast-seo-wordpress\/ -->\n<title>Mardin\u2019de bir S\u00fcryani katledildi - Bati Ermenistan Ve Bati Ermenileri Sorunlari Ara\u015ftirmalar Merkezi<\/title>\n<meta name=\"robots\" content=\"index, follow, max-snippet:-1, max-image-preview:large, max-video-preview:-1\" \/>\n<link rel=\"canonical\" href=\"https:\/\/akunq.net\/tr\/?p=64159\" \/>\n<meta property=\"og:locale\" content=\"en_US\" \/>\n<meta property=\"og:type\" content=\"article\" \/>\n<meta property=\"og:title\" content=\"Mardin\u2019de bir S\u00fcryani katledildi - Bati Ermenistan Ve Bati Ermenileri Sorunlari Ara\u015ftirmalar Merkezi\" \/>\n<meta property=\"og:description\" content=\"Mardin\u2019in Nusaybin il\u00e7esine ba\u011fl\u0131 S\u00fcryanice ismi Bad\u0131be olan Dibek k\u00f6y\u00fcnde d\u00fcn ak\u015fam saat 22.00 sular\u0131nda Gevriye Sar\u0131 isimli S\u00fcryani vatanda\u015f evinde ate\u015fli silahla katledildi. Turabdin\u2019in Nusaybin il\u00e7esine ba\u011fl\u0131 S\u00fcryanice ismi Bad\u0131be olan Dibek k\u00f6y\u00fcnde d\u00fcn ak\u015fam saat 22.00 sular\u0131nda Gevriye Sar\u0131 isimli S\u00fcryani vatanda\u015f\u0131n evinden ate\u015fli silah sesinin duyuldu\u011funu aktaran k\u00f6y sakinleri gazetemize, olay\u0131n ard\u0131ndan [&hellip;]\" \/>\n<meta property=\"og:url\" content=\"https:\/\/akunq.net\/tr\/?p=64159\" \/>\n<meta property=\"og:site_name\" content=\"Bati Ermenistan Ve Bati Ermenileri Sorunlari Ara\u015ftirmalar Merkezi\" \/>\n<meta property=\"article:published_time\" content=\"2021-08-11T07:49:34+00:00\" \/>\n<meta property=\"og:image\" content=\"https:\/\/akunq.net\/tr\/wp-content\/uploads\/sites\/6\/2021\/08\/Mardin\u2019de-bir-S\u00fcryani.jpeg\" \/>\n\t<meta property=\"og:image:width\" content=\"455\" \/>\n\t<meta property=\"og:image:height\" content=\"466\" \/>\n\t<meta property=\"og:image:type\" content=\"image\/jpeg\" \/>\n<meta name=\"author\" content=\"admin\" \/>\n<meta name=\"twitter:card\" content=\"summary_large_image\" \/>\n<meta name=\"twitter:label1\" content=\"Written by\" \/>\n\t<meta name=\"twitter:data1\" content=\"admin\" \/>\n\t<meta name=\"twitter:label2\" content=\"Est. reading time\" \/>\n\t<meta name=\"twitter:data2\" content=\"1 minute\" \/>\n<script type=\"application\/ld+json\" class=\"yoast-schema-graph\">{\"@context\":\"https:\\\/\\\/schema.org\",\"@graph\":[{\"@type\":\"Article\",\"@id\":\"https:\\\/\\\/akunq.net\\\/tr\\\/?p=64159#article\",\"isPartOf\":{\"@id\":\"https:\\\/\\\/akunq.net\\\/tr\\\/?p=64159\"},\"author\":{\"name\":\"admin\",\"@id\":\"https:\\\/\\\/akunq.net\\\/tr\\\/#\\\/schema\\\/person\\\/096f1d38a12cce57fb855b485ed24c9e\"},\"headline\":\"Mardin\u2019de bir S\u00fcryani katledildi\",\"datePublished\":\"2021-08-11T07:49:34+00:00\",\"mainEntityOfPage\":{\"@id\":\"https:\\\/\\\/akunq.net\\\/tr\\\/?p=64159\"},\"wordCount\":192,\"commentCount\":0,\"image\":{\"@id\":\"https:\\\/\\\/akunq.net\\\/tr\\\/?p=64159#primaryimage\"},\"thumbnailUrl\":\"https:\\\/\\\/akunq.net\\\/tr\\\/wp-content\\\/uploads\\\/sites\\\/6\\\/2021\\\/08\\\/Mardin\u2019de-bir-S\u00fcryani.jpeg\",\"articleSection\":[\"Haberler\",\"T\u00fcrkiye\u2019de Az\u0131nl\u0131klar\"],\"inLanguage\":\"en-US\",\"potentialAction\":[{\"@type\":\"CommentAction\",\"name\":\"Comment\",\"target\":[\"https:\\\/\\\/akunq.net\\\/tr\\\/?p=64159#respond\"]}]},{\"@type\":\"WebPage\",\"@id\":\"https:\\\/\\\/akunq.net\\\/tr\\\/?p=64159\",\"url\":\"https:\\\/\\\/akunq.net\\\/tr\\\/?p=64159\",\"name\":\"Mardin\u2019de bir S\u00fcryani katledildi - Bati Ermenistan Ve Bati Ermenileri Sorunlari Ara\u015ftirmalar Merkezi\",\"isPartOf\":{\"@id\":\"https:\\\/\\\/akunq.net\\\/tr\\\/#website\"},\"primaryImageOfPage\":{\"@id\":\"https:\\\/\\\/akunq.net\\\/tr\\\/?p=64159#primaryimage\"},\"image\":{\"@id\":\"https:\\\/\\\/akunq.net\\\/tr\\\/?p=64159#primaryimage\"},\"thumbnailUrl\":\"https:\\\/\\\/akunq.net\\\/tr\\\/wp-content\\\/uploads\\\/sites\\\/6\\\/2021\\\/08\\\/Mardin\u2019de-bir-S\u00fcryani.jpeg\",\"datePublished\":\"2021-08-11T07:49:34+00:00\",\"author\":{\"@id\":\"https:\\\/\\\/akunq.net\\\/tr\\\/#\\\/schema\\\/person\\\/096f1d38a12cce57fb855b485ed24c9e\"},\"breadcrumb\":{\"@id\":\"https:\\\/\\\/akunq.net\\\/tr\\\/?p=64159#breadcrumb\"},\"inLanguage\":\"en-US\",\"potentialAction\":[{\"@type\":\"ReadAction\",\"target\":[\"https:\\\/\\\/akunq.net\\\/tr\\\/?p=64159\"]}]},{\"@type\":\"ImageObject\",\"inLanguage\":\"en-US\",\"@id\":\"https:\\\/\\\/akunq.net\\\/tr\\\/?p=64159#primaryimage\",\"url\":\"https:\\\/\\\/akunq.net\\\/tr\\\/wp-content\\\/uploads\\\/sites\\\/6\\\/2021\\\/08\\\/Mardin\u2019de-bir-S\u00fcryani.jpeg\",\"contentUrl\":\"https:\\\/\\\/akunq.net\\\/tr\\\/wp-content\\\/uploads\\\/sites\\\/6\\\/2021\\\/08\\\/Mardin\u2019de-bir-S\u00fcryani.jpeg\",\"width\":455,\"height\":466},{\"@type\":\"BreadcrumbList\",\"@id\":\"https:\\\/\\\/akunq.net\\\/tr\\\/?p=64159#breadcrumb\",\"itemListElement\":[{\"@type\":\"ListItem\",\"position\":1,\"name\":\"Home\",\"item\":\"https:\\\/\\\/akunq.net\\\/tr\"},{\"@type\":\"ListItem\",\"position\":2,\"name\":\"Mardin\u2019de bir S\u00fcryani katledildi\"}]},{\"@type\":\"WebSite\",\"@id\":\"https:\\\/\\\/akunq.net\\\/tr\\\/#website\",\"url\":\"https:\\\/\\\/akunq.net\\\/tr\\\/\",\"name\":\"Bati Ermenistan Ve Bati Ermenileri Sorunlari Ara\u015ftirmalar Merkezi\",\"description\":\"\",\"potentialAction\":[{\"@type\":\"SearchAction\",\"target\":{\"@type\":\"EntryPoint\",\"urlTemplate\":\"https:\\\/\\\/akunq.net\\\/tr\\\/?s={search_term_string}\"},\"query-input\":{\"@type\":\"PropertyValueSpecification\",\"valueRequired\":true,\"valueName\":\"search_term_string\"}}],\"inLanguage\":\"en-US\"},{\"@type\":\"Person\",\"@id\":\"https:\\\/\\\/akunq.net\\\/tr\\\/#\\\/schema\\\/person\\\/096f1d38a12cce57fb855b485ed24c9e\",\"name\":\"admin\",\"url\":\"https:\\\/\\\/akunq.net\\\/tr\\\/?author=7\"}]}<\/script>\n<!-- \/ Yoast SEO plugin. -->","yoast_head_json":{"title":"Mardin\u2019de bir S\u00fcryani katledildi - Bati Ermenistan Ve Bati Ermenileri Sorunlari Ara\u015ftirmalar Merkezi","robots":{"index":"index","follow":"follow","max-snippet":"max-snippet:-1","max-image-preview":"max-image-preview:large","max-video-preview":"max-video-preview:-1"},"canonical":"https:\/\/akunq.net\/tr\/?p=64159","og_locale":"en_US","og_type":"article","og_title":"Mardin\u2019de bir S\u00fcryani katledildi - Bati Ermenistan Ve Bati Ermenileri Sorunlari Ara\u015ftirmalar Merkezi","og_description":"Mardin\u2019in Nusaybin il\u00e7esine ba\u011fl\u0131 S\u00fcryanice ismi Bad\u0131be olan Dibek k\u00f6y\u00fcnde d\u00fcn ak\u015fam saat 22.00 sular\u0131nda Gevriye Sar\u0131 isimli S\u00fcryani vatanda\u015f evinde ate\u015fli silahla katledildi. Turabdin\u2019in Nusaybin il\u00e7esine ba\u011fl\u0131 S\u00fcryanice ismi Bad\u0131be olan Dibek k\u00f6y\u00fcnde d\u00fcn ak\u015fam saat 22.00 sular\u0131nda Gevriye Sar\u0131 isimli S\u00fcryani vatanda\u015f\u0131n evinden ate\u015fli silah sesinin duyuldu\u011funu aktaran k\u00f6y sakinleri gazetemize, olay\u0131n ard\u0131ndan [&hellip;]","og_url":"https:\/\/akunq.net\/tr\/?p=64159","og_site_name":"Bati Ermenistan Ve Bati Ermenileri Sorunlari Ara\u015ftirmalar Merkezi","article_published_time":"2021-08-11T07:49:34+00:00","og_image":[{"width":455,"height":466,"url":"https:\/\/akunq.net\/tr\/wp-content\/uploads\/sites\/6\/2021\/08\/Mardin\u2019de-bir-S\u00fcryani.jpeg","type":"image\/jpeg"}],"author":"admin","twitter_card":"summary_large_image","twitter_misc":{"Written by":"admin","Est. reading time":"1 minute"},"schema":{"@context":"https:\/\/schema.org","@graph":[{"@type":"Article","@id":"https:\/\/akunq.net\/tr\/?p=64159#article","isPartOf":{"@id":"https:\/\/akunq.net\/tr\/?p=64159"},"author":{"name":"admin","@id":"https:\/\/akunq.net\/tr\/#\/schema\/person\/096f1d38a12cce57fb855b485ed24c9e"},"headline":"Mardin\u2019de bir S\u00fcryani katledildi","datePublished":"2021-08-11T07:49:34+00:00","mainEntityOfPage":{"@id":"https:\/\/akunq.net\/tr\/?p=64159"},"wordCount":192,"commentCount":0,"image":{"@id":"https:\/\/akunq.net\/tr\/?p=64159#primaryimage"},"thumbnailUrl":"https:\/\/akunq.net\/tr\/wp-content\/uploads\/sites\/6\/2021\/08\/Mardin\u2019de-bir-S\u00fcryani.jpeg","articleSection":["Haberler","T\u00fcrkiye\u2019de Az\u0131nl\u0131klar"],"inLanguage":"en-US","potentialAction":[{"@type":"CommentAction","name":"Comment","target":["https:\/\/akunq.net\/tr\/?p=64159#respond"]}]},{"@type":"WebPage","@id":"https:\/\/akunq.net\/tr\/?p=64159","url":"https:\/\/akunq.net\/tr\/?p=64159","name":"Mardin\u2019de bir S\u00fcryani katledildi - Bati Ermenistan Ve Bati Ermenileri Sorunlari Ara\u015ftirmalar Merkezi","isPartOf":{"@id":"https:\/\/akunq.net\/tr\/#website"},"primaryImageOfPage":{"@id":"https:\/\/akunq.net\/tr\/?p=64159#primaryimage"},"image":{"@id":"https:\/\/akunq.net\/tr\/?p=64159#primaryimage"},"thumbnailUrl":"https:\/\/akunq.net\/tr\/wp-content\/uploads\/sites\/6\/2021\/08\/Mardin\u2019de-bir-S\u00fcryani.jpeg","datePublished":"2021-08-11T07:49:34+00:00","author":{"@id":"https:\/\/akunq.net\/tr\/#\/schema\/person\/096f1d38a12cce57fb855b485ed24c9e"},"breadcrumb":{"@id":"https:\/\/akunq.net\/tr\/?p=64159#breadcrumb"},"inLanguage":"en-US","potentialAction":[{"@type":"ReadAction","target":["https:\/\/akunq.net\/tr\/?p=64159"]}]},{"@type":"ImageObject","inLanguage":"en-US","@id":"https:\/\/akunq.net\/tr\/?p=64159#primaryimage","url":"https:\/\/akunq.net\/tr\/wp-content\/uploads\/sites\/6\/2021\/08\/Mardin\u2019de-bir-S\u00fcryani.jpeg","contentUrl":"https:\/\/akunq.net\/tr\/wp-content\/uploads\/sites\/6\/2021\/08\/Mardin\u2019de-bir-S\u00fcryani.jpeg","width":455,"height":466},{"@type":"BreadcrumbList","@id":"https:\/\/akunq.net\/tr\/?p=64159#breadcrumb","itemListElement":[{"@type":"ListItem","position":1,"name":"Home","item":"https:\/\/akunq.net\/tr"},{"@type":"ListItem","position":2,"name":"Mardin\u2019de bir S\u00fcryani katledildi"}]},{"@type":"WebSite","@id":"https:\/\/akunq.net\/tr\/#website","url":"https:\/\/akunq.net\/tr\/","name":"Bati Ermenistan Ve Bati Ermenileri Sorunlari Ara\u015ftirmalar Merkezi","description":"","potentialAction":[{"@type":"SearchAction","target":{"@type":"EntryPoint","urlTemplate":"https:\/\/akunq.net\/tr\/?s={search_term_string}"},"query-input":{"@type":"PropertyValueSpecification","valueRequired":true,"valueName":"search_term_string"}}],"inLanguage":"en-US"},{"@type":"Person","@id":"https:\/\/akunq.net\/tr\/#\/schema\/person\/096f1d38a12cce57fb855b485ed24c9e","name":"admin","url":"https:\/\/akunq.net\/tr\/?author=7"}]}},"_links":{"self":[{"href":"https:\/\/akunq.net\/tr\/index.php?rest_route=\/wp\/v2\/posts\/64159","targetHints":{"allow":["GET"]}}],"collection":[{"href":"https:\/\/akunq.net\/tr\/index.php?rest_route=\/wp\/v2\/posts"}],"about":[{"href":"https:\/\/akunq.net\/tr\/index.php?rest_route=\/wp\/v2\/types\/post"}],"author":[{"embeddable":true,"href":"https:\/\/akunq.net\/tr\/index.php?rest_route=\/wp\/v2\/users\/7"}],"replies":[{"embeddable":true,"href":"https:\/\/akunq.net\/tr\/index.php?rest_route=%2Fwp%2Fv2%2Fcomments&post=64159"}],"version-history":[{"count":1,"href":"https:\/\/akunq.net\/tr\/index.php?rest_route=\/wp\/v2\/posts\/64159\/revisions"}],"predecessor-version":[{"id":64161,"href":"https:\/\/akunq.net\/tr\/index.php?rest_route=\/wp\/v2\/posts\/64159\/revisions\/64161"}],"wp:featuredmedia":[{"embeddable":true,"href":"https:\/\/akunq.net\/tr\/index.php?rest_route=\/wp\/v2\/media\/64160"}],"wp:attachment":[{"href":"https:\/\/akunq.net\/tr\/index.php?rest_route=%2Fwp%2Fv2%2Fmedia&parent=64159"}],"wp:term":[{"taxonomy":"category","embeddable":true,"href":"https:\/\/akunq.net\/tr\/index.php?rest_route=%2Fwp%2Fv2%2Fcategories&post=64159"},{"taxonomy":"post_tag","embeddable":true,"href":"https:\/\/akunq.net\/tr\/index.php?rest_route=%2Fwp%2Fv2%2Ftags&post=64159"}],"curies":[{"name":"wp","href":"https:\/\/api.w.org\/{rel}","templated":true}]}}