{"id":64156,"date":"2021-08-11T02:39:36","date_gmt":"2021-08-11T07:39:36","guid":{"rendered":"https:\/\/akunq.net\/tr\/?p=64156"},"modified":"2021-08-11T02:39:36","modified_gmt":"2021-08-11T07:39:36","slug":"unlu-ermeni-gazeteci-raffi-hermon-araks-hayata-gozlerini-yumdu","status":"publish","type":"post","link":"https:\/\/akunq.net\/tr\/?p=64156","title":{"rendered":"\u00dcnl\u00fc Ermeni gazeteci Raffi Hermon Araks hayata g\u00f6zlerini yumdu"},"content":{"rendered":"<p><img loading=\"lazy\" decoding=\"async\" class=\"aligncenter size-medium wp-image-64157\" src=\"https:\/\/akunq.net\/tr\/wp-content\/uploads\/2021\/08\/Raffi-Hermon-Araks-360x240.jpg\" alt=\"\" width=\"360\" height=\"240\" srcset=\"https:\/\/akunq.net\/tr\/wp-content\/uploads\/sites\/6\/2021\/08\/Raffi-Hermon-Araks-360x240.jpg 360w, https:\/\/akunq.net\/tr\/wp-content\/uploads\/sites\/6\/2021\/08\/Raffi-Hermon-Araks-768x511.jpg 768w, https:\/\/akunq.net\/tr\/wp-content\/uploads\/sites\/6\/2021\/08\/Raffi-Hermon-Araks-560x373.jpg 560w, https:\/\/akunq.net\/tr\/wp-content\/uploads\/sites\/6\/2021\/08\/Raffi-Hermon-Araks-260x173.jpg 260w, https:\/\/akunq.net\/tr\/wp-content\/uploads\/sites\/6\/2021\/08\/Raffi-Hermon-Araks-160x107.jpg 160w, https:\/\/akunq.net\/tr\/wp-content\/uploads\/sites\/6\/2021\/08\/Raffi-Hermon-Araks.jpg 1080w\" sizes=\"auto, (max-width: 360px) 100vw, 360px\" \/><\/p>\n<p><em><strong>T\u00fcrkiye Ermeni toplumunun yeti\u015ftirdi\u011fi gazetecilerden, bir s\u00fcredir Ermenistan&#8217;da \u00e7al\u0131\u015fmalar\u0131n\u0131 s\u00fcrd\u00fcren Raffi Hermon Araks, ge\u00e7irdi\u011fi rahats\u0131zl\u0131k sonucu hayat\u0131n\u0131 kaybetti.<\/strong><\/em><\/p>\n<p>Raffi Hermon Araks bir s\u00fcredir \u00e7al\u0131\u015fmalar\u0131n\u0131 Ermenistan&#8217;da y\u00fcr\u00fct\u00fcyordu ve Ermenistan\u2019\u0131n resmi haber ajans\u0131 Armenpress, b\u00fcnyesinde T\u00fcrk\u00e7e servisi kurmak, y\u00f6netmek ve programlar\u0131 haz\u0131rlamakla Araks&#8217;\u0131 g\u00f6revlendirilmi\u015fti.<\/p>\n<p>Araks bu serviste ayr\u0131ca podcastler arac\u0131l\u0131\u011f\u0131yla sesli ve\u00a0 Youtube arac\u0131l\u0131\u011f\u0131yla hem sesli, hem g\u00f6r\u00fcnt\u00fcl\u00fc programlar haz\u0131rl\u0131yordu.\u00a0 Podcast yay\u0131nlar\u0131n\u0131n ilki 1 Temmuz 2021, Per\u015fembe g\u00fcn\u00fc \u2018Raffi Hermon Araks\u2019\u0131n sohbet konu\u015fmalar\u0131\u2019 ba\u015fl\u0131\u011f\u0131yla yay\u0131nlanm\u0131\u015ft\u0131. Araks program\u0131 \u201cT\u00fcrkiye\u2019de,\u00a0 Ermenistan\u00a0 ve Ermeniler hakk\u0131nda bilgi, haber, geli\u015fmeler ile ilgilenen \u00e7ok farkl\u0131 izleyicilere, insan\u0131n g\u00f6z\u00fcne bakarm\u0131\u015f gibi bir s\u0131cakl\u0131k vermeye \u00e7al\u0131\u015fan, n\u00fcktedan, d\u00fc\u015f\u00fcnerek e\u011flendiren, temiz bilgiler sunulacak&#8221; s\u00f6zleriyle tarif etmi\u015fti.<\/p>\n<p>Raffi Hermon Araks 2 Eyl\u00fcl 1958 y\u0131l\u0131nda, \u0130stanbul\u2019da do\u011fdu.<\/p>\n<p>1980 y\u0131l\u0131nda, \u015ei\u015fli Lisesi\u2019nden mezun oldu. Agos&#8217;un ilk muhabir\/yazarlar\u0131ndand\u0131.<\/p>\n<p>Araks, T\u00fcrkiye\u2019de Marmara Ermenice g\u00fcnl\u00fck gazetede mesle\u011fe ba\u015flad\u0131, sonra s\u0131ras\u0131yla, Vatan, Demokrat, Cumhuriyet, Politika, \u00d6zg\u00fcr G\u00fcndem, \u00d6zg\u00fcr Bak\u0131\u015f, Yeni G\u00fcndem, Yeni Akt\u00fcel, Agos, Harman ve Star gazetesi hafta sonu EK\u2019te \u00e7al\u0131\u015ft\u0131. Araks Paris\u2019te D\u0131\u015fi\u015fleri Bakanl\u0131\u011f\u0131 ve Elys\u00e9e Cumhurba\u015fkanl\u0131\u011f\u0131 Saray\u2019\u0131nda akredite gazetecilik yapt\u0131.<\/p>\n<p>Di\u011fer yandan, pantomim, tiyatro, vokal oyunculu\u011fu gibi g\u00f6steri sanatlar\u0131nda aktif rol ald\u0131. 1980\u2019de Paris\u2019e \u00f6\u011frenci olarak gitti, sinema ve do\u011fu dilleri ve uygarl\u0131klar\u0131 fak\u00fcltelerinde \u00f6\u011frenim g\u00f6rd\u00fc ve INALCO\u2019dan mezun oldu.<\/p>\n<p>Araks Luys TV&#8217;de de yorumculuk yap\u0131yordu.<\/p>\n<p>Araks&#8217;\u0131n Armenpress&#8217;te yay\u0131nlad\u0131\u011f\u0131 sohbet programlar\u0131na \u015fu adresten ula\u015f\u0131labilir.<\/p>\n<p>Ermeni Haber\u00a0 Ajans\u0131 olarak Raffi Hermon Araks ailesine ve sevenlerine ba\u015fsa\u011fl\u0131\u011f\u0131 diliyoruz.<\/p>\n<p><em><strong>https:\/\/www.ermenihaber.am\/tr\/news\/2021\/08\/11\/Raffi-Hermon-Araks-gazeteci\/213154\u00a0<\/strong><\/em><\/p>\n","protected":false},"excerpt":{"rendered":"<p>T\u00fcrkiye Ermeni toplumunun yeti\u015ftirdi\u011fi gazetecilerden, bir s\u00fcredir Ermenistan&#8217;da \u00e7al\u0131\u015fmalar\u0131n\u0131 s\u00fcrd\u00fcren Raffi Hermon Araks, ge\u00e7irdi\u011fi rahats\u0131zl\u0131k sonucu hayat\u0131n\u0131 kaybetti. Raffi Hermon Araks bir s\u00fcredir \u00e7al\u0131\u015fmalar\u0131n\u0131 Ermenistan&#8217;da y\u00fcr\u00fct\u00fcyordu ve Ermenistan\u2019\u0131n resmi haber ajans\u0131 Armenpress, b\u00fcnyesinde T\u00fcrk\u00e7e servisi kurmak, y\u00f6netmek ve programlar\u0131 haz\u0131rlamakla Araks&#8217;\u0131 g\u00f6revlendirilmi\u015fti. Araks bu serviste ayr\u0131ca podcastler arac\u0131l\u0131\u011f\u0131yla sesli ve\u00a0 Youtube arac\u0131l\u0131\u011f\u0131yla hem sesli, hem [&hellip;]<\/p>\n","protected":false},"author":7,"featured_media":64157,"comment_status":"open","ping_status":"open","sticky":false,"template":"","format":"standard","meta":{"footnotes":""},"categories":[1],"tags":[],"class_list":["post-64156","post","type-post","status-publish","format-standard","has-post-thumbnail","hentry","category-haberler"],"yoast_head":"<!-- This site is optimized with the Yoast SEO plugin v27.4 - https:\/\/yoast.com\/product\/yoast-seo-wordpress\/ -->\n<title>\u00dcnl\u00fc Ermeni gazeteci Raffi Hermon Araks hayata g\u00f6zlerini yumdu - Bati Ermenistan Ve Bati Ermenileri Sorunlari Ara\u015ftirmalar Merkezi<\/title>\n<meta name=\"robots\" content=\"index, follow, max-snippet:-1, max-image-preview:large, max-video-preview:-1\" \/>\n<link rel=\"canonical\" href=\"https:\/\/akunq.net\/tr\/?p=64156\" \/>\n<meta property=\"og:locale\" content=\"en_US\" \/>\n<meta property=\"og:type\" content=\"article\" \/>\n<meta property=\"og:title\" content=\"\u00dcnl\u00fc Ermeni gazeteci Raffi Hermon Araks hayata g\u00f6zlerini yumdu - Bati Ermenistan Ve Bati Ermenileri Sorunlari Ara\u015ftirmalar Merkezi\" \/>\n<meta property=\"og:description\" content=\"T\u00fcrkiye Ermeni toplumunun yeti\u015ftirdi\u011fi gazetecilerden, bir s\u00fcredir Ermenistan&#8217;da \u00e7al\u0131\u015fmalar\u0131n\u0131 s\u00fcrd\u00fcren Raffi Hermon Araks, ge\u00e7irdi\u011fi rahats\u0131zl\u0131k sonucu hayat\u0131n\u0131 kaybetti. Raffi Hermon Araks bir s\u00fcredir \u00e7al\u0131\u015fmalar\u0131n\u0131 Ermenistan&#8217;da y\u00fcr\u00fct\u00fcyordu ve Ermenistan\u2019\u0131n resmi haber ajans\u0131 Armenpress, b\u00fcnyesinde T\u00fcrk\u00e7e servisi kurmak, y\u00f6netmek ve programlar\u0131 haz\u0131rlamakla Araks&#8217;\u0131 g\u00f6revlendirilmi\u015fti. Araks bu serviste ayr\u0131ca podcastler arac\u0131l\u0131\u011f\u0131yla sesli ve\u00a0 Youtube arac\u0131l\u0131\u011f\u0131yla hem sesli, hem [&hellip;]\" \/>\n<meta property=\"og:url\" content=\"https:\/\/akunq.net\/tr\/?p=64156\" \/>\n<meta property=\"og:site_name\" content=\"Bati Ermenistan Ve Bati Ermenileri Sorunlari Ara\u015ftirmalar Merkezi\" \/>\n<meta property=\"article:published_time\" content=\"2021-08-11T07:39:36+00:00\" \/>\n<meta property=\"og:image\" content=\"https:\/\/akunq.net\/tr\/wp-content\/uploads\/sites\/6\/2021\/08\/Raffi-Hermon-Araks.jpg\" \/>\n\t<meta property=\"og:image:width\" content=\"1080\" \/>\n\t<meta property=\"og:image:height\" content=\"719\" \/>\n\t<meta property=\"og:image:type\" content=\"image\/jpeg\" \/>\n<meta name=\"author\" content=\"admin\" \/>\n<meta name=\"twitter:card\" content=\"summary_large_image\" \/>\n<meta name=\"twitter:label1\" content=\"Written by\" \/>\n\t<meta name=\"twitter:data1\" content=\"admin\" \/>\n\t<meta name=\"twitter:label2\" content=\"Est. reading time\" \/>\n\t<meta name=\"twitter:data2\" content=\"2 minutes\" \/>\n<script type=\"application\/ld+json\" class=\"yoast-schema-graph\">{\"@context\":\"https:\\\/\\\/schema.org\",\"@graph\":[{\"@type\":\"Article\",\"@id\":\"https:\\\/\\\/akunq.net\\\/tr\\\/?p=64156#article\",\"isPartOf\":{\"@id\":\"https:\\\/\\\/akunq.net\\\/tr\\\/?p=64156\"},\"author\":{\"name\":\"admin\",\"@id\":\"https:\\\/\\\/akunq.net\\\/tr\\\/#\\\/schema\\\/person\\\/096f1d38a12cce57fb855b485ed24c9e\"},\"headline\":\"\u00dcnl\u00fc Ermeni gazeteci Raffi Hermon Araks hayata g\u00f6zlerini yumdu\",\"datePublished\":\"2021-08-11T07:39:36+00:00\",\"mainEntityOfPage\":{\"@id\":\"https:\\\/\\\/akunq.net\\\/tr\\\/?p=64156\"},\"wordCount\":345,\"commentCount\":0,\"image\":{\"@id\":\"https:\\\/\\\/akunq.net\\\/tr\\\/?p=64156#primaryimage\"},\"thumbnailUrl\":\"https:\\\/\\\/akunq.net\\\/tr\\\/wp-content\\\/uploads\\\/sites\\\/6\\\/2021\\\/08\\\/Raffi-Hermon-Araks.jpg\",\"articleSection\":[\"Haberler\"],\"inLanguage\":\"en-US\",\"potentialAction\":[{\"@type\":\"CommentAction\",\"name\":\"Comment\",\"target\":[\"https:\\\/\\\/akunq.net\\\/tr\\\/?p=64156#respond\"]}]},{\"@type\":\"WebPage\",\"@id\":\"https:\\\/\\\/akunq.net\\\/tr\\\/?p=64156\",\"url\":\"https:\\\/\\\/akunq.net\\\/tr\\\/?p=64156\",\"name\":\"\u00dcnl\u00fc Ermeni gazeteci Raffi Hermon Araks hayata g\u00f6zlerini yumdu - Bati Ermenistan Ve Bati Ermenileri Sorunlari Ara\u015ftirmalar Merkezi\",\"isPartOf\":{\"@id\":\"https:\\\/\\\/akunq.net\\\/tr\\\/#website\"},\"primaryImageOfPage\":{\"@id\":\"https:\\\/\\\/akunq.net\\\/tr\\\/?p=64156#primaryimage\"},\"image\":{\"@id\":\"https:\\\/\\\/akunq.net\\\/tr\\\/?p=64156#primaryimage\"},\"thumbnailUrl\":\"https:\\\/\\\/akunq.net\\\/tr\\\/wp-content\\\/uploads\\\/sites\\\/6\\\/2021\\\/08\\\/Raffi-Hermon-Araks.jpg\",\"datePublished\":\"2021-08-11T07:39:36+00:00\",\"author\":{\"@id\":\"https:\\\/\\\/akunq.net\\\/tr\\\/#\\\/schema\\\/person\\\/096f1d38a12cce57fb855b485ed24c9e\"},\"breadcrumb\":{\"@id\":\"https:\\\/\\\/akunq.net\\\/tr\\\/?p=64156#breadcrumb\"},\"inLanguage\":\"en-US\",\"potentialAction\":[{\"@type\":\"ReadAction\",\"target\":[\"https:\\\/\\\/akunq.net\\\/tr\\\/?p=64156\"]}]},{\"@type\":\"ImageObject\",\"inLanguage\":\"en-US\",\"@id\":\"https:\\\/\\\/akunq.net\\\/tr\\\/?p=64156#primaryimage\",\"url\":\"https:\\\/\\\/akunq.net\\\/tr\\\/wp-content\\\/uploads\\\/sites\\\/6\\\/2021\\\/08\\\/Raffi-Hermon-Araks.jpg\",\"contentUrl\":\"https:\\\/\\\/akunq.net\\\/tr\\\/wp-content\\\/uploads\\\/sites\\\/6\\\/2021\\\/08\\\/Raffi-Hermon-Araks.jpg\",\"width\":1080,\"height\":719},{\"@type\":\"BreadcrumbList\",\"@id\":\"https:\\\/\\\/akunq.net\\\/tr\\\/?p=64156#breadcrumb\",\"itemListElement\":[{\"@type\":\"ListItem\",\"position\":1,\"name\":\"Home\",\"item\":\"https:\\\/\\\/akunq.net\\\/tr\"},{\"@type\":\"ListItem\",\"position\":2,\"name\":\"\u00dcnl\u00fc Ermeni gazeteci Raffi Hermon Araks hayata g\u00f6zlerini yumdu\"}]},{\"@type\":\"WebSite\",\"@id\":\"https:\\\/\\\/akunq.net\\\/tr\\\/#website\",\"url\":\"https:\\\/\\\/akunq.net\\\/tr\\\/\",\"name\":\"Bati Ermenistan Ve Bati Ermenileri Sorunlari Ara\u015ftirmalar Merkezi\",\"description\":\"\",\"potentialAction\":[{\"@type\":\"SearchAction\",\"target\":{\"@type\":\"EntryPoint\",\"urlTemplate\":\"https:\\\/\\\/akunq.net\\\/tr\\\/?s={search_term_string}\"},\"query-input\":{\"@type\":\"PropertyValueSpecification\",\"valueRequired\":true,\"valueName\":\"search_term_string\"}}],\"inLanguage\":\"en-US\"},{\"@type\":\"Person\",\"@id\":\"https:\\\/\\\/akunq.net\\\/tr\\\/#\\\/schema\\\/person\\\/096f1d38a12cce57fb855b485ed24c9e\",\"name\":\"admin\",\"url\":\"https:\\\/\\\/akunq.net\\\/tr\\\/?author=7\"}]}<\/script>\n<!-- \/ Yoast SEO plugin. -->","yoast_head_json":{"title":"\u00dcnl\u00fc Ermeni gazeteci Raffi Hermon Araks hayata g\u00f6zlerini yumdu - Bati Ermenistan Ve Bati Ermenileri Sorunlari Ara\u015ftirmalar Merkezi","robots":{"index":"index","follow":"follow","max-snippet":"max-snippet:-1","max-image-preview":"max-image-preview:large","max-video-preview":"max-video-preview:-1"},"canonical":"https:\/\/akunq.net\/tr\/?p=64156","og_locale":"en_US","og_type":"article","og_title":"\u00dcnl\u00fc Ermeni gazeteci Raffi Hermon Araks hayata g\u00f6zlerini yumdu - Bati Ermenistan Ve Bati Ermenileri Sorunlari Ara\u015ftirmalar Merkezi","og_description":"T\u00fcrkiye Ermeni toplumunun yeti\u015ftirdi\u011fi gazetecilerden, bir s\u00fcredir Ermenistan&#8217;da \u00e7al\u0131\u015fmalar\u0131n\u0131 s\u00fcrd\u00fcren Raffi Hermon Araks, ge\u00e7irdi\u011fi rahats\u0131zl\u0131k sonucu hayat\u0131n\u0131 kaybetti. Raffi Hermon Araks bir s\u00fcredir \u00e7al\u0131\u015fmalar\u0131n\u0131 Ermenistan&#8217;da y\u00fcr\u00fct\u00fcyordu ve Ermenistan\u2019\u0131n resmi haber ajans\u0131 Armenpress, b\u00fcnyesinde T\u00fcrk\u00e7e servisi kurmak, y\u00f6netmek ve programlar\u0131 haz\u0131rlamakla Araks&#8217;\u0131 g\u00f6revlendirilmi\u015fti. Araks bu serviste ayr\u0131ca podcastler arac\u0131l\u0131\u011f\u0131yla sesli ve\u00a0 Youtube arac\u0131l\u0131\u011f\u0131yla hem sesli, hem [&hellip;]","og_url":"https:\/\/akunq.net\/tr\/?p=64156","og_site_name":"Bati Ermenistan Ve Bati Ermenileri Sorunlari Ara\u015ftirmalar Merkezi","article_published_time":"2021-08-11T07:39:36+00:00","og_image":[{"width":1080,"height":719,"url":"https:\/\/akunq.net\/tr\/wp-content\/uploads\/sites\/6\/2021\/08\/Raffi-Hermon-Araks.jpg","type":"image\/jpeg"}],"author":"admin","twitter_card":"summary_large_image","twitter_misc":{"Written by":"admin","Est. reading time":"2 minutes"},"schema":{"@context":"https:\/\/schema.org","@graph":[{"@type":"Article","@id":"https:\/\/akunq.net\/tr\/?p=64156#article","isPartOf":{"@id":"https:\/\/akunq.net\/tr\/?p=64156"},"author":{"name":"admin","@id":"https:\/\/akunq.net\/tr\/#\/schema\/person\/096f1d38a12cce57fb855b485ed24c9e"},"headline":"\u00dcnl\u00fc Ermeni gazeteci Raffi Hermon Araks hayata g\u00f6zlerini yumdu","datePublished":"2021-08-11T07:39:36+00:00","mainEntityOfPage":{"@id":"https:\/\/akunq.net\/tr\/?p=64156"},"wordCount":345,"commentCount":0,"image":{"@id":"https:\/\/akunq.net\/tr\/?p=64156#primaryimage"},"thumbnailUrl":"https:\/\/akunq.net\/tr\/wp-content\/uploads\/sites\/6\/2021\/08\/Raffi-Hermon-Araks.jpg","articleSection":["Haberler"],"inLanguage":"en-US","potentialAction":[{"@type":"CommentAction","name":"Comment","target":["https:\/\/akunq.net\/tr\/?p=64156#respond"]}]},{"@type":"WebPage","@id":"https:\/\/akunq.net\/tr\/?p=64156","url":"https:\/\/akunq.net\/tr\/?p=64156","name":"\u00dcnl\u00fc Ermeni gazeteci Raffi Hermon Araks hayata g\u00f6zlerini yumdu - Bati Ermenistan Ve Bati Ermenileri Sorunlari Ara\u015ftirmalar Merkezi","isPartOf":{"@id":"https:\/\/akunq.net\/tr\/#website"},"primaryImageOfPage":{"@id":"https:\/\/akunq.net\/tr\/?p=64156#primaryimage"},"image":{"@id":"https:\/\/akunq.net\/tr\/?p=64156#primaryimage"},"thumbnailUrl":"https:\/\/akunq.net\/tr\/wp-content\/uploads\/sites\/6\/2021\/08\/Raffi-Hermon-Araks.jpg","datePublished":"2021-08-11T07:39:36+00:00","author":{"@id":"https:\/\/akunq.net\/tr\/#\/schema\/person\/096f1d38a12cce57fb855b485ed24c9e"},"breadcrumb":{"@id":"https:\/\/akunq.net\/tr\/?p=64156#breadcrumb"},"inLanguage":"en-US","potentialAction":[{"@type":"ReadAction","target":["https:\/\/akunq.net\/tr\/?p=64156"]}]},{"@type":"ImageObject","inLanguage":"en-US","@id":"https:\/\/akunq.net\/tr\/?p=64156#primaryimage","url":"https:\/\/akunq.net\/tr\/wp-content\/uploads\/sites\/6\/2021\/08\/Raffi-Hermon-Araks.jpg","contentUrl":"https:\/\/akunq.net\/tr\/wp-content\/uploads\/sites\/6\/2021\/08\/Raffi-Hermon-Araks.jpg","width":1080,"height":719},{"@type":"BreadcrumbList","@id":"https:\/\/akunq.net\/tr\/?p=64156#breadcrumb","itemListElement":[{"@type":"ListItem","position":1,"name":"Home","item":"https:\/\/akunq.net\/tr"},{"@type":"ListItem","position":2,"name":"\u00dcnl\u00fc Ermeni gazeteci Raffi Hermon Araks hayata g\u00f6zlerini yumdu"}]},{"@type":"WebSite","@id":"https:\/\/akunq.net\/tr\/#website","url":"https:\/\/akunq.net\/tr\/","name":"Bati Ermenistan Ve Bati Ermenileri Sorunlari Ara\u015ftirmalar Merkezi","description":"","potentialAction":[{"@type":"SearchAction","target":{"@type":"EntryPoint","urlTemplate":"https:\/\/akunq.net\/tr\/?s={search_term_string}"},"query-input":{"@type":"PropertyValueSpecification","valueRequired":true,"valueName":"search_term_string"}}],"inLanguage":"en-US"},{"@type":"Person","@id":"https:\/\/akunq.net\/tr\/#\/schema\/person\/096f1d38a12cce57fb855b485ed24c9e","name":"admin","url":"https:\/\/akunq.net\/tr\/?author=7"}]}},"_links":{"self":[{"href":"https:\/\/akunq.net\/tr\/index.php?rest_route=\/wp\/v2\/posts\/64156","targetHints":{"allow":["GET"]}}],"collection":[{"href":"https:\/\/akunq.net\/tr\/index.php?rest_route=\/wp\/v2\/posts"}],"about":[{"href":"https:\/\/akunq.net\/tr\/index.php?rest_route=\/wp\/v2\/types\/post"}],"author":[{"embeddable":true,"href":"https:\/\/akunq.net\/tr\/index.php?rest_route=\/wp\/v2\/users\/7"}],"replies":[{"embeddable":true,"href":"https:\/\/akunq.net\/tr\/index.php?rest_route=%2Fwp%2Fv2%2Fcomments&post=64156"}],"version-history":[{"count":1,"href":"https:\/\/akunq.net\/tr\/index.php?rest_route=\/wp\/v2\/posts\/64156\/revisions"}],"predecessor-version":[{"id":64158,"href":"https:\/\/akunq.net\/tr\/index.php?rest_route=\/wp\/v2\/posts\/64156\/revisions\/64158"}],"wp:featuredmedia":[{"embeddable":true,"href":"https:\/\/akunq.net\/tr\/index.php?rest_route=\/wp\/v2\/media\/64157"}],"wp:attachment":[{"href":"https:\/\/akunq.net\/tr\/index.php?rest_route=%2Fwp%2Fv2%2Fmedia&parent=64156"}],"wp:term":[{"taxonomy":"category","embeddable":true,"href":"https:\/\/akunq.net\/tr\/index.php?rest_route=%2Fwp%2Fv2%2Fcategories&post=64156"},{"taxonomy":"post_tag","embeddable":true,"href":"https:\/\/akunq.net\/tr\/index.php?rest_route=%2Fwp%2Fv2%2Ftags&post=64156"}],"curies":[{"name":"wp","href":"https:\/\/api.w.org\/{rel}","templated":true}]}}