{"id":64152,"date":"2021-08-10T03:48:00","date_gmt":"2021-08-10T08:48:00","guid":{"rendered":"https:\/\/akunq.net\/tr\/?p=64152"},"modified":"2021-08-10T03:48:00","modified_gmt":"2021-08-10T08:48:00","slug":"gokceadadan-calinan-tarihi-kultur-varliklari-fener-rum-patrigi-bartholomeosa-takdim-edilecek","status":"publish","type":"post","link":"https:\/\/akunq.net\/tr\/?p=64152","title":{"rendered":"G\u00f6k\u00e7eada\u2019dan \u00e7al\u0131nan tarihi k\u00fclt\u00fcr varl\u0131klar\u0131, Fener Rum Patri\u011fi Bartholomeos\u2019a takdim edilecek"},"content":{"rendered":"<p><img loading=\"lazy\" decoding=\"async\" class=\"aligncenter size-medium wp-image-64153\" src=\"https:\/\/akunq.net\/tr\/wp-content\/uploads\/2021\/08\/G\u00f6k\u00e7eada\u2019dan-\u00e7al\u0131nan-tarihi-k\u00fclt\u00fcr-varl\u0131klar\u0131-360x203.jpg\" alt=\"\" width=\"360\" height=\"203\" srcset=\"https:\/\/akunq.net\/tr\/wp-content\/uploads\/sites\/6\/2021\/08\/G\u00f6k\u00e7eada\u2019dan-\u00e7al\u0131nan-tarihi-k\u00fclt\u00fcr-varl\u0131klar\u0131-360x203.jpg 360w, https:\/\/akunq.net\/tr\/wp-content\/uploads\/sites\/6\/2021\/08\/G\u00f6k\u00e7eada\u2019dan-\u00e7al\u0131nan-tarihi-k\u00fclt\u00fcr-varl\u0131klar\u0131-768x432.jpg 768w, https:\/\/akunq.net\/tr\/wp-content\/uploads\/sites\/6\/2021\/08\/G\u00f6k\u00e7eada\u2019dan-\u00e7al\u0131nan-tarihi-k\u00fclt\u00fcr-varl\u0131klar\u0131-560x315.jpg 560w, https:\/\/akunq.net\/tr\/wp-content\/uploads\/sites\/6\/2021\/08\/G\u00f6k\u00e7eada\u2019dan-\u00e7al\u0131nan-tarihi-k\u00fclt\u00fcr-varl\u0131klar\u0131-260x146.jpg 260w, https:\/\/akunq.net\/tr\/wp-content\/uploads\/sites\/6\/2021\/08\/G\u00f6k\u00e7eada\u2019dan-\u00e7al\u0131nan-tarihi-k\u00fclt\u00fcr-varl\u0131klar\u0131-160x90.jpg 160w, https:\/\/akunq.net\/tr\/wp-content\/uploads\/sites\/6\/2021\/08\/G\u00f6k\u00e7eada\u2019dan-\u00e7al\u0131nan-tarihi-k\u00fclt\u00fcr-varl\u0131klar\u0131.jpg 864w\" sizes=\"auto, (max-width: 360px) 100vw, 360px\" \/><\/p>\n<p><em><strong>K\u00fclt\u00fcr ve Turizm Bakan\u0131 Mehmet Nuri Ersoy, 2007\u2019de G\u00f6k\u00e7eada\u2019daki tarihi kiliselerden \u00e7al\u0131nan ikonalar\u0131, Fener Rum Patri\u011fi Bartholomeos\u2019a takdim edecek.<\/strong><\/em><\/p>\n<p><strong>Ay\u015fe \u015eensoy Boztepe<\/strong><\/p>\n<p>K\u00fclt\u00fcr ve Turizm Bakanl\u0131\u011f\u0131ndan yap\u0131lan a\u00e7\u0131klamaya g\u00f6re, T\u00fcrkiye\u2019nin k\u00fclt\u00fcr varl\u0131klar\u0131na kar\u015f\u0131 dil, din ve \u0131rk ayr\u0131m\u0131 g\u00f6zetmeksizin g\u00f6sterdi\u011fi korumac\u0131l\u0131k anlay\u0131\u015f\u0131n\u0131n bir g\u00f6stergesi olarak, \u00e7al\u0131nan k\u00fclt\u00fcr varl\u0131klar\u0131n\u0131n teslimi sa\u011flanacak.<\/p>\n<p>Teslim edilecek 12 eser i\u00e7in \u00c7anakkale Troya M\u00fczesi\u2019nde t\u00f6ren d\u00fczenlenecek.<\/p>\n<p>K\u00fclt\u00fcr ve Turizm Bakan\u0131 Mehmet Nuri Ersoy ile Fener Rum Patri\u011fi Bartholomeos\u2019un kat\u0131laca\u011f\u0131 teslim t\u00f6reni, yar\u0131n saat 15.00\u2019te ger\u00e7ekle\u015ftirilecek.<\/p>\n<p><strong>K\u00fclt\u00fcr varl\u0131klar\u0131 \u00c7anakkale Arkeoloji M\u00fczesi\u2019nde hassasiyetle korundu<\/strong><\/p>\n<p>G\u00f6k\u00e7eada\u2019n\u0131n Zeytinli, Eski Bademli ve Derek\u00f6y mahallelerindeki tarihi kiliselerde ger\u00e7ekle\u015fen h\u0131rs\u0131zl\u0131k olay\u0131na ili\u015fkin G\u00f6k\u00e7eada Asliye Ceza Mahkemesinde g\u00f6r\u00fclen davada ele ge\u00e7irilen eserler, \u00c7anakkale Arkeoloji M\u00fczesi\u2019nde korunuyordu.<\/p>\n<p>Panayiya Kimisis Kilisesi\u2019nin de aralar\u0131nda bulundu\u011fu dini alanlardan \u00e7al\u0131nd\u0131\u011f\u0131 tespit edilen k\u00fclt\u00fcr varl\u0131klar\u0131, 2007\u2019de Eceabat \u0130l\u00e7e Jandarma Komutanl\u0131\u011f\u0131nca ger\u00e7ekle\u015ftirilen operasyonda ele ge\u00e7irildi.<\/p>\n<p>Olaya ili\u015fkin soru\u015fturma G\u00f6k\u00e7eada Cumhuriyet Ba\u015fsavc\u0131l\u0131\u011f\u0131nca y\u00fcr\u00fct\u00fcld\u00fc ve ele ge\u00e7irilen k\u00fclt\u00fcr varl\u0131klar\u0131 yediemin olarak \u00c7anakkale Arkeoloji M\u00fczesi\u2019ne teslim edildi.<\/p>\n<p>M\u00fcze taraf\u0131ndan yediemin deposunda K\u00fclt\u00fcr ve Turizm Bakanl\u0131\u011f\u0131n\u0131n koordinasyonunda ba\u015flat\u0131lan \u00e7al\u0131\u015fmada, aralar\u0131nda Hz. \u0130sa ve aziz tasvirlerinin bulundu\u011fu dini k\u00fclt\u00fcr varl\u0131klar\u0131na ili\u015fkin adli s\u00fcre\u00e7 \u00c7anakkale Arkeoloji M\u00fczesi ve \u00c7anakkale \u0130l K\u00fclt\u00fcr ve Turizm M\u00fcd\u00fcrl\u00fc\u011f\u00fcnce takip edildi ve mahkeme karar\u0131n\u0131n kesinle\u015fti\u011fi bilgisine ula\u015f\u0131ld\u0131.<\/p>\n<p>A\u011f\u0131rl\u0131kl\u0131 olarak ikonalardan olu\u015fan k\u00fclt\u00fcr varl\u0131klar\u0131, emanette bulunduklar\u0131 s\u00fcre i\u00e7erisinde \u00c7anakkale Arkeoloji M\u00fczesi\u2019nde hassasiyetle korundu.<\/p>\n<p><em><strong><a href=\"https:\/\/www.aa.com.tr\/tr\/kultur-sanat\/gokceadadan-calinan-tarihi-kultur-varliklari-fener-rum-patrigi-bartholomeosa-takdim-edilecek\/2328863\" target=\"_blank\" rel=\"noopener noreferrer\">AA<\/a>\u00a0<\/strong><\/em><\/p>\n","protected":false},"excerpt":{"rendered":"<p>K\u00fclt\u00fcr ve Turizm Bakan\u0131 Mehmet Nuri Ersoy, 2007\u2019de G\u00f6k\u00e7eada\u2019daki tarihi kiliselerden \u00e7al\u0131nan ikonalar\u0131, Fener Rum Patri\u011fi Bartholomeos\u2019a takdim edecek. Ay\u015fe \u015eensoy Boztepe K\u00fclt\u00fcr ve Turizm Bakanl\u0131\u011f\u0131ndan yap\u0131lan a\u00e7\u0131klamaya g\u00f6re, T\u00fcrkiye\u2019nin k\u00fclt\u00fcr varl\u0131klar\u0131na kar\u015f\u0131 dil, din ve \u0131rk ayr\u0131m\u0131 g\u00f6zetmeksizin g\u00f6sterdi\u011fi korumac\u0131l\u0131k anlay\u0131\u015f\u0131n\u0131n bir g\u00f6stergesi olarak, \u00e7al\u0131nan k\u00fclt\u00fcr varl\u0131klar\u0131n\u0131n teslimi sa\u011flanacak. Teslim edilecek 12 eser i\u00e7in [&hellip;]<\/p>\n","protected":false},"author":7,"featured_media":64153,"comment_status":"open","ping_status":"open","sticky":false,"template":"","format":"standard","meta":{"footnotes":""},"categories":[1],"tags":[],"class_list":["post-64152","post","type-post","status-publish","format-standard","has-post-thumbnail","hentry","category-haberler"],"yoast_head":"<!-- This site is optimized with the Yoast SEO plugin v27.4 - https:\/\/yoast.com\/product\/yoast-seo-wordpress\/ -->\n<title>G\u00f6k\u00e7eada\u2019dan \u00e7al\u0131nan tarihi k\u00fclt\u00fcr varl\u0131klar\u0131, Fener Rum Patri\u011fi Bartholomeos\u2019a takdim edilecek - Bati Ermenistan Ve Bati Ermenileri Sorunlari Ara\u015ftirmalar Merkezi<\/title>\n<meta name=\"robots\" content=\"index, follow, max-snippet:-1, max-image-preview:large, max-video-preview:-1\" \/>\n<link rel=\"canonical\" href=\"https:\/\/akunq.net\/tr\/?p=64152\" \/>\n<meta property=\"og:locale\" content=\"en_US\" \/>\n<meta property=\"og:type\" content=\"article\" \/>\n<meta property=\"og:title\" content=\"G\u00f6k\u00e7eada\u2019dan \u00e7al\u0131nan tarihi k\u00fclt\u00fcr varl\u0131klar\u0131, Fener Rum Patri\u011fi Bartholomeos\u2019a takdim edilecek - Bati Ermenistan Ve Bati Ermenileri Sorunlari Ara\u015ftirmalar Merkezi\" \/>\n<meta property=\"og:description\" content=\"K\u00fclt\u00fcr ve Turizm Bakan\u0131 Mehmet Nuri Ersoy, 2007\u2019de G\u00f6k\u00e7eada\u2019daki tarihi kiliselerden \u00e7al\u0131nan ikonalar\u0131, Fener Rum Patri\u011fi Bartholomeos\u2019a takdim edecek. Ay\u015fe \u015eensoy Boztepe K\u00fclt\u00fcr ve Turizm Bakanl\u0131\u011f\u0131ndan yap\u0131lan a\u00e7\u0131klamaya g\u00f6re, T\u00fcrkiye\u2019nin k\u00fclt\u00fcr varl\u0131klar\u0131na kar\u015f\u0131 dil, din ve \u0131rk ayr\u0131m\u0131 g\u00f6zetmeksizin g\u00f6sterdi\u011fi korumac\u0131l\u0131k anlay\u0131\u015f\u0131n\u0131n bir g\u00f6stergesi olarak, \u00e7al\u0131nan k\u00fclt\u00fcr varl\u0131klar\u0131n\u0131n teslimi sa\u011flanacak. Teslim edilecek 12 eser i\u00e7in [&hellip;]\" \/>\n<meta property=\"og:url\" content=\"https:\/\/akunq.net\/tr\/?p=64152\" \/>\n<meta property=\"og:site_name\" content=\"Bati Ermenistan Ve Bati Ermenileri Sorunlari Ara\u015ftirmalar Merkezi\" \/>\n<meta property=\"article:published_time\" content=\"2021-08-10T08:48:00+00:00\" \/>\n<meta property=\"og:image\" content=\"https:\/\/akunq.net\/tr\/wp-content\/uploads\/sites\/6\/2021\/08\/G\u00f6k\u00e7eada\u2019dan-\u00e7al\u0131nan-tarihi-k\u00fclt\u00fcr-varl\u0131klar\u0131.jpg\" \/>\n\t<meta property=\"og:image:width\" content=\"864\" \/>\n\t<meta property=\"og:image:height\" content=\"486\" \/>\n\t<meta property=\"og:image:type\" content=\"image\/jpeg\" \/>\n<meta name=\"author\" content=\"admin\" \/>\n<meta name=\"twitter:card\" content=\"summary_large_image\" \/>\n<meta name=\"twitter:label1\" content=\"Written by\" \/>\n\t<meta name=\"twitter:data1\" content=\"admin\" \/>\n\t<meta name=\"twitter:label2\" content=\"Est. reading time\" \/>\n\t<meta name=\"twitter:data2\" content=\"2 minutes\" \/>\n<script type=\"application\/ld+json\" class=\"yoast-schema-graph\">{\"@context\":\"https:\\\/\\\/schema.org\",\"@graph\":[{\"@type\":\"Article\",\"@id\":\"https:\\\/\\\/akunq.net\\\/tr\\\/?p=64152#article\",\"isPartOf\":{\"@id\":\"https:\\\/\\\/akunq.net\\\/tr\\\/?p=64152\"},\"author\":{\"name\":\"admin\",\"@id\":\"https:\\\/\\\/akunq.net\\\/tr\\\/#\\\/schema\\\/person\\\/096f1d38a12cce57fb855b485ed24c9e\"},\"headline\":\"G\u00f6k\u00e7eada\u2019dan \u00e7al\u0131nan tarihi k\u00fclt\u00fcr varl\u0131klar\u0131, Fener Rum Patri\u011fi Bartholomeos\u2019a takdim edilecek\",\"datePublished\":\"2021-08-10T08:48:00+00:00\",\"mainEntityOfPage\":{\"@id\":\"https:\\\/\\\/akunq.net\\\/tr\\\/?p=64152\"},\"wordCount\":371,\"commentCount\":0,\"image\":{\"@id\":\"https:\\\/\\\/akunq.net\\\/tr\\\/?p=64152#primaryimage\"},\"thumbnailUrl\":\"https:\\\/\\\/akunq.net\\\/tr\\\/wp-content\\\/uploads\\\/sites\\\/6\\\/2021\\\/08\\\/G\u00f6k\u00e7eada\u2019dan-\u00e7al\u0131nan-tarihi-k\u00fclt\u00fcr-varl\u0131klar\u0131.jpg\",\"articleSection\":[\"Haberler\"],\"inLanguage\":\"en-US\",\"potentialAction\":[{\"@type\":\"CommentAction\",\"name\":\"Comment\",\"target\":[\"https:\\\/\\\/akunq.net\\\/tr\\\/?p=64152#respond\"]}]},{\"@type\":\"WebPage\",\"@id\":\"https:\\\/\\\/akunq.net\\\/tr\\\/?p=64152\",\"url\":\"https:\\\/\\\/akunq.net\\\/tr\\\/?p=64152\",\"name\":\"G\u00f6k\u00e7eada\u2019dan \u00e7al\u0131nan tarihi k\u00fclt\u00fcr varl\u0131klar\u0131, Fener Rum Patri\u011fi Bartholomeos\u2019a takdim edilecek - Bati Ermenistan Ve Bati Ermenileri Sorunlari Ara\u015ftirmalar Merkezi\",\"isPartOf\":{\"@id\":\"https:\\\/\\\/akunq.net\\\/tr\\\/#website\"},\"primaryImageOfPage\":{\"@id\":\"https:\\\/\\\/akunq.net\\\/tr\\\/?p=64152#primaryimage\"},\"image\":{\"@id\":\"https:\\\/\\\/akunq.net\\\/tr\\\/?p=64152#primaryimage\"},\"thumbnailUrl\":\"https:\\\/\\\/akunq.net\\\/tr\\\/wp-content\\\/uploads\\\/sites\\\/6\\\/2021\\\/08\\\/G\u00f6k\u00e7eada\u2019dan-\u00e7al\u0131nan-tarihi-k\u00fclt\u00fcr-varl\u0131klar\u0131.jpg\",\"datePublished\":\"2021-08-10T08:48:00+00:00\",\"author\":{\"@id\":\"https:\\\/\\\/akunq.net\\\/tr\\\/#\\\/schema\\\/person\\\/096f1d38a12cce57fb855b485ed24c9e\"},\"breadcrumb\":{\"@id\":\"https:\\\/\\\/akunq.net\\\/tr\\\/?p=64152#breadcrumb\"},\"inLanguage\":\"en-US\",\"potentialAction\":[{\"@type\":\"ReadAction\",\"target\":[\"https:\\\/\\\/akunq.net\\\/tr\\\/?p=64152\"]}]},{\"@type\":\"ImageObject\",\"inLanguage\":\"en-US\",\"@id\":\"https:\\\/\\\/akunq.net\\\/tr\\\/?p=64152#primaryimage\",\"url\":\"https:\\\/\\\/akunq.net\\\/tr\\\/wp-content\\\/uploads\\\/sites\\\/6\\\/2021\\\/08\\\/G\u00f6k\u00e7eada\u2019dan-\u00e7al\u0131nan-tarihi-k\u00fclt\u00fcr-varl\u0131klar\u0131.jpg\",\"contentUrl\":\"https:\\\/\\\/akunq.net\\\/tr\\\/wp-content\\\/uploads\\\/sites\\\/6\\\/2021\\\/08\\\/G\u00f6k\u00e7eada\u2019dan-\u00e7al\u0131nan-tarihi-k\u00fclt\u00fcr-varl\u0131klar\u0131.jpg\",\"width\":864,\"height\":486},{\"@type\":\"BreadcrumbList\",\"@id\":\"https:\\\/\\\/akunq.net\\\/tr\\\/?p=64152#breadcrumb\",\"itemListElement\":[{\"@type\":\"ListItem\",\"position\":1,\"name\":\"Home\",\"item\":\"https:\\\/\\\/akunq.net\\\/tr\"},{\"@type\":\"ListItem\",\"position\":2,\"name\":\"G\u00f6k\u00e7eada\u2019dan \u00e7al\u0131nan tarihi k\u00fclt\u00fcr varl\u0131klar\u0131, Fener Rum Patri\u011fi Bartholomeos\u2019a takdim edilecek\"}]},{\"@type\":\"WebSite\",\"@id\":\"https:\\\/\\\/akunq.net\\\/tr\\\/#website\",\"url\":\"https:\\\/\\\/akunq.net\\\/tr\\\/\",\"name\":\"Bati Ermenistan Ve Bati Ermenileri Sorunlari Ara\u015ftirmalar Merkezi\",\"description\":\"\",\"potentialAction\":[{\"@type\":\"SearchAction\",\"target\":{\"@type\":\"EntryPoint\",\"urlTemplate\":\"https:\\\/\\\/akunq.net\\\/tr\\\/?s={search_term_string}\"},\"query-input\":{\"@type\":\"PropertyValueSpecification\",\"valueRequired\":true,\"valueName\":\"search_term_string\"}}],\"inLanguage\":\"en-US\"},{\"@type\":\"Person\",\"@id\":\"https:\\\/\\\/akunq.net\\\/tr\\\/#\\\/schema\\\/person\\\/096f1d38a12cce57fb855b485ed24c9e\",\"name\":\"admin\",\"url\":\"https:\\\/\\\/akunq.net\\\/tr\\\/?author=7\"}]}<\/script>\n<!-- \/ Yoast SEO plugin. -->","yoast_head_json":{"title":"G\u00f6k\u00e7eada\u2019dan \u00e7al\u0131nan tarihi k\u00fclt\u00fcr varl\u0131klar\u0131, Fener Rum Patri\u011fi Bartholomeos\u2019a takdim edilecek - Bati Ermenistan Ve Bati Ermenileri Sorunlari Ara\u015ftirmalar Merkezi","robots":{"index":"index","follow":"follow","max-snippet":"max-snippet:-1","max-image-preview":"max-image-preview:large","max-video-preview":"max-video-preview:-1"},"canonical":"https:\/\/akunq.net\/tr\/?p=64152","og_locale":"en_US","og_type":"article","og_title":"G\u00f6k\u00e7eada\u2019dan \u00e7al\u0131nan tarihi k\u00fclt\u00fcr varl\u0131klar\u0131, Fener Rum Patri\u011fi Bartholomeos\u2019a takdim edilecek - Bati Ermenistan Ve Bati Ermenileri Sorunlari Ara\u015ftirmalar Merkezi","og_description":"K\u00fclt\u00fcr ve Turizm Bakan\u0131 Mehmet Nuri Ersoy, 2007\u2019de G\u00f6k\u00e7eada\u2019daki tarihi kiliselerden \u00e7al\u0131nan ikonalar\u0131, Fener Rum Patri\u011fi Bartholomeos\u2019a takdim edecek. Ay\u015fe \u015eensoy Boztepe K\u00fclt\u00fcr ve Turizm Bakanl\u0131\u011f\u0131ndan yap\u0131lan a\u00e7\u0131klamaya g\u00f6re, T\u00fcrkiye\u2019nin k\u00fclt\u00fcr varl\u0131klar\u0131na kar\u015f\u0131 dil, din ve \u0131rk ayr\u0131m\u0131 g\u00f6zetmeksizin g\u00f6sterdi\u011fi korumac\u0131l\u0131k anlay\u0131\u015f\u0131n\u0131n bir g\u00f6stergesi olarak, \u00e7al\u0131nan k\u00fclt\u00fcr varl\u0131klar\u0131n\u0131n teslimi sa\u011flanacak. Teslim edilecek 12 eser i\u00e7in [&hellip;]","og_url":"https:\/\/akunq.net\/tr\/?p=64152","og_site_name":"Bati Ermenistan Ve Bati Ermenileri Sorunlari Ara\u015ftirmalar Merkezi","article_published_time":"2021-08-10T08:48:00+00:00","og_image":[{"width":864,"height":486,"url":"https:\/\/akunq.net\/tr\/wp-content\/uploads\/sites\/6\/2021\/08\/G\u00f6k\u00e7eada\u2019dan-\u00e7al\u0131nan-tarihi-k\u00fclt\u00fcr-varl\u0131klar\u0131.jpg","type":"image\/jpeg"}],"author":"admin","twitter_card":"summary_large_image","twitter_misc":{"Written by":"admin","Est. reading time":"2 minutes"},"schema":{"@context":"https:\/\/schema.org","@graph":[{"@type":"Article","@id":"https:\/\/akunq.net\/tr\/?p=64152#article","isPartOf":{"@id":"https:\/\/akunq.net\/tr\/?p=64152"},"author":{"name":"admin","@id":"https:\/\/akunq.net\/tr\/#\/schema\/person\/096f1d38a12cce57fb855b485ed24c9e"},"headline":"G\u00f6k\u00e7eada\u2019dan \u00e7al\u0131nan tarihi k\u00fclt\u00fcr varl\u0131klar\u0131, Fener Rum Patri\u011fi Bartholomeos\u2019a takdim edilecek","datePublished":"2021-08-10T08:48:00+00:00","mainEntityOfPage":{"@id":"https:\/\/akunq.net\/tr\/?p=64152"},"wordCount":371,"commentCount":0,"image":{"@id":"https:\/\/akunq.net\/tr\/?p=64152#primaryimage"},"thumbnailUrl":"https:\/\/akunq.net\/tr\/wp-content\/uploads\/sites\/6\/2021\/08\/G\u00f6k\u00e7eada\u2019dan-\u00e7al\u0131nan-tarihi-k\u00fclt\u00fcr-varl\u0131klar\u0131.jpg","articleSection":["Haberler"],"inLanguage":"en-US","potentialAction":[{"@type":"CommentAction","name":"Comment","target":["https:\/\/akunq.net\/tr\/?p=64152#respond"]}]},{"@type":"WebPage","@id":"https:\/\/akunq.net\/tr\/?p=64152","url":"https:\/\/akunq.net\/tr\/?p=64152","name":"G\u00f6k\u00e7eada\u2019dan \u00e7al\u0131nan tarihi k\u00fclt\u00fcr varl\u0131klar\u0131, Fener Rum Patri\u011fi Bartholomeos\u2019a takdim edilecek - Bati Ermenistan Ve Bati Ermenileri Sorunlari Ara\u015ftirmalar Merkezi","isPartOf":{"@id":"https:\/\/akunq.net\/tr\/#website"},"primaryImageOfPage":{"@id":"https:\/\/akunq.net\/tr\/?p=64152#primaryimage"},"image":{"@id":"https:\/\/akunq.net\/tr\/?p=64152#primaryimage"},"thumbnailUrl":"https:\/\/akunq.net\/tr\/wp-content\/uploads\/sites\/6\/2021\/08\/G\u00f6k\u00e7eada\u2019dan-\u00e7al\u0131nan-tarihi-k\u00fclt\u00fcr-varl\u0131klar\u0131.jpg","datePublished":"2021-08-10T08:48:00+00:00","author":{"@id":"https:\/\/akunq.net\/tr\/#\/schema\/person\/096f1d38a12cce57fb855b485ed24c9e"},"breadcrumb":{"@id":"https:\/\/akunq.net\/tr\/?p=64152#breadcrumb"},"inLanguage":"en-US","potentialAction":[{"@type":"ReadAction","target":["https:\/\/akunq.net\/tr\/?p=64152"]}]},{"@type":"ImageObject","inLanguage":"en-US","@id":"https:\/\/akunq.net\/tr\/?p=64152#primaryimage","url":"https:\/\/akunq.net\/tr\/wp-content\/uploads\/sites\/6\/2021\/08\/G\u00f6k\u00e7eada\u2019dan-\u00e7al\u0131nan-tarihi-k\u00fclt\u00fcr-varl\u0131klar\u0131.jpg","contentUrl":"https:\/\/akunq.net\/tr\/wp-content\/uploads\/sites\/6\/2021\/08\/G\u00f6k\u00e7eada\u2019dan-\u00e7al\u0131nan-tarihi-k\u00fclt\u00fcr-varl\u0131klar\u0131.jpg","width":864,"height":486},{"@type":"BreadcrumbList","@id":"https:\/\/akunq.net\/tr\/?p=64152#breadcrumb","itemListElement":[{"@type":"ListItem","position":1,"name":"Home","item":"https:\/\/akunq.net\/tr"},{"@type":"ListItem","position":2,"name":"G\u00f6k\u00e7eada\u2019dan \u00e7al\u0131nan tarihi k\u00fclt\u00fcr varl\u0131klar\u0131, Fener Rum Patri\u011fi Bartholomeos\u2019a takdim edilecek"}]},{"@type":"WebSite","@id":"https:\/\/akunq.net\/tr\/#website","url":"https:\/\/akunq.net\/tr\/","name":"Bati Ermenistan Ve Bati Ermenileri Sorunlari Ara\u015ftirmalar Merkezi","description":"","potentialAction":[{"@type":"SearchAction","target":{"@type":"EntryPoint","urlTemplate":"https:\/\/akunq.net\/tr\/?s={search_term_string}"},"query-input":{"@type":"PropertyValueSpecification","valueRequired":true,"valueName":"search_term_string"}}],"inLanguage":"en-US"},{"@type":"Person","@id":"https:\/\/akunq.net\/tr\/#\/schema\/person\/096f1d38a12cce57fb855b485ed24c9e","name":"admin","url":"https:\/\/akunq.net\/tr\/?author=7"}]}},"_links":{"self":[{"href":"https:\/\/akunq.net\/tr\/index.php?rest_route=\/wp\/v2\/posts\/64152","targetHints":{"allow":["GET"]}}],"collection":[{"href":"https:\/\/akunq.net\/tr\/index.php?rest_route=\/wp\/v2\/posts"}],"about":[{"href":"https:\/\/akunq.net\/tr\/index.php?rest_route=\/wp\/v2\/types\/post"}],"author":[{"embeddable":true,"href":"https:\/\/akunq.net\/tr\/index.php?rest_route=\/wp\/v2\/users\/7"}],"replies":[{"embeddable":true,"href":"https:\/\/akunq.net\/tr\/index.php?rest_route=%2Fwp%2Fv2%2Fcomments&post=64152"}],"version-history":[{"count":1,"href":"https:\/\/akunq.net\/tr\/index.php?rest_route=\/wp\/v2\/posts\/64152\/revisions"}],"predecessor-version":[{"id":64154,"href":"https:\/\/akunq.net\/tr\/index.php?rest_route=\/wp\/v2\/posts\/64152\/revisions\/64154"}],"wp:featuredmedia":[{"embeddable":true,"href":"https:\/\/akunq.net\/tr\/index.php?rest_route=\/wp\/v2\/media\/64153"}],"wp:attachment":[{"href":"https:\/\/akunq.net\/tr\/index.php?rest_route=%2Fwp%2Fv2%2Fmedia&parent=64152"}],"wp:term":[{"taxonomy":"category","embeddable":true,"href":"https:\/\/akunq.net\/tr\/index.php?rest_route=%2Fwp%2Fv2%2Fcategories&post=64152"},{"taxonomy":"post_tag","embeddable":true,"href":"https:\/\/akunq.net\/tr\/index.php?rest_route=%2Fwp%2Fv2%2Ftags&post=64152"}],"curies":[{"name":"wp","href":"https:\/\/api.w.org\/{rel}","templated":true}]}}