{"id":64149,"date":"2021-08-10T02:58:34","date_gmt":"2021-08-10T07:58:34","guid":{"rendered":"https:\/\/akunq.net\/tr\/?p=64149"},"modified":"2021-08-10T02:58:34","modified_gmt":"2021-08-10T07:58:34","slug":"metropolitten-baskan-gurkana-tashoran-tesekkuru","status":"publish","type":"post","link":"https:\/\/akunq.net\/tr\/?p=64149","title":{"rendered":"Metropolit\u2019ten Ba\u015fkan G\u00fcrkan\u2019a Ta\u015fhoran Te\u015fekk\u00fcr\u00fc"},"content":{"rendered":"<p><img loading=\"lazy\" decoding=\"async\" class=\"aligncenter size-medium wp-image-64150\" src=\"https:\/\/akunq.net\/tr\/wp-content\/uploads\/2021\/08\/Metropolit-Ba\u015fkan-G\u00fcrkan-360x240.jpeg\" alt=\"\" width=\"360\" height=\"240\" srcset=\"https:\/\/akunq.net\/tr\/wp-content\/uploads\/sites\/6\/2021\/08\/Metropolit-Ba\u015fkan-G\u00fcrkan-360x240.jpeg 360w, https:\/\/akunq.net\/tr\/wp-content\/uploads\/sites\/6\/2021\/08\/Metropolit-Ba\u015fkan-G\u00fcrkan-560x373.jpeg 560w, https:\/\/akunq.net\/tr\/wp-content\/uploads\/sites\/6\/2021\/08\/Metropolit-Ba\u015fkan-G\u00fcrkan-260x173.jpeg 260w, https:\/\/akunq.net\/tr\/wp-content\/uploads\/sites\/6\/2021\/08\/Metropolit-Ba\u015fkan-G\u00fcrkan-160x107.jpeg 160w, https:\/\/akunq.net\/tr\/wp-content\/uploads\/sites\/6\/2021\/08\/Metropolit-Ba\u015fkan-G\u00fcrkan.jpeg 680w\" sizes=\"auto, (max-width: 360px) 100vw, 360px\" \/><\/p>\n<p><em><strong>Ad\u0131yaman ve \u00c7evre \u0130ller Metropoliti ve Patrik Vekili \u011eri\u011foriyos Melki \u00dcrek, Malatya\u2019da bulunan ve restorasyon \u00e7al\u0131\u015fmalar\u0131 tamamlanan Ta\u015fhoran Kilisesinde yap\u0131lan \u00e7al\u0131\u015fmalardan dolay\u0131 Malatya B\u00fcy\u00fck\u015fehir Belediye Ba\u015fkan\u0131 Selahattin G\u00fcrkan\u2019a te\u015fekk\u00fcr ziyaretinde bulundu.<\/strong><\/em><\/p>\n<p>Malatya\u2019da bulunan tarihi ve k\u00fclt\u00fcrel miraslar\u0131 evrensel hale getirmek i\u00e7in g\u00f6reve geldi\u011fi ilk g\u00fcnden itibaren \u00e7al\u0131\u015fmalar\u0131n\u0131 yo\u011fun bir \u015fekilde s\u00fcrd\u00fcren Malatya B\u00fcy\u00fck\u015fehir Belediye Ba\u015fkan\u0131 Selahattin G\u00fcrkan, giri\u015fimleri ve yapt\u0131\u011f\u0131 \u00e7al\u0131\u015fmalar\u0131 neticesinde UNESCO D\u00fcnya K\u00fclt\u00fcrel Miras\u0131 Listesine al\u0131nan Arslantepe H\u00f6y\u00fc\u011f\u00fc\u2019n\u00fcn ard\u0131ndan bir ba\u015fka tarihi eseri daha gelecek nesillere ta\u015f\u0131yor.<\/p>\n<p>1893 y\u0131l\u0131nda \u00c7avu\u015fo\u011flu mahallesinde yap\u0131lan ve y\u0131llard\u0131r kendi haline terk edilen Ta\u015fhoran Kilisesinde restorasyon \u00e7al\u0131\u015fmalar\u0131n\u0131 tamamlayan B\u00fcy\u00fck\u015fehir Belediyesi, Ta\u015fhoran Kilisesini k\u00fclt\u00fcr merkezi ve kilise olarak hizmete a\u00e7acak. Ta\u015fhoran Kilisesinde yap\u0131lan \u00e7al\u0131\u015fmalardan dolay\u0131 S\u00fcryani ve Ermeni vatanda\u015flar taraf\u0131ndan takdir edilen Ba\u015fkan G\u00fcrkan\u2019a, Ad\u0131yaman ve \u00c7evre \u0130ller Metropoliti ve Patrik Vekili \u011eri\u011foriyos Melki \u00dcrek\u2019te te\u015fekk\u00fcr ziyaretinde bulundu.<\/p>\n<p><strong>BA\u015eKAN G\u00dcRKAN\u2019IN K\u0130L\u0130SEYE VERD\u0130\u011e\u0130 \u00d6NEM B\u0130Z\u0130M \u0130\u00c7\u0130N ONUR VER\u0130C\u0130<\/strong><\/p>\n<p>Beraberindeki heyetle birlikte Ba\u015fkan G\u00fcrkan\u2019\u0131 ziyaret eden Ad\u0131yaman ve \u00c7evre \u0130ller Metropoliti ve Patrik Vekili \u011eri\u011foriyos Melki \u00dcrek, Ta\u015fhoran Kilisesindeki \u00e7al\u0131\u015fmalar\u0131 yapan ve yakinen takip eden Ba\u015fkan G\u00fcrkan\u2019a H\u0131ristiyan camias\u0131na verdi\u011fi \u00f6nemden dolay\u0131 te\u015fekk\u00fcr etti. Metropolit \u011eri\u011foriyos Melki \u00dcrek ziyarette yapt\u0131\u011f\u0131 a\u00e7\u0131klamada, \u201cSelahattin Ba\u015fkan\u0131n bizleri kabul\u00fc ve yapt\u0131\u011f\u0131 \u00e7al\u0131\u015fmalar\u0131ndan dolay\u0131 kendilerine te\u015fekk\u00fcr ediyoruz. 100 y\u0131lda bu yana Malatya B\u00fcy\u00fck\u015fehir Belediyesi\u2019ni ziyaret eden belki de S\u00fcryani Kadim ruhani ilk din adam\u0131y\u0131m. Bir arada olman\u0131n mutlulu\u011funu ya\u015f\u0131yoruz. Say\u0131n Ba\u015fkana, \u00c7avu\u015fo\u011flu mahallesinde bulunan kiliseye restorasyonu i\u00e7in verdikleri \u00f6nem i\u00e7in te\u015fekk\u00fcr ediyorum. Bu bizim i\u00e7in onur verici bir \u015feydir. Malatya\u2019da bulunan hem S\u00fcryani hem de Ermeni ailelerimizin b\u00f6yle bir yap\u0131n\u0131n tekrardan restore edilmesinden dolay\u0131 duyduklar\u0131 huzur ve mutluluktan dolay\u0131 bizde Malatya\u2019day\u0131z. Bunu da dile getirmeye \u00e7al\u0131\u015f\u0131yoruz.<\/p>\n<p>T\u00fcrkiye\u2019de ister S\u00fcryanilerin ister Ermenilerin olsun ya da ba\u015fka topluluklar\u0131n kiliseleri olsun restorasyonlar\u0131n\u0131n ba\u015flama s\u00fcreci Say\u0131n Cumhurba\u015fkan\u0131m\u0131z\u0131n zaman\u0131nda ba\u015flad\u0131. \u00d6zellikle Say\u0131n Cumhurba\u015fkan\u0131m\u0131z\u0131n te\u015fekk\u00fcr\u00fc i\u00e7imizde sakl\u0131d\u0131r. Bunun her f\u0131rsatta ve her platformda dile getiriyoruz. Biz Say\u0131n Cumhurba\u015fkan\u0131m\u0131z\u0131n zaman\u0131nda yer yer kiliselerimizin, manast\u0131rlar\u0131m\u0131z\u0131n bak\u0131ma al\u0131nd\u0131\u011f\u0131n\u0131 ve eski \u00e7ehresine kavu\u015fturma \u00e7abas\u0131 \u015fuan ki h\u00fck\u00fcmet zaman\u0131nda ba\u015flam\u0131\u015ft\u0131r. Say\u0131n Cumhurba\u015fkan\u0131m\u0131za Malatya\u2019dan te\u015fekk\u00fcr ediyoruz. Malatya\u2019ya Ta\u015fhoran Kilisesi\u2019nin restorasyon \u00e7al\u0131\u015fmalar\u0131na te\u015fekk\u00fcr i\u00e7in geldik. Bu \u00e7al\u0131\u015fmalardan dolay\u0131 Say\u0131n Cumhurba\u015fkan\u0131m\u0131za, h\u00fck\u00fcmetimize ve Malatya B\u00fcy\u00fck\u015fehir Belediye Ba\u015fkan\u0131 Selahattin G\u00fcrkan\u2019a te\u015fekk\u00fcr ediyoruz\u201d ifadelerini kulland\u0131.<\/p>\n<p><strong>B\u0130Z\u0130M \u0130NANCIMIZ B\u00dcT\u00dcN \u0130NAN\u00c7LARA \u00d6NEM VEREN B\u0130R \u0130NAN\u00c7TIR<\/strong><\/p>\n<p>Ermeni cemaatiyle eskiden oldu\u011fu gibi birlik, beraberlik, dirlik ve d\u00fczen i\u00e7erisinde, herkesin inand\u0131\u011f\u0131 de\u011ferler \u00fczerinde, bir ba\u015fkas\u0131n\u0131 rahats\u0131z etmeme temeli esas\u0131nda ya\u015famlar\u0131n\u0131 en g\u00fczel \u015fekilde s\u00fcrd\u00fcrmelerini \u00f6nemsediklerini dile getiren Ba\u015fkan G\u00fcrkan, \u201cBizim inanc\u0131m\u0131z b\u00fct\u00fcn inan\u00e7lara de\u011fer veren bir inan\u00e7t\u0131r. Bakara Suresinin ilk ayetinde derki; \u201cElif-lam-mim. Kendisinden \u015f\u00fcphe olmayan bu kitap, muttakiler i\u00e7in bir hidayet kayna\u011f\u0131 ve yol g\u00f6stericidir. O muttakiler ki gaybe inan\u0131rlar, namaz k\u0131larlar ve kendilerine verdi\u011fimiz mallardan zek\u00e2t verirler. Ve onlar ki hem sana g\u00f6nderilene ve senden \u00f6nce g\u00f6nderilenlere iman ederler. Onlar rableri kat\u0131nda kurtulu\u015fa ermi\u015f olanlardand\u0131r\u201d diyor. Biz peygamberimize ve peygamberimizden \u00f6nceki peygamberlere de, onlara g\u00f6nderilen kitaplara da iman ediyoruz. \u0130man\u0131n \u015fartlar\u0131ndan bir tanesi de budur. Ermeni camias\u0131 da bizim yan\u0131m\u0131zda de\u011ferlidir. 26 A\u011fustos 1071\u2019de Malazgirt\u2019te Ermeniler Romen Diyojen\u2019in yan\u0131nda de\u011fil, Alparslan\u2019\u0131n ordusunun yan\u0131nda yer alarak Anadolu\u2019nun fetih s\u00fcrecinde milletimizle birlikte hareket etmi\u015flerdir. Ermeni cemaatiyle eskiden oldu\u011fu gibi birlik, beraberlik, dirlik ve d\u00fczen i\u00e7erisinde herkesin inand\u0131\u011f\u0131 de\u011ferler \u00fczerinde bir ba\u015fkas\u0131n\u0131 rahats\u0131z etmeme temeli esas\u0131nda buradaki ya\u015famlar\u0131n\u0131 en g\u00fczel \u015fekilde s\u00fcrd\u00fcrmeleridir\u201d dedi.<\/p>\n<p><strong>T\u00dcRK\u0130YE PAYDASINDA B\u0130RL\u0130KTE OLMAK \u0130\u00c7\u0130N GAYRET EDECE\u011e\u0130Z<\/strong><\/p>\n<p>G\u00f6reve geldikten sonra Ta\u015fhoran Kilisesinin restorasyon \u00e7al\u0131\u015fmalar\u0131n\u0131 ba\u015flatt\u0131klar\u0131n\u0131 ifade eden Ba\u015fkan G\u00fcrkan, \u201c Malatya\u2019da 1890 y\u0131llar\u0131nda yap\u0131lan Ermeni Kilisesi var. Kilise zaman i\u00e7erisinde ihmal edilmi\u015f ve restorasyona muhta\u00e7 hale getirilmi\u015f. Valili\u011fimiz ve K\u00fclt\u00fcr Turizm \u0130l M\u00fcd\u00fcrl\u00fc\u011f\u00fcm\u00fczle birlikte restorasyon projesini ve r\u00f6vyelerini \u00e7\u0131kartt\u0131k. Proje ilgili koruma kurulundan onaylanarak y\u00fcr\u00fcrl\u00fc\u011fe girdi. \u0130hale s\u00fcreci tamamland\u0131ktan sonra da restorasyon \u00e7al\u0131\u015fmalar\u0131 yap\u0131ld\u0131 ve bitirildi. Hakikaten g\u00fczel bir yap\u0131 ortaya \u00e7\u0131kt\u0131. K\u00fclt\u00fcr merkezi olarak da de\u011ferlendirilse, kilise olarak da de\u011ferlendirilse Malatya\u2019n\u0131n k\u00fclt\u00fcrel bir varl\u0131\u011f\u0131 olarak ya\u015fanm\u0131\u015fl\u0131klar\u0131n ve Malatya\u2019da ki inan\u00e7 de\u011ferlerinin \u00f6nemli bir manzume eseri olarak g\u00f6r\u00fcyoruz. Metropolit \u011eri\u011foriyos Melki \u00dcrek\u2019de bu anlamda bizlere te\u015fekk\u00fcr i\u00e7in geldiler ve bundan dolay\u0131 m\u00fcte\u015fekkir oldu\u011fumu ifade etmek istiyorum.\u201d diye konu\u015ftu.<\/p>\n<p><em><strong><a href=\"https:\/\/malatyasonsoz.com.tr\/metropolitten-baskan-gurkana-tashoran-tesekkuru-h375472.html\" data-type=\"URL\" data-id=\"https:\/\/malatyasonsoz.com.tr\/metropolitten-baskan-gurkana-tashoran-tesekkuru-h375472.html\">https:\/\/malatyasonsoz.com.tr\/metropolitten-baskan-gurkana-tashoran-tesekkuru-h375472.html<\/a><\/strong><\/em><\/p>\n","protected":false},"excerpt":{"rendered":"<p>Ad\u0131yaman ve \u00c7evre \u0130ller Metropoliti ve Patrik Vekili \u011eri\u011foriyos Melki \u00dcrek, Malatya\u2019da bulunan ve restorasyon \u00e7al\u0131\u015fmalar\u0131 tamamlanan Ta\u015fhoran Kilisesinde yap\u0131lan \u00e7al\u0131\u015fmalardan dolay\u0131 Malatya B\u00fcy\u00fck\u015fehir Belediye Ba\u015fkan\u0131 Selahattin G\u00fcrkan\u2019a te\u015fekk\u00fcr ziyaretinde bulundu. Malatya\u2019da bulunan tarihi ve k\u00fclt\u00fcrel miraslar\u0131 evrensel hale getirmek i\u00e7in g\u00f6reve geldi\u011fi ilk g\u00fcnden itibaren \u00e7al\u0131\u015fmalar\u0131n\u0131 yo\u011fun bir \u015fekilde s\u00fcrd\u00fcren Malatya B\u00fcy\u00fck\u015fehir Belediye Ba\u015fkan\u0131 [&hellip;]<\/p>\n","protected":false},"author":7,"featured_media":64150,"comment_status":"open","ping_status":"open","sticky":false,"template":"","format":"standard","meta":{"footnotes":""},"categories":[22,1],"tags":[],"class_list":["post-64149","post","type-post","status-publish","format-standard","has-post-thumbnail","hentry","category-gunumuzde-bati-ermenistan","category-haberler"],"yoast_head":"<!-- This site is optimized with the Yoast SEO plugin v27.4 - https:\/\/yoast.com\/product\/yoast-seo-wordpress\/ -->\n<title>Metropolit\u2019ten Ba\u015fkan G\u00fcrkan\u2019a Ta\u015fhoran Te\u015fekk\u00fcr\u00fc - Bati Ermenistan Ve Bati Ermenileri Sorunlari Ara\u015ftirmalar Merkezi<\/title>\n<meta name=\"robots\" content=\"index, follow, max-snippet:-1, max-image-preview:large, max-video-preview:-1\" \/>\n<link rel=\"canonical\" href=\"https:\/\/akunq.net\/tr\/?p=64149\" \/>\n<meta property=\"og:locale\" content=\"en_US\" \/>\n<meta property=\"og:type\" content=\"article\" \/>\n<meta property=\"og:title\" content=\"Metropolit\u2019ten Ba\u015fkan G\u00fcrkan\u2019a Ta\u015fhoran Te\u015fekk\u00fcr\u00fc - Bati Ermenistan Ve Bati Ermenileri Sorunlari Ara\u015ftirmalar Merkezi\" \/>\n<meta property=\"og:description\" content=\"Ad\u0131yaman ve \u00c7evre \u0130ller Metropoliti ve Patrik Vekili \u011eri\u011foriyos Melki \u00dcrek, Malatya\u2019da bulunan ve restorasyon \u00e7al\u0131\u015fmalar\u0131 tamamlanan Ta\u015fhoran Kilisesinde yap\u0131lan \u00e7al\u0131\u015fmalardan dolay\u0131 Malatya B\u00fcy\u00fck\u015fehir Belediye Ba\u015fkan\u0131 Selahattin G\u00fcrkan\u2019a te\u015fekk\u00fcr ziyaretinde bulundu. Malatya\u2019da bulunan tarihi ve k\u00fclt\u00fcrel miraslar\u0131 evrensel hale getirmek i\u00e7in g\u00f6reve geldi\u011fi ilk g\u00fcnden itibaren \u00e7al\u0131\u015fmalar\u0131n\u0131 yo\u011fun bir \u015fekilde s\u00fcrd\u00fcren Malatya B\u00fcy\u00fck\u015fehir Belediye Ba\u015fkan\u0131 [&hellip;]\" \/>\n<meta property=\"og:url\" content=\"https:\/\/akunq.net\/tr\/?p=64149\" \/>\n<meta property=\"og:site_name\" content=\"Bati Ermenistan Ve Bati Ermenileri Sorunlari Ara\u015ftirmalar Merkezi\" \/>\n<meta property=\"article:published_time\" content=\"2021-08-10T07:58:34+00:00\" \/>\n<meta property=\"og:image\" content=\"https:\/\/akunq.net\/tr\/wp-content\/uploads\/sites\/6\/2021\/08\/Metropolit-Ba\u015fkan-G\u00fcrkan.jpeg\" \/>\n\t<meta property=\"og:image:width\" content=\"680\" \/>\n\t<meta property=\"og:image:height\" content=\"453\" \/>\n\t<meta property=\"og:image:type\" content=\"image\/jpeg\" \/>\n<meta name=\"author\" content=\"admin\" \/>\n<meta name=\"twitter:card\" content=\"summary_large_image\" \/>\n<meta name=\"twitter:label1\" content=\"Written by\" \/>\n\t<meta name=\"twitter:data1\" content=\"admin\" \/>\n\t<meta name=\"twitter:label2\" content=\"Est. reading time\" \/>\n\t<meta name=\"twitter:data2\" content=\"5 minutes\" \/>\n<script type=\"application\/ld+json\" class=\"yoast-schema-graph\">{\"@context\":\"https:\\\/\\\/schema.org\",\"@graph\":[{\"@type\":\"Article\",\"@id\":\"https:\\\/\\\/akunq.net\\\/tr\\\/?p=64149#article\",\"isPartOf\":{\"@id\":\"https:\\\/\\\/akunq.net\\\/tr\\\/?p=64149\"},\"author\":{\"name\":\"admin\",\"@id\":\"https:\\\/\\\/akunq.net\\\/tr\\\/#\\\/schema\\\/person\\\/096f1d38a12cce57fb855b485ed24c9e\"},\"headline\":\"Metropolit\u2019ten Ba\u015fkan G\u00fcrkan\u2019a Ta\u015fhoran Te\u015fekk\u00fcr\u00fc\",\"datePublished\":\"2021-08-10T07:58:34+00:00\",\"mainEntityOfPage\":{\"@id\":\"https:\\\/\\\/akunq.net\\\/tr\\\/?p=64149\"},\"wordCount\":992,\"commentCount\":0,\"image\":{\"@id\":\"https:\\\/\\\/akunq.net\\\/tr\\\/?p=64149#primaryimage\"},\"thumbnailUrl\":\"https:\\\/\\\/akunq.net\\\/tr\\\/wp-content\\\/uploads\\\/sites\\\/6\\\/2021\\\/08\\\/Metropolit-Ba\u015fkan-G\u00fcrkan.jpeg\",\"articleSection\":[\"G\u00fcn\u00fcm\u00fczde Bat\u0131 Ermenistan\",\"Haberler\"],\"inLanguage\":\"en-US\",\"potentialAction\":[{\"@type\":\"CommentAction\",\"name\":\"Comment\",\"target\":[\"https:\\\/\\\/akunq.net\\\/tr\\\/?p=64149#respond\"]}]},{\"@type\":\"WebPage\",\"@id\":\"https:\\\/\\\/akunq.net\\\/tr\\\/?p=64149\",\"url\":\"https:\\\/\\\/akunq.net\\\/tr\\\/?p=64149\",\"name\":\"Metropolit\u2019ten Ba\u015fkan G\u00fcrkan\u2019a Ta\u015fhoran Te\u015fekk\u00fcr\u00fc - Bati Ermenistan Ve Bati Ermenileri Sorunlari Ara\u015ftirmalar Merkezi\",\"isPartOf\":{\"@id\":\"https:\\\/\\\/akunq.net\\\/tr\\\/#website\"},\"primaryImageOfPage\":{\"@id\":\"https:\\\/\\\/akunq.net\\\/tr\\\/?p=64149#primaryimage\"},\"image\":{\"@id\":\"https:\\\/\\\/akunq.net\\\/tr\\\/?p=64149#primaryimage\"},\"thumbnailUrl\":\"https:\\\/\\\/akunq.net\\\/tr\\\/wp-content\\\/uploads\\\/sites\\\/6\\\/2021\\\/08\\\/Metropolit-Ba\u015fkan-G\u00fcrkan.jpeg\",\"datePublished\":\"2021-08-10T07:58:34+00:00\",\"author\":{\"@id\":\"https:\\\/\\\/akunq.net\\\/tr\\\/#\\\/schema\\\/person\\\/096f1d38a12cce57fb855b485ed24c9e\"},\"breadcrumb\":{\"@id\":\"https:\\\/\\\/akunq.net\\\/tr\\\/?p=64149#breadcrumb\"},\"inLanguage\":\"en-US\",\"potentialAction\":[{\"@type\":\"ReadAction\",\"target\":[\"https:\\\/\\\/akunq.net\\\/tr\\\/?p=64149\"]}]},{\"@type\":\"ImageObject\",\"inLanguage\":\"en-US\",\"@id\":\"https:\\\/\\\/akunq.net\\\/tr\\\/?p=64149#primaryimage\",\"url\":\"https:\\\/\\\/akunq.net\\\/tr\\\/wp-content\\\/uploads\\\/sites\\\/6\\\/2021\\\/08\\\/Metropolit-Ba\u015fkan-G\u00fcrkan.jpeg\",\"contentUrl\":\"https:\\\/\\\/akunq.net\\\/tr\\\/wp-content\\\/uploads\\\/sites\\\/6\\\/2021\\\/08\\\/Metropolit-Ba\u015fkan-G\u00fcrkan.jpeg\",\"width\":680,\"height\":453},{\"@type\":\"BreadcrumbList\",\"@id\":\"https:\\\/\\\/akunq.net\\\/tr\\\/?p=64149#breadcrumb\",\"itemListElement\":[{\"@type\":\"ListItem\",\"position\":1,\"name\":\"Home\",\"item\":\"https:\\\/\\\/akunq.net\\\/tr\"},{\"@type\":\"ListItem\",\"position\":2,\"name\":\"Metropolit\u2019ten Ba\u015fkan G\u00fcrkan\u2019a Ta\u015fhoran Te\u015fekk\u00fcr\u00fc\"}]},{\"@type\":\"WebSite\",\"@id\":\"https:\\\/\\\/akunq.net\\\/tr\\\/#website\",\"url\":\"https:\\\/\\\/akunq.net\\\/tr\\\/\",\"name\":\"Bati Ermenistan Ve Bati Ermenileri Sorunlari Ara\u015ftirmalar Merkezi\",\"description\":\"\",\"potentialAction\":[{\"@type\":\"SearchAction\",\"target\":{\"@type\":\"EntryPoint\",\"urlTemplate\":\"https:\\\/\\\/akunq.net\\\/tr\\\/?s={search_term_string}\"},\"query-input\":{\"@type\":\"PropertyValueSpecification\",\"valueRequired\":true,\"valueName\":\"search_term_string\"}}],\"inLanguage\":\"en-US\"},{\"@type\":\"Person\",\"@id\":\"https:\\\/\\\/akunq.net\\\/tr\\\/#\\\/schema\\\/person\\\/096f1d38a12cce57fb855b485ed24c9e\",\"name\":\"admin\",\"url\":\"https:\\\/\\\/akunq.net\\\/tr\\\/?author=7\"}]}<\/script>\n<!-- \/ Yoast SEO plugin. -->","yoast_head_json":{"title":"Metropolit\u2019ten Ba\u015fkan G\u00fcrkan\u2019a Ta\u015fhoran Te\u015fekk\u00fcr\u00fc - Bati Ermenistan Ve Bati Ermenileri Sorunlari Ara\u015ftirmalar Merkezi","robots":{"index":"index","follow":"follow","max-snippet":"max-snippet:-1","max-image-preview":"max-image-preview:large","max-video-preview":"max-video-preview:-1"},"canonical":"https:\/\/akunq.net\/tr\/?p=64149","og_locale":"en_US","og_type":"article","og_title":"Metropolit\u2019ten Ba\u015fkan G\u00fcrkan\u2019a Ta\u015fhoran Te\u015fekk\u00fcr\u00fc - Bati Ermenistan Ve Bati Ermenileri Sorunlari Ara\u015ftirmalar Merkezi","og_description":"Ad\u0131yaman ve \u00c7evre \u0130ller Metropoliti ve Patrik Vekili \u011eri\u011foriyos Melki \u00dcrek, Malatya\u2019da bulunan ve restorasyon \u00e7al\u0131\u015fmalar\u0131 tamamlanan Ta\u015fhoran Kilisesinde yap\u0131lan \u00e7al\u0131\u015fmalardan dolay\u0131 Malatya B\u00fcy\u00fck\u015fehir Belediye Ba\u015fkan\u0131 Selahattin G\u00fcrkan\u2019a te\u015fekk\u00fcr ziyaretinde bulundu. Malatya\u2019da bulunan tarihi ve k\u00fclt\u00fcrel miraslar\u0131 evrensel hale getirmek i\u00e7in g\u00f6reve geldi\u011fi ilk g\u00fcnden itibaren \u00e7al\u0131\u015fmalar\u0131n\u0131 yo\u011fun bir \u015fekilde s\u00fcrd\u00fcren Malatya B\u00fcy\u00fck\u015fehir Belediye Ba\u015fkan\u0131 [&hellip;]","og_url":"https:\/\/akunq.net\/tr\/?p=64149","og_site_name":"Bati Ermenistan Ve Bati Ermenileri Sorunlari Ara\u015ftirmalar Merkezi","article_published_time":"2021-08-10T07:58:34+00:00","og_image":[{"width":680,"height":453,"url":"https:\/\/akunq.net\/tr\/wp-content\/uploads\/sites\/6\/2021\/08\/Metropolit-Ba\u015fkan-G\u00fcrkan.jpeg","type":"image\/jpeg"}],"author":"admin","twitter_card":"summary_large_image","twitter_misc":{"Written by":"admin","Est. reading time":"5 minutes"},"schema":{"@context":"https:\/\/schema.org","@graph":[{"@type":"Article","@id":"https:\/\/akunq.net\/tr\/?p=64149#article","isPartOf":{"@id":"https:\/\/akunq.net\/tr\/?p=64149"},"author":{"name":"admin","@id":"https:\/\/akunq.net\/tr\/#\/schema\/person\/096f1d38a12cce57fb855b485ed24c9e"},"headline":"Metropolit\u2019ten Ba\u015fkan G\u00fcrkan\u2019a Ta\u015fhoran Te\u015fekk\u00fcr\u00fc","datePublished":"2021-08-10T07:58:34+00:00","mainEntityOfPage":{"@id":"https:\/\/akunq.net\/tr\/?p=64149"},"wordCount":992,"commentCount":0,"image":{"@id":"https:\/\/akunq.net\/tr\/?p=64149#primaryimage"},"thumbnailUrl":"https:\/\/akunq.net\/tr\/wp-content\/uploads\/sites\/6\/2021\/08\/Metropolit-Ba\u015fkan-G\u00fcrkan.jpeg","articleSection":["G\u00fcn\u00fcm\u00fczde Bat\u0131 Ermenistan","Haberler"],"inLanguage":"en-US","potentialAction":[{"@type":"CommentAction","name":"Comment","target":["https:\/\/akunq.net\/tr\/?p=64149#respond"]}]},{"@type":"WebPage","@id":"https:\/\/akunq.net\/tr\/?p=64149","url":"https:\/\/akunq.net\/tr\/?p=64149","name":"Metropolit\u2019ten Ba\u015fkan G\u00fcrkan\u2019a Ta\u015fhoran Te\u015fekk\u00fcr\u00fc - Bati Ermenistan Ve Bati Ermenileri Sorunlari Ara\u015ftirmalar Merkezi","isPartOf":{"@id":"https:\/\/akunq.net\/tr\/#website"},"primaryImageOfPage":{"@id":"https:\/\/akunq.net\/tr\/?p=64149#primaryimage"},"image":{"@id":"https:\/\/akunq.net\/tr\/?p=64149#primaryimage"},"thumbnailUrl":"https:\/\/akunq.net\/tr\/wp-content\/uploads\/sites\/6\/2021\/08\/Metropolit-Ba\u015fkan-G\u00fcrkan.jpeg","datePublished":"2021-08-10T07:58:34+00:00","author":{"@id":"https:\/\/akunq.net\/tr\/#\/schema\/person\/096f1d38a12cce57fb855b485ed24c9e"},"breadcrumb":{"@id":"https:\/\/akunq.net\/tr\/?p=64149#breadcrumb"},"inLanguage":"en-US","potentialAction":[{"@type":"ReadAction","target":["https:\/\/akunq.net\/tr\/?p=64149"]}]},{"@type":"ImageObject","inLanguage":"en-US","@id":"https:\/\/akunq.net\/tr\/?p=64149#primaryimage","url":"https:\/\/akunq.net\/tr\/wp-content\/uploads\/sites\/6\/2021\/08\/Metropolit-Ba\u015fkan-G\u00fcrkan.jpeg","contentUrl":"https:\/\/akunq.net\/tr\/wp-content\/uploads\/sites\/6\/2021\/08\/Metropolit-Ba\u015fkan-G\u00fcrkan.jpeg","width":680,"height":453},{"@type":"BreadcrumbList","@id":"https:\/\/akunq.net\/tr\/?p=64149#breadcrumb","itemListElement":[{"@type":"ListItem","position":1,"name":"Home","item":"https:\/\/akunq.net\/tr"},{"@type":"ListItem","position":2,"name":"Metropolit\u2019ten Ba\u015fkan G\u00fcrkan\u2019a Ta\u015fhoran Te\u015fekk\u00fcr\u00fc"}]},{"@type":"WebSite","@id":"https:\/\/akunq.net\/tr\/#website","url":"https:\/\/akunq.net\/tr\/","name":"Bati Ermenistan Ve Bati Ermenileri Sorunlari Ara\u015ftirmalar Merkezi","description":"","potentialAction":[{"@type":"SearchAction","target":{"@type":"EntryPoint","urlTemplate":"https:\/\/akunq.net\/tr\/?s={search_term_string}"},"query-input":{"@type":"PropertyValueSpecification","valueRequired":true,"valueName":"search_term_string"}}],"inLanguage":"en-US"},{"@type":"Person","@id":"https:\/\/akunq.net\/tr\/#\/schema\/person\/096f1d38a12cce57fb855b485ed24c9e","name":"admin","url":"https:\/\/akunq.net\/tr\/?author=7"}]}},"_links":{"self":[{"href":"https:\/\/akunq.net\/tr\/index.php?rest_route=\/wp\/v2\/posts\/64149","targetHints":{"allow":["GET"]}}],"collection":[{"href":"https:\/\/akunq.net\/tr\/index.php?rest_route=\/wp\/v2\/posts"}],"about":[{"href":"https:\/\/akunq.net\/tr\/index.php?rest_route=\/wp\/v2\/types\/post"}],"author":[{"embeddable":true,"href":"https:\/\/akunq.net\/tr\/index.php?rest_route=\/wp\/v2\/users\/7"}],"replies":[{"embeddable":true,"href":"https:\/\/akunq.net\/tr\/index.php?rest_route=%2Fwp%2Fv2%2Fcomments&post=64149"}],"version-history":[{"count":1,"href":"https:\/\/akunq.net\/tr\/index.php?rest_route=\/wp\/v2\/posts\/64149\/revisions"}],"predecessor-version":[{"id":64151,"href":"https:\/\/akunq.net\/tr\/index.php?rest_route=\/wp\/v2\/posts\/64149\/revisions\/64151"}],"wp:featuredmedia":[{"embeddable":true,"href":"https:\/\/akunq.net\/tr\/index.php?rest_route=\/wp\/v2\/media\/64150"}],"wp:attachment":[{"href":"https:\/\/akunq.net\/tr\/index.php?rest_route=%2Fwp%2Fv2%2Fmedia&parent=64149"}],"wp:term":[{"taxonomy":"category","embeddable":true,"href":"https:\/\/akunq.net\/tr\/index.php?rest_route=%2Fwp%2Fv2%2Fcategories&post=64149"},{"taxonomy":"post_tag","embeddable":true,"href":"https:\/\/akunq.net\/tr\/index.php?rest_route=%2Fwp%2Fv2%2Ftags&post=64149"}],"curies":[{"name":"wp","href":"https:\/\/api.w.org\/{rel}","templated":true}]}}