{"id":64143,"date":"2021-08-10T02:33:40","date_gmt":"2021-08-10T07:33:40","guid":{"rendered":"https:\/\/akunq.net\/tr\/?p=64143"},"modified":"2021-08-10T02:33:40","modified_gmt":"2021-08-10T07:33:40","slug":"ermenistan-parlamentosunda-suryani-soykirimi-kurbanlari-bir-dakikalik-saygi-durusuyla-anildi","status":"publish","type":"post","link":"https:\/\/akunq.net\/tr\/?p=64143","title":{"rendered":"Ermenistan Parlamentosu\u2019nda S\u00fcryani Soyk\u0131r\u0131m\u0131 kurbanlar\u0131 bir dakikal\u0131k sayg\u0131 duru\u015fuyla an\u0131ld\u0131"},"content":{"rendered":"<p><img loading=\"lazy\" decoding=\"async\" class=\"aligncenter size-medium wp-image-64144\" src=\"https:\/\/akunq.net\/tr\/wp-content\/uploads\/2021\/08\/Ermenistan-Parlamentosu\u2019nda-S\u00fcryani-Soyk\u0131r\u0131m\u0131-360x194.jpg\" alt=\"\" width=\"360\" height=\"194\" srcset=\"https:\/\/akunq.net\/tr\/wp-content\/uploads\/sites\/6\/2021\/08\/Ermenistan-Parlamentosu\u2019nda-S\u00fcryani-Soyk\u0131r\u0131m\u0131-360x194.jpg 360w, https:\/\/akunq.net\/tr\/wp-content\/uploads\/sites\/6\/2021\/08\/Ermenistan-Parlamentosu\u2019nda-S\u00fcryani-Soyk\u0131r\u0131m\u0131-560x302.jpg 560w, https:\/\/akunq.net\/tr\/wp-content\/uploads\/sites\/6\/2021\/08\/Ermenistan-Parlamentosu\u2019nda-S\u00fcryani-Soyk\u0131r\u0131m\u0131-260x140.jpg 260w, https:\/\/akunq.net\/tr\/wp-content\/uploads\/sites\/6\/2021\/08\/Ermenistan-Parlamentosu\u2019nda-S\u00fcryani-Soyk\u0131r\u0131m\u0131-160x86.jpg 160w, https:\/\/akunq.net\/tr\/wp-content\/uploads\/sites\/6\/2021\/08\/Ermenistan-Parlamentosu\u2019nda-S\u00fcryani-Soyk\u0131r\u0131m\u0131.jpg 650w\" sizes=\"auto, (max-width: 360px) 100vw, 360px\" \/><\/p>\n<p><strong><em>Ermenistan Parlamentosu milletvekilleri, S\u00fcryani (Asuri) Soyk\u0131r\u0131m\u0131 kurbanlar\u0131n\u0131n an\u0131s\u0131na bir dakikal\u0131k sayg\u0131 duru\u015funda bulundu.<\/em><\/strong><\/p>\n<p>\u201cErmenistan\u201d Partisi&#8217;nden milletvekili Zemfira Mirzoyeva, 7 A\u011fustos\u2019un S\u00fcryani Soyk\u0131r\u0131m\u0131&#8217;n\u0131 Anma G\u00fcn\u00fc oldu\u011funu kaydederek b\u00f6yle bir \u00f6neride bulundu.<\/p>\n<p>Birinci D\u00fcnya Sava\u015f\u0131 y\u0131llar\u0131nda Ermeniler ile birlikte Osmanl\u0131 \u0130mparatorlu\u011fu&#8217;ndaki di\u011fer Hristiyan az\u0131nl\u0131klar; Osmanl\u0131 Rumlar\u0131, S\u00fcryaniler (Asuriler) ve Yezidiler de Osmanl\u0131\u2019n\u0131n soyk\u0131r\u0131mc\u0131 politikas\u0131n\u0131n kurban\u0131 oldular.<\/p>\n<p>Haziran-Ekim aylar\u0131 1915 y\u0131l\u0131nda ger\u00e7ekle\u015fen S\u00fcryanilerin katliamlar\u0131 ve s\u00fcrg\u00fcnleri, \u00e7e\u015fitli kaynaklara g\u00f6re 500-750 bin can\u00a0ald\u0131.<\/p>\n<p>Hat\u0131rlanaca\u011f\u0131 \u00fczere 2007 y\u0131l\u0131nda Uluslararas\u0131 Soyk\u0131r\u0131m Bilginleri Derne\u011fi, Rumlar\u0131n ve S\u00fcryanilerin (Asurilerin) katliamlar\u0131 soyk\u0131r\u0131m olarak kabul etti.<\/p>\n<p>Bug\u00fcne kadar, eyalet h\u00fck\u00fcmetleri de dahil olmak \u00fczere bir\u00e7ok \u00fclke S\u00fcryani Soyk\u0131r\u0131m\u0131\u2019n\u0131 k\u0131nam\u0131\u015ft\u0131r.<\/p>\n<p>24 Mart 2015 tarihinde Ermenistan Parlamentosu\u2019nda da kabul edilen bir bildiriyle S\u00fcryanilerin Soyk\u0131r\u0131m\u0131 tan\u0131n\u0131p ve k\u0131nand\u0131.<\/p>\n<p><strong><em>https:\/\/www.ermenihaber.am\/tr\/news\/2021\/08\/09\/Ermenistan-S%C3%BCryani-Soyk%C4%B1r%C4%B1m%C4%B1\/213035\u00a0<\/em><\/strong><\/p>\n","protected":false},"excerpt":{"rendered":"<p>Ermenistan Parlamentosu milletvekilleri, S\u00fcryani (Asuri) Soyk\u0131r\u0131m\u0131 kurbanlar\u0131n\u0131n an\u0131s\u0131na bir dakikal\u0131k sayg\u0131 duru\u015funda bulundu. \u201cErmenistan\u201d Partisi&#8217;nden milletvekili Zemfira Mirzoyeva, 7 A\u011fustos\u2019un S\u00fcryani Soyk\u0131r\u0131m\u0131&#8217;n\u0131 Anma G\u00fcn\u00fc oldu\u011funu kaydederek b\u00f6yle bir \u00f6neride bulundu. Birinci D\u00fcnya Sava\u015f\u0131 y\u0131llar\u0131nda Ermeniler ile birlikte Osmanl\u0131 \u0130mparatorlu\u011fu&#8217;ndaki di\u011fer Hristiyan az\u0131nl\u0131klar; Osmanl\u0131 Rumlar\u0131, S\u00fcryaniler (Asuriler) ve Yezidiler de Osmanl\u0131\u2019n\u0131n soyk\u0131r\u0131mc\u0131 politikas\u0131n\u0131n kurban\u0131 oldular. Haziran-Ekim [&hellip;]<\/p>\n","protected":false},"author":7,"featured_media":64144,"comment_status":"open","ping_status":"open","sticky":false,"template":"","format":"standard","meta":{"footnotes":""},"categories":[1,53],"tags":[],"class_list":["post-64143","post","type-post","status-publish","format-standard","has-post-thumbnail","hentry","category-haberler","category-turkiyede-azinliklar"],"yoast_head":"<!-- This site is optimized with the Yoast SEO plugin v27.4 - https:\/\/yoast.com\/product\/yoast-seo-wordpress\/ -->\n<title>Ermenistan Parlamentosu\u2019nda S\u00fcryani Soyk\u0131r\u0131m\u0131 kurbanlar\u0131 bir dakikal\u0131k sayg\u0131 duru\u015fuyla an\u0131ld\u0131 - Bati Ermenistan Ve Bati Ermenileri Sorunlari Ara\u015ftirmalar Merkezi<\/title>\n<meta name=\"robots\" content=\"index, follow, max-snippet:-1, max-image-preview:large, max-video-preview:-1\" \/>\n<link rel=\"canonical\" href=\"https:\/\/akunq.net\/tr\/?p=64143\" \/>\n<meta property=\"og:locale\" content=\"en_US\" \/>\n<meta property=\"og:type\" content=\"article\" \/>\n<meta property=\"og:title\" content=\"Ermenistan Parlamentosu\u2019nda S\u00fcryani Soyk\u0131r\u0131m\u0131 kurbanlar\u0131 bir dakikal\u0131k sayg\u0131 duru\u015fuyla an\u0131ld\u0131 - Bati Ermenistan Ve Bati Ermenileri Sorunlari Ara\u015ftirmalar Merkezi\" \/>\n<meta property=\"og:description\" content=\"Ermenistan Parlamentosu milletvekilleri, S\u00fcryani (Asuri) Soyk\u0131r\u0131m\u0131 kurbanlar\u0131n\u0131n an\u0131s\u0131na bir dakikal\u0131k sayg\u0131 duru\u015funda bulundu. \u201cErmenistan\u201d Partisi&#8217;nden milletvekili Zemfira Mirzoyeva, 7 A\u011fustos\u2019un S\u00fcryani Soyk\u0131r\u0131m\u0131&#8217;n\u0131 Anma G\u00fcn\u00fc oldu\u011funu kaydederek b\u00f6yle bir \u00f6neride bulundu. Birinci D\u00fcnya Sava\u015f\u0131 y\u0131llar\u0131nda Ermeniler ile birlikte Osmanl\u0131 \u0130mparatorlu\u011fu&#8217;ndaki di\u011fer Hristiyan az\u0131nl\u0131klar; Osmanl\u0131 Rumlar\u0131, S\u00fcryaniler (Asuriler) ve Yezidiler de Osmanl\u0131\u2019n\u0131n soyk\u0131r\u0131mc\u0131 politikas\u0131n\u0131n kurban\u0131 oldular. Haziran-Ekim [&hellip;]\" \/>\n<meta property=\"og:url\" content=\"https:\/\/akunq.net\/tr\/?p=64143\" \/>\n<meta property=\"og:site_name\" content=\"Bati Ermenistan Ve Bati Ermenileri Sorunlari Ara\u015ftirmalar Merkezi\" \/>\n<meta property=\"article:published_time\" content=\"2021-08-10T07:33:40+00:00\" \/>\n<meta property=\"og:image\" content=\"https:\/\/akunq.net\/tr\/wp-content\/uploads\/sites\/6\/2021\/08\/Ermenistan-Parlamentosu\u2019nda-S\u00fcryani-Soyk\u0131r\u0131m\u0131.jpg\" \/>\n\t<meta property=\"og:image:width\" content=\"650\" \/>\n\t<meta property=\"og:image:height\" content=\"350\" \/>\n\t<meta property=\"og:image:type\" content=\"image\/jpeg\" \/>\n<meta name=\"author\" content=\"admin\" \/>\n<meta name=\"twitter:card\" content=\"summary_large_image\" \/>\n<meta name=\"twitter:label1\" content=\"Written by\" \/>\n\t<meta name=\"twitter:data1\" content=\"admin\" \/>\n\t<meta name=\"twitter:label2\" content=\"Est. reading time\" \/>\n\t<meta name=\"twitter:data2\" content=\"1 minute\" \/>\n<script type=\"application\/ld+json\" class=\"yoast-schema-graph\">{\"@context\":\"https:\\\/\\\/schema.org\",\"@graph\":[{\"@type\":\"Article\",\"@id\":\"https:\\\/\\\/akunq.net\\\/tr\\\/?p=64143#article\",\"isPartOf\":{\"@id\":\"https:\\\/\\\/akunq.net\\\/tr\\\/?p=64143\"},\"author\":{\"name\":\"admin\",\"@id\":\"https:\\\/\\\/akunq.net\\\/tr\\\/#\\\/schema\\\/person\\\/096f1d38a12cce57fb855b485ed24c9e\"},\"headline\":\"Ermenistan Parlamentosu\u2019nda S\u00fcryani Soyk\u0131r\u0131m\u0131 kurbanlar\u0131 bir dakikal\u0131k sayg\u0131 duru\u015fuyla an\u0131ld\u0131\",\"datePublished\":\"2021-08-10T07:33:40+00:00\",\"mainEntityOfPage\":{\"@id\":\"https:\\\/\\\/akunq.net\\\/tr\\\/?p=64143\"},\"wordCount\":214,\"commentCount\":0,\"image\":{\"@id\":\"https:\\\/\\\/akunq.net\\\/tr\\\/?p=64143#primaryimage\"},\"thumbnailUrl\":\"https:\\\/\\\/akunq.net\\\/tr\\\/wp-content\\\/uploads\\\/sites\\\/6\\\/2021\\\/08\\\/Ermenistan-Parlamentosu\u2019nda-S\u00fcryani-Soyk\u0131r\u0131m\u0131.jpg\",\"articleSection\":[\"Haberler\",\"T\u00fcrkiye\u2019de Az\u0131nl\u0131klar\"],\"inLanguage\":\"en-US\",\"potentialAction\":[{\"@type\":\"CommentAction\",\"name\":\"Comment\",\"target\":[\"https:\\\/\\\/akunq.net\\\/tr\\\/?p=64143#respond\"]}]},{\"@type\":\"WebPage\",\"@id\":\"https:\\\/\\\/akunq.net\\\/tr\\\/?p=64143\",\"url\":\"https:\\\/\\\/akunq.net\\\/tr\\\/?p=64143\",\"name\":\"Ermenistan Parlamentosu\u2019nda S\u00fcryani Soyk\u0131r\u0131m\u0131 kurbanlar\u0131 bir dakikal\u0131k sayg\u0131 duru\u015fuyla an\u0131ld\u0131 - Bati Ermenistan Ve Bati Ermenileri Sorunlari Ara\u015ftirmalar Merkezi\",\"isPartOf\":{\"@id\":\"https:\\\/\\\/akunq.net\\\/tr\\\/#website\"},\"primaryImageOfPage\":{\"@id\":\"https:\\\/\\\/akunq.net\\\/tr\\\/?p=64143#primaryimage\"},\"image\":{\"@id\":\"https:\\\/\\\/akunq.net\\\/tr\\\/?p=64143#primaryimage\"},\"thumbnailUrl\":\"https:\\\/\\\/akunq.net\\\/tr\\\/wp-content\\\/uploads\\\/sites\\\/6\\\/2021\\\/08\\\/Ermenistan-Parlamentosu\u2019nda-S\u00fcryani-Soyk\u0131r\u0131m\u0131.jpg\",\"datePublished\":\"2021-08-10T07:33:40+00:00\",\"author\":{\"@id\":\"https:\\\/\\\/akunq.net\\\/tr\\\/#\\\/schema\\\/person\\\/096f1d38a12cce57fb855b485ed24c9e\"},\"breadcrumb\":{\"@id\":\"https:\\\/\\\/akunq.net\\\/tr\\\/?p=64143#breadcrumb\"},\"inLanguage\":\"en-US\",\"potentialAction\":[{\"@type\":\"ReadAction\",\"target\":[\"https:\\\/\\\/akunq.net\\\/tr\\\/?p=64143\"]}]},{\"@type\":\"ImageObject\",\"inLanguage\":\"en-US\",\"@id\":\"https:\\\/\\\/akunq.net\\\/tr\\\/?p=64143#primaryimage\",\"url\":\"https:\\\/\\\/akunq.net\\\/tr\\\/wp-content\\\/uploads\\\/sites\\\/6\\\/2021\\\/08\\\/Ermenistan-Parlamentosu\u2019nda-S\u00fcryani-Soyk\u0131r\u0131m\u0131.jpg\",\"contentUrl\":\"https:\\\/\\\/akunq.net\\\/tr\\\/wp-content\\\/uploads\\\/sites\\\/6\\\/2021\\\/08\\\/Ermenistan-Parlamentosu\u2019nda-S\u00fcryani-Soyk\u0131r\u0131m\u0131.jpg\",\"width\":650,\"height\":350},{\"@type\":\"BreadcrumbList\",\"@id\":\"https:\\\/\\\/akunq.net\\\/tr\\\/?p=64143#breadcrumb\",\"itemListElement\":[{\"@type\":\"ListItem\",\"position\":1,\"name\":\"Home\",\"item\":\"https:\\\/\\\/akunq.net\\\/tr\"},{\"@type\":\"ListItem\",\"position\":2,\"name\":\"Ermenistan Parlamentosu\u2019nda S\u00fcryani Soyk\u0131r\u0131m\u0131 kurbanlar\u0131 bir dakikal\u0131k sayg\u0131 duru\u015fuyla an\u0131ld\u0131\"}]},{\"@type\":\"WebSite\",\"@id\":\"https:\\\/\\\/akunq.net\\\/tr\\\/#website\",\"url\":\"https:\\\/\\\/akunq.net\\\/tr\\\/\",\"name\":\"Bati Ermenistan Ve Bati Ermenileri Sorunlari Ara\u015ftirmalar Merkezi\",\"description\":\"\",\"potentialAction\":[{\"@type\":\"SearchAction\",\"target\":{\"@type\":\"EntryPoint\",\"urlTemplate\":\"https:\\\/\\\/akunq.net\\\/tr\\\/?s={search_term_string}\"},\"query-input\":{\"@type\":\"PropertyValueSpecification\",\"valueRequired\":true,\"valueName\":\"search_term_string\"}}],\"inLanguage\":\"en-US\"},{\"@type\":\"Person\",\"@id\":\"https:\\\/\\\/akunq.net\\\/tr\\\/#\\\/schema\\\/person\\\/096f1d38a12cce57fb855b485ed24c9e\",\"name\":\"admin\",\"url\":\"https:\\\/\\\/akunq.net\\\/tr\\\/?author=7\"}]}<\/script>\n<!-- \/ Yoast SEO plugin. -->","yoast_head_json":{"title":"Ermenistan Parlamentosu\u2019nda S\u00fcryani Soyk\u0131r\u0131m\u0131 kurbanlar\u0131 bir dakikal\u0131k sayg\u0131 duru\u015fuyla an\u0131ld\u0131 - Bati Ermenistan Ve Bati Ermenileri Sorunlari Ara\u015ftirmalar Merkezi","robots":{"index":"index","follow":"follow","max-snippet":"max-snippet:-1","max-image-preview":"max-image-preview:large","max-video-preview":"max-video-preview:-1"},"canonical":"https:\/\/akunq.net\/tr\/?p=64143","og_locale":"en_US","og_type":"article","og_title":"Ermenistan Parlamentosu\u2019nda S\u00fcryani Soyk\u0131r\u0131m\u0131 kurbanlar\u0131 bir dakikal\u0131k sayg\u0131 duru\u015fuyla an\u0131ld\u0131 - Bati Ermenistan Ve Bati Ermenileri Sorunlari Ara\u015ftirmalar Merkezi","og_description":"Ermenistan Parlamentosu milletvekilleri, S\u00fcryani (Asuri) Soyk\u0131r\u0131m\u0131 kurbanlar\u0131n\u0131n an\u0131s\u0131na bir dakikal\u0131k sayg\u0131 duru\u015funda bulundu. \u201cErmenistan\u201d Partisi&#8217;nden milletvekili Zemfira Mirzoyeva, 7 A\u011fustos\u2019un S\u00fcryani Soyk\u0131r\u0131m\u0131&#8217;n\u0131 Anma G\u00fcn\u00fc oldu\u011funu kaydederek b\u00f6yle bir \u00f6neride bulundu. Birinci D\u00fcnya Sava\u015f\u0131 y\u0131llar\u0131nda Ermeniler ile birlikte Osmanl\u0131 \u0130mparatorlu\u011fu&#8217;ndaki di\u011fer Hristiyan az\u0131nl\u0131klar; Osmanl\u0131 Rumlar\u0131, S\u00fcryaniler (Asuriler) ve Yezidiler de Osmanl\u0131\u2019n\u0131n soyk\u0131r\u0131mc\u0131 politikas\u0131n\u0131n kurban\u0131 oldular. Haziran-Ekim [&hellip;]","og_url":"https:\/\/akunq.net\/tr\/?p=64143","og_site_name":"Bati Ermenistan Ve Bati Ermenileri Sorunlari Ara\u015ftirmalar Merkezi","article_published_time":"2021-08-10T07:33:40+00:00","og_image":[{"width":650,"height":350,"url":"https:\/\/akunq.net\/tr\/wp-content\/uploads\/sites\/6\/2021\/08\/Ermenistan-Parlamentosu\u2019nda-S\u00fcryani-Soyk\u0131r\u0131m\u0131.jpg","type":"image\/jpeg"}],"author":"admin","twitter_card":"summary_large_image","twitter_misc":{"Written by":"admin","Est. reading time":"1 minute"},"schema":{"@context":"https:\/\/schema.org","@graph":[{"@type":"Article","@id":"https:\/\/akunq.net\/tr\/?p=64143#article","isPartOf":{"@id":"https:\/\/akunq.net\/tr\/?p=64143"},"author":{"name":"admin","@id":"https:\/\/akunq.net\/tr\/#\/schema\/person\/096f1d38a12cce57fb855b485ed24c9e"},"headline":"Ermenistan Parlamentosu\u2019nda S\u00fcryani Soyk\u0131r\u0131m\u0131 kurbanlar\u0131 bir dakikal\u0131k sayg\u0131 duru\u015fuyla an\u0131ld\u0131","datePublished":"2021-08-10T07:33:40+00:00","mainEntityOfPage":{"@id":"https:\/\/akunq.net\/tr\/?p=64143"},"wordCount":214,"commentCount":0,"image":{"@id":"https:\/\/akunq.net\/tr\/?p=64143#primaryimage"},"thumbnailUrl":"https:\/\/akunq.net\/tr\/wp-content\/uploads\/sites\/6\/2021\/08\/Ermenistan-Parlamentosu\u2019nda-S\u00fcryani-Soyk\u0131r\u0131m\u0131.jpg","articleSection":["Haberler","T\u00fcrkiye\u2019de Az\u0131nl\u0131klar"],"inLanguage":"en-US","potentialAction":[{"@type":"CommentAction","name":"Comment","target":["https:\/\/akunq.net\/tr\/?p=64143#respond"]}]},{"@type":"WebPage","@id":"https:\/\/akunq.net\/tr\/?p=64143","url":"https:\/\/akunq.net\/tr\/?p=64143","name":"Ermenistan Parlamentosu\u2019nda S\u00fcryani Soyk\u0131r\u0131m\u0131 kurbanlar\u0131 bir dakikal\u0131k sayg\u0131 duru\u015fuyla an\u0131ld\u0131 - Bati Ermenistan Ve Bati Ermenileri Sorunlari Ara\u015ftirmalar Merkezi","isPartOf":{"@id":"https:\/\/akunq.net\/tr\/#website"},"primaryImageOfPage":{"@id":"https:\/\/akunq.net\/tr\/?p=64143#primaryimage"},"image":{"@id":"https:\/\/akunq.net\/tr\/?p=64143#primaryimage"},"thumbnailUrl":"https:\/\/akunq.net\/tr\/wp-content\/uploads\/sites\/6\/2021\/08\/Ermenistan-Parlamentosu\u2019nda-S\u00fcryani-Soyk\u0131r\u0131m\u0131.jpg","datePublished":"2021-08-10T07:33:40+00:00","author":{"@id":"https:\/\/akunq.net\/tr\/#\/schema\/person\/096f1d38a12cce57fb855b485ed24c9e"},"breadcrumb":{"@id":"https:\/\/akunq.net\/tr\/?p=64143#breadcrumb"},"inLanguage":"en-US","potentialAction":[{"@type":"ReadAction","target":["https:\/\/akunq.net\/tr\/?p=64143"]}]},{"@type":"ImageObject","inLanguage":"en-US","@id":"https:\/\/akunq.net\/tr\/?p=64143#primaryimage","url":"https:\/\/akunq.net\/tr\/wp-content\/uploads\/sites\/6\/2021\/08\/Ermenistan-Parlamentosu\u2019nda-S\u00fcryani-Soyk\u0131r\u0131m\u0131.jpg","contentUrl":"https:\/\/akunq.net\/tr\/wp-content\/uploads\/sites\/6\/2021\/08\/Ermenistan-Parlamentosu\u2019nda-S\u00fcryani-Soyk\u0131r\u0131m\u0131.jpg","width":650,"height":350},{"@type":"BreadcrumbList","@id":"https:\/\/akunq.net\/tr\/?p=64143#breadcrumb","itemListElement":[{"@type":"ListItem","position":1,"name":"Home","item":"https:\/\/akunq.net\/tr"},{"@type":"ListItem","position":2,"name":"Ermenistan Parlamentosu\u2019nda S\u00fcryani Soyk\u0131r\u0131m\u0131 kurbanlar\u0131 bir dakikal\u0131k sayg\u0131 duru\u015fuyla an\u0131ld\u0131"}]},{"@type":"WebSite","@id":"https:\/\/akunq.net\/tr\/#website","url":"https:\/\/akunq.net\/tr\/","name":"Bati Ermenistan Ve Bati Ermenileri Sorunlari Ara\u015ftirmalar Merkezi","description":"","potentialAction":[{"@type":"SearchAction","target":{"@type":"EntryPoint","urlTemplate":"https:\/\/akunq.net\/tr\/?s={search_term_string}"},"query-input":{"@type":"PropertyValueSpecification","valueRequired":true,"valueName":"search_term_string"}}],"inLanguage":"en-US"},{"@type":"Person","@id":"https:\/\/akunq.net\/tr\/#\/schema\/person\/096f1d38a12cce57fb855b485ed24c9e","name":"admin","url":"https:\/\/akunq.net\/tr\/?author=7"}]}},"_links":{"self":[{"href":"https:\/\/akunq.net\/tr\/index.php?rest_route=\/wp\/v2\/posts\/64143","targetHints":{"allow":["GET"]}}],"collection":[{"href":"https:\/\/akunq.net\/tr\/index.php?rest_route=\/wp\/v2\/posts"}],"about":[{"href":"https:\/\/akunq.net\/tr\/index.php?rest_route=\/wp\/v2\/types\/post"}],"author":[{"embeddable":true,"href":"https:\/\/akunq.net\/tr\/index.php?rest_route=\/wp\/v2\/users\/7"}],"replies":[{"embeddable":true,"href":"https:\/\/akunq.net\/tr\/index.php?rest_route=%2Fwp%2Fv2%2Fcomments&post=64143"}],"version-history":[{"count":1,"href":"https:\/\/akunq.net\/tr\/index.php?rest_route=\/wp\/v2\/posts\/64143\/revisions"}],"predecessor-version":[{"id":64145,"href":"https:\/\/akunq.net\/tr\/index.php?rest_route=\/wp\/v2\/posts\/64143\/revisions\/64145"}],"wp:featuredmedia":[{"embeddable":true,"href":"https:\/\/akunq.net\/tr\/index.php?rest_route=\/wp\/v2\/media\/64144"}],"wp:attachment":[{"href":"https:\/\/akunq.net\/tr\/index.php?rest_route=%2Fwp%2Fv2%2Fmedia&parent=64143"}],"wp:term":[{"taxonomy":"category","embeddable":true,"href":"https:\/\/akunq.net\/tr\/index.php?rest_route=%2Fwp%2Fv2%2Fcategories&post=64143"},{"taxonomy":"post_tag","embeddable":true,"href":"https:\/\/akunq.net\/tr\/index.php?rest_route=%2Fwp%2Fv2%2Ftags&post=64143"}],"curies":[{"name":"wp","href":"https:\/\/api.w.org\/{rel}","templated":true}]}}