{"id":64140,"date":"2021-08-10T02:16:31","date_gmt":"2021-08-10T07:16:31","guid":{"rendered":"https:\/\/akunq.net\/tr\/?p=64140"},"modified":"2021-08-10T02:16:31","modified_gmt":"2021-08-10T07:16:31","slug":"metropoll-anketi-erdoganin-gorev-onayi-destegi-ak-partide-azaldi-muhalefette-artti","status":"publish","type":"post","link":"https:\/\/akunq.net\/tr\/?p=64140","title":{"rendered":"Metropoll anketi: Erdo\u011fan&#8217;\u0131n g\u00f6rev onay\u0131 deste\u011fi AK Parti&#8217;de azald\u0131 muhalefette artt\u0131"},"content":{"rendered":"<header><em><strong>Metropoll Ara\u015ft\u0131rma Erdo\u011fan&#8217;\u0131n g\u00f6rev onay\u0131yla ilgili anket yapt\u0131. Erdo\u011fan&#8217;\u0131n g\u00f6rev yapma \u015feklini onaylayan AK Partililerin oran\u0131 8 puan azald\u0131.\u00a0<\/strong><\/em><\/p>\n<\/header>\n<div class=\"infinity-item item\" data-id=\"6110f49f97a26d0ff529a668\" data-url=\"https:\/\/www.gazeteduvar.com.tr\/metropoll-anketi-erdoganin-gorev-onayi-destegi-ak-partide-azaldi-muhalefette-artti-galeri-1531089\" data-next=\"\" data-title=\"Metropoll anketi: Erdo\u011fan'\u0131n g\u00f6rev onay\u0131 deste\u011fi AK Parti'de azald\u0131 muhalefette artt\u0131 - Gazete Duvar\">\n<div class=\"v-image mb-3 max-width\">\n<figure><picture data-iesrc=\"https:\/\/i.gazeteduvar.com.tr\/storage\/files\/images\/2021\/08\/09\/a1-JsXf.jpg\" data-alt=\"Metropoll anketi: Erdo\u011fan'\u0131n g\u00f6rev onay\u0131 deste\u011fi AK Parti'de azald\u0131 muhalefette artt\u0131 - Sayfa 1\" data-loaded=\"true\"><source srcset=\"https:\/\/i.gazeteduvar.com.tr\/storage\/files\/images\/2021\/08\/09\/a1-JsXf.jpg.webp\" type=\"image\/webp\" \/><source srcset=\"https:\/\/i.gazeteduvar.com.tr\/storage\/files\/images\/2021\/08\/09\/a1-JsXf.jpg\" \/><img alt=\"Metropoll anketi: Erdo\u011fan'\u0131n g\u00f6rev onay\u0131 deste\u011fi AK Parti'de azald\u0131 muhalefette artt\u0131 - Sayfa 1\" \/><\/picture><\/figure>\n<\/div>\n<div class=\"content-text max-width\">\n<p><strong>DUVAR &#8211;<\/strong> Metropoll, &#8216;T\u00fcrkiye&#8217;nin Nabz\u0131 Temmuz 2021&#8217; ara\u015ft\u0131rmas\u0131ndan Cumhurba\u015fkan\u0131 Tayyip Erdo\u011fan&#8217;\u0131n g\u00f6rev onay\u0131yla ilgili olan k\u0131sm\u0131n\u0131 yay\u0131nlad\u0131. Ankette &#8220;Genel olarak d\u00fc\u015f\u00fcnd\u00fc\u011f\u00fcn\u00fczde Recep Tayyip Erdo\u011fan&#8217;\u0131n Cumhurba\u015fkanl\u0131\u011f\u0131 g\u00f6revini yap\u0131\u015f tarz\u0131n\u0131 onayl\u0131yor musunuz?&#8221; sorusu soruldu.<\/p>\n<\/div>\n<\/div>\n<div class=\"infinity-item item\" data-id=\"6110f49f97a26d0ff529a668\" data-url=\"https:\/\/www.gazeteduvar.com.tr\/metropoll-anketi-erdoganin-gorev-onayi-destegi-ak-partide-azaldi-muhalefette-artti-galeri-1531089?p=2\" data-next=\"\" data-title=\"Metropoll anketi: Erdo\u011fan'\u0131n g\u00f6rev onay\u0131 deste\u011fi AK Parti'de azald\u0131 muhalefette artt\u0131 - Gazete Duvar - Sayfa 2\">\n<div class=\"content-text max-width\">\n<p>&#8216;Evet onayl\u0131yorum&#8217; diyenlerin oran\u0131 y\u00fczde 48.1, &#8216;Hay\u0131r onaylam\u0131yorum&#8217; diyenlerin oran\u0131 y\u00fczde 47 olarak hesapland\u0131. Y\u00fczde 4.9. &#8216;Fikrim yok\/Cevap yok&#8217; \u015f\u0131kk\u0131n\u0131 i\u015faretledi.<\/p>\n<\/div>\n<\/div>\n<div class=\"infinity-item item\" data-id=\"6110f49f97a26d0ff529a668\" data-url=\"https:\/\/www.gazeteduvar.com.tr\/metropoll-anketi-erdoganin-gorev-onayi-destegi-ak-partide-azaldi-muhalefette-artti-galeri-1531089?p=3\" data-next=\"\" data-title=\"Metropoll anketi: Erdo\u011fan'\u0131n g\u00f6rev onay\u0131 deste\u011fi AK Parti'de azald\u0131 muhalefette artt\u0131 - Gazete Duvar - Sayfa 3\">\n<div class=\"content-text max-width\">\n<p>Ara\u015ft\u0131rmaya kat\u0131lanlar\u0131n oy verdikleri partilere g\u00f6re da\u011f\u0131l\u0131m\u0131na bak\u0131ld\u0131\u011f\u0131nda ise ilgin\u00e7 sonu\u00e7lar ortaya \u00e7\u0131kt\u0131. Haziran ay\u0131nda yap\u0131lan ara\u015ft\u0131rmada Erdo\u011fan&#8217;a g\u00f6rev onay\u0131 veren AK Partili se\u00e7menin oran\u0131 y\u00fczde 89 idi. Temmuz&#8217;da bu oran y\u00fczde 81.3&#8217;e d\u00fc\u015ft\u00fc. Yine haziran ay\u0131nda Erdo\u011fan&#8217;\u0131n g\u00f6rev yap\u0131\u015f tarz\u0131n\u0131 onaylamayanlar\u0131n oran\u0131 y\u00fczde 8.9 idi. Temmuz&#8217;da ise bu oran y\u00fczde 16.8&#8217;e y\u00fckseldi. Yani Erdo\u011fan kendi taban\u0131ndan yakla\u015f\u0131k 8 puan kaybetti.<\/p>\n<\/div>\n<\/div>\n<div class=\"infinity-item item\" data-id=\"6110f49f97a26d0ff529a668\" data-url=\"https:\/\/www.gazeteduvar.com.tr\/metropoll-anketi-erdoganin-gorev-onayi-destegi-ak-partide-azaldi-muhalefette-artti-galeri-1531089?p=4\" data-next=\"https:\/\/www.gazeteduvar.com.tr\/metropoll-anketi-erdoganin-gorev-onayi-destegi-ak-partide-azaldi-muhalefette-artti-galeri-1531089?p=5\" data-title=\"Metropoll anketi: Erdo\u011fan'\u0131n g\u00f6rev onay\u0131 deste\u011fi AK Parti'de azald\u0131 muhalefette artt\u0131 - Gazete Duvar - Sayfa 4\">\n<div class=\"content-text max-width\">\n<p>Erdo\u011fan buna kar\u015f\u0131l\u0131k Cumhur \u0130ttifak\u0131&#8217;n\u0131n di\u011fer orta\u011f\u0131 MHP taban\u0131ndan ise y\u00fcksek oranda destek ald\u0131. Haziran ay\u0131ndaki ara\u015ft\u0131rmada Erdo\u011fan&#8217;\u0131n g\u00f6rev yap\u0131\u015f tarz\u0131n\u0131 onaylayan MHP&#8217;lilerin oran\u0131 y\u00fczde 53.1 idi. Temmuz ay\u0131nda bu oran y\u00fczde 76.8&#8217;e y\u00fckseldi. Yine haziran ay\u0131nda Erdo\u011fan&#8217;\u0131n tarz\u0131na hay\u0131r diyen MHP&#8217;lilerin oran\u0131 y\u00fczde 45.7 olarak hesaplanm\u0131\u015ft\u0131. Temmuzda bu oran y\u00fczde 23.2&#8217;ye d\u00fc\u015ft\u00fc. Erdo\u011fan MHP&#8217;den ald\u0131\u011f\u0131 onay\u0131 y\u00fczde 23 civar\u0131nda art\u0131rm\u0131\u015f oldu.<\/p>\n<\/div>\n<\/div>\n<div class=\"infinity-item item\" data-id=\"6110f49f97a26d0ff529a668\" data-url=\"https:\/\/www.gazeteduvar.com.tr\/metropoll-anketi-erdoganin-gorev-onayi-destegi-ak-partide-azaldi-muhalefette-artti-galeri-1531089?p=5\" data-next=\"\" data-title=\"Metropoll anketi: Erdo\u011fan'\u0131n g\u00f6rev onay\u0131 deste\u011fi AK Parti'de azald\u0131 muhalefette artt\u0131 - Gazete Duvar - Sayfa 5\">\n<div class=\"v-image mb-3 max-width\">\n<figure><picture data-iesrc=\"https:\/\/i.gazeteduvar.com.tr\/storage\/files\/images\/2021\/08\/09\/a5-iFPk.jpg\" data-alt=\"Metropoll anketi: Erdo\u011fan'\u0131n g\u00f6rev onay\u0131 deste\u011fi AK Parti'de azald\u0131 muhalefette artt\u0131 - Sayfa 5\" data-loaded=\"true\"><source srcset=\"https:\/\/i.gazeteduvar.com.tr\/storage\/files\/images\/2021\/08\/09\/a5-iFPk.jpg.webp\" type=\"image\/webp\" \/><source srcset=\"https:\/\/i.gazeteduvar.com.tr\/storage\/files\/images\/2021\/08\/09\/a5-iFPk.jpg\" \/><img alt=\"Metropoll anketi: Erdo\u011fan'\u0131n g\u00f6rev onay\u0131 deste\u011fi AK Parti'de azald\u0131 muhalefette artt\u0131 - Sayfa 5\" \/><\/picture><\/figure>\n<\/div>\n<div class=\"content-text max-width\">\n<p>Ara\u015ft\u0131rmada \u00f6ne \u00e7\u0131kan bir ba\u015fka sonu\u00e7 da HDP&#8217;li se\u00e7menden Erdo\u011fan&#8217;a y\u00f6nelen destek oldu. Haziran ay\u0131nda &#8216;Erdo\u011fan&#8217;\u0131n g\u00f6rev yap\u0131\u015f tarz\u0131n\u0131 onayl\u0131yorum&#8217; diyen HDP&#8217;li se\u00e7menlerin oran\u0131 y\u00fczde 12.4 \u00e7\u0131km\u0131\u015ft\u0131. Temmuz ara\u015ft\u0131rmas\u0131nda bu oran y\u00fczde 32.9 olarak hesapland\u0131. Haziranda &#8216;Hay\u0131r onaylam\u0131yorum diyen HDP&#8217;lilerin oran\u0131 ise y\u00fczde 87.6&#8217;dan y\u00fczde 63.8&#8217;e geriledi.<\/p>\n<\/div>\n<\/div>\n<div class=\"infinity-item item\" data-id=\"6110f49f97a26d0ff529a668\" data-url=\"https:\/\/www.gazeteduvar.com.tr\/metropoll-anketi-erdoganin-gorev-onayi-destegi-ak-partide-azaldi-muhalefette-artti-galeri-1531089?p=6\" data-next=\"\" data-title=\"Metropoll anketi: Erdo\u011fan'\u0131n g\u00f6rev onay\u0131 deste\u011fi AK Parti'de azald\u0131 muhalefette artt\u0131 - Gazete Duvar - Sayfa 6\">\n<div class=\"content-text max-width\">\n<p>Cumhurba\u015fkan\u0131 Erdo\u011fan, Cumhur \u0130ttifak\u0131&#8217;na kat\u0131lmalar\u0131 i\u00e7in \u00e7aba harcad\u0131\u011f\u0131 Saadet Partisi&#8217;nden de g\u00f6rev onay\u0131 i\u00e7in deste\u011fini art\u0131rmay\u0131 ba\u015fard\u0131. Haziran&#8217;da y\u00fczde 31.6 oran\u0131nda &#8216;Erdo\u011fan&#8217;\u0131n g\u00f6rev yap\u0131\u015f tarz\u0131n\u0131 onayl\u0131yorum&#8217; diyen Saadet se\u00e7meni temmuzdaki ara\u015ft\u0131rmada y\u00fczde 68.4 oran\u0131nda &#8216;Evet onayl\u0131yorum&#8217; dedi.<\/p>\n<\/div>\n<\/div>\n<div class=\"infinity-item item\" data-id=\"6110f49f97a26d0ff529a668\" data-url=\"https:\/\/www.gazeteduvar.com.tr\/metropoll-anketi-erdoganin-gorev-onayi-destegi-ak-partide-azaldi-muhalefette-artti-galeri-1531089?p=7\" data-next=\"\" data-title=\"Metropoll anketi: Erdo\u011fan'\u0131n g\u00f6rev onay\u0131 deste\u011fi AK Parti'de azald\u0131 muhalefette artt\u0131 - Gazete Duvar - Sayfa 7\">\n<div class=\"content-text max-width\">\n<p>\u0130Y\u0130 Partili se\u00e7men haziranda y\u00fczde 9.9 oran\u0131nda &#8216;Erdo\u011fan&#8217;\u0131n g\u00f6rev yap\u0131\u015f tarz\u0131n\u0131 onayl\u0131yorum&#8217; derken, temmuzda y\u00fczde 23 oran\u0131nda &#8216;evet onayl\u0131yorum&#8217; yan\u0131t\u0131n\u0131 verdi. CHP&#8217;de ise haziranda y\u00fczde 11.9 olan &#8216;evet onayl\u0131yorum&#8217; yan\u0131t\u0131 temmuzda y\u00fczde 4&#8217;e geriledi.<\/p>\n<p><em><strong>https:\/\/www.gazeteduvar.com.tr\/metropoll-anketi-erdoganin-gorev-onayi-destegi-ak-partide-azaldi-muhalefette-artti-galeri-1531089?p=6\u00a0<\/strong><\/em><\/p>\n<\/div>\n<\/div>\n","protected":false},"excerpt":{"rendered":"<p>Metropoll Ara\u015ft\u0131rma Erdo\u011fan&#8217;\u0131n g\u00f6rev onay\u0131yla ilgili anket yapt\u0131. Erdo\u011fan&#8217;\u0131n g\u00f6rev yapma \u015feklini onaylayan AK Partililerin oran\u0131 8 puan azald\u0131.\u00a0 DUVAR &#8211; Metropoll, &#8216;T\u00fcrkiye&#8217;nin Nabz\u0131 Temmuz 2021&#8217; ara\u015ft\u0131rmas\u0131ndan Cumhurba\u015fkan\u0131 Tayyip Erdo\u011fan&#8217;\u0131n g\u00f6rev onay\u0131yla ilgili olan k\u0131sm\u0131n\u0131 yay\u0131nlad\u0131. Ankette &#8220;Genel olarak d\u00fc\u015f\u00fcnd\u00fc\u011f\u00fcn\u00fczde Recep Tayyip Erdo\u011fan&#8217;\u0131n Cumhurba\u015fkanl\u0131\u011f\u0131 g\u00f6revini yap\u0131\u015f tarz\u0131n\u0131 onayl\u0131yor musunuz?&#8221; sorusu soruldu. &#8216;Evet onayl\u0131yorum&#8217; diyenlerin oran\u0131 [&hellip;]<\/p>\n","protected":false},"author":7,"featured_media":64141,"comment_status":"open","ping_status":"open","sticky":false,"template":"","format":"standard","meta":{"footnotes":""},"categories":[1],"tags":[],"class_list":["post-64140","post","type-post","status-publish","format-standard","has-post-thumbnail","hentry","category-haberler"],"yoast_head":"<!-- This site is optimized with the Yoast SEO plugin v27.4 - https:\/\/yoast.com\/product\/yoast-seo-wordpress\/ -->\n<title>Metropoll anketi: Erdo\u011fan&#039;\u0131n g\u00f6rev onay\u0131 deste\u011fi AK Parti&#039;de azald\u0131 muhalefette artt\u0131 - Bati Ermenistan Ve Bati Ermenileri Sorunlari Ara\u015ftirmalar Merkezi<\/title>\n<meta name=\"robots\" content=\"index, follow, max-snippet:-1, max-image-preview:large, max-video-preview:-1\" \/>\n<link rel=\"canonical\" href=\"https:\/\/akunq.net\/tr\/?p=64140\" \/>\n<meta property=\"og:locale\" content=\"en_US\" \/>\n<meta property=\"og:type\" content=\"article\" \/>\n<meta property=\"og:title\" content=\"Metropoll anketi: Erdo\u011fan&#039;\u0131n g\u00f6rev onay\u0131 deste\u011fi AK Parti&#039;de azald\u0131 muhalefette artt\u0131 - Bati Ermenistan Ve Bati Ermenileri Sorunlari Ara\u015ftirmalar Merkezi\" \/>\n<meta property=\"og:description\" content=\"Metropoll Ara\u015ft\u0131rma Erdo\u011fan&#8217;\u0131n g\u00f6rev onay\u0131yla ilgili anket yapt\u0131. Erdo\u011fan&#8217;\u0131n g\u00f6rev yapma \u015feklini onaylayan AK Partililerin oran\u0131 8 puan azald\u0131.\u00a0 DUVAR &#8211; Metropoll, &#8216;T\u00fcrkiye&#8217;nin Nabz\u0131 Temmuz 2021&#8217; ara\u015ft\u0131rmas\u0131ndan Cumhurba\u015fkan\u0131 Tayyip Erdo\u011fan&#8217;\u0131n g\u00f6rev onay\u0131yla ilgili olan k\u0131sm\u0131n\u0131 yay\u0131nlad\u0131. Ankette &#8220;Genel olarak d\u00fc\u015f\u00fcnd\u00fc\u011f\u00fcn\u00fczde Recep Tayyip Erdo\u011fan&#8217;\u0131n Cumhurba\u015fkanl\u0131\u011f\u0131 g\u00f6revini yap\u0131\u015f tarz\u0131n\u0131 onayl\u0131yor musunuz?&#8221; sorusu soruldu. &#8216;Evet onayl\u0131yorum&#8217; diyenlerin oran\u0131 [&hellip;]\" \/>\n<meta property=\"og:url\" content=\"https:\/\/akunq.net\/tr\/?p=64140\" \/>\n<meta property=\"og:site_name\" content=\"Bati Ermenistan Ve Bati Ermenileri Sorunlari Ara\u015ftirmalar Merkezi\" \/>\n<meta property=\"article:published_time\" content=\"2021-08-10T07:16:31+00:00\" \/>\n<meta property=\"og:image\" content=\"https:\/\/akunq.net\/tr\/wp-content\/uploads\/sites\/6\/2021\/08\/Erdogan.jpg\" \/>\n\t<meta property=\"og:image:width\" content=\"656\" \/>\n\t<meta property=\"og:image:height\" content=\"400\" \/>\n\t<meta property=\"og:image:type\" content=\"image\/jpeg\" \/>\n<meta name=\"author\" content=\"admin\" \/>\n<meta name=\"twitter:card\" content=\"summary_large_image\" \/>\n<meta name=\"twitter:label1\" content=\"Written by\" \/>\n\t<meta name=\"twitter:data1\" content=\"admin\" \/>\n\t<meta name=\"twitter:label2\" content=\"Est. reading time\" \/>\n\t<meta name=\"twitter:data2\" content=\"2 minutes\" \/>\n<script type=\"application\/ld+json\" class=\"yoast-schema-graph\">{\"@context\":\"https:\\\/\\\/schema.org\",\"@graph\":[{\"@type\":\"Article\",\"@id\":\"https:\\\/\\\/akunq.net\\\/tr\\\/?p=64140#article\",\"isPartOf\":{\"@id\":\"https:\\\/\\\/akunq.net\\\/tr\\\/?p=64140\"},\"author\":{\"name\":\"admin\",\"@id\":\"https:\\\/\\\/akunq.net\\\/tr\\\/#\\\/schema\\\/person\\\/096f1d38a12cce57fb855b485ed24c9e\"},\"headline\":\"Metropoll anketi: Erdo\u011fan&#8217;\u0131n g\u00f6rev onay\u0131 deste\u011fi AK Parti&#8217;de azald\u0131 muhalefette artt\u0131\",\"datePublished\":\"2021-08-10T07:16:31+00:00\",\"mainEntityOfPage\":{\"@id\":\"https:\\\/\\\/akunq.net\\\/tr\\\/?p=64140\"},\"wordCount\":485,\"commentCount\":0,\"image\":{\"@id\":\"https:\\\/\\\/akunq.net\\\/tr\\\/?p=64140#primaryimage\"},\"thumbnailUrl\":\"https:\\\/\\\/akunq.net\\\/tr\\\/wp-content\\\/uploads\\\/sites\\\/6\\\/2021\\\/08\\\/Erdogan.jpg\",\"articleSection\":[\"Haberler\"],\"inLanguage\":\"en-US\",\"potentialAction\":[{\"@type\":\"CommentAction\",\"name\":\"Comment\",\"target\":[\"https:\\\/\\\/akunq.net\\\/tr\\\/?p=64140#respond\"]}]},{\"@type\":\"WebPage\",\"@id\":\"https:\\\/\\\/akunq.net\\\/tr\\\/?p=64140\",\"url\":\"https:\\\/\\\/akunq.net\\\/tr\\\/?p=64140\",\"name\":\"Metropoll anketi: Erdo\u011fan'\u0131n g\u00f6rev onay\u0131 deste\u011fi AK Parti'de azald\u0131 muhalefette artt\u0131 - Bati Ermenistan Ve Bati Ermenileri Sorunlari Ara\u015ftirmalar Merkezi\",\"isPartOf\":{\"@id\":\"https:\\\/\\\/akunq.net\\\/tr\\\/#website\"},\"primaryImageOfPage\":{\"@id\":\"https:\\\/\\\/akunq.net\\\/tr\\\/?p=64140#primaryimage\"},\"image\":{\"@id\":\"https:\\\/\\\/akunq.net\\\/tr\\\/?p=64140#primaryimage\"},\"thumbnailUrl\":\"https:\\\/\\\/akunq.net\\\/tr\\\/wp-content\\\/uploads\\\/sites\\\/6\\\/2021\\\/08\\\/Erdogan.jpg\",\"datePublished\":\"2021-08-10T07:16:31+00:00\",\"author\":{\"@id\":\"https:\\\/\\\/akunq.net\\\/tr\\\/#\\\/schema\\\/person\\\/096f1d38a12cce57fb855b485ed24c9e\"},\"breadcrumb\":{\"@id\":\"https:\\\/\\\/akunq.net\\\/tr\\\/?p=64140#breadcrumb\"},\"inLanguage\":\"en-US\",\"potentialAction\":[{\"@type\":\"ReadAction\",\"target\":[\"https:\\\/\\\/akunq.net\\\/tr\\\/?p=64140\"]}]},{\"@type\":\"ImageObject\",\"inLanguage\":\"en-US\",\"@id\":\"https:\\\/\\\/akunq.net\\\/tr\\\/?p=64140#primaryimage\",\"url\":\"https:\\\/\\\/akunq.net\\\/tr\\\/wp-content\\\/uploads\\\/sites\\\/6\\\/2021\\\/08\\\/Erdogan.jpg\",\"contentUrl\":\"https:\\\/\\\/akunq.net\\\/tr\\\/wp-content\\\/uploads\\\/sites\\\/6\\\/2021\\\/08\\\/Erdogan.jpg\",\"width\":656,\"height\":400},{\"@type\":\"BreadcrumbList\",\"@id\":\"https:\\\/\\\/akunq.net\\\/tr\\\/?p=64140#breadcrumb\",\"itemListElement\":[{\"@type\":\"ListItem\",\"position\":1,\"name\":\"Home\",\"item\":\"https:\\\/\\\/akunq.net\\\/tr\"},{\"@type\":\"ListItem\",\"position\":2,\"name\":\"Metropoll anketi: Erdo\u011fan&#8217;\u0131n g\u00f6rev onay\u0131 deste\u011fi AK Parti&#8217;de azald\u0131 muhalefette artt\u0131\"}]},{\"@type\":\"WebSite\",\"@id\":\"https:\\\/\\\/akunq.net\\\/tr\\\/#website\",\"url\":\"https:\\\/\\\/akunq.net\\\/tr\\\/\",\"name\":\"Bati Ermenistan Ve Bati Ermenileri Sorunlari Ara\u015ftirmalar Merkezi\",\"description\":\"\",\"potentialAction\":[{\"@type\":\"SearchAction\",\"target\":{\"@type\":\"EntryPoint\",\"urlTemplate\":\"https:\\\/\\\/akunq.net\\\/tr\\\/?s={search_term_string}\"},\"query-input\":{\"@type\":\"PropertyValueSpecification\",\"valueRequired\":true,\"valueName\":\"search_term_string\"}}],\"inLanguage\":\"en-US\"},{\"@type\":\"Person\",\"@id\":\"https:\\\/\\\/akunq.net\\\/tr\\\/#\\\/schema\\\/person\\\/096f1d38a12cce57fb855b485ed24c9e\",\"name\":\"admin\",\"url\":\"https:\\\/\\\/akunq.net\\\/tr\\\/?author=7\"}]}<\/script>\n<!-- \/ Yoast SEO plugin. -->","yoast_head_json":{"title":"Metropoll anketi: Erdo\u011fan'\u0131n g\u00f6rev onay\u0131 deste\u011fi AK Parti'de azald\u0131 muhalefette artt\u0131 - Bati Ermenistan Ve Bati Ermenileri Sorunlari Ara\u015ftirmalar Merkezi","robots":{"index":"index","follow":"follow","max-snippet":"max-snippet:-1","max-image-preview":"max-image-preview:large","max-video-preview":"max-video-preview:-1"},"canonical":"https:\/\/akunq.net\/tr\/?p=64140","og_locale":"en_US","og_type":"article","og_title":"Metropoll anketi: Erdo\u011fan'\u0131n g\u00f6rev onay\u0131 deste\u011fi AK Parti'de azald\u0131 muhalefette artt\u0131 - Bati Ermenistan Ve Bati Ermenileri Sorunlari Ara\u015ftirmalar Merkezi","og_description":"Metropoll Ara\u015ft\u0131rma Erdo\u011fan&#8217;\u0131n g\u00f6rev onay\u0131yla ilgili anket yapt\u0131. Erdo\u011fan&#8217;\u0131n g\u00f6rev yapma \u015feklini onaylayan AK Partililerin oran\u0131 8 puan azald\u0131.\u00a0 DUVAR &#8211; Metropoll, &#8216;T\u00fcrkiye&#8217;nin Nabz\u0131 Temmuz 2021&#8217; ara\u015ft\u0131rmas\u0131ndan Cumhurba\u015fkan\u0131 Tayyip Erdo\u011fan&#8217;\u0131n g\u00f6rev onay\u0131yla ilgili olan k\u0131sm\u0131n\u0131 yay\u0131nlad\u0131. Ankette &#8220;Genel olarak d\u00fc\u015f\u00fcnd\u00fc\u011f\u00fcn\u00fczde Recep Tayyip Erdo\u011fan&#8217;\u0131n Cumhurba\u015fkanl\u0131\u011f\u0131 g\u00f6revini yap\u0131\u015f tarz\u0131n\u0131 onayl\u0131yor musunuz?&#8221; sorusu soruldu. &#8216;Evet onayl\u0131yorum&#8217; diyenlerin oran\u0131 [&hellip;]","og_url":"https:\/\/akunq.net\/tr\/?p=64140","og_site_name":"Bati Ermenistan Ve Bati Ermenileri Sorunlari Ara\u015ftirmalar Merkezi","article_published_time":"2021-08-10T07:16:31+00:00","og_image":[{"width":656,"height":400,"url":"https:\/\/akunq.net\/tr\/wp-content\/uploads\/sites\/6\/2021\/08\/Erdogan.jpg","type":"image\/jpeg"}],"author":"admin","twitter_card":"summary_large_image","twitter_misc":{"Written by":"admin","Est. reading time":"2 minutes"},"schema":{"@context":"https:\/\/schema.org","@graph":[{"@type":"Article","@id":"https:\/\/akunq.net\/tr\/?p=64140#article","isPartOf":{"@id":"https:\/\/akunq.net\/tr\/?p=64140"},"author":{"name":"admin","@id":"https:\/\/akunq.net\/tr\/#\/schema\/person\/096f1d38a12cce57fb855b485ed24c9e"},"headline":"Metropoll anketi: Erdo\u011fan&#8217;\u0131n g\u00f6rev onay\u0131 deste\u011fi AK Parti&#8217;de azald\u0131 muhalefette artt\u0131","datePublished":"2021-08-10T07:16:31+00:00","mainEntityOfPage":{"@id":"https:\/\/akunq.net\/tr\/?p=64140"},"wordCount":485,"commentCount":0,"image":{"@id":"https:\/\/akunq.net\/tr\/?p=64140#primaryimage"},"thumbnailUrl":"https:\/\/akunq.net\/tr\/wp-content\/uploads\/sites\/6\/2021\/08\/Erdogan.jpg","articleSection":["Haberler"],"inLanguage":"en-US","potentialAction":[{"@type":"CommentAction","name":"Comment","target":["https:\/\/akunq.net\/tr\/?p=64140#respond"]}]},{"@type":"WebPage","@id":"https:\/\/akunq.net\/tr\/?p=64140","url":"https:\/\/akunq.net\/tr\/?p=64140","name":"Metropoll anketi: Erdo\u011fan'\u0131n g\u00f6rev onay\u0131 deste\u011fi AK Parti'de azald\u0131 muhalefette artt\u0131 - Bati Ermenistan Ve Bati Ermenileri Sorunlari Ara\u015ftirmalar Merkezi","isPartOf":{"@id":"https:\/\/akunq.net\/tr\/#website"},"primaryImageOfPage":{"@id":"https:\/\/akunq.net\/tr\/?p=64140#primaryimage"},"image":{"@id":"https:\/\/akunq.net\/tr\/?p=64140#primaryimage"},"thumbnailUrl":"https:\/\/akunq.net\/tr\/wp-content\/uploads\/sites\/6\/2021\/08\/Erdogan.jpg","datePublished":"2021-08-10T07:16:31+00:00","author":{"@id":"https:\/\/akunq.net\/tr\/#\/schema\/person\/096f1d38a12cce57fb855b485ed24c9e"},"breadcrumb":{"@id":"https:\/\/akunq.net\/tr\/?p=64140#breadcrumb"},"inLanguage":"en-US","potentialAction":[{"@type":"ReadAction","target":["https:\/\/akunq.net\/tr\/?p=64140"]}]},{"@type":"ImageObject","inLanguage":"en-US","@id":"https:\/\/akunq.net\/tr\/?p=64140#primaryimage","url":"https:\/\/akunq.net\/tr\/wp-content\/uploads\/sites\/6\/2021\/08\/Erdogan.jpg","contentUrl":"https:\/\/akunq.net\/tr\/wp-content\/uploads\/sites\/6\/2021\/08\/Erdogan.jpg","width":656,"height":400},{"@type":"BreadcrumbList","@id":"https:\/\/akunq.net\/tr\/?p=64140#breadcrumb","itemListElement":[{"@type":"ListItem","position":1,"name":"Home","item":"https:\/\/akunq.net\/tr"},{"@type":"ListItem","position":2,"name":"Metropoll anketi: Erdo\u011fan&#8217;\u0131n g\u00f6rev onay\u0131 deste\u011fi AK Parti&#8217;de azald\u0131 muhalefette artt\u0131"}]},{"@type":"WebSite","@id":"https:\/\/akunq.net\/tr\/#website","url":"https:\/\/akunq.net\/tr\/","name":"Bati Ermenistan Ve Bati Ermenileri Sorunlari Ara\u015ftirmalar Merkezi","description":"","potentialAction":[{"@type":"SearchAction","target":{"@type":"EntryPoint","urlTemplate":"https:\/\/akunq.net\/tr\/?s={search_term_string}"},"query-input":{"@type":"PropertyValueSpecification","valueRequired":true,"valueName":"search_term_string"}}],"inLanguage":"en-US"},{"@type":"Person","@id":"https:\/\/akunq.net\/tr\/#\/schema\/person\/096f1d38a12cce57fb855b485ed24c9e","name":"admin","url":"https:\/\/akunq.net\/tr\/?author=7"}]}},"_links":{"self":[{"href":"https:\/\/akunq.net\/tr\/index.php?rest_route=\/wp\/v2\/posts\/64140","targetHints":{"allow":["GET"]}}],"collection":[{"href":"https:\/\/akunq.net\/tr\/index.php?rest_route=\/wp\/v2\/posts"}],"about":[{"href":"https:\/\/akunq.net\/tr\/index.php?rest_route=\/wp\/v2\/types\/post"}],"author":[{"embeddable":true,"href":"https:\/\/akunq.net\/tr\/index.php?rest_route=\/wp\/v2\/users\/7"}],"replies":[{"embeddable":true,"href":"https:\/\/akunq.net\/tr\/index.php?rest_route=%2Fwp%2Fv2%2Fcomments&post=64140"}],"version-history":[{"count":1,"href":"https:\/\/akunq.net\/tr\/index.php?rest_route=\/wp\/v2\/posts\/64140\/revisions"}],"predecessor-version":[{"id":64142,"href":"https:\/\/akunq.net\/tr\/index.php?rest_route=\/wp\/v2\/posts\/64140\/revisions\/64142"}],"wp:featuredmedia":[{"embeddable":true,"href":"https:\/\/akunq.net\/tr\/index.php?rest_route=\/wp\/v2\/media\/64141"}],"wp:attachment":[{"href":"https:\/\/akunq.net\/tr\/index.php?rest_route=%2Fwp%2Fv2%2Fmedia&parent=64140"}],"wp:term":[{"taxonomy":"category","embeddable":true,"href":"https:\/\/akunq.net\/tr\/index.php?rest_route=%2Fwp%2Fv2%2Fcategories&post=64140"},{"taxonomy":"post_tag","embeddable":true,"href":"https:\/\/akunq.net\/tr\/index.php?rest_route=%2Fwp%2Fv2%2Ftags&post=64140"}],"curies":[{"name":"wp","href":"https:\/\/api.w.org\/{rel}","templated":true}]}}