{"id":64123,"date":"2021-08-09T02:11:40","date_gmt":"2021-08-09T07:11:40","guid":{"rendered":"https:\/\/akunq.net\/tr\/?p=64123"},"modified":"2021-08-09T02:42:53","modified_gmt":"2021-08-09T07:42:53","slug":"malatya-uc-horan-kilisesinde-yillar-sonra-ayin-hazirligi","status":"publish","type":"post","link":"https:\/\/akunq.net\/tr\/?p=64123","title":{"rendered":"Malatya \u00dc\u00e7 Horan Kilisesi&#8217;nde y\u0131llar sonra ayin haz\u0131rl\u0131\u011f\u0131"},"content":{"rendered":"<p><img loading=\"lazy\" decoding=\"async\" class=\"aligncenter size-medium wp-image-64124\" src=\"https:\/\/akunq.net\/tr\/wp-content\/uploads\/2021\/08\/Malatya-\u00dc\u00e7-Horan-Kilisesi-360x240.jpg\" alt=\"\" width=\"360\" height=\"240\" srcset=\"https:\/\/akunq.net\/tr\/wp-content\/uploads\/sites\/6\/2021\/08\/Malatya-\u00dc\u00e7-Horan-Kilisesi-360x240.jpg 360w, https:\/\/akunq.net\/tr\/wp-content\/uploads\/sites\/6\/2021\/08\/Malatya-\u00dc\u00e7-Horan-Kilisesi-768x512.jpg 768w, https:\/\/akunq.net\/tr\/wp-content\/uploads\/sites\/6\/2021\/08\/Malatya-\u00dc\u00e7-Horan-Kilisesi-560x373.jpg 560w, https:\/\/akunq.net\/tr\/wp-content\/uploads\/sites\/6\/2021\/08\/Malatya-\u00dc\u00e7-Horan-Kilisesi-260x173.jpg 260w, https:\/\/akunq.net\/tr\/wp-content\/uploads\/sites\/6\/2021\/08\/Malatya-\u00dc\u00e7-Horan-Kilisesi-160x107.jpg 160w, https:\/\/akunq.net\/tr\/wp-content\/uploads\/sites\/6\/2021\/08\/Malatya-\u00dc\u00e7-Horan-Kilisesi.jpg 960w\" sizes=\"auto, (max-width: 360px) 100vw, 360px\" \/><\/p>\n<p><em><strong>Malatya&#8217;daki \u00dc\u00e7 Horan (Surp Yerrortutyun) Ermeni Kilisesi restore edildi. Yap\u0131, hem kilise hem de k\u00fclt\u00fcr merkezi olarak hizmet verecek. \u0130lk ayin 29 A\u011fustos&#8217;ta.<\/strong><\/em><\/p>\n<p>Malatya HAY-DER&#8217;den Kevork \u00d6zkarag\u00f6z&#8217;\u00fcn Agos&#8217;a verdi\u011fi bilgilere g\u00f6re 100 y\u0131l\u0131 a\u015fk\u0131n s\u00fcredir harap vaziyette olan yap\u0131, kamu kaynaklar\u0131 ile restore edildi ancak kilise ile ilgili b\u00f6l\u00fcmlerin yenilenmesini Malatya HAY-DER \u00fcstlendi. Dernek, horanlar, vaftiz b\u00f6l\u00fcm\u00fc gibi b\u00f6l\u00fcmleri restore etti.<\/p>\n<p>Yap\u0131 ikili bir fonksiyonla faaliyet g\u00f6sterecek. Ermeni cemaatinin ayin, vaftiz, d\u00fc\u011f\u00fcn gibi etkinlikleri ger\u00e7ekle\u015ftirece\u011fi yap\u0131 ayn\u0131 zamanda k\u00fclt\u00fcr merkezi olarak da hizmet verecek.<\/p>\n<p>Yap\u0131n\u0131n giri\u015finde \u00fc\u00e7 dilde (T\u00fcrk\u00e7e-Ermenice-\u0130ngilizce) &#8220;Malatya \u00dc\u00e7 Horan Kilisesi- Ta\u015fhoran K\u00fclt\u00fcr Merkezi&#8221; ibaresi yer alacak.<\/p>\n<p>26 A\u011fustos&#8217;ta resmi bir a\u00e7\u0131l\u0131\u015f t\u00f6reni yap\u0131lacak, 28 A\u011fustos&#8217;ta kilise kutsanacak ve 29 A\u011fustos&#8217;ta da Patrik Ma\u015falyan&#8217;\u0131n kat\u0131l\u0131m\u0131yla ilk ayin ger\u00e7ekle\u015ftirilecek.<\/p>\n<p>Kilise uzun s\u00fcredir Hazine ve Malatya Belediyesi&#8217;nin m\u00fclkiyetinde ve tapuda &#8220;Kilise&#8221; olarak yer al\u0131yor. Kilise Hrant Dink&#8217;in do\u011fdu\u011fu mahalleye de 250 metrelik mesafede.<\/p>\n<div id=\"photoholder1\" class=\"photoholder no-display appear\"><img loading=\"lazy\" decoding=\"async\" class=\"no-display appear\" src=\"http:\/\/admin.agos.com.tr\/Upload\/Agos\/Images\/malatya%20%C3%BC%C3%A7%20horan.jpg\" alt=\"\" width=\"400\" height=\"350\" \/><\/div>\n<p>Ge\u00e7ti\u011fimiz g\u00fcnlerde T\u00fcrkiye Ermeni Patrikli\u011fi ve Malatya HAY-DER \u00fcyeleri de kiliseye bir ziyaret ger\u00e7ekle\u015ftirdi. Patrikhane konuyla ilgili olarak \u015fu a\u00e7\u0131klamay\u0131 yapt\u0131:<\/p>\n<p>&#8220;Kadasetli Patrik Sahak II. Hazretleri\u2019nin takdisleri ve talimatlar\u0131yla, haz\u0131rl\u0131k \u00e7al\u0131\u015fmalar\u0131n\u0131 kontrol etmek i\u00e7in, 4 A\u011fustos\u2019da,\u00a0 \u0130stanbul\u2019dan Malatya\u2019ya bir delegasyon hareket etti. Patrikli\u011fin ayinlerden sorumlu m\u00fcd\u00fcr\u00fc Ba\u015frahip Tatul Anu\u015fyan\u2019\u0131n \u00f6nderli\u011findeki grupta, Malatya HAYDER Derne\u011fi Ba\u015fkan\u0131 Nurhan Gezdirici ve Dernek \u00fcyelerinden Kevork \u00d6zkarag\u00f6z yer almaktayd\u0131.<\/p>\n<p>\u0130stanbul\u2019dan hareket eden grup, Malatya\u2019da Hatay Ermeni Kiliseleri Din G\u00f6revlisi Peder Avedis Taba\u015fyan, Yusuf Taba\u015fyan ve Malatya Ermeni Cemaati \u00fcyelerinden Serdar Boyac\u0131 ve Sarkis Boyac\u0131 taraf\u0131ndan kar\u015f\u0131land\u0131. Yerinde yap\u0131lan incelemeler sonras\u0131nda, delegasyon \u00fcyeleri Malatya B\u00fcy\u00fck\u015fehir Belediye Ba\u015fkan\u0131 Selahattin G\u00fcrkan taraf\u0131ndan kabul edildiler.<\/p>\n<p>G\u00f6r\u00fc\u015fme esnas\u0131nda, a\u00e7\u0131l\u0131\u015f tarihi kesinle\u015ftirildi. Bilindi\u011fi \u00fczere, kilise resmi olarak \u201cS. Yerrortutyun Kilisesi \u2013 Ta\u015fhoran K\u00fclt\u00fcr Merkezi\u201d olarak an\u0131lacak. G\u00f6r\u00fc\u015fme esnas\u0131nda t\u00f6renler ve programlar hakk\u0131nda fikir al\u0131\u015fveri\u015fi ger\u00e7ekle\u015fti. G\u00f6r\u00fc\u015fme sonras\u0131nda a\u00e7\u0131klanan takvim \u015fu \u015fekilde: 26 A\u011fustos 2021, Per\u015fembe sabah\u0131, resmi erkan\u0131n da kat\u0131l\u0131m\u0131yla resmi a\u00e7\u0131l\u0131\u015f t\u00f6reni ger\u00e7ekle\u015ftirilecek. 28 A\u011fustos, Cumartesi, Kadasetli Patrik Hazretleri eliyle kilise binas\u0131 takdis edilecek. 29 A\u011fustos, Pazar, sabah\u0131 ise Kadasetli Patrik Hazretleri, yeni takdis edilmi\u015f kilisede ilk Surp Badarak\u2019\u0131 sunacak.&#8221;<\/p>\n<p><em><strong>http:\/\/www.agos.com.tr\/tr\/yazi\/26013\/malatya-uc-horan-kilisesi-nde-yillar-sonra-ayin-hazirligi\u00a0<\/strong><\/em><\/p>\n","protected":false},"excerpt":{"rendered":"<p>Malatya&#8217;daki \u00dc\u00e7 Horan (Surp Yerrortutyun) Ermeni Kilisesi restore edildi. Yap\u0131, hem kilise hem de k\u00fclt\u00fcr merkezi olarak hizmet verecek. \u0130lk ayin 29 A\u011fustos&#8217;ta. Malatya HAY-DER&#8217;den Kevork \u00d6zkarag\u00f6z&#8217;\u00fcn Agos&#8217;a verdi\u011fi bilgilere g\u00f6re 100 y\u0131l\u0131 a\u015fk\u0131n s\u00fcredir harap vaziyette olan yap\u0131, kamu kaynaklar\u0131 ile restore edildi ancak kilise ile ilgili b\u00f6l\u00fcmlerin yenilenmesini Malatya HAY-DER \u00fcstlendi. Dernek, horanlar, [&hellip;]<\/p>\n","protected":false},"author":7,"featured_media":64124,"comment_status":"open","ping_status":"open","sticky":false,"template":"","format":"standard","meta":{"footnotes":""},"categories":[22,1],"tags":[],"class_list":["post-64123","post","type-post","status-publish","format-standard","has-post-thumbnail","hentry","category-gunumuzde-bati-ermenistan","category-haberler"],"yoast_head":"<!-- This site is optimized with the Yoast SEO plugin v27.4 - https:\/\/yoast.com\/product\/yoast-seo-wordpress\/ -->\n<title>Malatya \u00dc\u00e7 Horan Kilisesi&#039;nde y\u0131llar sonra ayin haz\u0131rl\u0131\u011f\u0131 - Bati Ermenistan Ve Bati Ermenileri Sorunlari Ara\u015ftirmalar Merkezi<\/title>\n<meta name=\"robots\" content=\"index, follow, max-snippet:-1, max-image-preview:large, max-video-preview:-1\" \/>\n<link rel=\"canonical\" href=\"https:\/\/akunq.net\/tr\/?p=64123\" \/>\n<meta property=\"og:locale\" content=\"en_US\" \/>\n<meta property=\"og:type\" content=\"article\" \/>\n<meta property=\"og:title\" content=\"Malatya \u00dc\u00e7 Horan Kilisesi&#039;nde y\u0131llar sonra ayin haz\u0131rl\u0131\u011f\u0131 - Bati Ermenistan Ve Bati Ermenileri Sorunlari Ara\u015ftirmalar Merkezi\" \/>\n<meta property=\"og:description\" content=\"Malatya&#8217;daki \u00dc\u00e7 Horan (Surp Yerrortutyun) Ermeni Kilisesi restore edildi. Yap\u0131, hem kilise hem de k\u00fclt\u00fcr merkezi olarak hizmet verecek. \u0130lk ayin 29 A\u011fustos&#8217;ta. Malatya HAY-DER&#8217;den Kevork \u00d6zkarag\u00f6z&#8217;\u00fcn Agos&#8217;a verdi\u011fi bilgilere g\u00f6re 100 y\u0131l\u0131 a\u015fk\u0131n s\u00fcredir harap vaziyette olan yap\u0131, kamu kaynaklar\u0131 ile restore edildi ancak kilise ile ilgili b\u00f6l\u00fcmlerin yenilenmesini Malatya HAY-DER \u00fcstlendi. Dernek, horanlar, [&hellip;]\" \/>\n<meta property=\"og:url\" content=\"https:\/\/akunq.net\/tr\/?p=64123\" \/>\n<meta property=\"og:site_name\" content=\"Bati Ermenistan Ve Bati Ermenileri Sorunlari Ara\u015ftirmalar Merkezi\" \/>\n<meta property=\"article:published_time\" content=\"2021-08-09T07:11:40+00:00\" \/>\n<meta property=\"article:modified_time\" content=\"2021-08-09T07:42:53+00:00\" \/>\n<meta property=\"og:image\" content=\"https:\/\/akunq.net\/tr\/wp-content\/uploads\/sites\/6\/2021\/08\/Malatya-\u00dc\u00e7-Horan-Kilisesi.jpg\" \/>\n\t<meta property=\"og:image:width\" content=\"960\" \/>\n\t<meta property=\"og:image:height\" content=\"640\" \/>\n\t<meta property=\"og:image:type\" content=\"image\/jpeg\" \/>\n<meta name=\"author\" content=\"admin\" \/>\n<meta name=\"twitter:card\" content=\"summary_large_image\" \/>\n<meta name=\"twitter:label1\" content=\"Written by\" \/>\n\t<meta name=\"twitter:data1\" content=\"admin\" \/>\n\t<meta name=\"twitter:label2\" content=\"Est. reading time\" \/>\n\t<meta name=\"twitter:data2\" content=\"2 minutes\" \/>\n<script type=\"application\/ld+json\" class=\"yoast-schema-graph\">{\"@context\":\"https:\\\/\\\/schema.org\",\"@graph\":[{\"@type\":\"Article\",\"@id\":\"https:\\\/\\\/akunq.net\\\/tr\\\/?p=64123#article\",\"isPartOf\":{\"@id\":\"https:\\\/\\\/akunq.net\\\/tr\\\/?p=64123\"},\"author\":{\"name\":\"admin\",\"@id\":\"https:\\\/\\\/akunq.net\\\/tr\\\/#\\\/schema\\\/person\\\/096f1d38a12cce57fb855b485ed24c9e\"},\"headline\":\"Malatya \u00dc\u00e7 Horan Kilisesi&#8217;nde y\u0131llar sonra ayin haz\u0131rl\u0131\u011f\u0131\",\"datePublished\":\"2021-08-09T07:11:40+00:00\",\"dateModified\":\"2021-08-09T07:42:53+00:00\",\"mainEntityOfPage\":{\"@id\":\"https:\\\/\\\/akunq.net\\\/tr\\\/?p=64123\"},\"wordCount\":455,\"commentCount\":0,\"image\":{\"@id\":\"https:\\\/\\\/akunq.net\\\/tr\\\/?p=64123#primaryimage\"},\"thumbnailUrl\":\"https:\\\/\\\/akunq.net\\\/tr\\\/wp-content\\\/uploads\\\/sites\\\/6\\\/2021\\\/08\\\/Malatya-\u00dc\u00e7-Horan-Kilisesi.jpg\",\"articleSection\":[\"G\u00fcn\u00fcm\u00fczde Bat\u0131 Ermenistan\",\"Haberler\"],\"inLanguage\":\"en-US\",\"potentialAction\":[{\"@type\":\"CommentAction\",\"name\":\"Comment\",\"target\":[\"https:\\\/\\\/akunq.net\\\/tr\\\/?p=64123#respond\"]}]},{\"@type\":\"WebPage\",\"@id\":\"https:\\\/\\\/akunq.net\\\/tr\\\/?p=64123\",\"url\":\"https:\\\/\\\/akunq.net\\\/tr\\\/?p=64123\",\"name\":\"Malatya \u00dc\u00e7 Horan Kilisesi'nde y\u0131llar sonra ayin haz\u0131rl\u0131\u011f\u0131 - Bati Ermenistan Ve Bati Ermenileri Sorunlari Ara\u015ftirmalar Merkezi\",\"isPartOf\":{\"@id\":\"https:\\\/\\\/akunq.net\\\/tr\\\/#website\"},\"primaryImageOfPage\":{\"@id\":\"https:\\\/\\\/akunq.net\\\/tr\\\/?p=64123#primaryimage\"},\"image\":{\"@id\":\"https:\\\/\\\/akunq.net\\\/tr\\\/?p=64123#primaryimage\"},\"thumbnailUrl\":\"https:\\\/\\\/akunq.net\\\/tr\\\/wp-content\\\/uploads\\\/sites\\\/6\\\/2021\\\/08\\\/Malatya-\u00dc\u00e7-Horan-Kilisesi.jpg\",\"datePublished\":\"2021-08-09T07:11:40+00:00\",\"dateModified\":\"2021-08-09T07:42:53+00:00\",\"author\":{\"@id\":\"https:\\\/\\\/akunq.net\\\/tr\\\/#\\\/schema\\\/person\\\/096f1d38a12cce57fb855b485ed24c9e\"},\"breadcrumb\":{\"@id\":\"https:\\\/\\\/akunq.net\\\/tr\\\/?p=64123#breadcrumb\"},\"inLanguage\":\"en-US\",\"potentialAction\":[{\"@type\":\"ReadAction\",\"target\":[\"https:\\\/\\\/akunq.net\\\/tr\\\/?p=64123\"]}]},{\"@type\":\"ImageObject\",\"inLanguage\":\"en-US\",\"@id\":\"https:\\\/\\\/akunq.net\\\/tr\\\/?p=64123#primaryimage\",\"url\":\"https:\\\/\\\/akunq.net\\\/tr\\\/wp-content\\\/uploads\\\/sites\\\/6\\\/2021\\\/08\\\/Malatya-\u00dc\u00e7-Horan-Kilisesi.jpg\",\"contentUrl\":\"https:\\\/\\\/akunq.net\\\/tr\\\/wp-content\\\/uploads\\\/sites\\\/6\\\/2021\\\/08\\\/Malatya-\u00dc\u00e7-Horan-Kilisesi.jpg\",\"width\":960,\"height\":640},{\"@type\":\"BreadcrumbList\",\"@id\":\"https:\\\/\\\/akunq.net\\\/tr\\\/?p=64123#breadcrumb\",\"itemListElement\":[{\"@type\":\"ListItem\",\"position\":1,\"name\":\"Home\",\"item\":\"https:\\\/\\\/akunq.net\\\/tr\"},{\"@type\":\"ListItem\",\"position\":2,\"name\":\"Malatya \u00dc\u00e7 Horan Kilisesi&#8217;nde y\u0131llar sonra ayin haz\u0131rl\u0131\u011f\u0131\"}]},{\"@type\":\"WebSite\",\"@id\":\"https:\\\/\\\/akunq.net\\\/tr\\\/#website\",\"url\":\"https:\\\/\\\/akunq.net\\\/tr\\\/\",\"name\":\"Bati Ermenistan Ve Bati Ermenileri Sorunlari Ara\u015ftirmalar Merkezi\",\"description\":\"\",\"potentialAction\":[{\"@type\":\"SearchAction\",\"target\":{\"@type\":\"EntryPoint\",\"urlTemplate\":\"https:\\\/\\\/akunq.net\\\/tr\\\/?s={search_term_string}\"},\"query-input\":{\"@type\":\"PropertyValueSpecification\",\"valueRequired\":true,\"valueName\":\"search_term_string\"}}],\"inLanguage\":\"en-US\"},{\"@type\":\"Person\",\"@id\":\"https:\\\/\\\/akunq.net\\\/tr\\\/#\\\/schema\\\/person\\\/096f1d38a12cce57fb855b485ed24c9e\",\"name\":\"admin\",\"url\":\"https:\\\/\\\/akunq.net\\\/tr\\\/?author=7\"}]}<\/script>\n<!-- \/ Yoast SEO plugin. -->","yoast_head_json":{"title":"Malatya \u00dc\u00e7 Horan Kilisesi'nde y\u0131llar sonra ayin haz\u0131rl\u0131\u011f\u0131 - Bati Ermenistan Ve Bati Ermenileri Sorunlari Ara\u015ftirmalar Merkezi","robots":{"index":"index","follow":"follow","max-snippet":"max-snippet:-1","max-image-preview":"max-image-preview:large","max-video-preview":"max-video-preview:-1"},"canonical":"https:\/\/akunq.net\/tr\/?p=64123","og_locale":"en_US","og_type":"article","og_title":"Malatya \u00dc\u00e7 Horan Kilisesi'nde y\u0131llar sonra ayin haz\u0131rl\u0131\u011f\u0131 - Bati Ermenistan Ve Bati Ermenileri Sorunlari Ara\u015ftirmalar Merkezi","og_description":"Malatya&#8217;daki \u00dc\u00e7 Horan (Surp Yerrortutyun) Ermeni Kilisesi restore edildi. Yap\u0131, hem kilise hem de k\u00fclt\u00fcr merkezi olarak hizmet verecek. \u0130lk ayin 29 A\u011fustos&#8217;ta. Malatya HAY-DER&#8217;den Kevork \u00d6zkarag\u00f6z&#8217;\u00fcn Agos&#8217;a verdi\u011fi bilgilere g\u00f6re 100 y\u0131l\u0131 a\u015fk\u0131n s\u00fcredir harap vaziyette olan yap\u0131, kamu kaynaklar\u0131 ile restore edildi ancak kilise ile ilgili b\u00f6l\u00fcmlerin yenilenmesini Malatya HAY-DER \u00fcstlendi. Dernek, horanlar, [&hellip;]","og_url":"https:\/\/akunq.net\/tr\/?p=64123","og_site_name":"Bati Ermenistan Ve Bati Ermenileri Sorunlari Ara\u015ftirmalar Merkezi","article_published_time":"2021-08-09T07:11:40+00:00","article_modified_time":"2021-08-09T07:42:53+00:00","og_image":[{"width":960,"height":640,"url":"https:\/\/akunq.net\/tr\/wp-content\/uploads\/sites\/6\/2021\/08\/Malatya-\u00dc\u00e7-Horan-Kilisesi.jpg","type":"image\/jpeg"}],"author":"admin","twitter_card":"summary_large_image","twitter_misc":{"Written by":"admin","Est. reading time":"2 minutes"},"schema":{"@context":"https:\/\/schema.org","@graph":[{"@type":"Article","@id":"https:\/\/akunq.net\/tr\/?p=64123#article","isPartOf":{"@id":"https:\/\/akunq.net\/tr\/?p=64123"},"author":{"name":"admin","@id":"https:\/\/akunq.net\/tr\/#\/schema\/person\/096f1d38a12cce57fb855b485ed24c9e"},"headline":"Malatya \u00dc\u00e7 Horan Kilisesi&#8217;nde y\u0131llar sonra ayin haz\u0131rl\u0131\u011f\u0131","datePublished":"2021-08-09T07:11:40+00:00","dateModified":"2021-08-09T07:42:53+00:00","mainEntityOfPage":{"@id":"https:\/\/akunq.net\/tr\/?p=64123"},"wordCount":455,"commentCount":0,"image":{"@id":"https:\/\/akunq.net\/tr\/?p=64123#primaryimage"},"thumbnailUrl":"https:\/\/akunq.net\/tr\/wp-content\/uploads\/sites\/6\/2021\/08\/Malatya-\u00dc\u00e7-Horan-Kilisesi.jpg","articleSection":["G\u00fcn\u00fcm\u00fczde Bat\u0131 Ermenistan","Haberler"],"inLanguage":"en-US","potentialAction":[{"@type":"CommentAction","name":"Comment","target":["https:\/\/akunq.net\/tr\/?p=64123#respond"]}]},{"@type":"WebPage","@id":"https:\/\/akunq.net\/tr\/?p=64123","url":"https:\/\/akunq.net\/tr\/?p=64123","name":"Malatya \u00dc\u00e7 Horan Kilisesi'nde y\u0131llar sonra ayin haz\u0131rl\u0131\u011f\u0131 - Bati Ermenistan Ve Bati Ermenileri Sorunlari Ara\u015ftirmalar Merkezi","isPartOf":{"@id":"https:\/\/akunq.net\/tr\/#website"},"primaryImageOfPage":{"@id":"https:\/\/akunq.net\/tr\/?p=64123#primaryimage"},"image":{"@id":"https:\/\/akunq.net\/tr\/?p=64123#primaryimage"},"thumbnailUrl":"https:\/\/akunq.net\/tr\/wp-content\/uploads\/sites\/6\/2021\/08\/Malatya-\u00dc\u00e7-Horan-Kilisesi.jpg","datePublished":"2021-08-09T07:11:40+00:00","dateModified":"2021-08-09T07:42:53+00:00","author":{"@id":"https:\/\/akunq.net\/tr\/#\/schema\/person\/096f1d38a12cce57fb855b485ed24c9e"},"breadcrumb":{"@id":"https:\/\/akunq.net\/tr\/?p=64123#breadcrumb"},"inLanguage":"en-US","potentialAction":[{"@type":"ReadAction","target":["https:\/\/akunq.net\/tr\/?p=64123"]}]},{"@type":"ImageObject","inLanguage":"en-US","@id":"https:\/\/akunq.net\/tr\/?p=64123#primaryimage","url":"https:\/\/akunq.net\/tr\/wp-content\/uploads\/sites\/6\/2021\/08\/Malatya-\u00dc\u00e7-Horan-Kilisesi.jpg","contentUrl":"https:\/\/akunq.net\/tr\/wp-content\/uploads\/sites\/6\/2021\/08\/Malatya-\u00dc\u00e7-Horan-Kilisesi.jpg","width":960,"height":640},{"@type":"BreadcrumbList","@id":"https:\/\/akunq.net\/tr\/?p=64123#breadcrumb","itemListElement":[{"@type":"ListItem","position":1,"name":"Home","item":"https:\/\/akunq.net\/tr"},{"@type":"ListItem","position":2,"name":"Malatya \u00dc\u00e7 Horan Kilisesi&#8217;nde y\u0131llar sonra ayin haz\u0131rl\u0131\u011f\u0131"}]},{"@type":"WebSite","@id":"https:\/\/akunq.net\/tr\/#website","url":"https:\/\/akunq.net\/tr\/","name":"Bati Ermenistan Ve Bati Ermenileri Sorunlari Ara\u015ftirmalar Merkezi","description":"","potentialAction":[{"@type":"SearchAction","target":{"@type":"EntryPoint","urlTemplate":"https:\/\/akunq.net\/tr\/?s={search_term_string}"},"query-input":{"@type":"PropertyValueSpecification","valueRequired":true,"valueName":"search_term_string"}}],"inLanguage":"en-US"},{"@type":"Person","@id":"https:\/\/akunq.net\/tr\/#\/schema\/person\/096f1d38a12cce57fb855b485ed24c9e","name":"admin","url":"https:\/\/akunq.net\/tr\/?author=7"}]}},"_links":{"self":[{"href":"https:\/\/akunq.net\/tr\/index.php?rest_route=\/wp\/v2\/posts\/64123","targetHints":{"allow":["GET"]}}],"collection":[{"href":"https:\/\/akunq.net\/tr\/index.php?rest_route=\/wp\/v2\/posts"}],"about":[{"href":"https:\/\/akunq.net\/tr\/index.php?rest_route=\/wp\/v2\/types\/post"}],"author":[{"embeddable":true,"href":"https:\/\/akunq.net\/tr\/index.php?rest_route=\/wp\/v2\/users\/7"}],"replies":[{"embeddable":true,"href":"https:\/\/akunq.net\/tr\/index.php?rest_route=%2Fwp%2Fv2%2Fcomments&post=64123"}],"version-history":[{"count":1,"href":"https:\/\/akunq.net\/tr\/index.php?rest_route=\/wp\/v2\/posts\/64123\/revisions"}],"predecessor-version":[{"id":64125,"href":"https:\/\/akunq.net\/tr\/index.php?rest_route=\/wp\/v2\/posts\/64123\/revisions\/64125"}],"wp:featuredmedia":[{"embeddable":true,"href":"https:\/\/akunq.net\/tr\/index.php?rest_route=\/wp\/v2\/media\/64124"}],"wp:attachment":[{"href":"https:\/\/akunq.net\/tr\/index.php?rest_route=%2Fwp%2Fv2%2Fmedia&parent=64123"}],"wp:term":[{"taxonomy":"category","embeddable":true,"href":"https:\/\/akunq.net\/tr\/index.php?rest_route=%2Fwp%2Fv2%2Fcategories&post=64123"},{"taxonomy":"post_tag","embeddable":true,"href":"https:\/\/akunq.net\/tr\/index.php?rest_route=%2Fwp%2Fv2%2Ftags&post=64123"}],"curies":[{"name":"wp","href":"https:\/\/api.w.org\/{rel}","templated":true}]}}