{"id":64108,"date":"2021-08-06T02:57:30","date_gmt":"2021-08-06T07:57:30","guid":{"rendered":"https:\/\/akunq.net\/tr\/?p=64108"},"modified":"2021-08-06T02:57:30","modified_gmt":"2021-08-06T07:57:30","slug":"halk-tv-canli-yayinina-saldiri-5-kisi-gozaltinda","status":"publish","type":"post","link":"https:\/\/akunq.net\/tr\/?p=64108","title":{"rendered":"Halk TV canl\u0131 yay\u0131n\u0131na sald\u0131r\u0131: 5 ki\u015fi g\u00f6zalt\u0131nda"},"content":{"rendered":"<p><img loading=\"lazy\" decoding=\"async\" class=\"aligncenter size-medium wp-image-64109\" src=\"https:\/\/akunq.net\/tr\/wp-content\/uploads\/2021\/08\/Halk-TV-canl\u0131-yay\u0131n\u0131na-sald\u0131r\u0131-360x203.jpg\" alt=\"\" width=\"360\" height=\"203\" srcset=\"https:\/\/akunq.net\/tr\/wp-content\/uploads\/sites\/6\/2021\/08\/Halk-TV-canl\u0131-yay\u0131n\u0131na-sald\u0131r\u0131-360x203.jpg 360w, https:\/\/akunq.net\/tr\/wp-content\/uploads\/sites\/6\/2021\/08\/Halk-TV-canl\u0131-yay\u0131n\u0131na-sald\u0131r\u0131-768x432.jpg 768w, https:\/\/akunq.net\/tr\/wp-content\/uploads\/sites\/6\/2021\/08\/Halk-TV-canl\u0131-yay\u0131n\u0131na-sald\u0131r\u0131-560x315.jpg 560w, https:\/\/akunq.net\/tr\/wp-content\/uploads\/sites\/6\/2021\/08\/Halk-TV-canl\u0131-yay\u0131n\u0131na-sald\u0131r\u0131-260x146.jpg 260w, https:\/\/akunq.net\/tr\/wp-content\/uploads\/sites\/6\/2021\/08\/Halk-TV-canl\u0131-yay\u0131n\u0131na-sald\u0131r\u0131-160x90.jpg 160w, https:\/\/akunq.net\/tr\/wp-content\/uploads\/sites\/6\/2021\/08\/Halk-TV-canl\u0131-yay\u0131n\u0131na-sald\u0131r\u0131.jpg 832w\" sizes=\"auto, (max-width: 360px) 100vw, 360px\" \/><\/p>\n<p><em><strong>Halk TV&#8217;nin Marmaris \u0130\u00e7meler&#8217;de yang\u0131nlarla ilgili yapt\u0131\u011f\u0131 canl\u0131 yay\u0131n s\u0131ras\u0131nda konuklara ve televizyon ekibine sald\u0131r\u0131 ger\u00e7ekle\u015fti.<\/strong><\/em><\/p>\n<p>Televizyonun payla\u015ft\u0131\u011f\u0131 g\u00f6r\u00fcnt\u00fclerde d\u0131\u015far\u0131dan gelen en az be\u015f ki\u015finin sandalyede oturan gazetecilere ve konuklar\u0131n \u00fczerine y\u00fcr\u00fcd\u00fc\u011f\u00fc g\u00f6r\u00fcl\u00fcyor.<\/p>\n<p>Sald\u0131r\u0131y\u0131 ger\u00e7ekle\u015ftiren gruptan be\u015f ki\u015fi g\u00f6zalt\u0131na al\u0131nd\u0131.<\/p>\n<p>Halk TV&#8217;de yay\u0131nlanan G\u00f6kmen Karada\u011f ile A\u00e7\u0131k\u00e7a program\u0131nda konuk olarak gazeteciler \u0130smail Saymaz, Murat A\u011f\u0131rel, avukat Salim \u015een ve bir CHP Mu\u011fla milletvekilinin de oldu\u011fu yay\u0131na sald\u0131r\u0131 ger\u00e7ekle\u015ftirildi.<\/p>\n<p>Sald\u0131rganlar \u00f6nce canl\u0131 yay\u0131n s\u0131ras\u0131nda, &#8220;Efendice konu\u015fmak istiyoruz&#8221; diyerek yay\u0131na girdi; ard\u0131ndan program\u0131 sunan gazeteci G\u00f6kmen Karada\u011f araya gittiklerini duyurdu.<\/p>\n<p>Ara s\u0131ras\u0131nda ise yay\u0131n\u0131 durdurmak isteyen ki\u015filer yay\u0131n ekibiyle tart\u0131\u015farak Halk TV g\u00f6revlilerinin \u00fczerine\u00a0<a href=\"https:\/\/twitter.com\/muratagirel\/status\/1423399327993671681?s=20\">y\u00fcr\u00fcd\u00fc<\/a>.<\/p>\n<p>Sald\u0131rganlar\u0131n yay\u0131n\u0131n kesilmesini istedi\u011fi ve &#8220;Yanl\u0131\u015f \u015feyler konu\u015ftu\u011funda engelleriz&#8221; diyerek yay\u0131n ekibine sald\u0131rd\u0131\u011f\u0131 aktar\u0131ld\u0131.<\/p>\n<p>Bir ki\u015finin Halk TV ekibine elindeki cam \u015fi\u015feyle sald\u0131rd\u0131\u011f\u0131 da g\u00f6r\u00fcnt\u00fclerde yer al\u0131yor.<\/p>\n<p>Sald\u0131r\u0131n\u0131n ard\u0131ndan yay\u0131na devam eden G\u00f6kmen Karada\u011f, &#8220;Verdi\u011fimiz k\u0131sa arada, &#8216;Ne s\u00f6ylemek istiyorsan\u0131z s\u00f6yleyin, yay\u0131n ba\u015flad\u0131\u011f\u0131nda ben bunlar\u0131 iletece\u011fim&#8217; dedim. Israrla yay\u0131na kat\u0131lmak istediler. Bunun m\u00fcmk\u00fcn olamayaca\u011f\u0131n\u0131 defalarca ilettim. Bunun \u00fczerine yay\u0131n yapmam\u0131za engel oldular&#8221; a\u00e7\u0131klamas\u0131nda bulundu.<\/p>\n<p>Gazeteci \u0130smail Saymaz, &#8220;K\u0131\u015fk\u0131rt\u0131lm\u0131\u015f gruplar\u0131n sald\u0131r\u0131s\u0131 bizi durduramayacak. Gerekirse sabaha kadar burada canl\u0131 yay\u0131n yapar\u0131z&#8221; dedi.<\/p>\n<p>Gazeteci Murat A\u011f\u0131rel ise, &#8220;Gruptan bir ki\u015fi &#8216;E\u011fer siz bu yay\u0131na devam ederseniz ve s\u00f6ylediklerinizin yanl\u0131\u015f oldu\u011funu d\u00fc\u015f\u00fcn\u00fcrsek size bu yay\u0131n\u0131 yapt\u0131rmay\u0131z&#8217; dedi. Bu i\u015f fikrini beyan etme de\u011fil, bir tehdittir. Buradaki gazeteciler, vekiller bu tehditlere boyun e\u011fecek insanlar de\u011filler&#8221; ifadesini kulland\u0131.<\/p>\n<p><em><strong>http:\/\/www.agos.com.tr\/tr\/yazi\/26007\/halk-tv-canli-yayinina-saldiri-5-kisi-gozaltinda\u00a0<\/strong><\/em><\/p>\n","protected":false},"excerpt":{"rendered":"<p>Halk TV&#8217;nin Marmaris \u0130\u00e7meler&#8217;de yang\u0131nlarla ilgili yapt\u0131\u011f\u0131 canl\u0131 yay\u0131n s\u0131ras\u0131nda konuklara ve televizyon ekibine sald\u0131r\u0131 ger\u00e7ekle\u015fti. Televizyonun payla\u015ft\u0131\u011f\u0131 g\u00f6r\u00fcnt\u00fclerde d\u0131\u015far\u0131dan gelen en az be\u015f ki\u015finin sandalyede oturan gazetecilere ve konuklar\u0131n \u00fczerine y\u00fcr\u00fcd\u00fc\u011f\u00fc g\u00f6r\u00fcl\u00fcyor. Sald\u0131r\u0131y\u0131 ger\u00e7ekle\u015ftiren gruptan be\u015f ki\u015fi g\u00f6zalt\u0131na al\u0131nd\u0131. Halk TV&#8217;de yay\u0131nlanan G\u00f6kmen Karada\u011f ile A\u00e7\u0131k\u00e7a program\u0131nda konuk olarak gazeteciler \u0130smail Saymaz, Murat A\u011f\u0131rel, [&hellip;]<\/p>\n","protected":false},"author":7,"featured_media":64109,"comment_status":"open","ping_status":"open","sticky":false,"template":"","format":"standard","meta":{"footnotes":""},"categories":[1],"tags":[],"class_list":["post-64108","post","type-post","status-publish","format-standard","has-post-thumbnail","hentry","category-haberler"],"yoast_head":"<!-- This site is optimized with the Yoast SEO plugin v27.4 - https:\/\/yoast.com\/product\/yoast-seo-wordpress\/ -->\n<title>Halk TV canl\u0131 yay\u0131n\u0131na sald\u0131r\u0131: 5 ki\u015fi g\u00f6zalt\u0131nda - Bati Ermenistan Ve Bati Ermenileri Sorunlari Ara\u015ftirmalar Merkezi<\/title>\n<meta name=\"robots\" content=\"index, follow, max-snippet:-1, max-image-preview:large, max-video-preview:-1\" \/>\n<link rel=\"canonical\" href=\"https:\/\/akunq.net\/tr\/?p=64108\" \/>\n<meta property=\"og:locale\" content=\"en_US\" \/>\n<meta property=\"og:type\" content=\"article\" \/>\n<meta property=\"og:title\" content=\"Halk TV canl\u0131 yay\u0131n\u0131na sald\u0131r\u0131: 5 ki\u015fi g\u00f6zalt\u0131nda - Bati Ermenistan Ve Bati Ermenileri Sorunlari Ara\u015ftirmalar Merkezi\" \/>\n<meta property=\"og:description\" content=\"Halk TV&#8217;nin Marmaris \u0130\u00e7meler&#8217;de yang\u0131nlarla ilgili yapt\u0131\u011f\u0131 canl\u0131 yay\u0131n s\u0131ras\u0131nda konuklara ve televizyon ekibine sald\u0131r\u0131 ger\u00e7ekle\u015fti. Televizyonun payla\u015ft\u0131\u011f\u0131 g\u00f6r\u00fcnt\u00fclerde d\u0131\u015far\u0131dan gelen en az be\u015f ki\u015finin sandalyede oturan gazetecilere ve konuklar\u0131n \u00fczerine y\u00fcr\u00fcd\u00fc\u011f\u00fc g\u00f6r\u00fcl\u00fcyor. Sald\u0131r\u0131y\u0131 ger\u00e7ekle\u015ftiren gruptan be\u015f ki\u015fi g\u00f6zalt\u0131na al\u0131nd\u0131. Halk TV&#8217;de yay\u0131nlanan G\u00f6kmen Karada\u011f ile A\u00e7\u0131k\u00e7a program\u0131nda konuk olarak gazeteciler \u0130smail Saymaz, Murat A\u011f\u0131rel, [&hellip;]\" \/>\n<meta property=\"og:url\" content=\"https:\/\/akunq.net\/tr\/?p=64108\" \/>\n<meta property=\"og:site_name\" content=\"Bati Ermenistan Ve Bati Ermenileri Sorunlari Ara\u015ftirmalar Merkezi\" \/>\n<meta property=\"article:published_time\" content=\"2021-08-06T07:57:30+00:00\" \/>\n<meta property=\"og:image\" content=\"https:\/\/akunq.net\/tr\/wp-content\/uploads\/sites\/6\/2021\/08\/Halk-TV-canl\u0131-yay\u0131n\u0131na-sald\u0131r\u0131.jpg\" \/>\n\t<meta property=\"og:image:width\" content=\"832\" \/>\n\t<meta property=\"og:image:height\" content=\"468\" \/>\n\t<meta property=\"og:image:type\" content=\"image\/jpeg\" \/>\n<meta name=\"author\" content=\"admin\" \/>\n<meta name=\"twitter:card\" content=\"summary_large_image\" \/>\n<meta name=\"twitter:label1\" content=\"Written by\" \/>\n\t<meta name=\"twitter:data1\" content=\"admin\" \/>\n\t<meta name=\"twitter:label2\" content=\"Est. reading time\" \/>\n\t<meta name=\"twitter:data2\" content=\"2 minutes\" \/>\n<script type=\"application\/ld+json\" class=\"yoast-schema-graph\">{\"@context\":\"https:\\\/\\\/schema.org\",\"@graph\":[{\"@type\":\"Article\",\"@id\":\"https:\\\/\\\/akunq.net\\\/tr\\\/?p=64108#article\",\"isPartOf\":{\"@id\":\"https:\\\/\\\/akunq.net\\\/tr\\\/?p=64108\"},\"author\":{\"name\":\"admin\",\"@id\":\"https:\\\/\\\/akunq.net\\\/tr\\\/#\\\/schema\\\/person\\\/096f1d38a12cce57fb855b485ed24c9e\"},\"headline\":\"Halk TV canl\u0131 yay\u0131n\u0131na sald\u0131r\u0131: 5 ki\u015fi g\u00f6zalt\u0131nda\",\"datePublished\":\"2021-08-06T07:57:30+00:00\",\"mainEntityOfPage\":{\"@id\":\"https:\\\/\\\/akunq.net\\\/tr\\\/?p=64108\"},\"wordCount\":367,\"commentCount\":0,\"image\":{\"@id\":\"https:\\\/\\\/akunq.net\\\/tr\\\/?p=64108#primaryimage\"},\"thumbnailUrl\":\"https:\\\/\\\/akunq.net\\\/tr\\\/wp-content\\\/uploads\\\/sites\\\/6\\\/2021\\\/08\\\/Halk-TV-canl\u0131-yay\u0131n\u0131na-sald\u0131r\u0131.jpg\",\"articleSection\":[\"Haberler\"],\"inLanguage\":\"en-US\",\"potentialAction\":[{\"@type\":\"CommentAction\",\"name\":\"Comment\",\"target\":[\"https:\\\/\\\/akunq.net\\\/tr\\\/?p=64108#respond\"]}]},{\"@type\":\"WebPage\",\"@id\":\"https:\\\/\\\/akunq.net\\\/tr\\\/?p=64108\",\"url\":\"https:\\\/\\\/akunq.net\\\/tr\\\/?p=64108\",\"name\":\"Halk TV canl\u0131 yay\u0131n\u0131na sald\u0131r\u0131: 5 ki\u015fi g\u00f6zalt\u0131nda - Bati Ermenistan Ve Bati Ermenileri Sorunlari Ara\u015ftirmalar Merkezi\",\"isPartOf\":{\"@id\":\"https:\\\/\\\/akunq.net\\\/tr\\\/#website\"},\"primaryImageOfPage\":{\"@id\":\"https:\\\/\\\/akunq.net\\\/tr\\\/?p=64108#primaryimage\"},\"image\":{\"@id\":\"https:\\\/\\\/akunq.net\\\/tr\\\/?p=64108#primaryimage\"},\"thumbnailUrl\":\"https:\\\/\\\/akunq.net\\\/tr\\\/wp-content\\\/uploads\\\/sites\\\/6\\\/2021\\\/08\\\/Halk-TV-canl\u0131-yay\u0131n\u0131na-sald\u0131r\u0131.jpg\",\"datePublished\":\"2021-08-06T07:57:30+00:00\",\"author\":{\"@id\":\"https:\\\/\\\/akunq.net\\\/tr\\\/#\\\/schema\\\/person\\\/096f1d38a12cce57fb855b485ed24c9e\"},\"breadcrumb\":{\"@id\":\"https:\\\/\\\/akunq.net\\\/tr\\\/?p=64108#breadcrumb\"},\"inLanguage\":\"en-US\",\"potentialAction\":[{\"@type\":\"ReadAction\",\"target\":[\"https:\\\/\\\/akunq.net\\\/tr\\\/?p=64108\"]}]},{\"@type\":\"ImageObject\",\"inLanguage\":\"en-US\",\"@id\":\"https:\\\/\\\/akunq.net\\\/tr\\\/?p=64108#primaryimage\",\"url\":\"https:\\\/\\\/akunq.net\\\/tr\\\/wp-content\\\/uploads\\\/sites\\\/6\\\/2021\\\/08\\\/Halk-TV-canl\u0131-yay\u0131n\u0131na-sald\u0131r\u0131.jpg\",\"contentUrl\":\"https:\\\/\\\/akunq.net\\\/tr\\\/wp-content\\\/uploads\\\/sites\\\/6\\\/2021\\\/08\\\/Halk-TV-canl\u0131-yay\u0131n\u0131na-sald\u0131r\u0131.jpg\",\"width\":832,\"height\":468},{\"@type\":\"BreadcrumbList\",\"@id\":\"https:\\\/\\\/akunq.net\\\/tr\\\/?p=64108#breadcrumb\",\"itemListElement\":[{\"@type\":\"ListItem\",\"position\":1,\"name\":\"Home\",\"item\":\"https:\\\/\\\/akunq.net\\\/tr\"},{\"@type\":\"ListItem\",\"position\":2,\"name\":\"Halk TV canl\u0131 yay\u0131n\u0131na sald\u0131r\u0131: 5 ki\u015fi g\u00f6zalt\u0131nda\"}]},{\"@type\":\"WebSite\",\"@id\":\"https:\\\/\\\/akunq.net\\\/tr\\\/#website\",\"url\":\"https:\\\/\\\/akunq.net\\\/tr\\\/\",\"name\":\"Bati Ermenistan Ve Bati Ermenileri Sorunlari Ara\u015ftirmalar Merkezi\",\"description\":\"\",\"potentialAction\":[{\"@type\":\"SearchAction\",\"target\":{\"@type\":\"EntryPoint\",\"urlTemplate\":\"https:\\\/\\\/akunq.net\\\/tr\\\/?s={search_term_string}\"},\"query-input\":{\"@type\":\"PropertyValueSpecification\",\"valueRequired\":true,\"valueName\":\"search_term_string\"}}],\"inLanguage\":\"en-US\"},{\"@type\":\"Person\",\"@id\":\"https:\\\/\\\/akunq.net\\\/tr\\\/#\\\/schema\\\/person\\\/096f1d38a12cce57fb855b485ed24c9e\",\"name\":\"admin\",\"url\":\"https:\\\/\\\/akunq.net\\\/tr\\\/?author=7\"}]}<\/script>\n<!-- \/ Yoast SEO plugin. -->","yoast_head_json":{"title":"Halk TV canl\u0131 yay\u0131n\u0131na sald\u0131r\u0131: 5 ki\u015fi g\u00f6zalt\u0131nda - Bati Ermenistan Ve Bati Ermenileri Sorunlari Ara\u015ftirmalar Merkezi","robots":{"index":"index","follow":"follow","max-snippet":"max-snippet:-1","max-image-preview":"max-image-preview:large","max-video-preview":"max-video-preview:-1"},"canonical":"https:\/\/akunq.net\/tr\/?p=64108","og_locale":"en_US","og_type":"article","og_title":"Halk TV canl\u0131 yay\u0131n\u0131na sald\u0131r\u0131: 5 ki\u015fi g\u00f6zalt\u0131nda - Bati Ermenistan Ve Bati Ermenileri Sorunlari Ara\u015ftirmalar Merkezi","og_description":"Halk TV&#8217;nin Marmaris \u0130\u00e7meler&#8217;de yang\u0131nlarla ilgili yapt\u0131\u011f\u0131 canl\u0131 yay\u0131n s\u0131ras\u0131nda konuklara ve televizyon ekibine sald\u0131r\u0131 ger\u00e7ekle\u015fti. Televizyonun payla\u015ft\u0131\u011f\u0131 g\u00f6r\u00fcnt\u00fclerde d\u0131\u015far\u0131dan gelen en az be\u015f ki\u015finin sandalyede oturan gazetecilere ve konuklar\u0131n \u00fczerine y\u00fcr\u00fcd\u00fc\u011f\u00fc g\u00f6r\u00fcl\u00fcyor. Sald\u0131r\u0131y\u0131 ger\u00e7ekle\u015ftiren gruptan be\u015f ki\u015fi g\u00f6zalt\u0131na al\u0131nd\u0131. Halk TV&#8217;de yay\u0131nlanan G\u00f6kmen Karada\u011f ile A\u00e7\u0131k\u00e7a program\u0131nda konuk olarak gazeteciler \u0130smail Saymaz, Murat A\u011f\u0131rel, [&hellip;]","og_url":"https:\/\/akunq.net\/tr\/?p=64108","og_site_name":"Bati Ermenistan Ve Bati Ermenileri Sorunlari Ara\u015ftirmalar Merkezi","article_published_time":"2021-08-06T07:57:30+00:00","og_image":[{"width":832,"height":468,"url":"https:\/\/akunq.net\/tr\/wp-content\/uploads\/sites\/6\/2021\/08\/Halk-TV-canl\u0131-yay\u0131n\u0131na-sald\u0131r\u0131.jpg","type":"image\/jpeg"}],"author":"admin","twitter_card":"summary_large_image","twitter_misc":{"Written by":"admin","Est. reading time":"2 minutes"},"schema":{"@context":"https:\/\/schema.org","@graph":[{"@type":"Article","@id":"https:\/\/akunq.net\/tr\/?p=64108#article","isPartOf":{"@id":"https:\/\/akunq.net\/tr\/?p=64108"},"author":{"name":"admin","@id":"https:\/\/akunq.net\/tr\/#\/schema\/person\/096f1d38a12cce57fb855b485ed24c9e"},"headline":"Halk TV canl\u0131 yay\u0131n\u0131na sald\u0131r\u0131: 5 ki\u015fi g\u00f6zalt\u0131nda","datePublished":"2021-08-06T07:57:30+00:00","mainEntityOfPage":{"@id":"https:\/\/akunq.net\/tr\/?p=64108"},"wordCount":367,"commentCount":0,"image":{"@id":"https:\/\/akunq.net\/tr\/?p=64108#primaryimage"},"thumbnailUrl":"https:\/\/akunq.net\/tr\/wp-content\/uploads\/sites\/6\/2021\/08\/Halk-TV-canl\u0131-yay\u0131n\u0131na-sald\u0131r\u0131.jpg","articleSection":["Haberler"],"inLanguage":"en-US","potentialAction":[{"@type":"CommentAction","name":"Comment","target":["https:\/\/akunq.net\/tr\/?p=64108#respond"]}]},{"@type":"WebPage","@id":"https:\/\/akunq.net\/tr\/?p=64108","url":"https:\/\/akunq.net\/tr\/?p=64108","name":"Halk TV canl\u0131 yay\u0131n\u0131na sald\u0131r\u0131: 5 ki\u015fi g\u00f6zalt\u0131nda - Bati Ermenistan Ve Bati Ermenileri Sorunlari Ara\u015ftirmalar Merkezi","isPartOf":{"@id":"https:\/\/akunq.net\/tr\/#website"},"primaryImageOfPage":{"@id":"https:\/\/akunq.net\/tr\/?p=64108#primaryimage"},"image":{"@id":"https:\/\/akunq.net\/tr\/?p=64108#primaryimage"},"thumbnailUrl":"https:\/\/akunq.net\/tr\/wp-content\/uploads\/sites\/6\/2021\/08\/Halk-TV-canl\u0131-yay\u0131n\u0131na-sald\u0131r\u0131.jpg","datePublished":"2021-08-06T07:57:30+00:00","author":{"@id":"https:\/\/akunq.net\/tr\/#\/schema\/person\/096f1d38a12cce57fb855b485ed24c9e"},"breadcrumb":{"@id":"https:\/\/akunq.net\/tr\/?p=64108#breadcrumb"},"inLanguage":"en-US","potentialAction":[{"@type":"ReadAction","target":["https:\/\/akunq.net\/tr\/?p=64108"]}]},{"@type":"ImageObject","inLanguage":"en-US","@id":"https:\/\/akunq.net\/tr\/?p=64108#primaryimage","url":"https:\/\/akunq.net\/tr\/wp-content\/uploads\/sites\/6\/2021\/08\/Halk-TV-canl\u0131-yay\u0131n\u0131na-sald\u0131r\u0131.jpg","contentUrl":"https:\/\/akunq.net\/tr\/wp-content\/uploads\/sites\/6\/2021\/08\/Halk-TV-canl\u0131-yay\u0131n\u0131na-sald\u0131r\u0131.jpg","width":832,"height":468},{"@type":"BreadcrumbList","@id":"https:\/\/akunq.net\/tr\/?p=64108#breadcrumb","itemListElement":[{"@type":"ListItem","position":1,"name":"Home","item":"https:\/\/akunq.net\/tr"},{"@type":"ListItem","position":2,"name":"Halk TV canl\u0131 yay\u0131n\u0131na sald\u0131r\u0131: 5 ki\u015fi g\u00f6zalt\u0131nda"}]},{"@type":"WebSite","@id":"https:\/\/akunq.net\/tr\/#website","url":"https:\/\/akunq.net\/tr\/","name":"Bati Ermenistan Ve Bati Ermenileri Sorunlari Ara\u015ftirmalar Merkezi","description":"","potentialAction":[{"@type":"SearchAction","target":{"@type":"EntryPoint","urlTemplate":"https:\/\/akunq.net\/tr\/?s={search_term_string}"},"query-input":{"@type":"PropertyValueSpecification","valueRequired":true,"valueName":"search_term_string"}}],"inLanguage":"en-US"},{"@type":"Person","@id":"https:\/\/akunq.net\/tr\/#\/schema\/person\/096f1d38a12cce57fb855b485ed24c9e","name":"admin","url":"https:\/\/akunq.net\/tr\/?author=7"}]}},"_links":{"self":[{"href":"https:\/\/akunq.net\/tr\/index.php?rest_route=\/wp\/v2\/posts\/64108","targetHints":{"allow":["GET"]}}],"collection":[{"href":"https:\/\/akunq.net\/tr\/index.php?rest_route=\/wp\/v2\/posts"}],"about":[{"href":"https:\/\/akunq.net\/tr\/index.php?rest_route=\/wp\/v2\/types\/post"}],"author":[{"embeddable":true,"href":"https:\/\/akunq.net\/tr\/index.php?rest_route=\/wp\/v2\/users\/7"}],"replies":[{"embeddable":true,"href":"https:\/\/akunq.net\/tr\/index.php?rest_route=%2Fwp%2Fv2%2Fcomments&post=64108"}],"version-history":[{"count":1,"href":"https:\/\/akunq.net\/tr\/index.php?rest_route=\/wp\/v2\/posts\/64108\/revisions"}],"predecessor-version":[{"id":64110,"href":"https:\/\/akunq.net\/tr\/index.php?rest_route=\/wp\/v2\/posts\/64108\/revisions\/64110"}],"wp:featuredmedia":[{"embeddable":true,"href":"https:\/\/akunq.net\/tr\/index.php?rest_route=\/wp\/v2\/media\/64109"}],"wp:attachment":[{"href":"https:\/\/akunq.net\/tr\/index.php?rest_route=%2Fwp%2Fv2%2Fmedia&parent=64108"}],"wp:term":[{"taxonomy":"category","embeddable":true,"href":"https:\/\/akunq.net\/tr\/index.php?rest_route=%2Fwp%2Fv2%2Fcategories&post=64108"},{"taxonomy":"post_tag","embeddable":true,"href":"https:\/\/akunq.net\/tr\/index.php?rest_route=%2Fwp%2Fv2%2Ftags&post=64108"}],"curies":[{"name":"wp","href":"https:\/\/api.w.org\/{rel}","templated":true}]}}