{"id":64096,"date":"2021-08-06T01:23:56","date_gmt":"2021-08-06T06:23:56","guid":{"rendered":"https:\/\/akunq.net\/tr\/?p=64096"},"modified":"2021-08-06T01:23:56","modified_gmt":"2021-08-06T06:23:56","slug":"konyada-ayni-aileden-7-kisinin-oldurulmesiyle-ilgili-adliyeye-sevk-edilen-zanli-mehmet-altun-tutuklandi","status":"publish","type":"post","link":"https:\/\/akunq.net\/tr\/?p=64096","title":{"rendered":"Konya&#8217;da ayn\u0131 aileden 7 ki\u015finin \u00f6ld\u00fcr\u00fclmesiyle ilgili adliyeye sevk edilen zanl\u0131 Mehmet Altun tutukland\u0131"},"content":{"rendered":"<div class=\"e1j2237y5 bbc-q4ibpr e57qer20\" dir=\"ltr\">\n<div class=\"bbc-1atl7vu e1c9i7u14\"><\/div>\n<\/div>\n<div class=\"e1j2237y6 bbc-q4ibpr e57qer20\" dir=\"ltr\"><\/div>\n<div class=\"bbc-1ka88fa e57qer20\" dir=\"ltr\">\n<figure class=\"bbc-1qdcvv9 e6bmn90\">\n<div class=\"bbc-172p16q e57qer20\" dir=\"ltr\">\n<div class=\"bbc-189y18v e57qer20\" dir=\"ltr\">\n<div class=\"bbc-1k5hvrj e1whu0\" data-e2e=\"image-placeholder\">\n<p role=\"text\"><img loading=\"lazy\" decoding=\"async\" class=\"aligncenter size-medium wp-image-64097\" src=\"https:\/\/akunq.net\/tr\/wp-content\/uploads\/2021\/08\/\u0539\u0578\u0582\u0580\u0584\u056b\u0561\u0575\u0578\u0582\u0574-\u0571\u0565\u0580\u0562\u0561\u056f\u0561\u056c\u057e\u0565\u056c-\u0567-360x270.jpg\" alt=\"\" width=\"360\" height=\"270\" srcset=\"https:\/\/akunq.net\/tr\/wp-content\/uploads\/sites\/6\/2021\/08\/\u0539\u0578\u0582\u0580\u0584\u056b\u0561\u0575\u0578\u0582\u0574-\u0571\u0565\u0580\u0562\u0561\u056f\u0561\u056c\u057e\u0565\u056c-\u0567-360x270.jpg 360w, https:\/\/akunq.net\/tr\/wp-content\/uploads\/sites\/6\/2021\/08\/\u0539\u0578\u0582\u0580\u0584\u056b\u0561\u0575\u0578\u0582\u0574-\u0571\u0565\u0580\u0562\u0561\u056f\u0561\u056c\u057e\u0565\u056c-\u0567-260x195.jpg 260w, https:\/\/akunq.net\/tr\/wp-content\/uploads\/sites\/6\/2021\/08\/\u0539\u0578\u0582\u0580\u0584\u056b\u0561\u0575\u0578\u0582\u0574-\u0571\u0565\u0580\u0562\u0561\u056f\u0561\u056c\u057e\u0565\u056c-\u0567-160x120.jpg 160w, https:\/\/akunq.net\/tr\/wp-content\/uploads\/sites\/6\/2021\/08\/\u0539\u0578\u0582\u0580\u0584\u056b\u0561\u0575\u0578\u0582\u0574-\u0571\u0565\u0580\u0562\u0561\u056f\u0561\u056c\u057e\u0565\u056c-\u0567.jpg 400w\" sizes=\"auto, (max-width: 360px) 100vw, 360px\" \/><\/p>\n<p class=\"bbc-1s1cxbv etq3yw90\" role=\"text\"><em><b style=\"letter-spacing: 0.05em;\">Konya&#8217;n\u0131n Meram il\u00e7esinde ayn\u0131 aileden 7 ki\u015finin silahla \u00f6ld\u00fcr\u00fclmesiyle ilgili g\u00f6zalt\u0131na al\u0131n\u0131n katil zanl\u0131s\u0131 Mehmet Altun tutukland\u0131.<\/b><\/em><\/p>\n<\/div>\n<\/div>\n<\/div>\n<\/figure>\n<\/div>\n<div class=\"bbc-19j92fr e57qer20\" dir=\"ltr\">\n<p class=\"bbc-bm53ic e1cc2ql70\" dir=\"ltr\">Bozk\u0131r il\u00e7esine ba\u011fl\u0131 \u00dc\u00e7p\u0131nar Mahallesi&#8217;nde polis ve jandarma ekiplerinin arama tarama faaliyeti s\u0131ras\u0131nda sakland\u0131\u011f\u0131 mezarl\u0131kta d\u00fcn yakalanan Mehmet Altun&#8217;un emniyetteki i\u015flemleri tamamland\u0131ktan sonra \u00f6zel harekat ve \u00e7evik kuvvet polisleri e\u015fli\u011finde, geni\u015f g\u00fcvenlik \u00f6nlemleri alt\u0131nda Konya Adliyesi&#8217;ne sevk edildi\u011fi bildirildi<\/p>\n<\/div>\n<div class=\"bbc-19j92fr e57qer20\" dir=\"ltr\">\n<p class=\"bbc-bm53ic e1cc2ql70\" dir=\"ltr\">Zanl\u0131, \u00e7\u0131kar\u0131ld\u0131\u011f\u0131 n\u00f6bet\u00e7i sulh ceza hakimli\u011fince &#8220;tasarlayarak canavarca hisle 7 ki\u015fiyi \u00f6ld\u00fcrme&#8221;, &#8220;yakarak mala zarar verme&#8221;, &#8220;konut dokunulmazl\u0131\u011f\u0131n\u0131n ihlali&#8221; ve &#8220;ta\u015f\u0131ma ruhsats\u0131z silah bulundurma&#8221; su\u00e7lamalar\u0131ndan tutukland\u0131.<\/p>\n<\/div>\n<div class=\"bbc-19j92fr e57qer20\" dir=\"ltr\">\n<p class=\"bbc-bm53ic e1cc2ql70\" dir=\"ltr\">Konya&#8217;n\u0131n Meram il\u00e7esinde 30 Temmuz&#8217;da ya\u015fanan olayda Dedeo\u011flu ailesinin evine silahl\u0131 sald\u0131r\u0131 d\u00fczenlenmi\u015f, ev ate\u015fe verilmi\u015fti.<\/p>\n<\/div>\n<div class=\"bbc-19j92fr e57qer20\" dir=\"ltr\">\n<p class=\"bbc-bm53ic e1cc2ql70\" dir=\"ltr\">Konya Valili\u011fi, \u00c7ar\u015famba g\u00fcn\u00fc yapt\u0131\u011f\u0131 a\u00e7\u0131klamada, ayn\u0131 aileden 7 ki\u015finin \u00f6ld\u00fcr\u00fcld\u00fc\u011f\u00fc sald\u0131r\u0131n\u0131n katil zanl\u0131s\u0131n\u0131n Mehmet Altun&#8217;un g\u00fcvenlik ekipleri taraf\u0131ndan bir s\u00fcredir sakland\u0131\u011f\u0131 yerde yakaland\u0131\u011f\u0131n\u0131 duyurmu\u015ftu.<\/p>\n<p dir=\"ltr\"><em><strong><span class=\"bbc-1gnhmg2 e1yt7oin0\">KAYNAK,<\/span><span lang=\"en-GB\">DHA<\/span><\/strong><\/em><\/p>\n<p><em><strong>https:\/\/www.bbc.com\/turkce\/haberler-turkiye-58085934\u00a0<\/strong><\/em><\/p>\n<\/div>\n","protected":false},"excerpt":{"rendered":"<p>Konya&#8217;n\u0131n Meram il\u00e7esinde ayn\u0131 aileden 7 ki\u015finin silahla \u00f6ld\u00fcr\u00fclmesiyle ilgili g\u00f6zalt\u0131na al\u0131n\u0131n katil zanl\u0131s\u0131 Mehmet Altun tutukland\u0131. Bozk\u0131r il\u00e7esine ba\u011fl\u0131 \u00dc\u00e7p\u0131nar Mahallesi&#8217;nde polis ve jandarma ekiplerinin arama tarama faaliyeti s\u0131ras\u0131nda sakland\u0131\u011f\u0131 mezarl\u0131kta d\u00fcn yakalanan Mehmet Altun&#8217;un emniyetteki i\u015flemleri tamamland\u0131ktan sonra \u00f6zel harekat ve \u00e7evik kuvvet polisleri e\u015fli\u011finde, geni\u015f g\u00fcvenlik \u00f6nlemleri alt\u0131nda Konya Adliyesi&#8217;ne sevk edildi\u011fi [&hellip;]<\/p>\n","protected":false},"author":7,"featured_media":64097,"comment_status":"open","ping_status":"open","sticky":false,"template":"","format":"standard","meta":{"footnotes":""},"categories":[1,53],"tags":[],"class_list":["post-64096","post","type-post","status-publish","format-standard","has-post-thumbnail","hentry","category-haberler","category-turkiyede-azinliklar"],"yoast_head":"<!-- This site is optimized with the Yoast SEO plugin v27.4 - https:\/\/yoast.com\/product\/yoast-seo-wordpress\/ -->\n<title>Konya&#039;da ayn\u0131 aileden 7 ki\u015finin \u00f6ld\u00fcr\u00fclmesiyle ilgili adliyeye sevk edilen zanl\u0131 Mehmet Altun tutukland\u0131 - Bati Ermenistan Ve Bati Ermenileri Sorunlari Ara\u015ftirmalar Merkezi<\/title>\n<meta name=\"robots\" content=\"index, follow, max-snippet:-1, max-image-preview:large, max-video-preview:-1\" \/>\n<link rel=\"canonical\" href=\"https:\/\/akunq.net\/tr\/?p=64096\" \/>\n<meta property=\"og:locale\" content=\"en_US\" \/>\n<meta property=\"og:type\" content=\"article\" \/>\n<meta property=\"og:title\" content=\"Konya&#039;da ayn\u0131 aileden 7 ki\u015finin \u00f6ld\u00fcr\u00fclmesiyle ilgili adliyeye sevk edilen zanl\u0131 Mehmet Altun tutukland\u0131 - Bati Ermenistan Ve Bati Ermenileri Sorunlari Ara\u015ftirmalar Merkezi\" \/>\n<meta property=\"og:description\" content=\"Konya&#8217;n\u0131n Meram il\u00e7esinde ayn\u0131 aileden 7 ki\u015finin silahla \u00f6ld\u00fcr\u00fclmesiyle ilgili g\u00f6zalt\u0131na al\u0131n\u0131n katil zanl\u0131s\u0131 Mehmet Altun tutukland\u0131. Bozk\u0131r il\u00e7esine ba\u011fl\u0131 \u00dc\u00e7p\u0131nar Mahallesi&#8217;nde polis ve jandarma ekiplerinin arama tarama faaliyeti s\u0131ras\u0131nda sakland\u0131\u011f\u0131 mezarl\u0131kta d\u00fcn yakalanan Mehmet Altun&#8217;un emniyetteki i\u015flemleri tamamland\u0131ktan sonra \u00f6zel harekat ve \u00e7evik kuvvet polisleri e\u015fli\u011finde, geni\u015f g\u00fcvenlik \u00f6nlemleri alt\u0131nda Konya Adliyesi&#8217;ne sevk edildi\u011fi [&hellip;]\" \/>\n<meta property=\"og:url\" content=\"https:\/\/akunq.net\/tr\/?p=64096\" \/>\n<meta property=\"og:site_name\" content=\"Bati Ermenistan Ve Bati Ermenileri Sorunlari Ara\u015ftirmalar Merkezi\" \/>\n<meta property=\"article:published_time\" content=\"2021-08-06T06:23:56+00:00\" \/>\n<meta property=\"og:image\" content=\"https:\/\/akunq.net\/tr\/wp-content\/uploads\/sites\/6\/2021\/08\/\u0539\u0578\u0582\u0580\u0584\u056b\u0561\u0575\u0578\u0582\u0574-\u0571\u0565\u0580\u0562\u0561\u056f\u0561\u056c\u057e\u0565\u056c-\u0567.jpg\" \/>\n\t<meta property=\"og:image:width\" content=\"400\" \/>\n\t<meta property=\"og:image:height\" content=\"300\" \/>\n\t<meta property=\"og:image:type\" content=\"image\/jpeg\" \/>\n<meta name=\"author\" content=\"admin\" \/>\n<meta name=\"twitter:card\" content=\"summary_large_image\" \/>\n<meta name=\"twitter:label1\" content=\"Written by\" \/>\n\t<meta name=\"twitter:data1\" content=\"admin\" \/>\n\t<meta name=\"twitter:label2\" content=\"Est. reading time\" \/>\n\t<meta name=\"twitter:data2\" content=\"1 minute\" \/>\n<script type=\"application\/ld+json\" class=\"yoast-schema-graph\">{\"@context\":\"https:\\\/\\\/schema.org\",\"@graph\":[{\"@type\":\"Article\",\"@id\":\"https:\\\/\\\/akunq.net\\\/tr\\\/?p=64096#article\",\"isPartOf\":{\"@id\":\"https:\\\/\\\/akunq.net\\\/tr\\\/?p=64096\"},\"author\":{\"name\":\"admin\",\"@id\":\"https:\\\/\\\/akunq.net\\\/tr\\\/#\\\/schema\\\/person\\\/096f1d38a12cce57fb855b485ed24c9e\"},\"headline\":\"Konya&#8217;da ayn\u0131 aileden 7 ki\u015finin \u00f6ld\u00fcr\u00fclmesiyle ilgili adliyeye sevk edilen zanl\u0131 Mehmet Altun tutukland\u0131\",\"datePublished\":\"2021-08-06T06:23:56+00:00\",\"mainEntityOfPage\":{\"@id\":\"https:\\\/\\\/akunq.net\\\/tr\\\/?p=64096\"},\"wordCount\":206,\"commentCount\":0,\"image\":{\"@id\":\"https:\\\/\\\/akunq.net\\\/tr\\\/?p=64096#primaryimage\"},\"thumbnailUrl\":\"https:\\\/\\\/akunq.net\\\/tr\\\/wp-content\\\/uploads\\\/sites\\\/6\\\/2021\\\/08\\\/\u0539\u0578\u0582\u0580\u0584\u056b\u0561\u0575\u0578\u0582\u0574-\u0571\u0565\u0580\u0562\u0561\u056f\u0561\u056c\u057e\u0565\u056c-\u0567.jpg\",\"articleSection\":[\"Haberler\",\"T\u00fcrkiye\u2019de Az\u0131nl\u0131klar\"],\"inLanguage\":\"en-US\",\"potentialAction\":[{\"@type\":\"CommentAction\",\"name\":\"Comment\",\"target\":[\"https:\\\/\\\/akunq.net\\\/tr\\\/?p=64096#respond\"]}]},{\"@type\":\"WebPage\",\"@id\":\"https:\\\/\\\/akunq.net\\\/tr\\\/?p=64096\",\"url\":\"https:\\\/\\\/akunq.net\\\/tr\\\/?p=64096\",\"name\":\"Konya'da ayn\u0131 aileden 7 ki\u015finin \u00f6ld\u00fcr\u00fclmesiyle ilgili adliyeye sevk edilen zanl\u0131 Mehmet Altun tutukland\u0131 - Bati Ermenistan Ve Bati Ermenileri Sorunlari Ara\u015ftirmalar Merkezi\",\"isPartOf\":{\"@id\":\"https:\\\/\\\/akunq.net\\\/tr\\\/#website\"},\"primaryImageOfPage\":{\"@id\":\"https:\\\/\\\/akunq.net\\\/tr\\\/?p=64096#primaryimage\"},\"image\":{\"@id\":\"https:\\\/\\\/akunq.net\\\/tr\\\/?p=64096#primaryimage\"},\"thumbnailUrl\":\"https:\\\/\\\/akunq.net\\\/tr\\\/wp-content\\\/uploads\\\/sites\\\/6\\\/2021\\\/08\\\/\u0539\u0578\u0582\u0580\u0584\u056b\u0561\u0575\u0578\u0582\u0574-\u0571\u0565\u0580\u0562\u0561\u056f\u0561\u056c\u057e\u0565\u056c-\u0567.jpg\",\"datePublished\":\"2021-08-06T06:23:56+00:00\",\"author\":{\"@id\":\"https:\\\/\\\/akunq.net\\\/tr\\\/#\\\/schema\\\/person\\\/096f1d38a12cce57fb855b485ed24c9e\"},\"breadcrumb\":{\"@id\":\"https:\\\/\\\/akunq.net\\\/tr\\\/?p=64096#breadcrumb\"},\"inLanguage\":\"en-US\",\"potentialAction\":[{\"@type\":\"ReadAction\",\"target\":[\"https:\\\/\\\/akunq.net\\\/tr\\\/?p=64096\"]}]},{\"@type\":\"ImageObject\",\"inLanguage\":\"en-US\",\"@id\":\"https:\\\/\\\/akunq.net\\\/tr\\\/?p=64096#primaryimage\",\"url\":\"https:\\\/\\\/akunq.net\\\/tr\\\/wp-content\\\/uploads\\\/sites\\\/6\\\/2021\\\/08\\\/\u0539\u0578\u0582\u0580\u0584\u056b\u0561\u0575\u0578\u0582\u0574-\u0571\u0565\u0580\u0562\u0561\u056f\u0561\u056c\u057e\u0565\u056c-\u0567.jpg\",\"contentUrl\":\"https:\\\/\\\/akunq.net\\\/tr\\\/wp-content\\\/uploads\\\/sites\\\/6\\\/2021\\\/08\\\/\u0539\u0578\u0582\u0580\u0584\u056b\u0561\u0575\u0578\u0582\u0574-\u0571\u0565\u0580\u0562\u0561\u056f\u0561\u056c\u057e\u0565\u056c-\u0567.jpg\",\"width\":400,\"height\":300},{\"@type\":\"BreadcrumbList\",\"@id\":\"https:\\\/\\\/akunq.net\\\/tr\\\/?p=64096#breadcrumb\",\"itemListElement\":[{\"@type\":\"ListItem\",\"position\":1,\"name\":\"Home\",\"item\":\"https:\\\/\\\/akunq.net\\\/tr\"},{\"@type\":\"ListItem\",\"position\":2,\"name\":\"Konya&#8217;da ayn\u0131 aileden 7 ki\u015finin \u00f6ld\u00fcr\u00fclmesiyle ilgili adliyeye sevk edilen zanl\u0131 Mehmet Altun tutukland\u0131\"}]},{\"@type\":\"WebSite\",\"@id\":\"https:\\\/\\\/akunq.net\\\/tr\\\/#website\",\"url\":\"https:\\\/\\\/akunq.net\\\/tr\\\/\",\"name\":\"Bati Ermenistan Ve Bati Ermenileri Sorunlari Ara\u015ftirmalar Merkezi\",\"description\":\"\",\"potentialAction\":[{\"@type\":\"SearchAction\",\"target\":{\"@type\":\"EntryPoint\",\"urlTemplate\":\"https:\\\/\\\/akunq.net\\\/tr\\\/?s={search_term_string}\"},\"query-input\":{\"@type\":\"PropertyValueSpecification\",\"valueRequired\":true,\"valueName\":\"search_term_string\"}}],\"inLanguage\":\"en-US\"},{\"@type\":\"Person\",\"@id\":\"https:\\\/\\\/akunq.net\\\/tr\\\/#\\\/schema\\\/person\\\/096f1d38a12cce57fb855b485ed24c9e\",\"name\":\"admin\",\"url\":\"https:\\\/\\\/akunq.net\\\/tr\\\/?author=7\"}]}<\/script>\n<!-- \/ Yoast SEO plugin. -->","yoast_head_json":{"title":"Konya'da ayn\u0131 aileden 7 ki\u015finin \u00f6ld\u00fcr\u00fclmesiyle ilgili adliyeye sevk edilen zanl\u0131 Mehmet Altun tutukland\u0131 - Bati Ermenistan Ve Bati Ermenileri Sorunlari Ara\u015ftirmalar Merkezi","robots":{"index":"index","follow":"follow","max-snippet":"max-snippet:-1","max-image-preview":"max-image-preview:large","max-video-preview":"max-video-preview:-1"},"canonical":"https:\/\/akunq.net\/tr\/?p=64096","og_locale":"en_US","og_type":"article","og_title":"Konya'da ayn\u0131 aileden 7 ki\u015finin \u00f6ld\u00fcr\u00fclmesiyle ilgili adliyeye sevk edilen zanl\u0131 Mehmet Altun tutukland\u0131 - Bati Ermenistan Ve Bati Ermenileri Sorunlari Ara\u015ftirmalar Merkezi","og_description":"Konya&#8217;n\u0131n Meram il\u00e7esinde ayn\u0131 aileden 7 ki\u015finin silahla \u00f6ld\u00fcr\u00fclmesiyle ilgili g\u00f6zalt\u0131na al\u0131n\u0131n katil zanl\u0131s\u0131 Mehmet Altun tutukland\u0131. Bozk\u0131r il\u00e7esine ba\u011fl\u0131 \u00dc\u00e7p\u0131nar Mahallesi&#8217;nde polis ve jandarma ekiplerinin arama tarama faaliyeti s\u0131ras\u0131nda sakland\u0131\u011f\u0131 mezarl\u0131kta d\u00fcn yakalanan Mehmet Altun&#8217;un emniyetteki i\u015flemleri tamamland\u0131ktan sonra \u00f6zel harekat ve \u00e7evik kuvvet polisleri e\u015fli\u011finde, geni\u015f g\u00fcvenlik \u00f6nlemleri alt\u0131nda Konya Adliyesi&#8217;ne sevk edildi\u011fi [&hellip;]","og_url":"https:\/\/akunq.net\/tr\/?p=64096","og_site_name":"Bati Ermenistan Ve Bati Ermenileri Sorunlari Ara\u015ftirmalar Merkezi","article_published_time":"2021-08-06T06:23:56+00:00","og_image":[{"width":400,"height":300,"url":"https:\/\/akunq.net\/tr\/wp-content\/uploads\/sites\/6\/2021\/08\/\u0539\u0578\u0582\u0580\u0584\u056b\u0561\u0575\u0578\u0582\u0574-\u0571\u0565\u0580\u0562\u0561\u056f\u0561\u056c\u057e\u0565\u056c-\u0567.jpg","type":"image\/jpeg"}],"author":"admin","twitter_card":"summary_large_image","twitter_misc":{"Written by":"admin","Est. reading time":"1 minute"},"schema":{"@context":"https:\/\/schema.org","@graph":[{"@type":"Article","@id":"https:\/\/akunq.net\/tr\/?p=64096#article","isPartOf":{"@id":"https:\/\/akunq.net\/tr\/?p=64096"},"author":{"name":"admin","@id":"https:\/\/akunq.net\/tr\/#\/schema\/person\/096f1d38a12cce57fb855b485ed24c9e"},"headline":"Konya&#8217;da ayn\u0131 aileden 7 ki\u015finin \u00f6ld\u00fcr\u00fclmesiyle ilgili adliyeye sevk edilen zanl\u0131 Mehmet Altun tutukland\u0131","datePublished":"2021-08-06T06:23:56+00:00","mainEntityOfPage":{"@id":"https:\/\/akunq.net\/tr\/?p=64096"},"wordCount":206,"commentCount":0,"image":{"@id":"https:\/\/akunq.net\/tr\/?p=64096#primaryimage"},"thumbnailUrl":"https:\/\/akunq.net\/tr\/wp-content\/uploads\/sites\/6\/2021\/08\/\u0539\u0578\u0582\u0580\u0584\u056b\u0561\u0575\u0578\u0582\u0574-\u0571\u0565\u0580\u0562\u0561\u056f\u0561\u056c\u057e\u0565\u056c-\u0567.jpg","articleSection":["Haberler","T\u00fcrkiye\u2019de Az\u0131nl\u0131klar"],"inLanguage":"en-US","potentialAction":[{"@type":"CommentAction","name":"Comment","target":["https:\/\/akunq.net\/tr\/?p=64096#respond"]}]},{"@type":"WebPage","@id":"https:\/\/akunq.net\/tr\/?p=64096","url":"https:\/\/akunq.net\/tr\/?p=64096","name":"Konya'da ayn\u0131 aileden 7 ki\u015finin \u00f6ld\u00fcr\u00fclmesiyle ilgili adliyeye sevk edilen zanl\u0131 Mehmet Altun tutukland\u0131 - Bati Ermenistan Ve Bati Ermenileri Sorunlari Ara\u015ftirmalar Merkezi","isPartOf":{"@id":"https:\/\/akunq.net\/tr\/#website"},"primaryImageOfPage":{"@id":"https:\/\/akunq.net\/tr\/?p=64096#primaryimage"},"image":{"@id":"https:\/\/akunq.net\/tr\/?p=64096#primaryimage"},"thumbnailUrl":"https:\/\/akunq.net\/tr\/wp-content\/uploads\/sites\/6\/2021\/08\/\u0539\u0578\u0582\u0580\u0584\u056b\u0561\u0575\u0578\u0582\u0574-\u0571\u0565\u0580\u0562\u0561\u056f\u0561\u056c\u057e\u0565\u056c-\u0567.jpg","datePublished":"2021-08-06T06:23:56+00:00","author":{"@id":"https:\/\/akunq.net\/tr\/#\/schema\/person\/096f1d38a12cce57fb855b485ed24c9e"},"breadcrumb":{"@id":"https:\/\/akunq.net\/tr\/?p=64096#breadcrumb"},"inLanguage":"en-US","potentialAction":[{"@type":"ReadAction","target":["https:\/\/akunq.net\/tr\/?p=64096"]}]},{"@type":"ImageObject","inLanguage":"en-US","@id":"https:\/\/akunq.net\/tr\/?p=64096#primaryimage","url":"https:\/\/akunq.net\/tr\/wp-content\/uploads\/sites\/6\/2021\/08\/\u0539\u0578\u0582\u0580\u0584\u056b\u0561\u0575\u0578\u0582\u0574-\u0571\u0565\u0580\u0562\u0561\u056f\u0561\u056c\u057e\u0565\u056c-\u0567.jpg","contentUrl":"https:\/\/akunq.net\/tr\/wp-content\/uploads\/sites\/6\/2021\/08\/\u0539\u0578\u0582\u0580\u0584\u056b\u0561\u0575\u0578\u0582\u0574-\u0571\u0565\u0580\u0562\u0561\u056f\u0561\u056c\u057e\u0565\u056c-\u0567.jpg","width":400,"height":300},{"@type":"BreadcrumbList","@id":"https:\/\/akunq.net\/tr\/?p=64096#breadcrumb","itemListElement":[{"@type":"ListItem","position":1,"name":"Home","item":"https:\/\/akunq.net\/tr"},{"@type":"ListItem","position":2,"name":"Konya&#8217;da ayn\u0131 aileden 7 ki\u015finin \u00f6ld\u00fcr\u00fclmesiyle ilgili adliyeye sevk edilen zanl\u0131 Mehmet Altun tutukland\u0131"}]},{"@type":"WebSite","@id":"https:\/\/akunq.net\/tr\/#website","url":"https:\/\/akunq.net\/tr\/","name":"Bati Ermenistan Ve Bati Ermenileri Sorunlari Ara\u015ftirmalar Merkezi","description":"","potentialAction":[{"@type":"SearchAction","target":{"@type":"EntryPoint","urlTemplate":"https:\/\/akunq.net\/tr\/?s={search_term_string}"},"query-input":{"@type":"PropertyValueSpecification","valueRequired":true,"valueName":"search_term_string"}}],"inLanguage":"en-US"},{"@type":"Person","@id":"https:\/\/akunq.net\/tr\/#\/schema\/person\/096f1d38a12cce57fb855b485ed24c9e","name":"admin","url":"https:\/\/akunq.net\/tr\/?author=7"}]}},"_links":{"self":[{"href":"https:\/\/akunq.net\/tr\/index.php?rest_route=\/wp\/v2\/posts\/64096","targetHints":{"allow":["GET"]}}],"collection":[{"href":"https:\/\/akunq.net\/tr\/index.php?rest_route=\/wp\/v2\/posts"}],"about":[{"href":"https:\/\/akunq.net\/tr\/index.php?rest_route=\/wp\/v2\/types\/post"}],"author":[{"embeddable":true,"href":"https:\/\/akunq.net\/tr\/index.php?rest_route=\/wp\/v2\/users\/7"}],"replies":[{"embeddable":true,"href":"https:\/\/akunq.net\/tr\/index.php?rest_route=%2Fwp%2Fv2%2Fcomments&post=64096"}],"version-history":[{"count":1,"href":"https:\/\/akunq.net\/tr\/index.php?rest_route=\/wp\/v2\/posts\/64096\/revisions"}],"predecessor-version":[{"id":64098,"href":"https:\/\/akunq.net\/tr\/index.php?rest_route=\/wp\/v2\/posts\/64096\/revisions\/64098"}],"wp:featuredmedia":[{"embeddable":true,"href":"https:\/\/akunq.net\/tr\/index.php?rest_route=\/wp\/v2\/media\/64097"}],"wp:attachment":[{"href":"https:\/\/akunq.net\/tr\/index.php?rest_route=%2Fwp%2Fv2%2Fmedia&parent=64096"}],"wp:term":[{"taxonomy":"category","embeddable":true,"href":"https:\/\/akunq.net\/tr\/index.php?rest_route=%2Fwp%2Fv2%2Fcategories&post=64096"},{"taxonomy":"post_tag","embeddable":true,"href":"https:\/\/akunq.net\/tr\/index.php?rest_route=%2Fwp%2Fv2%2Ftags&post=64096"}],"curies":[{"name":"wp","href":"https:\/\/api.w.org\/{rel}","templated":true}]}}