{"id":64074,"date":"2021-08-03T03:40:50","date_gmt":"2021-08-03T08:40:50","guid":{"rendered":"https:\/\/akunq.net\/tr\/?p=64074"},"modified":"2021-08-03T03:41:04","modified_gmt":"2021-08-03T08:41:04","slug":"karsta-tarihi-yapilar-zamana-direniyor","status":"publish","type":"post","link":"https:\/\/akunq.net\/tr\/?p=64074","title":{"rendered":"Kars\u2019ta tarihi yap\u0131lar zamana direniyor"},"content":{"rendered":"<div class=\"post-header\">\n<div class=\"post-byline\"><\/div>\n<\/div>\n<div class=\"post-content\">\n<figure class=\"wp-block-image\"><img decoding=\"async\" src=\"https:\/\/i1.wp.com\/cdnuploads.aa.com.tr\/uploads\/PhotoGallery\/2021\/08\/01\/thumbs_b2_813493c7276948c2ceddd00b2bb07bfb.jpg?ssl=1\" alt=\"Kars'ta tarihi yap\u0131lar zamana direniyor\" data-recalc-dims=\"1\" \/><\/figure>\n<p>Kars\u2019\u0131n Digor il\u00e7esinde bulunan M.S 8. y\u00fczy\u0131l sonlar\u0131nda kesme dikd\u00f6rtgen t\u00fcf ta\u015f\u0131ndan in\u015fa edilen M\u00fcren Kilisesi, ziyaret\u00e7ilerini bekliyor. 3 giri\u015f kap\u0131s\u0131 bulunan i\u00e7 ve d\u0131\u015f cephe duvarlar\u0131nda kesme t\u00fcf ta\u015f\u0131 \u00fczerine oyma tekni\u011fiyle yap\u0131lm\u0131\u015f \u00e7e\u015fitli motifler ilgi \u00e7ekiyor.<\/p>\n<figure class=\"wp-block-image\"><img decoding=\"async\" src=\"https:\/\/i2.wp.com\/cdnuploads.aa.com.tr\/uploads\/PhotoGallery\/2021\/08\/01\/thumbs_b2_7d0d8e65b5ddb2b349c2bd3c03348606.jpg?ssl=1\" alt=\"Kars'ta tarihi yap\u0131lar zamana direniyor\" data-recalc-dims=\"1\" \/><\/figure>\n<p>Kars\u2019\u0131n Sar\u0131kam\u0131\u015f il\u00e7esinde Rus i\u015fgali d\u00f6neminde \u00c7ar 2. Nikola taraf\u0131ndan 19. y\u00fczy\u0131l\u0131n\u0131n sonlar\u0131nda Balt\u0131k mimarisi tarz\u0131nda yapt\u0131r\u0131lan tarihi Katerina K\u00f6\u015fk\u00fc, ilgi \u00e7ekiyor.<\/p>\n<figure class=\"wp-block-image\"><img decoding=\"async\" src=\"https:\/\/i0.wp.com\/cdnuploads.aa.com.tr\/uploads\/PhotoGallery\/2021\/08\/01\/thumbs_b2_ac32558787380c80b09843b5692112c8.jpg?ssl=1\" alt=\"Kars'ta tarihi yap\u0131lar zamana direniyor\" data-recalc-dims=\"1\" \/><\/figure>\n<figure class=\"wp-block-image\"><img decoding=\"async\" src=\"https:\/\/i0.wp.com\/cdnuploads.aa.com.tr\/uploads\/PhotoGallery\/2021\/08\/01\/thumbs_b2_6a509a19d2f5dd949f8f424f67e0659f.jpg?ssl=1\" alt=\"Kars'ta tarihi yap\u0131lar zamana direniyor\" data-recalc-dims=\"1\" \/><\/figure>\n<p>Kars\u2019\u0131n Digor il\u00e7esinde bulunan M.S 8. y\u00fczy\u0131l sonlar\u0131nda kesme dikd\u00f6rtgen t\u00fcf ta\u015f\u0131ndan in\u015fa edilen M\u00fcren Kilisesi, ziyaret\u00e7ilerini bekliyor. 3 giri\u015f kap\u0131s\u0131 bulunan i\u00e7 ve d\u0131\u015f cephe duvarlar\u0131nda kesme t\u00fcf ta\u015f\u0131 \u00fczerine oyma tekni\u011fiyle yap\u0131lm\u0131\u015f \u00e7e\u015fitli motifler ilgi \u00e7ekiyor.<\/p>\n<figure class=\"wp-block-image\"><img decoding=\"async\" src=\"https:\/\/i0.wp.com\/cdnuploads.aa.com.tr\/uploads\/PhotoGallery\/2021\/08\/01\/thumbs_b2_14d318828aa499f9ff8f4e106271b68d.jpg?ssl=1\" alt=\"Kars'ta tarihi yap\u0131lar zamana direniyor\" data-recalc-dims=\"1\" \/><\/figure>\n<figure class=\"wp-block-image\"><img decoding=\"async\" src=\"https:\/\/i0.wp.com\/cdnuploads.aa.com.tr\/uploads\/PhotoGallery\/2021\/08\/01\/thumbs_b2_c7d98f03946f8540b88a75977e336cf6.jpg?ssl=1\" alt=\"Kars'ta tarihi yap\u0131lar zamana direniyor\" data-recalc-dims=\"1\" \/><\/figure>\n<figure class=\"wp-block-image\"><img decoding=\"async\" src=\"https:\/\/i2.wp.com\/cdnuploads.aa.com.tr\/uploads\/PhotoGallery\/2021\/08\/01\/thumbs_b2_d45fe9512553dd6979335fced478cba9.jpg?ssl=1\" alt=\"Kars'ta tarihi yap\u0131lar zamana direniyor\" data-recalc-dims=\"1\" \/><\/figure>\n<figure class=\"wp-block-image\"><img decoding=\"async\" src=\"https:\/\/i0.wp.com\/cdnuploads.aa.com.tr\/uploads\/PhotoGallery\/2021\/08\/01\/thumbs_b2_62787376cd76599439f6bfa5b40d1d7c.jpg?ssl=1\" alt=\"Kars'ta tarihi yap\u0131lar zamana direniyor\" data-recalc-dims=\"1\" \/><\/figure>\n<figure class=\"wp-block-image\"><img decoding=\"async\" src=\"https:\/\/i0.wp.com\/cdnuploads.aa.com.tr\/uploads\/PhotoGallery\/2021\/08\/01\/thumbs_b2_4c25074b0557f0f9c1ddb60a0ef260bd.jpg?ssl=1\" alt=\"Kars'ta tarihi yap\u0131lar zamana direniyor\" data-recalc-dims=\"1\" \/><\/figure>\n<p>KARS (AA) \u2013 Ermenistan s\u0131n\u0131r\u0131nda, Kars\u2019a 42 kilometre uzakl\u0131ktaki Digor \u0130l\u00e7esi\u2019ne ba\u011fl\u0131 Karaba\u011f K\u00f6y\u00fc\u2019nde bulunan Mren Kilisesi\u2019nin G\u00fcney cephesinin \u00e7\u00f6kt\u00fc\u011f\u00fc, zorunlu sa\u011flamla\u015ft\u0131rma ve iyile\u015ftirme \u00f6nlemleri al\u0131nmamas\u0131 durumunda, b\u00fct\u00fcn\u00fcyle g\u00f6\u00e7me tehlikesi bulundu\u011fu vurguland\u0131. M.S. 7\u2019nci Y\u00fczy\u0131l sonlar\u0131nda in\u015fa edilen Mren Kilisesi Ani \u00d6ren yeri ile \u00e7a\u011fda\u015f olup, kesme dikd\u00f6rtgen t\u00fcf ta\u015f\u0131ndan yap\u0131ld\u0131. Bu b\u00f6lgede ilk kilise olarak yap\u0131n\u0131n 3 giri\u015f kap\u0131s\u0131 bulunuyor. \u0130\u00e7 ve d\u0131\u015f cephe duvarlar\u0131nda kesme t\u00fcf ta\u015f\u0131 \u00fczerine oyma tekni\u011fiyle yap\u0131lm\u0131\u015f \u00e7e\u015fitli ha\u00e7 motifleri bulunuyor. Kilisenin \u00e7at\u0131 k\u0131sm\u0131ndan ba\u015flayarak yar\u0131m kubbe \u015feklinde bir \u00fc\u00e7ken kubbesi bulunuyor. U\u011frad\u0131\u011f\u0131 tahribata kar\u015f\u0131n g\u00fcn\u00fcm\u00fcze kadar ayakta kalabilmeyi ba\u015faran kilisenin 8 penceresi bulunuyor.<\/p>\n<figure class=\"wp-block-image\"><img decoding=\"async\" src=\"https:\/\/i2.wp.com\/cdnuploads.aa.com.tr\/uploads\/PhotoGallery\/2021\/08\/01\/thumbs_b2_9166214695cfd66edec007df71c7b243.jpg?ssl=1\" alt=\"Kars'ta tarihi yap\u0131lar zamana direniyor\" data-recalc-dims=\"1\" \/><\/figure>\n<figure class=\"wp-block-image\"><img decoding=\"async\" src=\"https:\/\/i2.wp.com\/cdnuploads.aa.com.tr\/uploads\/PhotoGallery\/2021\/08\/01\/thumbs_b2_43c455f98f236bf22f6a95e816f2b139.jpg?ssl=1\" alt=\"Kars'ta tarihi yap\u0131lar zamana direniyor\" data-recalc-dims=\"1\" \/><\/figure>\n<figure class=\"wp-block-image\"><img decoding=\"async\" src=\"https:\/\/i2.wp.com\/cdnuploads.aa.com.tr\/uploads\/PhotoGallery\/2021\/08\/01\/thumbs_b2_67704c09b9274cd81091760a1c5852c3.jpg?ssl=1\" alt=\"Kars'ta tarihi yap\u0131lar zamana direniyor\" data-recalc-dims=\"1\" \/><\/figure>\n<p>KARS (AA) \u2013 Ermenistan s\u0131n\u0131r\u0131nda, Kars\u2019a 42 kilometre uzakl\u0131ktaki Digor \u0130l\u00e7esi\u2019ne ba\u011fl\u0131 Karaba\u011f K\u00f6y\u00fc\u2019nde bulunan Mren Kilisesi\u2019nin G\u00fcney cephesinin \u00e7\u00f6kt\u00fc\u011f\u00fc, zorunlu sa\u011flamla\u015ft\u0131rma ve iyile\u015ftirme \u00f6nlemleri al\u0131nmamas\u0131 durumunda, b\u00fct\u00fcn\u00fcyle g\u00f6\u00e7me tehlikesi bulundu\u011fu vurguland\u0131. M.S. 7\u2019nci Y\u00fczy\u0131l sonlar\u0131nda in\u015fa edilen Mren Kilisesi Ani \u00d6ren yeri ile \u00e7a\u011fda\u015f olup, kesme dikd\u00f6rtgen t\u00fcf ta\u015f\u0131ndan yap\u0131ld\u0131. Bu b\u00f6lgede ilk kilise olarak yap\u0131n\u0131n 3 giri\u015f kap\u0131s\u0131 bulunuyor. \u0130\u00e7 ve d\u0131\u015f cephe duvarlar\u0131nda kesme t\u00fcf ta\u015f\u0131 \u00fczerine oyma tekni\u011fiyle yap\u0131lm\u0131\u015f \u00e7e\u015fitli ha\u00e7 motifleri bulunuyor. Kilisenin \u00e7at\u0131 k\u0131sm\u0131ndan ba\u015flayarak yar\u0131m kubbe \u015feklinde bir \u00fc\u00e7ken kubbesi bulunuyor. U\u011frad\u0131\u011f\u0131 tahribata kar\u015f\u0131n g\u00fcn\u00fcm\u00fcze kadar ayakta kalabilmeyi ba\u015faran kilisenin 8 penceresi bulunuyor.<\/p>\n<p>Kars\u2019\u0131n Digor il\u00e7esinde bulunan M.S 8. y\u00fczy\u0131l sonlar\u0131nda kesme dikd\u00f6rtgen t\u00fcf ta\u015f\u0131ndan in\u015fa edilen M\u00fcren Kilisesi, ziyaret\u00e7ilerini bekliyor. 3 giri\u015f kap\u0131s\u0131 bulunan i\u00e7 ve d\u0131\u015f cephe duvarlar\u0131nda kesme t\u00fcf ta\u015f\u0131 \u00fczerine oyma tekni\u011fiyle yap\u0131lm\u0131\u015f \u00e7e\u015fitli motifler ilgi \u00e7ekiyor.<\/p>\n<figure class=\"wp-block-image\"><img decoding=\"async\" src=\"https:\/\/i1.wp.com\/cdnuploads.aa.com.tr\/uploads\/PhotoGallery\/2021\/08\/01\/thumbs_b2_303ce8cf4a909483f3671cdb98ecafcd.jpg?ssl=1\" alt=\"Kars'ta tarihi yap\u0131lar zamana direniyor\" data-recalc-dims=\"1\" \/><\/figure>\n<figure class=\"wp-block-image\"><img decoding=\"async\" src=\"https:\/\/i0.wp.com\/cdnuploads.aa.com.tr\/uploads\/PhotoGallery\/2021\/08\/01\/thumbs_b2_ec629993570a93b4d0c6cb98c9e19a02.jpg?ssl=1\" alt=\"Kars'ta tarihi yap\u0131lar zamana direniyor\" data-recalc-dims=\"1\" \/><img decoding=\"async\" src=\"https:\/\/i0.wp.com\/cdnuploads.aa.com.tr\/uploads\/PhotoGallery\/2021\/08\/01\/thumbs_b2_e20f04753851621cdba60998a3a080d1.jpg?ssl=1\" alt=\"Kars'ta tarihi yap\u0131lar zamana direniyor\" data-recalc-dims=\"1\" \/><\/figure>\n<p><em><strong>H\u00fcseyin Demirci \u2013 Anadolu Ajans\u0131\u00a0<\/strong><\/em><\/p>\n<p><em><strong><a href=\"https:\/\/www.aa.com.tr\/tr\/pg\/foto-galeri\/karsta-tarihi-yapilar-zamana-direniyor\/0\">https:\/\/www.aa.com.tr\/tr\/pg\/foto-galeri\/karsta-tarihi-yapilar-zamana-direniyor\/0<\/a><\/strong><\/em><\/p>\n<\/div>\n","protected":false},"excerpt":{"rendered":"<p>Kars\u2019\u0131n Digor il\u00e7esinde bulunan M.S 8. y\u00fczy\u0131l sonlar\u0131nda kesme dikd\u00f6rtgen t\u00fcf ta\u015f\u0131ndan in\u015fa edilen M\u00fcren Kilisesi, ziyaret\u00e7ilerini bekliyor. 3 giri\u015f kap\u0131s\u0131 bulunan i\u00e7 ve d\u0131\u015f cephe duvarlar\u0131nda kesme t\u00fcf ta\u015f\u0131 \u00fczerine oyma tekni\u011fiyle yap\u0131lm\u0131\u015f \u00e7e\u015fitli motifler ilgi \u00e7ekiyor. Kars\u2019\u0131n Sar\u0131kam\u0131\u015f il\u00e7esinde Rus i\u015fgali d\u00f6neminde \u00c7ar 2. Nikola taraf\u0131ndan 19. y\u00fczy\u0131l\u0131n\u0131n sonlar\u0131nda Balt\u0131k mimarisi tarz\u0131nda yapt\u0131r\u0131lan [&hellip;]<\/p>\n","protected":false},"author":7,"featured_media":64077,"comment_status":"open","ping_status":"open","sticky":false,"template":"","format":"standard","meta":{"footnotes":""},"categories":[22,1],"tags":[],"class_list":["post-64074","post","type-post","status-publish","format-standard","has-post-thumbnail","hentry","category-gunumuzde-bati-ermenistan","category-haberler"],"yoast_head":"<!-- This site is optimized with the Yoast SEO plugin v27.4 - https:\/\/yoast.com\/product\/yoast-seo-wordpress\/ -->\n<title>Kars\u2019ta tarihi yap\u0131lar zamana direniyor - Bati Ermenistan Ve Bati Ermenileri Sorunlari Ara\u015ftirmalar Merkezi<\/title>\n<meta name=\"robots\" content=\"index, follow, max-snippet:-1, max-image-preview:large, max-video-preview:-1\" \/>\n<link rel=\"canonical\" href=\"https:\/\/akunq.net\/tr\/?p=64074\" \/>\n<meta property=\"og:locale\" content=\"en_US\" \/>\n<meta property=\"og:type\" content=\"article\" \/>\n<meta property=\"og:title\" content=\"Kars\u2019ta tarihi yap\u0131lar zamana direniyor - Bati Ermenistan Ve Bati Ermenileri Sorunlari Ara\u015ftirmalar Merkezi\" \/>\n<meta property=\"og:description\" content=\"Kars\u2019\u0131n Digor il\u00e7esinde bulunan M.S 8. y\u00fczy\u0131l sonlar\u0131nda kesme dikd\u00f6rtgen t\u00fcf ta\u015f\u0131ndan in\u015fa edilen M\u00fcren Kilisesi, ziyaret\u00e7ilerini bekliyor. 3 giri\u015f kap\u0131s\u0131 bulunan i\u00e7 ve d\u0131\u015f cephe duvarlar\u0131nda kesme t\u00fcf ta\u015f\u0131 \u00fczerine oyma tekni\u011fiyle yap\u0131lm\u0131\u015f \u00e7e\u015fitli motifler ilgi \u00e7ekiyor. Kars\u2019\u0131n Sar\u0131kam\u0131\u015f il\u00e7esinde Rus i\u015fgali d\u00f6neminde \u00c7ar 2. Nikola taraf\u0131ndan 19. y\u00fczy\u0131l\u0131n\u0131n sonlar\u0131nda Balt\u0131k mimarisi tarz\u0131nda yapt\u0131r\u0131lan [&hellip;]\" \/>\n<meta property=\"og:url\" content=\"https:\/\/akunq.net\/tr\/?p=64074\" \/>\n<meta property=\"og:site_name\" content=\"Bati Ermenistan Ve Bati Ermenileri Sorunlari Ara\u015ftirmalar Merkezi\" \/>\n<meta property=\"article:published_time\" content=\"2021-08-03T08:40:50+00:00\" \/>\n<meta property=\"article:modified_time\" content=\"2021-08-03T08:41:04+00:00\" \/>\n<meta property=\"og:image\" content=\"https:\/\/akunq.net\/tr\/wp-content\/uploads\/sites\/6\/2021\/08\/M\u00fcren-Kilisesi.jpg\" \/>\n\t<meta property=\"og:image:width\" content=\"954\" \/>\n\t<meta property=\"og:image:height\" content=\"636\" \/>\n\t<meta property=\"og:image:type\" content=\"image\/jpeg\" \/>\n<meta name=\"author\" content=\"admin\" \/>\n<meta name=\"twitter:card\" content=\"summary_large_image\" \/>\n<meta name=\"twitter:label1\" content=\"Written by\" \/>\n\t<meta name=\"twitter:data1\" content=\"admin\" \/>\n\t<meta name=\"twitter:label2\" content=\"Est. reading time\" \/>\n\t<meta name=\"twitter:data2\" content=\"3 minutes\" \/>\n<script type=\"application\/ld+json\" class=\"yoast-schema-graph\">{\"@context\":\"https:\\\/\\\/schema.org\",\"@graph\":[{\"@type\":\"Article\",\"@id\":\"https:\\\/\\\/akunq.net\\\/tr\\\/?p=64074#article\",\"isPartOf\":{\"@id\":\"https:\\\/\\\/akunq.net\\\/tr\\\/?p=64074\"},\"author\":{\"name\":\"admin\",\"@id\":\"https:\\\/\\\/akunq.net\\\/tr\\\/#\\\/schema\\\/person\\\/096f1d38a12cce57fb855b485ed24c9e\"},\"headline\":\"Kars\u2019ta tarihi yap\u0131lar zamana direniyor\",\"datePublished\":\"2021-08-03T08:40:50+00:00\",\"dateModified\":\"2021-08-03T08:41:04+00:00\",\"mainEntityOfPage\":{\"@id\":\"https:\\\/\\\/akunq.net\\\/tr\\\/?p=64074\"},\"wordCount\":511,\"commentCount\":0,\"image\":{\"@id\":\"https:\\\/\\\/akunq.net\\\/tr\\\/?p=64074#primaryimage\"},\"thumbnailUrl\":\"https:\\\/\\\/akunq.net\\\/tr\\\/wp-content\\\/uploads\\\/sites\\\/6\\\/2021\\\/08\\\/M\u00fcren-Kilisesi.jpg\",\"articleSection\":[\"G\u00fcn\u00fcm\u00fczde Bat\u0131 Ermenistan\",\"Haberler\"],\"inLanguage\":\"en-US\",\"potentialAction\":[{\"@type\":\"CommentAction\",\"name\":\"Comment\",\"target\":[\"https:\\\/\\\/akunq.net\\\/tr\\\/?p=64074#respond\"]}]},{\"@type\":\"WebPage\",\"@id\":\"https:\\\/\\\/akunq.net\\\/tr\\\/?p=64074\",\"url\":\"https:\\\/\\\/akunq.net\\\/tr\\\/?p=64074\",\"name\":\"Kars\u2019ta tarihi yap\u0131lar zamana direniyor - Bati Ermenistan Ve Bati Ermenileri Sorunlari Ara\u015ftirmalar Merkezi\",\"isPartOf\":{\"@id\":\"https:\\\/\\\/akunq.net\\\/tr\\\/#website\"},\"primaryImageOfPage\":{\"@id\":\"https:\\\/\\\/akunq.net\\\/tr\\\/?p=64074#primaryimage\"},\"image\":{\"@id\":\"https:\\\/\\\/akunq.net\\\/tr\\\/?p=64074#primaryimage\"},\"thumbnailUrl\":\"https:\\\/\\\/akunq.net\\\/tr\\\/wp-content\\\/uploads\\\/sites\\\/6\\\/2021\\\/08\\\/M\u00fcren-Kilisesi.jpg\",\"datePublished\":\"2021-08-03T08:40:50+00:00\",\"dateModified\":\"2021-08-03T08:41:04+00:00\",\"author\":{\"@id\":\"https:\\\/\\\/akunq.net\\\/tr\\\/#\\\/schema\\\/person\\\/096f1d38a12cce57fb855b485ed24c9e\"},\"breadcrumb\":{\"@id\":\"https:\\\/\\\/akunq.net\\\/tr\\\/?p=64074#breadcrumb\"},\"inLanguage\":\"en-US\",\"potentialAction\":[{\"@type\":\"ReadAction\",\"target\":[\"https:\\\/\\\/akunq.net\\\/tr\\\/?p=64074\"]}]},{\"@type\":\"ImageObject\",\"inLanguage\":\"en-US\",\"@id\":\"https:\\\/\\\/akunq.net\\\/tr\\\/?p=64074#primaryimage\",\"url\":\"https:\\\/\\\/akunq.net\\\/tr\\\/wp-content\\\/uploads\\\/sites\\\/6\\\/2021\\\/08\\\/M\u00fcren-Kilisesi.jpg\",\"contentUrl\":\"https:\\\/\\\/akunq.net\\\/tr\\\/wp-content\\\/uploads\\\/sites\\\/6\\\/2021\\\/08\\\/M\u00fcren-Kilisesi.jpg\",\"width\":954,\"height\":636},{\"@type\":\"BreadcrumbList\",\"@id\":\"https:\\\/\\\/akunq.net\\\/tr\\\/?p=64074#breadcrumb\",\"itemListElement\":[{\"@type\":\"ListItem\",\"position\":1,\"name\":\"Home\",\"item\":\"https:\\\/\\\/akunq.net\\\/tr\"},{\"@type\":\"ListItem\",\"position\":2,\"name\":\"Kars\u2019ta tarihi yap\u0131lar zamana direniyor\"}]},{\"@type\":\"WebSite\",\"@id\":\"https:\\\/\\\/akunq.net\\\/tr\\\/#website\",\"url\":\"https:\\\/\\\/akunq.net\\\/tr\\\/\",\"name\":\"Bati Ermenistan Ve Bati Ermenileri Sorunlari Ara\u015ftirmalar Merkezi\",\"description\":\"\",\"potentialAction\":[{\"@type\":\"SearchAction\",\"target\":{\"@type\":\"EntryPoint\",\"urlTemplate\":\"https:\\\/\\\/akunq.net\\\/tr\\\/?s={search_term_string}\"},\"query-input\":{\"@type\":\"PropertyValueSpecification\",\"valueRequired\":true,\"valueName\":\"search_term_string\"}}],\"inLanguage\":\"en-US\"},{\"@type\":\"Person\",\"@id\":\"https:\\\/\\\/akunq.net\\\/tr\\\/#\\\/schema\\\/person\\\/096f1d38a12cce57fb855b485ed24c9e\",\"name\":\"admin\",\"url\":\"https:\\\/\\\/akunq.net\\\/tr\\\/?author=7\"}]}<\/script>\n<!-- \/ Yoast SEO plugin. -->","yoast_head_json":{"title":"Kars\u2019ta tarihi yap\u0131lar zamana direniyor - Bati Ermenistan Ve Bati Ermenileri Sorunlari Ara\u015ftirmalar Merkezi","robots":{"index":"index","follow":"follow","max-snippet":"max-snippet:-1","max-image-preview":"max-image-preview:large","max-video-preview":"max-video-preview:-1"},"canonical":"https:\/\/akunq.net\/tr\/?p=64074","og_locale":"en_US","og_type":"article","og_title":"Kars\u2019ta tarihi yap\u0131lar zamana direniyor - Bati Ermenistan Ve Bati Ermenileri Sorunlari Ara\u015ftirmalar Merkezi","og_description":"Kars\u2019\u0131n Digor il\u00e7esinde bulunan M.S 8. y\u00fczy\u0131l sonlar\u0131nda kesme dikd\u00f6rtgen t\u00fcf ta\u015f\u0131ndan in\u015fa edilen M\u00fcren Kilisesi, ziyaret\u00e7ilerini bekliyor. 3 giri\u015f kap\u0131s\u0131 bulunan i\u00e7 ve d\u0131\u015f cephe duvarlar\u0131nda kesme t\u00fcf ta\u015f\u0131 \u00fczerine oyma tekni\u011fiyle yap\u0131lm\u0131\u015f \u00e7e\u015fitli motifler ilgi \u00e7ekiyor. Kars\u2019\u0131n Sar\u0131kam\u0131\u015f il\u00e7esinde Rus i\u015fgali d\u00f6neminde \u00c7ar 2. Nikola taraf\u0131ndan 19. y\u00fczy\u0131l\u0131n\u0131n sonlar\u0131nda Balt\u0131k mimarisi tarz\u0131nda yapt\u0131r\u0131lan [&hellip;]","og_url":"https:\/\/akunq.net\/tr\/?p=64074","og_site_name":"Bati Ermenistan Ve Bati Ermenileri Sorunlari Ara\u015ftirmalar Merkezi","article_published_time":"2021-08-03T08:40:50+00:00","article_modified_time":"2021-08-03T08:41:04+00:00","og_image":[{"width":954,"height":636,"url":"https:\/\/akunq.net\/tr\/wp-content\/uploads\/sites\/6\/2021\/08\/M\u00fcren-Kilisesi.jpg","type":"image\/jpeg"}],"author":"admin","twitter_card":"summary_large_image","twitter_misc":{"Written by":"admin","Est. reading time":"3 minutes"},"schema":{"@context":"https:\/\/schema.org","@graph":[{"@type":"Article","@id":"https:\/\/akunq.net\/tr\/?p=64074#article","isPartOf":{"@id":"https:\/\/akunq.net\/tr\/?p=64074"},"author":{"name":"admin","@id":"https:\/\/akunq.net\/tr\/#\/schema\/person\/096f1d38a12cce57fb855b485ed24c9e"},"headline":"Kars\u2019ta tarihi yap\u0131lar zamana direniyor","datePublished":"2021-08-03T08:40:50+00:00","dateModified":"2021-08-03T08:41:04+00:00","mainEntityOfPage":{"@id":"https:\/\/akunq.net\/tr\/?p=64074"},"wordCount":511,"commentCount":0,"image":{"@id":"https:\/\/akunq.net\/tr\/?p=64074#primaryimage"},"thumbnailUrl":"https:\/\/akunq.net\/tr\/wp-content\/uploads\/sites\/6\/2021\/08\/M\u00fcren-Kilisesi.jpg","articleSection":["G\u00fcn\u00fcm\u00fczde Bat\u0131 Ermenistan","Haberler"],"inLanguage":"en-US","potentialAction":[{"@type":"CommentAction","name":"Comment","target":["https:\/\/akunq.net\/tr\/?p=64074#respond"]}]},{"@type":"WebPage","@id":"https:\/\/akunq.net\/tr\/?p=64074","url":"https:\/\/akunq.net\/tr\/?p=64074","name":"Kars\u2019ta tarihi yap\u0131lar zamana direniyor - Bati Ermenistan Ve Bati Ermenileri Sorunlari Ara\u015ftirmalar Merkezi","isPartOf":{"@id":"https:\/\/akunq.net\/tr\/#website"},"primaryImageOfPage":{"@id":"https:\/\/akunq.net\/tr\/?p=64074#primaryimage"},"image":{"@id":"https:\/\/akunq.net\/tr\/?p=64074#primaryimage"},"thumbnailUrl":"https:\/\/akunq.net\/tr\/wp-content\/uploads\/sites\/6\/2021\/08\/M\u00fcren-Kilisesi.jpg","datePublished":"2021-08-03T08:40:50+00:00","dateModified":"2021-08-03T08:41:04+00:00","author":{"@id":"https:\/\/akunq.net\/tr\/#\/schema\/person\/096f1d38a12cce57fb855b485ed24c9e"},"breadcrumb":{"@id":"https:\/\/akunq.net\/tr\/?p=64074#breadcrumb"},"inLanguage":"en-US","potentialAction":[{"@type":"ReadAction","target":["https:\/\/akunq.net\/tr\/?p=64074"]}]},{"@type":"ImageObject","inLanguage":"en-US","@id":"https:\/\/akunq.net\/tr\/?p=64074#primaryimage","url":"https:\/\/akunq.net\/tr\/wp-content\/uploads\/sites\/6\/2021\/08\/M\u00fcren-Kilisesi.jpg","contentUrl":"https:\/\/akunq.net\/tr\/wp-content\/uploads\/sites\/6\/2021\/08\/M\u00fcren-Kilisesi.jpg","width":954,"height":636},{"@type":"BreadcrumbList","@id":"https:\/\/akunq.net\/tr\/?p=64074#breadcrumb","itemListElement":[{"@type":"ListItem","position":1,"name":"Home","item":"https:\/\/akunq.net\/tr"},{"@type":"ListItem","position":2,"name":"Kars\u2019ta tarihi yap\u0131lar zamana direniyor"}]},{"@type":"WebSite","@id":"https:\/\/akunq.net\/tr\/#website","url":"https:\/\/akunq.net\/tr\/","name":"Bati Ermenistan Ve Bati Ermenileri Sorunlari Ara\u015ftirmalar Merkezi","description":"","potentialAction":[{"@type":"SearchAction","target":{"@type":"EntryPoint","urlTemplate":"https:\/\/akunq.net\/tr\/?s={search_term_string}"},"query-input":{"@type":"PropertyValueSpecification","valueRequired":true,"valueName":"search_term_string"}}],"inLanguage":"en-US"},{"@type":"Person","@id":"https:\/\/akunq.net\/tr\/#\/schema\/person\/096f1d38a12cce57fb855b485ed24c9e","name":"admin","url":"https:\/\/akunq.net\/tr\/?author=7"}]}},"_links":{"self":[{"href":"https:\/\/akunq.net\/tr\/index.php?rest_route=\/wp\/v2\/posts\/64074","targetHints":{"allow":["GET"]}}],"collection":[{"href":"https:\/\/akunq.net\/tr\/index.php?rest_route=\/wp\/v2\/posts"}],"about":[{"href":"https:\/\/akunq.net\/tr\/index.php?rest_route=\/wp\/v2\/types\/post"}],"author":[{"embeddable":true,"href":"https:\/\/akunq.net\/tr\/index.php?rest_route=\/wp\/v2\/users\/7"}],"replies":[{"embeddable":true,"href":"https:\/\/akunq.net\/tr\/index.php?rest_route=%2Fwp%2Fv2%2Fcomments&post=64074"}],"version-history":[{"count":1,"href":"https:\/\/akunq.net\/tr\/index.php?rest_route=\/wp\/v2\/posts\/64074\/revisions"}],"predecessor-version":[{"id":64076,"href":"https:\/\/akunq.net\/tr\/index.php?rest_route=\/wp\/v2\/posts\/64074\/revisions\/64076"}],"wp:featuredmedia":[{"embeddable":true,"href":"https:\/\/akunq.net\/tr\/index.php?rest_route=\/wp\/v2\/media\/64077"}],"wp:attachment":[{"href":"https:\/\/akunq.net\/tr\/index.php?rest_route=%2Fwp%2Fv2%2Fmedia&parent=64074"}],"wp:term":[{"taxonomy":"category","embeddable":true,"href":"https:\/\/akunq.net\/tr\/index.php?rest_route=%2Fwp%2Fv2%2Fcategories&post=64074"},{"taxonomy":"post_tag","embeddable":true,"href":"https:\/\/akunq.net\/tr\/index.php?rest_route=%2Fwp%2Fv2%2Ftags&post=64074"}],"curies":[{"name":"wp","href":"https:\/\/api.w.org\/{rel}","templated":true}]}}