{"id":64068,"date":"2021-08-03T02:31:34","date_gmt":"2021-08-03T07:31:34","guid":{"rendered":"https:\/\/akunq.net\/tr\/?p=64068"},"modified":"2021-08-03T02:31:34","modified_gmt":"2021-08-03T07:31:34","slug":"orman-yanginlarinda-son-durum","status":"publish","type":"post","link":"https:\/\/akunq.net\/tr\/?p=64068","title":{"rendered":"Orman yang\u0131nlar\u0131nda son durum"},"content":{"rendered":"<p class=\"category-detail-sub-title\" data-gtm-vis-first-on-screen-2765436_106=\"412\" data-gtm-vis-total-visible-time-2765436_106=\"100\" data-gtm-vis-has-fired-2765436_106=\"1\"><em><strong>Ayd\u0131n ve Denizli&#8217;deki yang\u0131nlar kontrol alt\u0131na al\u0131nd\u0131. Antalya, Mu\u011fla ve Isparta&#8217;daki orman yang\u0131nlar\u0131na m\u00fcdahale ise s\u00fcr\u00fcyor.<\/strong><\/em><\/p>\n<div class=\"card card--video category-detail-large-card\">\n<div class=\"card-img-wrapper lazy-loading-img\"><picture class=\"native-lazy\"><source srcset=\"https:\/\/cdn1.ntv.com.tr\/gorsel\/_nBOhFXE8U2RF-drrGM0Gw.jpg?width=710&amp;height=533&amp;mode=both&amp;scale=both&amp;meta=square\" media=\"(max-width: 767px)\" \/><source srcset=\"https:\/\/cdn1.ntv.com.tr\/gorsel\/_nBOhFXE8U2RF-drrGM0Gw.jpg?width=952&amp;mode=both&amp;scale=both\" media=\"(max-width: 991px)\" \/><source srcset=\"https:\/\/cdn1.ntv.com.tr\/gorsel\/_nBOhFXE8U2RF-drrGM0Gw.jpg?width=660&amp;mode=both&amp;scale=both\" media=\"(min-width: 992px)\" \/><img decoding=\"async\" class=\" ls-is-cached lazyloaded\" src=\"https:\/\/cdn1.ntv.com.tr\/gorsel\/_nBOhFXE8U2RF-drrGM0Gw.jpg?width=952&amp;height=540&amp;mode=both&amp;scale=both\" alt=\"Orman yang\u0131nlar\u0131nda son durum\" data-src=\"https:\/\/cdn1.ntv.com.tr\/gorsel\/_nBOhFXE8U2RF-drrGM0Gw.jpg?width=952&amp;height=540&amp;mode=both&amp;scale=both\" data-imageplus-ch=\"1\" \/><\/picture><\/div>\n<\/div>\n<div class=\"news-info category-detail-news-info\"><\/div>\n<div class=\"category-detail-content\">\n<div class=\"category-detail-content-inner\">\n<p>Yang\u0131nla m\u00fccadele 3 ilde devam ediyor: Antalya, Mu\u011fla ve Isparta&#8230;<\/p>\n<p>Toplam 8 noktadaki yang\u0131nlara m\u00fcdahale ediliyor. S\u00f6nd\u00fcrme \u00e7al\u0131\u015fmalar\u0131na 16 u\u00e7ak ve 51 helikopter ile havadan destek veriliyor.<br class=\"_113018\" \/><br \/>\nAyd\u0131n ve Denizli&#8217;deki orman yang\u0131nlar\u0131 ise kontrol alt\u0131na al\u0131nd\u0131.<br class=\"_113018\" \/><br \/>\nAyd\u0131n Vali Yard\u0131mc\u0131s\u0131 Mustafa Hulusi Arat, yang\u0131n\u0131n yerle\u015fim yerlerine zarar vermedi\u011fini ifade ederek, &#8220;Hasar tespit \u00e7al\u0131\u015fmalar\u0131 hen\u00fcz tam yap\u0131lmad\u0131 ama ilk ald\u0131\u011f\u0131m\u0131z bilgilere g\u00f6re \u00f6nemli bir yerle\u015fim yerlerine zarar\u0131 yok. Yaln\u0131z, ormanlar b\u00fcy\u00fck zarar g\u00f6rd\u00fc&#8221; dedi.<\/p>\n<p>D\u00fcn Bozdo\u011fan&#8217;\u0131n Ba\u015falan Mahallesi&#8217;nde orman yang\u0131n\u0131 \u00e7\u0131km\u0131\u015f, yang\u0131n Mu\u011fla&#8217;n\u0131n Kavakl\u0131dere il\u00e7esine kadar ula\u015fm\u0131\u015ft\u0131. Denizli&#8217;nin Buldan il\u00e7esinde \u00e7\u0131kan orman yang\u0131n\u0131 da b\u00fcy\u00fck oranda kontrol alt\u0131na al\u0131nd\u0131.<br class=\"_113018\" \/><br \/>\nJandarma ve polis ekipleri, b\u00f6lgede g\u00fcvenlik \u00f6nlemlerini s\u00fcrd\u00fcr\u00fcrken yetkili olmayanlar\u0131n b\u00f6lgeye giri\u015fine izin vermiyor. \u0130l Emniyet M\u00fcd\u00fcrl\u00fc\u011f\u00fcne ba\u011fl\u0131 TOMA&#8217;lar da alevlere m\u00fcdahalede bulunuyor.<\/p>\n<div class=\"img-wrapper img-wrapper--wide\"><img decoding=\"async\" class=\"\" src=\"https:\/\/cdn1.ntv.com.tr\/gorsel\/7uQN6hx3tkOIu26aQ956Yg.jpg?width=960&amp;mode=crop&amp;scale=both\" alt=\"Antalya\/Manavgat\" data-imageplus-ch=\"1\" \/><span class=\"img-wrapper-desc\">Antalya\/Manavgat<\/span><\/div>\n<p><strong>ANTALYA<\/strong><\/p>\n<p>G\u00fcndo\u011fmu\u015f il\u00e7esindeki orman yang\u0131n\u0131n\u0131 s\u00f6nd\u00fcrme \u00e7al\u0131\u015fmalar\u0131 gece boyunca s\u00fcrd\u00fc. Sarp b\u00f6lgede yer ald\u0131\u011f\u0131 i\u00e7in alevlere m\u00fcdahale g\u00fc\u00e7l\u00fckle y\u00fcr\u00fct\u00fcl\u00fcyor. Alevler il\u00e7e merkezini de tehdit etti\u011fi i\u00e7in G\u00fcndo\u011fmu\u015f il\u00e7e merkezi tedbir ama\u00e7l\u0131 bo\u015falt\u0131ld\u0131.<br class=\"_113018\" \/><br \/>\nY\u00fcksek s\u0131cakl\u0131k, d\u00fc\u015f\u00fck nem ve kuvvetli r\u00fczgar nedeniyle yay\u0131lan alevler, Ortakonu\u015f&#8217;un yan\u0131 s\u0131ra \u00c7ar\u0131z\u00f6z\u00fc, Senir, Nara\u011fac\u0131, Balkaya ve \u00dcm\u00fctl\u00fc mahallerine de s\u0131\u00e7rad\u0131.<\/p>\n<p>Manavgat il\u00e7esindeki yang\u0131na da m\u00fcdahale s\u00fcr\u00fcyor.<\/p>\n<div class=\"img-wrapper img-wrapper--wide\"><img decoding=\"async\" class=\"\" src=\"https:\/\/cdn1.ntv.com.tr\/gorsel\/ECZKKzvAJUeccJaLbZoP8Q.jpg?width=960&amp;mode=crop&amp;scale=both\" alt=\"Mu\u011fla\/Milas\" data-imageplus-ch=\"1\" \/><span class=\"img-wrapper-desc\">Mu\u011fla\/Milas<\/span><\/div>\n<p><strong>MU\u011eLA<\/strong><\/p>\n<p>Mu\u011fla&#8217;n\u0131n Milas ve Bodrum il\u00e7elerinde de yang\u0131n s\u00fcr\u00fcyor. Bodrum Yenik\u00f6y&#8217;de alevlere m\u00fcdahale ediliyor.\u00a0\u0130ki il\u00e7e aras\u0131ndaki Maz\u0131&#8217;y\u0131 saran alevler r\u00fczgar\u0131n etkisiyle \u00c7\u00f6kertme mahallesine ta\u015f\u0131nd\u0131. Jandarman\u0131n uyar\u0131lar\u0131n\u0131n ard\u0131ndan halk tahliye edildi.<\/p>\n<p>Bozolan, Fesle\u011fen, G\u00f6kbel ve T\u00fcrkevleri mahalleleri de alevlerden etkilendi. Yerle\u015fim yerlerine de s\u0131\u00e7rayan yang\u0131nda baz\u0131 evler kullan\u0131lamaz hale geldi.<\/p>\n<p class=\"_113018\">Marmaris Hisar\u00f6n\u00fc k\u00f6y\u00fcnde alevler azalsa da tehlike ge\u00e7mi\u015f de\u011fil. \u00d6\u011fle saatlerinde r\u00fczgar\u0131n artmas\u0131yla alevlerin yeniden artabilece\u011fi belirtiliyor.<\/p>\n<div class=\"img-wrapper img-wrapper--wide\"><img decoding=\"async\" class=\"\" src=\"https:\/\/cdn1.ntv.com.tr\/gorsel\/xoP7DZ9LD02NaMfKQ4X5Ug.jpg?width=960&amp;mode=crop&amp;scale=both\" alt=\"\" \/><\/div>\n<p><strong>ISPARTA<\/strong><\/p>\n<p>Alevlerle m\u00fccadelenin s\u00fcrd\u00fc\u011f\u00fc bir di\u011fer nokta Isparta. Yang\u0131n yerle\u015fim yerlerine ula\u015ft\u0131. Baz\u0131 evler tahliye edildi. S\u00fct\u00e7\u00fcler&#8217;deki yang\u0131nda 15 evin zarar g\u00f6rd\u00fc\u011f\u00fc 10 ki\u015finin de dumandan etkilendi\u011fi bildirildi.<\/p>\n<p><em><strong>https:\/\/www.ntv.com.tr\/turkiye\/orman-yanginlarinda-son-durum,TKnGRqG4yEe-JvVxToCJxQ\u00a0<\/strong><\/em><\/p>\n<\/div>\n<\/div>\n","protected":false},"excerpt":{"rendered":"<p>Ayd\u0131n ve Denizli&#8217;deki yang\u0131nlar kontrol alt\u0131na al\u0131nd\u0131. Antalya, Mu\u011fla ve Isparta&#8217;daki orman yang\u0131nlar\u0131na m\u00fcdahale ise s\u00fcr\u00fcyor. Yang\u0131nla m\u00fccadele 3 ilde devam ediyor: Antalya, Mu\u011fla ve Isparta&#8230; Toplam 8 noktadaki yang\u0131nlara m\u00fcdahale ediliyor. S\u00f6nd\u00fcrme \u00e7al\u0131\u015fmalar\u0131na 16 u\u00e7ak ve 51 helikopter ile havadan destek veriliyor. Ayd\u0131n ve Denizli&#8217;deki orman yang\u0131nlar\u0131 ise kontrol alt\u0131na al\u0131nd\u0131. Ayd\u0131n Vali Yard\u0131mc\u0131s\u0131 [&hellip;]<\/p>\n","protected":false},"author":7,"featured_media":64069,"comment_status":"open","ping_status":"open","sticky":false,"template":"","format":"standard","meta":{"footnotes":""},"categories":[1],"tags":[],"class_list":["post-64068","post","type-post","status-publish","format-standard","has-post-thumbnail","hentry","category-haberler"],"yoast_head":"<!-- This site is optimized with the Yoast SEO plugin v27.4 - https:\/\/yoast.com\/product\/yoast-seo-wordpress\/ -->\n<title>Orman yang\u0131nlar\u0131nda son durum - Bati Ermenistan Ve Bati Ermenileri Sorunlari Ara\u015ftirmalar Merkezi<\/title>\n<meta name=\"robots\" content=\"index, follow, max-snippet:-1, max-image-preview:large, max-video-preview:-1\" \/>\n<link rel=\"canonical\" href=\"https:\/\/akunq.net\/tr\/?p=64068\" \/>\n<meta property=\"og:locale\" content=\"en_US\" \/>\n<meta property=\"og:type\" content=\"article\" \/>\n<meta property=\"og:title\" content=\"Orman yang\u0131nlar\u0131nda son durum - Bati Ermenistan Ve Bati Ermenileri Sorunlari Ara\u015ftirmalar Merkezi\" \/>\n<meta property=\"og:description\" content=\"Ayd\u0131n ve Denizli&#8217;deki yang\u0131nlar kontrol alt\u0131na al\u0131nd\u0131. Antalya, Mu\u011fla ve Isparta&#8217;daki orman yang\u0131nlar\u0131na m\u00fcdahale ise s\u00fcr\u00fcyor. Yang\u0131nla m\u00fccadele 3 ilde devam ediyor: Antalya, Mu\u011fla ve Isparta&#8230; Toplam 8 noktadaki yang\u0131nlara m\u00fcdahale ediliyor. S\u00f6nd\u00fcrme \u00e7al\u0131\u015fmalar\u0131na 16 u\u00e7ak ve 51 helikopter ile havadan destek veriliyor. Ayd\u0131n ve Denizli&#8217;deki orman yang\u0131nlar\u0131 ise kontrol alt\u0131na al\u0131nd\u0131. Ayd\u0131n Vali Yard\u0131mc\u0131s\u0131 [&hellip;]\" \/>\n<meta property=\"og:url\" content=\"https:\/\/akunq.net\/tr\/?p=64068\" \/>\n<meta property=\"og:site_name\" content=\"Bati Ermenistan Ve Bati Ermenileri Sorunlari Ara\u015ftirmalar Merkezi\" \/>\n<meta property=\"article:published_time\" content=\"2021-08-03T07:31:34+00:00\" \/>\n<meta property=\"og:image\" content=\"https:\/\/akunq.net\/tr\/wp-content\/uploads\/sites\/6\/2021\/08\/\u0539\u0578\u0582\u0580\u0584\u056b\u0561\u0575\u0578\u0582\u0574-\u0561\u0576\u057f\u0561\u057c\u0561\u0575\u056b\u0576-\u0570\u0580\u0564\u0565\u0570.jpg\" \/>\n\t<meta property=\"og:image:width\" content=\"740\" \/>\n\t<meta property=\"og:image:height\" content=\"493\" \/>\n\t<meta property=\"og:image:type\" content=\"image\/jpeg\" \/>\n<meta name=\"author\" content=\"admin\" \/>\n<meta name=\"twitter:card\" content=\"summary_large_image\" \/>\n<meta name=\"twitter:label1\" content=\"Written by\" \/>\n\t<meta name=\"twitter:data1\" content=\"admin\" \/>\n\t<meta name=\"twitter:label2\" content=\"Est. reading time\" \/>\n\t<meta name=\"twitter:data2\" content=\"2 minutes\" \/>\n<script type=\"application\/ld+json\" class=\"yoast-schema-graph\">{\"@context\":\"https:\\\/\\\/schema.org\",\"@graph\":[{\"@type\":\"Article\",\"@id\":\"https:\\\/\\\/akunq.net\\\/tr\\\/?p=64068#article\",\"isPartOf\":{\"@id\":\"https:\\\/\\\/akunq.net\\\/tr\\\/?p=64068\"},\"author\":{\"name\":\"admin\",\"@id\":\"https:\\\/\\\/akunq.net\\\/tr\\\/#\\\/schema\\\/person\\\/096f1d38a12cce57fb855b485ed24c9e\"},\"headline\":\"Orman yang\u0131nlar\u0131nda son durum\",\"datePublished\":\"2021-08-03T07:31:34+00:00\",\"mainEntityOfPage\":{\"@id\":\"https:\\\/\\\/akunq.net\\\/tr\\\/?p=64068\"},\"wordCount\":471,\"commentCount\":0,\"image\":{\"@id\":\"https:\\\/\\\/akunq.net\\\/tr\\\/?p=64068#primaryimage\"},\"thumbnailUrl\":\"https:\\\/\\\/akunq.net\\\/tr\\\/wp-content\\\/uploads\\\/sites\\\/6\\\/2021\\\/08\\\/\u0539\u0578\u0582\u0580\u0584\u056b\u0561\u0575\u0578\u0582\u0574-\u0561\u0576\u057f\u0561\u057c\u0561\u0575\u056b\u0576-\u0570\u0580\u0564\u0565\u0570.jpg\",\"articleSection\":[\"Haberler\"],\"inLanguage\":\"en-US\",\"potentialAction\":[{\"@type\":\"CommentAction\",\"name\":\"Comment\",\"target\":[\"https:\\\/\\\/akunq.net\\\/tr\\\/?p=64068#respond\"]}]},{\"@type\":\"WebPage\",\"@id\":\"https:\\\/\\\/akunq.net\\\/tr\\\/?p=64068\",\"url\":\"https:\\\/\\\/akunq.net\\\/tr\\\/?p=64068\",\"name\":\"Orman yang\u0131nlar\u0131nda son durum - Bati Ermenistan Ve Bati Ermenileri Sorunlari Ara\u015ftirmalar Merkezi\",\"isPartOf\":{\"@id\":\"https:\\\/\\\/akunq.net\\\/tr\\\/#website\"},\"primaryImageOfPage\":{\"@id\":\"https:\\\/\\\/akunq.net\\\/tr\\\/?p=64068#primaryimage\"},\"image\":{\"@id\":\"https:\\\/\\\/akunq.net\\\/tr\\\/?p=64068#primaryimage\"},\"thumbnailUrl\":\"https:\\\/\\\/akunq.net\\\/tr\\\/wp-content\\\/uploads\\\/sites\\\/6\\\/2021\\\/08\\\/\u0539\u0578\u0582\u0580\u0584\u056b\u0561\u0575\u0578\u0582\u0574-\u0561\u0576\u057f\u0561\u057c\u0561\u0575\u056b\u0576-\u0570\u0580\u0564\u0565\u0570.jpg\",\"datePublished\":\"2021-08-03T07:31:34+00:00\",\"author\":{\"@id\":\"https:\\\/\\\/akunq.net\\\/tr\\\/#\\\/schema\\\/person\\\/096f1d38a12cce57fb855b485ed24c9e\"},\"breadcrumb\":{\"@id\":\"https:\\\/\\\/akunq.net\\\/tr\\\/?p=64068#breadcrumb\"},\"inLanguage\":\"en-US\",\"potentialAction\":[{\"@type\":\"ReadAction\",\"target\":[\"https:\\\/\\\/akunq.net\\\/tr\\\/?p=64068\"]}]},{\"@type\":\"ImageObject\",\"inLanguage\":\"en-US\",\"@id\":\"https:\\\/\\\/akunq.net\\\/tr\\\/?p=64068#primaryimage\",\"url\":\"https:\\\/\\\/akunq.net\\\/tr\\\/wp-content\\\/uploads\\\/sites\\\/6\\\/2021\\\/08\\\/\u0539\u0578\u0582\u0580\u0584\u056b\u0561\u0575\u0578\u0582\u0574-\u0561\u0576\u057f\u0561\u057c\u0561\u0575\u056b\u0576-\u0570\u0580\u0564\u0565\u0570.jpg\",\"contentUrl\":\"https:\\\/\\\/akunq.net\\\/tr\\\/wp-content\\\/uploads\\\/sites\\\/6\\\/2021\\\/08\\\/\u0539\u0578\u0582\u0580\u0584\u056b\u0561\u0575\u0578\u0582\u0574-\u0561\u0576\u057f\u0561\u057c\u0561\u0575\u056b\u0576-\u0570\u0580\u0564\u0565\u0570.jpg\",\"width\":740,\"height\":493},{\"@type\":\"BreadcrumbList\",\"@id\":\"https:\\\/\\\/akunq.net\\\/tr\\\/?p=64068#breadcrumb\",\"itemListElement\":[{\"@type\":\"ListItem\",\"position\":1,\"name\":\"Home\",\"item\":\"https:\\\/\\\/akunq.net\\\/tr\"},{\"@type\":\"ListItem\",\"position\":2,\"name\":\"Orman yang\u0131nlar\u0131nda son durum\"}]},{\"@type\":\"WebSite\",\"@id\":\"https:\\\/\\\/akunq.net\\\/tr\\\/#website\",\"url\":\"https:\\\/\\\/akunq.net\\\/tr\\\/\",\"name\":\"Bati Ermenistan Ve Bati Ermenileri Sorunlari Ara\u015ftirmalar Merkezi\",\"description\":\"\",\"potentialAction\":[{\"@type\":\"SearchAction\",\"target\":{\"@type\":\"EntryPoint\",\"urlTemplate\":\"https:\\\/\\\/akunq.net\\\/tr\\\/?s={search_term_string}\"},\"query-input\":{\"@type\":\"PropertyValueSpecification\",\"valueRequired\":true,\"valueName\":\"search_term_string\"}}],\"inLanguage\":\"en-US\"},{\"@type\":\"Person\",\"@id\":\"https:\\\/\\\/akunq.net\\\/tr\\\/#\\\/schema\\\/person\\\/096f1d38a12cce57fb855b485ed24c9e\",\"name\":\"admin\",\"url\":\"https:\\\/\\\/akunq.net\\\/tr\\\/?author=7\"}]}<\/script>\n<!-- \/ Yoast SEO plugin. -->","yoast_head_json":{"title":"Orman yang\u0131nlar\u0131nda son durum - Bati Ermenistan Ve Bati Ermenileri Sorunlari Ara\u015ftirmalar Merkezi","robots":{"index":"index","follow":"follow","max-snippet":"max-snippet:-1","max-image-preview":"max-image-preview:large","max-video-preview":"max-video-preview:-1"},"canonical":"https:\/\/akunq.net\/tr\/?p=64068","og_locale":"en_US","og_type":"article","og_title":"Orman yang\u0131nlar\u0131nda son durum - Bati Ermenistan Ve Bati Ermenileri Sorunlari Ara\u015ftirmalar Merkezi","og_description":"Ayd\u0131n ve Denizli&#8217;deki yang\u0131nlar kontrol alt\u0131na al\u0131nd\u0131. Antalya, Mu\u011fla ve Isparta&#8217;daki orman yang\u0131nlar\u0131na m\u00fcdahale ise s\u00fcr\u00fcyor. Yang\u0131nla m\u00fccadele 3 ilde devam ediyor: Antalya, Mu\u011fla ve Isparta&#8230; Toplam 8 noktadaki yang\u0131nlara m\u00fcdahale ediliyor. S\u00f6nd\u00fcrme \u00e7al\u0131\u015fmalar\u0131na 16 u\u00e7ak ve 51 helikopter ile havadan destek veriliyor. Ayd\u0131n ve Denizli&#8217;deki orman yang\u0131nlar\u0131 ise kontrol alt\u0131na al\u0131nd\u0131. Ayd\u0131n Vali Yard\u0131mc\u0131s\u0131 [&hellip;]","og_url":"https:\/\/akunq.net\/tr\/?p=64068","og_site_name":"Bati Ermenistan Ve Bati Ermenileri Sorunlari Ara\u015ftirmalar Merkezi","article_published_time":"2021-08-03T07:31:34+00:00","og_image":[{"width":740,"height":493,"url":"https:\/\/akunq.net\/tr\/wp-content\/uploads\/sites\/6\/2021\/08\/\u0539\u0578\u0582\u0580\u0584\u056b\u0561\u0575\u0578\u0582\u0574-\u0561\u0576\u057f\u0561\u057c\u0561\u0575\u056b\u0576-\u0570\u0580\u0564\u0565\u0570.jpg","type":"image\/jpeg"}],"author":"admin","twitter_card":"summary_large_image","twitter_misc":{"Written by":"admin","Est. reading time":"2 minutes"},"schema":{"@context":"https:\/\/schema.org","@graph":[{"@type":"Article","@id":"https:\/\/akunq.net\/tr\/?p=64068#article","isPartOf":{"@id":"https:\/\/akunq.net\/tr\/?p=64068"},"author":{"name":"admin","@id":"https:\/\/akunq.net\/tr\/#\/schema\/person\/096f1d38a12cce57fb855b485ed24c9e"},"headline":"Orman yang\u0131nlar\u0131nda son durum","datePublished":"2021-08-03T07:31:34+00:00","mainEntityOfPage":{"@id":"https:\/\/akunq.net\/tr\/?p=64068"},"wordCount":471,"commentCount":0,"image":{"@id":"https:\/\/akunq.net\/tr\/?p=64068#primaryimage"},"thumbnailUrl":"https:\/\/akunq.net\/tr\/wp-content\/uploads\/sites\/6\/2021\/08\/\u0539\u0578\u0582\u0580\u0584\u056b\u0561\u0575\u0578\u0582\u0574-\u0561\u0576\u057f\u0561\u057c\u0561\u0575\u056b\u0576-\u0570\u0580\u0564\u0565\u0570.jpg","articleSection":["Haberler"],"inLanguage":"en-US","potentialAction":[{"@type":"CommentAction","name":"Comment","target":["https:\/\/akunq.net\/tr\/?p=64068#respond"]}]},{"@type":"WebPage","@id":"https:\/\/akunq.net\/tr\/?p=64068","url":"https:\/\/akunq.net\/tr\/?p=64068","name":"Orman yang\u0131nlar\u0131nda son durum - Bati Ermenistan Ve Bati Ermenileri Sorunlari Ara\u015ftirmalar Merkezi","isPartOf":{"@id":"https:\/\/akunq.net\/tr\/#website"},"primaryImageOfPage":{"@id":"https:\/\/akunq.net\/tr\/?p=64068#primaryimage"},"image":{"@id":"https:\/\/akunq.net\/tr\/?p=64068#primaryimage"},"thumbnailUrl":"https:\/\/akunq.net\/tr\/wp-content\/uploads\/sites\/6\/2021\/08\/\u0539\u0578\u0582\u0580\u0584\u056b\u0561\u0575\u0578\u0582\u0574-\u0561\u0576\u057f\u0561\u057c\u0561\u0575\u056b\u0576-\u0570\u0580\u0564\u0565\u0570.jpg","datePublished":"2021-08-03T07:31:34+00:00","author":{"@id":"https:\/\/akunq.net\/tr\/#\/schema\/person\/096f1d38a12cce57fb855b485ed24c9e"},"breadcrumb":{"@id":"https:\/\/akunq.net\/tr\/?p=64068#breadcrumb"},"inLanguage":"en-US","potentialAction":[{"@type":"ReadAction","target":["https:\/\/akunq.net\/tr\/?p=64068"]}]},{"@type":"ImageObject","inLanguage":"en-US","@id":"https:\/\/akunq.net\/tr\/?p=64068#primaryimage","url":"https:\/\/akunq.net\/tr\/wp-content\/uploads\/sites\/6\/2021\/08\/\u0539\u0578\u0582\u0580\u0584\u056b\u0561\u0575\u0578\u0582\u0574-\u0561\u0576\u057f\u0561\u057c\u0561\u0575\u056b\u0576-\u0570\u0580\u0564\u0565\u0570.jpg","contentUrl":"https:\/\/akunq.net\/tr\/wp-content\/uploads\/sites\/6\/2021\/08\/\u0539\u0578\u0582\u0580\u0584\u056b\u0561\u0575\u0578\u0582\u0574-\u0561\u0576\u057f\u0561\u057c\u0561\u0575\u056b\u0576-\u0570\u0580\u0564\u0565\u0570.jpg","width":740,"height":493},{"@type":"BreadcrumbList","@id":"https:\/\/akunq.net\/tr\/?p=64068#breadcrumb","itemListElement":[{"@type":"ListItem","position":1,"name":"Home","item":"https:\/\/akunq.net\/tr"},{"@type":"ListItem","position":2,"name":"Orman yang\u0131nlar\u0131nda son durum"}]},{"@type":"WebSite","@id":"https:\/\/akunq.net\/tr\/#website","url":"https:\/\/akunq.net\/tr\/","name":"Bati Ermenistan Ve Bati Ermenileri Sorunlari Ara\u015ftirmalar Merkezi","description":"","potentialAction":[{"@type":"SearchAction","target":{"@type":"EntryPoint","urlTemplate":"https:\/\/akunq.net\/tr\/?s={search_term_string}"},"query-input":{"@type":"PropertyValueSpecification","valueRequired":true,"valueName":"search_term_string"}}],"inLanguage":"en-US"},{"@type":"Person","@id":"https:\/\/akunq.net\/tr\/#\/schema\/person\/096f1d38a12cce57fb855b485ed24c9e","name":"admin","url":"https:\/\/akunq.net\/tr\/?author=7"}]}},"_links":{"self":[{"href":"https:\/\/akunq.net\/tr\/index.php?rest_route=\/wp\/v2\/posts\/64068","targetHints":{"allow":["GET"]}}],"collection":[{"href":"https:\/\/akunq.net\/tr\/index.php?rest_route=\/wp\/v2\/posts"}],"about":[{"href":"https:\/\/akunq.net\/tr\/index.php?rest_route=\/wp\/v2\/types\/post"}],"author":[{"embeddable":true,"href":"https:\/\/akunq.net\/tr\/index.php?rest_route=\/wp\/v2\/users\/7"}],"replies":[{"embeddable":true,"href":"https:\/\/akunq.net\/tr\/index.php?rest_route=%2Fwp%2Fv2%2Fcomments&post=64068"}],"version-history":[{"count":1,"href":"https:\/\/akunq.net\/tr\/index.php?rest_route=\/wp\/v2\/posts\/64068\/revisions"}],"predecessor-version":[{"id":64070,"href":"https:\/\/akunq.net\/tr\/index.php?rest_route=\/wp\/v2\/posts\/64068\/revisions\/64070"}],"wp:featuredmedia":[{"embeddable":true,"href":"https:\/\/akunq.net\/tr\/index.php?rest_route=\/wp\/v2\/media\/64069"}],"wp:attachment":[{"href":"https:\/\/akunq.net\/tr\/index.php?rest_route=%2Fwp%2Fv2%2Fmedia&parent=64068"}],"wp:term":[{"taxonomy":"category","embeddable":true,"href":"https:\/\/akunq.net\/tr\/index.php?rest_route=%2Fwp%2Fv2%2Fcategories&post=64068"},{"taxonomy":"post_tag","embeddable":true,"href":"https:\/\/akunq.net\/tr\/index.php?rest_route=%2Fwp%2Fv2%2Ftags&post=64068"}],"curies":[{"name":"wp","href":"https:\/\/api.w.org\/{rel}","templated":true}]}}