{"id":64060,"date":"2021-08-03T01:54:12","date_gmt":"2021-08-03T06:54:12","guid":{"rendered":"https:\/\/akunq.net\/tr\/?p=64060"},"modified":"2021-08-03T01:54:12","modified_gmt":"2021-08-03T06:54:12","slug":"vanda-dun-6-evin-yikildigi-mahallede-ikinci-kez-sel-felaketi-yasandi","status":"publish","type":"post","link":"https:\/\/akunq.net\/tr\/?p=64060","title":{"rendered":"Van&#8217;da d\u00fcn 6 evin y\u0131k\u0131ld\u0131\u011f\u0131 mahallede ikinci kez sel felaketi ya\u015fand\u0131"},"content":{"rendered":"<p><img loading=\"lazy\" decoding=\"async\" class=\"aligncenter size-medium wp-image-64061\" src=\"https:\/\/akunq.net\/tr\/wp-content\/uploads\/2021\/08\/Van-360x203.jpg\" alt=\"\" width=\"360\" height=\"203\" srcset=\"https:\/\/akunq.net\/tr\/wp-content\/uploads\/sites\/6\/2021\/08\/Van-360x203.jpg 360w, https:\/\/akunq.net\/tr\/wp-content\/uploads\/sites\/6\/2021\/08\/Van-768x432.jpg 768w, https:\/\/akunq.net\/tr\/wp-content\/uploads\/sites\/6\/2021\/08\/Van-560x315.jpg 560w, https:\/\/akunq.net\/tr\/wp-content\/uploads\/sites\/6\/2021\/08\/Van-260x146.jpg 260w, https:\/\/akunq.net\/tr\/wp-content\/uploads\/sites\/6\/2021\/08\/Van-160x90.jpg 160w, https:\/\/akunq.net\/tr\/wp-content\/uploads\/sites\/6\/2021\/08\/Van.jpg 773w\" sizes=\"auto, (max-width: 360px) 100vw, 360px\" \/><\/p>\n<p><strong><em>Van&#8217;\u0131n Ba\u015fkale il\u00e7esinde d\u00fcn etkili olan sa\u011fana\u011f\u0131n ard\u0131ndan gelen sel nedeniyle 5 evin y\u0131k\u0131ld\u0131\u011f\u0131 Esenyama\u00e7 Mahallesi&#8217;nde devam eden ya\u011f\u0131\u015flar, yeniden sele neden oldu.<\/em><\/strong><\/p>\n<p>\u0130l\u00e7eye 60 kilometre uzakl\u0131ktaki Esenyama\u00e7 Mahallesi&#8217;nde d\u00fcnk\u00fc selin ard\u0131ndan Van B\u00fcy\u00fck\u015fehir Belediyesi, Karayollar\u0131, DS\u0130, il\u00e7e belediyesi ekipleri hasar g\u00f6ren yollar\u0131n onar\u0131lmas\u0131 ve \u00e7amurun temizlenmesi i\u00e7in \u00e7al\u0131\u015fma ba\u015flatt\u0131.<\/p>\n<p>Bug\u00fcn devam eden \u00e7al\u0131\u015fmalar s\u0131ras\u0131nda ya\u011f\u0131\u015f\u0131n tekrar ba\u015flamas\u0131 \u00fczerine ekiplerin \u00e7al\u0131\u015fmas\u0131 durduruldu.<\/p>\n<p>Jandarma ekipleri de vatanda\u015flar\u0131n da hayvanlar\u0131yla g\u00fcvenli noktalarda beklemeleri uyaras\u0131nda bulundu.<\/p>\n<p>\u00d6\u011fle saatlerinde ba\u015flayan sa\u011fana\u011f\u0131n ard\u0131ndan gelen sel nedeniyle bir\u00e7ok ev ve ara\u00e7 su alt\u0131nda kald\u0131.<\/p>\n<p>Baz\u0131 vatanda\u015flar evlerinin dam\u0131na ve y\u00fcksek yama\u00e7lara \u00e7\u0131karak selden korunmaya \u00e7al\u0131\u015ft\u0131.<\/p>\n<div class=\"widget widget--type-image widget--size-fullwidth widget--align-center\" data-ratio=\"0.6666666666666666\" data-peekaboo=\"widget--animation-fade-in\">\n<div class=\"widget__wrapper\">\n<div class=\"widget__ratio widget__ratio--auto\">\n<div class=\"widget__contents\">\n<figure class=\"widget__figure\"><img decoding=\"async\" class=\"widgetImage__image lazyload lazyloaded\" src=\"https:\/\/static.euronews.com\/articles\/stories\/05\/95\/06\/10\/808x539_cmsv2_5f3edcdb-3540-5861-86b6-5e8833c48f49-5950610.jpg\" srcset=\"https:\/\/static.euronews.com\/articles\/stories\/05\/95\/06\/10\/202x135_cmsv2_5f3edcdb-3540-5861-86b6-5e8833c48f49-5950610.jpg 202w, https:\/\/static.euronews.com\/articles\/stories\/05\/95\/06\/10\/266x177_cmsv2_5f3edcdb-3540-5861-86b6-5e8833c48f49-5950610.jpg 266w, https:\/\/static.euronews.com\/articles\/stories\/05\/95\/06\/10\/404x269_cmsv2_5f3edcdb-3540-5861-86b6-5e8833c48f49-5950610.jpg 404w, https:\/\/static.euronews.com\/articles\/stories\/05\/95\/06\/10\/534x356_cmsv2_5f3edcdb-3540-5861-86b6-5e8833c48f49-5950610.jpg 534w, https:\/\/static.euronews.com\/articles\/stories\/05\/95\/06\/10\/606x404_cmsv2_5f3edcdb-3540-5861-86b6-5e8833c48f49-5950610.jpg 606w, https:\/\/static.euronews.com\/articles\/stories\/05\/95\/06\/10\/808x539_cmsv2_5f3edcdb-3540-5861-86b6-5e8833c48f49-5950610.jpg 808w\" alt=\"AA\" \/><\/figure>\n<\/div>\n<\/div>\n<\/div>\n<\/div>\n<p>Selden \u00f6nce mahallede y\u00fcr\u00fct\u00fclen hasar tespit \u00e7al\u0131\u015fmalar\u0131yla ilgili gazetecilere bilgi veren Kaymakam ve Belediye Ba\u015fkanvekili As\u0131m Solak, d\u00fcn selden dolay\u0131 6 evin y\u0131k\u0131ld\u0131\u011f\u0131n\u0131, 30 evin de a\u011f\u0131r hasar ald\u0131\u011f\u0131n\u0131 s\u00f6yledi.<\/p>\n<p>Hasar tespit \u00e7al\u0131\u015fmalar\u0131n\u0131n devam etti\u011fini belirten Solak, \u015f\u00f6yle konu\u015ftu:<\/p>\n<p>&#8220;\u0130lk andan itibaren k\u00f6y\u00fcn i\u00e7inde olu\u015fan ta\u015f y\u0131\u011f\u0131nlar\u0131n\u0131, kayalar\u0131 ve \u00e7amuru temizlemek i\u00e7in \u00e7al\u0131\u015fma ba\u015flatt\u0131k. T\u00fcm kurumlar\u0131m\u0131z burada. Karayollar\u0131, DS\u0130, Van B\u00fcy\u00fck\u015fehir Belediyesi, Ba\u015fkale Belediyesi olmak \u00fczere t\u00fcm kurumlar\u0131m\u0131z\u0131n ara\u00e7lar\u0131n\u0131 g\u00f6revlendirdik. Mahalle i\u00e7indeki temizlik \u00e7al\u0131\u015fmalar\u0131n\u0131n ilk etab\u0131n\u0131 ger\u00e7ekle\u015ftiriyoruz. Ayn\u0131 zamanda hasar tespit \u00e7al\u0131\u015fmalar\u0131 bir yandan devam ediyor. Ma\u011fdur olan vatanda\u015flar\u0131m\u0131z i\u00e7in ge\u00e7ici \u00e7ad\u0131r kurulumunu ba\u015flatt\u0131k. K\u0131z\u0131lay s\u0131cak yemek da\u011f\u0131t\u0131yor. \u00d6n\u00fcm\u00fczdeki birka\u00e7 g\u00fcn daha bu ya\u011f\u0131\u015flar\u0131n s\u00fcreci bize rapor edildi. Sel afetine kar\u015f\u0131 vatanda\u015flar\u0131m\u0131z\u0131 uyar\u0131yoruz. Dere yataklar\u0131ndan uzak durmalar\u0131, kendileri ve hayvanlar\u0131n\u0131 korumalar\u0131 a\u00e7\u0131s\u0131ndan faydal\u0131 olacakt\u0131r.&#8221;<\/p>\n<p><em><strong>https:\/\/tr.euronews.com\/2021\/08\/01\/van-da-dun-6-evin-y-k-ld-g-mahallede-ikinci-kez-sel-felaketi-yasand\u00a0<\/strong><\/em><\/p>\n","protected":false},"excerpt":{"rendered":"<p>Van&#8217;\u0131n Ba\u015fkale il\u00e7esinde d\u00fcn etkili olan sa\u011fana\u011f\u0131n ard\u0131ndan gelen sel nedeniyle 5 evin y\u0131k\u0131ld\u0131\u011f\u0131 Esenyama\u00e7 Mahallesi&#8217;nde devam eden ya\u011f\u0131\u015flar, yeniden sele neden oldu. \u0130l\u00e7eye 60 kilometre uzakl\u0131ktaki Esenyama\u00e7 Mahallesi&#8217;nde d\u00fcnk\u00fc selin ard\u0131ndan Van B\u00fcy\u00fck\u015fehir Belediyesi, Karayollar\u0131, DS\u0130, il\u00e7e belediyesi ekipleri hasar g\u00f6ren yollar\u0131n onar\u0131lmas\u0131 ve \u00e7amurun temizlenmesi i\u00e7in \u00e7al\u0131\u015fma ba\u015flatt\u0131. Bug\u00fcn devam eden \u00e7al\u0131\u015fmalar s\u0131ras\u0131nda [&hellip;]<\/p>\n","protected":false},"author":7,"featured_media":64061,"comment_status":"open","ping_status":"open","sticky":false,"template":"","format":"standard","meta":{"footnotes":""},"categories":[1],"tags":[],"class_list":["post-64060","post","type-post","status-publish","format-standard","has-post-thumbnail","hentry","category-haberler"],"yoast_head":"<!-- This site is optimized with the Yoast SEO plugin v27.4 - https:\/\/yoast.com\/product\/yoast-seo-wordpress\/ -->\n<title>Van&#039;da d\u00fcn 6 evin y\u0131k\u0131ld\u0131\u011f\u0131 mahallede ikinci kez sel felaketi ya\u015fand\u0131 - Bati Ermenistan Ve Bati Ermenileri Sorunlari Ara\u015ftirmalar Merkezi<\/title>\n<meta name=\"robots\" content=\"index, follow, max-snippet:-1, max-image-preview:large, max-video-preview:-1\" \/>\n<link rel=\"canonical\" href=\"https:\/\/akunq.net\/tr\/?p=64060\" \/>\n<meta property=\"og:locale\" content=\"en_US\" \/>\n<meta property=\"og:type\" content=\"article\" \/>\n<meta property=\"og:title\" content=\"Van&#039;da d\u00fcn 6 evin y\u0131k\u0131ld\u0131\u011f\u0131 mahallede ikinci kez sel felaketi ya\u015fand\u0131 - Bati Ermenistan Ve Bati Ermenileri Sorunlari Ara\u015ftirmalar Merkezi\" \/>\n<meta property=\"og:description\" content=\"Van&#8217;\u0131n Ba\u015fkale il\u00e7esinde d\u00fcn etkili olan sa\u011fana\u011f\u0131n ard\u0131ndan gelen sel nedeniyle 5 evin y\u0131k\u0131ld\u0131\u011f\u0131 Esenyama\u00e7 Mahallesi&#8217;nde devam eden ya\u011f\u0131\u015flar, yeniden sele neden oldu. \u0130l\u00e7eye 60 kilometre uzakl\u0131ktaki Esenyama\u00e7 Mahallesi&#8217;nde d\u00fcnk\u00fc selin ard\u0131ndan Van B\u00fcy\u00fck\u015fehir Belediyesi, Karayollar\u0131, DS\u0130, il\u00e7e belediyesi ekipleri hasar g\u00f6ren yollar\u0131n onar\u0131lmas\u0131 ve \u00e7amurun temizlenmesi i\u00e7in \u00e7al\u0131\u015fma ba\u015flatt\u0131. Bug\u00fcn devam eden \u00e7al\u0131\u015fmalar s\u0131ras\u0131nda [&hellip;]\" \/>\n<meta property=\"og:url\" content=\"https:\/\/akunq.net\/tr\/?p=64060\" \/>\n<meta property=\"og:site_name\" content=\"Bati Ermenistan Ve Bati Ermenileri Sorunlari Ara\u015ftirmalar Merkezi\" \/>\n<meta property=\"article:published_time\" content=\"2021-08-03T06:54:12+00:00\" \/>\n<meta property=\"og:image\" content=\"https:\/\/akunq.net\/tr\/wp-content\/uploads\/sites\/6\/2021\/08\/Van.jpg\" \/>\n\t<meta property=\"og:image:width\" content=\"773\" \/>\n\t<meta property=\"og:image:height\" content=\"435\" \/>\n\t<meta property=\"og:image:type\" content=\"image\/jpeg\" \/>\n<meta name=\"author\" content=\"admin\" \/>\n<meta name=\"twitter:card\" content=\"summary_large_image\" \/>\n<meta name=\"twitter:label1\" content=\"Written by\" \/>\n\t<meta name=\"twitter:data1\" content=\"admin\" \/>\n\t<meta name=\"twitter:label2\" content=\"Est. reading time\" \/>\n\t<meta name=\"twitter:data2\" content=\"2 minutes\" \/>\n<script type=\"application\/ld+json\" class=\"yoast-schema-graph\">{\"@context\":\"https:\\\/\\\/schema.org\",\"@graph\":[{\"@type\":\"Article\",\"@id\":\"https:\\\/\\\/akunq.net\\\/tr\\\/?p=64060#article\",\"isPartOf\":{\"@id\":\"https:\\\/\\\/akunq.net\\\/tr\\\/?p=64060\"},\"author\":{\"name\":\"admin\",\"@id\":\"https:\\\/\\\/akunq.net\\\/tr\\\/#\\\/schema\\\/person\\\/096f1d38a12cce57fb855b485ed24c9e\"},\"headline\":\"Van&#8217;da d\u00fcn 6 evin y\u0131k\u0131ld\u0131\u011f\u0131 mahallede ikinci kez sel felaketi ya\u015fand\u0131\",\"datePublished\":\"2021-08-03T06:54:12+00:00\",\"mainEntityOfPage\":{\"@id\":\"https:\\\/\\\/akunq.net\\\/tr\\\/?p=64060\"},\"wordCount\":366,\"commentCount\":0,\"image\":{\"@id\":\"https:\\\/\\\/akunq.net\\\/tr\\\/?p=64060#primaryimage\"},\"thumbnailUrl\":\"https:\\\/\\\/akunq.net\\\/tr\\\/wp-content\\\/uploads\\\/sites\\\/6\\\/2021\\\/08\\\/Van.jpg\",\"articleSection\":[\"Haberler\"],\"inLanguage\":\"en-US\",\"potentialAction\":[{\"@type\":\"CommentAction\",\"name\":\"Comment\",\"target\":[\"https:\\\/\\\/akunq.net\\\/tr\\\/?p=64060#respond\"]}]},{\"@type\":\"WebPage\",\"@id\":\"https:\\\/\\\/akunq.net\\\/tr\\\/?p=64060\",\"url\":\"https:\\\/\\\/akunq.net\\\/tr\\\/?p=64060\",\"name\":\"Van'da d\u00fcn 6 evin y\u0131k\u0131ld\u0131\u011f\u0131 mahallede ikinci kez sel felaketi ya\u015fand\u0131 - Bati Ermenistan Ve Bati Ermenileri Sorunlari Ara\u015ftirmalar Merkezi\",\"isPartOf\":{\"@id\":\"https:\\\/\\\/akunq.net\\\/tr\\\/#website\"},\"primaryImageOfPage\":{\"@id\":\"https:\\\/\\\/akunq.net\\\/tr\\\/?p=64060#primaryimage\"},\"image\":{\"@id\":\"https:\\\/\\\/akunq.net\\\/tr\\\/?p=64060#primaryimage\"},\"thumbnailUrl\":\"https:\\\/\\\/akunq.net\\\/tr\\\/wp-content\\\/uploads\\\/sites\\\/6\\\/2021\\\/08\\\/Van.jpg\",\"datePublished\":\"2021-08-03T06:54:12+00:00\",\"author\":{\"@id\":\"https:\\\/\\\/akunq.net\\\/tr\\\/#\\\/schema\\\/person\\\/096f1d38a12cce57fb855b485ed24c9e\"},\"breadcrumb\":{\"@id\":\"https:\\\/\\\/akunq.net\\\/tr\\\/?p=64060#breadcrumb\"},\"inLanguage\":\"en-US\",\"potentialAction\":[{\"@type\":\"ReadAction\",\"target\":[\"https:\\\/\\\/akunq.net\\\/tr\\\/?p=64060\"]}]},{\"@type\":\"ImageObject\",\"inLanguage\":\"en-US\",\"@id\":\"https:\\\/\\\/akunq.net\\\/tr\\\/?p=64060#primaryimage\",\"url\":\"https:\\\/\\\/akunq.net\\\/tr\\\/wp-content\\\/uploads\\\/sites\\\/6\\\/2021\\\/08\\\/Van.jpg\",\"contentUrl\":\"https:\\\/\\\/akunq.net\\\/tr\\\/wp-content\\\/uploads\\\/sites\\\/6\\\/2021\\\/08\\\/Van.jpg\",\"width\":773,\"height\":435},{\"@type\":\"BreadcrumbList\",\"@id\":\"https:\\\/\\\/akunq.net\\\/tr\\\/?p=64060#breadcrumb\",\"itemListElement\":[{\"@type\":\"ListItem\",\"position\":1,\"name\":\"Home\",\"item\":\"https:\\\/\\\/akunq.net\\\/tr\"},{\"@type\":\"ListItem\",\"position\":2,\"name\":\"Van&#8217;da d\u00fcn 6 evin y\u0131k\u0131ld\u0131\u011f\u0131 mahallede ikinci kez sel felaketi ya\u015fand\u0131\"}]},{\"@type\":\"WebSite\",\"@id\":\"https:\\\/\\\/akunq.net\\\/tr\\\/#website\",\"url\":\"https:\\\/\\\/akunq.net\\\/tr\\\/\",\"name\":\"Bati Ermenistan Ve Bati Ermenileri Sorunlari Ara\u015ftirmalar Merkezi\",\"description\":\"\",\"potentialAction\":[{\"@type\":\"SearchAction\",\"target\":{\"@type\":\"EntryPoint\",\"urlTemplate\":\"https:\\\/\\\/akunq.net\\\/tr\\\/?s={search_term_string}\"},\"query-input\":{\"@type\":\"PropertyValueSpecification\",\"valueRequired\":true,\"valueName\":\"search_term_string\"}}],\"inLanguage\":\"en-US\"},{\"@type\":\"Person\",\"@id\":\"https:\\\/\\\/akunq.net\\\/tr\\\/#\\\/schema\\\/person\\\/096f1d38a12cce57fb855b485ed24c9e\",\"name\":\"admin\",\"url\":\"https:\\\/\\\/akunq.net\\\/tr\\\/?author=7\"}]}<\/script>\n<!-- \/ Yoast SEO plugin. -->","yoast_head_json":{"title":"Van'da d\u00fcn 6 evin y\u0131k\u0131ld\u0131\u011f\u0131 mahallede ikinci kez sel felaketi ya\u015fand\u0131 - Bati Ermenistan Ve Bati Ermenileri Sorunlari Ara\u015ftirmalar Merkezi","robots":{"index":"index","follow":"follow","max-snippet":"max-snippet:-1","max-image-preview":"max-image-preview:large","max-video-preview":"max-video-preview:-1"},"canonical":"https:\/\/akunq.net\/tr\/?p=64060","og_locale":"en_US","og_type":"article","og_title":"Van'da d\u00fcn 6 evin y\u0131k\u0131ld\u0131\u011f\u0131 mahallede ikinci kez sel felaketi ya\u015fand\u0131 - Bati Ermenistan Ve Bati Ermenileri Sorunlari Ara\u015ftirmalar Merkezi","og_description":"Van&#8217;\u0131n Ba\u015fkale il\u00e7esinde d\u00fcn etkili olan sa\u011fana\u011f\u0131n ard\u0131ndan gelen sel nedeniyle 5 evin y\u0131k\u0131ld\u0131\u011f\u0131 Esenyama\u00e7 Mahallesi&#8217;nde devam eden ya\u011f\u0131\u015flar, yeniden sele neden oldu. \u0130l\u00e7eye 60 kilometre uzakl\u0131ktaki Esenyama\u00e7 Mahallesi&#8217;nde d\u00fcnk\u00fc selin ard\u0131ndan Van B\u00fcy\u00fck\u015fehir Belediyesi, Karayollar\u0131, DS\u0130, il\u00e7e belediyesi ekipleri hasar g\u00f6ren yollar\u0131n onar\u0131lmas\u0131 ve \u00e7amurun temizlenmesi i\u00e7in \u00e7al\u0131\u015fma ba\u015flatt\u0131. Bug\u00fcn devam eden \u00e7al\u0131\u015fmalar s\u0131ras\u0131nda [&hellip;]","og_url":"https:\/\/akunq.net\/tr\/?p=64060","og_site_name":"Bati Ermenistan Ve Bati Ermenileri Sorunlari Ara\u015ftirmalar Merkezi","article_published_time":"2021-08-03T06:54:12+00:00","og_image":[{"width":773,"height":435,"url":"https:\/\/akunq.net\/tr\/wp-content\/uploads\/sites\/6\/2021\/08\/Van.jpg","type":"image\/jpeg"}],"author":"admin","twitter_card":"summary_large_image","twitter_misc":{"Written by":"admin","Est. reading time":"2 minutes"},"schema":{"@context":"https:\/\/schema.org","@graph":[{"@type":"Article","@id":"https:\/\/akunq.net\/tr\/?p=64060#article","isPartOf":{"@id":"https:\/\/akunq.net\/tr\/?p=64060"},"author":{"name":"admin","@id":"https:\/\/akunq.net\/tr\/#\/schema\/person\/096f1d38a12cce57fb855b485ed24c9e"},"headline":"Van&#8217;da d\u00fcn 6 evin y\u0131k\u0131ld\u0131\u011f\u0131 mahallede ikinci kez sel felaketi ya\u015fand\u0131","datePublished":"2021-08-03T06:54:12+00:00","mainEntityOfPage":{"@id":"https:\/\/akunq.net\/tr\/?p=64060"},"wordCount":366,"commentCount":0,"image":{"@id":"https:\/\/akunq.net\/tr\/?p=64060#primaryimage"},"thumbnailUrl":"https:\/\/akunq.net\/tr\/wp-content\/uploads\/sites\/6\/2021\/08\/Van.jpg","articleSection":["Haberler"],"inLanguage":"en-US","potentialAction":[{"@type":"CommentAction","name":"Comment","target":["https:\/\/akunq.net\/tr\/?p=64060#respond"]}]},{"@type":"WebPage","@id":"https:\/\/akunq.net\/tr\/?p=64060","url":"https:\/\/akunq.net\/tr\/?p=64060","name":"Van'da d\u00fcn 6 evin y\u0131k\u0131ld\u0131\u011f\u0131 mahallede ikinci kez sel felaketi ya\u015fand\u0131 - Bati Ermenistan Ve Bati Ermenileri Sorunlari Ara\u015ftirmalar Merkezi","isPartOf":{"@id":"https:\/\/akunq.net\/tr\/#website"},"primaryImageOfPage":{"@id":"https:\/\/akunq.net\/tr\/?p=64060#primaryimage"},"image":{"@id":"https:\/\/akunq.net\/tr\/?p=64060#primaryimage"},"thumbnailUrl":"https:\/\/akunq.net\/tr\/wp-content\/uploads\/sites\/6\/2021\/08\/Van.jpg","datePublished":"2021-08-03T06:54:12+00:00","author":{"@id":"https:\/\/akunq.net\/tr\/#\/schema\/person\/096f1d38a12cce57fb855b485ed24c9e"},"breadcrumb":{"@id":"https:\/\/akunq.net\/tr\/?p=64060#breadcrumb"},"inLanguage":"en-US","potentialAction":[{"@type":"ReadAction","target":["https:\/\/akunq.net\/tr\/?p=64060"]}]},{"@type":"ImageObject","inLanguage":"en-US","@id":"https:\/\/akunq.net\/tr\/?p=64060#primaryimage","url":"https:\/\/akunq.net\/tr\/wp-content\/uploads\/sites\/6\/2021\/08\/Van.jpg","contentUrl":"https:\/\/akunq.net\/tr\/wp-content\/uploads\/sites\/6\/2021\/08\/Van.jpg","width":773,"height":435},{"@type":"BreadcrumbList","@id":"https:\/\/akunq.net\/tr\/?p=64060#breadcrumb","itemListElement":[{"@type":"ListItem","position":1,"name":"Home","item":"https:\/\/akunq.net\/tr"},{"@type":"ListItem","position":2,"name":"Van&#8217;da d\u00fcn 6 evin y\u0131k\u0131ld\u0131\u011f\u0131 mahallede ikinci kez sel felaketi ya\u015fand\u0131"}]},{"@type":"WebSite","@id":"https:\/\/akunq.net\/tr\/#website","url":"https:\/\/akunq.net\/tr\/","name":"Bati Ermenistan Ve Bati Ermenileri Sorunlari Ara\u015ftirmalar Merkezi","description":"","potentialAction":[{"@type":"SearchAction","target":{"@type":"EntryPoint","urlTemplate":"https:\/\/akunq.net\/tr\/?s={search_term_string}"},"query-input":{"@type":"PropertyValueSpecification","valueRequired":true,"valueName":"search_term_string"}}],"inLanguage":"en-US"},{"@type":"Person","@id":"https:\/\/akunq.net\/tr\/#\/schema\/person\/096f1d38a12cce57fb855b485ed24c9e","name":"admin","url":"https:\/\/akunq.net\/tr\/?author=7"}]}},"_links":{"self":[{"href":"https:\/\/akunq.net\/tr\/index.php?rest_route=\/wp\/v2\/posts\/64060","targetHints":{"allow":["GET"]}}],"collection":[{"href":"https:\/\/akunq.net\/tr\/index.php?rest_route=\/wp\/v2\/posts"}],"about":[{"href":"https:\/\/akunq.net\/tr\/index.php?rest_route=\/wp\/v2\/types\/post"}],"author":[{"embeddable":true,"href":"https:\/\/akunq.net\/tr\/index.php?rest_route=\/wp\/v2\/users\/7"}],"replies":[{"embeddable":true,"href":"https:\/\/akunq.net\/tr\/index.php?rest_route=%2Fwp%2Fv2%2Fcomments&post=64060"}],"version-history":[{"count":1,"href":"https:\/\/akunq.net\/tr\/index.php?rest_route=\/wp\/v2\/posts\/64060\/revisions"}],"predecessor-version":[{"id":64062,"href":"https:\/\/akunq.net\/tr\/index.php?rest_route=\/wp\/v2\/posts\/64060\/revisions\/64062"}],"wp:featuredmedia":[{"embeddable":true,"href":"https:\/\/akunq.net\/tr\/index.php?rest_route=\/wp\/v2\/media\/64061"}],"wp:attachment":[{"href":"https:\/\/akunq.net\/tr\/index.php?rest_route=%2Fwp%2Fv2%2Fmedia&parent=64060"}],"wp:term":[{"taxonomy":"category","embeddable":true,"href":"https:\/\/akunq.net\/tr\/index.php?rest_route=%2Fwp%2Fv2%2Fcategories&post=64060"},{"taxonomy":"post_tag","embeddable":true,"href":"https:\/\/akunq.net\/tr\/index.php?rest_route=%2Fwp%2Fv2%2Ftags&post=64060"}],"curies":[{"name":"wp","href":"https:\/\/api.w.org\/{rel}","templated":true}]}}