{"id":64057,"date":"2021-08-03T01:37:30","date_gmt":"2021-08-03T06:37:30","guid":{"rendered":"https:\/\/akunq.net\/tr\/?p=64057"},"modified":"2021-08-03T01:37:30","modified_gmt":"2021-08-03T06:37:30","slug":"kibrisin-dini-mirasi-web-sitesi-bugun-hizmete-girdi","status":"publish","type":"post","link":"https:\/\/akunq.net\/tr\/?p=64057","title":{"rendered":"\u201cK\u0131br\u0131s\u2019\u0131n Dini Miras\u0131\u201d web sitesi bug\u00fcn hizmete girdi"},"content":{"rendered":"<p><img loading=\"lazy\" decoding=\"async\" class=\"aligncenter size-medium wp-image-64058\" src=\"https:\/\/akunq.net\/tr\/wp-content\/uploads\/2021\/08\/K\u0131br\u0131s\u2019\u0131n-Dini-Miras\u0131-360x217.png\" alt=\"\" width=\"360\" height=\"217\" srcset=\"https:\/\/akunq.net\/tr\/wp-content\/uploads\/sites\/6\/2021\/08\/K\u0131br\u0131s\u2019\u0131n-Dini-Miras\u0131-360x217.png 360w, https:\/\/akunq.net\/tr\/wp-content\/uploads\/sites\/6\/2021\/08\/K\u0131br\u0131s\u2019\u0131n-Dini-Miras\u0131-768x463.png 768w, https:\/\/akunq.net\/tr\/wp-content\/uploads\/sites\/6\/2021\/08\/K\u0131br\u0131s\u2019\u0131n-Dini-Miras\u0131-560x337.png 560w, https:\/\/akunq.net\/tr\/wp-content\/uploads\/sites\/6\/2021\/08\/K\u0131br\u0131s\u2019\u0131n-Dini-Miras\u0131-260x157.png 260w, https:\/\/akunq.net\/tr\/wp-content\/uploads\/sites\/6\/2021\/08\/K\u0131br\u0131s\u2019\u0131n-Dini-Miras\u0131-160x96.png 160w, https:\/\/akunq.net\/tr\/wp-content\/uploads\/sites\/6\/2021\/08\/K\u0131br\u0131s\u2019\u0131n-Dini-Miras\u0131.png 795w\" sizes=\"auto, (max-width: 360px) 100vw, 360px\" \/><\/p>\n<p><em><strong>\u0130sve\u00e7 B\u00fcy\u00fckel\u00e7ili\u011fi himayesinde K\u0131br\u0131s Bar\u0131\u015f S\u00fcrecinde Dini Yol (RTCYPP) Ofisi ile Alman vakf\u0131 FES K\u0131br\u0131s Ofisi\u2019nin i\u015f birli\u011finde ve sponsorlu\u011funda haz\u0131rlanan \u201cK\u0131br\u0131s\u2019\u0131n Dini Miras\u0131\u201d adl\u0131 web sitesi bug\u00fcn hizmete girdi.\u00a0<\/strong><\/em><\/p>\n<p>\u0130sve\u00e7 B\u00fcy\u00fckel\u00e7ili\u011fi himayesinde K\u0131br\u0131s Bar\u0131\u015f S\u00fcrecinde Dini Yol (RTCYPP) Ofisi ile Alman vakf\u0131 Friedrich-Ebert-Stiftung (FES) K\u0131br\u0131s Ofisi\u2019nin i\u015f birli\u011finde ve sponsorlu\u011funda haz\u0131rlanan \u201cK\u0131br\u0131s\u2019\u0131n Dini Miras\u0131\u201d adl\u0131 web sitesi bug\u00fcn resmen hizmete girdi.<\/p>\n<p>RTCYPP Ofisi taraf\u0131ndan yap\u0131lan yaz\u0131l\u0131 a\u00e7\u0131klamaya g\u00f6re, web sitesi, Hristiyan ve M\u00fcsl\u00fcman ibadet yerleri ve mezarl\u0131klara ili\u015fkin foto\u011fraflar ve ge\u00e7mi\u015fiyle ilgili bilgilerin yer ald\u0131\u011f\u0131 bir interaktif harita i\u00e7eriyor. Web sitesinde yer alan interaktif haritada \u015fu an Larnaka ve Girne il\u00e7elerinde buluna Hristiyan ve M\u00fcsl\u00fcman ibadet yerleri ve mezarl\u0131klarla ilgili bilgiler sunuluyor. Ancak k\u0131sa bir s\u00fcre i\u00e7erisinde haritadan Lefko\u015fa ve ard\u0131ndan adan\u0131n t\u00fcm il\u00e7elerdeki dini ibadet yerleri ve mezarl\u0131klarla ilgili bilgilere ula\u015f\u0131labilecek. \u201cBasit, tan\u0131mlay\u0131c\u0131 ve tarafs\u0131z bir \u015fekilde\u201d sunulan web sitesinin, ilgilenen herkesin adan\u0131n dini miras\u0131n\u0131n mevcut durumuna tan\u0131kl\u0131k etmesine ve daha fazla bilgi edinmesine olanak tan\u0131mas\u0131n\u0131 hedefledi\u011fi belirtildi.<\/p>\n<p>RTCYPP\u2019in ilk ba\u015flang\u0131c\u0131ndan beri, dini temsilcilerin, din ya da inan\u00e7 \u00f6zg\u00fcrl\u00fc\u011f\u00fc hakk\u0131 ile ve restorasyon, yenileme ve ibadet i\u00e7in kutsal yerlere serbest ula\u015f\u0131m da dahil K\u0131br\u0131s\u2019\u0131n ortak dini miras\u0131n\u0131n korunmas\u0131n\u0131 savunduklar\u0131na i\u015faret edilen a\u00e7\u0131klamada, 2011 y\u0131l\u0131ndan beri, dini temsilcilerin, dini \u00f6zg\u00fcrl\u00fc\u011f\u00fcn evrensel de\u011ferlerinin desteklenmesi i\u00e7in birlikte \u00e7al\u0131\u015fmakta olduklar\u0131 ve di\u011ferlerini de kendilerine kat\u0131lmaya davet etmi\u015f olduklar\u0131 da ifade edildi.<\/p>\n<p>Bug\u00fcn hizmete giren K\u0131br\u0131s\u2019\u0131n Dini Miras\u0131 web sitesinin, 2019 y\u0131l\u0131nda ba\u015flayan ve Almanya\u2019daki M\u00fcnster \u00dcniversitesinden Dr. Thorsten Kruse\u2019un ba\u015fkanl\u0131\u011f\u0131nda y\u00fcr\u00fct\u00fclen K\u0131br\u0131s\u2019\u0131n Dini Miras\u0131 Projesi\u2019nin bir par\u00e7as\u0131n\u0131 olu\u015fturdu\u011fu belirtildi.<\/p>\n<p>A\u00e7\u0131klamada, sonucun; \u201cHristiyan ve M\u00fcsl\u00fcman dini an\u0131tlar\u0131n\u0131n ve mezarl\u0131klar\u0131n\u0131n ilk kez birlikte yan yana g\u00f6z\u00fckt\u00fc\u011f\u00fc, \u2018K\u0131br\u0131s\u2019\u0131n Dini Miras\u0131 \u2013 Girne ve Larnaka \u0130l\u00e7elerinde Bir Ara\u015ft\u0131rma\u2019 adl\u0131 ara\u015ft\u0131rman\u0131n yay\u0131nlanmas\u0131\u201d oldu\u011fu ifade edildi. Hollanda D\u0131\u015fi\u015fleri Bakanl\u0131\u011f\u0131\u2019n\u0131n \u0130nsan Haklar\u0131 Fonu taraf\u0131ndan finanse edilen, Lefko\u015fa\u2019daki Hollanda El\u00e7ili\u011fi taraf\u0131ndan desteklenen bu ara\u015ft\u0131rman\u0131n, Girne il\u00e7esindeki Hristiyan an\u0131tlar\u0131 ve alanlar\u0131 ile Larnaka il\u00e7esindeki M\u00fcsl\u00fcman an\u0131tlar\u0131 ve alanlar\u0131 haritaland\u0131r\u0131ld\u0131\u011f\u0131 da an\u0131msat\u0131ld\u0131.<\/p>\n<p>\u201cK\u0131br\u0131s\u2019\u0131n Dini Miras\u0131\u201d web sitesi, bir interaktif harita platformunda, bu ara\u015ft\u0131rma kitap\u00e7\u0131\u011f\u0131nda yer alan t\u00fcm bilgileri i\u00e7erdi\u011fi ve k\u0131sa bir s\u00fcre i\u00e7erisinde de FES taraf\u0131ndan finanse edilen, Lefko\u015fa il\u00e7esi i\u00e7in yap\u0131lan ileri ara\u015ft\u0131rmalar\u0131 kapsayaca\u011f\u0131 belirtildi.<\/p>\n<p>A\u00e7\u0131klamada, RTCYPP Ofisi taraf\u0131ndan koordine edilen bu projenin, K\u0131br\u0131s\u2019\u0131n dini temsilcilerin onay\u0131n\u0131 ald\u0131\u011f\u0131 da belirtildi.<\/p>\n<p>RTCYPP\u2019in a\u00e7\u0131klamas\u0131nda \u201cAdan\u0131n zengin dini miras\u0131 hakk\u0131nda daha fazla bilgi edinmek i\u00e7in web sitesini deneyin ve projelendirmede bize kat\u0131l\u0131n, dini \u00f6zg\u00fcrl\u00fck haklar\u0131n\u0131 savunun\u201d denildi.<\/p>\n<p>\u201cK\u0131br\u0131s\u2019\u0131n Dini Miras\u0131\u201d web sitesine;\u00a0<a href=\"https:\/\/www.cyreligiousheritage.org\/map\" target=\"_blank\" rel=\"noreferrer noopener\">https:\/\/www.cyreligiousheritage.org\/map<\/a>\u00a0adresinden ula\u015f\u0131labiliyor.<\/p>\n<p><em><strong><a href=\"https:\/\/www.kibrispostasi.com\/c35-KIBRIS_HABERLERI\/n387515-kibrisin-dini-mirasi-web-sitesi-bugun-hizmete-girdi\">https:\/\/www.kibrispostasi.com\/c35-KIBRIS_HABERLERI\/n387515-kibrisin-dini-mirasi-web-sitesi-bugun-hizmete-girdi<\/a>\u00a0<\/strong><\/em><\/p>\n","protected":false},"excerpt":{"rendered":"<p>\u0130sve\u00e7 B\u00fcy\u00fckel\u00e7ili\u011fi himayesinde K\u0131br\u0131s Bar\u0131\u015f S\u00fcrecinde Dini Yol (RTCYPP) Ofisi ile Alman vakf\u0131 FES K\u0131br\u0131s Ofisi\u2019nin i\u015f birli\u011finde ve sponsorlu\u011funda haz\u0131rlanan \u201cK\u0131br\u0131s\u2019\u0131n Dini Miras\u0131\u201d adl\u0131 web sitesi bug\u00fcn hizmete girdi.\u00a0 \u0130sve\u00e7 B\u00fcy\u00fckel\u00e7ili\u011fi himayesinde K\u0131br\u0131s Bar\u0131\u015f S\u00fcrecinde Dini Yol (RTCYPP) Ofisi ile Alman vakf\u0131 Friedrich-Ebert-Stiftung (FES) K\u0131br\u0131s Ofisi\u2019nin i\u015f birli\u011finde ve sponsorlu\u011funda haz\u0131rlanan \u201cK\u0131br\u0131s\u2019\u0131n Dini Miras\u0131\u201d [&hellip;]<\/p>\n","protected":false},"author":7,"featured_media":64058,"comment_status":"open","ping_status":"open","sticky":false,"template":"","format":"standard","meta":{"footnotes":""},"categories":[1],"tags":[],"class_list":["post-64057","post","type-post","status-publish","format-standard","has-post-thumbnail","hentry","category-haberler"],"yoast_head":"<!-- This site is optimized with the Yoast SEO plugin v27.4 - https:\/\/yoast.com\/product\/yoast-seo-wordpress\/ -->\n<title>\u201cK\u0131br\u0131s\u2019\u0131n Dini Miras\u0131\u201d web sitesi bug\u00fcn hizmete girdi - Bati Ermenistan Ve Bati Ermenileri Sorunlari Ara\u015ftirmalar Merkezi<\/title>\n<meta name=\"robots\" content=\"index, follow, max-snippet:-1, max-image-preview:large, max-video-preview:-1\" \/>\n<link rel=\"canonical\" href=\"https:\/\/akunq.net\/tr\/?p=64057\" \/>\n<meta property=\"og:locale\" content=\"en_US\" \/>\n<meta property=\"og:type\" content=\"article\" \/>\n<meta property=\"og:title\" content=\"\u201cK\u0131br\u0131s\u2019\u0131n Dini Miras\u0131\u201d web sitesi bug\u00fcn hizmete girdi - Bati Ermenistan Ve Bati Ermenileri Sorunlari Ara\u015ftirmalar Merkezi\" \/>\n<meta property=\"og:description\" content=\"\u0130sve\u00e7 B\u00fcy\u00fckel\u00e7ili\u011fi himayesinde K\u0131br\u0131s Bar\u0131\u015f S\u00fcrecinde Dini Yol (RTCYPP) Ofisi ile Alman vakf\u0131 FES K\u0131br\u0131s Ofisi\u2019nin i\u015f birli\u011finde ve sponsorlu\u011funda haz\u0131rlanan \u201cK\u0131br\u0131s\u2019\u0131n Dini Miras\u0131\u201d adl\u0131 web sitesi bug\u00fcn hizmete girdi.\u00a0 \u0130sve\u00e7 B\u00fcy\u00fckel\u00e7ili\u011fi himayesinde K\u0131br\u0131s Bar\u0131\u015f S\u00fcrecinde Dini Yol (RTCYPP) Ofisi ile Alman vakf\u0131 Friedrich-Ebert-Stiftung (FES) K\u0131br\u0131s Ofisi\u2019nin i\u015f birli\u011finde ve sponsorlu\u011funda haz\u0131rlanan \u201cK\u0131br\u0131s\u2019\u0131n Dini Miras\u0131\u201d [&hellip;]\" \/>\n<meta property=\"og:url\" content=\"https:\/\/akunq.net\/tr\/?p=64057\" \/>\n<meta property=\"og:site_name\" content=\"Bati Ermenistan Ve Bati Ermenileri Sorunlari Ara\u015ftirmalar Merkezi\" \/>\n<meta property=\"article:published_time\" content=\"2021-08-03T06:37:30+00:00\" \/>\n<meta property=\"og:image\" content=\"https:\/\/akunq.net\/tr\/wp-content\/uploads\/sites\/6\/2021\/08\/K\u0131br\u0131s\u2019\u0131n-Dini-Miras\u0131.png\" \/>\n\t<meta property=\"og:image:width\" content=\"795\" \/>\n\t<meta property=\"og:image:height\" content=\"479\" \/>\n\t<meta property=\"og:image:type\" content=\"image\/png\" \/>\n<meta name=\"author\" content=\"admin\" \/>\n<meta name=\"twitter:card\" content=\"summary_large_image\" \/>\n<meta name=\"twitter:label1\" content=\"Written by\" \/>\n\t<meta name=\"twitter:data1\" content=\"admin\" \/>\n\t<meta name=\"twitter:label2\" content=\"Est. reading time\" \/>\n\t<meta name=\"twitter:data2\" content=\"3 minutes\" \/>\n<script type=\"application\/ld+json\" class=\"yoast-schema-graph\">{\"@context\":\"https:\\\/\\\/schema.org\",\"@graph\":[{\"@type\":\"Article\",\"@id\":\"https:\\\/\\\/akunq.net\\\/tr\\\/?p=64057#article\",\"isPartOf\":{\"@id\":\"https:\\\/\\\/akunq.net\\\/tr\\\/?p=64057\"},\"author\":{\"name\":\"admin\",\"@id\":\"https:\\\/\\\/akunq.net\\\/tr\\\/#\\\/schema\\\/person\\\/096f1d38a12cce57fb855b485ed24c9e\"},\"headline\":\"\u201cK\u0131br\u0131s\u2019\u0131n Dini Miras\u0131\u201d web sitesi bug\u00fcn hizmete girdi\",\"datePublished\":\"2021-08-03T06:37:30+00:00\",\"mainEntityOfPage\":{\"@id\":\"https:\\\/\\\/akunq.net\\\/tr\\\/?p=64057\"},\"wordCount\":619,\"commentCount\":0,\"image\":{\"@id\":\"https:\\\/\\\/akunq.net\\\/tr\\\/?p=64057#primaryimage\"},\"thumbnailUrl\":\"https:\\\/\\\/akunq.net\\\/tr\\\/wp-content\\\/uploads\\\/sites\\\/6\\\/2021\\\/08\\\/K\u0131br\u0131s\u2019\u0131n-Dini-Miras\u0131.png\",\"articleSection\":[\"Haberler\"],\"inLanguage\":\"en-US\",\"potentialAction\":[{\"@type\":\"CommentAction\",\"name\":\"Comment\",\"target\":[\"https:\\\/\\\/akunq.net\\\/tr\\\/?p=64057#respond\"]}]},{\"@type\":\"WebPage\",\"@id\":\"https:\\\/\\\/akunq.net\\\/tr\\\/?p=64057\",\"url\":\"https:\\\/\\\/akunq.net\\\/tr\\\/?p=64057\",\"name\":\"\u201cK\u0131br\u0131s\u2019\u0131n Dini Miras\u0131\u201d web sitesi bug\u00fcn hizmete girdi - Bati Ermenistan Ve Bati Ermenileri Sorunlari Ara\u015ftirmalar Merkezi\",\"isPartOf\":{\"@id\":\"https:\\\/\\\/akunq.net\\\/tr\\\/#website\"},\"primaryImageOfPage\":{\"@id\":\"https:\\\/\\\/akunq.net\\\/tr\\\/?p=64057#primaryimage\"},\"image\":{\"@id\":\"https:\\\/\\\/akunq.net\\\/tr\\\/?p=64057#primaryimage\"},\"thumbnailUrl\":\"https:\\\/\\\/akunq.net\\\/tr\\\/wp-content\\\/uploads\\\/sites\\\/6\\\/2021\\\/08\\\/K\u0131br\u0131s\u2019\u0131n-Dini-Miras\u0131.png\",\"datePublished\":\"2021-08-03T06:37:30+00:00\",\"author\":{\"@id\":\"https:\\\/\\\/akunq.net\\\/tr\\\/#\\\/schema\\\/person\\\/096f1d38a12cce57fb855b485ed24c9e\"},\"breadcrumb\":{\"@id\":\"https:\\\/\\\/akunq.net\\\/tr\\\/?p=64057#breadcrumb\"},\"inLanguage\":\"en-US\",\"potentialAction\":[{\"@type\":\"ReadAction\",\"target\":[\"https:\\\/\\\/akunq.net\\\/tr\\\/?p=64057\"]}]},{\"@type\":\"ImageObject\",\"inLanguage\":\"en-US\",\"@id\":\"https:\\\/\\\/akunq.net\\\/tr\\\/?p=64057#primaryimage\",\"url\":\"https:\\\/\\\/akunq.net\\\/tr\\\/wp-content\\\/uploads\\\/sites\\\/6\\\/2021\\\/08\\\/K\u0131br\u0131s\u2019\u0131n-Dini-Miras\u0131.png\",\"contentUrl\":\"https:\\\/\\\/akunq.net\\\/tr\\\/wp-content\\\/uploads\\\/sites\\\/6\\\/2021\\\/08\\\/K\u0131br\u0131s\u2019\u0131n-Dini-Miras\u0131.png\",\"width\":795,\"height\":479},{\"@type\":\"BreadcrumbList\",\"@id\":\"https:\\\/\\\/akunq.net\\\/tr\\\/?p=64057#breadcrumb\",\"itemListElement\":[{\"@type\":\"ListItem\",\"position\":1,\"name\":\"Home\",\"item\":\"https:\\\/\\\/akunq.net\\\/tr\"},{\"@type\":\"ListItem\",\"position\":2,\"name\":\"\u201cK\u0131br\u0131s\u2019\u0131n Dini Miras\u0131\u201d web sitesi bug\u00fcn hizmete girdi\"}]},{\"@type\":\"WebSite\",\"@id\":\"https:\\\/\\\/akunq.net\\\/tr\\\/#website\",\"url\":\"https:\\\/\\\/akunq.net\\\/tr\\\/\",\"name\":\"Bati Ermenistan Ve Bati Ermenileri Sorunlari Ara\u015ftirmalar Merkezi\",\"description\":\"\",\"potentialAction\":[{\"@type\":\"SearchAction\",\"target\":{\"@type\":\"EntryPoint\",\"urlTemplate\":\"https:\\\/\\\/akunq.net\\\/tr\\\/?s={search_term_string}\"},\"query-input\":{\"@type\":\"PropertyValueSpecification\",\"valueRequired\":true,\"valueName\":\"search_term_string\"}}],\"inLanguage\":\"en-US\"},{\"@type\":\"Person\",\"@id\":\"https:\\\/\\\/akunq.net\\\/tr\\\/#\\\/schema\\\/person\\\/096f1d38a12cce57fb855b485ed24c9e\",\"name\":\"admin\",\"url\":\"https:\\\/\\\/akunq.net\\\/tr\\\/?author=7\"}]}<\/script>\n<!-- \/ Yoast SEO plugin. -->","yoast_head_json":{"title":"\u201cK\u0131br\u0131s\u2019\u0131n Dini Miras\u0131\u201d web sitesi bug\u00fcn hizmete girdi - Bati Ermenistan Ve Bati Ermenileri Sorunlari Ara\u015ftirmalar Merkezi","robots":{"index":"index","follow":"follow","max-snippet":"max-snippet:-1","max-image-preview":"max-image-preview:large","max-video-preview":"max-video-preview:-1"},"canonical":"https:\/\/akunq.net\/tr\/?p=64057","og_locale":"en_US","og_type":"article","og_title":"\u201cK\u0131br\u0131s\u2019\u0131n Dini Miras\u0131\u201d web sitesi bug\u00fcn hizmete girdi - Bati Ermenistan Ve Bati Ermenileri Sorunlari Ara\u015ftirmalar Merkezi","og_description":"\u0130sve\u00e7 B\u00fcy\u00fckel\u00e7ili\u011fi himayesinde K\u0131br\u0131s Bar\u0131\u015f S\u00fcrecinde Dini Yol (RTCYPP) Ofisi ile Alman vakf\u0131 FES K\u0131br\u0131s Ofisi\u2019nin i\u015f birli\u011finde ve sponsorlu\u011funda haz\u0131rlanan \u201cK\u0131br\u0131s\u2019\u0131n Dini Miras\u0131\u201d adl\u0131 web sitesi bug\u00fcn hizmete girdi.\u00a0 \u0130sve\u00e7 B\u00fcy\u00fckel\u00e7ili\u011fi himayesinde K\u0131br\u0131s Bar\u0131\u015f S\u00fcrecinde Dini Yol (RTCYPP) Ofisi ile Alman vakf\u0131 Friedrich-Ebert-Stiftung (FES) K\u0131br\u0131s Ofisi\u2019nin i\u015f birli\u011finde ve sponsorlu\u011funda haz\u0131rlanan \u201cK\u0131br\u0131s\u2019\u0131n Dini Miras\u0131\u201d [&hellip;]","og_url":"https:\/\/akunq.net\/tr\/?p=64057","og_site_name":"Bati Ermenistan Ve Bati Ermenileri Sorunlari Ara\u015ftirmalar Merkezi","article_published_time":"2021-08-03T06:37:30+00:00","og_image":[{"width":795,"height":479,"url":"https:\/\/akunq.net\/tr\/wp-content\/uploads\/sites\/6\/2021\/08\/K\u0131br\u0131s\u2019\u0131n-Dini-Miras\u0131.png","type":"image\/png"}],"author":"admin","twitter_card":"summary_large_image","twitter_misc":{"Written by":"admin","Est. reading time":"3 minutes"},"schema":{"@context":"https:\/\/schema.org","@graph":[{"@type":"Article","@id":"https:\/\/akunq.net\/tr\/?p=64057#article","isPartOf":{"@id":"https:\/\/akunq.net\/tr\/?p=64057"},"author":{"name":"admin","@id":"https:\/\/akunq.net\/tr\/#\/schema\/person\/096f1d38a12cce57fb855b485ed24c9e"},"headline":"\u201cK\u0131br\u0131s\u2019\u0131n Dini Miras\u0131\u201d web sitesi bug\u00fcn hizmete girdi","datePublished":"2021-08-03T06:37:30+00:00","mainEntityOfPage":{"@id":"https:\/\/akunq.net\/tr\/?p=64057"},"wordCount":619,"commentCount":0,"image":{"@id":"https:\/\/akunq.net\/tr\/?p=64057#primaryimage"},"thumbnailUrl":"https:\/\/akunq.net\/tr\/wp-content\/uploads\/sites\/6\/2021\/08\/K\u0131br\u0131s\u2019\u0131n-Dini-Miras\u0131.png","articleSection":["Haberler"],"inLanguage":"en-US","potentialAction":[{"@type":"CommentAction","name":"Comment","target":["https:\/\/akunq.net\/tr\/?p=64057#respond"]}]},{"@type":"WebPage","@id":"https:\/\/akunq.net\/tr\/?p=64057","url":"https:\/\/akunq.net\/tr\/?p=64057","name":"\u201cK\u0131br\u0131s\u2019\u0131n Dini Miras\u0131\u201d web sitesi bug\u00fcn hizmete girdi - Bati Ermenistan Ve Bati Ermenileri Sorunlari Ara\u015ftirmalar Merkezi","isPartOf":{"@id":"https:\/\/akunq.net\/tr\/#website"},"primaryImageOfPage":{"@id":"https:\/\/akunq.net\/tr\/?p=64057#primaryimage"},"image":{"@id":"https:\/\/akunq.net\/tr\/?p=64057#primaryimage"},"thumbnailUrl":"https:\/\/akunq.net\/tr\/wp-content\/uploads\/sites\/6\/2021\/08\/K\u0131br\u0131s\u2019\u0131n-Dini-Miras\u0131.png","datePublished":"2021-08-03T06:37:30+00:00","author":{"@id":"https:\/\/akunq.net\/tr\/#\/schema\/person\/096f1d38a12cce57fb855b485ed24c9e"},"breadcrumb":{"@id":"https:\/\/akunq.net\/tr\/?p=64057#breadcrumb"},"inLanguage":"en-US","potentialAction":[{"@type":"ReadAction","target":["https:\/\/akunq.net\/tr\/?p=64057"]}]},{"@type":"ImageObject","inLanguage":"en-US","@id":"https:\/\/akunq.net\/tr\/?p=64057#primaryimage","url":"https:\/\/akunq.net\/tr\/wp-content\/uploads\/sites\/6\/2021\/08\/K\u0131br\u0131s\u2019\u0131n-Dini-Miras\u0131.png","contentUrl":"https:\/\/akunq.net\/tr\/wp-content\/uploads\/sites\/6\/2021\/08\/K\u0131br\u0131s\u2019\u0131n-Dini-Miras\u0131.png","width":795,"height":479},{"@type":"BreadcrumbList","@id":"https:\/\/akunq.net\/tr\/?p=64057#breadcrumb","itemListElement":[{"@type":"ListItem","position":1,"name":"Home","item":"https:\/\/akunq.net\/tr"},{"@type":"ListItem","position":2,"name":"\u201cK\u0131br\u0131s\u2019\u0131n Dini Miras\u0131\u201d web sitesi bug\u00fcn hizmete girdi"}]},{"@type":"WebSite","@id":"https:\/\/akunq.net\/tr\/#website","url":"https:\/\/akunq.net\/tr\/","name":"Bati Ermenistan Ve Bati Ermenileri Sorunlari Ara\u015ftirmalar Merkezi","description":"","potentialAction":[{"@type":"SearchAction","target":{"@type":"EntryPoint","urlTemplate":"https:\/\/akunq.net\/tr\/?s={search_term_string}"},"query-input":{"@type":"PropertyValueSpecification","valueRequired":true,"valueName":"search_term_string"}}],"inLanguage":"en-US"},{"@type":"Person","@id":"https:\/\/akunq.net\/tr\/#\/schema\/person\/096f1d38a12cce57fb855b485ed24c9e","name":"admin","url":"https:\/\/akunq.net\/tr\/?author=7"}]}},"_links":{"self":[{"href":"https:\/\/akunq.net\/tr\/index.php?rest_route=\/wp\/v2\/posts\/64057","targetHints":{"allow":["GET"]}}],"collection":[{"href":"https:\/\/akunq.net\/tr\/index.php?rest_route=\/wp\/v2\/posts"}],"about":[{"href":"https:\/\/akunq.net\/tr\/index.php?rest_route=\/wp\/v2\/types\/post"}],"author":[{"embeddable":true,"href":"https:\/\/akunq.net\/tr\/index.php?rest_route=\/wp\/v2\/users\/7"}],"replies":[{"embeddable":true,"href":"https:\/\/akunq.net\/tr\/index.php?rest_route=%2Fwp%2Fv2%2Fcomments&post=64057"}],"version-history":[{"count":1,"href":"https:\/\/akunq.net\/tr\/index.php?rest_route=\/wp\/v2\/posts\/64057\/revisions"}],"predecessor-version":[{"id":64059,"href":"https:\/\/akunq.net\/tr\/index.php?rest_route=\/wp\/v2\/posts\/64057\/revisions\/64059"}],"wp:featuredmedia":[{"embeddable":true,"href":"https:\/\/akunq.net\/tr\/index.php?rest_route=\/wp\/v2\/media\/64058"}],"wp:attachment":[{"href":"https:\/\/akunq.net\/tr\/index.php?rest_route=%2Fwp%2Fv2%2Fmedia&parent=64057"}],"wp:term":[{"taxonomy":"category","embeddable":true,"href":"https:\/\/akunq.net\/tr\/index.php?rest_route=%2Fwp%2Fv2%2Fcategories&post=64057"},{"taxonomy":"post_tag","embeddable":true,"href":"https:\/\/akunq.net\/tr\/index.php?rest_route=%2Fwp%2Fv2%2Ftags&post=64057"}],"curies":[{"name":"wp","href":"https:\/\/api.w.org\/{rel}","templated":true}]}}